{"id":18690087,"date":"2026-04-26T07:28:32","date_gmt":"2026-04-26T06:28:32","guid":{"rendered":"https:\/\/kapitalis.com\/tunisie\/?p=18690087"},"modified":"2026-04-26T07:29:45","modified_gmt":"2026-04-26T06:29:45","slug":"salah-el-gharbi-publie-letau-son-6e-roman","status":"publish","type":"post","link":"https:\/\/kapitalis.com\/tunisie\/2026\/04\/26\/salah-el-gharbi-publie-letau-son-6e-roman\/","title":{"rendered":"Salah El Gharbi publie \u2018\u2018L\u2019Etau\u2019\u2019, son 6e roman"},"content":{"rendered":"\n<p><strong><em>Salah El Gharbi, romancier et essayiste, vient de publier chez Contraste \u00e9ditions, \u00e0 Tunis (mars 2026, 184 pages), \u2018\u2018L\u2019\u00c9tau\u2019\u2019, son septi\u00e8me roman, o\u00f9 il plonge le lecteur dans l\u2019univers inqui\u00e9tant de Bassam, un vieil \u00e9crivain pourchass\u00e9 et pers\u00e9cut\u00e9 par une force occulte cherchant, f\u00e9brilement, \u00e0 le museler.<\/em><\/strong><\/p>\n\n\n\n<!--more-->\n\n\n\n<p>Dans cette atmosph\u00e8re tendue, min\u00e9e par une menace permanente, l\u2019impitoyable <em>\u00abMachine\u00bb<\/em>, au pouvoir tentaculaire, est donn\u00e9e \u00e0 voir, elle-aussi, en d\u00e9sarroi, prise au pi\u00e8ge de son propre dessein.<\/p>\n\n\n\n<p><em>\u2018\u2018L\u2019\u00c9tau\u2019\u2019<\/em>, c\u2019est aussi, l\u2019histoire de Najla, cette jeune femme qui se d\u00e9bat, ardemment et d\u00e9sesp\u00e9r\u00e9ment, \u00e0 la recherche d\u2019une existence, \u00e0 la fois paisible et exalt\u00e9e.<\/p>\n\n\n\n<p>Ainsi, \u00e0 travers un jeu subtil, le r\u00e9cit met en sc\u00e8ne les deux personnages principaux du roman, et nous retrace le parcours de ces deux destin\u00e9es frustr\u00e9es, \u00e9prouv\u00e9es par la vie, en qu\u00eate de s\u00e9r\u00e9nit\u00e9 et d\u2019\u00e9quilibre dans un monde brutal et incertain.<\/p>\n\n\n\n<p>Les deux premiers romans de l\u2019auteur, <em>\u2018\u2018Perditions\u2019\u2019<\/em> a re\u00e7u le Prix Comar du Premier roman en 2004 et<em> \u2018\u2018Et quand mes nuits se souviennent\u2019\u2019<\/em> le Prix sp\u00e9cial du jury Comar 2007.<\/p>\n","protected":false},"excerpt":{"rendered":"<p>Salah El Gharbi, romancier et essayiste, vient de publier chez Contraste \u00e9ditions, \u00e0 Tunis, \u2018\u2018L\u2019\u00c9tau\u2019\u2019, son septi\u00e8me roman. <\/p>\n","protected":false},"author":8,"featured_media":18690141,"comment_status":"open","ping_status":"open","sticky":false,"template":"","format":"standard","meta":{"footnotes":""},"categories":[994,2433],"tags":[93037,5815,87740],"class_list":["post-18690087","post","type-post","status-publish","format-standard","has-post-thumbnail","hentry","category-culture","category-tunisie","tag-prix-comar","tag-roman","tag-salah-el-gharbi"],"yoast_head":"<!-- This site is optimized with the Yoast SEO plugin v26.6 - https:\/\/yoast.com\/wordpress\/plugins\/seo\/ -->\n<title>Salah El Gharbi publie \u2018\u2018L\u2019Etau\u2019\u2019, son 6e roman - Kapitalis<\/title>\n<meta name=\"description\" content=\"Salah El Gharbi, romancier et essayiste, vient de publier chez Contraste \u00e9ditions, \u00e0 Tunis, \u2018\u2018L\u2019\u00c9tau\u2019\u2019, son septi\u00e8me roman.\" \/>\n<meta name=\"robots\" content=\"index, follow, max-snippet:-1, max-image-preview:large, max-video-preview:-1\" \/>\n<link rel=\"canonical\" href=\"https:\/\/kapitalis.com\/tunisie\/2026\/04\/26\/salah-el-gharbi-publie-letau-son-6e-roman\/\" \/>\n<meta property=\"og:locale\" content=\"fr_FR\" \/>\n<meta property=\"og:type\" content=\"article\" \/>\n<meta property=\"og:title\" content=\"Salah El Gharbi publie \u2018\u2018L\u2019Etau\u2019\u2019, son 6e roman - Kapitalis\" \/>\n<meta property=\"og:description\" content=\"Salah El Gharbi, romancier et essayiste, vient de publier chez Contraste \u00e9ditions, \u00e0 Tunis, \u2018\u2018L\u2019\u00c9tau\u2019\u2019, son septi\u00e8me roman.\" \/>\n<meta property=\"og:url\" content=\"https:\/\/kapitalis.com\/tunisie\/2026\/04\/26\/salah-el-gharbi-publie-letau-son-6e-roman\/\" \/>\n<meta property=\"og:site_name\" content=\"Kapitalis\" \/>\n<meta property=\"article:publisher\" content=\"https:\/\/www.facebook.com\/KapitalisInfo\/\" \/>\n<meta property=\"article:published_time\" content=\"2026-04-26T06:28:32+00:00\" \/>\n<meta property=\"article:modified_time\" content=\"2026-04-26T06:29:45+00:00\" \/>\n<meta property=\"og:image\" content=\"https:\/\/kapitalis.com\/tunisie\/wp-content\/uploads\/2026\/04\/Slah-El-Grabi-Etau.jpg\" \/>\n\t<meta property=\"og:image:width\" content=\"1200\" \/>\n\t<meta property=\"og:image:height\" content=\"630\" \/>\n\t<meta property=\"og:image:type\" content=\"image\/jpeg\" \/>\n<meta name=\"author\" content=\"webmaster kapitalis\" \/>\n<meta name=\"twitter:card\" content=\"summary_large_image\" \/>\n<meta name=\"twitter:creator\" content=\"@KapitalisInfo\" \/>\n<meta name=\"twitter:site\" content=\"@KapitalisInfo\" \/>\n<meta name=\"twitter:label1\" content=\"\u00c9crit par\" \/>\n\t<meta name=\"twitter:data1\" content=\"webmaster kapitalis\" \/>\n\t<meta name=\"twitter:label2\" content=\"Dur\u00e9e de lecture estim\u00e9e\" \/>\n\t<meta name=\"twitter:data2\" content=\"2 minutes\" \/>\n<script type=\"application\/ld+json\" class=\"yoast-schema-graph\">{\"@context\":\"https:\/\/schema.org\",\"@graph\":[{\"@type\":\"Article\",\"@id\":\"https:\/\/kapitalis.com\/tunisie\/2026\/04\/26\/salah-el-gharbi-publie-letau-son-6e-roman\/#article\",\"isPartOf\":{\"@id\":\"https:\/\/kapitalis.com\/tunisie\/2026\/04\/26\/salah-el-gharbi-publie-letau-son-6e-roman\/\"},\"author\":{\"name\":\"webmaster kapitalis\",\"@id\":\"https:\/\/kapitalis.com\/tunisie\/#\/schema\/person\/d71f33a9ca44f7bad4698210b480c8e9\"},\"headline\":\"Salah El Gharbi publie \u2018\u2018L\u2019Etau\u2019\u2019, son 6e roman\",\"datePublished\":\"2026-04-26T06:28:32+00:00\",\"dateModified\":\"2026-04-26T06:29:45+00:00\",\"mainEntityOfPage\":{\"@id\":\"https:\/\/kapitalis.com\/tunisie\/2026\/04\/26\/salah-el-gharbi-publie-letau-son-6e-roman\/\"},\"wordCount\":207,\"commentCount\":0,\"publisher\":{\"@id\":\"https:\/\/kapitalis.com\/tunisie\/#organization\"},\"image\":{\"@id\":\"https:\/\/kapitalis.com\/tunisie\/2026\/04\/26\/salah-el-gharbi-publie-letau-son-6e-roman\/#primaryimage\"},\"thumbnailUrl\":\"https:\/\/kapitalis.com\/tunisie\/wp-content\/uploads\/2026\/04\/Slah-El-Grabi-Etau.jpg\",\"keywords\":[\"Prix Comar\",\"roman\",\"Salah El Gharbi\"],\"articleSection\":[\"CULTURE\",\"Tunisie\"],\"inLanguage\":\"fr-FR\",\"potentialAction\":[{\"@type\":\"CommentAction\",\"name\":\"Comment\",\"target\":[\"https:\/\/kapitalis.com\/tunisie\/2026\/04\/26\/salah-el-gharbi-publie-letau-son-6e-roman\/#respond\"]}]},{\"@type\":\"WebPage\",\"@id\":\"https:\/\/kapitalis.com\/tunisie\/2026\/04\/26\/salah-el-gharbi-publie-letau-son-6e-roman\/\",\"url\":\"https:\/\/kapitalis.com\/tunisie\/2026\/04\/26\/salah-el-gharbi-publie-letau-son-6e-roman\/\",\"name\":\"Salah El Gharbi publie \u2018\u2018L\u2019Etau\u2019\u2019, son 6e roman - Kapitalis\",\"isPartOf\":{\"@id\":\"https:\/\/kapitalis.com\/tunisie\/#website\"},\"primaryImageOfPage\":{\"@id\":\"https:\/\/kapitalis.com\/tunisie\/2026\/04\/26\/salah-el-gharbi-publie-letau-son-6e-roman\/#primaryimage\"},\"image\":{\"@id\":\"https:\/\/kapitalis.com\/tunisie\/2026\/04\/26\/salah-el-gharbi-publie-letau-son-6e-roman\/#primaryimage\"},\"thumbnailUrl\":\"https:\/\/kapitalis.com\/tunisie\/wp-content\/uploads\/2026\/04\/Slah-El-Grabi-Etau.jpg\",\"datePublished\":\"2026-04-26T06:28:32+00:00\",\"dateModified\":\"2026-04-26T06:29:45+00:00\",\"description\":\"Salah El Gharbi, romancier et essayiste, vient de publier chez Contraste \u00e9ditions, \u00e0 Tunis, \u2018\u2018L\u2019\u00c9tau\u2019\u2019, son septi\u00e8me roman.\",\"breadcrumb\":{\"@id\":\"https:\/\/kapitalis.com\/tunisie\/2026\/04\/26\/salah-el-gharbi-publie-letau-son-6e-roman\/#breadcrumb\"},\"inLanguage\":\"fr-FR\",\"potentialAction\":[{\"@type\":\"ReadAction\",\"target\":[\"https:\/\/kapitalis.com\/tunisie\/2026\/04\/26\/salah-el-gharbi-publie-letau-son-6e-roman\/\"]}]},{\"@type\":\"ImageObject\",\"inLanguage\":\"fr-FR\",\"@id\":\"https:\/\/kapitalis.com\/tunisie\/2026\/04\/26\/salah-el-gharbi-publie-letau-son-6e-roman\/#primaryimage\",\"url\":\"https:\/\/kapitalis.com\/tunisie\/wp-content\/uploads\/2026\/04\/Slah-El-Grabi-Etau.jpg\",\"contentUrl\":\"https:\/\/kapitalis.com\/tunisie\/wp-content\/uploads\/2026\/04\/Slah-El-Grabi-Etau.jpg\",\"width\":1200,\"height\":630},{\"@type\":\"BreadcrumbList\",\"@id\":\"https:\/\/kapitalis.com\/tunisie\/2026\/04\/26\/salah-el-gharbi-publie-letau-son-6e-roman\/#breadcrumb\",\"itemListElement\":[{\"@type\":\"ListItem\",\"position\":1,\"name\":\"Accueil\",\"item\":\"https:\/\/kapitalis.com\/tunisie\/\"},{\"@type\":\"ListItem\",\"position\":2,\"name\":\"Salah El Gharbi publie \u2018\u2018L\u2019Etau\u2019\u2019, son 6e roman\"}]},{\"@type\":\"WebSite\",\"@id\":\"https:\/\/kapitalis.com\/tunisie\/#website\",\"url\":\"https:\/\/kapitalis.com\/tunisie\/\",\"name\":\"Kapitalis\",\"description\":\"L&#039;actualit\u00e9 en Tunisie et dans le monde\",\"publisher\":{\"@id\":\"https:\/\/kapitalis.com\/tunisie\/#organization\"},\"potentialAction\":[{\"@type\":\"SearchAction\",\"target\":{\"@type\":\"EntryPoint\",\"urlTemplate\":\"https:\/\/kapitalis.com\/tunisie\/?s={search_term_string}\"},\"query-input\":{\"@type\":\"PropertyValueSpecification\",\"valueRequired\":true,\"valueName\":\"search_term_string\"}}],\"inLanguage\":\"fr-FR\"},{\"@type\":\"Organization\",\"@id\":\"https:\/\/kapitalis.com\/tunisie\/#organization\",\"name\":\"Kapitalis\",\"url\":\"https:\/\/kapitalis.com\/tunisie\/\",\"logo\":{\"@type\":\"ImageObject\",\"inLanguage\":\"fr-FR\",\"@id\":\"https:\/\/kapitalis.com\/tunisie\/#\/schema\/logo\/image\/\",\"url\":\"https:\/\/kapitalis.com\/tunisie\/wp-content\/uploads\/2022\/05\/Kapitalis-big-size.png\",\"contentUrl\":\"https:\/\/kapitalis.com\/tunisie\/wp-content\/uploads\/2022\/05\/Kapitalis-big-size.png\",\"width\":5000,\"height\":1500,\"caption\":\"Kapitalis\"},\"image\":{\"@id\":\"https:\/\/kapitalis.com\/tunisie\/#\/schema\/logo\/image\/\"},\"sameAs\":[\"https:\/\/www.facebook.com\/KapitalisInfo\/\",\"https:\/\/x.com\/KapitalisInfo\",\"https:\/\/www.youtube.com\/channel\/UC-yDYrHyfFBWWZaOw3FPg9Q\"]},{\"@type\":\"Person\",\"@id\":\"https:\/\/kapitalis.com\/tunisie\/#\/schema\/person\/d71f33a9ca44f7bad4698210b480c8e9\",\"name\":\"webmaster kapitalis\",\"url\":\"https:\/\/kapitalis.com\/tunisie\/author\/webmaster-kapitalis\/\"}]}<\/script>\n<!-- \/ Yoast SEO plugin. -->","yoast_head_json":{"title":"Salah El Gharbi publie \u2018\u2018L\u2019Etau\u2019\u2019, son 6e roman - Kapitalis","description":"Salah El Gharbi, romancier et essayiste, vient de publier chez Contraste \u00e9ditions, \u00e0 Tunis, \u2018\u2018L\u2019\u00c9tau\u2019\u2019, son septi\u00e8me roman.","robots":{"index":"index","follow":"follow","max-snippet":"max-snippet:-1","max-image-preview":"max-image-preview:large","max-video-preview":"max-video-preview:-1"},"canonical":"https:\/\/kapitalis.com\/tunisie\/2026\/04\/26\/salah-el-gharbi-publie-letau-son-6e-roman\/","og_locale":"fr_FR","og_type":"article","og_title":"Salah El Gharbi publie \u2018\u2018L\u2019Etau\u2019\u2019, son 6e roman - Kapitalis","og_description":"Salah El Gharbi, romancier et essayiste, vient de publier chez Contraste \u00e9ditions, \u00e0 Tunis, \u2018\u2018L\u2019\u00c9tau\u2019\u2019, son septi\u00e8me roman.","og_url":"https:\/\/kapitalis.com\/tunisie\/2026\/04\/26\/salah-el-gharbi-publie-letau-son-6e-roman\/","og_site_name":"Kapitalis","article_publisher":"https:\/\/www.facebook.com\/KapitalisInfo\/","article_published_time":"2026-04-26T06:28:32+00:00","article_modified_time":"2026-04-26T06:29:45+00:00","og_image":[{"width":1200,"height":630,"url":"https:\/\/kapitalis.com\/tunisie\/wp-content\/uploads\/2026\/04\/Slah-El-Grabi-Etau.jpg","type":"image\/jpeg"}],"author":"webmaster kapitalis","twitter_card":"summary_large_image","twitter_creator":"@KapitalisInfo","twitter_site":"@KapitalisInfo","twitter_misc":{"\u00c9crit par":"webmaster kapitalis","Dur\u00e9e de lecture estim\u00e9e":"2 minutes"},"schema":{"@context":"https:\/\/schema.org","@graph":[{"@type":"Article","@id":"https:\/\/kapitalis.com\/tunisie\/2026\/04\/26\/salah-el-gharbi-publie-letau-son-6e-roman\/#article","isPartOf":{"@id":"https:\/\/kapitalis.com\/tunisie\/2026\/04\/26\/salah-el-gharbi-publie-letau-son-6e-roman\/"},"author":{"name":"webmaster kapitalis","@id":"https:\/\/kapitalis.com\/tunisie\/#\/schema\/person\/d71f33a9ca44f7bad4698210b480c8e9"},"headline":"Salah El Gharbi publie \u2018\u2018L\u2019Etau\u2019\u2019, son 6e roman","datePublished":"2026-04-26T06:28:32+00:00","dateModified":"2026-04-26T06:29:45+00:00","mainEntityOfPage":{"@id":"https:\/\/kapitalis.com\/tunisie\/2026\/04\/26\/salah-el-gharbi-publie-letau-son-6e-roman\/"},"wordCount":207,"commentCount":0,"publisher":{"@id":"https:\/\/kapitalis.com\/tunisie\/#organization"},"image":{"@id":"https:\/\/kapitalis.com\/tunisie\/2026\/04\/26\/salah-el-gharbi-publie-letau-son-6e-roman\/#primaryimage"},"thumbnailUrl":"https:\/\/kapitalis.com\/tunisie\/wp-content\/uploads\/2026\/04\/Slah-El-Grabi-Etau.jpg","keywords":["Prix Comar","roman","Salah El Gharbi"],"articleSection":["CULTURE","Tunisie"],"inLanguage":"fr-FR","potentialAction":[{"@type":"CommentAction","name":"Comment","target":["https:\/\/kapitalis.com\/tunisie\/2026\/04\/26\/salah-el-gharbi-publie-letau-son-6e-roman\/#respond"]}]},{"@type":"WebPage","@id":"https:\/\/kapitalis.com\/tunisie\/2026\/04\/26\/salah-el-gharbi-publie-letau-son-6e-roman\/","url":"https:\/\/kapitalis.com\/tunisie\/2026\/04\/26\/salah-el-gharbi-publie-letau-son-6e-roman\/","name":"Salah El Gharbi publie \u2018\u2018L\u2019Etau\u2019\u2019, son 6e roman - Kapitalis","isPartOf":{"@id":"https:\/\/kapitalis.com\/tunisie\/#website"},"primaryImageOfPage":{"@id":"https:\/\/kapitalis.com\/tunisie\/2026\/04\/26\/salah-el-gharbi-publie-letau-son-6e-roman\/#primaryimage"},"image":{"@id":"https:\/\/kapitalis.com\/tunisie\/2026\/04\/26\/salah-el-gharbi-publie-letau-son-6e-roman\/#primaryimage"},"thumbnailUrl":"https:\/\/kapitalis.com\/tunisie\/wp-content\/uploads\/2026\/04\/Slah-El-Grabi-Etau.jpg","datePublished":"2026-04-26T06:28:32+00:00","dateModified":"2026-04-26T06:29:45+00:00","description":"Salah El Gharbi, romancier et essayiste, vient de publier chez Contraste \u00e9ditions, \u00e0 Tunis, \u2018\u2018L\u2019\u00c9tau\u2019\u2019, son septi\u00e8me roman.","breadcrumb":{"@id":"https:\/\/kapitalis.com\/tunisie\/2026\/04\/26\/salah-el-gharbi-publie-letau-son-6e-roman\/#breadcrumb"},"inLanguage":"fr-FR","potentialAction":[{"@type":"ReadAction","target":["https:\/\/kapitalis.com\/tunisie\/2026\/04\/26\/salah-el-gharbi-publie-letau-son-6e-roman\/"]}]},{"@type":"ImageObject","inLanguage":"fr-FR","@id":"https:\/\/kapitalis.com\/tunisie\/2026\/04\/26\/salah-el-gharbi-publie-letau-son-6e-roman\/#primaryimage","url":"https:\/\/kapitalis.com\/tunisie\/wp-content\/uploads\/2026\/04\/Slah-El-Grabi-Etau.jpg","contentUrl":"https:\/\/kapitalis.com\/tunisie\/wp-content\/uploads\/2026\/04\/Slah-El-Grabi-Etau.jpg","width":1200,"height":630},{"@type":"BreadcrumbList","@id":"https:\/\/kapitalis.com\/tunisie\/2026\/04\/26\/salah-el-gharbi-publie-letau-son-6e-roman\/#breadcrumb","itemListElement":[{"@type":"ListItem","position":1,"name":"Accueil","item":"https:\/\/kapitalis.com\/tunisie\/"},{"@type":"ListItem","position":2,"name":"Salah El Gharbi publie \u2018\u2018L\u2019Etau\u2019\u2019, son 6e roman"}]},{"@type":"WebSite","@id":"https:\/\/kapitalis.com\/tunisie\/#website","url":"https:\/\/kapitalis.com\/tunisie\/","name":"Kapitalis","description":"L&#039;actualit\u00e9 en Tunisie et dans le monde","publisher":{"@id":"https:\/\/kapitalis.com\/tunisie\/#organization"},"potentialAction":[{"@type":"SearchAction","target":{"@type":"EntryPoint","urlTemplate":"https:\/\/kapitalis.com\/tunisie\/?s={search_term_string}"},"query-input":{"@type":"PropertyValueSpecification","valueRequired":true,"valueName":"search_term_string"}}],"inLanguage":"fr-FR"},{"@type":"Organization","@id":"https:\/\/kapitalis.com\/tunisie\/#organization","name":"Kapitalis","url":"https:\/\/kapitalis.com\/tunisie\/","logo":{"@type":"ImageObject","inLanguage":"fr-FR","@id":"https:\/\/kapitalis.com\/tunisie\/#\/schema\/logo\/image\/","url":"https:\/\/kapitalis.com\/tunisie\/wp-content\/uploads\/2022\/05\/Kapitalis-big-size.png","contentUrl":"https:\/\/kapitalis.com\/tunisie\/wp-content\/uploads\/2022\/05\/Kapitalis-big-size.png","width":5000,"height":1500,"caption":"Kapitalis"},"image":{"@id":"https:\/\/kapitalis.com\/tunisie\/#\/schema\/logo\/image\/"},"sameAs":["https:\/\/www.facebook.com\/KapitalisInfo\/","https:\/\/x.com\/KapitalisInfo","https:\/\/www.youtube.com\/channel\/UC-yDYrHyfFBWWZaOw3FPg9Q"]},{"@type":"Person","@id":"https:\/\/kapitalis.com\/tunisie\/#\/schema\/person\/d71f33a9ca44f7bad4698210b480c8e9","name":"webmaster kapitalis","url":"https:\/\/kapitalis.com\/tunisie\/author\/webmaster-kapitalis\/"}]}},"_links":{"self":[{"href":"https:\/\/kapitalis.com\/tunisie\/wp-json\/wp\/v2\/posts\/18690087","targetHints":{"allow":["GET"]}}],"collection":[{"href":"https:\/\/kapitalis.com\/tunisie\/wp-json\/wp\/v2\/posts"}],"about":[{"href":"https:\/\/kapitalis.com\/tunisie\/wp-json\/wp\/v2\/types\/post"}],"author":[{"embeddable":true,"href":"https:\/\/kapitalis.com\/tunisie\/wp-json\/wp\/v2\/users\/8"}],"replies":[{"embeddable":true,"href":"https:\/\/kapitalis.com\/tunisie\/wp-json\/wp\/v2\/comments?post=18690087"}],"version-history":[{"count":1,"href":"https:\/\/kapitalis.com\/tunisie\/wp-json\/wp\/v2\/posts\/18690087\/revisions"}],"predecessor-version":[{"id":18690148,"href":"https:\/\/kapitalis.com\/tunisie\/wp-json\/wp\/v2\/posts\/18690087\/revisions\/18690148"}],"wp:featuredmedia":[{"embeddable":true,"href":"https:\/\/kapitalis.com\/tunisie\/wp-json\/wp\/v2\/media\/18690141"}],"wp:attachment":[{"href":"https:\/\/kapitalis.com\/tunisie\/wp-json\/wp\/v2\/media?parent=18690087"}],"wp:term":[{"taxonomy":"category","embeddable":true,"href":"https:\/\/kapitalis.com\/tunisie\/wp-json\/wp\/v2\/categories?post=18690087"},{"taxonomy":"post_tag","embeddable":true,"href":"https:\/\/kapitalis.com\/tunisie\/wp-json\/wp\/v2\/tags?post=18690087"}],"curies":[{"name":"wp","href":"https:\/\/api.w.org\/{rel}","templated":true}]}}