{"id":18690706,"date":"2026-04-26T09:14:05","date_gmt":"2026-04-26T08:14:05","guid":{"rendered":"https:\/\/kapitalis.com\/tunisie\/?p=18690706"},"modified":"2026-04-26T09:14:06","modified_gmt":"2026-04-26T08:14:06","slug":"tunisie-le-crldht-denonce-une-derive-inquietante","status":"publish","type":"post","link":"https:\/\/kapitalis.com\/tunisie\/2026\/04\/26\/tunisie-le-crldht-denonce-une-derive-inquietante\/","title":{"rendered":"Tunisie | Le CRLDHT d\u00e9nonce une \u00abd\u00e9rive inqui\u00e9tante\u00bb"},"content":{"rendered":"\n<p><strong><em>Dans un <a href=\"https:\/\/crldht.com\/tunisie-un-climat-de-repression-croissante-contre-journalistes-opposants-et-societe-civile\/?fbclid=IwY2xjawRaBDtleHRuA2FlbQIxMQBzcnRjBmFwcF9pZBAyMjIwMzkxNzg4MjAwODkyAAEeUWpNA0lUHb3FsMt7hs2QCQbM2nGqTRLOJ6imBPOU0oJ-BrV_jVM-TKB0b-k_aem_C4dQJGA0iOkiTJcXl7ZUNw\" target=\"_blank\" rel=\"noreferrer noopener\">communiqu\u00e9<\/a> publi\u00e9 samedi 25 avril 2026, le Centre pour e respect des libert\u00e9s et des droits de l\u2019homme en Tunisie (CRLDHT) parle d\u2019une \u00abd\u00e9rive inqui\u00e9tante et assum\u00e9e\u00bb qui \u00abse confirme jour apr\u00e8s jour, marqu\u00e9e par la multiplication des poursuites judiciaires, la r\u00e9pression des voix critiques et la d\u00e9gradation alarmante des conditions de d\u00e9tention de figures politiques, m\u00e9diatiques et de la soci\u00e9t\u00e9 civile.\u00bb<\/em><\/strong><\/p>\n\n\n\n<!--more-->\n\n\n\n<p>L\u2019Ong tunisienne bas\u00e9e \u00e0 Paris parle d\u2019un <em>\u00abclimat de r\u00e9pression croissante contre journalistes, opposants et soci\u00e9t\u00e9 civile\u00bb<\/em> et passeen revue les derniers faits enregistr\u00e9s la semaine \u00e9coul\u00e9e en lien avec les droits humains en Tunisie, notamment la suspension de la Ligue tunisienne de d\u00e9fense des droits de l\u2019Homme (LTDH) pour un mois, les<em> \u00abpressions accrues sur les associations\u00bb, <\/em>notamment le Forum tunisien des droits \u00e9conomiques et sociaux (FTDES) et Al-Khat, \u00e9ditrice du webzine<em> Inkyfada; <\/em>le journaliste Zied Heni plac\u00e9 en d\u00e9tention <em>\u00abpour une opinion critique sur les r\u00e9seaux sociaux\u00bb<\/em>; Jawhar Ben Mbarek au 28<sup>e<\/sup> jour de gr\u00e8ve de la faim en prison; l\u2019\u00e9tat de sant\u00e9 pr\u00e9occupant de Cha\u00efma Issa, \u00e9galement en prison; l\u2019ex-b\u00e2tonnier Chawki Tabib incarc\u00e9r\u00e9 et Sihem Ben Sedrine, l\u2019ex-pr\u00e9sident de l\u2019Instance V\u00e9rit\u00e9 et dignit\u00e9 (IVD) menac\u00e9e de d\u00e9tention<strong><em>. &nbsp;<\/em><\/strong><\/p>\n\n\n\n<p>Ces cas ne sont pas isol\u00e9s et s\u2019inscrivent dans <em>\u00abune offensive plus large contre la libert\u00e9 de la presse et les m\u00e9dias ind\u00e9pendants\u00bb<\/em>, souligne encore le CRLDHT, qui \u00e9voque, \u00e9galement, <em>\u00abla situation des d\u00e9tenus politiques atteint un niveau alarmant\u00bb<\/em>, notamment ceux condamn\u00e9s dans l\u2019affaire dite de <em>\u00abcomplot contre la s\u00fbret\u00e9 de l\u2019\u00c9tat\u00bb<\/em>, dont certains \u00e0 des peines allant jusqu\u2019\u00e0 66 ans de prison.<\/p>\n\n\n\n<p>L\u2019Ong appelle les autorit\u00e9s tunisiennes \u00e0<em>\u00ablib\u00e9rer imm\u00e9diatement et sans condition tous les prisonniers politiques et d\u2019opinion en Tunisie, ainsi que toutes les personnes d\u00e9tenues pour l\u2019exercice pacifique de leurs droits et libert\u00e9s fondamentales.\u00bb<\/em><\/p>\n","protected":false},"excerpt":{"rendered":"<p>Le CRLDHT d\u00e9nonce une \u00abd\u00e9rive inqui\u00e9tante\u00bb, \u00abmarqu\u00e9e par la multiplication des poursuites judiciaires et la r\u00e9pression des voix critiques\u00bb.<\/p>\n","protected":false},"author":8,"featured_media":18690736,"comment_status":"open","ping_status":"open","sticky":false,"template":"","format":"standard","meta":{"footnotes":""},"categories":[997,2433],"tags":[115507,8495,401,16314,94919,3137,86051,62643,128026],"class_list":["post-18690706","post","type-post","status-publish","format-standard","has-post-thumbnail","hentry","category-politique","category-tunisie","tag-chaima-issa-2","tag-chawki-tabib","tag-ftdes","tag-inkyfada","tag-jawhar-ben-mbarek","tag-ltdh","tag-sihem-ben-sedrine","tag-tunisie","tag-zied-el-hani-2"],"yoast_head":"<!-- This site is optimized with the Yoast SEO plugin v26.6 - https:\/\/yoast.com\/wordpress\/plugins\/seo\/ -->\n<title>Tunisie | Le CRLDHT d\u00e9nonce une \u00abd\u00e9rive inqui\u00e9tante\u00bb - Kapitalis<\/title>\n<meta name=\"description\" content=\"Le CRLDHT d\u00e9nonce une \u00abd\u00e9rive inqui\u00e9tante\u00bb, \u00abmarqu\u00e9e par la multiplication des poursuites judiciaires et la r\u00e9pression des voix critiques\u00bb.\" \/>\n<meta name=\"robots\" content=\"index, follow, max-snippet:-1, max-image-preview:large, max-video-preview:-1\" \/>\n<link rel=\"canonical\" href=\"https:\/\/kapitalis.com\/tunisie\/2026\/04\/26\/tunisie-le-crldht-denonce-une-derive-inquietante\/\" \/>\n<meta property=\"og:locale\" content=\"fr_FR\" \/>\n<meta property=\"og:type\" content=\"article\" \/>\n<meta property=\"og:title\" content=\"Tunisie | Le CRLDHT d\u00e9nonce une \u00abd\u00e9rive inqui\u00e9tante\u00bb - Kapitalis\" \/>\n<meta property=\"og:description\" content=\"Le CRLDHT d\u00e9nonce une \u00abd\u00e9rive inqui\u00e9tante\u00bb, \u00abmarqu\u00e9e par la multiplication des poursuites judiciaires et la r\u00e9pression des voix critiques\u00bb.\" \/>\n<meta property=\"og:url\" content=\"https:\/\/kapitalis.com\/tunisie\/2026\/04\/26\/tunisie-le-crldht-denonce-une-derive-inquietante\/\" \/>\n<meta property=\"og:site_name\" content=\"Kapitalis\" \/>\n<meta property=\"article:publisher\" content=\"https:\/\/www.facebook.com\/KapitalisInfo\/\" \/>\n<meta property=\"article:published_time\" content=\"2026-04-26T08:14:05+00:00\" \/>\n<meta property=\"article:modified_time\" content=\"2026-04-26T08:14:06+00:00\" \/>\n<meta property=\"og:image\" content=\"https:\/\/kapitalis.com\/tunisie\/wp-content\/uploads\/2026\/04\/CRLDHT-Libertes.jpg\" \/>\n\t<meta property=\"og:image:width\" content=\"1200\" \/>\n\t<meta property=\"og:image:height\" content=\"630\" \/>\n\t<meta property=\"og:image:type\" content=\"image\/jpeg\" \/>\n<meta name=\"author\" content=\"webmaster kapitalis\" \/>\n<meta name=\"twitter:card\" content=\"summary_large_image\" \/>\n<meta name=\"twitter:creator\" content=\"@KapitalisInfo\" \/>\n<meta name=\"twitter:site\" content=\"@KapitalisInfo\" \/>\n<meta name=\"twitter:label1\" content=\"\u00c9crit par\" \/>\n\t<meta name=\"twitter:data1\" content=\"webmaster kapitalis\" \/>\n\t<meta name=\"twitter:label2\" content=\"Dur\u00e9e de lecture estim\u00e9e\" \/>\n\t<meta name=\"twitter:data2\" content=\"2 minutes\" \/>\n<script type=\"application\/ld+json\" class=\"yoast-schema-graph\">{\"@context\":\"https:\/\/schema.org\",\"@graph\":[{\"@type\":\"Article\",\"@id\":\"https:\/\/kapitalis.com\/tunisie\/2026\/04\/26\/tunisie-le-crldht-denonce-une-derive-inquietante\/#article\",\"isPartOf\":{\"@id\":\"https:\/\/kapitalis.com\/tunisie\/2026\/04\/26\/tunisie-le-crldht-denonce-une-derive-inquietante\/\"},\"author\":{\"name\":\"webmaster kapitalis\",\"@id\":\"https:\/\/kapitalis.com\/tunisie\/#\/schema\/person\/d71f33a9ca44f7bad4698210b480c8e9\"},\"headline\":\"Tunisie | Le CRLDHT d\u00e9nonce une \u00abd\u00e9rive inqui\u00e9tante\u00bb\",\"datePublished\":\"2026-04-26T08:14:05+00:00\",\"dateModified\":\"2026-04-26T08:14:06+00:00\",\"mainEntityOfPage\":{\"@id\":\"https:\/\/kapitalis.com\/tunisie\/2026\/04\/26\/tunisie-le-crldht-denonce-une-derive-inquietante\/\"},\"wordCount\":350,\"commentCount\":0,\"publisher\":{\"@id\":\"https:\/\/kapitalis.com\/tunisie\/#organization\"},\"image\":{\"@id\":\"https:\/\/kapitalis.com\/tunisie\/2026\/04\/26\/tunisie-le-crldht-denonce-une-derive-inquietante\/#primaryimage\"},\"thumbnailUrl\":\"https:\/\/kapitalis.com\/tunisie\/wp-content\/uploads\/2026\/04\/CRLDHT-Libertes.jpg\",\"keywords\":[\"Cha\u00efma Issa\",\"Chawki Tabib\",\"FTDES\",\"Inkyfada\",\"Jawhar Ben Mbarek\",\"LTDH\",\"Sihem Ben Sedrine\",\"Tunisie\",\"Zied El Hani\"],\"articleSection\":[\"POLITIQUE\",\"Tunisie\"],\"inLanguage\":\"fr-FR\",\"potentialAction\":[{\"@type\":\"CommentAction\",\"name\":\"Comment\",\"target\":[\"https:\/\/kapitalis.com\/tunisie\/2026\/04\/26\/tunisie-le-crldht-denonce-une-derive-inquietante\/#respond\"]}]},{\"@type\":\"WebPage\",\"@id\":\"https:\/\/kapitalis.com\/tunisie\/2026\/04\/26\/tunisie-le-crldht-denonce-une-derive-inquietante\/\",\"url\":\"https:\/\/kapitalis.com\/tunisie\/2026\/04\/26\/tunisie-le-crldht-denonce-une-derive-inquietante\/\",\"name\":\"Tunisie | Le CRLDHT d\u00e9nonce une \u00abd\u00e9rive inqui\u00e9tante\u00bb - Kapitalis\",\"isPartOf\":{\"@id\":\"https:\/\/kapitalis.com\/tunisie\/#website\"},\"primaryImageOfPage\":{\"@id\":\"https:\/\/kapitalis.com\/tunisie\/2026\/04\/26\/tunisie-le-crldht-denonce-une-derive-inquietante\/#primaryimage\"},\"image\":{\"@id\":\"https:\/\/kapitalis.com\/tunisie\/2026\/04\/26\/tunisie-le-crldht-denonce-une-derive-inquietante\/#primaryimage\"},\"thumbnailUrl\":\"https:\/\/kapitalis.com\/tunisie\/wp-content\/uploads\/2026\/04\/CRLDHT-Libertes.jpg\",\"datePublished\":\"2026-04-26T08:14:05+00:00\",\"dateModified\":\"2026-04-26T08:14:06+00:00\",\"description\":\"Le CRLDHT d\u00e9nonce une \u00abd\u00e9rive inqui\u00e9tante\u00bb, \u00abmarqu\u00e9e par la multiplication des poursuites judiciaires et la r\u00e9pression des voix critiques\u00bb.\",\"breadcrumb\":{\"@id\":\"https:\/\/kapitalis.com\/tunisie\/2026\/04\/26\/tunisie-le-crldht-denonce-une-derive-inquietante\/#breadcrumb\"},\"inLanguage\":\"fr-FR\",\"potentialAction\":[{\"@type\":\"ReadAction\",\"target\":[\"https:\/\/kapitalis.com\/tunisie\/2026\/04\/26\/tunisie-le-crldht-denonce-une-derive-inquietante\/\"]}]},{\"@type\":\"ImageObject\",\"inLanguage\":\"fr-FR\",\"@id\":\"https:\/\/kapitalis.com\/tunisie\/2026\/04\/26\/tunisie-le-crldht-denonce-une-derive-inquietante\/#primaryimage\",\"url\":\"https:\/\/kapitalis.com\/tunisie\/wp-content\/uploads\/2026\/04\/CRLDHT-Libertes.jpg\",\"contentUrl\":\"https:\/\/kapitalis.com\/tunisie\/wp-content\/uploads\/2026\/04\/CRLDHT-Libertes.jpg\",\"width\":1200,\"height\":630},{\"@type\":\"BreadcrumbList\",\"@id\":\"https:\/\/kapitalis.com\/tunisie\/2026\/04\/26\/tunisie-le-crldht-denonce-une-derive-inquietante\/#breadcrumb\",\"itemListElement\":[{\"@type\":\"ListItem\",\"position\":1,\"name\":\"Accueil\",\"item\":\"https:\/\/kapitalis.com\/tunisie\/\"},{\"@type\":\"ListItem\",\"position\":2,\"name\":\"Tunisie | Le CRLDHT d\u00e9nonce une \u00abd\u00e9rive inqui\u00e9tante\u00bb\"}]},{\"@type\":\"WebSite\",\"@id\":\"https:\/\/kapitalis.com\/tunisie\/#website\",\"url\":\"https:\/\/kapitalis.com\/tunisie\/\",\"name\":\"Kapitalis\",\"description\":\"L&#039;actualit\u00e9 en Tunisie et dans le monde\",\"publisher\":{\"@id\":\"https:\/\/kapitalis.com\/tunisie\/#organization\"},\"potentialAction\":[{\"@type\":\"SearchAction\",\"target\":{\"@type\":\"EntryPoint\",\"urlTemplate\":\"https:\/\/kapitalis.com\/tunisie\/?s={search_term_string}\"},\"query-input\":{\"@type\":\"PropertyValueSpecification\",\"valueRequired\":true,\"valueName\":\"search_term_string\"}}],\"inLanguage\":\"fr-FR\"},{\"@type\":\"Organization\",\"@id\":\"https:\/\/kapitalis.com\/tunisie\/#organization\",\"name\":\"Kapitalis\",\"url\":\"https:\/\/kapitalis.com\/tunisie\/\",\"logo\":{\"@type\":\"ImageObject\",\"inLanguage\":\"fr-FR\",\"@id\":\"https:\/\/kapitalis.com\/tunisie\/#\/schema\/logo\/image\/\",\"url\":\"https:\/\/kapitalis.com\/tunisie\/wp-content\/uploads\/2022\/05\/Kapitalis-big-size.png\",\"contentUrl\":\"https:\/\/kapitalis.com\/tunisie\/wp-content\/uploads\/2022\/05\/Kapitalis-big-size.png\",\"width\":5000,\"height\":1500,\"caption\":\"Kapitalis\"},\"image\":{\"@id\":\"https:\/\/kapitalis.com\/tunisie\/#\/schema\/logo\/image\/\"},\"sameAs\":[\"https:\/\/www.facebook.com\/KapitalisInfo\/\",\"https:\/\/x.com\/KapitalisInfo\",\"https:\/\/www.youtube.com\/channel\/UC-yDYrHyfFBWWZaOw3FPg9Q\"]},{\"@type\":\"Person\",\"@id\":\"https:\/\/kapitalis.com\/tunisie\/#\/schema\/person\/d71f33a9ca44f7bad4698210b480c8e9\",\"name\":\"webmaster kapitalis\",\"url\":\"https:\/\/kapitalis.com\/tunisie\/author\/webmaster-kapitalis\/\"}]}<\/script>\n<!-- \/ Yoast SEO plugin. -->","yoast_head_json":{"title":"Tunisie | Le CRLDHT d\u00e9nonce une \u00abd\u00e9rive inqui\u00e9tante\u00bb - Kapitalis","description":"Le CRLDHT d\u00e9nonce une \u00abd\u00e9rive inqui\u00e9tante\u00bb, \u00abmarqu\u00e9e par la multiplication des poursuites judiciaires et la r\u00e9pression des voix critiques\u00bb.","robots":{"index":"index","follow":"follow","max-snippet":"max-snippet:-1","max-image-preview":"max-image-preview:large","max-video-preview":"max-video-preview:-1"},"canonical":"https:\/\/kapitalis.com\/tunisie\/2026\/04\/26\/tunisie-le-crldht-denonce-une-derive-inquietante\/","og_locale":"fr_FR","og_type":"article","og_title":"Tunisie | Le CRLDHT d\u00e9nonce une \u00abd\u00e9rive inqui\u00e9tante\u00bb - Kapitalis","og_description":"Le CRLDHT d\u00e9nonce une \u00abd\u00e9rive inqui\u00e9tante\u00bb, \u00abmarqu\u00e9e par la multiplication des poursuites judiciaires et la r\u00e9pression des voix critiques\u00bb.","og_url":"https:\/\/kapitalis.com\/tunisie\/2026\/04\/26\/tunisie-le-crldht-denonce-une-derive-inquietante\/","og_site_name":"Kapitalis","article_publisher":"https:\/\/www.facebook.com\/KapitalisInfo\/","article_published_time":"2026-04-26T08:14:05+00:00","article_modified_time":"2026-04-26T08:14:06+00:00","og_image":[{"width":1200,"height":630,"url":"https:\/\/kapitalis.com\/tunisie\/wp-content\/uploads\/2026\/04\/CRLDHT-Libertes.jpg","type":"image\/jpeg"}],"author":"webmaster kapitalis","twitter_card":"summary_large_image","twitter_creator":"@KapitalisInfo","twitter_site":"@KapitalisInfo","twitter_misc":{"\u00c9crit par":"webmaster kapitalis","Dur\u00e9e de lecture estim\u00e9e":"2 minutes"},"schema":{"@context":"https:\/\/schema.org","@graph":[{"@type":"Article","@id":"https:\/\/kapitalis.com\/tunisie\/2026\/04\/26\/tunisie-le-crldht-denonce-une-derive-inquietante\/#article","isPartOf":{"@id":"https:\/\/kapitalis.com\/tunisie\/2026\/04\/26\/tunisie-le-crldht-denonce-une-derive-inquietante\/"},"author":{"name":"webmaster kapitalis","@id":"https:\/\/kapitalis.com\/tunisie\/#\/schema\/person\/d71f33a9ca44f7bad4698210b480c8e9"},"headline":"Tunisie | Le CRLDHT d\u00e9nonce une \u00abd\u00e9rive inqui\u00e9tante\u00bb","datePublished":"2026-04-26T08:14:05+00:00","dateModified":"2026-04-26T08:14:06+00:00","mainEntityOfPage":{"@id":"https:\/\/kapitalis.com\/tunisie\/2026\/04\/26\/tunisie-le-crldht-denonce-une-derive-inquietante\/"},"wordCount":350,"commentCount":0,"publisher":{"@id":"https:\/\/kapitalis.com\/tunisie\/#organization"},"image":{"@id":"https:\/\/kapitalis.com\/tunisie\/2026\/04\/26\/tunisie-le-crldht-denonce-une-derive-inquietante\/#primaryimage"},"thumbnailUrl":"https:\/\/kapitalis.com\/tunisie\/wp-content\/uploads\/2026\/04\/CRLDHT-Libertes.jpg","keywords":["Cha\u00efma Issa","Chawki Tabib","FTDES","Inkyfada","Jawhar Ben Mbarek","LTDH","Sihem Ben Sedrine","Tunisie","Zied El Hani"],"articleSection":["POLITIQUE","Tunisie"],"inLanguage":"fr-FR","potentialAction":[{"@type":"CommentAction","name":"Comment","target":["https:\/\/kapitalis.com\/tunisie\/2026\/04\/26\/tunisie-le-crldht-denonce-une-derive-inquietante\/#respond"]}]},{"@type":"WebPage","@id":"https:\/\/kapitalis.com\/tunisie\/2026\/04\/26\/tunisie-le-crldht-denonce-une-derive-inquietante\/","url":"https:\/\/kapitalis.com\/tunisie\/2026\/04\/26\/tunisie-le-crldht-denonce-une-derive-inquietante\/","name":"Tunisie | Le CRLDHT d\u00e9nonce une \u00abd\u00e9rive inqui\u00e9tante\u00bb - Kapitalis","isPartOf":{"@id":"https:\/\/kapitalis.com\/tunisie\/#website"},"primaryImageOfPage":{"@id":"https:\/\/kapitalis.com\/tunisie\/2026\/04\/26\/tunisie-le-crldht-denonce-une-derive-inquietante\/#primaryimage"},"image":{"@id":"https:\/\/kapitalis.com\/tunisie\/2026\/04\/26\/tunisie-le-crldht-denonce-une-derive-inquietante\/#primaryimage"},"thumbnailUrl":"https:\/\/kapitalis.com\/tunisie\/wp-content\/uploads\/2026\/04\/CRLDHT-Libertes.jpg","datePublished":"2026-04-26T08:14:05+00:00","dateModified":"2026-04-26T08:14:06+00:00","description":"Le CRLDHT d\u00e9nonce une \u00abd\u00e9rive inqui\u00e9tante\u00bb, \u00abmarqu\u00e9e par la multiplication des poursuites judiciaires et la r\u00e9pression des voix critiques\u00bb.","breadcrumb":{"@id":"https:\/\/kapitalis.com\/tunisie\/2026\/04\/26\/tunisie-le-crldht-denonce-une-derive-inquietante\/#breadcrumb"},"inLanguage":"fr-FR","potentialAction":[{"@type":"ReadAction","target":["https:\/\/kapitalis.com\/tunisie\/2026\/04\/26\/tunisie-le-crldht-denonce-une-derive-inquietante\/"]}]},{"@type":"ImageObject","inLanguage":"fr-FR","@id":"https:\/\/kapitalis.com\/tunisie\/2026\/04\/26\/tunisie-le-crldht-denonce-une-derive-inquietante\/#primaryimage","url":"https:\/\/kapitalis.com\/tunisie\/wp-content\/uploads\/2026\/04\/CRLDHT-Libertes.jpg","contentUrl":"https:\/\/kapitalis.com\/tunisie\/wp-content\/uploads\/2026\/04\/CRLDHT-Libertes.jpg","width":1200,"height":630},{"@type":"BreadcrumbList","@id":"https:\/\/kapitalis.com\/tunisie\/2026\/04\/26\/tunisie-le-crldht-denonce-une-derive-inquietante\/#breadcrumb","itemListElement":[{"@type":"ListItem","position":1,"name":"Accueil","item":"https:\/\/kapitalis.com\/tunisie\/"},{"@type":"ListItem","position":2,"name":"Tunisie | Le CRLDHT d\u00e9nonce une \u00abd\u00e9rive inqui\u00e9tante\u00bb"}]},{"@type":"WebSite","@id":"https:\/\/kapitalis.com\/tunisie\/#website","url":"https:\/\/kapitalis.com\/tunisie\/","name":"Kapitalis","description":"L&#039;actualit\u00e9 en Tunisie et dans le monde","publisher":{"@id":"https:\/\/kapitalis.com\/tunisie\/#organization"},"potentialAction":[{"@type":"SearchAction","target":{"@type":"EntryPoint","urlTemplate":"https:\/\/kapitalis.com\/tunisie\/?s={search_term_string}"},"query-input":{"@type":"PropertyValueSpecification","valueRequired":true,"valueName":"search_term_string"}}],"inLanguage":"fr-FR"},{"@type":"Organization","@id":"https:\/\/kapitalis.com\/tunisie\/#organization","name":"Kapitalis","url":"https:\/\/kapitalis.com\/tunisie\/","logo":{"@type":"ImageObject","inLanguage":"fr-FR","@id":"https:\/\/kapitalis.com\/tunisie\/#\/schema\/logo\/image\/","url":"https:\/\/kapitalis.com\/tunisie\/wp-content\/uploads\/2022\/05\/Kapitalis-big-size.png","contentUrl":"https:\/\/kapitalis.com\/tunisie\/wp-content\/uploads\/2022\/05\/Kapitalis-big-size.png","width":5000,"height":1500,"caption":"Kapitalis"},"image":{"@id":"https:\/\/kapitalis.com\/tunisie\/#\/schema\/logo\/image\/"},"sameAs":["https:\/\/www.facebook.com\/KapitalisInfo\/","https:\/\/x.com\/KapitalisInfo","https:\/\/www.youtube.com\/channel\/UC-yDYrHyfFBWWZaOw3FPg9Q"]},{"@type":"Person","@id":"https:\/\/kapitalis.com\/tunisie\/#\/schema\/person\/d71f33a9ca44f7bad4698210b480c8e9","name":"webmaster kapitalis","url":"https:\/\/kapitalis.com\/tunisie\/author\/webmaster-kapitalis\/"}]}},"_links":{"self":[{"href":"https:\/\/kapitalis.com\/tunisie\/wp-json\/wp\/v2\/posts\/18690706","targetHints":{"allow":["GET"]}}],"collection":[{"href":"https:\/\/kapitalis.com\/tunisie\/wp-json\/wp\/v2\/posts"}],"about":[{"href":"https:\/\/kapitalis.com\/tunisie\/wp-json\/wp\/v2\/types\/post"}],"author":[{"embeddable":true,"href":"https:\/\/kapitalis.com\/tunisie\/wp-json\/wp\/v2\/users\/8"}],"replies":[{"embeddable":true,"href":"https:\/\/kapitalis.com\/tunisie\/wp-json\/wp\/v2\/comments?post=18690706"}],"version-history":[{"count":1,"href":"https:\/\/kapitalis.com\/tunisie\/wp-json\/wp\/v2\/posts\/18690706\/revisions"}],"predecessor-version":[{"id":18690750,"href":"https:\/\/kapitalis.com\/tunisie\/wp-json\/wp\/v2\/posts\/18690706\/revisions\/18690750"}],"wp:featuredmedia":[{"embeddable":true,"href":"https:\/\/kapitalis.com\/tunisie\/wp-json\/wp\/v2\/media\/18690736"}],"wp:attachment":[{"href":"https:\/\/kapitalis.com\/tunisie\/wp-json\/wp\/v2\/media?parent=18690706"}],"wp:term":[{"taxonomy":"category","embeddable":true,"href":"https:\/\/kapitalis.com\/tunisie\/wp-json\/wp\/v2\/categories?post=18690706"},{"taxonomy":"post_tag","embeddable":true,"href":"https:\/\/kapitalis.com\/tunisie\/wp-json\/wp\/v2\/tags?post=18690706"}],"curies":[{"name":"wp","href":"https:\/\/api.w.org\/{rel}","templated":true}]}}