{"id":18690913,"date":"2026-04-26T09:59:00","date_gmt":"2026-04-26T08:59:00","guid":{"rendered":"https:\/\/kapitalis.com\/tunisie\/?p=18690913"},"modified":"2026-04-26T09:59:03","modified_gmt":"2026-04-26T08:59:03","slug":"la-redistribution-des-puissances","status":"publish","type":"post","link":"https:\/\/kapitalis.com\/tunisie\/2026\/04\/26\/la-redistribution-des-puissances\/","title":{"rendered":"La redistribution des puissances"},"content":{"rendered":"\n<p><strong><em>Dans un monde o\u00f9 les r\u00e8gles ne sont plus crues, les peuples cherchent dans le leader ce que le r\u00e9el ne garantit plus. Il est des moments dans l\u2019histoire o\u00f9 les nations ne se contentent plus d\u2019agir. Elles r\u00e9v\u00e8lent. &nbsp;<\/em><\/strong><\/p>\n\n\n\n<p><strong>Manel Albouchi<\/strong><\/p>\n\n\n\n<!--more-->\n\n\n\n<p>Nous avons longtemps cru, peut-\u00eatre trop longtemps, vivre dans un monde structur\u00e9, organis\u00e9 autour d\u2019un centre, d\u2019une gravit\u00e9 politique, d\u2019une loi implicite. Ce centre n\u2019a pas disparu. Mais il ne fait plus autorit\u00e9.<\/p>\n\n\n\n<p>Ce basculement ne produit pas imm\u00e9diatement le chaos. Il engendre quelque chose de plus subtil : une transformation du lien entre les acteurs, une fragilisation des rep\u00e8res, une mutation de la croyance.<\/p>\n\n\n\n<p>Le monde n\u2019est plus organis\u00e9 par une \u00e9vidence partag\u00e9e, mais travers\u00e9 par des incertitudes concurrentes. Dans cet espace liminal, o\u00f9 l\u2019ordre persiste sans convaincre, trois puissances avancent, non pas comme une alliance, mais comme une fissure : Iran, Russie et Chine.<\/p>\n\n\n\n<h2 class=\"wp-block-heading\">L\u2019illusion d\u2019un bloc<\/h2>\n\n\n\n<p>La tentation est grande de les d\u00e9signer comme un bloc. De simplifier. De nommer une coalition. Mais cette lecture, si elle rassure, ne r\u00e9siste pas \u00e0 l\u2019analyse. Ce que nous observons n\u2019est pas une alliance structur\u00e9e, mais une convergence de refus : refus d\u2019un monde unipolaire, refus d\u2019une norme impos\u00e9e, refus d\u2019un centre unique incarn\u00e9 par les \u00c9tats-Unis.<\/p>\n\n\n\n<p>Ils coop\u00e8rent, \u00e9changent, coordonnent. Mais ils ne fusionnent pas. Car chacun porte une temporalit\u00e9 propre et, plus profond\u00e9ment, une angoisse collective sp\u00e9cifique.<\/p>\n\n\n\n<p>Un ph\u00e9nom\u00e8ne, plus discret mais d\u00e9cisif, traverse cette reconfiguration : l\u2019\u00e9rosion de la norme. Le droit international, longtemps per\u00e7u comme cadre r\u00e9gulateur, appara\u00eet d\u00e9sormais comme s\u00e9lectivement appliqu\u00e9. Les interventions se justifient diff\u00e9remment selon les acteurs. Les violations ne produisent pas les m\u00eames cons\u00e9quences. Les sanctions ne sont pas universelles.<\/p>\n\n\n\n<p>Ce d\u00e9calage ne g\u00e9n\u00e8re pas seulement des tensions politiques. Il produit une d\u00e9sorganisation symbolique. Car une r\u00e8gle n\u2019existe pas uniquement parce qu\u2019elle est \u00e9crite. Elle existe parce qu\u2019elle est crue comme applicable \u00e0 tous. Lorsque cette croyance se fissure, ce n\u2019est pas seulement la r\u00e8gle qui s\u2019affaiblit. C\u2019est la confiance dans l\u2019ensemble du syst\u00e8me.<\/p>\n\n\n\n<p>Dans la perspective de Paul Ricoeur, toute norme repose sur une forme de confiance partag\u00e9e, une narration implicite du juste et de l\u2019injuste. Lorsque cette narration se fragmente, le monde commun lui-m\u00eame se d\u00e9sagr\u00e8ge.<\/p>\n\n\n\n<h2 class=\"wp-block-heading\">Id\u00e9al du moi et Nom-du-P\u00e8re<\/h2>\n\n\n\n<p>Face \u00e0 cette fragilisation, le sujet, individuel ou collectif, ne dispara\u00eet pas. Il se r\u00e9organise. Et lorsque la loi ne structure plus suffisamment le r\u00e9el, l\u2019identification prend le relais. Ce d\u00e9placement peut \u00eatre \u00e9clair\u00e9 par deux concepts fondamentaux.<\/p>\n\n\n\n<p>Chez Sigmund Freud, le leader peut venir incarner l\u2019Id\u00e9al du moi : cette instance \u00e0 laquelle le sujet aspire, celle qui donne une direction, une coh\u00e9rence, une image valoris\u00e9e de soi. Dans les moments d\u2019incertitude, cet id\u00e9al se projette sur une figure ext\u00e9rieure qui semble concentrer force, clart\u00e9 et d\u00e9cision.<\/p>\n\n\n\n<p>Chez Jacques Lacan, le Nom-du-P\u00e8re d\u00e9signe la fonction symbolique qui organise le monde par la loi, qui introduit la limite et structure le r\u00e9el. Lorsque cette fonction s\u2019affaiblit non pas en disparaissant, mais en perdant son caract\u00e8re universel, elle laisse place \u00e0 des incarnations partielles.<\/p>\n\n\n\n<p>Ainsi, le leader contemporain n\u2019est plus seulement un repr\u00e9sentant politique. Il devient \u00e0 la fois : un support de l\u2019Id\u00e9al du moi, un substitut local du Nom-du-P\u00e8re et un point d\u2019identification dans un monde d\u00e9sorganis\u00e9.<\/p>\n\n\n\n<p>C\u2019est dans ce d\u00e9placement que s\u2019inscrit le ph\u00e9nom\u00e8ne de l\u2019identification au leader : non plus simplement adh\u00e9rer, mais se reconna\u00eetre dans celui qui semble restaurer une coh\u00e9rence perdue. <\/p>\n\n\n\n<h2 class=\"wp-block-heading\">Trois formes d\u2019identification<\/h2>\n\n\n\n<p>L\u2019Iran agit \u00e0 partir d\u2019une m\u00e9moire historique dense, marqu\u00e9e par les ruptures et les ing\u00e9rences. Sa strat\u00e9gie repose sur la continuit\u00e9, la r\u00e9sistance et le contournement. Le d\u00e9troit d\u2019Ormuz devient levier, les r\u00e9seaux deviennent prolongement, la pression devient langage.<\/p>\n\n\n\n<p>Mais au-del\u00e0 de la strat\u00e9gie, le pouvoir prend une forme particuli\u00e8re : il circule, se transmet, s\u2019inscrit dans une continuit\u00e9 souvent invisible. \u00c0 travers des figures comme Mojtaba Khamenei, il se d\u00e9ploie dans la filiation et le symbolique. L\u2019identification ne se fait pas seulement \u00e0 un individu, mais \u00e0 une fonction : celle de la permanence.<\/p>\n\n\n\n<p>La Russie agit \u00e0 partir d\u2019une blessure : la perte de son statut de centre apr\u00e8s l\u2019effondrement de l\u2019Union sovi\u00e9tique. Dans cette faille, le pouvoir prend la forme d\u2019une restauration. Vladimir Poutine incarne cette dynamique : non pas simplement comme dirigeant, mais comme op\u00e9rateur de r\u00e9paration symbolique. Son style marqu\u00e9 par la m\u00e9fiance, l\u2019anticipation et la gestion du rapport de force, r\u00e9pond \u00e0 une angoisse collective : celle de l\u2019humiliation et de la disparition. L\u2019identification s\u2019organise ici autour d\u2019une fonction de protection.<\/p>\n\n\n\n<p>La Chine, \u00e0 l\u2019inverse, r\u00e9pond \u00e0 la crise par l\u2019organisation. Son horizon n\u2019est pas l\u2019urgence, mais la continuit\u00e9. Avec Xi Jinping, le pouvoir s\u2019inscrit dans le temps long : discipline, planification, centralisation. <\/p>\n\n\n\n<p>L\u2019h\u00e9ritage de la R\u00e9volution culturelle chinoise a laiss\u00e9 une empreinte durable : la n\u00e9cessit\u00e9 de pr\u00e9venir toute d\u00e9sorganisation du r\u00e9el. L\u2019identification y est moins \u00e9motionnelle, mais plus structurelle : elle se fait \u00e0 un principe d\u2019ordre.<\/p>\n\n\n\n<h2 class=\"wp-block-heading\">Le monde sans garant<\/h2>\n\n\n\n<p>Ce qui vacille aujourd\u2019hui d\u00e9passe la seule g\u00e9opolitique. C\u2019est une fonction symbolique qui se fragilise.<\/p>\n\n\n\n<p>Pendant des d\u00e9cennies, le monde reposait implicitement sur un garant, une instance capable d\u2019organiser les r\u00e8gles du jeu. Aujourd\u2019hui, cette fonction se fissure.<\/p>\n\n\n\n<p>Dans la lecture de Jacques Lacan, ce moment pourrait \u00eatre interpr\u00e9t\u00e9 comme une crise du Nom-du-P\u00e8re : non pas sa disparition, mais sa fragmentation. Chaque puissance propose d\u00e9sormais sa propre coh\u00e9rence. Chaque espace produit ses propres normes. Le monde devient un champ de subjectivit\u00e9s politiques plut\u00f4t qu\u2019un syst\u00e8me ordonn\u00e9.<\/p>\n\n\n\n<p>Dans cette configuration, comme l\u2019a sugg\u00e9r\u00e9 Ren\u00e9 Girard, la violence ne dispara\u00eet pas avec la loi. Elle se transforme. Elle devient diffuse, mim\u00e9tique, difficile \u00e0 contenir.<\/p>\n\n\n\n<p>Iran. Russie. Chine. Trois trajectoires. Trois blessures. Trois strat\u00e9gies. Mais aussi trois figures. Ce qu\u2019elles r\u00e9v\u00e8lent, ce n\u2019est pas seulement une redistribution des puissances. C\u2019est une transformation du lien politique lui-m\u00eame. Le monde cesse d\u2019\u00eatre organis\u00e9 par une loi commune. Il devient un espace d\u2019identifications concurrentes, o\u00f9 la stabilit\u00e9 ne repose plus sur la norme, mais sur les figures qui pr\u00e9tendent l\u2019incarner.<\/p>\n\n\n\n<p>Le basculement du monde ne commence pas lorsque les puissances s\u2019opposent, mais lorsque les r\u00e8gles cessent d\u2019\u00eatre crues et que les peuples, priv\u00e9s de norme, cherchent dans le leader ce que la loi ne garantit plus.<\/p>\n","protected":false},"excerpt":{"rendered":"<p>Le basculement du monde commence lorsque les peuples cherchent dans le leader ce que la loi ne garantit plus.<\/p>\n","protected":false},"author":8,"featured_media":18690999,"comment_status":"open","ping_status":"open","sticky":false,"template":"","format":"standard","meta":{"footnotes":""},"categories":[992,997,2433],"tags":[3016,75918,497,120262,115807,3209,796,80005],"class_list":["post-18690913","post","type-post","status-publish","format-standard","has-post-thumbnail","hentry","category-a-la-une","category-politique","category-tunisie","tag-chine","tag-etats-unis-2","tag-iran","tag-manel-albouchi","tag-mojtaba-khamenei","tag-poutine","tag-russie","tag-xi-jinping"],"yoast_head":"<!-- This site is optimized with the Yoast SEO plugin v26.6 - https:\/\/yoast.com\/wordpress\/plugins\/seo\/ -->\n<title>La redistribution des puissances - Kapitalis<\/title>\n<meta name=\"description\" content=\"Le basculement du monde commence lorsque les peuples cherchent dans le leader ce que la loi ne garantit plus.\" \/>\n<meta name=\"robots\" content=\"index, follow, max-snippet:-1, max-image-preview:large, max-video-preview:-1\" \/>\n<link rel=\"canonical\" href=\"https:\/\/kapitalis.com\/tunisie\/2026\/04\/26\/la-redistribution-des-puissances\/\" \/>\n<meta property=\"og:locale\" content=\"fr_FR\" \/>\n<meta property=\"og:type\" content=\"article\" \/>\n<meta property=\"og:title\" content=\"La redistribution des puissances - Kapitalis\" \/>\n<meta property=\"og:description\" content=\"Le basculement du monde commence lorsque les peuples cherchent dans le leader ce que la loi ne garantit plus.\" \/>\n<meta property=\"og:url\" content=\"https:\/\/kapitalis.com\/tunisie\/2026\/04\/26\/la-redistribution-des-puissances\/\" \/>\n<meta property=\"og:site_name\" content=\"Kapitalis\" \/>\n<meta property=\"article:publisher\" content=\"https:\/\/www.facebook.com\/KapitalisInfo\/\" \/>\n<meta property=\"article:published_time\" content=\"2026-04-26T08:59:00+00:00\" \/>\n<meta property=\"article:modified_time\" content=\"2026-04-26T08:59:03+00:00\" \/>\n<meta property=\"og:image\" content=\"https:\/\/kapitalis.com\/tunisie\/wp-content\/uploads\/2026\/04\/Jinping-Mojtaba-Poutine.jpg\" \/>\n\t<meta property=\"og:image:width\" content=\"1200\" \/>\n\t<meta property=\"og:image:height\" content=\"630\" \/>\n\t<meta property=\"og:image:type\" content=\"image\/jpeg\" \/>\n<meta name=\"author\" content=\"webmaster kapitalis\" \/>\n<meta name=\"twitter:card\" content=\"summary_large_image\" \/>\n<meta name=\"twitter:creator\" content=\"@KapitalisInfo\" \/>\n<meta name=\"twitter:site\" content=\"@KapitalisInfo\" \/>\n<meta name=\"twitter:label1\" content=\"\u00c9crit par\" \/>\n\t<meta name=\"twitter:data1\" content=\"webmaster kapitalis\" \/>\n\t<meta name=\"twitter:label2\" content=\"Dur\u00e9e de lecture estim\u00e9e\" \/>\n\t<meta name=\"twitter:data2\" content=\"6 minutes\" \/>\n<script type=\"application\/ld+json\" class=\"yoast-schema-graph\">{\"@context\":\"https:\/\/schema.org\",\"@graph\":[{\"@type\":\"Article\",\"@id\":\"https:\/\/kapitalis.com\/tunisie\/2026\/04\/26\/la-redistribution-des-puissances\/#article\",\"isPartOf\":{\"@id\":\"https:\/\/kapitalis.com\/tunisie\/2026\/04\/26\/la-redistribution-des-puissances\/\"},\"author\":{\"name\":\"webmaster kapitalis\",\"@id\":\"https:\/\/kapitalis.com\/tunisie\/#\/schema\/person\/d71f33a9ca44f7bad4698210b480c8e9\"},\"headline\":\"La redistribution des puissances\",\"datePublished\":\"2026-04-26T08:59:00+00:00\",\"dateModified\":\"2026-04-26T08:59:03+00:00\",\"mainEntityOfPage\":{\"@id\":\"https:\/\/kapitalis.com\/tunisie\/2026\/04\/26\/la-redistribution-des-puissances\/\"},\"wordCount\":1182,\"commentCount\":0,\"publisher\":{\"@id\":\"https:\/\/kapitalis.com\/tunisie\/#organization\"},\"image\":{\"@id\":\"https:\/\/kapitalis.com\/tunisie\/2026\/04\/26\/la-redistribution-des-puissances\/#primaryimage\"},\"thumbnailUrl\":\"https:\/\/kapitalis.com\/tunisie\/wp-content\/uploads\/2026\/04\/Jinping-Mojtaba-Poutine.jpg\",\"keywords\":[\"Chine\",\"Etats-Unis\",\"Iran\",\"Manel Albouchi\",\"Mojtaba Khamenei\",\"Poutine\",\"Russie\",\"Xi Jinping\"],\"articleSection\":[\"A LA UNE\",\"POLITIQUE\",\"Tunisie\"],\"inLanguage\":\"fr-FR\",\"potentialAction\":[{\"@type\":\"CommentAction\",\"name\":\"Comment\",\"target\":[\"https:\/\/kapitalis.com\/tunisie\/2026\/04\/26\/la-redistribution-des-puissances\/#respond\"]}]},{\"@type\":\"WebPage\",\"@id\":\"https:\/\/kapitalis.com\/tunisie\/2026\/04\/26\/la-redistribution-des-puissances\/\",\"url\":\"https:\/\/kapitalis.com\/tunisie\/2026\/04\/26\/la-redistribution-des-puissances\/\",\"name\":\"La redistribution des puissances - Kapitalis\",\"isPartOf\":{\"@id\":\"https:\/\/kapitalis.com\/tunisie\/#website\"},\"primaryImageOfPage\":{\"@id\":\"https:\/\/kapitalis.com\/tunisie\/2026\/04\/26\/la-redistribution-des-puissances\/#primaryimage\"},\"image\":{\"@id\":\"https:\/\/kapitalis.com\/tunisie\/2026\/04\/26\/la-redistribution-des-puissances\/#primaryimage\"},\"thumbnailUrl\":\"https:\/\/kapitalis.com\/tunisie\/wp-content\/uploads\/2026\/04\/Jinping-Mojtaba-Poutine.jpg\",\"datePublished\":\"2026-04-26T08:59:00+00:00\",\"dateModified\":\"2026-04-26T08:59:03+00:00\",\"description\":\"Le basculement du monde commence lorsque les peuples cherchent dans le leader ce que la loi ne garantit plus.\",\"breadcrumb\":{\"@id\":\"https:\/\/kapitalis.com\/tunisie\/2026\/04\/26\/la-redistribution-des-puissances\/#breadcrumb\"},\"inLanguage\":\"fr-FR\",\"potentialAction\":[{\"@type\":\"ReadAction\",\"target\":[\"https:\/\/kapitalis.com\/tunisie\/2026\/04\/26\/la-redistribution-des-puissances\/\"]}]},{\"@type\":\"ImageObject\",\"inLanguage\":\"fr-FR\",\"@id\":\"https:\/\/kapitalis.com\/tunisie\/2026\/04\/26\/la-redistribution-des-puissances\/#primaryimage\",\"url\":\"https:\/\/kapitalis.com\/tunisie\/wp-content\/uploads\/2026\/04\/Jinping-Mojtaba-Poutine.jpg\",\"contentUrl\":\"https:\/\/kapitalis.com\/tunisie\/wp-content\/uploads\/2026\/04\/Jinping-Mojtaba-Poutine.jpg\",\"width\":1200,\"height\":630},{\"@type\":\"BreadcrumbList\",\"@id\":\"https:\/\/kapitalis.com\/tunisie\/2026\/04\/26\/la-redistribution-des-puissances\/#breadcrumb\",\"itemListElement\":[{\"@type\":\"ListItem\",\"position\":1,\"name\":\"Accueil\",\"item\":\"https:\/\/kapitalis.com\/tunisie\/\"},{\"@type\":\"ListItem\",\"position\":2,\"name\":\"La redistribution des puissances\"}]},{\"@type\":\"WebSite\",\"@id\":\"https:\/\/kapitalis.com\/tunisie\/#website\",\"url\":\"https:\/\/kapitalis.com\/tunisie\/\",\"name\":\"Kapitalis\",\"description\":\"L&#039;actualit\u00e9 en Tunisie et dans le monde\",\"publisher\":{\"@id\":\"https:\/\/kapitalis.com\/tunisie\/#organization\"},\"potentialAction\":[{\"@type\":\"SearchAction\",\"target\":{\"@type\":\"EntryPoint\",\"urlTemplate\":\"https:\/\/kapitalis.com\/tunisie\/?s={search_term_string}\"},\"query-input\":{\"@type\":\"PropertyValueSpecification\",\"valueRequired\":true,\"valueName\":\"search_term_string\"}}],\"inLanguage\":\"fr-FR\"},{\"@type\":\"Organization\",\"@id\":\"https:\/\/kapitalis.com\/tunisie\/#organization\",\"name\":\"Kapitalis\",\"url\":\"https:\/\/kapitalis.com\/tunisie\/\",\"logo\":{\"@type\":\"ImageObject\",\"inLanguage\":\"fr-FR\",\"@id\":\"https:\/\/kapitalis.com\/tunisie\/#\/schema\/logo\/image\/\",\"url\":\"https:\/\/kapitalis.com\/tunisie\/wp-content\/uploads\/2022\/05\/Kapitalis-big-size.png\",\"contentUrl\":\"https:\/\/kapitalis.com\/tunisie\/wp-content\/uploads\/2022\/05\/Kapitalis-big-size.png\",\"width\":5000,\"height\":1500,\"caption\":\"Kapitalis\"},\"image\":{\"@id\":\"https:\/\/kapitalis.com\/tunisie\/#\/schema\/logo\/image\/\"},\"sameAs\":[\"https:\/\/www.facebook.com\/KapitalisInfo\/\",\"https:\/\/x.com\/KapitalisInfo\",\"https:\/\/www.youtube.com\/channel\/UC-yDYrHyfFBWWZaOw3FPg9Q\"]},{\"@type\":\"Person\",\"@id\":\"https:\/\/kapitalis.com\/tunisie\/#\/schema\/person\/d71f33a9ca44f7bad4698210b480c8e9\",\"name\":\"webmaster kapitalis\",\"url\":\"https:\/\/kapitalis.com\/tunisie\/author\/webmaster-kapitalis\/\"}]}<\/script>\n<!-- \/ Yoast SEO plugin. -->","yoast_head_json":{"title":"La redistribution des puissances - Kapitalis","description":"Le basculement du monde commence lorsque les peuples cherchent dans le leader ce que la loi ne garantit plus.","robots":{"index":"index","follow":"follow","max-snippet":"max-snippet:-1","max-image-preview":"max-image-preview:large","max-video-preview":"max-video-preview:-1"},"canonical":"https:\/\/kapitalis.com\/tunisie\/2026\/04\/26\/la-redistribution-des-puissances\/","og_locale":"fr_FR","og_type":"article","og_title":"La redistribution des puissances - Kapitalis","og_description":"Le basculement du monde commence lorsque les peuples cherchent dans le leader ce que la loi ne garantit plus.","og_url":"https:\/\/kapitalis.com\/tunisie\/2026\/04\/26\/la-redistribution-des-puissances\/","og_site_name":"Kapitalis","article_publisher":"https:\/\/www.facebook.com\/KapitalisInfo\/","article_published_time":"2026-04-26T08:59:00+00:00","article_modified_time":"2026-04-26T08:59:03+00:00","og_image":[{"width":1200,"height":630,"url":"https:\/\/kapitalis.com\/tunisie\/wp-content\/uploads\/2026\/04\/Jinping-Mojtaba-Poutine.jpg","type":"image\/jpeg"}],"author":"webmaster kapitalis","twitter_card":"summary_large_image","twitter_creator":"@KapitalisInfo","twitter_site":"@KapitalisInfo","twitter_misc":{"\u00c9crit par":"webmaster kapitalis","Dur\u00e9e de lecture estim\u00e9e":"6 minutes"},"schema":{"@context":"https:\/\/schema.org","@graph":[{"@type":"Article","@id":"https:\/\/kapitalis.com\/tunisie\/2026\/04\/26\/la-redistribution-des-puissances\/#article","isPartOf":{"@id":"https:\/\/kapitalis.com\/tunisie\/2026\/04\/26\/la-redistribution-des-puissances\/"},"author":{"name":"webmaster kapitalis","@id":"https:\/\/kapitalis.com\/tunisie\/#\/schema\/person\/d71f33a9ca44f7bad4698210b480c8e9"},"headline":"La redistribution des puissances","datePublished":"2026-04-26T08:59:00+00:00","dateModified":"2026-04-26T08:59:03+00:00","mainEntityOfPage":{"@id":"https:\/\/kapitalis.com\/tunisie\/2026\/04\/26\/la-redistribution-des-puissances\/"},"wordCount":1182,"commentCount":0,"publisher":{"@id":"https:\/\/kapitalis.com\/tunisie\/#organization"},"image":{"@id":"https:\/\/kapitalis.com\/tunisie\/2026\/04\/26\/la-redistribution-des-puissances\/#primaryimage"},"thumbnailUrl":"https:\/\/kapitalis.com\/tunisie\/wp-content\/uploads\/2026\/04\/Jinping-Mojtaba-Poutine.jpg","keywords":["Chine","Etats-Unis","Iran","Manel Albouchi","Mojtaba Khamenei","Poutine","Russie","Xi Jinping"],"articleSection":["A LA UNE","POLITIQUE","Tunisie"],"inLanguage":"fr-FR","potentialAction":[{"@type":"CommentAction","name":"Comment","target":["https:\/\/kapitalis.com\/tunisie\/2026\/04\/26\/la-redistribution-des-puissances\/#respond"]}]},{"@type":"WebPage","@id":"https:\/\/kapitalis.com\/tunisie\/2026\/04\/26\/la-redistribution-des-puissances\/","url":"https:\/\/kapitalis.com\/tunisie\/2026\/04\/26\/la-redistribution-des-puissances\/","name":"La redistribution des puissances - Kapitalis","isPartOf":{"@id":"https:\/\/kapitalis.com\/tunisie\/#website"},"primaryImageOfPage":{"@id":"https:\/\/kapitalis.com\/tunisie\/2026\/04\/26\/la-redistribution-des-puissances\/#primaryimage"},"image":{"@id":"https:\/\/kapitalis.com\/tunisie\/2026\/04\/26\/la-redistribution-des-puissances\/#primaryimage"},"thumbnailUrl":"https:\/\/kapitalis.com\/tunisie\/wp-content\/uploads\/2026\/04\/Jinping-Mojtaba-Poutine.jpg","datePublished":"2026-04-26T08:59:00+00:00","dateModified":"2026-04-26T08:59:03+00:00","description":"Le basculement du monde commence lorsque les peuples cherchent dans le leader ce que la loi ne garantit plus.","breadcrumb":{"@id":"https:\/\/kapitalis.com\/tunisie\/2026\/04\/26\/la-redistribution-des-puissances\/#breadcrumb"},"inLanguage":"fr-FR","potentialAction":[{"@type":"ReadAction","target":["https:\/\/kapitalis.com\/tunisie\/2026\/04\/26\/la-redistribution-des-puissances\/"]}]},{"@type":"ImageObject","inLanguage":"fr-FR","@id":"https:\/\/kapitalis.com\/tunisie\/2026\/04\/26\/la-redistribution-des-puissances\/#primaryimage","url":"https:\/\/kapitalis.com\/tunisie\/wp-content\/uploads\/2026\/04\/Jinping-Mojtaba-Poutine.jpg","contentUrl":"https:\/\/kapitalis.com\/tunisie\/wp-content\/uploads\/2026\/04\/Jinping-Mojtaba-Poutine.jpg","width":1200,"height":630},{"@type":"BreadcrumbList","@id":"https:\/\/kapitalis.com\/tunisie\/2026\/04\/26\/la-redistribution-des-puissances\/#breadcrumb","itemListElement":[{"@type":"ListItem","position":1,"name":"Accueil","item":"https:\/\/kapitalis.com\/tunisie\/"},{"@type":"ListItem","position":2,"name":"La redistribution des puissances"}]},{"@type":"WebSite","@id":"https:\/\/kapitalis.com\/tunisie\/#website","url":"https:\/\/kapitalis.com\/tunisie\/","name":"Kapitalis","description":"L&#039;actualit\u00e9 en Tunisie et dans le monde","publisher":{"@id":"https:\/\/kapitalis.com\/tunisie\/#organization"},"potentialAction":[{"@type":"SearchAction","target":{"@type":"EntryPoint","urlTemplate":"https:\/\/kapitalis.com\/tunisie\/?s={search_term_string}"},"query-input":{"@type":"PropertyValueSpecification","valueRequired":true,"valueName":"search_term_string"}}],"inLanguage":"fr-FR"},{"@type":"Organization","@id":"https:\/\/kapitalis.com\/tunisie\/#organization","name":"Kapitalis","url":"https:\/\/kapitalis.com\/tunisie\/","logo":{"@type":"ImageObject","inLanguage":"fr-FR","@id":"https:\/\/kapitalis.com\/tunisie\/#\/schema\/logo\/image\/","url":"https:\/\/kapitalis.com\/tunisie\/wp-content\/uploads\/2022\/05\/Kapitalis-big-size.png","contentUrl":"https:\/\/kapitalis.com\/tunisie\/wp-content\/uploads\/2022\/05\/Kapitalis-big-size.png","width":5000,"height":1500,"caption":"Kapitalis"},"image":{"@id":"https:\/\/kapitalis.com\/tunisie\/#\/schema\/logo\/image\/"},"sameAs":["https:\/\/www.facebook.com\/KapitalisInfo\/","https:\/\/x.com\/KapitalisInfo","https:\/\/www.youtube.com\/channel\/UC-yDYrHyfFBWWZaOw3FPg9Q"]},{"@type":"Person","@id":"https:\/\/kapitalis.com\/tunisie\/#\/schema\/person\/d71f33a9ca44f7bad4698210b480c8e9","name":"webmaster kapitalis","url":"https:\/\/kapitalis.com\/tunisie\/author\/webmaster-kapitalis\/"}]}},"_links":{"self":[{"href":"https:\/\/kapitalis.com\/tunisie\/wp-json\/wp\/v2\/posts\/18690913","targetHints":{"allow":["GET"]}}],"collection":[{"href":"https:\/\/kapitalis.com\/tunisie\/wp-json\/wp\/v2\/posts"}],"about":[{"href":"https:\/\/kapitalis.com\/tunisie\/wp-json\/wp\/v2\/types\/post"}],"author":[{"embeddable":true,"href":"https:\/\/kapitalis.com\/tunisie\/wp-json\/wp\/v2\/users\/8"}],"replies":[{"embeddable":true,"href":"https:\/\/kapitalis.com\/tunisie\/wp-json\/wp\/v2\/comments?post=18690913"}],"version-history":[{"count":1,"href":"https:\/\/kapitalis.com\/tunisie\/wp-json\/wp\/v2\/posts\/18690913\/revisions"}],"predecessor-version":[{"id":18691003,"href":"https:\/\/kapitalis.com\/tunisie\/wp-json\/wp\/v2\/posts\/18690913\/revisions\/18691003"}],"wp:featuredmedia":[{"embeddable":true,"href":"https:\/\/kapitalis.com\/tunisie\/wp-json\/wp\/v2\/media\/18690999"}],"wp:attachment":[{"href":"https:\/\/kapitalis.com\/tunisie\/wp-json\/wp\/v2\/media?parent=18690913"}],"wp:term":[{"taxonomy":"category","embeddable":true,"href":"https:\/\/kapitalis.com\/tunisie\/wp-json\/wp\/v2\/categories?post=18690913"},{"taxonomy":"post_tag","embeddable":true,"href":"https:\/\/kapitalis.com\/tunisie\/wp-json\/wp\/v2\/tags?post=18690913"}],"curies":[{"name":"wp","href":"https:\/\/api.w.org\/{rel}","templated":true}]}}