{"id":18691345,"date":"2026-04-26T11:01:09","date_gmt":"2026-04-26T10:01:09","guid":{"rendered":"https:\/\/kapitalis.com\/tunisie\/?p=18691345"},"modified":"2026-04-27T13:22:32","modified_gmt":"2026-04-27T12:22:32","slug":"litalie-relance-le-port-de-zarzis-en-tunisie","status":"publish","type":"post","link":"https:\/\/kapitalis.com\/tunisie\/2026\/04\/26\/litalie-relance-le-port-de-zarzis-en-tunisie\/","title":{"rendered":"L\u2019Italie relance le port de Zarzis en Tunisie"},"content":{"rendered":"\n<p><strong><em>Le port de Zarzis, au sud-est de la Tunisie, a accueilli ce matin, dimanche 26 avril 2026, son premier porte-conteneurs, marquant ainsi le lancement de sa premi\u00e8re ligne maritime internationale r\u00e9guli\u00e8re reliant les ports commerciaux de Zarzis et de Rad\u00e8s \u00e0 ceux de Gioia Tauro (Italie) et de Tripoli (Libye). Selon un communiqu\u00e9 du minist\u00e8re des Transports, le port a re\u00e7u environ 407 conteneurs vides, qui seront livr\u00e9s aux clients et recharg\u00e9s dans ce port avant la mi-mai 2026.<\/em><\/strong><\/p>\n\n\n\n<!--more-->\n\n\n\n<p>L\u2019approbation de cette activit\u00e9 commerciale pour le port de Zarzis s\u2019inscrit dans le cadre de la contribution au d\u00e9veloppement de l\u2019activit\u00e9 \u00e9conomique et de la stimulation du commerce dans la r\u00e9gion sud-est de la Tunisie, et r\u00e9pond aux demandes de nombreuses entreprises implant\u00e9es dans la r\u00e9gion et concern\u00e9es par l\u2019activit\u00e9 d\u2019exportation via le port commercial de Zarzis, et vise \u00e0 stimuler l\u2019investissement dans la r\u00e9gion en r\u00e9duisant le co\u00fbt du transport et les d\u00e9lais de transit des marchandises en g\u00e9n\u00e9ral et en tirant parti des capacit\u00e9s disponibles dans ce port.<\/p>\n\n\n\n<p>Il convient de noter que l\u2019ensemble des \u00e9quipements et installations n\u00e9cessaires ont \u00e9t\u00e9 mis en place pour assurer le bon d\u00e9roulement des op\u00e9rations de chargement, de d\u00e9chargement et de manutention des conteneurs par les diff\u00e9rentes autorit\u00e9s, agences et entreprises impliqu\u00e9es dans le port.<\/p>\n\n\n\n<p>Par ailleurs, le port commercial de Zarzis se pr\u00e9pare actuellement \u00e0 entamer des travaux de dragage d\u2019ici la fin de l\u2019ann\u00e9e. Ce projet vise \u00e0 permettre au port d\u2019accueillir des navires plus grands, d\u2019un tirant d\u2019eau allant jusqu\u2019\u00e0 11 m\u00e8tres, pour le trafic commercial et de croisi\u00e8re, tout en garantissant la s\u00e9curit\u00e9 de la navigation maritime.<\/p>\n\n\n<div class=\"wp-block-image\">\n<figure class=\"aligncenter size-large is-resized\"><img loading=\"lazy\" decoding=\"async\" width=\"1024\" height=\"538\" src=\"https:\/\/kapitalis.com\/tunisie\/wp-content\/uploads\/2026\/04\/Port-logistique-de-Zarzis-1024x538.jpg\" alt=\"\" class=\"wp-image-18691534\" style=\"width:800px\" srcset=\"https:\/\/kapitalis.com\/tunisie\/wp-content\/uploads\/2026\/04\/Port-logistique-de-Zarzis-1024x538.jpg 1024w, https:\/\/kapitalis.com\/tunisie\/wp-content\/uploads\/2026\/04\/Port-logistique-de-Zarzis-300x158.jpg 300w, https:\/\/kapitalis.com\/tunisie\/wp-content\/uploads\/2026\/04\/Port-logistique-de-Zarzis-768x403.jpg 768w, https:\/\/kapitalis.com\/tunisie\/wp-content\/uploads\/2026\/04\/Port-logistique-de-Zarzis-580x305.jpg 580w, https:\/\/kapitalis.com\/tunisie\/wp-content\/uploads\/2026\/04\/Port-logistique-de-Zarzis-860x452.jpg 860w, https:\/\/kapitalis.com\/tunisie\/wp-content\/uploads\/2026\/04\/Port-logistique-de-Zarzis-1160x609.jpg 1160w, https:\/\/kapitalis.com\/tunisie\/wp-content\/uploads\/2026\/04\/Port-logistique-de-Zarzis.jpg 1200w\" sizes=\"auto, (max-width: 1024px) 100vw, 1024px\" \/><\/figure>\n<\/div>\n\n\n<p>Pour la Tunisie, cette nouvelle liaison rev\u00eat \u00e9galement une importance g\u00e9opolitique et logistique m\u00e9diterran\u00e9enne\u00a0: Zarzis est situ\u00e9 \u00e0 un point n\u00e9vralgique entre le sud tunisien, l\u2019ouest libyen et les routes vers l\u2019Italie.<\/p>\n\n\n\n<p>Selon le directeur g\u00e9n\u00e9ral adjoint de la Soci\u00e9t\u00e9 tunisienne d&rsquo;acconage et de manutention (STAM), la mise en service de cette liaison pourrait renforcer l\u2019acc\u00e8s du port aux march\u00e9s internationaux et consolider son r\u00f4le parmi les principaux ports du pays.<\/p>\n\n\n\n<p>Dans un post Facebook en date du 20 avril, le consultant tunisien bas\u00e9 en Suisse, Sami Jallouli, avait soulign\u00e9 l\u2019importance que les Italiens accordent d\u00e9sormais au port de Zarzis comme un point focal pour leur commerce avec l\u2019Afrique. \u00a0<em>\u00abLes Italiens per\u00e7oivent le port de Zarzis comme une plateforme maritime strat\u00e9gique, alliant les avantages douaniers des zones franches, la rapidit\u00e9 logistique due \u00e0 la proximit\u00e9 g\u00e9ographique et la s\u00e9curit\u00e9 commerciale n\u00e9cessaire pour acc\u00e9der au prometteur march\u00e9 libyen\u00bb,<\/em> a-t-il notamment \u00e9crit. Et d\u2019ajouter\u00a0: <em>\u00abSelon les informations disponibles, le projet pr\u00e9voit une liaison ferroviaire avec l\u2019a\u00e9roport international de Tozeur, offrant ainsi un acc\u00e8s a\u00e9rien \u00e0 plusieurs continents. Par ailleurs, plusieurs soci\u00e9t\u00e9s portuaires internationales seraient int\u00e9ress\u00e9es par le projet, et une forte concurrence pourrait s\u2019engager entre DP World et QTerminals (Qatar), toutes deux cherchant \u00e0 \u00e9tendre leurs investissements \u00e0 l\u2019\u00e9tranger au-del\u00e0 du Moyen-Orient.\u00bb<\/em><\/p>\n\n\n\n<p>Sami Jallouli s\u2019interroger ensuite, \u00e0 juste titre, comme pour indiquer aux autorit\u00e9s tunisiennes l\u2019orientation \u00e0 suivre pour la promotion du port de Zarzis dont la position strat\u00e9gique se confirme de jour en jour&nbsp;: <em>\u00abLe port de Zarzis b\u00e9n\u00e9ficierait-il d\u2019investissements importants pour moderniser ses quais, am\u00e9liorer ses technologies de gestion et construire des entrep\u00f4ts intelligents de nouvelle g\u00e9n\u00e9ration&nbsp;?\u00bb<\/em><\/p>\n\n\n\n<p class=\"has-text-align-right\"><strong>I. B.<\/strong><\/p>\n","protected":false},"excerpt":{"rendered":"<p>Le port de Zarzis, en Tunisie, va \u00eatre de plus en plus utilis\u00e9 comme un pont commercial entre l&rsquo;Italie et la Libye et le reste de l&rsquo;Afrique. <\/p>\n","protected":false},"author":8,"featured_media":6672540,"comment_status":"open","ping_status":"open","sticky":false,"template":"","format":"standard","meta":{"footnotes":""},"categories":[995,2433],"tags":[41,128029,505,76507,97634,1208,62643],"class_list":["post-18691345","post","type-post","status-publish","format-standard","has-post-thumbnail","hentry","category-economie","category-tunisie","tag-afrique","tag-gioia-tauro","tag-italie","tag-port-de-rades-2","tag-port-de-zarzis","tag-tozeur","tag-tunisie"],"yoast_head":"<!-- This site is optimized with the Yoast SEO plugin v26.6 - https:\/\/yoast.com\/wordpress\/plugins\/seo\/ -->\n<title>L\u2019Italie relance le port de Zarzis en Tunisie - Kapitalis<\/title>\n<meta name=\"description\" content=\"Le port de Zarzis, en Tunisie, va \u00eatre de plus en plus utilis\u00e9 comme un pont commercial entre l&#039;Italie et la Libye et le reste de l&#039;Afrique.\" \/>\n<meta name=\"robots\" content=\"index, follow, max-snippet:-1, max-image-preview:large, max-video-preview:-1\" \/>\n<link rel=\"canonical\" href=\"https:\/\/kapitalis.com\/tunisie\/2026\/04\/26\/litalie-relance-le-port-de-zarzis-en-tunisie\/\" \/>\n<meta property=\"og:locale\" content=\"fr_FR\" \/>\n<meta property=\"og:type\" content=\"article\" \/>\n<meta property=\"og:title\" content=\"L\u2019Italie relance le port de Zarzis en Tunisie - Kapitalis\" \/>\n<meta property=\"og:description\" content=\"Le port de Zarzis, en Tunisie, va \u00eatre de plus en plus utilis\u00e9 comme un pont commercial entre l&#039;Italie et la Libye et le reste de l&#039;Afrique.\" \/>\n<meta property=\"og:url\" content=\"https:\/\/kapitalis.com\/tunisie\/2026\/04\/26\/litalie-relance-le-port-de-zarzis-en-tunisie\/\" \/>\n<meta property=\"og:site_name\" content=\"Kapitalis\" \/>\n<meta property=\"article:publisher\" content=\"https:\/\/www.facebook.com\/KapitalisInfo\/\" \/>\n<meta property=\"article:published_time\" content=\"2026-04-26T10:01:09+00:00\" \/>\n<meta property=\"article:modified_time\" content=\"2026-04-27T12:22:32+00:00\" \/>\n<meta property=\"og:image\" content=\"https:\/\/kapitalis.com\/tunisie\/wp-content\/uploads\/2023\/02\/Port-de-Zarzis.jpg\" \/>\n\t<meta property=\"og:image:width\" content=\"1200\" \/>\n\t<meta property=\"og:image:height\" content=\"630\" \/>\n\t<meta property=\"og:image:type\" content=\"image\/jpeg\" \/>\n<meta name=\"author\" content=\"webmaster kapitalis\" \/>\n<meta name=\"twitter:card\" content=\"summary_large_image\" \/>\n<meta name=\"twitter:creator\" content=\"@KapitalisInfo\" \/>\n<meta name=\"twitter:site\" content=\"@KapitalisInfo\" \/>\n<meta name=\"twitter:label1\" content=\"\u00c9crit par\" \/>\n\t<meta name=\"twitter:data1\" content=\"webmaster kapitalis\" \/>\n\t<meta name=\"twitter:label2\" content=\"Dur\u00e9e de lecture estim\u00e9e\" \/>\n\t<meta name=\"twitter:data2\" content=\"4 minutes\" \/>\n<script type=\"application\/ld+json\" class=\"yoast-schema-graph\">{\"@context\":\"https:\/\/schema.org\",\"@graph\":[{\"@type\":\"Article\",\"@id\":\"https:\/\/kapitalis.com\/tunisie\/2026\/04\/26\/litalie-relance-le-port-de-zarzis-en-tunisie\/#article\",\"isPartOf\":{\"@id\":\"https:\/\/kapitalis.com\/tunisie\/2026\/04\/26\/litalie-relance-le-port-de-zarzis-en-tunisie\/\"},\"author\":{\"name\":\"webmaster kapitalis\",\"@id\":\"https:\/\/kapitalis.com\/tunisie\/#\/schema\/person\/d71f33a9ca44f7bad4698210b480c8e9\"},\"headline\":\"L\u2019Italie relance le port de Zarzis en Tunisie\",\"datePublished\":\"2026-04-26T10:01:09+00:00\",\"dateModified\":\"2026-04-27T12:22:32+00:00\",\"mainEntityOfPage\":{\"@id\":\"https:\/\/kapitalis.com\/tunisie\/2026\/04\/26\/litalie-relance-le-port-de-zarzis-en-tunisie\/\"},\"wordCount\":622,\"commentCount\":1,\"publisher\":{\"@id\":\"https:\/\/kapitalis.com\/tunisie\/#organization\"},\"image\":{\"@id\":\"https:\/\/kapitalis.com\/tunisie\/2026\/04\/26\/litalie-relance-le-port-de-zarzis-en-tunisie\/#primaryimage\"},\"thumbnailUrl\":\"https:\/\/kapitalis.com\/tunisie\/wp-content\/uploads\/2023\/02\/Port-de-Zarzis.jpg\",\"keywords\":[\"Afrique\",\"Gioia Tauro\",\"Italie\",\"Port de Rad\u00e8s\",\"port de Zarzis\",\"Tozeur\",\"Tunisie\"],\"articleSection\":[\"ECONOMIE\",\"Tunisie\"],\"inLanguage\":\"fr-FR\",\"potentialAction\":[{\"@type\":\"CommentAction\",\"name\":\"Comment\",\"target\":[\"https:\/\/kapitalis.com\/tunisie\/2026\/04\/26\/litalie-relance-le-port-de-zarzis-en-tunisie\/#respond\"]}]},{\"@type\":\"WebPage\",\"@id\":\"https:\/\/kapitalis.com\/tunisie\/2026\/04\/26\/litalie-relance-le-port-de-zarzis-en-tunisie\/\",\"url\":\"https:\/\/kapitalis.com\/tunisie\/2026\/04\/26\/litalie-relance-le-port-de-zarzis-en-tunisie\/\",\"name\":\"L\u2019Italie relance le port de Zarzis en Tunisie - Kapitalis\",\"isPartOf\":{\"@id\":\"https:\/\/kapitalis.com\/tunisie\/#website\"},\"primaryImageOfPage\":{\"@id\":\"https:\/\/kapitalis.com\/tunisie\/2026\/04\/26\/litalie-relance-le-port-de-zarzis-en-tunisie\/#primaryimage\"},\"image\":{\"@id\":\"https:\/\/kapitalis.com\/tunisie\/2026\/04\/26\/litalie-relance-le-port-de-zarzis-en-tunisie\/#primaryimage\"},\"thumbnailUrl\":\"https:\/\/kapitalis.com\/tunisie\/wp-content\/uploads\/2023\/02\/Port-de-Zarzis.jpg\",\"datePublished\":\"2026-04-26T10:01:09+00:00\",\"dateModified\":\"2026-04-27T12:22:32+00:00\",\"description\":\"Le port de Zarzis, en Tunisie, va \u00eatre de plus en plus utilis\u00e9 comme un pont commercial entre l'Italie et la Libye et le reste de l'Afrique.\",\"breadcrumb\":{\"@id\":\"https:\/\/kapitalis.com\/tunisie\/2026\/04\/26\/litalie-relance-le-port-de-zarzis-en-tunisie\/#breadcrumb\"},\"inLanguage\":\"fr-FR\",\"potentialAction\":[{\"@type\":\"ReadAction\",\"target\":[\"https:\/\/kapitalis.com\/tunisie\/2026\/04\/26\/litalie-relance-le-port-de-zarzis-en-tunisie\/\"]}]},{\"@type\":\"ImageObject\",\"inLanguage\":\"fr-FR\",\"@id\":\"https:\/\/kapitalis.com\/tunisie\/2026\/04\/26\/litalie-relance-le-port-de-zarzis-en-tunisie\/#primaryimage\",\"url\":\"https:\/\/kapitalis.com\/tunisie\/wp-content\/uploads\/2023\/02\/Port-de-Zarzis.jpg\",\"contentUrl\":\"https:\/\/kapitalis.com\/tunisie\/wp-content\/uploads\/2023\/02\/Port-de-Zarzis.jpg\",\"width\":1200,\"height\":630},{\"@type\":\"BreadcrumbList\",\"@id\":\"https:\/\/kapitalis.com\/tunisie\/2026\/04\/26\/litalie-relance-le-port-de-zarzis-en-tunisie\/#breadcrumb\",\"itemListElement\":[{\"@type\":\"ListItem\",\"position\":1,\"name\":\"Accueil\",\"item\":\"https:\/\/kapitalis.com\/tunisie\/\"},{\"@type\":\"ListItem\",\"position\":2,\"name\":\"L\u2019Italie relance le port de Zarzis en Tunisie\"}]},{\"@type\":\"WebSite\",\"@id\":\"https:\/\/kapitalis.com\/tunisie\/#website\",\"url\":\"https:\/\/kapitalis.com\/tunisie\/\",\"name\":\"Kapitalis\",\"description\":\"L&#039;actualit\u00e9 en Tunisie et dans le monde\",\"publisher\":{\"@id\":\"https:\/\/kapitalis.com\/tunisie\/#organization\"},\"potentialAction\":[{\"@type\":\"SearchAction\",\"target\":{\"@type\":\"EntryPoint\",\"urlTemplate\":\"https:\/\/kapitalis.com\/tunisie\/?s={search_term_string}\"},\"query-input\":{\"@type\":\"PropertyValueSpecification\",\"valueRequired\":true,\"valueName\":\"search_term_string\"}}],\"inLanguage\":\"fr-FR\"},{\"@type\":\"Organization\",\"@id\":\"https:\/\/kapitalis.com\/tunisie\/#organization\",\"name\":\"Kapitalis\",\"url\":\"https:\/\/kapitalis.com\/tunisie\/\",\"logo\":{\"@type\":\"ImageObject\",\"inLanguage\":\"fr-FR\",\"@id\":\"https:\/\/kapitalis.com\/tunisie\/#\/schema\/logo\/image\/\",\"url\":\"https:\/\/kapitalis.com\/tunisie\/wp-content\/uploads\/2022\/05\/Kapitalis-big-size.png\",\"contentUrl\":\"https:\/\/kapitalis.com\/tunisie\/wp-content\/uploads\/2022\/05\/Kapitalis-big-size.png\",\"width\":5000,\"height\":1500,\"caption\":\"Kapitalis\"},\"image\":{\"@id\":\"https:\/\/kapitalis.com\/tunisie\/#\/schema\/logo\/image\/\"},\"sameAs\":[\"https:\/\/www.facebook.com\/KapitalisInfo\/\",\"https:\/\/x.com\/KapitalisInfo\",\"https:\/\/www.youtube.com\/channel\/UC-yDYrHyfFBWWZaOw3FPg9Q\"]},{\"@type\":\"Person\",\"@id\":\"https:\/\/kapitalis.com\/tunisie\/#\/schema\/person\/d71f33a9ca44f7bad4698210b480c8e9\",\"name\":\"webmaster kapitalis\",\"url\":\"https:\/\/kapitalis.com\/tunisie\/author\/webmaster-kapitalis\/\"}]}<\/script>\n<!-- \/ Yoast SEO plugin. -->","yoast_head_json":{"title":"L\u2019Italie relance le port de Zarzis en Tunisie - Kapitalis","description":"Le port de Zarzis, en Tunisie, va \u00eatre de plus en plus utilis\u00e9 comme un pont commercial entre l'Italie et la Libye et le reste de l'Afrique.","robots":{"index":"index","follow":"follow","max-snippet":"max-snippet:-1","max-image-preview":"max-image-preview:large","max-video-preview":"max-video-preview:-1"},"canonical":"https:\/\/kapitalis.com\/tunisie\/2026\/04\/26\/litalie-relance-le-port-de-zarzis-en-tunisie\/","og_locale":"fr_FR","og_type":"article","og_title":"L\u2019Italie relance le port de Zarzis en Tunisie - Kapitalis","og_description":"Le port de Zarzis, en Tunisie, va \u00eatre de plus en plus utilis\u00e9 comme un pont commercial entre l'Italie et la Libye et le reste de l'Afrique.","og_url":"https:\/\/kapitalis.com\/tunisie\/2026\/04\/26\/litalie-relance-le-port-de-zarzis-en-tunisie\/","og_site_name":"Kapitalis","article_publisher":"https:\/\/www.facebook.com\/KapitalisInfo\/","article_published_time":"2026-04-26T10:01:09+00:00","article_modified_time":"2026-04-27T12:22:32+00:00","og_image":[{"width":1200,"height":630,"url":"https:\/\/kapitalis.com\/tunisie\/wp-content\/uploads\/2023\/02\/Port-de-Zarzis.jpg","type":"image\/jpeg"}],"author":"webmaster kapitalis","twitter_card":"summary_large_image","twitter_creator":"@KapitalisInfo","twitter_site":"@KapitalisInfo","twitter_misc":{"\u00c9crit par":"webmaster kapitalis","Dur\u00e9e de lecture estim\u00e9e":"4 minutes"},"schema":{"@context":"https:\/\/schema.org","@graph":[{"@type":"Article","@id":"https:\/\/kapitalis.com\/tunisie\/2026\/04\/26\/litalie-relance-le-port-de-zarzis-en-tunisie\/#article","isPartOf":{"@id":"https:\/\/kapitalis.com\/tunisie\/2026\/04\/26\/litalie-relance-le-port-de-zarzis-en-tunisie\/"},"author":{"name":"webmaster kapitalis","@id":"https:\/\/kapitalis.com\/tunisie\/#\/schema\/person\/d71f33a9ca44f7bad4698210b480c8e9"},"headline":"L\u2019Italie relance le port de Zarzis en Tunisie","datePublished":"2026-04-26T10:01:09+00:00","dateModified":"2026-04-27T12:22:32+00:00","mainEntityOfPage":{"@id":"https:\/\/kapitalis.com\/tunisie\/2026\/04\/26\/litalie-relance-le-port-de-zarzis-en-tunisie\/"},"wordCount":622,"commentCount":1,"publisher":{"@id":"https:\/\/kapitalis.com\/tunisie\/#organization"},"image":{"@id":"https:\/\/kapitalis.com\/tunisie\/2026\/04\/26\/litalie-relance-le-port-de-zarzis-en-tunisie\/#primaryimage"},"thumbnailUrl":"https:\/\/kapitalis.com\/tunisie\/wp-content\/uploads\/2023\/02\/Port-de-Zarzis.jpg","keywords":["Afrique","Gioia Tauro","Italie","Port de Rad\u00e8s","port de Zarzis","Tozeur","Tunisie"],"articleSection":["ECONOMIE","Tunisie"],"inLanguage":"fr-FR","potentialAction":[{"@type":"CommentAction","name":"Comment","target":["https:\/\/kapitalis.com\/tunisie\/2026\/04\/26\/litalie-relance-le-port-de-zarzis-en-tunisie\/#respond"]}]},{"@type":"WebPage","@id":"https:\/\/kapitalis.com\/tunisie\/2026\/04\/26\/litalie-relance-le-port-de-zarzis-en-tunisie\/","url":"https:\/\/kapitalis.com\/tunisie\/2026\/04\/26\/litalie-relance-le-port-de-zarzis-en-tunisie\/","name":"L\u2019Italie relance le port de Zarzis en Tunisie - Kapitalis","isPartOf":{"@id":"https:\/\/kapitalis.com\/tunisie\/#website"},"primaryImageOfPage":{"@id":"https:\/\/kapitalis.com\/tunisie\/2026\/04\/26\/litalie-relance-le-port-de-zarzis-en-tunisie\/#primaryimage"},"image":{"@id":"https:\/\/kapitalis.com\/tunisie\/2026\/04\/26\/litalie-relance-le-port-de-zarzis-en-tunisie\/#primaryimage"},"thumbnailUrl":"https:\/\/kapitalis.com\/tunisie\/wp-content\/uploads\/2023\/02\/Port-de-Zarzis.jpg","datePublished":"2026-04-26T10:01:09+00:00","dateModified":"2026-04-27T12:22:32+00:00","description":"Le port de Zarzis, en Tunisie, va \u00eatre de plus en plus utilis\u00e9 comme un pont commercial entre l'Italie et la Libye et le reste de l'Afrique.","breadcrumb":{"@id":"https:\/\/kapitalis.com\/tunisie\/2026\/04\/26\/litalie-relance-le-port-de-zarzis-en-tunisie\/#breadcrumb"},"inLanguage":"fr-FR","potentialAction":[{"@type":"ReadAction","target":["https:\/\/kapitalis.com\/tunisie\/2026\/04\/26\/litalie-relance-le-port-de-zarzis-en-tunisie\/"]}]},{"@type":"ImageObject","inLanguage":"fr-FR","@id":"https:\/\/kapitalis.com\/tunisie\/2026\/04\/26\/litalie-relance-le-port-de-zarzis-en-tunisie\/#primaryimage","url":"https:\/\/kapitalis.com\/tunisie\/wp-content\/uploads\/2023\/02\/Port-de-Zarzis.jpg","contentUrl":"https:\/\/kapitalis.com\/tunisie\/wp-content\/uploads\/2023\/02\/Port-de-Zarzis.jpg","width":1200,"height":630},{"@type":"BreadcrumbList","@id":"https:\/\/kapitalis.com\/tunisie\/2026\/04\/26\/litalie-relance-le-port-de-zarzis-en-tunisie\/#breadcrumb","itemListElement":[{"@type":"ListItem","position":1,"name":"Accueil","item":"https:\/\/kapitalis.com\/tunisie\/"},{"@type":"ListItem","position":2,"name":"L\u2019Italie relance le port de Zarzis en Tunisie"}]},{"@type":"WebSite","@id":"https:\/\/kapitalis.com\/tunisie\/#website","url":"https:\/\/kapitalis.com\/tunisie\/","name":"Kapitalis","description":"L&#039;actualit\u00e9 en Tunisie et dans le monde","publisher":{"@id":"https:\/\/kapitalis.com\/tunisie\/#organization"},"potentialAction":[{"@type":"SearchAction","target":{"@type":"EntryPoint","urlTemplate":"https:\/\/kapitalis.com\/tunisie\/?s={search_term_string}"},"query-input":{"@type":"PropertyValueSpecification","valueRequired":true,"valueName":"search_term_string"}}],"inLanguage":"fr-FR"},{"@type":"Organization","@id":"https:\/\/kapitalis.com\/tunisie\/#organization","name":"Kapitalis","url":"https:\/\/kapitalis.com\/tunisie\/","logo":{"@type":"ImageObject","inLanguage":"fr-FR","@id":"https:\/\/kapitalis.com\/tunisie\/#\/schema\/logo\/image\/","url":"https:\/\/kapitalis.com\/tunisie\/wp-content\/uploads\/2022\/05\/Kapitalis-big-size.png","contentUrl":"https:\/\/kapitalis.com\/tunisie\/wp-content\/uploads\/2022\/05\/Kapitalis-big-size.png","width":5000,"height":1500,"caption":"Kapitalis"},"image":{"@id":"https:\/\/kapitalis.com\/tunisie\/#\/schema\/logo\/image\/"},"sameAs":["https:\/\/www.facebook.com\/KapitalisInfo\/","https:\/\/x.com\/KapitalisInfo","https:\/\/www.youtube.com\/channel\/UC-yDYrHyfFBWWZaOw3FPg9Q"]},{"@type":"Person","@id":"https:\/\/kapitalis.com\/tunisie\/#\/schema\/person\/d71f33a9ca44f7bad4698210b480c8e9","name":"webmaster kapitalis","url":"https:\/\/kapitalis.com\/tunisie\/author\/webmaster-kapitalis\/"}]}},"_links":{"self":[{"href":"https:\/\/kapitalis.com\/tunisie\/wp-json\/wp\/v2\/posts\/18691345","targetHints":{"allow":["GET"]}}],"collection":[{"href":"https:\/\/kapitalis.com\/tunisie\/wp-json\/wp\/v2\/posts"}],"about":[{"href":"https:\/\/kapitalis.com\/tunisie\/wp-json\/wp\/v2\/types\/post"}],"author":[{"embeddable":true,"href":"https:\/\/kapitalis.com\/tunisie\/wp-json\/wp\/v2\/users\/8"}],"replies":[{"embeddable":true,"href":"https:\/\/kapitalis.com\/tunisie\/wp-json\/wp\/v2\/comments?post=18691345"}],"version-history":[{"count":3,"href":"https:\/\/kapitalis.com\/tunisie\/wp-json\/wp\/v2\/posts\/18691345\/revisions"}],"predecessor-version":[{"id":18697283,"href":"https:\/\/kapitalis.com\/tunisie\/wp-json\/wp\/v2\/posts\/18691345\/revisions\/18697283"}],"wp:featuredmedia":[{"embeddable":true,"href":"https:\/\/kapitalis.com\/tunisie\/wp-json\/wp\/v2\/media\/6672540"}],"wp:attachment":[{"href":"https:\/\/kapitalis.com\/tunisie\/wp-json\/wp\/v2\/media?parent=18691345"}],"wp:term":[{"taxonomy":"category","embeddable":true,"href":"https:\/\/kapitalis.com\/tunisie\/wp-json\/wp\/v2\/categories?post=18691345"},{"taxonomy":"post_tag","embeddable":true,"href":"https:\/\/kapitalis.com\/tunisie\/wp-json\/wp\/v2\/tags?post=18691345"}],"curies":[{"name":"wp","href":"https:\/\/api.w.org\/{rel}","templated":true}]}}