{"id":18692003,"date":"2026-04-26T13:00:16","date_gmt":"2026-04-26T12:00:16","guid":{"rendered":"https:\/\/kapitalis.com\/tunisie\/?p=18692003"},"modified":"2026-04-26T13:14:37","modified_gmt":"2026-04-26T12:14:37","slug":"troubles-au-mali-la-tunisie-doit-securiser-ses-frontieres-terrestres","status":"publish","type":"post","link":"https:\/\/kapitalis.com\/tunisie\/2026\/04\/26\/troubles-au-mali-la-tunisie-doit-securiser-ses-frontieres-terrestres\/","title":{"rendered":"Troubles au Mali | La Tunisie doit s\u00e9curiser ses fronti\u00e8res terrestres !"},"content":{"rendered":"\n<p><strong><em>Ce qui se passe aujourd&rsquo;hui au Mali ce ne sont pas des troubles dans un pays lointain, mais une menace directe et urgente pour la s\u00e9curit\u00e9 nationale tunisienne. La Tunisie doit donc prendre les plus grandes pr\u00e9cautions pour s\u00e9curiser ses fronti\u00e8res d\u00e9sertiques les plus recul\u00e9es ainsi que ses fronti\u00e8res terrestres avec l&rsquo;Alg\u00e9rie et la Libye\u2026<\/em><\/strong><\/p>\n\n\n\n<p><strong>Sami Jallouli<\/strong> *<\/p>\n\n\n\n<!--more-->\n\n\n<div class=\"wp-block-image\">\n<figure class=\"alignleft size-full\"><img loading=\"lazy\" decoding=\"async\" width=\"200\" height=\"200\" src=\"https:\/\/kapitalis.com\/tunisie\/wp-content\/uploads\/2026\/01\/Sami-Jallouli-Portrait.jpg\" alt=\"\" class=\"wp-image-18207777\" srcset=\"https:\/\/kapitalis.com\/tunisie\/wp-content\/uploads\/2026\/01\/Sami-Jallouli-Portrait.jpg 200w, https:\/\/kapitalis.com\/tunisie\/wp-content\/uploads\/2026\/01\/Sami-Jallouli-Portrait-150x150.jpg 150w, https:\/\/kapitalis.com\/tunisie\/wp-content\/uploads\/2026\/01\/Sami-Jallouli-Portrait-120x120.jpg 120w\" sizes=\"auto, (max-width: 200px) 100vw, 200px\" \/><\/figure>\n<\/div>\n\n\n<p>Ce que vit aujourd\u2019hui le Mali n\u2019est pas un simple trouble passager, mais un profond bouleversement g\u00e9opolitique. Le probl\u00e8me d\u00e9passe le cadre des attaques internes ou des conflits locaux&nbsp;; nous sommes d\u00e9sormais confront\u00e9s \u00e0 un contexte r\u00e9gional complexe o\u00f9 les agendas de puissances \u00e9trang\u00e8res rivales se croisent, rendant la stabilit\u00e9 du Maghreb, y compris celle de la Tunisie, extr\u00eamement fragile.<\/p>\n\n\n\n<p>La Mauritanie a r\u00e9cemment protest\u00e9 contre l\u2019incursion des forces r\u00e9guli\u00e8res maliennes sur son territoire national\u2026<\/p>\n\n\n\n<p>Au niveau r\u00e9gional, le r\u00e9gime malien a d\u00e9clar\u00e9 son soutien explicite au Maroc sur la question du Sahara occidental et \u00e0 l\u2019initiative d\u2019autonomie sous souverainet\u00e9 marocaine\u2026<\/p>\n\n\n\n<h2 class=\"wp-block-heading\">Relation tendue entre l\u2019Alger et Bamako<\/h2>\n\n\n\n<p>Alors que le Maroc et l\u2019Alg\u00e9rie connaissent une crise diplomatique et s\u00e9curitaire prolong\u00e9e depuis les ann\u00e9es 1990, exacerb\u00e9e par l\u2019embargo \u00e9nerg\u00e9tique depuis 2021, l\u2019Alg\u00e9rie a connu une rupture similaire avec Bamako en 2025. Cette rupture a fait suite \u00e0 l&rsquo;annonce par l\u2019Alg\u00e9rie de la destruction d\u2019un drone \u00e0 sa fronti\u00e8re avec le Mali, \u00e0 la d\u00e9nonciation par Bamako de l\u2019Accord de paix d\u2019Alger de 2015 et \u00e0 son accusation selon laquelle l\u2019Alg\u00e9rie soutient des mouvements s\u00e9paratistes\u2026<\/p>\n\n\n\n<p>Dans ce climat tendu, la coordination et la coop\u00e9ration alg\u00e9ro-mauritaniennes se renforcent\u2026<\/p>\n\n\n\n<p>M\u00eame les grandes alliances ne sont pas \u00e9pargn\u00e9es par cette complexit\u00e9. La Russie, garante de la s\u00e9curit\u00e9 du r\u00e9gime malien actuel et li\u00e9e historiquement \u00e0 l\u2019Alg\u00e9rie, semble d\u00e9sormais en d\u00e9saccord avec cette derni\u00e8re quant \u00e0 la gestion de la crise malienne. Tandis que le Mali accuse l\u2019Alg\u00e9rie de soutenir les rebelles de l\u2019Azawad, l\u2019Alg\u00e9rie r\u00e9plique en accusant Bamako de collaborer avec des acteurs r\u00e9gionaux pour la d\u00e9stabiliser\u2026<\/p>\n\n\n\n<p>Cette situation explosive laisse pr\u00e9sager une explosion imminente qui pourrait d\u00e9border les fronti\u00e8res et embraser tous les pays voisins. Il ne s\u2019agit plus simplement d\u2019une r\u00e9bellion touareg ou d\u2019attaques de groupes arm\u00e9s&nbsp;; le Mali est devenu un champ de bataille par procuration o\u00f9 convergent des int\u00e9r\u00eats internationaux conflictuels, contraignant la Tunisie \u00e0 l\u2019\u00e9tat d\u2019alerte maximale\u2026<\/p>\n\n\n\n<p>La principale pr\u00e9occupation aujourd\u2019hui est l\u2019extension du conflit et les vagues de d\u00e9placements massifs de population qui en r\u00e9sultent, du Mali vers l\u2019Alg\u00e9rie, puis vers la Tunisie ou la Libye. Le danger r\u00e9side non seulement dans le nombre de personnes d\u00e9plac\u00e9es, mais aussi dans leur identit\u00e9, leurs origines et leurs nationalit\u00e9s.<\/p>\n\n\n\n<h2 class=\"wp-block-heading\">Les groupes arm\u00e9s peuvent s\u2019infiltrer facilement<\/h2>\n\n\n\n<p>Parmi des milliers de civils, des \u00e9l\u00e9ments radicaux li\u00e9s \u00e0 des groupes arm\u00e9s peuvent facilement s\u2019infiltrer par les routes d\u00e9sertiques accident\u00e9es. Le danger s\u2019intensifie si l\u2019Alg\u00e9rie, sous le poids de ses pressions s\u00e9curitaires et \u00e9conomiques, d\u00e9cide de ne pas absorber ces afflux massifs de personnes, faisant de la Tunisie une destination in\u00e9vitable. Ceux qui arrivent du Sahel sont souvent porteurs d\u2019une id\u00e9ologie radicale et poss\u00e8dent une vaste exp\u00e9rience du combat acquise dans les rudes environnements d\u00e9sertiques\u2026<\/p>\n\n\n\n<p>Du point de vue de la s\u00e9curit\u00e9, le vaste d\u00e9sert ne peut \u00eatre patrouill\u00e9 par les seuls moyens humains traditionnels. La Tunisie doit activer de toute urgence des syst\u00e8mes de reconnaissance a\u00e9rienne par drones de pointe et les relier \u00e0 des centres d\u2019op\u00e9rations s\u2019appuyant sur l\u2019intelligence artificielle, afin de distinguer avec pr\u00e9cision les mouvements de civils d\u00e9plac\u00e9s de ceux des groupes arm\u00e9s organis\u00e9s, quelles que soient les conditions naturelles\u2026<\/p>\n\n\n\n<p>Ce qui se passe au Mali n\u2019est pas un trouble dans un pays lointain, mais une menace directe et imm\u00e9diate pour la s\u00e9curit\u00e9 nationale tunisienne. La Tunisie doit donc faire preuve de la plus grande prudence et vigilance.<\/p>\n\n\n\n<p>Prot\u00e9gez vos fronti\u00e8res, non seulement par la force militaire, mais aussi par une vigilance technologique de pointe et une coordination r\u00e9gionale intelligente, car la stabilit\u00e9 de la Tunisie et du sud de la M\u00e9diterran\u00e9e repose avant tout sur la s\u00e9curisation de ce point crucial au c\u0153ur de notre d\u00e9sert et de nos fronti\u00e8res terrestres\u2026<\/p>\n\n\n\n<p><em>* Expert juridique.<\/em><\/p>\n\n\n\n<p><a href=\"https:\/\/www.facebook.com\/sami.jallouli\" target=\"_blank\" rel=\"noreferrer noopener\">Page facebook de l\u2019auteur<\/a>.<\/p>\n\n\n\n<figure class=\"wp-block-embed is-type-wp-embed is-provider-kapitalis wp-block-embed-kapitalis\"><div class=\"wp-block-embed__wrapper\">\n<blockquote class=\"wp-embedded-content\" data-secret=\"zRVxAYJsnG\"><a href=\"https:\/\/kapitalis.com\/tunisie\/2026\/04\/24\/le-sahara-et-le-trafic-detres-humains-vers-la-tunisie\/\">Le Sahara et le trafic d\u2019\u00eatres humains vers la Tunisie<\/a><\/blockquote><iframe loading=\"lazy\" class=\"wp-embedded-content\" sandbox=\"allow-scripts\" security=\"restricted\" style=\"position: absolute; visibility: hidden;\" title=\"\u00ab\u00a0Le Sahara et le trafic d\u2019\u00eatres humains vers la Tunisie\u00a0\u00bb &#8212; Kapitalis\" src=\"https:\/\/kapitalis.com\/tunisie\/2026\/04\/24\/le-sahara-et-le-trafic-detres-humains-vers-la-tunisie\/embed\/#?secret=kgbT7N4xKz#?secret=zRVxAYJsnG\" data-secret=\"zRVxAYJsnG\" width=\"600\" height=\"338\" frameborder=\"0\" marginwidth=\"0\" marginheight=\"0\" scrolling=\"no\"><\/iframe>\n<\/div><\/figure>\n","protected":false},"excerpt":{"rendered":"<p>Face aux troubles actuels au Mal, la Tunisie doit s\u00e9curiser ses fronti\u00e8res d\u00e9sertiques et terrestres avec l&rsquo;Alg\u00e9rie et la Libye. <\/p>\n","protected":false},"author":8,"featured_media":18692009,"comment_status":"open","ping_status":"open","sticky":false,"template":"","format":"standard","meta":{"footnotes":""},"categories":[992,997,1000,2433],"tags":[64,96781,94240,569,577,1527,3145,8656,126385],"class_list":["post-18692003","post","type-post","status-publish","format-standard","has-post-thumbnail","hentry","category-a-la-une","category-politique","category-tribune","category-tunisie","tag-algerie","tag-azawad","tag-groupes-armes","tag-mali","tag-maroc","tag-mauritanie","tag-migrants","tag-sahara","tag-sami-jallouli"],"yoast_head":"<!-- This site is optimized with the Yoast SEO plugin v26.6 - https:\/\/yoast.com\/wordpress\/plugins\/seo\/ -->\n<title>Troubles au Mali | La Tunisie doit s\u00e9curiser ses fronti\u00e8res terrestres ! - Kapitalis<\/title>\n<meta name=\"description\" content=\"Face aux troubles actuels au Mal, la Tunisie doit s\u00e9curiser ses fronti\u00e8res d\u00e9sertiques et terrestres avec l&#039;Alg\u00e9rie et la Libye.\" \/>\n<meta name=\"robots\" content=\"index, follow, max-snippet:-1, max-image-preview:large, max-video-preview:-1\" \/>\n<link rel=\"canonical\" href=\"https:\/\/kapitalis.com\/tunisie\/2026\/04\/26\/troubles-au-mali-la-tunisie-doit-securiser-ses-frontieres-terrestres\/\" \/>\n<meta property=\"og:locale\" content=\"fr_FR\" \/>\n<meta property=\"og:type\" content=\"article\" \/>\n<meta property=\"og:title\" content=\"Troubles au Mali | La Tunisie doit s\u00e9curiser ses fronti\u00e8res terrestres ! - Kapitalis\" \/>\n<meta property=\"og:description\" content=\"Face aux troubles actuels au Mal, la Tunisie doit s\u00e9curiser ses fronti\u00e8res d\u00e9sertiques et terrestres avec l&#039;Alg\u00e9rie et la Libye.\" \/>\n<meta property=\"og:url\" content=\"https:\/\/kapitalis.com\/tunisie\/2026\/04\/26\/troubles-au-mali-la-tunisie-doit-securiser-ses-frontieres-terrestres\/\" \/>\n<meta property=\"og:site_name\" content=\"Kapitalis\" \/>\n<meta property=\"article:publisher\" content=\"https:\/\/www.facebook.com\/KapitalisInfo\/\" \/>\n<meta property=\"article:published_time\" content=\"2026-04-26T12:00:16+00:00\" \/>\n<meta property=\"article:modified_time\" content=\"2026-04-26T12:14:37+00:00\" \/>\n<meta property=\"og:image\" content=\"https:\/\/kapitalis.com\/tunisie\/wp-content\/uploads\/2026\/04\/Migrants-Sahara.jpg\" \/>\n\t<meta property=\"og:image:width\" content=\"1200\" \/>\n\t<meta property=\"og:image:height\" content=\"630\" \/>\n\t<meta property=\"og:image:type\" content=\"image\/jpeg\" \/>\n<meta name=\"author\" content=\"webmaster kapitalis\" \/>\n<meta name=\"twitter:card\" content=\"summary_large_image\" \/>\n<meta name=\"twitter:creator\" content=\"@KapitalisInfo\" \/>\n<meta name=\"twitter:site\" content=\"@KapitalisInfo\" \/>\n<meta name=\"twitter:label1\" content=\"\u00c9crit par\" \/>\n\t<meta name=\"twitter:data1\" content=\"webmaster kapitalis\" \/>\n\t<meta name=\"twitter:label2\" content=\"Dur\u00e9e de lecture estim\u00e9e\" \/>\n\t<meta name=\"twitter:data2\" content=\"4 minutes\" \/>\n<script type=\"application\/ld+json\" class=\"yoast-schema-graph\">{\"@context\":\"https:\/\/schema.org\",\"@graph\":[{\"@type\":\"Article\",\"@id\":\"https:\/\/kapitalis.com\/tunisie\/2026\/04\/26\/troubles-au-mali-la-tunisie-doit-securiser-ses-frontieres-terrestres\/#article\",\"isPartOf\":{\"@id\":\"https:\/\/kapitalis.com\/tunisie\/2026\/04\/26\/troubles-au-mali-la-tunisie-doit-securiser-ses-frontieres-terrestres\/\"},\"author\":{\"name\":\"webmaster kapitalis\",\"@id\":\"https:\/\/kapitalis.com\/tunisie\/#\/schema\/person\/d71f33a9ca44f7bad4698210b480c8e9\"},\"headline\":\"Troubles au Mali | La Tunisie doit s\u00e9curiser ses fronti\u00e8res terrestres !\",\"datePublished\":\"2026-04-26T12:00:16+00:00\",\"dateModified\":\"2026-04-26T12:14:37+00:00\",\"mainEntityOfPage\":{\"@id\":\"https:\/\/kapitalis.com\/tunisie\/2026\/04\/26\/troubles-au-mali-la-tunisie-doit-securiser-ses-frontieres-terrestres\/\"},\"wordCount\":814,\"commentCount\":0,\"publisher\":{\"@id\":\"https:\/\/kapitalis.com\/tunisie\/#organization\"},\"image\":{\"@id\":\"https:\/\/kapitalis.com\/tunisie\/2026\/04\/26\/troubles-au-mali-la-tunisie-doit-securiser-ses-frontieres-terrestres\/#primaryimage\"},\"thumbnailUrl\":\"https:\/\/kapitalis.com\/tunisie\/wp-content\/uploads\/2026\/04\/Migrants-Sahara.jpg\",\"keywords\":[\"Alg\u00e9rie\",\"Azawad\",\"groupes arm\u00e9s\",\"Mali\",\"Maroc\",\"Mauritanie\",\"migrants\",\"Sahara\",\"Sami Jallouli\"],\"articleSection\":[\"A LA UNE\",\"POLITIQUE\",\"TRIBUNE\",\"Tunisie\"],\"inLanguage\":\"fr-FR\",\"potentialAction\":[{\"@type\":\"CommentAction\",\"name\":\"Comment\",\"target\":[\"https:\/\/kapitalis.com\/tunisie\/2026\/04\/26\/troubles-au-mali-la-tunisie-doit-securiser-ses-frontieres-terrestres\/#respond\"]}]},{\"@type\":\"WebPage\",\"@id\":\"https:\/\/kapitalis.com\/tunisie\/2026\/04\/26\/troubles-au-mali-la-tunisie-doit-securiser-ses-frontieres-terrestres\/\",\"url\":\"https:\/\/kapitalis.com\/tunisie\/2026\/04\/26\/troubles-au-mali-la-tunisie-doit-securiser-ses-frontieres-terrestres\/\",\"name\":\"Troubles au Mali | La Tunisie doit s\u00e9curiser ses fronti\u00e8res terrestres ! - Kapitalis\",\"isPartOf\":{\"@id\":\"https:\/\/kapitalis.com\/tunisie\/#website\"},\"primaryImageOfPage\":{\"@id\":\"https:\/\/kapitalis.com\/tunisie\/2026\/04\/26\/troubles-au-mali-la-tunisie-doit-securiser-ses-frontieres-terrestres\/#primaryimage\"},\"image\":{\"@id\":\"https:\/\/kapitalis.com\/tunisie\/2026\/04\/26\/troubles-au-mali-la-tunisie-doit-securiser-ses-frontieres-terrestres\/#primaryimage\"},\"thumbnailUrl\":\"https:\/\/kapitalis.com\/tunisie\/wp-content\/uploads\/2026\/04\/Migrants-Sahara.jpg\",\"datePublished\":\"2026-04-26T12:00:16+00:00\",\"dateModified\":\"2026-04-26T12:14:37+00:00\",\"description\":\"Face aux troubles actuels au Mal, la Tunisie doit s\u00e9curiser ses fronti\u00e8res d\u00e9sertiques et terrestres avec l'Alg\u00e9rie et la Libye.\",\"breadcrumb\":{\"@id\":\"https:\/\/kapitalis.com\/tunisie\/2026\/04\/26\/troubles-au-mali-la-tunisie-doit-securiser-ses-frontieres-terrestres\/#breadcrumb\"},\"inLanguage\":\"fr-FR\",\"potentialAction\":[{\"@type\":\"ReadAction\",\"target\":[\"https:\/\/kapitalis.com\/tunisie\/2026\/04\/26\/troubles-au-mali-la-tunisie-doit-securiser-ses-frontieres-terrestres\/\"]}]},{\"@type\":\"ImageObject\",\"inLanguage\":\"fr-FR\",\"@id\":\"https:\/\/kapitalis.com\/tunisie\/2026\/04\/26\/troubles-au-mali-la-tunisie-doit-securiser-ses-frontieres-terrestres\/#primaryimage\",\"url\":\"https:\/\/kapitalis.com\/tunisie\/wp-content\/uploads\/2026\/04\/Migrants-Sahara.jpg\",\"contentUrl\":\"https:\/\/kapitalis.com\/tunisie\/wp-content\/uploads\/2026\/04\/Migrants-Sahara.jpg\",\"width\":1200,\"height\":630},{\"@type\":\"BreadcrumbList\",\"@id\":\"https:\/\/kapitalis.com\/tunisie\/2026\/04\/26\/troubles-au-mali-la-tunisie-doit-securiser-ses-frontieres-terrestres\/#breadcrumb\",\"itemListElement\":[{\"@type\":\"ListItem\",\"position\":1,\"name\":\"Accueil\",\"item\":\"https:\/\/kapitalis.com\/tunisie\/\"},{\"@type\":\"ListItem\",\"position\":2,\"name\":\"Troubles au Mali | La Tunisie doit s\u00e9curiser ses fronti\u00e8res terrestres !\"}]},{\"@type\":\"WebSite\",\"@id\":\"https:\/\/kapitalis.com\/tunisie\/#website\",\"url\":\"https:\/\/kapitalis.com\/tunisie\/\",\"name\":\"Kapitalis\",\"description\":\"L&#039;actualit\u00e9 en Tunisie et dans le monde\",\"publisher\":{\"@id\":\"https:\/\/kapitalis.com\/tunisie\/#organization\"},\"potentialAction\":[{\"@type\":\"SearchAction\",\"target\":{\"@type\":\"EntryPoint\",\"urlTemplate\":\"https:\/\/kapitalis.com\/tunisie\/?s={search_term_string}\"},\"query-input\":{\"@type\":\"PropertyValueSpecification\",\"valueRequired\":true,\"valueName\":\"search_term_string\"}}],\"inLanguage\":\"fr-FR\"},{\"@type\":\"Organization\",\"@id\":\"https:\/\/kapitalis.com\/tunisie\/#organization\",\"name\":\"Kapitalis\",\"url\":\"https:\/\/kapitalis.com\/tunisie\/\",\"logo\":{\"@type\":\"ImageObject\",\"inLanguage\":\"fr-FR\",\"@id\":\"https:\/\/kapitalis.com\/tunisie\/#\/schema\/logo\/image\/\",\"url\":\"https:\/\/kapitalis.com\/tunisie\/wp-content\/uploads\/2022\/05\/Kapitalis-big-size.png\",\"contentUrl\":\"https:\/\/kapitalis.com\/tunisie\/wp-content\/uploads\/2022\/05\/Kapitalis-big-size.png\",\"width\":5000,\"height\":1500,\"caption\":\"Kapitalis\"},\"image\":{\"@id\":\"https:\/\/kapitalis.com\/tunisie\/#\/schema\/logo\/image\/\"},\"sameAs\":[\"https:\/\/www.facebook.com\/KapitalisInfo\/\",\"https:\/\/x.com\/KapitalisInfo\",\"https:\/\/www.youtube.com\/channel\/UC-yDYrHyfFBWWZaOw3FPg9Q\"]},{\"@type\":\"Person\",\"@id\":\"https:\/\/kapitalis.com\/tunisie\/#\/schema\/person\/d71f33a9ca44f7bad4698210b480c8e9\",\"name\":\"webmaster kapitalis\",\"url\":\"https:\/\/kapitalis.com\/tunisie\/author\/webmaster-kapitalis\/\"}]}<\/script>\n<!-- \/ Yoast SEO plugin. -->","yoast_head_json":{"title":"Troubles au Mali | La Tunisie doit s\u00e9curiser ses fronti\u00e8res terrestres ! - Kapitalis","description":"Face aux troubles actuels au Mal, la Tunisie doit s\u00e9curiser ses fronti\u00e8res d\u00e9sertiques et terrestres avec l'Alg\u00e9rie et la Libye.","robots":{"index":"index","follow":"follow","max-snippet":"max-snippet:-1","max-image-preview":"max-image-preview:large","max-video-preview":"max-video-preview:-1"},"canonical":"https:\/\/kapitalis.com\/tunisie\/2026\/04\/26\/troubles-au-mali-la-tunisie-doit-securiser-ses-frontieres-terrestres\/","og_locale":"fr_FR","og_type":"article","og_title":"Troubles au Mali | La Tunisie doit s\u00e9curiser ses fronti\u00e8res terrestres ! - Kapitalis","og_description":"Face aux troubles actuels au Mal, la Tunisie doit s\u00e9curiser ses fronti\u00e8res d\u00e9sertiques et terrestres avec l'Alg\u00e9rie et la Libye.","og_url":"https:\/\/kapitalis.com\/tunisie\/2026\/04\/26\/troubles-au-mali-la-tunisie-doit-securiser-ses-frontieres-terrestres\/","og_site_name":"Kapitalis","article_publisher":"https:\/\/www.facebook.com\/KapitalisInfo\/","article_published_time":"2026-04-26T12:00:16+00:00","article_modified_time":"2026-04-26T12:14:37+00:00","og_image":[{"width":1200,"height":630,"url":"https:\/\/kapitalis.com\/tunisie\/wp-content\/uploads\/2026\/04\/Migrants-Sahara.jpg","type":"image\/jpeg"}],"author":"webmaster kapitalis","twitter_card":"summary_large_image","twitter_creator":"@KapitalisInfo","twitter_site":"@KapitalisInfo","twitter_misc":{"\u00c9crit par":"webmaster kapitalis","Dur\u00e9e de lecture estim\u00e9e":"4 minutes"},"schema":{"@context":"https:\/\/schema.org","@graph":[{"@type":"Article","@id":"https:\/\/kapitalis.com\/tunisie\/2026\/04\/26\/troubles-au-mali-la-tunisie-doit-securiser-ses-frontieres-terrestres\/#article","isPartOf":{"@id":"https:\/\/kapitalis.com\/tunisie\/2026\/04\/26\/troubles-au-mali-la-tunisie-doit-securiser-ses-frontieres-terrestres\/"},"author":{"name":"webmaster kapitalis","@id":"https:\/\/kapitalis.com\/tunisie\/#\/schema\/person\/d71f33a9ca44f7bad4698210b480c8e9"},"headline":"Troubles au Mali | La Tunisie doit s\u00e9curiser ses fronti\u00e8res terrestres !","datePublished":"2026-04-26T12:00:16+00:00","dateModified":"2026-04-26T12:14:37+00:00","mainEntityOfPage":{"@id":"https:\/\/kapitalis.com\/tunisie\/2026\/04\/26\/troubles-au-mali-la-tunisie-doit-securiser-ses-frontieres-terrestres\/"},"wordCount":814,"commentCount":0,"publisher":{"@id":"https:\/\/kapitalis.com\/tunisie\/#organization"},"image":{"@id":"https:\/\/kapitalis.com\/tunisie\/2026\/04\/26\/troubles-au-mali-la-tunisie-doit-securiser-ses-frontieres-terrestres\/#primaryimage"},"thumbnailUrl":"https:\/\/kapitalis.com\/tunisie\/wp-content\/uploads\/2026\/04\/Migrants-Sahara.jpg","keywords":["Alg\u00e9rie","Azawad","groupes arm\u00e9s","Mali","Maroc","Mauritanie","migrants","Sahara","Sami Jallouli"],"articleSection":["A LA UNE","POLITIQUE","TRIBUNE","Tunisie"],"inLanguage":"fr-FR","potentialAction":[{"@type":"CommentAction","name":"Comment","target":["https:\/\/kapitalis.com\/tunisie\/2026\/04\/26\/troubles-au-mali-la-tunisie-doit-securiser-ses-frontieres-terrestres\/#respond"]}]},{"@type":"WebPage","@id":"https:\/\/kapitalis.com\/tunisie\/2026\/04\/26\/troubles-au-mali-la-tunisie-doit-securiser-ses-frontieres-terrestres\/","url":"https:\/\/kapitalis.com\/tunisie\/2026\/04\/26\/troubles-au-mali-la-tunisie-doit-securiser-ses-frontieres-terrestres\/","name":"Troubles au Mali | La Tunisie doit s\u00e9curiser ses fronti\u00e8res terrestres ! - Kapitalis","isPartOf":{"@id":"https:\/\/kapitalis.com\/tunisie\/#website"},"primaryImageOfPage":{"@id":"https:\/\/kapitalis.com\/tunisie\/2026\/04\/26\/troubles-au-mali-la-tunisie-doit-securiser-ses-frontieres-terrestres\/#primaryimage"},"image":{"@id":"https:\/\/kapitalis.com\/tunisie\/2026\/04\/26\/troubles-au-mali-la-tunisie-doit-securiser-ses-frontieres-terrestres\/#primaryimage"},"thumbnailUrl":"https:\/\/kapitalis.com\/tunisie\/wp-content\/uploads\/2026\/04\/Migrants-Sahara.jpg","datePublished":"2026-04-26T12:00:16+00:00","dateModified":"2026-04-26T12:14:37+00:00","description":"Face aux troubles actuels au Mal, la Tunisie doit s\u00e9curiser ses fronti\u00e8res d\u00e9sertiques et terrestres avec l'Alg\u00e9rie et la Libye.","breadcrumb":{"@id":"https:\/\/kapitalis.com\/tunisie\/2026\/04\/26\/troubles-au-mali-la-tunisie-doit-securiser-ses-frontieres-terrestres\/#breadcrumb"},"inLanguage":"fr-FR","potentialAction":[{"@type":"ReadAction","target":["https:\/\/kapitalis.com\/tunisie\/2026\/04\/26\/troubles-au-mali-la-tunisie-doit-securiser-ses-frontieres-terrestres\/"]}]},{"@type":"ImageObject","inLanguage":"fr-FR","@id":"https:\/\/kapitalis.com\/tunisie\/2026\/04\/26\/troubles-au-mali-la-tunisie-doit-securiser-ses-frontieres-terrestres\/#primaryimage","url":"https:\/\/kapitalis.com\/tunisie\/wp-content\/uploads\/2026\/04\/Migrants-Sahara.jpg","contentUrl":"https:\/\/kapitalis.com\/tunisie\/wp-content\/uploads\/2026\/04\/Migrants-Sahara.jpg","width":1200,"height":630},{"@type":"BreadcrumbList","@id":"https:\/\/kapitalis.com\/tunisie\/2026\/04\/26\/troubles-au-mali-la-tunisie-doit-securiser-ses-frontieres-terrestres\/#breadcrumb","itemListElement":[{"@type":"ListItem","position":1,"name":"Accueil","item":"https:\/\/kapitalis.com\/tunisie\/"},{"@type":"ListItem","position":2,"name":"Troubles au Mali | La Tunisie doit s\u00e9curiser ses fronti\u00e8res terrestres !"}]},{"@type":"WebSite","@id":"https:\/\/kapitalis.com\/tunisie\/#website","url":"https:\/\/kapitalis.com\/tunisie\/","name":"Kapitalis","description":"L&#039;actualit\u00e9 en Tunisie et dans le monde","publisher":{"@id":"https:\/\/kapitalis.com\/tunisie\/#organization"},"potentialAction":[{"@type":"SearchAction","target":{"@type":"EntryPoint","urlTemplate":"https:\/\/kapitalis.com\/tunisie\/?s={search_term_string}"},"query-input":{"@type":"PropertyValueSpecification","valueRequired":true,"valueName":"search_term_string"}}],"inLanguage":"fr-FR"},{"@type":"Organization","@id":"https:\/\/kapitalis.com\/tunisie\/#organization","name":"Kapitalis","url":"https:\/\/kapitalis.com\/tunisie\/","logo":{"@type":"ImageObject","inLanguage":"fr-FR","@id":"https:\/\/kapitalis.com\/tunisie\/#\/schema\/logo\/image\/","url":"https:\/\/kapitalis.com\/tunisie\/wp-content\/uploads\/2022\/05\/Kapitalis-big-size.png","contentUrl":"https:\/\/kapitalis.com\/tunisie\/wp-content\/uploads\/2022\/05\/Kapitalis-big-size.png","width":5000,"height":1500,"caption":"Kapitalis"},"image":{"@id":"https:\/\/kapitalis.com\/tunisie\/#\/schema\/logo\/image\/"},"sameAs":["https:\/\/www.facebook.com\/KapitalisInfo\/","https:\/\/x.com\/KapitalisInfo","https:\/\/www.youtube.com\/channel\/UC-yDYrHyfFBWWZaOw3FPg9Q"]},{"@type":"Person","@id":"https:\/\/kapitalis.com\/tunisie\/#\/schema\/person\/d71f33a9ca44f7bad4698210b480c8e9","name":"webmaster kapitalis","url":"https:\/\/kapitalis.com\/tunisie\/author\/webmaster-kapitalis\/"}]}},"_links":{"self":[{"href":"https:\/\/kapitalis.com\/tunisie\/wp-json\/wp\/v2\/posts\/18692003","targetHints":{"allow":["GET"]}}],"collection":[{"href":"https:\/\/kapitalis.com\/tunisie\/wp-json\/wp\/v2\/posts"}],"about":[{"href":"https:\/\/kapitalis.com\/tunisie\/wp-json\/wp\/v2\/types\/post"}],"author":[{"embeddable":true,"href":"https:\/\/kapitalis.com\/tunisie\/wp-json\/wp\/v2\/users\/8"}],"replies":[{"embeddable":true,"href":"https:\/\/kapitalis.com\/tunisie\/wp-json\/wp\/v2\/comments?post=18692003"}],"version-history":[{"count":3,"href":"https:\/\/kapitalis.com\/tunisie\/wp-json\/wp\/v2\/posts\/18692003\/revisions"}],"predecessor-version":[{"id":18692138,"href":"https:\/\/kapitalis.com\/tunisie\/wp-json\/wp\/v2\/posts\/18692003\/revisions\/18692138"}],"wp:featuredmedia":[{"embeddable":true,"href":"https:\/\/kapitalis.com\/tunisie\/wp-json\/wp\/v2\/media\/18692009"}],"wp:attachment":[{"href":"https:\/\/kapitalis.com\/tunisie\/wp-json\/wp\/v2\/media?parent=18692003"}],"wp:term":[{"taxonomy":"category","embeddable":true,"href":"https:\/\/kapitalis.com\/tunisie\/wp-json\/wp\/v2\/categories?post=18692003"},{"taxonomy":"post_tag","embeddable":true,"href":"https:\/\/kapitalis.com\/tunisie\/wp-json\/wp\/v2\/tags?post=18692003"}],"curies":[{"name":"wp","href":"https:\/\/api.w.org\/{rel}","templated":true}]}}