{"id":18692526,"date":"2026-04-26T14:19:25","date_gmt":"2026-04-26T13:19:25","guid":{"rendered":"https:\/\/kapitalis.com\/tunisie\/?p=18692526"},"modified":"2026-04-26T14:19:27","modified_gmt":"2026-04-26T13:19:27","slug":"tunisie-mandat-darret-contre-le-journaliste-zied-el-hani","status":"publish","type":"post","link":"https:\/\/kapitalis.com\/tunisie\/2026\/04\/26\/tunisie-mandat-darret-contre-le-journaliste-zied-el-hani\/","title":{"rendered":"Tunisie | Mandat d\u2019arr\u00eat contre le journaliste Zied El Hani"},"content":{"rendered":"\n<p><strong><em>Un juge d\u2019instruction du tribunal de premi\u00e8re instance de Tunis a \u00e9mis ce dimanche 26 avril 2026 un mandat d\u2019arr\u00eat contre le journaliste Zied El Hani, qui devrait \u00eatre jug\u00e9 conform\u00e9ment \u00e0 l\u2019article 86 du Code des t\u00e9l\u00e9communications, a indiqu\u00e9 son avocat, Samir Dilou.<\/em><\/strong><\/p>\n\n\n\n<!--more-->\n\n\n\n<p>Le parquet de ce m\u00eame tribunal avait ordonn\u00e9 la d\u00e9tention d\u2019El Hani vendredi dernier pour outrage sur les r\u00e9seaux sociaux suite \u00e0 des propos qui lui sont attribu\u00e9s.<\/p>\n\n\n\n<p>Il avait \u00e9t\u00e9 auditionn\u00e9 par la 5<sup>e<\/sup> unit\u00e9 centrale de lutte contre la cybercriminalit\u00e9 de la Garde nationale d\u2019El Aouina.<\/p>\n\n\n\n<p>Un journaliste a comment\u00e9 cette d\u00e9cision en ces termes : <em>\u00abLe journalisme n\u2019est pas du harc\u00e8lement, et l\u2019analyse objective d\u2019une affaire class\u00e9e n\u2019est pas de la diffamation ; c\u2019est au contraire le r\u00f4le m\u00eame de l\u2019information comme moyen de contr\u00f4le d\u00e9mocratique , prot\u00e9g\u00e9 par la Constitution tunisienne et les conventions internationales.\u00bb<\/em><\/p>\n\n\n\n<p class=\"has-text-align-right\"><strong>I. B.<\/strong><\/p>\n","protected":false},"excerpt":{"rendered":"<p>Mandat d\u2019arr\u00eat contre le journaliste Zied El Hani, qui devrait \u00eatre jug\u00e9 conform\u00e9ment \u00e0 l\u2019article 86 du Code des t\u00e9l\u00e9communications. <\/p>\n","protected":false},"author":8,"featured_media":18692538,"comment_status":"open","ping_status":"open","sticky":false,"template":"","format":"standard","meta":{"footnotes":""},"categories":[996,997,2433],"tags":[128036,3756,62643,128026],"class_list":["post-18692526","post","type-post","status-publish","format-standard","has-post-thumbnail","hentry","category-media","category-politique","category-tunisie","tag-mandat-darret","tag-samir-dilou","tag-tunisie","tag-zied-el-hani-2"],"yoast_head":"<!-- This site is optimized with the Yoast SEO plugin v26.6 - https:\/\/yoast.com\/wordpress\/plugins\/seo\/ -->\n<title>Tunisie | Mandat d\u2019arr\u00eat contre le journaliste Zied El Hani - Kapitalis<\/title>\n<meta name=\"description\" content=\"Mandat d\u2019arr\u00eat contre le journaliste Zied El Hani, qui devrait \u00eatre jug\u00e9 conform\u00e9ment \u00e0 l\u2019article 86 du Code des t\u00e9l\u00e9communications.\" \/>\n<meta name=\"robots\" content=\"index, follow, max-snippet:-1, max-image-preview:large, max-video-preview:-1\" \/>\n<link rel=\"canonical\" href=\"https:\/\/kapitalis.com\/tunisie\/2026\/04\/26\/tunisie-mandat-darret-contre-le-journaliste-zied-el-hani\/\" \/>\n<meta property=\"og:locale\" content=\"fr_FR\" \/>\n<meta property=\"og:type\" content=\"article\" \/>\n<meta property=\"og:title\" content=\"Tunisie | Mandat d\u2019arr\u00eat contre le journaliste Zied El Hani - Kapitalis\" \/>\n<meta property=\"og:description\" content=\"Mandat d\u2019arr\u00eat contre le journaliste Zied El Hani, qui devrait \u00eatre jug\u00e9 conform\u00e9ment \u00e0 l\u2019article 86 du Code des t\u00e9l\u00e9communications.\" \/>\n<meta property=\"og:url\" content=\"https:\/\/kapitalis.com\/tunisie\/2026\/04\/26\/tunisie-mandat-darret-contre-le-journaliste-zied-el-hani\/\" \/>\n<meta property=\"og:site_name\" content=\"Kapitalis\" \/>\n<meta property=\"article:publisher\" content=\"https:\/\/www.facebook.com\/KapitalisInfo\/\" \/>\n<meta property=\"article:published_time\" content=\"2026-04-26T13:19:25+00:00\" \/>\n<meta property=\"article:modified_time\" content=\"2026-04-26T13:19:27+00:00\" \/>\n<meta property=\"og:image\" content=\"https:\/\/kapitalis.com\/tunisie\/wp-content\/uploads\/2026\/04\/Zied-El-Hani-SNJT.jpg\" \/>\n\t<meta property=\"og:image:width\" content=\"1200\" \/>\n\t<meta property=\"og:image:height\" content=\"630\" \/>\n\t<meta property=\"og:image:type\" content=\"image\/jpeg\" \/>\n<meta name=\"author\" content=\"webmaster kapitalis\" \/>\n<meta name=\"twitter:card\" content=\"summary_large_image\" \/>\n<meta name=\"twitter:creator\" content=\"@KapitalisInfo\" \/>\n<meta name=\"twitter:site\" content=\"@KapitalisInfo\" \/>\n<meta name=\"twitter:label1\" content=\"\u00c9crit par\" \/>\n\t<meta name=\"twitter:data1\" content=\"webmaster kapitalis\" \/>\n\t<meta name=\"twitter:label2\" content=\"Dur\u00e9e de lecture estim\u00e9e\" \/>\n\t<meta name=\"twitter:data2\" content=\"1 minute\" \/>\n<script type=\"application\/ld+json\" class=\"yoast-schema-graph\">{\"@context\":\"https:\/\/schema.org\",\"@graph\":[{\"@type\":\"Article\",\"@id\":\"https:\/\/kapitalis.com\/tunisie\/2026\/04\/26\/tunisie-mandat-darret-contre-le-journaliste-zied-el-hani\/#article\",\"isPartOf\":{\"@id\":\"https:\/\/kapitalis.com\/tunisie\/2026\/04\/26\/tunisie-mandat-darret-contre-le-journaliste-zied-el-hani\/\"},\"author\":{\"name\":\"webmaster kapitalis\",\"@id\":\"https:\/\/kapitalis.com\/tunisie\/#\/schema\/person\/d71f33a9ca44f7bad4698210b480c8e9\"},\"headline\":\"Tunisie | Mandat d\u2019arr\u00eat contre le journaliste Zied El Hani\",\"datePublished\":\"2026-04-26T13:19:25+00:00\",\"dateModified\":\"2026-04-26T13:19:27+00:00\",\"mainEntityOfPage\":{\"@id\":\"https:\/\/kapitalis.com\/tunisie\/2026\/04\/26\/tunisie-mandat-darret-contre-le-journaliste-zied-el-hani\/\"},\"wordCount\":176,\"commentCount\":0,\"publisher\":{\"@id\":\"https:\/\/kapitalis.com\/tunisie\/#organization\"},\"image\":{\"@id\":\"https:\/\/kapitalis.com\/tunisie\/2026\/04\/26\/tunisie-mandat-darret-contre-le-journaliste-zied-el-hani\/#primaryimage\"},\"thumbnailUrl\":\"https:\/\/kapitalis.com\/tunisie\/wp-content\/uploads\/2026\/04\/Zied-El-Hani-SNJT.jpg\",\"keywords\":[\"mandat d\u2019arr\u00eat\",\"Samir Dilou\",\"Tunisie\",\"Zied El Hani\"],\"articleSection\":[\"MEDIA\",\"POLITIQUE\",\"Tunisie\"],\"inLanguage\":\"fr-FR\",\"potentialAction\":[{\"@type\":\"CommentAction\",\"name\":\"Comment\",\"target\":[\"https:\/\/kapitalis.com\/tunisie\/2026\/04\/26\/tunisie-mandat-darret-contre-le-journaliste-zied-el-hani\/#respond\"]}]},{\"@type\":\"WebPage\",\"@id\":\"https:\/\/kapitalis.com\/tunisie\/2026\/04\/26\/tunisie-mandat-darret-contre-le-journaliste-zied-el-hani\/\",\"url\":\"https:\/\/kapitalis.com\/tunisie\/2026\/04\/26\/tunisie-mandat-darret-contre-le-journaliste-zied-el-hani\/\",\"name\":\"Tunisie | Mandat d\u2019arr\u00eat contre le journaliste Zied El Hani - Kapitalis\",\"isPartOf\":{\"@id\":\"https:\/\/kapitalis.com\/tunisie\/#website\"},\"primaryImageOfPage\":{\"@id\":\"https:\/\/kapitalis.com\/tunisie\/2026\/04\/26\/tunisie-mandat-darret-contre-le-journaliste-zied-el-hani\/#primaryimage\"},\"image\":{\"@id\":\"https:\/\/kapitalis.com\/tunisie\/2026\/04\/26\/tunisie-mandat-darret-contre-le-journaliste-zied-el-hani\/#primaryimage\"},\"thumbnailUrl\":\"https:\/\/kapitalis.com\/tunisie\/wp-content\/uploads\/2026\/04\/Zied-El-Hani-SNJT.jpg\",\"datePublished\":\"2026-04-26T13:19:25+00:00\",\"dateModified\":\"2026-04-26T13:19:27+00:00\",\"description\":\"Mandat d\u2019arr\u00eat contre le journaliste Zied El Hani, qui devrait \u00eatre jug\u00e9 conform\u00e9ment \u00e0 l\u2019article 86 du Code des t\u00e9l\u00e9communications.\",\"breadcrumb\":{\"@id\":\"https:\/\/kapitalis.com\/tunisie\/2026\/04\/26\/tunisie-mandat-darret-contre-le-journaliste-zied-el-hani\/#breadcrumb\"},\"inLanguage\":\"fr-FR\",\"potentialAction\":[{\"@type\":\"ReadAction\",\"target\":[\"https:\/\/kapitalis.com\/tunisie\/2026\/04\/26\/tunisie-mandat-darret-contre-le-journaliste-zied-el-hani\/\"]}]},{\"@type\":\"ImageObject\",\"inLanguage\":\"fr-FR\",\"@id\":\"https:\/\/kapitalis.com\/tunisie\/2026\/04\/26\/tunisie-mandat-darret-contre-le-journaliste-zied-el-hani\/#primaryimage\",\"url\":\"https:\/\/kapitalis.com\/tunisie\/wp-content\/uploads\/2026\/04\/Zied-El-Hani-SNJT.jpg\",\"contentUrl\":\"https:\/\/kapitalis.com\/tunisie\/wp-content\/uploads\/2026\/04\/Zied-El-Hani-SNJT.jpg\",\"width\":1200,\"height\":630},{\"@type\":\"BreadcrumbList\",\"@id\":\"https:\/\/kapitalis.com\/tunisie\/2026\/04\/26\/tunisie-mandat-darret-contre-le-journaliste-zied-el-hani\/#breadcrumb\",\"itemListElement\":[{\"@type\":\"ListItem\",\"position\":1,\"name\":\"Accueil\",\"item\":\"https:\/\/kapitalis.com\/tunisie\/\"},{\"@type\":\"ListItem\",\"position\":2,\"name\":\"Tunisie | Mandat d\u2019arr\u00eat contre le journaliste Zied El Hani\"}]},{\"@type\":\"WebSite\",\"@id\":\"https:\/\/kapitalis.com\/tunisie\/#website\",\"url\":\"https:\/\/kapitalis.com\/tunisie\/\",\"name\":\"Kapitalis\",\"description\":\"L&#039;actualit\u00e9 en Tunisie et dans le monde\",\"publisher\":{\"@id\":\"https:\/\/kapitalis.com\/tunisie\/#organization\"},\"potentialAction\":[{\"@type\":\"SearchAction\",\"target\":{\"@type\":\"EntryPoint\",\"urlTemplate\":\"https:\/\/kapitalis.com\/tunisie\/?s={search_term_string}\"},\"query-input\":{\"@type\":\"PropertyValueSpecification\",\"valueRequired\":true,\"valueName\":\"search_term_string\"}}],\"inLanguage\":\"fr-FR\"},{\"@type\":\"Organization\",\"@id\":\"https:\/\/kapitalis.com\/tunisie\/#organization\",\"name\":\"Kapitalis\",\"url\":\"https:\/\/kapitalis.com\/tunisie\/\",\"logo\":{\"@type\":\"ImageObject\",\"inLanguage\":\"fr-FR\",\"@id\":\"https:\/\/kapitalis.com\/tunisie\/#\/schema\/logo\/image\/\",\"url\":\"https:\/\/kapitalis.com\/tunisie\/wp-content\/uploads\/2022\/05\/Kapitalis-big-size.png\",\"contentUrl\":\"https:\/\/kapitalis.com\/tunisie\/wp-content\/uploads\/2022\/05\/Kapitalis-big-size.png\",\"width\":5000,\"height\":1500,\"caption\":\"Kapitalis\"},\"image\":{\"@id\":\"https:\/\/kapitalis.com\/tunisie\/#\/schema\/logo\/image\/\"},\"sameAs\":[\"https:\/\/www.facebook.com\/KapitalisInfo\/\",\"https:\/\/x.com\/KapitalisInfo\",\"https:\/\/www.youtube.com\/channel\/UC-yDYrHyfFBWWZaOw3FPg9Q\"]},{\"@type\":\"Person\",\"@id\":\"https:\/\/kapitalis.com\/tunisie\/#\/schema\/person\/d71f33a9ca44f7bad4698210b480c8e9\",\"name\":\"webmaster kapitalis\",\"url\":\"https:\/\/kapitalis.com\/tunisie\/author\/webmaster-kapitalis\/\"}]}<\/script>\n<!-- \/ Yoast SEO plugin. -->","yoast_head_json":{"title":"Tunisie | Mandat d\u2019arr\u00eat contre le journaliste Zied El Hani - Kapitalis","description":"Mandat d\u2019arr\u00eat contre le journaliste Zied El Hani, qui devrait \u00eatre jug\u00e9 conform\u00e9ment \u00e0 l\u2019article 86 du Code des t\u00e9l\u00e9communications.","robots":{"index":"index","follow":"follow","max-snippet":"max-snippet:-1","max-image-preview":"max-image-preview:large","max-video-preview":"max-video-preview:-1"},"canonical":"https:\/\/kapitalis.com\/tunisie\/2026\/04\/26\/tunisie-mandat-darret-contre-le-journaliste-zied-el-hani\/","og_locale":"fr_FR","og_type":"article","og_title":"Tunisie | Mandat d\u2019arr\u00eat contre le journaliste Zied El Hani - Kapitalis","og_description":"Mandat d\u2019arr\u00eat contre le journaliste Zied El Hani, qui devrait \u00eatre jug\u00e9 conform\u00e9ment \u00e0 l\u2019article 86 du Code des t\u00e9l\u00e9communications.","og_url":"https:\/\/kapitalis.com\/tunisie\/2026\/04\/26\/tunisie-mandat-darret-contre-le-journaliste-zied-el-hani\/","og_site_name":"Kapitalis","article_publisher":"https:\/\/www.facebook.com\/KapitalisInfo\/","article_published_time":"2026-04-26T13:19:25+00:00","article_modified_time":"2026-04-26T13:19:27+00:00","og_image":[{"width":1200,"height":630,"url":"https:\/\/kapitalis.com\/tunisie\/wp-content\/uploads\/2026\/04\/Zied-El-Hani-SNJT.jpg","type":"image\/jpeg"}],"author":"webmaster kapitalis","twitter_card":"summary_large_image","twitter_creator":"@KapitalisInfo","twitter_site":"@KapitalisInfo","twitter_misc":{"\u00c9crit par":"webmaster kapitalis","Dur\u00e9e de lecture estim\u00e9e":"1 minute"},"schema":{"@context":"https:\/\/schema.org","@graph":[{"@type":"Article","@id":"https:\/\/kapitalis.com\/tunisie\/2026\/04\/26\/tunisie-mandat-darret-contre-le-journaliste-zied-el-hani\/#article","isPartOf":{"@id":"https:\/\/kapitalis.com\/tunisie\/2026\/04\/26\/tunisie-mandat-darret-contre-le-journaliste-zied-el-hani\/"},"author":{"name":"webmaster kapitalis","@id":"https:\/\/kapitalis.com\/tunisie\/#\/schema\/person\/d71f33a9ca44f7bad4698210b480c8e9"},"headline":"Tunisie | Mandat d\u2019arr\u00eat contre le journaliste Zied El Hani","datePublished":"2026-04-26T13:19:25+00:00","dateModified":"2026-04-26T13:19:27+00:00","mainEntityOfPage":{"@id":"https:\/\/kapitalis.com\/tunisie\/2026\/04\/26\/tunisie-mandat-darret-contre-le-journaliste-zied-el-hani\/"},"wordCount":176,"commentCount":0,"publisher":{"@id":"https:\/\/kapitalis.com\/tunisie\/#organization"},"image":{"@id":"https:\/\/kapitalis.com\/tunisie\/2026\/04\/26\/tunisie-mandat-darret-contre-le-journaliste-zied-el-hani\/#primaryimage"},"thumbnailUrl":"https:\/\/kapitalis.com\/tunisie\/wp-content\/uploads\/2026\/04\/Zied-El-Hani-SNJT.jpg","keywords":["mandat d\u2019arr\u00eat","Samir Dilou","Tunisie","Zied El Hani"],"articleSection":["MEDIA","POLITIQUE","Tunisie"],"inLanguage":"fr-FR","potentialAction":[{"@type":"CommentAction","name":"Comment","target":["https:\/\/kapitalis.com\/tunisie\/2026\/04\/26\/tunisie-mandat-darret-contre-le-journaliste-zied-el-hani\/#respond"]}]},{"@type":"WebPage","@id":"https:\/\/kapitalis.com\/tunisie\/2026\/04\/26\/tunisie-mandat-darret-contre-le-journaliste-zied-el-hani\/","url":"https:\/\/kapitalis.com\/tunisie\/2026\/04\/26\/tunisie-mandat-darret-contre-le-journaliste-zied-el-hani\/","name":"Tunisie | Mandat d\u2019arr\u00eat contre le journaliste Zied El Hani - Kapitalis","isPartOf":{"@id":"https:\/\/kapitalis.com\/tunisie\/#website"},"primaryImageOfPage":{"@id":"https:\/\/kapitalis.com\/tunisie\/2026\/04\/26\/tunisie-mandat-darret-contre-le-journaliste-zied-el-hani\/#primaryimage"},"image":{"@id":"https:\/\/kapitalis.com\/tunisie\/2026\/04\/26\/tunisie-mandat-darret-contre-le-journaliste-zied-el-hani\/#primaryimage"},"thumbnailUrl":"https:\/\/kapitalis.com\/tunisie\/wp-content\/uploads\/2026\/04\/Zied-El-Hani-SNJT.jpg","datePublished":"2026-04-26T13:19:25+00:00","dateModified":"2026-04-26T13:19:27+00:00","description":"Mandat d\u2019arr\u00eat contre le journaliste Zied El Hani, qui devrait \u00eatre jug\u00e9 conform\u00e9ment \u00e0 l\u2019article 86 du Code des t\u00e9l\u00e9communications.","breadcrumb":{"@id":"https:\/\/kapitalis.com\/tunisie\/2026\/04\/26\/tunisie-mandat-darret-contre-le-journaliste-zied-el-hani\/#breadcrumb"},"inLanguage":"fr-FR","potentialAction":[{"@type":"ReadAction","target":["https:\/\/kapitalis.com\/tunisie\/2026\/04\/26\/tunisie-mandat-darret-contre-le-journaliste-zied-el-hani\/"]}]},{"@type":"ImageObject","inLanguage":"fr-FR","@id":"https:\/\/kapitalis.com\/tunisie\/2026\/04\/26\/tunisie-mandat-darret-contre-le-journaliste-zied-el-hani\/#primaryimage","url":"https:\/\/kapitalis.com\/tunisie\/wp-content\/uploads\/2026\/04\/Zied-El-Hani-SNJT.jpg","contentUrl":"https:\/\/kapitalis.com\/tunisie\/wp-content\/uploads\/2026\/04\/Zied-El-Hani-SNJT.jpg","width":1200,"height":630},{"@type":"BreadcrumbList","@id":"https:\/\/kapitalis.com\/tunisie\/2026\/04\/26\/tunisie-mandat-darret-contre-le-journaliste-zied-el-hani\/#breadcrumb","itemListElement":[{"@type":"ListItem","position":1,"name":"Accueil","item":"https:\/\/kapitalis.com\/tunisie\/"},{"@type":"ListItem","position":2,"name":"Tunisie | Mandat d\u2019arr\u00eat contre le journaliste Zied El Hani"}]},{"@type":"WebSite","@id":"https:\/\/kapitalis.com\/tunisie\/#website","url":"https:\/\/kapitalis.com\/tunisie\/","name":"Kapitalis","description":"L&#039;actualit\u00e9 en Tunisie et dans le monde","publisher":{"@id":"https:\/\/kapitalis.com\/tunisie\/#organization"},"potentialAction":[{"@type":"SearchAction","target":{"@type":"EntryPoint","urlTemplate":"https:\/\/kapitalis.com\/tunisie\/?s={search_term_string}"},"query-input":{"@type":"PropertyValueSpecification","valueRequired":true,"valueName":"search_term_string"}}],"inLanguage":"fr-FR"},{"@type":"Organization","@id":"https:\/\/kapitalis.com\/tunisie\/#organization","name":"Kapitalis","url":"https:\/\/kapitalis.com\/tunisie\/","logo":{"@type":"ImageObject","inLanguage":"fr-FR","@id":"https:\/\/kapitalis.com\/tunisie\/#\/schema\/logo\/image\/","url":"https:\/\/kapitalis.com\/tunisie\/wp-content\/uploads\/2022\/05\/Kapitalis-big-size.png","contentUrl":"https:\/\/kapitalis.com\/tunisie\/wp-content\/uploads\/2022\/05\/Kapitalis-big-size.png","width":5000,"height":1500,"caption":"Kapitalis"},"image":{"@id":"https:\/\/kapitalis.com\/tunisie\/#\/schema\/logo\/image\/"},"sameAs":["https:\/\/www.facebook.com\/KapitalisInfo\/","https:\/\/x.com\/KapitalisInfo","https:\/\/www.youtube.com\/channel\/UC-yDYrHyfFBWWZaOw3FPg9Q"]},{"@type":"Person","@id":"https:\/\/kapitalis.com\/tunisie\/#\/schema\/person\/d71f33a9ca44f7bad4698210b480c8e9","name":"webmaster kapitalis","url":"https:\/\/kapitalis.com\/tunisie\/author\/webmaster-kapitalis\/"}]}},"_links":{"self":[{"href":"https:\/\/kapitalis.com\/tunisie\/wp-json\/wp\/v2\/posts\/18692526","targetHints":{"allow":["GET"]}}],"collection":[{"href":"https:\/\/kapitalis.com\/tunisie\/wp-json\/wp\/v2\/posts"}],"about":[{"href":"https:\/\/kapitalis.com\/tunisie\/wp-json\/wp\/v2\/types\/post"}],"author":[{"embeddable":true,"href":"https:\/\/kapitalis.com\/tunisie\/wp-json\/wp\/v2\/users\/8"}],"replies":[{"embeddable":true,"href":"https:\/\/kapitalis.com\/tunisie\/wp-json\/wp\/v2\/comments?post=18692526"}],"version-history":[{"count":1,"href":"https:\/\/kapitalis.com\/tunisie\/wp-json\/wp\/v2\/posts\/18692526\/revisions"}],"predecessor-version":[{"id":18692550,"href":"https:\/\/kapitalis.com\/tunisie\/wp-json\/wp\/v2\/posts\/18692526\/revisions\/18692550"}],"wp:featuredmedia":[{"embeddable":true,"href":"https:\/\/kapitalis.com\/tunisie\/wp-json\/wp\/v2\/media\/18692538"}],"wp:attachment":[{"href":"https:\/\/kapitalis.com\/tunisie\/wp-json\/wp\/v2\/media?parent=18692526"}],"wp:term":[{"taxonomy":"category","embeddable":true,"href":"https:\/\/kapitalis.com\/tunisie\/wp-json\/wp\/v2\/categories?post=18692526"},{"taxonomy":"post_tag","embeddable":true,"href":"https:\/\/kapitalis.com\/tunisie\/wp-json\/wp\/v2\/tags?post=18692526"}],"curies":[{"name":"wp","href":"https:\/\/api.w.org\/{rel}","templated":true}]}}