{"id":18695763,"date":"2026-04-27T08:08:20","date_gmt":"2026-04-27T07:08:20","guid":{"rendered":"https:\/\/kapitalis.com\/tunisie\/?p=18695763"},"modified":"2026-04-27T08:08:22","modified_gmt":"2026-04-27T07:08:22","slug":"iran-divisions-a-propos-des-negociations-avec-les-americains","status":"publish","type":"post","link":"https:\/\/kapitalis.com\/tunisie\/2026\/04\/27\/iran-divisions-a-propos-des-negociations-avec-les-americains\/","title":{"rendered":"Iran | Divisions \u00e0 propos des n\u00e9gociations avec les Am\u00e9ricains"},"content":{"rendered":"\n<p><strong><em>Les tensions au sein du pouvoir iranien concernant les n\u00e9gociations avec les \u00c9tats-Unis qui ont \u00e9clat\u00e9 au grand jour soulignent la difficult\u00e9 pour le pr\u00e9sident Donald Trump d\u2019obtenir la perc\u00e9e diplomatique qu\u2019il recherche pour mettre fin \u00e0 la guerre et s\u2019extraire du bourbier iranien.<\/em><\/strong><\/p>\n\n\n\n<p><strong>Imed Bahri<\/strong><\/p>\n\n\n\n<!--more-->\n\n\n\n<p>Le <a href=\"https:\/\/www.wsj.com\/world\/middle-east\/irans-leadership-divisions-frustrate-efforts-to-make-progress-in-talks-f87fac3a\" target=\"_blank\" rel=\"noreferrer noopener\">Wall Street Journal<\/a> indique que ces d\u00e9saccords \u00e9taient d\u00e9j\u00e0 manifestes lors du premier cycle de pourparlers d\u00e9but avril. Selon des sources proches du dossier, les m\u00e9diateurs ont indiqu\u00e9 que l\u2019Iran \u00e9tait rest\u00e9 vague lorsque les \u00c9tats-Unis ont insist\u00e9 pour obtenir des pr\u00e9cisions sur les points que T\u00e9h\u00e9ran s\u2019\u00e9tait dit pr\u00eat \u00e0 aborder.<\/p>\n\n\n\n<p>Il est d\u00e9sormais clair que de profondes divisions existent au sein du pouvoir iranien quant \u00e0 l\u2019ampleur des concessions qui pourraient \u00eatre faites pour parvenir \u00e0 un accord avec les Am\u00e9ricains. Ces divisions inqui\u00e8tent les m\u00e9diateurs qui tentent d\u2019organiser un deuxi\u00e8me cycle de pourparlers apr\u00e8s l\u2019annulation d\u2019une r\u00e9union pr\u00e9vue la semaine derni\u00e8re en raison de l\u2019escalade des tensions dans le d\u00e9troit d\u2019Ormuz.<\/p>\n\n\n\n<p>La porte-parole de la Maison-Blanche Carolyn Leavitt avait d\u00e9clar\u00e9 que les envoy\u00e9s am\u00e9ricains Steve Wittkopf et Jared Kushner se rendraient \u00e0 Islamabad pour des entretiens avec des responsables iraniens ajoutant que le vice-pr\u00e9sident J.D. Vance \u00e9tait pr\u00eat \u00e0 les rejoindre en cas de progr\u00e8s. Finalement, Donald Trump a annul\u00e9 le voyage pr\u00e9vu de ses deux \u00e9missaires.<\/p>\n\n\n\n<h2 class=\"wp-block-heading\">Une coh\u00e9sion qui s\u2019\u00e9rode<\/h2>\n\n\n\n<p>Parall\u00e8lement, le ministre iranien des Affaires \u00e9trang\u00e8res Abbas Araghchi s\u2019est rendu \u00e0 Islamabad mais les m\u00e9dias d\u2019\u00c9tat iraniens ont rapport\u00e9 qu\u2019aucune rencontre n\u2019\u00e9tait pr\u00e9vue.<\/p>\n\n\n\n<p>L\u2019agence de presse Tasnim, affili\u00e9e aux Gardiens de la r\u00e9volution, a accus\u00e9 les \u00c9tats-Unis de diffuser des informations inexactes, affirmant : <em>\u00abIl n\u2019y a actuellement aucune n\u00e9gociation avec les Am\u00e9ricains et la visite d\u2019Araghchi n\u2019a rien \u00e0 voir avec des n\u00e9gociations\u00bb.&nbsp;<\/em><\/p>\n\n\n\n<p>Durant la guerre, les dirigeants iraniens ont fait preuve de coh\u00e9sion dans leur discours politique et ont maintenu un contr\u00f4le strict sur leurs forces arm\u00e9es.<\/p>\n\n\n\n<p>Cependant, cette coh\u00e9sion a commenc\u00e9 \u00e0 s\u2019\u00e9roder \u00e0 mesure qu\u2019ils s\u2019orientaient vers la recherche d\u2019un all\u00e8gement des sanctions par le biais d\u2019un accord avec Washington, ce qui impliquerait des concessions difficiles. Une lutte de pouvoir interne oppose actuellement les conservateurs -dont l\u2019influence s\u2019est accrue- aux responsables soucieux de relancer une \u00e9conomie exsangue.<\/p>\n\n\n\n<p>Les conservateurs exercent une pression croissante sur les n\u00e9gociateurs afin qu\u2019ils s\u2019abstiennent de toute concession. Ils utilisent les m\u00e9dias locaux et les r\u00e9seaux sociaux pour attaquer des n\u00e9gociateurs cl\u00e9s notamment le pr\u00e9sident du Parlement Mohammad Bagher Ghalibaf et le ministre des Affaires \u00e9trang\u00e8res Abbas Araghchi pour avoir accept\u00e9 d\u2019aborder le volet nucl\u00e9aire lors du premier round de n\u00e9gociations.<\/p>\n\n\n\n<p>Le d\u00e9put\u00e9 conservateur Mahmoud Nabavian, membre de la d\u00e9l\u00e9gation iranienne au Pakistan, a critiqu\u00e9 la gestion des n\u00e9gociations par Ghalibaf, d\u00e9clarant : <em>\u00abNous avons commis une erreur strat\u00e9gique en mettant la question nucl\u00e9aire \u00e0 l\u2019ordre du jour car cela a enhardi l\u2019ennemi\u00bb.&nbsp;<\/em><\/p>\n\n\n\n<p>Selon des sources bien inform\u00e9es, le commandant des Gardiens de la r\u00e9volution Ahmad Vahidi s\u2019est \u00e9galement oppos\u00e9 \u00e0 toute concession significative.<\/p>\n\n\n\n<p>Les analystes estiment que ces d\u00e9saccords au sein du r\u00e9gime iranien compliquent le processus de n\u00e9gociation et ralentissent les progr\u00e8s.<\/p>\n\n\n\n<h2 class=\"wp-block-heading\">La recherche d\u2019un consensus<\/h2>\n\n\n\n<p>Le premier cycle de n\u00e9gociations s\u2019\u00e9tait poursuivi tard dans la nuit au Pakistan. Jared Kushner s\u2019\u00e9tait entretenu avec Donald Trump et le secr\u00e9taire d\u2019\u00c9tat Marco Rubio avant que les \u00c9tats-Unis ne r\u00e9it\u00e8rent leur exigence d\u2019un moratoire de vingt ans sur l\u2019enrichissement d\u2019uranium par l\u2019Iran, ce qui a finalement conduit \u00e0 l\u2019\u00e9chec des n\u00e9gociations.<\/p>\n\n\n\n<p><em>\u00abLe processus d\u00e9cisionnel au plus haut niveau est entrav\u00e9 par l\u2019h\u00e9sitation et la lenteur et les d\u00e9bats internes sur les int\u00e9r\u00eats de l\u2019Iran retardent la recherche d\u2019un consensus\u00bb, <\/em>a d\u00e9clar\u00e9 Mohammad Amirsi, sp\u00e9cialiste du Moyen-Orient.<\/p>\n\n\n\n<p>Malgr\u00e9 cela, les dirigeants iraniens se sont empress\u00e9s de nier l\u2019existence de divisions<em>. \u00abIl n\u2019y a ni extr\u00e9mistes ni mod\u00e9r\u00e9s en Iran, nous sommes tous Iraniens et r\u00e9volutionnaires\u00bb<\/em>, a affirm\u00e9 Ghalibaf, tandis qu\u2019Araghchi et le pr\u00e9sident Massoud Pezeshkian ont publi\u00e9 des d\u00e9clarations quasi identiques.<\/p>\n\n\n\n<p>Certains experts estiment que cette divergence apparente pourrait \u00eatre une tactique visant \u00e0 accro\u00eetre la pression sur les \u00c9tats-Unis lors des n\u00e9gociations afin de les inciter \u00e0 assouplir les sanctions ou \u00e0 faire des concessions.<\/p>\n\n\n\n<p><em>\u00abDiff\u00e9rents cercles de pouvoir cherchent \u00e0 obtenir les meilleures conditions avant tout accord formel et feignent l\u2019h\u00e9sitation pour renforcer leur position de n\u00e9gociation\u00bb<\/em>, a d\u00e9clar\u00e9 le chercheur Saeed Golkar.<\/p>\n\n\n\n<p>Cependant, la poursuite de ce d\u00e9bat public comporte des risques internes car elle pourrait donner une image de faiblesse du r\u00e9gime aux yeux de l\u2019opinion publique.<\/p>\n\n\n\n<h2 class=\"wp-block-heading\">Absence d\u2019un leadership d\u00e9cisif<\/h2>\n\n\n\n<p>Ces divisions sont exacerb\u00e9es par l\u2019absence d\u2019un leadership fort et d\u00e9cisif. Depuis son accession au pouvoir apr\u00e8s l\u2019assassinat de son p\u00e8re au d\u00e9but de la guerre, le nouveau Guide supr\u00eame Mojtaba Khamene\u00ef n\u2019est pas apparu en public et serait isol\u00e9, possiblement malade et incapable de communiquer librement.<\/p>\n\n\n\n<p>L\u2019absence d\u2019une figure d\u00e9cisive \u00e0 ce stade complique consid\u00e9rablement la prise de d\u00e9cision en Iran, contrairement \u00e0 la situation \u00e0 la fin de la guerre Iran-Irak en 1988, lorsque l\u2019ayatollah Khomeini avait pris la difficile d\u00e9cision de mettre fin au conflit. Comme l\u2019a dit un expert : <em>\u00abContrairement \u00e0 1988, personne n\u2019est aujourd\u2019hui pr\u00eat \u00e0 boire dans le calice empoisonn\u00e9\u00bb.<\/em><\/p>\n\n\n\n<figure class=\"wp-block-embed alignleft is-type-wp-embed is-provider-kapitalis wp-block-embed-kapitalis\"><div class=\"wp-block-embed__wrapper\">\n<blockquote class=\"wp-embedded-content\" data-secret=\"1IdCDAHqpD\"><a href=\"https:\/\/kapitalis.com\/tunisie\/2026\/04\/15\/etats-unis-iran-les-negociations-butent-sur-ormuz-et-luranium\/\">Etats-Unis &#8211; Iran | Les n\u00e9gociations butent sur Ormuz et l\u2019uranium<\/a><\/blockquote><iframe loading=\"lazy\" class=\"wp-embedded-content\" sandbox=\"allow-scripts\" security=\"restricted\" style=\"position: absolute; visibility: hidden;\" title=\"\u00ab\u00a0Etats-Unis &#8211; Iran | Les n\u00e9gociations butent sur Ormuz et l\u2019uranium\u00a0\u00bb &#8212; Kapitalis\" src=\"https:\/\/kapitalis.com\/tunisie\/2026\/04\/15\/etats-unis-iran-les-negociations-butent-sur-ormuz-et-luranium\/embed\/#?secret=Sj7jn5GKKX#?secret=1IdCDAHqpD\" data-secret=\"1IdCDAHqpD\" width=\"600\" height=\"338\" frameborder=\"0\" marginwidth=\"0\" marginheight=\"0\" scrolling=\"no\"><\/iframe>\n<\/div><\/figure>\n","protected":false},"excerpt":{"rendered":"<p>Des tensions au sein du pouvoir iranien concernant les n\u00e9gociations avec les \u00c9tats-Unis ont \u00e9clat\u00e9 au grand jour. <\/p>\n","protected":false},"author":8,"featured_media":14470609,"comment_status":"open","ping_status":"open","sticky":false,"template":"","format":"standard","meta":{"footnotes":""},"categories":[992,997,2433],"tags":[118166,124372,113101,9054,115151,119265,123176,128037],"class_list":["post-18695763","post","type-post","status-publish","format-standard","has-post-thumbnail","hentry","category-a-la-une","category-politique","category-tunisie","tag-abbas-araghchi","tag-ahmad-vahidi","tag-detroit-dormuz","tag-donald-trump","tag-gardiens-de-la-revolution","tag-j-d-vance","tag-mohammad-bagher-ghalibaf","tag-steve-wittkopf"],"yoast_head":"<!-- This site is optimized with the Yoast SEO plugin v26.6 - https:\/\/yoast.com\/wordpress\/plugins\/seo\/ -->\n<title>Iran | Divisions \u00e0 propos des n\u00e9gociations avec les Am\u00e9ricains - Kapitalis<\/title>\n<meta name=\"description\" content=\"Des tensions au sein du pouvoir iranien concernant les n\u00e9gociations avec les \u00c9tats-Unis ont \u00e9clat\u00e9 au grand jour.\" \/>\n<meta name=\"robots\" content=\"index, follow, max-snippet:-1, max-image-preview:large, max-video-preview:-1\" \/>\n<link rel=\"canonical\" href=\"https:\/\/kapitalis.com\/tunisie\/2026\/04\/27\/iran-divisions-a-propos-des-negociations-avec-les-americains\/\" \/>\n<meta property=\"og:locale\" content=\"fr_FR\" \/>\n<meta property=\"og:type\" content=\"article\" \/>\n<meta property=\"og:title\" content=\"Iran | Divisions \u00e0 propos des n\u00e9gociations avec les Am\u00e9ricains - Kapitalis\" \/>\n<meta property=\"og:description\" content=\"Des tensions au sein du pouvoir iranien concernant les n\u00e9gociations avec les \u00c9tats-Unis ont \u00e9clat\u00e9 au grand jour.\" \/>\n<meta property=\"og:url\" content=\"https:\/\/kapitalis.com\/tunisie\/2026\/04\/27\/iran-divisions-a-propos-des-negociations-avec-les-americains\/\" \/>\n<meta property=\"og:site_name\" content=\"Kapitalis\" \/>\n<meta property=\"article:publisher\" content=\"https:\/\/www.facebook.com\/KapitalisInfo\/\" \/>\n<meta property=\"article:published_time\" content=\"2026-04-27T07:08:20+00:00\" \/>\n<meta property=\"article:modified_time\" content=\"2026-04-27T07:08:22+00:00\" \/>\n<meta property=\"og:image\" content=\"https:\/\/kapitalis.com\/tunisie\/wp-content\/uploads\/2024\/10\/Teheran.jpg\" \/>\n\t<meta property=\"og:image:width\" content=\"1200\" \/>\n\t<meta property=\"og:image:height\" content=\"630\" \/>\n\t<meta property=\"og:image:type\" content=\"image\/jpeg\" \/>\n<meta name=\"author\" content=\"webmaster kapitalis\" \/>\n<meta name=\"twitter:card\" content=\"summary_large_image\" \/>\n<meta name=\"twitter:creator\" content=\"@KapitalisInfo\" \/>\n<meta name=\"twitter:site\" content=\"@KapitalisInfo\" \/>\n<meta name=\"twitter:label1\" content=\"\u00c9crit par\" \/>\n\t<meta name=\"twitter:data1\" content=\"webmaster kapitalis\" \/>\n\t<meta name=\"twitter:label2\" content=\"Dur\u00e9e de lecture estim\u00e9e\" \/>\n\t<meta name=\"twitter:data2\" content=\"5 minutes\" \/>\n<script type=\"application\/ld+json\" class=\"yoast-schema-graph\">{\"@context\":\"https:\/\/schema.org\",\"@graph\":[{\"@type\":\"Article\",\"@id\":\"https:\/\/kapitalis.com\/tunisie\/2026\/04\/27\/iran-divisions-a-propos-des-negociations-avec-les-americains\/#article\",\"isPartOf\":{\"@id\":\"https:\/\/kapitalis.com\/tunisie\/2026\/04\/27\/iran-divisions-a-propos-des-negociations-avec-les-americains\/\"},\"author\":{\"name\":\"webmaster kapitalis\",\"@id\":\"https:\/\/kapitalis.com\/tunisie\/#\/schema\/person\/d71f33a9ca44f7bad4698210b480c8e9\"},\"headline\":\"Iran | Divisions \u00e0 propos des n\u00e9gociations avec les Am\u00e9ricains\",\"datePublished\":\"2026-04-27T07:08:20+00:00\",\"dateModified\":\"2026-04-27T07:08:22+00:00\",\"mainEntityOfPage\":{\"@id\":\"https:\/\/kapitalis.com\/tunisie\/2026\/04\/27\/iran-divisions-a-propos-des-negociations-avec-les-americains\/\"},\"wordCount\":997,\"commentCount\":0,\"publisher\":{\"@id\":\"https:\/\/kapitalis.com\/tunisie\/#organization\"},\"image\":{\"@id\":\"https:\/\/kapitalis.com\/tunisie\/2026\/04\/27\/iran-divisions-a-propos-des-negociations-avec-les-americains\/#primaryimage\"},\"thumbnailUrl\":\"https:\/\/kapitalis.com\/tunisie\/wp-content\/uploads\/2024\/10\/Teheran.jpg\",\"keywords\":[\"Abbas Araghchi\",\"Ahmad Vahidi\",\"d\u00e9troit d\u2019Ormuz\",\"Donald Trump\",\"Gardiens de la r\u00e9volution\",\"J.D. Vance\",\"Mohammad Bagher Ghalibaf\",\"Steve Wittkopf\"],\"articleSection\":[\"A LA UNE\",\"POLITIQUE\",\"Tunisie\"],\"inLanguage\":\"fr-FR\",\"potentialAction\":[{\"@type\":\"CommentAction\",\"name\":\"Comment\",\"target\":[\"https:\/\/kapitalis.com\/tunisie\/2026\/04\/27\/iran-divisions-a-propos-des-negociations-avec-les-americains\/#respond\"]}]},{\"@type\":\"WebPage\",\"@id\":\"https:\/\/kapitalis.com\/tunisie\/2026\/04\/27\/iran-divisions-a-propos-des-negociations-avec-les-americains\/\",\"url\":\"https:\/\/kapitalis.com\/tunisie\/2026\/04\/27\/iran-divisions-a-propos-des-negociations-avec-les-americains\/\",\"name\":\"Iran | Divisions \u00e0 propos des n\u00e9gociations avec les Am\u00e9ricains - Kapitalis\",\"isPartOf\":{\"@id\":\"https:\/\/kapitalis.com\/tunisie\/#website\"},\"primaryImageOfPage\":{\"@id\":\"https:\/\/kapitalis.com\/tunisie\/2026\/04\/27\/iran-divisions-a-propos-des-negociations-avec-les-americains\/#primaryimage\"},\"image\":{\"@id\":\"https:\/\/kapitalis.com\/tunisie\/2026\/04\/27\/iran-divisions-a-propos-des-negociations-avec-les-americains\/#primaryimage\"},\"thumbnailUrl\":\"https:\/\/kapitalis.com\/tunisie\/wp-content\/uploads\/2024\/10\/Teheran.jpg\",\"datePublished\":\"2026-04-27T07:08:20+00:00\",\"dateModified\":\"2026-04-27T07:08:22+00:00\",\"description\":\"Des tensions au sein du pouvoir iranien concernant les n\u00e9gociations avec les \u00c9tats-Unis ont \u00e9clat\u00e9 au grand jour.\",\"breadcrumb\":{\"@id\":\"https:\/\/kapitalis.com\/tunisie\/2026\/04\/27\/iran-divisions-a-propos-des-negociations-avec-les-americains\/#breadcrumb\"},\"inLanguage\":\"fr-FR\",\"potentialAction\":[{\"@type\":\"ReadAction\",\"target\":[\"https:\/\/kapitalis.com\/tunisie\/2026\/04\/27\/iran-divisions-a-propos-des-negociations-avec-les-americains\/\"]}]},{\"@type\":\"ImageObject\",\"inLanguage\":\"fr-FR\",\"@id\":\"https:\/\/kapitalis.com\/tunisie\/2026\/04\/27\/iran-divisions-a-propos-des-negociations-avec-les-americains\/#primaryimage\",\"url\":\"https:\/\/kapitalis.com\/tunisie\/wp-content\/uploads\/2024\/10\/Teheran.jpg\",\"contentUrl\":\"https:\/\/kapitalis.com\/tunisie\/wp-content\/uploads\/2024\/10\/Teheran.jpg\",\"width\":1200,\"height\":630},{\"@type\":\"BreadcrumbList\",\"@id\":\"https:\/\/kapitalis.com\/tunisie\/2026\/04\/27\/iran-divisions-a-propos-des-negociations-avec-les-americains\/#breadcrumb\",\"itemListElement\":[{\"@type\":\"ListItem\",\"position\":1,\"name\":\"Accueil\",\"item\":\"https:\/\/kapitalis.com\/tunisie\/\"},{\"@type\":\"ListItem\",\"position\":2,\"name\":\"Iran | Divisions \u00e0 propos des n\u00e9gociations avec les Am\u00e9ricains\"}]},{\"@type\":\"WebSite\",\"@id\":\"https:\/\/kapitalis.com\/tunisie\/#website\",\"url\":\"https:\/\/kapitalis.com\/tunisie\/\",\"name\":\"Kapitalis\",\"description\":\"L&#039;actualit\u00e9 en Tunisie et dans le monde\",\"publisher\":{\"@id\":\"https:\/\/kapitalis.com\/tunisie\/#organization\"},\"potentialAction\":[{\"@type\":\"SearchAction\",\"target\":{\"@type\":\"EntryPoint\",\"urlTemplate\":\"https:\/\/kapitalis.com\/tunisie\/?s={search_term_string}\"},\"query-input\":{\"@type\":\"PropertyValueSpecification\",\"valueRequired\":true,\"valueName\":\"search_term_string\"}}],\"inLanguage\":\"fr-FR\"},{\"@type\":\"Organization\",\"@id\":\"https:\/\/kapitalis.com\/tunisie\/#organization\",\"name\":\"Kapitalis\",\"url\":\"https:\/\/kapitalis.com\/tunisie\/\",\"logo\":{\"@type\":\"ImageObject\",\"inLanguage\":\"fr-FR\",\"@id\":\"https:\/\/kapitalis.com\/tunisie\/#\/schema\/logo\/image\/\",\"url\":\"https:\/\/kapitalis.com\/tunisie\/wp-content\/uploads\/2022\/05\/Kapitalis-big-size.png\",\"contentUrl\":\"https:\/\/kapitalis.com\/tunisie\/wp-content\/uploads\/2022\/05\/Kapitalis-big-size.png\",\"width\":5000,\"height\":1500,\"caption\":\"Kapitalis\"},\"image\":{\"@id\":\"https:\/\/kapitalis.com\/tunisie\/#\/schema\/logo\/image\/\"},\"sameAs\":[\"https:\/\/www.facebook.com\/KapitalisInfo\/\",\"https:\/\/x.com\/KapitalisInfo\",\"https:\/\/www.youtube.com\/channel\/UC-yDYrHyfFBWWZaOw3FPg9Q\"]},{\"@type\":\"Person\",\"@id\":\"https:\/\/kapitalis.com\/tunisie\/#\/schema\/person\/d71f33a9ca44f7bad4698210b480c8e9\",\"name\":\"webmaster kapitalis\",\"url\":\"https:\/\/kapitalis.com\/tunisie\/author\/webmaster-kapitalis\/\"}]}<\/script>\n<!-- \/ Yoast SEO plugin. -->","yoast_head_json":{"title":"Iran | Divisions \u00e0 propos des n\u00e9gociations avec les Am\u00e9ricains - Kapitalis","description":"Des tensions au sein du pouvoir iranien concernant les n\u00e9gociations avec les \u00c9tats-Unis ont \u00e9clat\u00e9 au grand jour.","robots":{"index":"index","follow":"follow","max-snippet":"max-snippet:-1","max-image-preview":"max-image-preview:large","max-video-preview":"max-video-preview:-1"},"canonical":"https:\/\/kapitalis.com\/tunisie\/2026\/04\/27\/iran-divisions-a-propos-des-negociations-avec-les-americains\/","og_locale":"fr_FR","og_type":"article","og_title":"Iran | Divisions \u00e0 propos des n\u00e9gociations avec les Am\u00e9ricains - Kapitalis","og_description":"Des tensions au sein du pouvoir iranien concernant les n\u00e9gociations avec les \u00c9tats-Unis ont \u00e9clat\u00e9 au grand jour.","og_url":"https:\/\/kapitalis.com\/tunisie\/2026\/04\/27\/iran-divisions-a-propos-des-negociations-avec-les-americains\/","og_site_name":"Kapitalis","article_publisher":"https:\/\/www.facebook.com\/KapitalisInfo\/","article_published_time":"2026-04-27T07:08:20+00:00","article_modified_time":"2026-04-27T07:08:22+00:00","og_image":[{"width":1200,"height":630,"url":"https:\/\/kapitalis.com\/tunisie\/wp-content\/uploads\/2024\/10\/Teheran.jpg","type":"image\/jpeg"}],"author":"webmaster kapitalis","twitter_card":"summary_large_image","twitter_creator":"@KapitalisInfo","twitter_site":"@KapitalisInfo","twitter_misc":{"\u00c9crit par":"webmaster kapitalis","Dur\u00e9e de lecture estim\u00e9e":"5 minutes"},"schema":{"@context":"https:\/\/schema.org","@graph":[{"@type":"Article","@id":"https:\/\/kapitalis.com\/tunisie\/2026\/04\/27\/iran-divisions-a-propos-des-negociations-avec-les-americains\/#article","isPartOf":{"@id":"https:\/\/kapitalis.com\/tunisie\/2026\/04\/27\/iran-divisions-a-propos-des-negociations-avec-les-americains\/"},"author":{"name":"webmaster kapitalis","@id":"https:\/\/kapitalis.com\/tunisie\/#\/schema\/person\/d71f33a9ca44f7bad4698210b480c8e9"},"headline":"Iran | Divisions \u00e0 propos des n\u00e9gociations avec les Am\u00e9ricains","datePublished":"2026-04-27T07:08:20+00:00","dateModified":"2026-04-27T07:08:22+00:00","mainEntityOfPage":{"@id":"https:\/\/kapitalis.com\/tunisie\/2026\/04\/27\/iran-divisions-a-propos-des-negociations-avec-les-americains\/"},"wordCount":997,"commentCount":0,"publisher":{"@id":"https:\/\/kapitalis.com\/tunisie\/#organization"},"image":{"@id":"https:\/\/kapitalis.com\/tunisie\/2026\/04\/27\/iran-divisions-a-propos-des-negociations-avec-les-americains\/#primaryimage"},"thumbnailUrl":"https:\/\/kapitalis.com\/tunisie\/wp-content\/uploads\/2024\/10\/Teheran.jpg","keywords":["Abbas Araghchi","Ahmad Vahidi","d\u00e9troit d\u2019Ormuz","Donald Trump","Gardiens de la r\u00e9volution","J.D. Vance","Mohammad Bagher Ghalibaf","Steve Wittkopf"],"articleSection":["A LA UNE","POLITIQUE","Tunisie"],"inLanguage":"fr-FR","potentialAction":[{"@type":"CommentAction","name":"Comment","target":["https:\/\/kapitalis.com\/tunisie\/2026\/04\/27\/iran-divisions-a-propos-des-negociations-avec-les-americains\/#respond"]}]},{"@type":"WebPage","@id":"https:\/\/kapitalis.com\/tunisie\/2026\/04\/27\/iran-divisions-a-propos-des-negociations-avec-les-americains\/","url":"https:\/\/kapitalis.com\/tunisie\/2026\/04\/27\/iran-divisions-a-propos-des-negociations-avec-les-americains\/","name":"Iran | Divisions \u00e0 propos des n\u00e9gociations avec les Am\u00e9ricains - Kapitalis","isPartOf":{"@id":"https:\/\/kapitalis.com\/tunisie\/#website"},"primaryImageOfPage":{"@id":"https:\/\/kapitalis.com\/tunisie\/2026\/04\/27\/iran-divisions-a-propos-des-negociations-avec-les-americains\/#primaryimage"},"image":{"@id":"https:\/\/kapitalis.com\/tunisie\/2026\/04\/27\/iran-divisions-a-propos-des-negociations-avec-les-americains\/#primaryimage"},"thumbnailUrl":"https:\/\/kapitalis.com\/tunisie\/wp-content\/uploads\/2024\/10\/Teheran.jpg","datePublished":"2026-04-27T07:08:20+00:00","dateModified":"2026-04-27T07:08:22+00:00","description":"Des tensions au sein du pouvoir iranien concernant les n\u00e9gociations avec les \u00c9tats-Unis ont \u00e9clat\u00e9 au grand jour.","breadcrumb":{"@id":"https:\/\/kapitalis.com\/tunisie\/2026\/04\/27\/iran-divisions-a-propos-des-negociations-avec-les-americains\/#breadcrumb"},"inLanguage":"fr-FR","potentialAction":[{"@type":"ReadAction","target":["https:\/\/kapitalis.com\/tunisie\/2026\/04\/27\/iran-divisions-a-propos-des-negociations-avec-les-americains\/"]}]},{"@type":"ImageObject","inLanguage":"fr-FR","@id":"https:\/\/kapitalis.com\/tunisie\/2026\/04\/27\/iran-divisions-a-propos-des-negociations-avec-les-americains\/#primaryimage","url":"https:\/\/kapitalis.com\/tunisie\/wp-content\/uploads\/2024\/10\/Teheran.jpg","contentUrl":"https:\/\/kapitalis.com\/tunisie\/wp-content\/uploads\/2024\/10\/Teheran.jpg","width":1200,"height":630},{"@type":"BreadcrumbList","@id":"https:\/\/kapitalis.com\/tunisie\/2026\/04\/27\/iran-divisions-a-propos-des-negociations-avec-les-americains\/#breadcrumb","itemListElement":[{"@type":"ListItem","position":1,"name":"Accueil","item":"https:\/\/kapitalis.com\/tunisie\/"},{"@type":"ListItem","position":2,"name":"Iran | Divisions \u00e0 propos des n\u00e9gociations avec les Am\u00e9ricains"}]},{"@type":"WebSite","@id":"https:\/\/kapitalis.com\/tunisie\/#website","url":"https:\/\/kapitalis.com\/tunisie\/","name":"Kapitalis","description":"L&#039;actualit\u00e9 en Tunisie et dans le monde","publisher":{"@id":"https:\/\/kapitalis.com\/tunisie\/#organization"},"potentialAction":[{"@type":"SearchAction","target":{"@type":"EntryPoint","urlTemplate":"https:\/\/kapitalis.com\/tunisie\/?s={search_term_string}"},"query-input":{"@type":"PropertyValueSpecification","valueRequired":true,"valueName":"search_term_string"}}],"inLanguage":"fr-FR"},{"@type":"Organization","@id":"https:\/\/kapitalis.com\/tunisie\/#organization","name":"Kapitalis","url":"https:\/\/kapitalis.com\/tunisie\/","logo":{"@type":"ImageObject","inLanguage":"fr-FR","@id":"https:\/\/kapitalis.com\/tunisie\/#\/schema\/logo\/image\/","url":"https:\/\/kapitalis.com\/tunisie\/wp-content\/uploads\/2022\/05\/Kapitalis-big-size.png","contentUrl":"https:\/\/kapitalis.com\/tunisie\/wp-content\/uploads\/2022\/05\/Kapitalis-big-size.png","width":5000,"height":1500,"caption":"Kapitalis"},"image":{"@id":"https:\/\/kapitalis.com\/tunisie\/#\/schema\/logo\/image\/"},"sameAs":["https:\/\/www.facebook.com\/KapitalisInfo\/","https:\/\/x.com\/KapitalisInfo","https:\/\/www.youtube.com\/channel\/UC-yDYrHyfFBWWZaOw3FPg9Q"]},{"@type":"Person","@id":"https:\/\/kapitalis.com\/tunisie\/#\/schema\/person\/d71f33a9ca44f7bad4698210b480c8e9","name":"webmaster kapitalis","url":"https:\/\/kapitalis.com\/tunisie\/author\/webmaster-kapitalis\/"}]}},"_links":{"self":[{"href":"https:\/\/kapitalis.com\/tunisie\/wp-json\/wp\/v2\/posts\/18695763","targetHints":{"allow":["GET"]}}],"collection":[{"href":"https:\/\/kapitalis.com\/tunisie\/wp-json\/wp\/v2\/posts"}],"about":[{"href":"https:\/\/kapitalis.com\/tunisie\/wp-json\/wp\/v2\/types\/post"}],"author":[{"embeddable":true,"href":"https:\/\/kapitalis.com\/tunisie\/wp-json\/wp\/v2\/users\/8"}],"replies":[{"embeddable":true,"href":"https:\/\/kapitalis.com\/tunisie\/wp-json\/wp\/v2\/comments?post=18695763"}],"version-history":[{"count":1,"href":"https:\/\/kapitalis.com\/tunisie\/wp-json\/wp\/v2\/posts\/18695763\/revisions"}],"predecessor-version":[{"id":18695802,"href":"https:\/\/kapitalis.com\/tunisie\/wp-json\/wp\/v2\/posts\/18695763\/revisions\/18695802"}],"wp:featuredmedia":[{"embeddable":true,"href":"https:\/\/kapitalis.com\/tunisie\/wp-json\/wp\/v2\/media\/14470609"}],"wp:attachment":[{"href":"https:\/\/kapitalis.com\/tunisie\/wp-json\/wp\/v2\/media?parent=18695763"}],"wp:term":[{"taxonomy":"category","embeddable":true,"href":"https:\/\/kapitalis.com\/tunisie\/wp-json\/wp\/v2\/categories?post=18695763"},{"taxonomy":"post_tag","embeddable":true,"href":"https:\/\/kapitalis.com\/tunisie\/wp-json\/wp\/v2\/tags?post=18695763"}],"curies":[{"name":"wp","href":"https:\/\/api.w.org\/{rel}","templated":true}]}}