{"id":18696599,"date":"2026-04-27T10:56:58","date_gmt":"2026-04-27T09:56:58","guid":{"rendered":"https:\/\/kapitalis.com\/tunisie\/?p=18696599"},"modified":"2026-04-27T10:57:00","modified_gmt":"2026-04-27T09:57:00","slug":"le-27-mai-sera-le-jour-de-laid-al-adha","status":"publish","type":"post","link":"https:\/\/kapitalis.com\/tunisie\/2026\/04\/27\/le-27-mai-sera-le-jour-de-laid-al-adha\/","title":{"rendered":"Le 27 mai sera le jour de l\u2019Aid al-Adha"},"content":{"rendered":"\n<p><strong><em>Le mercredi 27 mai 2026 sera le jour de l\u2019A\u00efd al-Adha, selon les calculs astronomiques, a d\u00e9clar\u00e9 Sarra Snoussi, directrice du d\u00e9partement Espace et Univers de la Cit\u00e9 des Sciences de Tunis, a confirm\u00e9 ce lundi 27 avril 2026, lors de l\u2019\u00e9mission \u2018\u2018Sabah Ennas\u2019\u2019, sur <a href=\"https:\/\/www.mosaiquefm.net\/ar\/%D8%AA%D9%88%D9%86%D8%B3-%D9%88%D8%B7%D9%86%D9%8A%D8%A9\/1514634\/%D9%81%D9%84%D9%83%D9%8A%D8%A7-%D8%B9%D9%8A%D8%AF-%D8%A7%D9%84%D8%A3%D8%B6%D8%AD%D9%89-%D9%8A%D9%88%D9%85-27-%D9%85%D8%A7%D9%8A\" target=\"_blank\" rel=\"noreferrer noopener\">Mosaique FM<\/a>.<\/em><\/strong><\/p>\n\n\n\n<!--more-->\n\n\n\n<p>Le samedi 16 mai sera la date d\u2019observation du croissant de lune du mois de Dhu al-Hijjah, toujours selon ces calculs, a expliqu\u00e9 la docteure en biochimie et biologie mol\u00e9culaire, ajoutant que le dimanche 17 mai devrait \u00eatre le dernier jour de Dhu al-Qi\u2019dah et le lundi 18 mai, le premier jour de Dhu al-Hijjah 1447 AH.<\/p>\n\n\n\n<p>Cela signifie que le jour d\u2019Arafat (9 Dhu al-Hijjah) tombera astronomiquement le mardi 26 mai 2026 et que l\u2019A\u00efd al-Adha aura lieu le mercredi 27 mai.<\/p>\n","protected":false},"excerpt":{"rendered":"<p>Le mercredi 27 mai 2026 sera le jour de l\u2019A\u00efd al-Adha, selon les calculs astronomiques, a d\u00e9clar\u00e9 Sarra Snoussi de la Cit\u00e9 des Sciences. <\/p>\n","protected":false},"author":8,"featured_media":16703741,"comment_status":"open","ping_status":"open","sticky":false,"template":"","format":"standard","meta":{"footnotes":""},"categories":[998,2433],"tags":[91678,124142,20351,128044],"class_list":["post-18696599","post","type-post","status-publish","format-standard","has-post-thumbnail","hentry","category-societe","category-tunisie","tag-aid-al-adha-2","tag-calculs-astronomiques","tag-cite-des-sciences","tag-sarra-snoussi"],"yoast_head":"<!-- This site is optimized with the Yoast SEO plugin v26.6 - https:\/\/yoast.com\/wordpress\/plugins\/seo\/ -->\n<title>Le 27 mai sera le jour de l\u2019Aid al-Adha - Kapitalis<\/title>\n<meta name=\"description\" content=\"Le mercredi 27 mai 2026 sera le jour de l\u2019A\u00efd al-Adha, selon les calculs astronomiques, a d\u00e9clar\u00e9 Sarra Snoussi de la Cit\u00e9 des Sciences.\" \/>\n<meta name=\"robots\" content=\"index, follow, max-snippet:-1, max-image-preview:large, max-video-preview:-1\" \/>\n<link rel=\"canonical\" href=\"https:\/\/kapitalis.com\/tunisie\/2026\/04\/27\/le-27-mai-sera-le-jour-de-laid-al-adha\/\" \/>\n<meta property=\"og:locale\" content=\"fr_FR\" \/>\n<meta property=\"og:type\" content=\"article\" \/>\n<meta property=\"og:title\" content=\"Le 27 mai sera le jour de l\u2019Aid al-Adha - Kapitalis\" \/>\n<meta property=\"og:description\" content=\"Le mercredi 27 mai 2026 sera le jour de l\u2019A\u00efd al-Adha, selon les calculs astronomiques, a d\u00e9clar\u00e9 Sarra Snoussi de la Cit\u00e9 des Sciences.\" \/>\n<meta property=\"og:url\" content=\"https:\/\/kapitalis.com\/tunisie\/2026\/04\/27\/le-27-mai-sera-le-jour-de-laid-al-adha\/\" \/>\n<meta property=\"og:site_name\" content=\"Kapitalis\" \/>\n<meta property=\"article:publisher\" content=\"https:\/\/www.facebook.com\/KapitalisInfo\/\" \/>\n<meta property=\"article:published_time\" content=\"2026-04-27T09:56:58+00:00\" \/>\n<meta property=\"article:modified_time\" content=\"2026-04-27T09:57:00+00:00\" \/>\n<meta property=\"og:image\" content=\"https:\/\/kapitalis.com\/tunisie\/wp-content\/uploads\/2025\/06\/Aid-Al-Adha.jpg\" \/>\n\t<meta property=\"og:image:width\" content=\"1200\" \/>\n\t<meta property=\"og:image:height\" content=\"630\" \/>\n\t<meta property=\"og:image:type\" content=\"image\/jpeg\" \/>\n<meta name=\"author\" content=\"webmaster kapitalis\" \/>\n<meta name=\"twitter:card\" content=\"summary_large_image\" \/>\n<meta name=\"twitter:creator\" content=\"@KapitalisInfo\" \/>\n<meta name=\"twitter:site\" content=\"@KapitalisInfo\" \/>\n<meta name=\"twitter:label1\" content=\"\u00c9crit par\" \/>\n\t<meta name=\"twitter:data1\" content=\"webmaster kapitalis\" \/>\n\t<meta name=\"twitter:label2\" content=\"Dur\u00e9e de lecture estim\u00e9e\" \/>\n\t<meta name=\"twitter:data2\" content=\"1 minute\" \/>\n<script type=\"application\/ld+json\" class=\"yoast-schema-graph\">{\"@context\":\"https:\/\/schema.org\",\"@graph\":[{\"@type\":\"Article\",\"@id\":\"https:\/\/kapitalis.com\/tunisie\/2026\/04\/27\/le-27-mai-sera-le-jour-de-laid-al-adha\/#article\",\"isPartOf\":{\"@id\":\"https:\/\/kapitalis.com\/tunisie\/2026\/04\/27\/le-27-mai-sera-le-jour-de-laid-al-adha\/\"},\"author\":{\"name\":\"webmaster kapitalis\",\"@id\":\"https:\/\/kapitalis.com\/tunisie\/#\/schema\/person\/d71f33a9ca44f7bad4698210b480c8e9\"},\"headline\":\"Le 27 mai sera le jour de l\u2019Aid al-Adha\",\"datePublished\":\"2026-04-27T09:56:58+00:00\",\"dateModified\":\"2026-04-27T09:57:00+00:00\",\"mainEntityOfPage\":{\"@id\":\"https:\/\/kapitalis.com\/tunisie\/2026\/04\/27\/le-27-mai-sera-le-jour-de-laid-al-adha\/\"},\"wordCount\":138,\"commentCount\":0,\"publisher\":{\"@id\":\"https:\/\/kapitalis.com\/tunisie\/#organization\"},\"image\":{\"@id\":\"https:\/\/kapitalis.com\/tunisie\/2026\/04\/27\/le-27-mai-sera-le-jour-de-laid-al-adha\/#primaryimage\"},\"thumbnailUrl\":\"https:\/\/kapitalis.com\/tunisie\/wp-content\/uploads\/2025\/06\/Aid-Al-Adha.jpg\",\"keywords\":[\"A\u00efd Al-Adha\",\"calculs astronomiques\",\"Cit\u00e9 des Sciences\",\"Sarra Snoussi\"],\"articleSection\":[\"SOCIETE\",\"Tunisie\"],\"inLanguage\":\"fr-FR\",\"potentialAction\":[{\"@type\":\"CommentAction\",\"name\":\"Comment\",\"target\":[\"https:\/\/kapitalis.com\/tunisie\/2026\/04\/27\/le-27-mai-sera-le-jour-de-laid-al-adha\/#respond\"]}]},{\"@type\":\"WebPage\",\"@id\":\"https:\/\/kapitalis.com\/tunisie\/2026\/04\/27\/le-27-mai-sera-le-jour-de-laid-al-adha\/\",\"url\":\"https:\/\/kapitalis.com\/tunisie\/2026\/04\/27\/le-27-mai-sera-le-jour-de-laid-al-adha\/\",\"name\":\"Le 27 mai sera le jour de l\u2019Aid al-Adha - Kapitalis\",\"isPartOf\":{\"@id\":\"https:\/\/kapitalis.com\/tunisie\/#website\"},\"primaryImageOfPage\":{\"@id\":\"https:\/\/kapitalis.com\/tunisie\/2026\/04\/27\/le-27-mai-sera-le-jour-de-laid-al-adha\/#primaryimage\"},\"image\":{\"@id\":\"https:\/\/kapitalis.com\/tunisie\/2026\/04\/27\/le-27-mai-sera-le-jour-de-laid-al-adha\/#primaryimage\"},\"thumbnailUrl\":\"https:\/\/kapitalis.com\/tunisie\/wp-content\/uploads\/2025\/06\/Aid-Al-Adha.jpg\",\"datePublished\":\"2026-04-27T09:56:58+00:00\",\"dateModified\":\"2026-04-27T09:57:00+00:00\",\"description\":\"Le mercredi 27 mai 2026 sera le jour de l\u2019A\u00efd al-Adha, selon les calculs astronomiques, a d\u00e9clar\u00e9 Sarra Snoussi de la Cit\u00e9 des Sciences.\",\"breadcrumb\":{\"@id\":\"https:\/\/kapitalis.com\/tunisie\/2026\/04\/27\/le-27-mai-sera-le-jour-de-laid-al-adha\/#breadcrumb\"},\"inLanguage\":\"fr-FR\",\"potentialAction\":[{\"@type\":\"ReadAction\",\"target\":[\"https:\/\/kapitalis.com\/tunisie\/2026\/04\/27\/le-27-mai-sera-le-jour-de-laid-al-adha\/\"]}]},{\"@type\":\"ImageObject\",\"inLanguage\":\"fr-FR\",\"@id\":\"https:\/\/kapitalis.com\/tunisie\/2026\/04\/27\/le-27-mai-sera-le-jour-de-laid-al-adha\/#primaryimage\",\"url\":\"https:\/\/kapitalis.com\/tunisie\/wp-content\/uploads\/2025\/06\/Aid-Al-Adha.jpg\",\"contentUrl\":\"https:\/\/kapitalis.com\/tunisie\/wp-content\/uploads\/2025\/06\/Aid-Al-Adha.jpg\",\"width\":1200,\"height\":630},{\"@type\":\"BreadcrumbList\",\"@id\":\"https:\/\/kapitalis.com\/tunisie\/2026\/04\/27\/le-27-mai-sera-le-jour-de-laid-al-adha\/#breadcrumb\",\"itemListElement\":[{\"@type\":\"ListItem\",\"position\":1,\"name\":\"Accueil\",\"item\":\"https:\/\/kapitalis.com\/tunisie\/\"},{\"@type\":\"ListItem\",\"position\":2,\"name\":\"Le 27 mai sera le jour de l\u2019Aid al-Adha\"}]},{\"@type\":\"WebSite\",\"@id\":\"https:\/\/kapitalis.com\/tunisie\/#website\",\"url\":\"https:\/\/kapitalis.com\/tunisie\/\",\"name\":\"Kapitalis\",\"description\":\"L&#039;actualit\u00e9 en Tunisie et dans le monde\",\"publisher\":{\"@id\":\"https:\/\/kapitalis.com\/tunisie\/#organization\"},\"potentialAction\":[{\"@type\":\"SearchAction\",\"target\":{\"@type\":\"EntryPoint\",\"urlTemplate\":\"https:\/\/kapitalis.com\/tunisie\/?s={search_term_string}\"},\"query-input\":{\"@type\":\"PropertyValueSpecification\",\"valueRequired\":true,\"valueName\":\"search_term_string\"}}],\"inLanguage\":\"fr-FR\"},{\"@type\":\"Organization\",\"@id\":\"https:\/\/kapitalis.com\/tunisie\/#organization\",\"name\":\"Kapitalis\",\"url\":\"https:\/\/kapitalis.com\/tunisie\/\",\"logo\":{\"@type\":\"ImageObject\",\"inLanguage\":\"fr-FR\",\"@id\":\"https:\/\/kapitalis.com\/tunisie\/#\/schema\/logo\/image\/\",\"url\":\"https:\/\/kapitalis.com\/tunisie\/wp-content\/uploads\/2022\/05\/Kapitalis-big-size.png\",\"contentUrl\":\"https:\/\/kapitalis.com\/tunisie\/wp-content\/uploads\/2022\/05\/Kapitalis-big-size.png\",\"width\":5000,\"height\":1500,\"caption\":\"Kapitalis\"},\"image\":{\"@id\":\"https:\/\/kapitalis.com\/tunisie\/#\/schema\/logo\/image\/\"},\"sameAs\":[\"https:\/\/www.facebook.com\/KapitalisInfo\/\",\"https:\/\/x.com\/KapitalisInfo\",\"https:\/\/www.youtube.com\/channel\/UC-yDYrHyfFBWWZaOw3FPg9Q\"]},{\"@type\":\"Person\",\"@id\":\"https:\/\/kapitalis.com\/tunisie\/#\/schema\/person\/d71f33a9ca44f7bad4698210b480c8e9\",\"name\":\"webmaster kapitalis\",\"url\":\"https:\/\/kapitalis.com\/tunisie\/author\/webmaster-kapitalis\/\"}]}<\/script>\n<!-- \/ Yoast SEO plugin. -->","yoast_head_json":{"title":"Le 27 mai sera le jour de l\u2019Aid al-Adha - Kapitalis","description":"Le mercredi 27 mai 2026 sera le jour de l\u2019A\u00efd al-Adha, selon les calculs astronomiques, a d\u00e9clar\u00e9 Sarra Snoussi de la Cit\u00e9 des Sciences.","robots":{"index":"index","follow":"follow","max-snippet":"max-snippet:-1","max-image-preview":"max-image-preview:large","max-video-preview":"max-video-preview:-1"},"canonical":"https:\/\/kapitalis.com\/tunisie\/2026\/04\/27\/le-27-mai-sera-le-jour-de-laid-al-adha\/","og_locale":"fr_FR","og_type":"article","og_title":"Le 27 mai sera le jour de l\u2019Aid al-Adha - Kapitalis","og_description":"Le mercredi 27 mai 2026 sera le jour de l\u2019A\u00efd al-Adha, selon les calculs astronomiques, a d\u00e9clar\u00e9 Sarra Snoussi de la Cit\u00e9 des Sciences.","og_url":"https:\/\/kapitalis.com\/tunisie\/2026\/04\/27\/le-27-mai-sera-le-jour-de-laid-al-adha\/","og_site_name":"Kapitalis","article_publisher":"https:\/\/www.facebook.com\/KapitalisInfo\/","article_published_time":"2026-04-27T09:56:58+00:00","article_modified_time":"2026-04-27T09:57:00+00:00","og_image":[{"width":1200,"height":630,"url":"https:\/\/kapitalis.com\/tunisie\/wp-content\/uploads\/2025\/06\/Aid-Al-Adha.jpg","type":"image\/jpeg"}],"author":"webmaster kapitalis","twitter_card":"summary_large_image","twitter_creator":"@KapitalisInfo","twitter_site":"@KapitalisInfo","twitter_misc":{"\u00c9crit par":"webmaster kapitalis","Dur\u00e9e de lecture estim\u00e9e":"1 minute"},"schema":{"@context":"https:\/\/schema.org","@graph":[{"@type":"Article","@id":"https:\/\/kapitalis.com\/tunisie\/2026\/04\/27\/le-27-mai-sera-le-jour-de-laid-al-adha\/#article","isPartOf":{"@id":"https:\/\/kapitalis.com\/tunisie\/2026\/04\/27\/le-27-mai-sera-le-jour-de-laid-al-adha\/"},"author":{"name":"webmaster kapitalis","@id":"https:\/\/kapitalis.com\/tunisie\/#\/schema\/person\/d71f33a9ca44f7bad4698210b480c8e9"},"headline":"Le 27 mai sera le jour de l\u2019Aid al-Adha","datePublished":"2026-04-27T09:56:58+00:00","dateModified":"2026-04-27T09:57:00+00:00","mainEntityOfPage":{"@id":"https:\/\/kapitalis.com\/tunisie\/2026\/04\/27\/le-27-mai-sera-le-jour-de-laid-al-adha\/"},"wordCount":138,"commentCount":0,"publisher":{"@id":"https:\/\/kapitalis.com\/tunisie\/#organization"},"image":{"@id":"https:\/\/kapitalis.com\/tunisie\/2026\/04\/27\/le-27-mai-sera-le-jour-de-laid-al-adha\/#primaryimage"},"thumbnailUrl":"https:\/\/kapitalis.com\/tunisie\/wp-content\/uploads\/2025\/06\/Aid-Al-Adha.jpg","keywords":["A\u00efd Al-Adha","calculs astronomiques","Cit\u00e9 des Sciences","Sarra Snoussi"],"articleSection":["SOCIETE","Tunisie"],"inLanguage":"fr-FR","potentialAction":[{"@type":"CommentAction","name":"Comment","target":["https:\/\/kapitalis.com\/tunisie\/2026\/04\/27\/le-27-mai-sera-le-jour-de-laid-al-adha\/#respond"]}]},{"@type":"WebPage","@id":"https:\/\/kapitalis.com\/tunisie\/2026\/04\/27\/le-27-mai-sera-le-jour-de-laid-al-adha\/","url":"https:\/\/kapitalis.com\/tunisie\/2026\/04\/27\/le-27-mai-sera-le-jour-de-laid-al-adha\/","name":"Le 27 mai sera le jour de l\u2019Aid al-Adha - Kapitalis","isPartOf":{"@id":"https:\/\/kapitalis.com\/tunisie\/#website"},"primaryImageOfPage":{"@id":"https:\/\/kapitalis.com\/tunisie\/2026\/04\/27\/le-27-mai-sera-le-jour-de-laid-al-adha\/#primaryimage"},"image":{"@id":"https:\/\/kapitalis.com\/tunisie\/2026\/04\/27\/le-27-mai-sera-le-jour-de-laid-al-adha\/#primaryimage"},"thumbnailUrl":"https:\/\/kapitalis.com\/tunisie\/wp-content\/uploads\/2025\/06\/Aid-Al-Adha.jpg","datePublished":"2026-04-27T09:56:58+00:00","dateModified":"2026-04-27T09:57:00+00:00","description":"Le mercredi 27 mai 2026 sera le jour de l\u2019A\u00efd al-Adha, selon les calculs astronomiques, a d\u00e9clar\u00e9 Sarra Snoussi de la Cit\u00e9 des Sciences.","breadcrumb":{"@id":"https:\/\/kapitalis.com\/tunisie\/2026\/04\/27\/le-27-mai-sera-le-jour-de-laid-al-adha\/#breadcrumb"},"inLanguage":"fr-FR","potentialAction":[{"@type":"ReadAction","target":["https:\/\/kapitalis.com\/tunisie\/2026\/04\/27\/le-27-mai-sera-le-jour-de-laid-al-adha\/"]}]},{"@type":"ImageObject","inLanguage":"fr-FR","@id":"https:\/\/kapitalis.com\/tunisie\/2026\/04\/27\/le-27-mai-sera-le-jour-de-laid-al-adha\/#primaryimage","url":"https:\/\/kapitalis.com\/tunisie\/wp-content\/uploads\/2025\/06\/Aid-Al-Adha.jpg","contentUrl":"https:\/\/kapitalis.com\/tunisie\/wp-content\/uploads\/2025\/06\/Aid-Al-Adha.jpg","width":1200,"height":630},{"@type":"BreadcrumbList","@id":"https:\/\/kapitalis.com\/tunisie\/2026\/04\/27\/le-27-mai-sera-le-jour-de-laid-al-adha\/#breadcrumb","itemListElement":[{"@type":"ListItem","position":1,"name":"Accueil","item":"https:\/\/kapitalis.com\/tunisie\/"},{"@type":"ListItem","position":2,"name":"Le 27 mai sera le jour de l\u2019Aid al-Adha"}]},{"@type":"WebSite","@id":"https:\/\/kapitalis.com\/tunisie\/#website","url":"https:\/\/kapitalis.com\/tunisie\/","name":"Kapitalis","description":"L&#039;actualit\u00e9 en Tunisie et dans le monde","publisher":{"@id":"https:\/\/kapitalis.com\/tunisie\/#organization"},"potentialAction":[{"@type":"SearchAction","target":{"@type":"EntryPoint","urlTemplate":"https:\/\/kapitalis.com\/tunisie\/?s={search_term_string}"},"query-input":{"@type":"PropertyValueSpecification","valueRequired":true,"valueName":"search_term_string"}}],"inLanguage":"fr-FR"},{"@type":"Organization","@id":"https:\/\/kapitalis.com\/tunisie\/#organization","name":"Kapitalis","url":"https:\/\/kapitalis.com\/tunisie\/","logo":{"@type":"ImageObject","inLanguage":"fr-FR","@id":"https:\/\/kapitalis.com\/tunisie\/#\/schema\/logo\/image\/","url":"https:\/\/kapitalis.com\/tunisie\/wp-content\/uploads\/2022\/05\/Kapitalis-big-size.png","contentUrl":"https:\/\/kapitalis.com\/tunisie\/wp-content\/uploads\/2022\/05\/Kapitalis-big-size.png","width":5000,"height":1500,"caption":"Kapitalis"},"image":{"@id":"https:\/\/kapitalis.com\/tunisie\/#\/schema\/logo\/image\/"},"sameAs":["https:\/\/www.facebook.com\/KapitalisInfo\/","https:\/\/x.com\/KapitalisInfo","https:\/\/www.youtube.com\/channel\/UC-yDYrHyfFBWWZaOw3FPg9Q"]},{"@type":"Person","@id":"https:\/\/kapitalis.com\/tunisie\/#\/schema\/person\/d71f33a9ca44f7bad4698210b480c8e9","name":"webmaster kapitalis","url":"https:\/\/kapitalis.com\/tunisie\/author\/webmaster-kapitalis\/"}]}},"_links":{"self":[{"href":"https:\/\/kapitalis.com\/tunisie\/wp-json\/wp\/v2\/posts\/18696599","targetHints":{"allow":["GET"]}}],"collection":[{"href":"https:\/\/kapitalis.com\/tunisie\/wp-json\/wp\/v2\/posts"}],"about":[{"href":"https:\/\/kapitalis.com\/tunisie\/wp-json\/wp\/v2\/types\/post"}],"author":[{"embeddable":true,"href":"https:\/\/kapitalis.com\/tunisie\/wp-json\/wp\/v2\/users\/8"}],"replies":[{"embeddable":true,"href":"https:\/\/kapitalis.com\/tunisie\/wp-json\/wp\/v2\/comments?post=18696599"}],"version-history":[{"count":1,"href":"https:\/\/kapitalis.com\/tunisie\/wp-json\/wp\/v2\/posts\/18696599\/revisions"}],"predecessor-version":[{"id":18696613,"href":"https:\/\/kapitalis.com\/tunisie\/wp-json\/wp\/v2\/posts\/18696599\/revisions\/18696613"}],"wp:featuredmedia":[{"embeddable":true,"href":"https:\/\/kapitalis.com\/tunisie\/wp-json\/wp\/v2\/media\/16703741"}],"wp:attachment":[{"href":"https:\/\/kapitalis.com\/tunisie\/wp-json\/wp\/v2\/media?parent=18696599"}],"wp:term":[{"taxonomy":"category","embeddable":true,"href":"https:\/\/kapitalis.com\/tunisie\/wp-json\/wp\/v2\/categories?post=18696599"},{"taxonomy":"post_tag","embeddable":true,"href":"https:\/\/kapitalis.com\/tunisie\/wp-json\/wp\/v2\/tags?post=18696599"}],"curies":[{"name":"wp","href":"https:\/\/api.w.org\/{rel}","templated":true}]}}