{"id":18696675,"date":"2026-04-27T11:19:21","date_gmt":"2026-04-27T10:19:21","guid":{"rendered":"https:\/\/kapitalis.com\/tunisie\/?p=18696675"},"modified":"2026-04-27T11:19:23","modified_gmt":"2026-04-27T10:19:23","slug":"declaration-de-soutien-au-journaliste-zied-el-hani","status":"publish","type":"post","link":"https:\/\/kapitalis.com\/tunisie\/2026\/04\/27\/declaration-de-soutien-au-journaliste-zied-el-hani\/","title":{"rendered":"D\u00e9claration de soutien au journaliste Zied El Hani"},"content":{"rendered":"\n<p><strong><em>Dans une d\u00e9claration commune dat\u00e9e du 27 avril 2026, que nous traduisons ci-dessous, une centaine de militants associatifs et politiques, vingt journalistes, quinze organisations et neuf partis politiques ont apport\u00e9 leur soutien au journaliste Zied El Hani, exigeant sa lib\u00e9ration et la fin du harc\u00e8lement des m\u00e9dias.<\/em><\/strong><\/p>\n\n\n\n<!--more-->\n\n\n\n<p>Poursuivant une campagne de pressions, de harc\u00e8lement et de proc\u00e8s visant les journalistes et les m\u00e9dias ind\u00e9pendants, le journaliste <a href=\"https:\/\/kapitalis.com\/tunisie\/2026\/04\/27\/justice-zied-el-hani-comparaitra-le-30-avril\/\" target=\"_blank\" rel=\"noreferrer noopener\">Zied El Hani<\/a> a \u00e9t\u00e9 arr\u00eat\u00e9 le vendredi 24 avril, sur la base d\u2019une d\u00e9claration et d\u2019une publication sur les r\u00e9seaux sociaux, en vertu de l\u2019article 86 du Code des t\u00e9l\u00e9communications.<\/p>\n\n\n\n<p>Cette nouvelle arrestation intervient alors que les journalistes Mourad Zeghidi et Borhane Bsaies sont emprisonn\u00e9s depuis plus de 700 jours, et que la journaliste Sonia Dahmani est jug\u00e9e pour la deuxi\u00e8me fois pour les m\u00eames propos, tandis que le site web Inkyfada fait face \u00e0 de graves menaces qui pourraient entra\u00eener sa dissolution, ce qui constitue une violation flagrante de la libert\u00e9 d\u2019expression et du droit des citoyens \u00e0 l\u2019information.<\/p>\n\n\n\n<p>Les soussign\u00e9s, compte tenu de ce qui pr\u00e9c\u00e8de et de l\u2019escalade du ciblage des journalistes et des m\u00e9dias ind\u00e9pendants&nbsp;:<\/p>\n\n\n\n<p>1- Expriment leur soutien au journaliste Zied El-Hani et exigent sa lib\u00e9ration, ainsi que celle de tous les journalistes et de toutes les personnes d\u00e9tenues en raison de leurs opinions, d\u00e9clarations et \u00e9crits. Ils estiment que les mesures prises \u00e0 son encontre visent \u00e0 le faire taire, \u00e0 \u00e9touffer la libert\u00e9 d\u2019expression et \u00e0 intimider les journalistes et les personnalit\u00e9s influentes.<\/p>\n\n\n\n<p>2- Ils condamnent la poursuite continue des journalistes, des blogueurs et des leaders d\u2019opinion sur la base de d\u00e9crets et de lois inconstitutionnels et non conformes aux trait\u00e9s et conventions internationaux ratifi\u00e9s par l\u2019\u00c9tat tunisien, et qui suppriment les libert\u00e9s, comme le d\u00e9cret 54 et l&rsquo;article 86 du Code des communications, tout en ignorant le d\u00e9cret 115, qui est le cadre juridique r\u00e9gissant le secteur des m\u00e9dias et de l\u2019\u00e9dition dans notre pays.<\/p>\n\n\n\n<p>3- Ils expriment leur soutien au site web Inkyfada et \u00e0 toutes les voix libres et aux m\u00e9dias ind\u00e9pendants qui sont pris pour cible et harcel\u00e9s, et ils appellent \u00e0 la fin des ing\u00e9rences dans les m\u00e9dias et la profession de journaliste.<\/p>\n\n\n\n<p>4- Ils expriment leur solidarit\u00e9 avec les instances ind\u00e9pendantes qui d\u00e9fendent la libert\u00e9 de la presse, les droits des journalistes et la d\u00e9ontologie, notamment le Syndicat national des journalistes et le Conseil de la presse, ainsi qu\u2019avec les m\u00e9dias ind\u00e9pendants, en particulier les m\u00e9dias alternatifs, et les d\u00e9fenseurs de la libert\u00e9 d\u2019expression, face aux campagnes d\u2019incitation \u00e0 la haine et de harc\u00e8lement dont ils sont victimes.<\/p>\n\n\n\n<p>5- Ils soulignent que les campagnes syst\u00e9matiques visant le secteur des m\u00e9dias ont pour principal objectif de saper les derni\u00e8res garanties d\u00e9mocratiques et les fondements de l\u2019\u00c9tat de droit acquis apr\u00e8s 2011, et d\u2019instaurer un \u00c9tat o\u00f9 r\u00e8gne une opinion unique et une voix unique. En effet, la libert\u00e9 d\u2019expression et la libert\u00e9 de la presse ne sont pas des privil\u00e8ges accord\u00e9s par les autorit\u00e9s, mais bien des droits fondamentaux et des piliers indispensables \u00e0 la construction d\u2019un \u00c9tat de droit et d&rsquo;institutions solides.<\/p>\n\n\n\n<p><em>Traduit de l\u2019arabe.<\/em><\/p>\n\n\n\n<figure class=\"wp-block-embed alignleft is-type-wp-embed is-provider-kapitalis wp-block-embed-kapitalis\"><div class=\"wp-block-embed__wrapper\">\n<blockquote class=\"wp-embedded-content\" data-secret=\"oYUt7vIewr\"><a href=\"https:\/\/kapitalis.com\/tunisie\/2026\/04\/27\/justice-zied-el-hani-comparaitra-le-30-avril\/\">Justice | Zied El Hani compara\u00eetra le 30 avril<\/a><\/blockquote><iframe loading=\"lazy\" class=\"wp-embedded-content\" sandbox=\"allow-scripts\" security=\"restricted\" style=\"position: absolute; visibility: hidden;\" title=\"\u00ab\u00a0Justice | Zied El Hani compara\u00eetra le 30 avril\u00a0\u00bb &#8212; Kapitalis\" src=\"https:\/\/kapitalis.com\/tunisie\/2026\/04\/27\/justice-zied-el-hani-comparaitra-le-30-avril\/embed\/#?secret=N2LQFkGoVa#?secret=oYUt7vIewr\" data-secret=\"oYUt7vIewr\" width=\"600\" height=\"338\" frameborder=\"0\" marginwidth=\"0\" marginheight=\"0\" scrolling=\"no\"><\/iframe>\n<\/div><\/figure>\n","protected":false},"excerpt":{"rendered":"<p>D\u00e9claration de soutien au journaliste Zied El Hani et appel \u00e0 sa lib\u00e9ration et \u00e0 la fin du harc\u00e8lement des m\u00e9dias.<\/p>\n","protected":false},"author":8,"featured_media":11216337,"comment_status":"open","ping_status":"open","sticky":false,"template":"","format":"standard","meta":{"footnotes":""},"categories":[996,997,2433],"tags":[128045,109200,116828,115644,102998,16314,1459,79061,99952,77916,128026],"class_list":["post-18696675","post","type-post","status-publish","format-standard","has-post-thumbnail","hentry","category-media","category-politique","category-tunisie","tag-article-86","tag-borhane-bsaies-2","tag-code-des-telecommunications","tag-decret-115","tag-decret-54","tag-inkyfada","tag-journalistes","tag-liberte-dexpression-2","tag-mourad-zeghidi","tag-sonia-dahmani","tag-zied-el-hani-2"],"yoast_head":"<!-- This site is optimized with the Yoast SEO plugin v26.6 - https:\/\/yoast.com\/wordpress\/plugins\/seo\/ -->\n<title>D\u00e9claration de soutien au journaliste Zied El Hani - Kapitalis<\/title>\n<meta name=\"description\" content=\"D\u00e9claration de soutien au journaliste Zied El Hani et appel \u00e0 sa lib\u00e9ration et \u00e0 la fin du harc\u00e8lement des m\u00e9dias.\" \/>\n<meta name=\"robots\" content=\"index, follow, max-snippet:-1, max-image-preview:large, max-video-preview:-1\" \/>\n<link rel=\"canonical\" href=\"https:\/\/kapitalis.com\/tunisie\/2026\/04\/27\/declaration-de-soutien-au-journaliste-zied-el-hani\/\" \/>\n<meta property=\"og:locale\" content=\"fr_FR\" \/>\n<meta property=\"og:type\" content=\"article\" \/>\n<meta property=\"og:title\" content=\"D\u00e9claration de soutien au journaliste Zied El Hani - Kapitalis\" \/>\n<meta property=\"og:description\" content=\"D\u00e9claration de soutien au journaliste Zied El Hani et appel \u00e0 sa lib\u00e9ration et \u00e0 la fin du harc\u00e8lement des m\u00e9dias.\" \/>\n<meta property=\"og:url\" content=\"https:\/\/kapitalis.com\/tunisie\/2026\/04\/27\/declaration-de-soutien-au-journaliste-zied-el-hani\/\" \/>\n<meta property=\"og:site_name\" content=\"Kapitalis\" \/>\n<meta property=\"article:publisher\" content=\"https:\/\/www.facebook.com\/KapitalisInfo\/\" \/>\n<meta property=\"article:published_time\" content=\"2026-04-27T10:19:21+00:00\" \/>\n<meta property=\"article:modified_time\" content=\"2026-04-27T10:19:23+00:00\" \/>\n<meta property=\"og:image\" content=\"https:\/\/kapitalis.com\/tunisie\/wp-content\/uploads\/2024\/01\/Zied-El-Hani.jpg\" \/>\n\t<meta property=\"og:image:width\" content=\"1200\" \/>\n\t<meta property=\"og:image:height\" content=\"630\" \/>\n\t<meta property=\"og:image:type\" content=\"image\/jpeg\" \/>\n<meta name=\"author\" content=\"webmaster kapitalis\" \/>\n<meta name=\"twitter:card\" content=\"summary_large_image\" \/>\n<meta name=\"twitter:creator\" content=\"@KapitalisInfo\" \/>\n<meta name=\"twitter:site\" content=\"@KapitalisInfo\" \/>\n<meta name=\"twitter:label1\" content=\"\u00c9crit par\" \/>\n\t<meta name=\"twitter:data1\" content=\"webmaster kapitalis\" \/>\n\t<meta name=\"twitter:label2\" content=\"Dur\u00e9e de lecture estim\u00e9e\" \/>\n\t<meta name=\"twitter:data2\" content=\"3 minutes\" \/>\n<script type=\"application\/ld+json\" class=\"yoast-schema-graph\">{\"@context\":\"https:\/\/schema.org\",\"@graph\":[{\"@type\":\"Article\",\"@id\":\"https:\/\/kapitalis.com\/tunisie\/2026\/04\/27\/declaration-de-soutien-au-journaliste-zied-el-hani\/#article\",\"isPartOf\":{\"@id\":\"https:\/\/kapitalis.com\/tunisie\/2026\/04\/27\/declaration-de-soutien-au-journaliste-zied-el-hani\/\"},\"author\":{\"name\":\"webmaster kapitalis\",\"@id\":\"https:\/\/kapitalis.com\/tunisie\/#\/schema\/person\/d71f33a9ca44f7bad4698210b480c8e9\"},\"headline\":\"D\u00e9claration de soutien au journaliste Zied El Hani\",\"datePublished\":\"2026-04-27T10:19:21+00:00\",\"dateModified\":\"2026-04-27T10:19:23+00:00\",\"mainEntityOfPage\":{\"@id\":\"https:\/\/kapitalis.com\/tunisie\/2026\/04\/27\/declaration-de-soutien-au-journaliste-zied-el-hani\/\"},\"wordCount\":588,\"commentCount\":0,\"publisher\":{\"@id\":\"https:\/\/kapitalis.com\/tunisie\/#organization\"},\"image\":{\"@id\":\"https:\/\/kapitalis.com\/tunisie\/2026\/04\/27\/declaration-de-soutien-au-journaliste-zied-el-hani\/#primaryimage\"},\"thumbnailUrl\":\"https:\/\/kapitalis.com\/tunisie\/wp-content\/uploads\/2024\/01\/Zied-El-Hani.jpg\",\"keywords\":[\"article 86\",\"Borhane Bsaies\",\"code des t\u00e9l\u00e9communications\",\"d\u00e9cret 115\",\"d\u00e9cret 54\",\"Inkyfada\",\"journalistes\",\"libert\u00e9 d\u2019expression\",\"Mourad Zeghidi\",\"sonia dahmani\",\"Zied El Hani\"],\"articleSection\":[\"MEDIA\",\"POLITIQUE\",\"Tunisie\"],\"inLanguage\":\"fr-FR\",\"potentialAction\":[{\"@type\":\"CommentAction\",\"name\":\"Comment\",\"target\":[\"https:\/\/kapitalis.com\/tunisie\/2026\/04\/27\/declaration-de-soutien-au-journaliste-zied-el-hani\/#respond\"]}]},{\"@type\":\"WebPage\",\"@id\":\"https:\/\/kapitalis.com\/tunisie\/2026\/04\/27\/declaration-de-soutien-au-journaliste-zied-el-hani\/\",\"url\":\"https:\/\/kapitalis.com\/tunisie\/2026\/04\/27\/declaration-de-soutien-au-journaliste-zied-el-hani\/\",\"name\":\"D\u00e9claration de soutien au journaliste Zied El Hani - Kapitalis\",\"isPartOf\":{\"@id\":\"https:\/\/kapitalis.com\/tunisie\/#website\"},\"primaryImageOfPage\":{\"@id\":\"https:\/\/kapitalis.com\/tunisie\/2026\/04\/27\/declaration-de-soutien-au-journaliste-zied-el-hani\/#primaryimage\"},\"image\":{\"@id\":\"https:\/\/kapitalis.com\/tunisie\/2026\/04\/27\/declaration-de-soutien-au-journaliste-zied-el-hani\/#primaryimage\"},\"thumbnailUrl\":\"https:\/\/kapitalis.com\/tunisie\/wp-content\/uploads\/2024\/01\/Zied-El-Hani.jpg\",\"datePublished\":\"2026-04-27T10:19:21+00:00\",\"dateModified\":\"2026-04-27T10:19:23+00:00\",\"description\":\"D\u00e9claration de soutien au journaliste Zied El Hani et appel \u00e0 sa lib\u00e9ration et \u00e0 la fin du harc\u00e8lement des m\u00e9dias.\",\"breadcrumb\":{\"@id\":\"https:\/\/kapitalis.com\/tunisie\/2026\/04\/27\/declaration-de-soutien-au-journaliste-zied-el-hani\/#breadcrumb\"},\"inLanguage\":\"fr-FR\",\"potentialAction\":[{\"@type\":\"ReadAction\",\"target\":[\"https:\/\/kapitalis.com\/tunisie\/2026\/04\/27\/declaration-de-soutien-au-journaliste-zied-el-hani\/\"]}]},{\"@type\":\"ImageObject\",\"inLanguage\":\"fr-FR\",\"@id\":\"https:\/\/kapitalis.com\/tunisie\/2026\/04\/27\/declaration-de-soutien-au-journaliste-zied-el-hani\/#primaryimage\",\"url\":\"https:\/\/kapitalis.com\/tunisie\/wp-content\/uploads\/2024\/01\/Zied-El-Hani.jpg\",\"contentUrl\":\"https:\/\/kapitalis.com\/tunisie\/wp-content\/uploads\/2024\/01\/Zied-El-Hani.jpg\",\"width\":1200,\"height\":630},{\"@type\":\"BreadcrumbList\",\"@id\":\"https:\/\/kapitalis.com\/tunisie\/2026\/04\/27\/declaration-de-soutien-au-journaliste-zied-el-hani\/#breadcrumb\",\"itemListElement\":[{\"@type\":\"ListItem\",\"position\":1,\"name\":\"Accueil\",\"item\":\"https:\/\/kapitalis.com\/tunisie\/\"},{\"@type\":\"ListItem\",\"position\":2,\"name\":\"D\u00e9claration de soutien au journaliste Zied El Hani\"}]},{\"@type\":\"WebSite\",\"@id\":\"https:\/\/kapitalis.com\/tunisie\/#website\",\"url\":\"https:\/\/kapitalis.com\/tunisie\/\",\"name\":\"Kapitalis\",\"description\":\"L&#039;actualit\u00e9 en Tunisie et dans le monde\",\"publisher\":{\"@id\":\"https:\/\/kapitalis.com\/tunisie\/#organization\"},\"potentialAction\":[{\"@type\":\"SearchAction\",\"target\":{\"@type\":\"EntryPoint\",\"urlTemplate\":\"https:\/\/kapitalis.com\/tunisie\/?s={search_term_string}\"},\"query-input\":{\"@type\":\"PropertyValueSpecification\",\"valueRequired\":true,\"valueName\":\"search_term_string\"}}],\"inLanguage\":\"fr-FR\"},{\"@type\":\"Organization\",\"@id\":\"https:\/\/kapitalis.com\/tunisie\/#organization\",\"name\":\"Kapitalis\",\"url\":\"https:\/\/kapitalis.com\/tunisie\/\",\"logo\":{\"@type\":\"ImageObject\",\"inLanguage\":\"fr-FR\",\"@id\":\"https:\/\/kapitalis.com\/tunisie\/#\/schema\/logo\/image\/\",\"url\":\"https:\/\/kapitalis.com\/tunisie\/wp-content\/uploads\/2022\/05\/Kapitalis-big-size.png\",\"contentUrl\":\"https:\/\/kapitalis.com\/tunisie\/wp-content\/uploads\/2022\/05\/Kapitalis-big-size.png\",\"width\":5000,\"height\":1500,\"caption\":\"Kapitalis\"},\"image\":{\"@id\":\"https:\/\/kapitalis.com\/tunisie\/#\/schema\/logo\/image\/\"},\"sameAs\":[\"https:\/\/www.facebook.com\/KapitalisInfo\/\",\"https:\/\/x.com\/KapitalisInfo\",\"https:\/\/www.youtube.com\/channel\/UC-yDYrHyfFBWWZaOw3FPg9Q\"]},{\"@type\":\"Person\",\"@id\":\"https:\/\/kapitalis.com\/tunisie\/#\/schema\/person\/d71f33a9ca44f7bad4698210b480c8e9\",\"name\":\"webmaster kapitalis\",\"url\":\"https:\/\/kapitalis.com\/tunisie\/author\/webmaster-kapitalis\/\"}]}<\/script>\n<!-- \/ Yoast SEO plugin. -->","yoast_head_json":{"title":"D\u00e9claration de soutien au journaliste Zied El Hani - Kapitalis","description":"D\u00e9claration de soutien au journaliste Zied El Hani et appel \u00e0 sa lib\u00e9ration et \u00e0 la fin du harc\u00e8lement des m\u00e9dias.","robots":{"index":"index","follow":"follow","max-snippet":"max-snippet:-1","max-image-preview":"max-image-preview:large","max-video-preview":"max-video-preview:-1"},"canonical":"https:\/\/kapitalis.com\/tunisie\/2026\/04\/27\/declaration-de-soutien-au-journaliste-zied-el-hani\/","og_locale":"fr_FR","og_type":"article","og_title":"D\u00e9claration de soutien au journaliste Zied El Hani - Kapitalis","og_description":"D\u00e9claration de soutien au journaliste Zied El Hani et appel \u00e0 sa lib\u00e9ration et \u00e0 la fin du harc\u00e8lement des m\u00e9dias.","og_url":"https:\/\/kapitalis.com\/tunisie\/2026\/04\/27\/declaration-de-soutien-au-journaliste-zied-el-hani\/","og_site_name":"Kapitalis","article_publisher":"https:\/\/www.facebook.com\/KapitalisInfo\/","article_published_time":"2026-04-27T10:19:21+00:00","article_modified_time":"2026-04-27T10:19:23+00:00","og_image":[{"width":1200,"height":630,"url":"https:\/\/kapitalis.com\/tunisie\/wp-content\/uploads\/2024\/01\/Zied-El-Hani.jpg","type":"image\/jpeg"}],"author":"webmaster kapitalis","twitter_card":"summary_large_image","twitter_creator":"@KapitalisInfo","twitter_site":"@KapitalisInfo","twitter_misc":{"\u00c9crit par":"webmaster kapitalis","Dur\u00e9e de lecture estim\u00e9e":"3 minutes"},"schema":{"@context":"https:\/\/schema.org","@graph":[{"@type":"Article","@id":"https:\/\/kapitalis.com\/tunisie\/2026\/04\/27\/declaration-de-soutien-au-journaliste-zied-el-hani\/#article","isPartOf":{"@id":"https:\/\/kapitalis.com\/tunisie\/2026\/04\/27\/declaration-de-soutien-au-journaliste-zied-el-hani\/"},"author":{"name":"webmaster kapitalis","@id":"https:\/\/kapitalis.com\/tunisie\/#\/schema\/person\/d71f33a9ca44f7bad4698210b480c8e9"},"headline":"D\u00e9claration de soutien au journaliste Zied El Hani","datePublished":"2026-04-27T10:19:21+00:00","dateModified":"2026-04-27T10:19:23+00:00","mainEntityOfPage":{"@id":"https:\/\/kapitalis.com\/tunisie\/2026\/04\/27\/declaration-de-soutien-au-journaliste-zied-el-hani\/"},"wordCount":588,"commentCount":0,"publisher":{"@id":"https:\/\/kapitalis.com\/tunisie\/#organization"},"image":{"@id":"https:\/\/kapitalis.com\/tunisie\/2026\/04\/27\/declaration-de-soutien-au-journaliste-zied-el-hani\/#primaryimage"},"thumbnailUrl":"https:\/\/kapitalis.com\/tunisie\/wp-content\/uploads\/2024\/01\/Zied-El-Hani.jpg","keywords":["article 86","Borhane Bsaies","code des t\u00e9l\u00e9communications","d\u00e9cret 115","d\u00e9cret 54","Inkyfada","journalistes","libert\u00e9 d\u2019expression","Mourad Zeghidi","sonia dahmani","Zied El Hani"],"articleSection":["MEDIA","POLITIQUE","Tunisie"],"inLanguage":"fr-FR","potentialAction":[{"@type":"CommentAction","name":"Comment","target":["https:\/\/kapitalis.com\/tunisie\/2026\/04\/27\/declaration-de-soutien-au-journaliste-zied-el-hani\/#respond"]}]},{"@type":"WebPage","@id":"https:\/\/kapitalis.com\/tunisie\/2026\/04\/27\/declaration-de-soutien-au-journaliste-zied-el-hani\/","url":"https:\/\/kapitalis.com\/tunisie\/2026\/04\/27\/declaration-de-soutien-au-journaliste-zied-el-hani\/","name":"D\u00e9claration de soutien au journaliste Zied El Hani - Kapitalis","isPartOf":{"@id":"https:\/\/kapitalis.com\/tunisie\/#website"},"primaryImageOfPage":{"@id":"https:\/\/kapitalis.com\/tunisie\/2026\/04\/27\/declaration-de-soutien-au-journaliste-zied-el-hani\/#primaryimage"},"image":{"@id":"https:\/\/kapitalis.com\/tunisie\/2026\/04\/27\/declaration-de-soutien-au-journaliste-zied-el-hani\/#primaryimage"},"thumbnailUrl":"https:\/\/kapitalis.com\/tunisie\/wp-content\/uploads\/2024\/01\/Zied-El-Hani.jpg","datePublished":"2026-04-27T10:19:21+00:00","dateModified":"2026-04-27T10:19:23+00:00","description":"D\u00e9claration de soutien au journaliste Zied El Hani et appel \u00e0 sa lib\u00e9ration et \u00e0 la fin du harc\u00e8lement des m\u00e9dias.","breadcrumb":{"@id":"https:\/\/kapitalis.com\/tunisie\/2026\/04\/27\/declaration-de-soutien-au-journaliste-zied-el-hani\/#breadcrumb"},"inLanguage":"fr-FR","potentialAction":[{"@type":"ReadAction","target":["https:\/\/kapitalis.com\/tunisie\/2026\/04\/27\/declaration-de-soutien-au-journaliste-zied-el-hani\/"]}]},{"@type":"ImageObject","inLanguage":"fr-FR","@id":"https:\/\/kapitalis.com\/tunisie\/2026\/04\/27\/declaration-de-soutien-au-journaliste-zied-el-hani\/#primaryimage","url":"https:\/\/kapitalis.com\/tunisie\/wp-content\/uploads\/2024\/01\/Zied-El-Hani.jpg","contentUrl":"https:\/\/kapitalis.com\/tunisie\/wp-content\/uploads\/2024\/01\/Zied-El-Hani.jpg","width":1200,"height":630},{"@type":"BreadcrumbList","@id":"https:\/\/kapitalis.com\/tunisie\/2026\/04\/27\/declaration-de-soutien-au-journaliste-zied-el-hani\/#breadcrumb","itemListElement":[{"@type":"ListItem","position":1,"name":"Accueil","item":"https:\/\/kapitalis.com\/tunisie\/"},{"@type":"ListItem","position":2,"name":"D\u00e9claration de soutien au journaliste Zied El Hani"}]},{"@type":"WebSite","@id":"https:\/\/kapitalis.com\/tunisie\/#website","url":"https:\/\/kapitalis.com\/tunisie\/","name":"Kapitalis","description":"L&#039;actualit\u00e9 en Tunisie et dans le monde","publisher":{"@id":"https:\/\/kapitalis.com\/tunisie\/#organization"},"potentialAction":[{"@type":"SearchAction","target":{"@type":"EntryPoint","urlTemplate":"https:\/\/kapitalis.com\/tunisie\/?s={search_term_string}"},"query-input":{"@type":"PropertyValueSpecification","valueRequired":true,"valueName":"search_term_string"}}],"inLanguage":"fr-FR"},{"@type":"Organization","@id":"https:\/\/kapitalis.com\/tunisie\/#organization","name":"Kapitalis","url":"https:\/\/kapitalis.com\/tunisie\/","logo":{"@type":"ImageObject","inLanguage":"fr-FR","@id":"https:\/\/kapitalis.com\/tunisie\/#\/schema\/logo\/image\/","url":"https:\/\/kapitalis.com\/tunisie\/wp-content\/uploads\/2022\/05\/Kapitalis-big-size.png","contentUrl":"https:\/\/kapitalis.com\/tunisie\/wp-content\/uploads\/2022\/05\/Kapitalis-big-size.png","width":5000,"height":1500,"caption":"Kapitalis"},"image":{"@id":"https:\/\/kapitalis.com\/tunisie\/#\/schema\/logo\/image\/"},"sameAs":["https:\/\/www.facebook.com\/KapitalisInfo\/","https:\/\/x.com\/KapitalisInfo","https:\/\/www.youtube.com\/channel\/UC-yDYrHyfFBWWZaOw3FPg9Q"]},{"@type":"Person","@id":"https:\/\/kapitalis.com\/tunisie\/#\/schema\/person\/d71f33a9ca44f7bad4698210b480c8e9","name":"webmaster kapitalis","url":"https:\/\/kapitalis.com\/tunisie\/author\/webmaster-kapitalis\/"}]}},"_links":{"self":[{"href":"https:\/\/kapitalis.com\/tunisie\/wp-json\/wp\/v2\/posts\/18696675","targetHints":{"allow":["GET"]}}],"collection":[{"href":"https:\/\/kapitalis.com\/tunisie\/wp-json\/wp\/v2\/posts"}],"about":[{"href":"https:\/\/kapitalis.com\/tunisie\/wp-json\/wp\/v2\/types\/post"}],"author":[{"embeddable":true,"href":"https:\/\/kapitalis.com\/tunisie\/wp-json\/wp\/v2\/users\/8"}],"replies":[{"embeddable":true,"href":"https:\/\/kapitalis.com\/tunisie\/wp-json\/wp\/v2\/comments?post=18696675"}],"version-history":[{"count":1,"href":"https:\/\/kapitalis.com\/tunisie\/wp-json\/wp\/v2\/posts\/18696675\/revisions"}],"predecessor-version":[{"id":18696713,"href":"https:\/\/kapitalis.com\/tunisie\/wp-json\/wp\/v2\/posts\/18696675\/revisions\/18696713"}],"wp:featuredmedia":[{"embeddable":true,"href":"https:\/\/kapitalis.com\/tunisie\/wp-json\/wp\/v2\/media\/11216337"}],"wp:attachment":[{"href":"https:\/\/kapitalis.com\/tunisie\/wp-json\/wp\/v2\/media?parent=18696675"}],"wp:term":[{"taxonomy":"category","embeddable":true,"href":"https:\/\/kapitalis.com\/tunisie\/wp-json\/wp\/v2\/categories?post=18696675"},{"taxonomy":"post_tag","embeddable":true,"href":"https:\/\/kapitalis.com\/tunisie\/wp-json\/wp\/v2\/tags?post=18696675"}],"curies":[{"name":"wp","href":"https:\/\/api.w.org\/{rel}","templated":true}]}}