{"id":18696778,"date":"2026-04-27T11:42:40","date_gmt":"2026-04-27T10:42:40","guid":{"rendered":"https:\/\/kapitalis.com\/tunisie\/?p=18696778"},"modified":"2026-04-27T11:42:41","modified_gmt":"2026-04-27T10:42:41","slug":"foire-du-livre-de-tunis-articles-interdits-et-sanctions-pour-les-contrevenants","status":"publish","type":"post","link":"https:\/\/kapitalis.com\/tunisie\/2026\/04\/27\/foire-du-livre-de-tunis-articles-interdits-et-sanctions-pour-les-contrevenants\/","title":{"rendered":"Foire du livre de Tunis | Articles interdits et sanctions pour les contrevenants"},"content":{"rendered":"\n<p><strong><em>La direction de la Foire internationale du livre de Tunis, dont la 40<sup>e<\/sup> \u00e9dition se tient du 23 avril au 3 mai 2026, au Palais des Expositions, au Kram, &nbsp;a appel\u00e9 les exposants au strict respect du chapitre sept de son r\u00e8glement int\u00e9rieur, notamment en ce qui concerne la nature des articles expos\u00e9s, afin d&rsquo;assurer le bon d\u00e9roulement de l\u2019\u00e9v\u00e9nement.<\/em><\/strong><\/p>\n\n\n\n<!--more-->\n\n\n\n<p>Dans un communiqu\u00e9 publi\u00e9 le lundi 27 avril 2026, elle a soulign\u00e9 que l\u2019exposition ou la vente de jouets pour enfants de toute nature, de fournitures de bureau et de mat\u00e9riel d\u2019ing\u00e9nierie, ainsi que de tout mat\u00e9riel ou \u00e9quipement sans lien avec les livres et l\u2019\u00e9dition, sont strictement interdites.<\/p>\n\n\n\n<p>Le communiqu\u00e9 pr\u00e9cise \u00e9galement que toutes les expositions doivent pr\u00e9senter un contenu \u00e9ducatif et culturel conforme \u00e0 l\u2019identit\u00e9 et aux objectifs du salon, et respecter pleinement les listes pr\u00e9c\u00e9demment publi\u00e9es.<\/p>\n\n\n\n<p>La direction a soulign\u00e9 que toute infraction \u00e0 ce r\u00e8glement entra\u00eenerait des sanctions imm\u00e9diates, pouvant aller jusqu\u2019\u00e0 la fermeture du stand et l\u2019annulation de la participation, tout en exhortant les exposants \u00e0 respecter scrupuleusement les proc\u00e9dures susmentionn\u00e9es afin de pr\u00e9server l\u2019image de la foire et la qualit\u00e9 de son contenu culturel.<\/p>\n\n\n\n<p class=\"has-text-align-right\"><strong>I. B.<\/strong><\/p>\n","protected":false},"excerpt":{"rendered":"<p>Les exposants \u00e0 la Foire du Livre de Tunis appel\u00e9s  au strict respect du r\u00e8glement int\u00e9rieur au risque de sanctions.  <\/p>\n","protected":false},"author":8,"featured_media":18696794,"comment_status":"open","ping_status":"open","sticky":false,"template":"","format":"standard","meta":{"footnotes":""},"categories":[994,2433],"tags":[10364,124501,64491],"class_list":["post-18696778","post","type-post","status-publish","format-standard","has-post-thumbnail","hentry","category-culture","category-tunisie","tag-foire-du-livre","tag-palais-des-expositions","tag-tunis"],"yoast_head":"<!-- This site is optimized with the Yoast SEO plugin v26.6 - https:\/\/yoast.com\/wordpress\/plugins\/seo\/ -->\n<title>Foire du livre de Tunis | Articles interdits et sanctions pour les contrevenants - Kapitalis<\/title>\n<meta name=\"description\" content=\"Les exposants \u00e0 la Foire du Livre de Tunis appel\u00e9s au strict respect du r\u00e8glement int\u00e9rieur au risque de sanctions.\" \/>\n<meta name=\"robots\" content=\"index, follow, max-snippet:-1, max-image-preview:large, max-video-preview:-1\" \/>\n<link rel=\"canonical\" href=\"https:\/\/kapitalis.com\/tunisie\/2026\/04\/27\/foire-du-livre-de-tunis-articles-interdits-et-sanctions-pour-les-contrevenants\/\" \/>\n<meta property=\"og:locale\" content=\"fr_FR\" \/>\n<meta property=\"og:type\" content=\"article\" \/>\n<meta property=\"og:title\" content=\"Foire du livre de Tunis | Articles interdits et sanctions pour les contrevenants - Kapitalis\" \/>\n<meta property=\"og:description\" content=\"Les exposants \u00e0 la Foire du Livre de Tunis appel\u00e9s au strict respect du r\u00e8glement int\u00e9rieur au risque de sanctions.\" \/>\n<meta property=\"og:url\" content=\"https:\/\/kapitalis.com\/tunisie\/2026\/04\/27\/foire-du-livre-de-tunis-articles-interdits-et-sanctions-pour-les-contrevenants\/\" \/>\n<meta property=\"og:site_name\" content=\"Kapitalis\" \/>\n<meta property=\"article:publisher\" content=\"https:\/\/www.facebook.com\/KapitalisInfo\/\" \/>\n<meta property=\"article:published_time\" content=\"2026-04-27T10:42:40+00:00\" \/>\n<meta property=\"article:modified_time\" content=\"2026-04-27T10:42:41+00:00\" \/>\n<meta property=\"og:image\" content=\"https:\/\/kapitalis.com\/tunisie\/wp-content\/uploads\/2026\/04\/Foire-du-Livre-de-Tunis-2026-40e.jpg\" \/>\n\t<meta property=\"og:image:width\" content=\"1200\" \/>\n\t<meta property=\"og:image:height\" content=\"630\" \/>\n\t<meta property=\"og:image:type\" content=\"image\/jpeg\" \/>\n<meta name=\"author\" content=\"webmaster kapitalis\" \/>\n<meta name=\"twitter:card\" content=\"summary_large_image\" \/>\n<meta name=\"twitter:creator\" content=\"@KapitalisInfo\" \/>\n<meta name=\"twitter:site\" content=\"@KapitalisInfo\" \/>\n<meta name=\"twitter:label1\" content=\"\u00c9crit par\" \/>\n\t<meta name=\"twitter:data1\" content=\"webmaster kapitalis\" \/>\n\t<meta name=\"twitter:label2\" content=\"Dur\u00e9e de lecture estim\u00e9e\" \/>\n\t<meta name=\"twitter:data2\" content=\"2 minutes\" \/>\n<script type=\"application\/ld+json\" class=\"yoast-schema-graph\">{\"@context\":\"https:\/\/schema.org\",\"@graph\":[{\"@type\":\"Article\",\"@id\":\"https:\/\/kapitalis.com\/tunisie\/2026\/04\/27\/foire-du-livre-de-tunis-articles-interdits-et-sanctions-pour-les-contrevenants\/#article\",\"isPartOf\":{\"@id\":\"https:\/\/kapitalis.com\/tunisie\/2026\/04\/27\/foire-du-livre-de-tunis-articles-interdits-et-sanctions-pour-les-contrevenants\/\"},\"author\":{\"name\":\"webmaster kapitalis\",\"@id\":\"https:\/\/kapitalis.com\/tunisie\/#\/schema\/person\/d71f33a9ca44f7bad4698210b480c8e9\"},\"headline\":\"Foire du livre de Tunis | Articles interdits et sanctions pour les contrevenants\",\"datePublished\":\"2026-04-27T10:42:40+00:00\",\"dateModified\":\"2026-04-27T10:42:41+00:00\",\"mainEntityOfPage\":{\"@id\":\"https:\/\/kapitalis.com\/tunisie\/2026\/04\/27\/foire-du-livre-de-tunis-articles-interdits-et-sanctions-pour-les-contrevenants\/\"},\"wordCount\":223,\"commentCount\":0,\"publisher\":{\"@id\":\"https:\/\/kapitalis.com\/tunisie\/#organization\"},\"image\":{\"@id\":\"https:\/\/kapitalis.com\/tunisie\/2026\/04\/27\/foire-du-livre-de-tunis-articles-interdits-et-sanctions-pour-les-contrevenants\/#primaryimage\"},\"thumbnailUrl\":\"https:\/\/kapitalis.com\/tunisie\/wp-content\/uploads\/2026\/04\/Foire-du-Livre-de-Tunis-2026-40e.jpg\",\"keywords\":[\"foire du livre\",\"Palais des Expositions\",\"Tunis\"],\"articleSection\":[\"CULTURE\",\"Tunisie\"],\"inLanguage\":\"fr-FR\",\"potentialAction\":[{\"@type\":\"CommentAction\",\"name\":\"Comment\",\"target\":[\"https:\/\/kapitalis.com\/tunisie\/2026\/04\/27\/foire-du-livre-de-tunis-articles-interdits-et-sanctions-pour-les-contrevenants\/#respond\"]}]},{\"@type\":\"WebPage\",\"@id\":\"https:\/\/kapitalis.com\/tunisie\/2026\/04\/27\/foire-du-livre-de-tunis-articles-interdits-et-sanctions-pour-les-contrevenants\/\",\"url\":\"https:\/\/kapitalis.com\/tunisie\/2026\/04\/27\/foire-du-livre-de-tunis-articles-interdits-et-sanctions-pour-les-contrevenants\/\",\"name\":\"Foire du livre de Tunis | Articles interdits et sanctions pour les contrevenants - Kapitalis\",\"isPartOf\":{\"@id\":\"https:\/\/kapitalis.com\/tunisie\/#website\"},\"primaryImageOfPage\":{\"@id\":\"https:\/\/kapitalis.com\/tunisie\/2026\/04\/27\/foire-du-livre-de-tunis-articles-interdits-et-sanctions-pour-les-contrevenants\/#primaryimage\"},\"image\":{\"@id\":\"https:\/\/kapitalis.com\/tunisie\/2026\/04\/27\/foire-du-livre-de-tunis-articles-interdits-et-sanctions-pour-les-contrevenants\/#primaryimage\"},\"thumbnailUrl\":\"https:\/\/kapitalis.com\/tunisie\/wp-content\/uploads\/2026\/04\/Foire-du-Livre-de-Tunis-2026-40e.jpg\",\"datePublished\":\"2026-04-27T10:42:40+00:00\",\"dateModified\":\"2026-04-27T10:42:41+00:00\",\"description\":\"Les exposants \u00e0 la Foire du Livre de Tunis appel\u00e9s au strict respect du r\u00e8glement int\u00e9rieur au risque de sanctions.\",\"breadcrumb\":{\"@id\":\"https:\/\/kapitalis.com\/tunisie\/2026\/04\/27\/foire-du-livre-de-tunis-articles-interdits-et-sanctions-pour-les-contrevenants\/#breadcrumb\"},\"inLanguage\":\"fr-FR\",\"potentialAction\":[{\"@type\":\"ReadAction\",\"target\":[\"https:\/\/kapitalis.com\/tunisie\/2026\/04\/27\/foire-du-livre-de-tunis-articles-interdits-et-sanctions-pour-les-contrevenants\/\"]}]},{\"@type\":\"ImageObject\",\"inLanguage\":\"fr-FR\",\"@id\":\"https:\/\/kapitalis.com\/tunisie\/2026\/04\/27\/foire-du-livre-de-tunis-articles-interdits-et-sanctions-pour-les-contrevenants\/#primaryimage\",\"url\":\"https:\/\/kapitalis.com\/tunisie\/wp-content\/uploads\/2026\/04\/Foire-du-Livre-de-Tunis-2026-40e.jpg\",\"contentUrl\":\"https:\/\/kapitalis.com\/tunisie\/wp-content\/uploads\/2026\/04\/Foire-du-Livre-de-Tunis-2026-40e.jpg\",\"width\":1200,\"height\":630},{\"@type\":\"BreadcrumbList\",\"@id\":\"https:\/\/kapitalis.com\/tunisie\/2026\/04\/27\/foire-du-livre-de-tunis-articles-interdits-et-sanctions-pour-les-contrevenants\/#breadcrumb\",\"itemListElement\":[{\"@type\":\"ListItem\",\"position\":1,\"name\":\"Accueil\",\"item\":\"https:\/\/kapitalis.com\/tunisie\/\"},{\"@type\":\"ListItem\",\"position\":2,\"name\":\"Foire du livre de Tunis | Articles interdits et sanctions pour les contrevenants\"}]},{\"@type\":\"WebSite\",\"@id\":\"https:\/\/kapitalis.com\/tunisie\/#website\",\"url\":\"https:\/\/kapitalis.com\/tunisie\/\",\"name\":\"Kapitalis\",\"description\":\"L&#039;actualit\u00e9 en Tunisie et dans le monde\",\"publisher\":{\"@id\":\"https:\/\/kapitalis.com\/tunisie\/#organization\"},\"potentialAction\":[{\"@type\":\"SearchAction\",\"target\":{\"@type\":\"EntryPoint\",\"urlTemplate\":\"https:\/\/kapitalis.com\/tunisie\/?s={search_term_string}\"},\"query-input\":{\"@type\":\"PropertyValueSpecification\",\"valueRequired\":true,\"valueName\":\"search_term_string\"}}],\"inLanguage\":\"fr-FR\"},{\"@type\":\"Organization\",\"@id\":\"https:\/\/kapitalis.com\/tunisie\/#organization\",\"name\":\"Kapitalis\",\"url\":\"https:\/\/kapitalis.com\/tunisie\/\",\"logo\":{\"@type\":\"ImageObject\",\"inLanguage\":\"fr-FR\",\"@id\":\"https:\/\/kapitalis.com\/tunisie\/#\/schema\/logo\/image\/\",\"url\":\"https:\/\/kapitalis.com\/tunisie\/wp-content\/uploads\/2022\/05\/Kapitalis-big-size.png\",\"contentUrl\":\"https:\/\/kapitalis.com\/tunisie\/wp-content\/uploads\/2022\/05\/Kapitalis-big-size.png\",\"width\":5000,\"height\":1500,\"caption\":\"Kapitalis\"},\"image\":{\"@id\":\"https:\/\/kapitalis.com\/tunisie\/#\/schema\/logo\/image\/\"},\"sameAs\":[\"https:\/\/www.facebook.com\/KapitalisInfo\/\",\"https:\/\/x.com\/KapitalisInfo\",\"https:\/\/www.youtube.com\/channel\/UC-yDYrHyfFBWWZaOw3FPg9Q\"]},{\"@type\":\"Person\",\"@id\":\"https:\/\/kapitalis.com\/tunisie\/#\/schema\/person\/d71f33a9ca44f7bad4698210b480c8e9\",\"name\":\"webmaster kapitalis\",\"url\":\"https:\/\/kapitalis.com\/tunisie\/author\/webmaster-kapitalis\/\"}]}<\/script>\n<!-- \/ Yoast SEO plugin. -->","yoast_head_json":{"title":"Foire du livre de Tunis | Articles interdits et sanctions pour les contrevenants - Kapitalis","description":"Les exposants \u00e0 la Foire du Livre de Tunis appel\u00e9s au strict respect du r\u00e8glement int\u00e9rieur au risque de sanctions.","robots":{"index":"index","follow":"follow","max-snippet":"max-snippet:-1","max-image-preview":"max-image-preview:large","max-video-preview":"max-video-preview:-1"},"canonical":"https:\/\/kapitalis.com\/tunisie\/2026\/04\/27\/foire-du-livre-de-tunis-articles-interdits-et-sanctions-pour-les-contrevenants\/","og_locale":"fr_FR","og_type":"article","og_title":"Foire du livre de Tunis | Articles interdits et sanctions pour les contrevenants - Kapitalis","og_description":"Les exposants \u00e0 la Foire du Livre de Tunis appel\u00e9s au strict respect du r\u00e8glement int\u00e9rieur au risque de sanctions.","og_url":"https:\/\/kapitalis.com\/tunisie\/2026\/04\/27\/foire-du-livre-de-tunis-articles-interdits-et-sanctions-pour-les-contrevenants\/","og_site_name":"Kapitalis","article_publisher":"https:\/\/www.facebook.com\/KapitalisInfo\/","article_published_time":"2026-04-27T10:42:40+00:00","article_modified_time":"2026-04-27T10:42:41+00:00","og_image":[{"width":1200,"height":630,"url":"https:\/\/kapitalis.com\/tunisie\/wp-content\/uploads\/2026\/04\/Foire-du-Livre-de-Tunis-2026-40e.jpg","type":"image\/jpeg"}],"author":"webmaster kapitalis","twitter_card":"summary_large_image","twitter_creator":"@KapitalisInfo","twitter_site":"@KapitalisInfo","twitter_misc":{"\u00c9crit par":"webmaster kapitalis","Dur\u00e9e de lecture estim\u00e9e":"2 minutes"},"schema":{"@context":"https:\/\/schema.org","@graph":[{"@type":"Article","@id":"https:\/\/kapitalis.com\/tunisie\/2026\/04\/27\/foire-du-livre-de-tunis-articles-interdits-et-sanctions-pour-les-contrevenants\/#article","isPartOf":{"@id":"https:\/\/kapitalis.com\/tunisie\/2026\/04\/27\/foire-du-livre-de-tunis-articles-interdits-et-sanctions-pour-les-contrevenants\/"},"author":{"name":"webmaster kapitalis","@id":"https:\/\/kapitalis.com\/tunisie\/#\/schema\/person\/d71f33a9ca44f7bad4698210b480c8e9"},"headline":"Foire du livre de Tunis | Articles interdits et sanctions pour les contrevenants","datePublished":"2026-04-27T10:42:40+00:00","dateModified":"2026-04-27T10:42:41+00:00","mainEntityOfPage":{"@id":"https:\/\/kapitalis.com\/tunisie\/2026\/04\/27\/foire-du-livre-de-tunis-articles-interdits-et-sanctions-pour-les-contrevenants\/"},"wordCount":223,"commentCount":0,"publisher":{"@id":"https:\/\/kapitalis.com\/tunisie\/#organization"},"image":{"@id":"https:\/\/kapitalis.com\/tunisie\/2026\/04\/27\/foire-du-livre-de-tunis-articles-interdits-et-sanctions-pour-les-contrevenants\/#primaryimage"},"thumbnailUrl":"https:\/\/kapitalis.com\/tunisie\/wp-content\/uploads\/2026\/04\/Foire-du-Livre-de-Tunis-2026-40e.jpg","keywords":["foire du livre","Palais des Expositions","Tunis"],"articleSection":["CULTURE","Tunisie"],"inLanguage":"fr-FR","potentialAction":[{"@type":"CommentAction","name":"Comment","target":["https:\/\/kapitalis.com\/tunisie\/2026\/04\/27\/foire-du-livre-de-tunis-articles-interdits-et-sanctions-pour-les-contrevenants\/#respond"]}]},{"@type":"WebPage","@id":"https:\/\/kapitalis.com\/tunisie\/2026\/04\/27\/foire-du-livre-de-tunis-articles-interdits-et-sanctions-pour-les-contrevenants\/","url":"https:\/\/kapitalis.com\/tunisie\/2026\/04\/27\/foire-du-livre-de-tunis-articles-interdits-et-sanctions-pour-les-contrevenants\/","name":"Foire du livre de Tunis | Articles interdits et sanctions pour les contrevenants - Kapitalis","isPartOf":{"@id":"https:\/\/kapitalis.com\/tunisie\/#website"},"primaryImageOfPage":{"@id":"https:\/\/kapitalis.com\/tunisie\/2026\/04\/27\/foire-du-livre-de-tunis-articles-interdits-et-sanctions-pour-les-contrevenants\/#primaryimage"},"image":{"@id":"https:\/\/kapitalis.com\/tunisie\/2026\/04\/27\/foire-du-livre-de-tunis-articles-interdits-et-sanctions-pour-les-contrevenants\/#primaryimage"},"thumbnailUrl":"https:\/\/kapitalis.com\/tunisie\/wp-content\/uploads\/2026\/04\/Foire-du-Livre-de-Tunis-2026-40e.jpg","datePublished":"2026-04-27T10:42:40+00:00","dateModified":"2026-04-27T10:42:41+00:00","description":"Les exposants \u00e0 la Foire du Livre de Tunis appel\u00e9s au strict respect du r\u00e8glement int\u00e9rieur au risque de sanctions.","breadcrumb":{"@id":"https:\/\/kapitalis.com\/tunisie\/2026\/04\/27\/foire-du-livre-de-tunis-articles-interdits-et-sanctions-pour-les-contrevenants\/#breadcrumb"},"inLanguage":"fr-FR","potentialAction":[{"@type":"ReadAction","target":["https:\/\/kapitalis.com\/tunisie\/2026\/04\/27\/foire-du-livre-de-tunis-articles-interdits-et-sanctions-pour-les-contrevenants\/"]}]},{"@type":"ImageObject","inLanguage":"fr-FR","@id":"https:\/\/kapitalis.com\/tunisie\/2026\/04\/27\/foire-du-livre-de-tunis-articles-interdits-et-sanctions-pour-les-contrevenants\/#primaryimage","url":"https:\/\/kapitalis.com\/tunisie\/wp-content\/uploads\/2026\/04\/Foire-du-Livre-de-Tunis-2026-40e.jpg","contentUrl":"https:\/\/kapitalis.com\/tunisie\/wp-content\/uploads\/2026\/04\/Foire-du-Livre-de-Tunis-2026-40e.jpg","width":1200,"height":630},{"@type":"BreadcrumbList","@id":"https:\/\/kapitalis.com\/tunisie\/2026\/04\/27\/foire-du-livre-de-tunis-articles-interdits-et-sanctions-pour-les-contrevenants\/#breadcrumb","itemListElement":[{"@type":"ListItem","position":1,"name":"Accueil","item":"https:\/\/kapitalis.com\/tunisie\/"},{"@type":"ListItem","position":2,"name":"Foire du livre de Tunis | Articles interdits et sanctions pour les contrevenants"}]},{"@type":"WebSite","@id":"https:\/\/kapitalis.com\/tunisie\/#website","url":"https:\/\/kapitalis.com\/tunisie\/","name":"Kapitalis","description":"L&#039;actualit\u00e9 en Tunisie et dans le monde","publisher":{"@id":"https:\/\/kapitalis.com\/tunisie\/#organization"},"potentialAction":[{"@type":"SearchAction","target":{"@type":"EntryPoint","urlTemplate":"https:\/\/kapitalis.com\/tunisie\/?s={search_term_string}"},"query-input":{"@type":"PropertyValueSpecification","valueRequired":true,"valueName":"search_term_string"}}],"inLanguage":"fr-FR"},{"@type":"Organization","@id":"https:\/\/kapitalis.com\/tunisie\/#organization","name":"Kapitalis","url":"https:\/\/kapitalis.com\/tunisie\/","logo":{"@type":"ImageObject","inLanguage":"fr-FR","@id":"https:\/\/kapitalis.com\/tunisie\/#\/schema\/logo\/image\/","url":"https:\/\/kapitalis.com\/tunisie\/wp-content\/uploads\/2022\/05\/Kapitalis-big-size.png","contentUrl":"https:\/\/kapitalis.com\/tunisie\/wp-content\/uploads\/2022\/05\/Kapitalis-big-size.png","width":5000,"height":1500,"caption":"Kapitalis"},"image":{"@id":"https:\/\/kapitalis.com\/tunisie\/#\/schema\/logo\/image\/"},"sameAs":["https:\/\/www.facebook.com\/KapitalisInfo\/","https:\/\/x.com\/KapitalisInfo","https:\/\/www.youtube.com\/channel\/UC-yDYrHyfFBWWZaOw3FPg9Q"]},{"@type":"Person","@id":"https:\/\/kapitalis.com\/tunisie\/#\/schema\/person\/d71f33a9ca44f7bad4698210b480c8e9","name":"webmaster kapitalis","url":"https:\/\/kapitalis.com\/tunisie\/author\/webmaster-kapitalis\/"}]}},"_links":{"self":[{"href":"https:\/\/kapitalis.com\/tunisie\/wp-json\/wp\/v2\/posts\/18696778","targetHints":{"allow":["GET"]}}],"collection":[{"href":"https:\/\/kapitalis.com\/tunisie\/wp-json\/wp\/v2\/posts"}],"about":[{"href":"https:\/\/kapitalis.com\/tunisie\/wp-json\/wp\/v2\/types\/post"}],"author":[{"embeddable":true,"href":"https:\/\/kapitalis.com\/tunisie\/wp-json\/wp\/v2\/users\/8"}],"replies":[{"embeddable":true,"href":"https:\/\/kapitalis.com\/tunisie\/wp-json\/wp\/v2\/comments?post=18696778"}],"version-history":[{"count":1,"href":"https:\/\/kapitalis.com\/tunisie\/wp-json\/wp\/v2\/posts\/18696778\/revisions"}],"predecessor-version":[{"id":18696800,"href":"https:\/\/kapitalis.com\/tunisie\/wp-json\/wp\/v2\/posts\/18696778\/revisions\/18696800"}],"wp:featuredmedia":[{"embeddable":true,"href":"https:\/\/kapitalis.com\/tunisie\/wp-json\/wp\/v2\/media\/18696794"}],"wp:attachment":[{"href":"https:\/\/kapitalis.com\/tunisie\/wp-json\/wp\/v2\/media?parent=18696778"}],"wp:term":[{"taxonomy":"category","embeddable":true,"href":"https:\/\/kapitalis.com\/tunisie\/wp-json\/wp\/v2\/categories?post=18696778"},{"taxonomy":"post_tag","embeddable":true,"href":"https:\/\/kapitalis.com\/tunisie\/wp-json\/wp\/v2\/tags?post=18696778"}],"curies":[{"name":"wp","href":"https:\/\/api.w.org\/{rel}","templated":true}]}}