{"id":18698852,"date":"2026-04-27T18:48:59","date_gmt":"2026-04-27T17:48:59","guid":{"rendered":"https:\/\/kapitalis.com\/tunisie\/?p=18698852"},"modified":"2026-04-27T19:29:01","modified_gmt":"2026-04-27T18:29:01","slug":"jawher-ben-mbarek-suspend-sa-greve-de-la-faim","status":"publish","type":"post","link":"https:\/\/kapitalis.com\/tunisie\/2026\/04\/27\/jawher-ben-mbarek-suspend-sa-greve-de-la-faim\/","title":{"rendered":"Jawher Ben Mbarek suspend sa gr\u00e8ve de la faim"},"content":{"rendered":"\n<p><strong><em>Apr\u00e8s un mois de mobilisation, l&rsquo;opposant politique Jawher Ben Mbarek, d\u00e9tenu \u00e0 la prison du Sers, a annonc\u00e9 ce lundi 27 avril 2026 la suspension de sa gr\u00e8ve de la faim.<\/em><\/strong><\/p>\n\n\n\n<!--more-->\n\n\n\n<p>L\u2019information a \u00e9t\u00e9 relay\u00e9e par sa s\u0153ur, Me Dalila Ben Mbarek Msaddek, qui a diffus\u00e9 un message de Jawher Ben Mbarek dans lequel il explique avoir mis fin \u00e0 sa gr\u00e8ve de la faim, en r\u00e9ponse aux sollicitations pressantes de ses proches et de nombreuses organisations nationales et internationales, ayant estim\u00e9 que sa vie repr\u00e9sentait \u00ab la continuit\u00e9 du combat, et non sa fin \u00bb.<\/p>\n\n\n\n<p>Jawher Ben Mbarek a tenu \u00e0 exprimer sa gratitude envers sa famille, ses amis, ainsi que les partis et personnalit\u00e9s qui l&rsquo;ont soutenu, tant en Tunisie qu\u2019\u00e0 l\u2019\u00e9tranger.<\/p>\n\n\n\n<p>\u00ab<em> Cette d\u00e9cision ne constitue pas un recul \u2026 La lutte des d\u00e9tenus politiques se poursuivra par tous les moyens pacifiques et l\u00e9gitimes <\/em>\u00bb, indique-t-il, tout en appelant les acteurs politiques et civils \u00e0 \u00ab <em>unifier les efforts pour le retour \u00e0 un processus d\u00e9mocratique garant des droits et libert\u00e9s<\/em>\u00bb .<\/p>\n\n\n\n<p class=\"has-text-align-right\"><strong>Y. N.<\/strong><\/p>\n","protected":false},"excerpt":{"rendered":"<p>Apr\u00e8s un mois de mobilisation, l&rsquo;opposant politique Jawher Ben Mbarek, d\u00e9tenu \u00e0 la prison du Sers, a annonc\u00e9 ce lundi 27 avril 2026 la suspension de sa gr\u00e8ve de la faim.<\/p>\n","protected":false},"author":6,"featured_media":12679153,"comment_status":"open","ping_status":"open","sticky":false,"template":"","format":"standard","meta":{"footnotes":""},"categories":[997,998,2433],"tags":[111140,95835,1314,10088,62643],"class_list":["post-18698852","post","type-post","status-publish","format-standard","has-post-thumbnail","hentry","category-politique","category-societe","category-tunisie","tag-greve-de-la-faim-2","tag-jawher-ben-mbarek","tag-prison","tag-sers","tag-tunisie"],"yoast_head":"<!-- This site is optimized with the Yoast SEO plugin v26.6 - https:\/\/yoast.com\/wordpress\/plugins\/seo\/ -->\n<title>Jawher Ben Mbarek suspend sa gr\u00e8ve de la faim - Kapitalis<\/title>\n<meta name=\"robots\" content=\"index, follow, max-snippet:-1, max-image-preview:large, max-video-preview:-1\" \/>\n<link rel=\"canonical\" href=\"https:\/\/kapitalis.com\/tunisie\/2026\/04\/27\/jawher-ben-mbarek-suspend-sa-greve-de-la-faim\/\" \/>\n<meta property=\"og:locale\" content=\"fr_FR\" \/>\n<meta property=\"og:type\" content=\"article\" \/>\n<meta property=\"og:title\" content=\"Jawher Ben Mbarek suspend sa gr\u00e8ve de la faim - Kapitalis\" \/>\n<meta property=\"og:description\" content=\"Apr\u00e8s un mois de mobilisation, l&rsquo;opposant politique Jawher Ben Mbarek, d\u00e9tenu \u00e0 la prison du Sers, a annonc\u00e9 ce lundi 27 avril 2026 la suspension de sa gr\u00e8ve de la faim.\" \/>\n<meta property=\"og:url\" content=\"https:\/\/kapitalis.com\/tunisie\/2026\/04\/27\/jawher-ben-mbarek-suspend-sa-greve-de-la-faim\/\" \/>\n<meta property=\"og:site_name\" content=\"Kapitalis\" \/>\n<meta property=\"article:publisher\" content=\"https:\/\/www.facebook.com\/KapitalisInfo\/\" \/>\n<meta property=\"article:published_time\" content=\"2026-04-27T17:48:59+00:00\" \/>\n<meta property=\"article:modified_time\" content=\"2026-04-27T18:29:01+00:00\" \/>\n<meta property=\"og:image\" content=\"https:\/\/kapitalis.com\/tunisie\/wp-content\/uploads\/2024\/05\/Jawhar-Ben-Mbarek.jpg\" \/>\n\t<meta property=\"og:image:width\" content=\"1200\" \/>\n\t<meta property=\"og:image:height\" content=\"630\" \/>\n\t<meta property=\"og:image:type\" content=\"image\/jpeg\" \/>\n<meta name=\"author\" content=\"Yusra NY\" \/>\n<meta name=\"twitter:card\" content=\"summary_large_image\" \/>\n<meta name=\"twitter:creator\" content=\"@KapitalisInfo\" \/>\n<meta name=\"twitter:site\" content=\"@KapitalisInfo\" \/>\n<meta name=\"twitter:label1\" content=\"\u00c9crit par\" \/>\n\t<meta name=\"twitter:data1\" content=\"Yusra NY\" \/>\n\t<meta name=\"twitter:label2\" content=\"Dur\u00e9e de lecture estim\u00e9e\" \/>\n\t<meta name=\"twitter:data2\" content=\"2 minutes\" \/>\n<script type=\"application\/ld+json\" class=\"yoast-schema-graph\">{\"@context\":\"https:\/\/schema.org\",\"@graph\":[{\"@type\":\"Article\",\"@id\":\"https:\/\/kapitalis.com\/tunisie\/2026\/04\/27\/jawher-ben-mbarek-suspend-sa-greve-de-la-faim\/#article\",\"isPartOf\":{\"@id\":\"https:\/\/kapitalis.com\/tunisie\/2026\/04\/27\/jawher-ben-mbarek-suspend-sa-greve-de-la-faim\/\"},\"author\":{\"name\":\"Yusra NY\",\"@id\":\"https:\/\/kapitalis.com\/tunisie\/#\/schema\/person\/74bbde0154d49d790a92aaeac5bc01d5\"},\"headline\":\"Jawher Ben Mbarek suspend sa gr\u00e8ve de la faim\",\"datePublished\":\"2026-04-27T17:48:59+00:00\",\"dateModified\":\"2026-04-27T18:29:01+00:00\",\"mainEntityOfPage\":{\"@id\":\"https:\/\/kapitalis.com\/tunisie\/2026\/04\/27\/jawher-ben-mbarek-suspend-sa-greve-de-la-faim\/\"},\"wordCount\":189,\"commentCount\":0,\"publisher\":{\"@id\":\"https:\/\/kapitalis.com\/tunisie\/#organization\"},\"image\":{\"@id\":\"https:\/\/kapitalis.com\/tunisie\/2026\/04\/27\/jawher-ben-mbarek-suspend-sa-greve-de-la-faim\/#primaryimage\"},\"thumbnailUrl\":\"https:\/\/kapitalis.com\/tunisie\/wp-content\/uploads\/2024\/05\/Jawhar-Ben-Mbarek.jpg\",\"keywords\":[\"GR\u00c8VE DE LA FAIM\",\"Jawher Ben Mbarek\",\"prison\",\"Sers\",\"Tunisie\"],\"articleSection\":[\"POLITIQUE\",\"SOCIETE\",\"Tunisie\"],\"inLanguage\":\"fr-FR\",\"potentialAction\":[{\"@type\":\"CommentAction\",\"name\":\"Comment\",\"target\":[\"https:\/\/kapitalis.com\/tunisie\/2026\/04\/27\/jawher-ben-mbarek-suspend-sa-greve-de-la-faim\/#respond\"]}]},{\"@type\":\"WebPage\",\"@id\":\"https:\/\/kapitalis.com\/tunisie\/2026\/04\/27\/jawher-ben-mbarek-suspend-sa-greve-de-la-faim\/\",\"url\":\"https:\/\/kapitalis.com\/tunisie\/2026\/04\/27\/jawher-ben-mbarek-suspend-sa-greve-de-la-faim\/\",\"name\":\"Jawher Ben Mbarek suspend sa gr\u00e8ve de la faim - Kapitalis\",\"isPartOf\":{\"@id\":\"https:\/\/kapitalis.com\/tunisie\/#website\"},\"primaryImageOfPage\":{\"@id\":\"https:\/\/kapitalis.com\/tunisie\/2026\/04\/27\/jawher-ben-mbarek-suspend-sa-greve-de-la-faim\/#primaryimage\"},\"image\":{\"@id\":\"https:\/\/kapitalis.com\/tunisie\/2026\/04\/27\/jawher-ben-mbarek-suspend-sa-greve-de-la-faim\/#primaryimage\"},\"thumbnailUrl\":\"https:\/\/kapitalis.com\/tunisie\/wp-content\/uploads\/2024\/05\/Jawhar-Ben-Mbarek.jpg\",\"datePublished\":\"2026-04-27T17:48:59+00:00\",\"dateModified\":\"2026-04-27T18:29:01+00:00\",\"breadcrumb\":{\"@id\":\"https:\/\/kapitalis.com\/tunisie\/2026\/04\/27\/jawher-ben-mbarek-suspend-sa-greve-de-la-faim\/#breadcrumb\"},\"inLanguage\":\"fr-FR\",\"potentialAction\":[{\"@type\":\"ReadAction\",\"target\":[\"https:\/\/kapitalis.com\/tunisie\/2026\/04\/27\/jawher-ben-mbarek-suspend-sa-greve-de-la-faim\/\"]}]},{\"@type\":\"ImageObject\",\"inLanguage\":\"fr-FR\",\"@id\":\"https:\/\/kapitalis.com\/tunisie\/2026\/04\/27\/jawher-ben-mbarek-suspend-sa-greve-de-la-faim\/#primaryimage\",\"url\":\"https:\/\/kapitalis.com\/tunisie\/wp-content\/uploads\/2024\/05\/Jawhar-Ben-Mbarek.jpg\",\"contentUrl\":\"https:\/\/kapitalis.com\/tunisie\/wp-content\/uploads\/2024\/05\/Jawhar-Ben-Mbarek.jpg\",\"width\":1200,\"height\":630},{\"@type\":\"BreadcrumbList\",\"@id\":\"https:\/\/kapitalis.com\/tunisie\/2026\/04\/27\/jawher-ben-mbarek-suspend-sa-greve-de-la-faim\/#breadcrumb\",\"itemListElement\":[{\"@type\":\"ListItem\",\"position\":1,\"name\":\"Accueil\",\"item\":\"https:\/\/kapitalis.com\/tunisie\/\"},{\"@type\":\"ListItem\",\"position\":2,\"name\":\"Jawher Ben Mbarek suspend sa gr\u00e8ve de la faim\"}]},{\"@type\":\"WebSite\",\"@id\":\"https:\/\/kapitalis.com\/tunisie\/#website\",\"url\":\"https:\/\/kapitalis.com\/tunisie\/\",\"name\":\"Kapitalis\",\"description\":\"L&#039;actualit\u00e9 en Tunisie et dans le monde\",\"publisher\":{\"@id\":\"https:\/\/kapitalis.com\/tunisie\/#organization\"},\"potentialAction\":[{\"@type\":\"SearchAction\",\"target\":{\"@type\":\"EntryPoint\",\"urlTemplate\":\"https:\/\/kapitalis.com\/tunisie\/?s={search_term_string}\"},\"query-input\":{\"@type\":\"PropertyValueSpecification\",\"valueRequired\":true,\"valueName\":\"search_term_string\"}}],\"inLanguage\":\"fr-FR\"},{\"@type\":\"Organization\",\"@id\":\"https:\/\/kapitalis.com\/tunisie\/#organization\",\"name\":\"Kapitalis\",\"url\":\"https:\/\/kapitalis.com\/tunisie\/\",\"logo\":{\"@type\":\"ImageObject\",\"inLanguage\":\"fr-FR\",\"@id\":\"https:\/\/kapitalis.com\/tunisie\/#\/schema\/logo\/image\/\",\"url\":\"https:\/\/kapitalis.com\/tunisie\/wp-content\/uploads\/2022\/05\/Kapitalis-big-size.png\",\"contentUrl\":\"https:\/\/kapitalis.com\/tunisie\/wp-content\/uploads\/2022\/05\/Kapitalis-big-size.png\",\"width\":5000,\"height\":1500,\"caption\":\"Kapitalis\"},\"image\":{\"@id\":\"https:\/\/kapitalis.com\/tunisie\/#\/schema\/logo\/image\/\"},\"sameAs\":[\"https:\/\/www.facebook.com\/KapitalisInfo\/\",\"https:\/\/x.com\/KapitalisInfo\",\"https:\/\/www.youtube.com\/channel\/UC-yDYrHyfFBWWZaOw3FPg9Q\"]},{\"@type\":\"Person\",\"@id\":\"https:\/\/kapitalis.com\/tunisie\/#\/schema\/person\/74bbde0154d49d790a92aaeac5bc01d5\",\"name\":\"Yusra NY\",\"url\":\"https:\/\/kapitalis.com\/tunisie\/author\/yuza_adam\/\"}]}<\/script>\n<!-- \/ Yoast SEO plugin. -->","yoast_head_json":{"title":"Jawher Ben Mbarek suspend sa gr\u00e8ve de la faim - Kapitalis","robots":{"index":"index","follow":"follow","max-snippet":"max-snippet:-1","max-image-preview":"max-image-preview:large","max-video-preview":"max-video-preview:-1"},"canonical":"https:\/\/kapitalis.com\/tunisie\/2026\/04\/27\/jawher-ben-mbarek-suspend-sa-greve-de-la-faim\/","og_locale":"fr_FR","og_type":"article","og_title":"Jawher Ben Mbarek suspend sa gr\u00e8ve de la faim - Kapitalis","og_description":"Apr\u00e8s un mois de mobilisation, l&rsquo;opposant politique Jawher Ben Mbarek, d\u00e9tenu \u00e0 la prison du Sers, a annonc\u00e9 ce lundi 27 avril 2026 la suspension de sa gr\u00e8ve de la faim.","og_url":"https:\/\/kapitalis.com\/tunisie\/2026\/04\/27\/jawher-ben-mbarek-suspend-sa-greve-de-la-faim\/","og_site_name":"Kapitalis","article_publisher":"https:\/\/www.facebook.com\/KapitalisInfo\/","article_published_time":"2026-04-27T17:48:59+00:00","article_modified_time":"2026-04-27T18:29:01+00:00","og_image":[{"width":1200,"height":630,"url":"https:\/\/kapitalis.com\/tunisie\/wp-content\/uploads\/2024\/05\/Jawhar-Ben-Mbarek.jpg","type":"image\/jpeg"}],"author":"Yusra NY","twitter_card":"summary_large_image","twitter_creator":"@KapitalisInfo","twitter_site":"@KapitalisInfo","twitter_misc":{"\u00c9crit par":"Yusra NY","Dur\u00e9e de lecture estim\u00e9e":"2 minutes"},"schema":{"@context":"https:\/\/schema.org","@graph":[{"@type":"Article","@id":"https:\/\/kapitalis.com\/tunisie\/2026\/04\/27\/jawher-ben-mbarek-suspend-sa-greve-de-la-faim\/#article","isPartOf":{"@id":"https:\/\/kapitalis.com\/tunisie\/2026\/04\/27\/jawher-ben-mbarek-suspend-sa-greve-de-la-faim\/"},"author":{"name":"Yusra NY","@id":"https:\/\/kapitalis.com\/tunisie\/#\/schema\/person\/74bbde0154d49d790a92aaeac5bc01d5"},"headline":"Jawher Ben Mbarek suspend sa gr\u00e8ve de la faim","datePublished":"2026-04-27T17:48:59+00:00","dateModified":"2026-04-27T18:29:01+00:00","mainEntityOfPage":{"@id":"https:\/\/kapitalis.com\/tunisie\/2026\/04\/27\/jawher-ben-mbarek-suspend-sa-greve-de-la-faim\/"},"wordCount":189,"commentCount":0,"publisher":{"@id":"https:\/\/kapitalis.com\/tunisie\/#organization"},"image":{"@id":"https:\/\/kapitalis.com\/tunisie\/2026\/04\/27\/jawher-ben-mbarek-suspend-sa-greve-de-la-faim\/#primaryimage"},"thumbnailUrl":"https:\/\/kapitalis.com\/tunisie\/wp-content\/uploads\/2024\/05\/Jawhar-Ben-Mbarek.jpg","keywords":["GR\u00c8VE DE LA FAIM","Jawher Ben Mbarek","prison","Sers","Tunisie"],"articleSection":["POLITIQUE","SOCIETE","Tunisie"],"inLanguage":"fr-FR","potentialAction":[{"@type":"CommentAction","name":"Comment","target":["https:\/\/kapitalis.com\/tunisie\/2026\/04\/27\/jawher-ben-mbarek-suspend-sa-greve-de-la-faim\/#respond"]}]},{"@type":"WebPage","@id":"https:\/\/kapitalis.com\/tunisie\/2026\/04\/27\/jawher-ben-mbarek-suspend-sa-greve-de-la-faim\/","url":"https:\/\/kapitalis.com\/tunisie\/2026\/04\/27\/jawher-ben-mbarek-suspend-sa-greve-de-la-faim\/","name":"Jawher Ben Mbarek suspend sa gr\u00e8ve de la faim - Kapitalis","isPartOf":{"@id":"https:\/\/kapitalis.com\/tunisie\/#website"},"primaryImageOfPage":{"@id":"https:\/\/kapitalis.com\/tunisie\/2026\/04\/27\/jawher-ben-mbarek-suspend-sa-greve-de-la-faim\/#primaryimage"},"image":{"@id":"https:\/\/kapitalis.com\/tunisie\/2026\/04\/27\/jawher-ben-mbarek-suspend-sa-greve-de-la-faim\/#primaryimage"},"thumbnailUrl":"https:\/\/kapitalis.com\/tunisie\/wp-content\/uploads\/2024\/05\/Jawhar-Ben-Mbarek.jpg","datePublished":"2026-04-27T17:48:59+00:00","dateModified":"2026-04-27T18:29:01+00:00","breadcrumb":{"@id":"https:\/\/kapitalis.com\/tunisie\/2026\/04\/27\/jawher-ben-mbarek-suspend-sa-greve-de-la-faim\/#breadcrumb"},"inLanguage":"fr-FR","potentialAction":[{"@type":"ReadAction","target":["https:\/\/kapitalis.com\/tunisie\/2026\/04\/27\/jawher-ben-mbarek-suspend-sa-greve-de-la-faim\/"]}]},{"@type":"ImageObject","inLanguage":"fr-FR","@id":"https:\/\/kapitalis.com\/tunisie\/2026\/04\/27\/jawher-ben-mbarek-suspend-sa-greve-de-la-faim\/#primaryimage","url":"https:\/\/kapitalis.com\/tunisie\/wp-content\/uploads\/2024\/05\/Jawhar-Ben-Mbarek.jpg","contentUrl":"https:\/\/kapitalis.com\/tunisie\/wp-content\/uploads\/2024\/05\/Jawhar-Ben-Mbarek.jpg","width":1200,"height":630},{"@type":"BreadcrumbList","@id":"https:\/\/kapitalis.com\/tunisie\/2026\/04\/27\/jawher-ben-mbarek-suspend-sa-greve-de-la-faim\/#breadcrumb","itemListElement":[{"@type":"ListItem","position":1,"name":"Accueil","item":"https:\/\/kapitalis.com\/tunisie\/"},{"@type":"ListItem","position":2,"name":"Jawher Ben Mbarek suspend sa gr\u00e8ve de la faim"}]},{"@type":"WebSite","@id":"https:\/\/kapitalis.com\/tunisie\/#website","url":"https:\/\/kapitalis.com\/tunisie\/","name":"Kapitalis","description":"L&#039;actualit\u00e9 en Tunisie et dans le monde","publisher":{"@id":"https:\/\/kapitalis.com\/tunisie\/#organization"},"potentialAction":[{"@type":"SearchAction","target":{"@type":"EntryPoint","urlTemplate":"https:\/\/kapitalis.com\/tunisie\/?s={search_term_string}"},"query-input":{"@type":"PropertyValueSpecification","valueRequired":true,"valueName":"search_term_string"}}],"inLanguage":"fr-FR"},{"@type":"Organization","@id":"https:\/\/kapitalis.com\/tunisie\/#organization","name":"Kapitalis","url":"https:\/\/kapitalis.com\/tunisie\/","logo":{"@type":"ImageObject","inLanguage":"fr-FR","@id":"https:\/\/kapitalis.com\/tunisie\/#\/schema\/logo\/image\/","url":"https:\/\/kapitalis.com\/tunisie\/wp-content\/uploads\/2022\/05\/Kapitalis-big-size.png","contentUrl":"https:\/\/kapitalis.com\/tunisie\/wp-content\/uploads\/2022\/05\/Kapitalis-big-size.png","width":5000,"height":1500,"caption":"Kapitalis"},"image":{"@id":"https:\/\/kapitalis.com\/tunisie\/#\/schema\/logo\/image\/"},"sameAs":["https:\/\/www.facebook.com\/KapitalisInfo\/","https:\/\/x.com\/KapitalisInfo","https:\/\/www.youtube.com\/channel\/UC-yDYrHyfFBWWZaOw3FPg9Q"]},{"@type":"Person","@id":"https:\/\/kapitalis.com\/tunisie\/#\/schema\/person\/74bbde0154d49d790a92aaeac5bc01d5","name":"Yusra NY","url":"https:\/\/kapitalis.com\/tunisie\/author\/yuza_adam\/"}]}},"_links":{"self":[{"href":"https:\/\/kapitalis.com\/tunisie\/wp-json\/wp\/v2\/posts\/18698852","targetHints":{"allow":["GET"]}}],"collection":[{"href":"https:\/\/kapitalis.com\/tunisie\/wp-json\/wp\/v2\/posts"}],"about":[{"href":"https:\/\/kapitalis.com\/tunisie\/wp-json\/wp\/v2\/types\/post"}],"author":[{"embeddable":true,"href":"https:\/\/kapitalis.com\/tunisie\/wp-json\/wp\/v2\/users\/6"}],"replies":[{"embeddable":true,"href":"https:\/\/kapitalis.com\/tunisie\/wp-json\/wp\/v2\/comments?post=18698852"}],"version-history":[{"count":1,"href":"https:\/\/kapitalis.com\/tunisie\/wp-json\/wp\/v2\/posts\/18698852\/revisions"}],"predecessor-version":[{"id":18698875,"href":"https:\/\/kapitalis.com\/tunisie\/wp-json\/wp\/v2\/posts\/18698852\/revisions\/18698875"}],"wp:featuredmedia":[{"embeddable":true,"href":"https:\/\/kapitalis.com\/tunisie\/wp-json\/wp\/v2\/media\/12679153"}],"wp:attachment":[{"href":"https:\/\/kapitalis.com\/tunisie\/wp-json\/wp\/v2\/media?parent=18698852"}],"wp:term":[{"taxonomy":"category","embeddable":true,"href":"https:\/\/kapitalis.com\/tunisie\/wp-json\/wp\/v2\/categories?post=18698852"},{"taxonomy":"post_tag","embeddable":true,"href":"https:\/\/kapitalis.com\/tunisie\/wp-json\/wp\/v2\/tags?post=18698852"}],"curies":[{"name":"wp","href":"https:\/\/api.w.org\/{rel}","templated":true}]}}