{"id":18699266,"date":"2026-04-27T20:13:09","date_gmt":"2026-04-27T19:13:09","guid":{"rendered":"https:\/\/kapitalis.com\/tunisie\/?p=18699266"},"modified":"2026-04-27T20:13:24","modified_gmt":"2026-04-27T19:13:24","slug":"zahr-nabeul-tour-la-route-du-bigaradier-tresor-emblematique-de-la-region","status":"publish","type":"post","link":"https:\/\/kapitalis.com\/tunisie\/2026\/04\/27\/zahr-nabeul-tour-la-route-du-bigaradier-tresor-emblematique-de-la-region\/","title":{"rendered":"Zahr Nabeul Tour-La Route du Bigaradier | Tr\u00e9sor embl\u00e9matique de la r\u00e9gion"},"content":{"rendered":"\n<p>En marge du Festival annuel de la fleur de bigaradier, l&rsquo;Association pour la sauvegarde de la ville de Nabeul (ASVN), vient de lancer officiellement le Zahr Nabeul Tour \u2014 une route th\u00e9matique d\u00e9di\u00e9e au bigaradier, ce tr\u00e9sor embl\u00e9matique de la r\u00e9gion.<\/p>\n\n\n\n<!--more-->\n\n\n\n<p>De la cueillette \u00e0 la transformation, les visiteurs sont invit\u00e9s \u00e0 d\u00e9couvrir un savoir-faire ancestral \u00e0 travers producteurs, artisans, restaurateurs et h\u00e9bergeurs. Aujourd\u2019hui, 13 membres composent la Route du Bigaradier de Nabeul, offrant une exp\u00e9rience immersive et authentique autour de ce produit du terroir.<\/p>\n\n\n\n<p>Cette initiative s\u2019inscrit dans la strat\u00e9gie nationale de valorisation des produits du terroir, port\u00e9e par le minist\u00e8re de l\u2019Agriculture avec le soutien de l\u2019APIA et du projet PAMPAT Tunisie, soutenu par la Coop\u00e9ration suisse et mis en \u0153uvre par l\u2019ONUDI Tunisie.<\/p>\n\n\n\n<figure class=\"wp-block-gallery aligncenter has-nested-images columns-2 is-cropped wp-block-gallery-1 is-layout-flex wp-block-gallery-is-layout-flex\">\n<figure class=\"wp-block-image size-large\"><img loading=\"lazy\" decoding=\"async\" width=\"768\" height=\"1024\" data-id=\"18699309\" src=\"https:\/\/kapitalis.com\/tunisie\/wp-content\/uploads\/2026\/04\/Zahr-Nabeul-Tour-3-768x1024.jpg\" alt=\"\" class=\"wp-image-18699309\" srcset=\"https:\/\/kapitalis.com\/tunisie\/wp-content\/uploads\/2026\/04\/Zahr-Nabeul-Tour-3-768x1024.jpg 768w, https:\/\/kapitalis.com\/tunisie\/wp-content\/uploads\/2026\/04\/Zahr-Nabeul-Tour-3-225x300.jpg 225w, https:\/\/kapitalis.com\/tunisie\/wp-content\/uploads\/2026\/04\/Zahr-Nabeul-Tour-3-1152x1536.jpg 1152w, https:\/\/kapitalis.com\/tunisie\/wp-content\/uploads\/2026\/04\/Zahr-Nabeul-Tour-3-580x773.jpg 580w, https:\/\/kapitalis.com\/tunisie\/wp-content\/uploads\/2026\/04\/Zahr-Nabeul-Tour-3-860x1147.jpg 860w, https:\/\/kapitalis.com\/tunisie\/wp-content\/uploads\/2026\/04\/Zahr-Nabeul-Tour-3-1160x1547.jpg 1160w, https:\/\/kapitalis.com\/tunisie\/wp-content\/uploads\/2026\/04\/Zahr-Nabeul-Tour-3.jpg 1200w\" sizes=\"auto, (max-width: 768px) 100vw, 768px\" \/><\/figure>\n\n\n\n<figure class=\"wp-block-image size-large\"><img loading=\"lazy\" decoding=\"async\" width=\"1024\" height=\"768\" data-id=\"18699310\" src=\"https:\/\/kapitalis.com\/tunisie\/wp-content\/uploads\/2026\/04\/Zahr-Nabeul-Tour-2-1024x768.jpg\" alt=\"\" class=\"wp-image-18699310\" srcset=\"https:\/\/kapitalis.com\/tunisie\/wp-content\/uploads\/2026\/04\/Zahr-Nabeul-Tour-2-1024x768.jpg 1024w, https:\/\/kapitalis.com\/tunisie\/wp-content\/uploads\/2026\/04\/Zahr-Nabeul-Tour-2-300x225.jpg 300w, https:\/\/kapitalis.com\/tunisie\/wp-content\/uploads\/2026\/04\/Zahr-Nabeul-Tour-2-768x576.jpg 768w, https:\/\/kapitalis.com\/tunisie\/wp-content\/uploads\/2026\/04\/Zahr-Nabeul-Tour-2-1536x1152.jpg 1536w, https:\/\/kapitalis.com\/tunisie\/wp-content\/uploads\/2026\/04\/Zahr-Nabeul-Tour-2-580x435.jpg 580w, https:\/\/kapitalis.com\/tunisie\/wp-content\/uploads\/2026\/04\/Zahr-Nabeul-Tour-2-860x645.jpg 860w, https:\/\/kapitalis.com\/tunisie\/wp-content\/uploads\/2026\/04\/Zahr-Nabeul-Tour-2-1160x870.jpg 1160w, https:\/\/kapitalis.com\/tunisie\/wp-content\/uploads\/2026\/04\/Zahr-Nabeul-Tour-2.jpg 1600w\" sizes=\"auto, (max-width: 1024px) 100vw, 1024px\" \/><\/figure>\n\n\n\n<figure class=\"wp-block-image size-large\"><img loading=\"lazy\" decoding=\"async\" width=\"768\" height=\"1024\" data-id=\"18699311\" src=\"https:\/\/kapitalis.com\/tunisie\/wp-content\/uploads\/2026\/04\/Zahr-Nabeul-Tour-1-768x1024.jpg\" alt=\"\" class=\"wp-image-18699311\" srcset=\"https:\/\/kapitalis.com\/tunisie\/wp-content\/uploads\/2026\/04\/Zahr-Nabeul-Tour-1-768x1024.jpg 768w, https:\/\/kapitalis.com\/tunisie\/wp-content\/uploads\/2026\/04\/Zahr-Nabeul-Tour-1-225x300.jpg 225w, https:\/\/kapitalis.com\/tunisie\/wp-content\/uploads\/2026\/04\/Zahr-Nabeul-Tour-1-1152x1536.jpg 1152w, https:\/\/kapitalis.com\/tunisie\/wp-content\/uploads\/2026\/04\/Zahr-Nabeul-Tour-1-580x773.jpg 580w, https:\/\/kapitalis.com\/tunisie\/wp-content\/uploads\/2026\/04\/Zahr-Nabeul-Tour-1-860x1147.jpg 860w, https:\/\/kapitalis.com\/tunisie\/wp-content\/uploads\/2026\/04\/Zahr-Nabeul-Tour-1-1160x1547.jpg 1160w, https:\/\/kapitalis.com\/tunisie\/wp-content\/uploads\/2026\/04\/Zahr-Nabeul-Tour-1.jpg 1200w\" sizes=\"auto, (max-width: 768px) 100vw, 768px\" \/><\/figure>\n\n\n\n<figure class=\"wp-block-image size-large\"><img loading=\"lazy\" decoding=\"async\" width=\"1024\" height=\"768\" data-id=\"18699312\" src=\"https:\/\/kapitalis.com\/tunisie\/wp-content\/uploads\/2026\/04\/Zahr-Nabeul-Tour--1024x768.jpg\" alt=\"\" class=\"wp-image-18699312\" srcset=\"https:\/\/kapitalis.com\/tunisie\/wp-content\/uploads\/2026\/04\/Zahr-Nabeul-Tour--1024x768.jpg 1024w, https:\/\/kapitalis.com\/tunisie\/wp-content\/uploads\/2026\/04\/Zahr-Nabeul-Tour--300x225.jpg 300w, https:\/\/kapitalis.com\/tunisie\/wp-content\/uploads\/2026\/04\/Zahr-Nabeul-Tour--768x576.jpg 768w, https:\/\/kapitalis.com\/tunisie\/wp-content\/uploads\/2026\/04\/Zahr-Nabeul-Tour--1536x1152.jpg 1536w, https:\/\/kapitalis.com\/tunisie\/wp-content\/uploads\/2026\/04\/Zahr-Nabeul-Tour--580x435.jpg 580w, https:\/\/kapitalis.com\/tunisie\/wp-content\/uploads\/2026\/04\/Zahr-Nabeul-Tour--860x645.jpg 860w, https:\/\/kapitalis.com\/tunisie\/wp-content\/uploads\/2026\/04\/Zahr-Nabeul-Tour--1160x870.jpg 1160w, https:\/\/kapitalis.com\/tunisie\/wp-content\/uploads\/2026\/04\/Zahr-Nabeul-Tour-.jpg 1600w\" sizes=\"auto, (max-width: 1024px) 100vw, 1024px\" \/><\/figure>\n<\/figure>\n\n\n\n<p>\u00ab La Route du Bigaradier \u00bb \u2013 Zahr Nabeul Tour s\u2019ajoute ainsi aux deux autres routes th\u00e9matiques d\u00e9j\u00e0 en place : Oueslati Zit\u2019Tour \u00e0 Kairouan et Romena Tour \u00e0 Testour. Une belle mani\u00e8re de d\u00e9couvrir ces r\u00e9gions tunisiennes loin des sentiers battus, au rythme des saisons et des savoir-faire.<\/p>\n\n\n\n<p>La c\u00e9r\u00e9monie de lancement s\u2019est tenue en pr\u00e9sence de la Gouverneure de Nabeul, Hana Chouchani, ainsi que de repr\u00e9sentants du Minist\u00e8re de l&rsquo;Agriculture, de l\u2019Office national du tourisme tunisien (ONTT), de l\u2019Agence de Promotion des Investissements Agricoles APIA, de l\u2019Office de l\u2019Artisanat, de l\u2019Ambassade de Suisse en Tunisie, ainsi que d\u2019acteurs du tourisme et des m\u00e9dias nationaux et r\u00e9gionaux.<\/p>\n\n\n\n<p>Communiqu\u00e9 : &nbsp;Ambassade de Suisse en Tunisie<\/p>\n\n\n\n<p>Ph. Pampat Tunisie \/ ASVN<\/p>\n","protected":false},"excerpt":{"rendered":"<p>En marge du Festival annuel de la fleur de bigaradier, l&rsquo;Association pour la sauvegarde de la ville de Nabeul (ASVN), vient de lancer officiellement le Zahr Nabeul Tour \u2014 une route th\u00e9matique d\u00e9di\u00e9e au bigaradier, ce tr\u00e9sor embl\u00e9matique de la r\u00e9gion.<\/p>\n","protected":false},"author":6,"featured_media":18699335,"comment_status":"open","ping_status":"open","sticky":false,"template":"","format":"standard","meta":{"footnotes":""},"categories":[993,998,2433],"tags":[93807,128051,1451,128050,62643,128049],"class_list":["post-18699266","post","type-post","status-publish","format-standard","has-post-thumbnail","hentry","category-conso","category-societe","category-tunisie","tag-asvn","tag-la-route-du-bigaradier","tag-pampat","tag-sauvegarde","tag-tunisie","tag-zahr-nabeul-tour"],"yoast_head":"<!-- This site is optimized with the Yoast SEO plugin v26.6 - https:\/\/yoast.com\/wordpress\/plugins\/seo\/ -->\n<title>Zahr Nabeul Tour-La Route du Bigaradier | Tr\u00e9sor embl\u00e9matique de la r\u00e9gion - Kapitalis<\/title>\n<meta name=\"robots\" content=\"index, follow, max-snippet:-1, max-image-preview:large, max-video-preview:-1\" \/>\n<link rel=\"canonical\" href=\"https:\/\/kapitalis.com\/tunisie\/2026\/04\/27\/zahr-nabeul-tour-la-route-du-bigaradier-tresor-emblematique-de-la-region\/\" \/>\n<meta property=\"og:locale\" content=\"fr_FR\" \/>\n<meta property=\"og:type\" content=\"article\" \/>\n<meta property=\"og:title\" content=\"Zahr Nabeul Tour-La Route du Bigaradier | Tr\u00e9sor embl\u00e9matique de la r\u00e9gion - Kapitalis\" \/>\n<meta property=\"og:description\" content=\"En marge du Festival annuel de la fleur de bigaradier, l&rsquo;Association pour la sauvegarde de la ville de Nabeul (ASVN), vient de lancer officiellement le Zahr Nabeul Tour \u2014 une route th\u00e9matique d\u00e9di\u00e9e au bigaradier, ce tr\u00e9sor embl\u00e9matique de la r\u00e9gion.\" \/>\n<meta property=\"og:url\" content=\"https:\/\/kapitalis.com\/tunisie\/2026\/04\/27\/zahr-nabeul-tour-la-route-du-bigaradier-tresor-emblematique-de-la-region\/\" \/>\n<meta property=\"og:site_name\" content=\"Kapitalis\" \/>\n<meta property=\"article:publisher\" content=\"https:\/\/www.facebook.com\/KapitalisInfo\/\" \/>\n<meta property=\"article:published_time\" content=\"2026-04-27T19:13:09+00:00\" \/>\n<meta property=\"article:modified_time\" content=\"2026-04-27T19:13:24+00:00\" \/>\n<meta property=\"og:image\" content=\"https:\/\/kapitalis.com\/tunisie\/wp-content\/uploads\/2026\/04\/Nabeul-.jpg\" \/>\n\t<meta property=\"og:image:width\" content=\"1200\" \/>\n\t<meta property=\"og:image:height\" content=\"900\" \/>\n\t<meta property=\"og:image:type\" content=\"image\/jpeg\" \/>\n<meta name=\"author\" content=\"Yusra NY\" \/>\n<meta name=\"twitter:card\" content=\"summary_large_image\" \/>\n<meta name=\"twitter:creator\" content=\"@KapitalisInfo\" \/>\n<meta name=\"twitter:site\" content=\"@KapitalisInfo\" \/>\n<meta name=\"twitter:label1\" content=\"\u00c9crit par\" \/>\n\t<meta name=\"twitter:data1\" content=\"Yusra NY\" \/>\n\t<meta name=\"twitter:label2\" content=\"Dur\u00e9e de lecture estim\u00e9e\" \/>\n\t<meta name=\"twitter:data2\" content=\"3 minutes\" \/>\n<script type=\"application\/ld+json\" class=\"yoast-schema-graph\">{\"@context\":\"https:\/\/schema.org\",\"@graph\":[{\"@type\":\"Article\",\"@id\":\"https:\/\/kapitalis.com\/tunisie\/2026\/04\/27\/zahr-nabeul-tour-la-route-du-bigaradier-tresor-emblematique-de-la-region\/#article\",\"isPartOf\":{\"@id\":\"https:\/\/kapitalis.com\/tunisie\/2026\/04\/27\/zahr-nabeul-tour-la-route-du-bigaradier-tresor-emblematique-de-la-region\/\"},\"author\":{\"name\":\"Yusra NY\",\"@id\":\"https:\/\/kapitalis.com\/tunisie\/#\/schema\/person\/74bbde0154d49d790a92aaeac5bc01d5\"},\"headline\":\"Zahr Nabeul Tour-La Route du Bigaradier | Tr\u00e9sor embl\u00e9matique de la r\u00e9gion\",\"datePublished\":\"2026-04-27T19:13:09+00:00\",\"dateModified\":\"2026-04-27T19:13:24+00:00\",\"mainEntityOfPage\":{\"@id\":\"https:\/\/kapitalis.com\/tunisie\/2026\/04\/27\/zahr-nabeul-tour-la-route-du-bigaradier-tresor-emblematique-de-la-region\/\"},\"wordCount\":288,\"commentCount\":0,\"publisher\":{\"@id\":\"https:\/\/kapitalis.com\/tunisie\/#organization\"},\"image\":{\"@id\":\"https:\/\/kapitalis.com\/tunisie\/2026\/04\/27\/zahr-nabeul-tour-la-route-du-bigaradier-tresor-emblematique-de-la-region\/#primaryimage\"},\"thumbnailUrl\":\"https:\/\/kapitalis.com\/tunisie\/wp-content\/uploads\/2026\/04\/Nabeul-.jpg\",\"keywords\":[\"ASVN\",\"La Route du Bigaradier\",\"Pampat\",\"sauvegarde\",\"Tunisie\",\"Zahr Nabeul Tour\"],\"articleSection\":[\"CONSO\",\"SOCIETE\",\"Tunisie\"],\"inLanguage\":\"fr-FR\",\"potentialAction\":[{\"@type\":\"CommentAction\",\"name\":\"Comment\",\"target\":[\"https:\/\/kapitalis.com\/tunisie\/2026\/04\/27\/zahr-nabeul-tour-la-route-du-bigaradier-tresor-emblematique-de-la-region\/#respond\"]}]},{\"@type\":\"WebPage\",\"@id\":\"https:\/\/kapitalis.com\/tunisie\/2026\/04\/27\/zahr-nabeul-tour-la-route-du-bigaradier-tresor-emblematique-de-la-region\/\",\"url\":\"https:\/\/kapitalis.com\/tunisie\/2026\/04\/27\/zahr-nabeul-tour-la-route-du-bigaradier-tresor-emblematique-de-la-region\/\",\"name\":\"Zahr Nabeul Tour-La Route du Bigaradier | Tr\u00e9sor embl\u00e9matique de la r\u00e9gion - Kapitalis\",\"isPartOf\":{\"@id\":\"https:\/\/kapitalis.com\/tunisie\/#website\"},\"primaryImageOfPage\":{\"@id\":\"https:\/\/kapitalis.com\/tunisie\/2026\/04\/27\/zahr-nabeul-tour-la-route-du-bigaradier-tresor-emblematique-de-la-region\/#primaryimage\"},\"image\":{\"@id\":\"https:\/\/kapitalis.com\/tunisie\/2026\/04\/27\/zahr-nabeul-tour-la-route-du-bigaradier-tresor-emblematique-de-la-region\/#primaryimage\"},\"thumbnailUrl\":\"https:\/\/kapitalis.com\/tunisie\/wp-content\/uploads\/2026\/04\/Nabeul-.jpg\",\"datePublished\":\"2026-04-27T19:13:09+00:00\",\"dateModified\":\"2026-04-27T19:13:24+00:00\",\"breadcrumb\":{\"@id\":\"https:\/\/kapitalis.com\/tunisie\/2026\/04\/27\/zahr-nabeul-tour-la-route-du-bigaradier-tresor-emblematique-de-la-region\/#breadcrumb\"},\"inLanguage\":\"fr-FR\",\"potentialAction\":[{\"@type\":\"ReadAction\",\"target\":[\"https:\/\/kapitalis.com\/tunisie\/2026\/04\/27\/zahr-nabeul-tour-la-route-du-bigaradier-tresor-emblematique-de-la-region\/\"]}]},{\"@type\":\"ImageObject\",\"inLanguage\":\"fr-FR\",\"@id\":\"https:\/\/kapitalis.com\/tunisie\/2026\/04\/27\/zahr-nabeul-tour-la-route-du-bigaradier-tresor-emblematique-de-la-region\/#primaryimage\",\"url\":\"https:\/\/kapitalis.com\/tunisie\/wp-content\/uploads\/2026\/04\/Nabeul-.jpg\",\"contentUrl\":\"https:\/\/kapitalis.com\/tunisie\/wp-content\/uploads\/2026\/04\/Nabeul-.jpg\",\"width\":1200,\"height\":900},{\"@type\":\"BreadcrumbList\",\"@id\":\"https:\/\/kapitalis.com\/tunisie\/2026\/04\/27\/zahr-nabeul-tour-la-route-du-bigaradier-tresor-emblematique-de-la-region\/#breadcrumb\",\"itemListElement\":[{\"@type\":\"ListItem\",\"position\":1,\"name\":\"Accueil\",\"item\":\"https:\/\/kapitalis.com\/tunisie\/\"},{\"@type\":\"ListItem\",\"position\":2,\"name\":\"Zahr Nabeul Tour-La Route du Bigaradier | Tr\u00e9sor embl\u00e9matique de la r\u00e9gion\"}]},{\"@type\":\"WebSite\",\"@id\":\"https:\/\/kapitalis.com\/tunisie\/#website\",\"url\":\"https:\/\/kapitalis.com\/tunisie\/\",\"name\":\"Kapitalis\",\"description\":\"L&#039;actualit\u00e9 en Tunisie et dans le monde\",\"publisher\":{\"@id\":\"https:\/\/kapitalis.com\/tunisie\/#organization\"},\"potentialAction\":[{\"@type\":\"SearchAction\",\"target\":{\"@type\":\"EntryPoint\",\"urlTemplate\":\"https:\/\/kapitalis.com\/tunisie\/?s={search_term_string}\"},\"query-input\":{\"@type\":\"PropertyValueSpecification\",\"valueRequired\":true,\"valueName\":\"search_term_string\"}}],\"inLanguage\":\"fr-FR\"},{\"@type\":\"Organization\",\"@id\":\"https:\/\/kapitalis.com\/tunisie\/#organization\",\"name\":\"Kapitalis\",\"url\":\"https:\/\/kapitalis.com\/tunisie\/\",\"logo\":{\"@type\":\"ImageObject\",\"inLanguage\":\"fr-FR\",\"@id\":\"https:\/\/kapitalis.com\/tunisie\/#\/schema\/logo\/image\/\",\"url\":\"https:\/\/kapitalis.com\/tunisie\/wp-content\/uploads\/2022\/05\/Kapitalis-big-size.png\",\"contentUrl\":\"https:\/\/kapitalis.com\/tunisie\/wp-content\/uploads\/2022\/05\/Kapitalis-big-size.png\",\"width\":5000,\"height\":1500,\"caption\":\"Kapitalis\"},\"image\":{\"@id\":\"https:\/\/kapitalis.com\/tunisie\/#\/schema\/logo\/image\/\"},\"sameAs\":[\"https:\/\/www.facebook.com\/KapitalisInfo\/\",\"https:\/\/x.com\/KapitalisInfo\",\"https:\/\/www.youtube.com\/channel\/UC-yDYrHyfFBWWZaOw3FPg9Q\"]},{\"@type\":\"Person\",\"@id\":\"https:\/\/kapitalis.com\/tunisie\/#\/schema\/person\/74bbde0154d49d790a92aaeac5bc01d5\",\"name\":\"Yusra NY\",\"url\":\"https:\/\/kapitalis.com\/tunisie\/author\/yuza_adam\/\"}]}<\/script>\n<!-- \/ Yoast SEO plugin. -->","yoast_head_json":{"title":"Zahr Nabeul Tour-La Route du Bigaradier | Tr\u00e9sor embl\u00e9matique de la r\u00e9gion - Kapitalis","robots":{"index":"index","follow":"follow","max-snippet":"max-snippet:-1","max-image-preview":"max-image-preview:large","max-video-preview":"max-video-preview:-1"},"canonical":"https:\/\/kapitalis.com\/tunisie\/2026\/04\/27\/zahr-nabeul-tour-la-route-du-bigaradier-tresor-emblematique-de-la-region\/","og_locale":"fr_FR","og_type":"article","og_title":"Zahr Nabeul Tour-La Route du Bigaradier | Tr\u00e9sor embl\u00e9matique de la r\u00e9gion - Kapitalis","og_description":"En marge du Festival annuel de la fleur de bigaradier, l&rsquo;Association pour la sauvegarde de la ville de Nabeul (ASVN), vient de lancer officiellement le Zahr Nabeul Tour \u2014 une route th\u00e9matique d\u00e9di\u00e9e au bigaradier, ce tr\u00e9sor embl\u00e9matique de la r\u00e9gion.","og_url":"https:\/\/kapitalis.com\/tunisie\/2026\/04\/27\/zahr-nabeul-tour-la-route-du-bigaradier-tresor-emblematique-de-la-region\/","og_site_name":"Kapitalis","article_publisher":"https:\/\/www.facebook.com\/KapitalisInfo\/","article_published_time":"2026-04-27T19:13:09+00:00","article_modified_time":"2026-04-27T19:13:24+00:00","og_image":[{"width":1200,"height":900,"url":"https:\/\/kapitalis.com\/tunisie\/wp-content\/uploads\/2026\/04\/Nabeul-.jpg","type":"image\/jpeg"}],"author":"Yusra NY","twitter_card":"summary_large_image","twitter_creator":"@KapitalisInfo","twitter_site":"@KapitalisInfo","twitter_misc":{"\u00c9crit par":"Yusra NY","Dur\u00e9e de lecture estim\u00e9e":"3 minutes"},"schema":{"@context":"https:\/\/schema.org","@graph":[{"@type":"Article","@id":"https:\/\/kapitalis.com\/tunisie\/2026\/04\/27\/zahr-nabeul-tour-la-route-du-bigaradier-tresor-emblematique-de-la-region\/#article","isPartOf":{"@id":"https:\/\/kapitalis.com\/tunisie\/2026\/04\/27\/zahr-nabeul-tour-la-route-du-bigaradier-tresor-emblematique-de-la-region\/"},"author":{"name":"Yusra NY","@id":"https:\/\/kapitalis.com\/tunisie\/#\/schema\/person\/74bbde0154d49d790a92aaeac5bc01d5"},"headline":"Zahr Nabeul Tour-La Route du Bigaradier | Tr\u00e9sor embl\u00e9matique de la r\u00e9gion","datePublished":"2026-04-27T19:13:09+00:00","dateModified":"2026-04-27T19:13:24+00:00","mainEntityOfPage":{"@id":"https:\/\/kapitalis.com\/tunisie\/2026\/04\/27\/zahr-nabeul-tour-la-route-du-bigaradier-tresor-emblematique-de-la-region\/"},"wordCount":288,"commentCount":0,"publisher":{"@id":"https:\/\/kapitalis.com\/tunisie\/#organization"},"image":{"@id":"https:\/\/kapitalis.com\/tunisie\/2026\/04\/27\/zahr-nabeul-tour-la-route-du-bigaradier-tresor-emblematique-de-la-region\/#primaryimage"},"thumbnailUrl":"https:\/\/kapitalis.com\/tunisie\/wp-content\/uploads\/2026\/04\/Nabeul-.jpg","keywords":["ASVN","La Route du Bigaradier","Pampat","sauvegarde","Tunisie","Zahr Nabeul Tour"],"articleSection":["CONSO","SOCIETE","Tunisie"],"inLanguage":"fr-FR","potentialAction":[{"@type":"CommentAction","name":"Comment","target":["https:\/\/kapitalis.com\/tunisie\/2026\/04\/27\/zahr-nabeul-tour-la-route-du-bigaradier-tresor-emblematique-de-la-region\/#respond"]}]},{"@type":"WebPage","@id":"https:\/\/kapitalis.com\/tunisie\/2026\/04\/27\/zahr-nabeul-tour-la-route-du-bigaradier-tresor-emblematique-de-la-region\/","url":"https:\/\/kapitalis.com\/tunisie\/2026\/04\/27\/zahr-nabeul-tour-la-route-du-bigaradier-tresor-emblematique-de-la-region\/","name":"Zahr Nabeul Tour-La Route du Bigaradier | Tr\u00e9sor embl\u00e9matique de la r\u00e9gion - Kapitalis","isPartOf":{"@id":"https:\/\/kapitalis.com\/tunisie\/#website"},"primaryImageOfPage":{"@id":"https:\/\/kapitalis.com\/tunisie\/2026\/04\/27\/zahr-nabeul-tour-la-route-du-bigaradier-tresor-emblematique-de-la-region\/#primaryimage"},"image":{"@id":"https:\/\/kapitalis.com\/tunisie\/2026\/04\/27\/zahr-nabeul-tour-la-route-du-bigaradier-tresor-emblematique-de-la-region\/#primaryimage"},"thumbnailUrl":"https:\/\/kapitalis.com\/tunisie\/wp-content\/uploads\/2026\/04\/Nabeul-.jpg","datePublished":"2026-04-27T19:13:09+00:00","dateModified":"2026-04-27T19:13:24+00:00","breadcrumb":{"@id":"https:\/\/kapitalis.com\/tunisie\/2026\/04\/27\/zahr-nabeul-tour-la-route-du-bigaradier-tresor-emblematique-de-la-region\/#breadcrumb"},"inLanguage":"fr-FR","potentialAction":[{"@type":"ReadAction","target":["https:\/\/kapitalis.com\/tunisie\/2026\/04\/27\/zahr-nabeul-tour-la-route-du-bigaradier-tresor-emblematique-de-la-region\/"]}]},{"@type":"ImageObject","inLanguage":"fr-FR","@id":"https:\/\/kapitalis.com\/tunisie\/2026\/04\/27\/zahr-nabeul-tour-la-route-du-bigaradier-tresor-emblematique-de-la-region\/#primaryimage","url":"https:\/\/kapitalis.com\/tunisie\/wp-content\/uploads\/2026\/04\/Nabeul-.jpg","contentUrl":"https:\/\/kapitalis.com\/tunisie\/wp-content\/uploads\/2026\/04\/Nabeul-.jpg","width":1200,"height":900},{"@type":"BreadcrumbList","@id":"https:\/\/kapitalis.com\/tunisie\/2026\/04\/27\/zahr-nabeul-tour-la-route-du-bigaradier-tresor-emblematique-de-la-region\/#breadcrumb","itemListElement":[{"@type":"ListItem","position":1,"name":"Accueil","item":"https:\/\/kapitalis.com\/tunisie\/"},{"@type":"ListItem","position":2,"name":"Zahr Nabeul Tour-La Route du Bigaradier | Tr\u00e9sor embl\u00e9matique de la r\u00e9gion"}]},{"@type":"WebSite","@id":"https:\/\/kapitalis.com\/tunisie\/#website","url":"https:\/\/kapitalis.com\/tunisie\/","name":"Kapitalis","description":"L&#039;actualit\u00e9 en Tunisie et dans le monde","publisher":{"@id":"https:\/\/kapitalis.com\/tunisie\/#organization"},"potentialAction":[{"@type":"SearchAction","target":{"@type":"EntryPoint","urlTemplate":"https:\/\/kapitalis.com\/tunisie\/?s={search_term_string}"},"query-input":{"@type":"PropertyValueSpecification","valueRequired":true,"valueName":"search_term_string"}}],"inLanguage":"fr-FR"},{"@type":"Organization","@id":"https:\/\/kapitalis.com\/tunisie\/#organization","name":"Kapitalis","url":"https:\/\/kapitalis.com\/tunisie\/","logo":{"@type":"ImageObject","inLanguage":"fr-FR","@id":"https:\/\/kapitalis.com\/tunisie\/#\/schema\/logo\/image\/","url":"https:\/\/kapitalis.com\/tunisie\/wp-content\/uploads\/2022\/05\/Kapitalis-big-size.png","contentUrl":"https:\/\/kapitalis.com\/tunisie\/wp-content\/uploads\/2022\/05\/Kapitalis-big-size.png","width":5000,"height":1500,"caption":"Kapitalis"},"image":{"@id":"https:\/\/kapitalis.com\/tunisie\/#\/schema\/logo\/image\/"},"sameAs":["https:\/\/www.facebook.com\/KapitalisInfo\/","https:\/\/x.com\/KapitalisInfo","https:\/\/www.youtube.com\/channel\/UC-yDYrHyfFBWWZaOw3FPg9Q"]},{"@type":"Person","@id":"https:\/\/kapitalis.com\/tunisie\/#\/schema\/person\/74bbde0154d49d790a92aaeac5bc01d5","name":"Yusra NY","url":"https:\/\/kapitalis.com\/tunisie\/author\/yuza_adam\/"}]}},"_links":{"self":[{"href":"https:\/\/kapitalis.com\/tunisie\/wp-json\/wp\/v2\/posts\/18699266","targetHints":{"allow":["GET"]}}],"collection":[{"href":"https:\/\/kapitalis.com\/tunisie\/wp-json\/wp\/v2\/posts"}],"about":[{"href":"https:\/\/kapitalis.com\/tunisie\/wp-json\/wp\/v2\/types\/post"}],"author":[{"embeddable":true,"href":"https:\/\/kapitalis.com\/tunisie\/wp-json\/wp\/v2\/users\/6"}],"replies":[{"embeddable":true,"href":"https:\/\/kapitalis.com\/tunisie\/wp-json\/wp\/v2\/comments?post=18699266"}],"version-history":[{"count":3,"href":"https:\/\/kapitalis.com\/tunisie\/wp-json\/wp\/v2\/posts\/18699266\/revisions"}],"predecessor-version":[{"id":18699339,"href":"https:\/\/kapitalis.com\/tunisie\/wp-json\/wp\/v2\/posts\/18699266\/revisions\/18699339"}],"wp:featuredmedia":[{"embeddable":true,"href":"https:\/\/kapitalis.com\/tunisie\/wp-json\/wp\/v2\/media\/18699335"}],"wp:attachment":[{"href":"https:\/\/kapitalis.com\/tunisie\/wp-json\/wp\/v2\/media?parent=18699266"}],"wp:term":[{"taxonomy":"category","embeddable":true,"href":"https:\/\/kapitalis.com\/tunisie\/wp-json\/wp\/v2\/categories?post=18699266"},{"taxonomy":"post_tag","embeddable":true,"href":"https:\/\/kapitalis.com\/tunisie\/wp-json\/wp\/v2\/tags?post=18699266"}],"curies":[{"name":"wp","href":"https:\/\/api.w.org\/{rel}","templated":true}]}}