{"id":18700092,"date":"2026-04-27T23:36:39","date_gmt":"2026-04-27T22:36:39","guid":{"rendered":"https:\/\/kapitalis.com\/tunisie\/?p=18700092"},"modified":"2026-04-27T23:37:14","modified_gmt":"2026-04-27T22:37:14","slug":"la-tunisie-recoit-le-certificat-dadhesion-du-geoparc-dahar-a-lunesco","status":"publish","type":"post","link":"https:\/\/kapitalis.com\/tunisie\/2026\/04\/27\/la-tunisie-recoit-le-certificat-dadhesion-du-geoparc-dahar-a-lunesco\/","title":{"rendered":"La Tunisie re\u00e7oit le certificat d\u2019adh\u00e9sion du G\u00e9oparc Dahar \u00e0 l&rsquo;Unesco"},"content":{"rendered":"\n<p>M. Dhia Khaled,  ambassadeur, D\u00e9l\u00e9gu\u00e9 Permanent, de la Tunisie aupr\u00e8s de l\u2019Unesco, a re\u00e7u, le 27 avril 2026, le certificat officiel d\u2019inscription du G\u00e9oparc \u00abDahar \u00bb .<\/p>\n\n\n\n<!--more-->\n\n\n\n<p>Le certificat a \u00e9t\u00e9 remis lors d\u2019une c\u00e9r\u00e9monie officielle organis\u00e9e par le Conseil Mondial des G\u00e9oparcs et \u00e0 laquelle ont particip\u00e9 une d\u00e9l\u00e9gation du Minist\u00e8re de l\u2019Industrie, des Mines et de l\u2019Energie et de l\u2019Office National des Mines, ainsi que des repr\u00e9sentants des onze autres g\u00e9oparcs, ayant \u00e9galement obtenu cette labellisation, au titre de l\u2019ann\u00e9e 2026.<\/p>\n\n\n\n<p>Cette adh\u00e9sion repr\u00e9sente une reconnaissance internationale des efforts d\u00e9ploy\u00e9s par la Tunisie pour la pr\u00e9servation de son patrimoine g\u00e9ologique et culturel, et t\u00e9moigne de son engagement ferme \u00e0 le prot\u00e9ger et \u00e0 le valoriser.<\/p>\n\n\n\n<p>Cette inscription ouvrira des perspectives prometteuses pour le d\u00e9veloppement r\u00e9gional et local, en soutenant le tourisme responsable, en encourageant les initiatives individuelles et en renfor\u00e7ant les capacit\u00e9s dans le domaine de l\u2019exploitation responsable et durable des ressources naturelles et culturelles, en parfaite harmonie avec l\u2019environnement.<\/p>\n\n\n<div class=\"wp-block-image\">\n<figure class=\"aligncenter size-large is-resized\"><img loading=\"lazy\" decoding=\"async\" width=\"723\" height=\"1024\" src=\"https:\/\/kapitalis.com\/tunisie\/wp-content\/uploads\/2026\/04\/Dahar-723x1024.jpg\" alt=\"\" class=\"wp-image-18700105\" style=\"width:500px\" srcset=\"https:\/\/kapitalis.com\/tunisie\/wp-content\/uploads\/2026\/04\/Dahar-723x1024.jpg 723w, https:\/\/kapitalis.com\/tunisie\/wp-content\/uploads\/2026\/04\/Dahar-212x300.jpg 212w, https:\/\/kapitalis.com\/tunisie\/wp-content\/uploads\/2026\/04\/Dahar-768x1088.jpg 768w, https:\/\/kapitalis.com\/tunisie\/wp-content\/uploads\/2026\/04\/Dahar-1084x1536.jpg 1084w, https:\/\/kapitalis.com\/tunisie\/wp-content\/uploads\/2026\/04\/Dahar-580x822.jpg 580w, https:\/\/kapitalis.com\/tunisie\/wp-content\/uploads\/2026\/04\/Dahar-860x1219.jpg 860w, https:\/\/kapitalis.com\/tunisie\/wp-content\/uploads\/2026\/04\/Dahar-1160x1644.jpg 1160w, https:\/\/kapitalis.com\/tunisie\/wp-content\/uploads\/2026\/04\/Dahar.jpg 1445w\" sizes=\"auto, (max-width: 723px) 100vw, 723px\" \/><\/figure>\n<\/div>\n\n\n<p>Dans une allocution prononc\u00e9e \u00e0 cette occasion, l\u2019Ambassadeur, D\u00e9l\u00e9gu\u00e9 Permanent, a exprim\u00e9 les remerciements de la Tunisie au Conseil des G\u00e9oparcs Mondiaux, ainsi qu\u2019au Conseil Ex\u00e9cutif de l\u2019Unesco pour leur d\u00e9cision d\u2019inscrire le G\u00e9oparc \u00abDahar\u00bb au sein du R\u00e9seau Mondial des G\u00e9oparcs de l\u2019Unesco<\/p>\n\n\n\n<p>Il a, \u00e9galement, salu\u00e9 le travail m\u00e9thodique et scientifique accompli par l\u2019ensemble des instances tunisiennes comp\u00e9tentes, aux niveaux national et r\u00e9gional, pendant l\u2019\u00e9laboration du dossier de candidature du G\u00e9oparc \u00abDahar \u00bb, en soulignant le r\u00f4le central jou\u00e9, \u00e9galement, par les communaut\u00e9s locales et la soci\u00e9t\u00e9 civile afin d\u2019ancrer le projet sur le terrain et garantir sa r\u00e9ussite.<\/p>\n\n\n\n<p>Il importe de rappeler, que le G\u00e9oparc Dahar rec\u00e8le de paysages naturels uniques et de formations g\u00e9ologiques remontant \u00e0 plus de 250 millions d\u2019ann\u00e9es.<\/p>\n\n\n\n<p>Il abrite, \u00e9galement, des traditions vivantes qui en font un pont singulier entre la nature et la culture, entre le pass\u00e9 et l\u2019avenir. Ce site est le premier g\u00e9oparc de son genre en Tunisie et le troisi\u00e8me \u00e0 l\u2019\u00e9chelle du continent africain, ce qui lui conf\u00e8re une dimension symbolique et scientifique de grande importance.<\/p>\n\n\n\n<p class=\"has-text-align-right\"><strong>Communiqu\u00e9<\/strong><\/p>\n\n\n\n<p><\/p>\n","protected":false},"excerpt":{"rendered":"<p>M. Dhia Khaled, ambassadeur, D\u00e9l\u00e9gu\u00e9 Permanent, de la Tunisie aupr\u00e8s de l\u2019Unesco, a re\u00e7u, le 27 avril 2026, le certificat officiel d\u2019inscription du G\u00e9oparc \u00abDahar \u00bb .<\/p>\n","protected":false},"author":6,"featured_media":18700112,"comment_status":"open","ping_status":"open","sticky":false,"template":"","format":"standard","meta":{"footnotes":""},"categories":[994,998,2433],"tags":[99311,128052,122466,62643,1068],"class_list":["post-18700092","post","type-post","status-publish","format-standard","has-post-thumbnail","hentry","category-culture","category-societe","category-tunisie","tag-dhia-khaled","tag-ertificat-officiel-dinscription","tag-geoparc-dahar","tag-tunisie","tag-unesco"],"yoast_head":"<!-- This site is optimized with the Yoast SEO plugin v26.6 - https:\/\/yoast.com\/wordpress\/plugins\/seo\/ -->\n<title>La Tunisie re\u00e7oit le certificat d\u2019adh\u00e9sion du G\u00e9oparc Dahar \u00e0 l&#039;Unesco - Kapitalis<\/title>\n<meta name=\"robots\" content=\"index, follow, max-snippet:-1, max-image-preview:large, max-video-preview:-1\" \/>\n<link rel=\"canonical\" href=\"https:\/\/kapitalis.com\/tunisie\/2026\/04\/27\/la-tunisie-recoit-le-certificat-dadhesion-du-geoparc-dahar-a-lunesco\/\" \/>\n<meta property=\"og:locale\" content=\"fr_FR\" \/>\n<meta property=\"og:type\" content=\"article\" \/>\n<meta property=\"og:title\" content=\"La Tunisie re\u00e7oit le certificat d\u2019adh\u00e9sion du G\u00e9oparc Dahar \u00e0 l&#039;Unesco - Kapitalis\" \/>\n<meta property=\"og:description\" content=\"M. Dhia Khaled, ambassadeur, D\u00e9l\u00e9gu\u00e9 Permanent, de la Tunisie aupr\u00e8s de l\u2019Unesco, a re\u00e7u, le 27 avril 2026, le certificat officiel d\u2019inscription du G\u00e9oparc \u00abDahar \u00bb .\" \/>\n<meta property=\"og:url\" content=\"https:\/\/kapitalis.com\/tunisie\/2026\/04\/27\/la-tunisie-recoit-le-certificat-dadhesion-du-geoparc-dahar-a-lunesco\/\" \/>\n<meta property=\"og:site_name\" content=\"Kapitalis\" \/>\n<meta property=\"article:publisher\" content=\"https:\/\/www.facebook.com\/KapitalisInfo\/\" \/>\n<meta property=\"article:published_time\" content=\"2026-04-27T22:36:39+00:00\" \/>\n<meta property=\"article:modified_time\" content=\"2026-04-27T22:37:14+00:00\" \/>\n<meta property=\"og:image\" content=\"https:\/\/kapitalis.com\/tunisie\/wp-content\/uploads\/2026\/04\/certificat-Geoparc-Dahar.jpg\" \/>\n\t<meta property=\"og:image:width\" content=\"1200\" \/>\n\t<meta property=\"og:image:height\" content=\"800\" \/>\n\t<meta property=\"og:image:type\" content=\"image\/jpeg\" \/>\n<meta name=\"author\" content=\"Yusra NY\" \/>\n<meta name=\"twitter:card\" content=\"summary_large_image\" \/>\n<meta name=\"twitter:creator\" content=\"@KapitalisInfo\" \/>\n<meta name=\"twitter:site\" content=\"@KapitalisInfo\" \/>\n<meta name=\"twitter:label1\" content=\"\u00c9crit par\" \/>\n\t<meta name=\"twitter:data1\" content=\"Yusra NY\" \/>\n\t<meta name=\"twitter:label2\" content=\"Dur\u00e9e de lecture estim\u00e9e\" \/>\n\t<meta name=\"twitter:data2\" content=\"3 minutes\" \/>\n<script type=\"application\/ld+json\" class=\"yoast-schema-graph\">{\"@context\":\"https:\/\/schema.org\",\"@graph\":[{\"@type\":\"Article\",\"@id\":\"https:\/\/kapitalis.com\/tunisie\/2026\/04\/27\/la-tunisie-recoit-le-certificat-dadhesion-du-geoparc-dahar-a-lunesco\/#article\",\"isPartOf\":{\"@id\":\"https:\/\/kapitalis.com\/tunisie\/2026\/04\/27\/la-tunisie-recoit-le-certificat-dadhesion-du-geoparc-dahar-a-lunesco\/\"},\"author\":{\"name\":\"Yusra NY\",\"@id\":\"https:\/\/kapitalis.com\/tunisie\/#\/schema\/person\/74bbde0154d49d790a92aaeac5bc01d5\"},\"headline\":\"La Tunisie re\u00e7oit le certificat d\u2019adh\u00e9sion du G\u00e9oparc Dahar \u00e0 l&rsquo;Unesco\",\"datePublished\":\"2026-04-27T22:36:39+00:00\",\"dateModified\":\"2026-04-27T22:37:14+00:00\",\"mainEntityOfPage\":{\"@id\":\"https:\/\/kapitalis.com\/tunisie\/2026\/04\/27\/la-tunisie-recoit-le-certificat-dadhesion-du-geoparc-dahar-a-lunesco\/\"},\"wordCount\":414,\"commentCount\":0,\"publisher\":{\"@id\":\"https:\/\/kapitalis.com\/tunisie\/#organization\"},\"image\":{\"@id\":\"https:\/\/kapitalis.com\/tunisie\/2026\/04\/27\/la-tunisie-recoit-le-certificat-dadhesion-du-geoparc-dahar-a-lunesco\/#primaryimage\"},\"thumbnailUrl\":\"https:\/\/kapitalis.com\/tunisie\/wp-content\/uploads\/2026\/04\/certificat-Geoparc-Dahar.jpg\",\"keywords\":[\"Dhia Khaled\",\"ertificat officiel d\u2019inscription\",\"G\u00e9oparc Dahar\",\"Tunisie\",\"Unesco\"],\"articleSection\":[\"CULTURE\",\"SOCIETE\",\"Tunisie\"],\"inLanguage\":\"fr-FR\",\"potentialAction\":[{\"@type\":\"CommentAction\",\"name\":\"Comment\",\"target\":[\"https:\/\/kapitalis.com\/tunisie\/2026\/04\/27\/la-tunisie-recoit-le-certificat-dadhesion-du-geoparc-dahar-a-lunesco\/#respond\"]}]},{\"@type\":\"WebPage\",\"@id\":\"https:\/\/kapitalis.com\/tunisie\/2026\/04\/27\/la-tunisie-recoit-le-certificat-dadhesion-du-geoparc-dahar-a-lunesco\/\",\"url\":\"https:\/\/kapitalis.com\/tunisie\/2026\/04\/27\/la-tunisie-recoit-le-certificat-dadhesion-du-geoparc-dahar-a-lunesco\/\",\"name\":\"La Tunisie re\u00e7oit le certificat d\u2019adh\u00e9sion du G\u00e9oparc Dahar \u00e0 l'Unesco - Kapitalis\",\"isPartOf\":{\"@id\":\"https:\/\/kapitalis.com\/tunisie\/#website\"},\"primaryImageOfPage\":{\"@id\":\"https:\/\/kapitalis.com\/tunisie\/2026\/04\/27\/la-tunisie-recoit-le-certificat-dadhesion-du-geoparc-dahar-a-lunesco\/#primaryimage\"},\"image\":{\"@id\":\"https:\/\/kapitalis.com\/tunisie\/2026\/04\/27\/la-tunisie-recoit-le-certificat-dadhesion-du-geoparc-dahar-a-lunesco\/#primaryimage\"},\"thumbnailUrl\":\"https:\/\/kapitalis.com\/tunisie\/wp-content\/uploads\/2026\/04\/certificat-Geoparc-Dahar.jpg\",\"datePublished\":\"2026-04-27T22:36:39+00:00\",\"dateModified\":\"2026-04-27T22:37:14+00:00\",\"breadcrumb\":{\"@id\":\"https:\/\/kapitalis.com\/tunisie\/2026\/04\/27\/la-tunisie-recoit-le-certificat-dadhesion-du-geoparc-dahar-a-lunesco\/#breadcrumb\"},\"inLanguage\":\"fr-FR\",\"potentialAction\":[{\"@type\":\"ReadAction\",\"target\":[\"https:\/\/kapitalis.com\/tunisie\/2026\/04\/27\/la-tunisie-recoit-le-certificat-dadhesion-du-geoparc-dahar-a-lunesco\/\"]}]},{\"@type\":\"ImageObject\",\"inLanguage\":\"fr-FR\",\"@id\":\"https:\/\/kapitalis.com\/tunisie\/2026\/04\/27\/la-tunisie-recoit-le-certificat-dadhesion-du-geoparc-dahar-a-lunesco\/#primaryimage\",\"url\":\"https:\/\/kapitalis.com\/tunisie\/wp-content\/uploads\/2026\/04\/certificat-Geoparc-Dahar.jpg\",\"contentUrl\":\"https:\/\/kapitalis.com\/tunisie\/wp-content\/uploads\/2026\/04\/certificat-Geoparc-Dahar.jpg\",\"width\":1200,\"height\":800},{\"@type\":\"BreadcrumbList\",\"@id\":\"https:\/\/kapitalis.com\/tunisie\/2026\/04\/27\/la-tunisie-recoit-le-certificat-dadhesion-du-geoparc-dahar-a-lunesco\/#breadcrumb\",\"itemListElement\":[{\"@type\":\"ListItem\",\"position\":1,\"name\":\"Accueil\",\"item\":\"https:\/\/kapitalis.com\/tunisie\/\"},{\"@type\":\"ListItem\",\"position\":2,\"name\":\"La Tunisie re\u00e7oit le certificat d\u2019adh\u00e9sion du G\u00e9oparc Dahar \u00e0 l&rsquo;Unesco\"}]},{\"@type\":\"WebSite\",\"@id\":\"https:\/\/kapitalis.com\/tunisie\/#website\",\"url\":\"https:\/\/kapitalis.com\/tunisie\/\",\"name\":\"Kapitalis\",\"description\":\"L&#039;actualit\u00e9 en Tunisie et dans le monde\",\"publisher\":{\"@id\":\"https:\/\/kapitalis.com\/tunisie\/#organization\"},\"potentialAction\":[{\"@type\":\"SearchAction\",\"target\":{\"@type\":\"EntryPoint\",\"urlTemplate\":\"https:\/\/kapitalis.com\/tunisie\/?s={search_term_string}\"},\"query-input\":{\"@type\":\"PropertyValueSpecification\",\"valueRequired\":true,\"valueName\":\"search_term_string\"}}],\"inLanguage\":\"fr-FR\"},{\"@type\":\"Organization\",\"@id\":\"https:\/\/kapitalis.com\/tunisie\/#organization\",\"name\":\"Kapitalis\",\"url\":\"https:\/\/kapitalis.com\/tunisie\/\",\"logo\":{\"@type\":\"ImageObject\",\"inLanguage\":\"fr-FR\",\"@id\":\"https:\/\/kapitalis.com\/tunisie\/#\/schema\/logo\/image\/\",\"url\":\"https:\/\/kapitalis.com\/tunisie\/wp-content\/uploads\/2022\/05\/Kapitalis-big-size.png\",\"contentUrl\":\"https:\/\/kapitalis.com\/tunisie\/wp-content\/uploads\/2022\/05\/Kapitalis-big-size.png\",\"width\":5000,\"height\":1500,\"caption\":\"Kapitalis\"},\"image\":{\"@id\":\"https:\/\/kapitalis.com\/tunisie\/#\/schema\/logo\/image\/\"},\"sameAs\":[\"https:\/\/www.facebook.com\/KapitalisInfo\/\",\"https:\/\/x.com\/KapitalisInfo\",\"https:\/\/www.youtube.com\/channel\/UC-yDYrHyfFBWWZaOw3FPg9Q\"]},{\"@type\":\"Person\",\"@id\":\"https:\/\/kapitalis.com\/tunisie\/#\/schema\/person\/74bbde0154d49d790a92aaeac5bc01d5\",\"name\":\"Yusra NY\",\"url\":\"https:\/\/kapitalis.com\/tunisie\/author\/yuza_adam\/\"}]}<\/script>\n<!-- \/ Yoast SEO plugin. -->","yoast_head_json":{"title":"La Tunisie re\u00e7oit le certificat d\u2019adh\u00e9sion du G\u00e9oparc Dahar \u00e0 l'Unesco - Kapitalis","robots":{"index":"index","follow":"follow","max-snippet":"max-snippet:-1","max-image-preview":"max-image-preview:large","max-video-preview":"max-video-preview:-1"},"canonical":"https:\/\/kapitalis.com\/tunisie\/2026\/04\/27\/la-tunisie-recoit-le-certificat-dadhesion-du-geoparc-dahar-a-lunesco\/","og_locale":"fr_FR","og_type":"article","og_title":"La Tunisie re\u00e7oit le certificat d\u2019adh\u00e9sion du G\u00e9oparc Dahar \u00e0 l'Unesco - Kapitalis","og_description":"M. Dhia Khaled, ambassadeur, D\u00e9l\u00e9gu\u00e9 Permanent, de la Tunisie aupr\u00e8s de l\u2019Unesco, a re\u00e7u, le 27 avril 2026, le certificat officiel d\u2019inscription du G\u00e9oparc \u00abDahar \u00bb .","og_url":"https:\/\/kapitalis.com\/tunisie\/2026\/04\/27\/la-tunisie-recoit-le-certificat-dadhesion-du-geoparc-dahar-a-lunesco\/","og_site_name":"Kapitalis","article_publisher":"https:\/\/www.facebook.com\/KapitalisInfo\/","article_published_time":"2026-04-27T22:36:39+00:00","article_modified_time":"2026-04-27T22:37:14+00:00","og_image":[{"width":1200,"height":800,"url":"https:\/\/kapitalis.com\/tunisie\/wp-content\/uploads\/2026\/04\/certificat-Geoparc-Dahar.jpg","type":"image\/jpeg"}],"author":"Yusra NY","twitter_card":"summary_large_image","twitter_creator":"@KapitalisInfo","twitter_site":"@KapitalisInfo","twitter_misc":{"\u00c9crit par":"Yusra NY","Dur\u00e9e de lecture estim\u00e9e":"3 minutes"},"schema":{"@context":"https:\/\/schema.org","@graph":[{"@type":"Article","@id":"https:\/\/kapitalis.com\/tunisie\/2026\/04\/27\/la-tunisie-recoit-le-certificat-dadhesion-du-geoparc-dahar-a-lunesco\/#article","isPartOf":{"@id":"https:\/\/kapitalis.com\/tunisie\/2026\/04\/27\/la-tunisie-recoit-le-certificat-dadhesion-du-geoparc-dahar-a-lunesco\/"},"author":{"name":"Yusra NY","@id":"https:\/\/kapitalis.com\/tunisie\/#\/schema\/person\/74bbde0154d49d790a92aaeac5bc01d5"},"headline":"La Tunisie re\u00e7oit le certificat d\u2019adh\u00e9sion du G\u00e9oparc Dahar \u00e0 l&rsquo;Unesco","datePublished":"2026-04-27T22:36:39+00:00","dateModified":"2026-04-27T22:37:14+00:00","mainEntityOfPage":{"@id":"https:\/\/kapitalis.com\/tunisie\/2026\/04\/27\/la-tunisie-recoit-le-certificat-dadhesion-du-geoparc-dahar-a-lunesco\/"},"wordCount":414,"commentCount":0,"publisher":{"@id":"https:\/\/kapitalis.com\/tunisie\/#organization"},"image":{"@id":"https:\/\/kapitalis.com\/tunisie\/2026\/04\/27\/la-tunisie-recoit-le-certificat-dadhesion-du-geoparc-dahar-a-lunesco\/#primaryimage"},"thumbnailUrl":"https:\/\/kapitalis.com\/tunisie\/wp-content\/uploads\/2026\/04\/certificat-Geoparc-Dahar.jpg","keywords":["Dhia Khaled","ertificat officiel d\u2019inscription","G\u00e9oparc Dahar","Tunisie","Unesco"],"articleSection":["CULTURE","SOCIETE","Tunisie"],"inLanguage":"fr-FR","potentialAction":[{"@type":"CommentAction","name":"Comment","target":["https:\/\/kapitalis.com\/tunisie\/2026\/04\/27\/la-tunisie-recoit-le-certificat-dadhesion-du-geoparc-dahar-a-lunesco\/#respond"]}]},{"@type":"WebPage","@id":"https:\/\/kapitalis.com\/tunisie\/2026\/04\/27\/la-tunisie-recoit-le-certificat-dadhesion-du-geoparc-dahar-a-lunesco\/","url":"https:\/\/kapitalis.com\/tunisie\/2026\/04\/27\/la-tunisie-recoit-le-certificat-dadhesion-du-geoparc-dahar-a-lunesco\/","name":"La Tunisie re\u00e7oit le certificat d\u2019adh\u00e9sion du G\u00e9oparc Dahar \u00e0 l'Unesco - Kapitalis","isPartOf":{"@id":"https:\/\/kapitalis.com\/tunisie\/#website"},"primaryImageOfPage":{"@id":"https:\/\/kapitalis.com\/tunisie\/2026\/04\/27\/la-tunisie-recoit-le-certificat-dadhesion-du-geoparc-dahar-a-lunesco\/#primaryimage"},"image":{"@id":"https:\/\/kapitalis.com\/tunisie\/2026\/04\/27\/la-tunisie-recoit-le-certificat-dadhesion-du-geoparc-dahar-a-lunesco\/#primaryimage"},"thumbnailUrl":"https:\/\/kapitalis.com\/tunisie\/wp-content\/uploads\/2026\/04\/certificat-Geoparc-Dahar.jpg","datePublished":"2026-04-27T22:36:39+00:00","dateModified":"2026-04-27T22:37:14+00:00","breadcrumb":{"@id":"https:\/\/kapitalis.com\/tunisie\/2026\/04\/27\/la-tunisie-recoit-le-certificat-dadhesion-du-geoparc-dahar-a-lunesco\/#breadcrumb"},"inLanguage":"fr-FR","potentialAction":[{"@type":"ReadAction","target":["https:\/\/kapitalis.com\/tunisie\/2026\/04\/27\/la-tunisie-recoit-le-certificat-dadhesion-du-geoparc-dahar-a-lunesco\/"]}]},{"@type":"ImageObject","inLanguage":"fr-FR","@id":"https:\/\/kapitalis.com\/tunisie\/2026\/04\/27\/la-tunisie-recoit-le-certificat-dadhesion-du-geoparc-dahar-a-lunesco\/#primaryimage","url":"https:\/\/kapitalis.com\/tunisie\/wp-content\/uploads\/2026\/04\/certificat-Geoparc-Dahar.jpg","contentUrl":"https:\/\/kapitalis.com\/tunisie\/wp-content\/uploads\/2026\/04\/certificat-Geoparc-Dahar.jpg","width":1200,"height":800},{"@type":"BreadcrumbList","@id":"https:\/\/kapitalis.com\/tunisie\/2026\/04\/27\/la-tunisie-recoit-le-certificat-dadhesion-du-geoparc-dahar-a-lunesco\/#breadcrumb","itemListElement":[{"@type":"ListItem","position":1,"name":"Accueil","item":"https:\/\/kapitalis.com\/tunisie\/"},{"@type":"ListItem","position":2,"name":"La Tunisie re\u00e7oit le certificat d\u2019adh\u00e9sion du G\u00e9oparc Dahar \u00e0 l&rsquo;Unesco"}]},{"@type":"WebSite","@id":"https:\/\/kapitalis.com\/tunisie\/#website","url":"https:\/\/kapitalis.com\/tunisie\/","name":"Kapitalis","description":"L&#039;actualit\u00e9 en Tunisie et dans le monde","publisher":{"@id":"https:\/\/kapitalis.com\/tunisie\/#organization"},"potentialAction":[{"@type":"SearchAction","target":{"@type":"EntryPoint","urlTemplate":"https:\/\/kapitalis.com\/tunisie\/?s={search_term_string}"},"query-input":{"@type":"PropertyValueSpecification","valueRequired":true,"valueName":"search_term_string"}}],"inLanguage":"fr-FR"},{"@type":"Organization","@id":"https:\/\/kapitalis.com\/tunisie\/#organization","name":"Kapitalis","url":"https:\/\/kapitalis.com\/tunisie\/","logo":{"@type":"ImageObject","inLanguage":"fr-FR","@id":"https:\/\/kapitalis.com\/tunisie\/#\/schema\/logo\/image\/","url":"https:\/\/kapitalis.com\/tunisie\/wp-content\/uploads\/2022\/05\/Kapitalis-big-size.png","contentUrl":"https:\/\/kapitalis.com\/tunisie\/wp-content\/uploads\/2022\/05\/Kapitalis-big-size.png","width":5000,"height":1500,"caption":"Kapitalis"},"image":{"@id":"https:\/\/kapitalis.com\/tunisie\/#\/schema\/logo\/image\/"},"sameAs":["https:\/\/www.facebook.com\/KapitalisInfo\/","https:\/\/x.com\/KapitalisInfo","https:\/\/www.youtube.com\/channel\/UC-yDYrHyfFBWWZaOw3FPg9Q"]},{"@type":"Person","@id":"https:\/\/kapitalis.com\/tunisie\/#\/schema\/person\/74bbde0154d49d790a92aaeac5bc01d5","name":"Yusra NY","url":"https:\/\/kapitalis.com\/tunisie\/author\/yuza_adam\/"}]}},"_links":{"self":[{"href":"https:\/\/kapitalis.com\/tunisie\/wp-json\/wp\/v2\/posts\/18700092","targetHints":{"allow":["GET"]}}],"collection":[{"href":"https:\/\/kapitalis.com\/tunisie\/wp-json\/wp\/v2\/posts"}],"about":[{"href":"https:\/\/kapitalis.com\/tunisie\/wp-json\/wp\/v2\/types\/post"}],"author":[{"embeddable":true,"href":"https:\/\/kapitalis.com\/tunisie\/wp-json\/wp\/v2\/users\/6"}],"replies":[{"embeddable":true,"href":"https:\/\/kapitalis.com\/tunisie\/wp-json\/wp\/v2\/comments?post=18700092"}],"version-history":[{"count":1,"href":"https:\/\/kapitalis.com\/tunisie\/wp-json\/wp\/v2\/posts\/18700092\/revisions"}],"predecessor-version":[{"id":18700115,"href":"https:\/\/kapitalis.com\/tunisie\/wp-json\/wp\/v2\/posts\/18700092\/revisions\/18700115"}],"wp:featuredmedia":[{"embeddable":true,"href":"https:\/\/kapitalis.com\/tunisie\/wp-json\/wp\/v2\/media\/18700112"}],"wp:attachment":[{"href":"https:\/\/kapitalis.com\/tunisie\/wp-json\/wp\/v2\/media?parent=18700092"}],"wp:term":[{"taxonomy":"category","embeddable":true,"href":"https:\/\/kapitalis.com\/tunisie\/wp-json\/wp\/v2\/categories?post=18700092"},{"taxonomy":"post_tag","embeddable":true,"href":"https:\/\/kapitalis.com\/tunisie\/wp-json\/wp\/v2\/tags?post=18700092"}],"curies":[{"name":"wp","href":"https:\/\/api.w.org\/{rel}","templated":true}]}}