{"id":18701734,"date":"2026-04-28T10:13:32","date_gmt":"2026-04-28T09:13:32","guid":{"rendered":"https:\/\/kapitalis.com\/tunisie\/?p=18701734"},"modified":"2026-04-28T10:22:19","modified_gmt":"2026-04-28T09:22:19","slug":"tunisie-les-dessous-du-limogeage-de-fatma-thabet-chiboub","status":"publish","type":"post","link":"https:\/\/kapitalis.com\/tunisie\/2026\/04\/28\/tunisie-les-dessous-du-limogeage-de-fatma-thabet-chiboub\/","title":{"rendered":"Tunisie | Les dessous du limogeage de Fatma Thabet-Chiboub"},"content":{"rendered":"\n<p><strong><em>Le pr\u00e9sident de la r\u00e9publique Kais Sa\u00efed a d\u00e9mis la ministre de l\u2019Industrie, des Mines et de l\u2019Energie, Fatma Thabet Chiboub, de ses fonctions, et c\u2019est son coll\u00e8gue Salah Zouari, ministre de l\u2019Equipement et de l\u2019Habitat, qui a \u00e9t\u00e9 charg\u00e9 d\u2019assumer son int\u00e9rim.&nbsp;<\/em><\/strong><\/p>\n\n\n\n<!--more-->\n\n\n\n<p>Le communiqu\u00e9 de la pr\u00e9sidence de la R\u00e9publique annon\u00e7ant ce limogeage n\u2019a pas cru devoir expliquer les raisons ayant dict\u00e9 une d\u00e9cision aussi intempestive. On se contentera de savoir qu\u2019elle a \u00e9t\u00e9 annonc\u00e9e lors d\u2019une r\u00e9union tenue, mardi 28 avril 2026, au palais&nbsp;de Carthage, avec la cheffe du gouvernement, Sarra Zaafrani Zenzeri, la ministre des Finances Mechket Slama Khaldi, le ministre des Affaires sociales Issam Lahmar et le ministre de l\u2019Emploi et de la Formation professionnelle Riadh Chaoued, comme indiqu\u00e9 dans ledit communiqu\u00e9.<\/p>\n\n\n\n<p>On fera, cependant,  remarquer que cette d\u00e9cision a \u00e9t\u00e9 annonc\u00e9e au moment o\u00f9 une pol\u00e9mique enfle dans le pays \u00e0 propos des projets de <a href=\"https:\/\/kapitalis.com\/tunisie\/2026\/04\/28\/tunisie-a-propos-de-loctroi-de-concessions-denergie-renouvelable-a-des-entreprises-etrangeres\/\" target=\"_blank\" rel=\"noreferrer noopener\">concessions d\u2019\u00e9nergie renouvelable<\/a> qui doivent \u00eatre accord\u00e9s \u00e0 des entreprises \u00e9trang\u00e8res, une politique soutenue par la ministre sortante. Ceci explique-t-il cela\u00a0?<\/p>\n\n\n\n<p>On est tent\u00e9 de le penser, d\u2019autant plus que le pr\u00e9sident Sa\u00efed est connu pour son rejet de tout ce qui s\u2019apparente, de pr\u00e8s ou de loin, \u00e0 une privatisation. Sauf que cette explication ne tient pas la route, et pour cause\u00a0: cela fait au moins deux ans que l\u2019on parle de ces projets de concessions sans que personne n\u2019y a trouv\u00e9 rien \u00e0 redire. Pourquoi ce lever de bouclier aujourd&rsquo;hui, dont l&rsquo;Assembl\u00e9e s&rsquo;est fait l&rsquo;\u00e9cho ?<\/p>\n\n\n\n<p>On sait, par ailleurs, que la Tunisie doit r\u00e9sorber son d\u00e9ficit \u00e9nerg\u00e9tique approchant les 60% et est d\u00e9termin\u00e9e \u00e0 \u00e9lever le taux des \u00e9nergies renouvelables dans son mix \u00e9nerg\u00e9tique de 4-5% aujourd\u2019hui \u00e0 35% en 2030. Or, elle n\u2019a pas les moyens financiers pour mettre en \u0153uvre ses projets d\u2019\u00e9nergie solaire photovolta\u00efque et la formule des concessions semblaient s\u2019imposer d\u2019elle-m\u00eame.<\/p>\n\n\n\n<p>Bref, en l\u2019absence d\u2019explication officielle, on en est r\u00e9duit \u00e0 supputer et \u00e0 nous perdre en conjecture.<\/p>\n\n\n\n<p class=\"has-text-align-right\"><strong>I. B.<\/strong><\/p>\n\n\n\n<figure class=\"wp-block-embed alignleft is-type-wp-embed is-provider-kapitalis wp-block-embed-kapitalis\"><div class=\"wp-block-embed__wrapper\">\n<blockquote class=\"wp-embedded-content\" data-secret=\"xhjqE1tKfw\"><a href=\"https:\/\/kapitalis.com\/tunisie\/2026\/04\/28\/tunisie-a-propos-de-loctroi-de-concessions-denergie-renouvelable-a-des-entreprises-etrangeres\/\">Tunisie | A propos de l\u2019octroi de concessions d\u2019\u00e9nergie renouvelable \u00e0 des entreprises \u00e9trang\u00e8res<\/a><\/blockquote><iframe loading=\"lazy\" class=\"wp-embedded-content\" sandbox=\"allow-scripts\" security=\"restricted\" style=\"position: absolute; visibility: hidden;\" title=\"\u00ab\u00a0Tunisie | A propos de l\u2019octroi de concessions d\u2019\u00e9nergie renouvelable \u00e0 des entreprises \u00e9trang\u00e8res\u00a0\u00bb &#8212; Kapitalis\" src=\"https:\/\/kapitalis.com\/tunisie\/2026\/04\/28\/tunisie-a-propos-de-loctroi-de-concessions-denergie-renouvelable-a-des-entreprises-etrangeres\/embed\/#?secret=Jm94160n1e#?secret=xhjqE1tKfw\" data-secret=\"xhjqE1tKfw\" width=\"600\" height=\"338\" frameborder=\"0\" marginwidth=\"0\" marginheight=\"0\" scrolling=\"no\"><\/iframe>\n<\/div><\/figure>\n","protected":false},"excerpt":{"rendered":"<p>Pourquoi le pr\u00e9sident Kais Sa\u00efed a-t-il d\u00e9mis de ses fonctions la ministre de l\u2019Industrie, des Mines et de l\u2019Energie, Fatma Thabet Chiboub ?<\/p>\n","protected":false},"author":8,"featured_media":17577798,"comment_status":"open","ping_status":"open","sticky":false,"template":"","format":"standard","meta":{"footnotes":""},"categories":[995,997,2433],"tags":[128056,5640,114100,78464,121581],"class_list":["post-18701734","post","type-post","status-publish","format-standard","has-post-thumbnail","hentry","category-economie","category-politique","category-tunisie","tag-concessions","tag-energies-renouvelables","tag-fatma-thabet-chiboub","tag-kais-saied-4","tag-salah-zouari"],"yoast_head":"<!-- This site is optimized with the Yoast SEO plugin v26.6 - https:\/\/yoast.com\/wordpress\/plugins\/seo\/ -->\n<title>Tunisie | Les dessous du limogeage de Fatma Thabet-Chiboub - Kapitalis<\/title>\n<meta name=\"description\" content=\"Pourquoi le pr\u00e9sident Kais Sa\u00efed a-t-il d\u00e9mis de ses fonctions la ministre de l\u2019Industrie, des Mines et de l\u2019Energie, Fatma Thabet-Chiboub ?\" \/>\n<meta name=\"robots\" content=\"index, follow, max-snippet:-1, max-image-preview:large, max-video-preview:-1\" \/>\n<link rel=\"canonical\" href=\"https:\/\/kapitalis.com\/tunisie\/2026\/04\/28\/tunisie-les-dessous-du-limogeage-de-fatma-thabet-chiboub\/\" \/>\n<meta property=\"og:locale\" content=\"fr_FR\" \/>\n<meta property=\"og:type\" content=\"article\" \/>\n<meta property=\"og:title\" content=\"Tunisie | Les dessous du limogeage de Fatma Thabet-Chiboub - Kapitalis\" \/>\n<meta property=\"og:description\" content=\"Pourquoi le pr\u00e9sident Kais Sa\u00efed a-t-il d\u00e9mis de ses fonctions la ministre de l\u2019Industrie, des Mines et de l\u2019Energie, Fatma Thabet-Chiboub ?\" \/>\n<meta property=\"og:url\" content=\"https:\/\/kapitalis.com\/tunisie\/2026\/04\/28\/tunisie-les-dessous-du-limogeage-de-fatma-thabet-chiboub\/\" \/>\n<meta property=\"og:site_name\" content=\"Kapitalis\" \/>\n<meta property=\"article:publisher\" content=\"https:\/\/www.facebook.com\/KapitalisInfo\/\" \/>\n<meta property=\"article:published_time\" content=\"2026-04-28T09:13:32+00:00\" \/>\n<meta property=\"article:modified_time\" content=\"2026-04-28T09:22:19+00:00\" \/>\n<meta property=\"og:image\" content=\"https:\/\/kapitalis.com\/tunisie\/wp-content\/uploads\/2025\/10\/Fatma-Chiboub.jpg\" \/>\n\t<meta property=\"og:image:width\" content=\"1200\" \/>\n\t<meta property=\"og:image:height\" content=\"630\" \/>\n\t<meta property=\"og:image:type\" content=\"image\/jpeg\" \/>\n<meta name=\"author\" content=\"webmaster kapitalis\" \/>\n<meta name=\"twitter:card\" content=\"summary_large_image\" \/>\n<meta name=\"twitter:creator\" content=\"@KapitalisInfo\" \/>\n<meta name=\"twitter:site\" content=\"@KapitalisInfo\" \/>\n<meta name=\"twitter:label1\" content=\"\u00c9crit par\" \/>\n\t<meta name=\"twitter:data1\" content=\"webmaster kapitalis\" \/>\n\t<meta name=\"twitter:label2\" content=\"Dur\u00e9e de lecture estim\u00e9e\" \/>\n\t<meta name=\"twitter:data2\" content=\"2 minutes\" \/>\n<script type=\"application\/ld+json\" class=\"yoast-schema-graph\">{\"@context\":\"https:\/\/schema.org\",\"@graph\":[{\"@type\":\"Article\",\"@id\":\"https:\/\/kapitalis.com\/tunisie\/2026\/04\/28\/tunisie-les-dessous-du-limogeage-de-fatma-thabet-chiboub\/#article\",\"isPartOf\":{\"@id\":\"https:\/\/kapitalis.com\/tunisie\/2026\/04\/28\/tunisie-les-dessous-du-limogeage-de-fatma-thabet-chiboub\/\"},\"author\":{\"name\":\"webmaster kapitalis\",\"@id\":\"https:\/\/kapitalis.com\/tunisie\/#\/schema\/person\/d71f33a9ca44f7bad4698210b480c8e9\"},\"headline\":\"Tunisie | Les dessous du limogeage de Fatma Thabet-Chiboub\",\"datePublished\":\"2026-04-28T09:13:32+00:00\",\"dateModified\":\"2026-04-28T09:22:19+00:00\",\"mainEntityOfPage\":{\"@id\":\"https:\/\/kapitalis.com\/tunisie\/2026\/04\/28\/tunisie-les-dessous-du-limogeage-de-fatma-thabet-chiboub\/\"},\"wordCount\":382,\"commentCount\":0,\"publisher\":{\"@id\":\"https:\/\/kapitalis.com\/tunisie\/#organization\"},\"image\":{\"@id\":\"https:\/\/kapitalis.com\/tunisie\/2026\/04\/28\/tunisie-les-dessous-du-limogeage-de-fatma-thabet-chiboub\/#primaryimage\"},\"thumbnailUrl\":\"https:\/\/kapitalis.com\/tunisie\/wp-content\/uploads\/2025\/10\/Fatma-Chiboub.jpg\",\"keywords\":[\"concessions\",\"\u00e9nergies renouvelables\",\"Fatma Thabet Chiboub\",\"kais sa\u00efed\",\"Salah Zouari\"],\"articleSection\":[\"ECONOMIE\",\"POLITIQUE\",\"Tunisie\"],\"inLanguage\":\"fr-FR\",\"potentialAction\":[{\"@type\":\"CommentAction\",\"name\":\"Comment\",\"target\":[\"https:\/\/kapitalis.com\/tunisie\/2026\/04\/28\/tunisie-les-dessous-du-limogeage-de-fatma-thabet-chiboub\/#respond\"]}]},{\"@type\":\"WebPage\",\"@id\":\"https:\/\/kapitalis.com\/tunisie\/2026\/04\/28\/tunisie-les-dessous-du-limogeage-de-fatma-thabet-chiboub\/\",\"url\":\"https:\/\/kapitalis.com\/tunisie\/2026\/04\/28\/tunisie-les-dessous-du-limogeage-de-fatma-thabet-chiboub\/\",\"name\":\"Tunisie | Les dessous du limogeage de Fatma Thabet-Chiboub - Kapitalis\",\"isPartOf\":{\"@id\":\"https:\/\/kapitalis.com\/tunisie\/#website\"},\"primaryImageOfPage\":{\"@id\":\"https:\/\/kapitalis.com\/tunisie\/2026\/04\/28\/tunisie-les-dessous-du-limogeage-de-fatma-thabet-chiboub\/#primaryimage\"},\"image\":{\"@id\":\"https:\/\/kapitalis.com\/tunisie\/2026\/04\/28\/tunisie-les-dessous-du-limogeage-de-fatma-thabet-chiboub\/#primaryimage\"},\"thumbnailUrl\":\"https:\/\/kapitalis.com\/tunisie\/wp-content\/uploads\/2025\/10\/Fatma-Chiboub.jpg\",\"datePublished\":\"2026-04-28T09:13:32+00:00\",\"dateModified\":\"2026-04-28T09:22:19+00:00\",\"description\":\"Pourquoi le pr\u00e9sident Kais Sa\u00efed a-t-il d\u00e9mis de ses fonctions la ministre de l\u2019Industrie, des Mines et de l\u2019Energie, Fatma Thabet-Chiboub ?\",\"breadcrumb\":{\"@id\":\"https:\/\/kapitalis.com\/tunisie\/2026\/04\/28\/tunisie-les-dessous-du-limogeage-de-fatma-thabet-chiboub\/#breadcrumb\"},\"inLanguage\":\"fr-FR\",\"potentialAction\":[{\"@type\":\"ReadAction\",\"target\":[\"https:\/\/kapitalis.com\/tunisie\/2026\/04\/28\/tunisie-les-dessous-du-limogeage-de-fatma-thabet-chiboub\/\"]}]},{\"@type\":\"ImageObject\",\"inLanguage\":\"fr-FR\",\"@id\":\"https:\/\/kapitalis.com\/tunisie\/2026\/04\/28\/tunisie-les-dessous-du-limogeage-de-fatma-thabet-chiboub\/#primaryimage\",\"url\":\"https:\/\/kapitalis.com\/tunisie\/wp-content\/uploads\/2025\/10\/Fatma-Chiboub.jpg\",\"contentUrl\":\"https:\/\/kapitalis.com\/tunisie\/wp-content\/uploads\/2025\/10\/Fatma-Chiboub.jpg\",\"width\":1200,\"height\":630},{\"@type\":\"BreadcrumbList\",\"@id\":\"https:\/\/kapitalis.com\/tunisie\/2026\/04\/28\/tunisie-les-dessous-du-limogeage-de-fatma-thabet-chiboub\/#breadcrumb\",\"itemListElement\":[{\"@type\":\"ListItem\",\"position\":1,\"name\":\"Accueil\",\"item\":\"https:\/\/kapitalis.com\/tunisie\/\"},{\"@type\":\"ListItem\",\"position\":2,\"name\":\"Tunisie | Les dessous du limogeage de Fatma Thabet-Chiboub\"}]},{\"@type\":\"WebSite\",\"@id\":\"https:\/\/kapitalis.com\/tunisie\/#website\",\"url\":\"https:\/\/kapitalis.com\/tunisie\/\",\"name\":\"Kapitalis\",\"description\":\"L&#039;actualit\u00e9 en Tunisie et dans le monde\",\"publisher\":{\"@id\":\"https:\/\/kapitalis.com\/tunisie\/#organization\"},\"potentialAction\":[{\"@type\":\"SearchAction\",\"target\":{\"@type\":\"EntryPoint\",\"urlTemplate\":\"https:\/\/kapitalis.com\/tunisie\/?s={search_term_string}\"},\"query-input\":{\"@type\":\"PropertyValueSpecification\",\"valueRequired\":true,\"valueName\":\"search_term_string\"}}],\"inLanguage\":\"fr-FR\"},{\"@type\":\"Organization\",\"@id\":\"https:\/\/kapitalis.com\/tunisie\/#organization\",\"name\":\"Kapitalis\",\"url\":\"https:\/\/kapitalis.com\/tunisie\/\",\"logo\":{\"@type\":\"ImageObject\",\"inLanguage\":\"fr-FR\",\"@id\":\"https:\/\/kapitalis.com\/tunisie\/#\/schema\/logo\/image\/\",\"url\":\"https:\/\/kapitalis.com\/tunisie\/wp-content\/uploads\/2022\/05\/Kapitalis-big-size.png\",\"contentUrl\":\"https:\/\/kapitalis.com\/tunisie\/wp-content\/uploads\/2022\/05\/Kapitalis-big-size.png\",\"width\":5000,\"height\":1500,\"caption\":\"Kapitalis\"},\"image\":{\"@id\":\"https:\/\/kapitalis.com\/tunisie\/#\/schema\/logo\/image\/\"},\"sameAs\":[\"https:\/\/www.facebook.com\/KapitalisInfo\/\",\"https:\/\/x.com\/KapitalisInfo\",\"https:\/\/www.youtube.com\/channel\/UC-yDYrHyfFBWWZaOw3FPg9Q\"]},{\"@type\":\"Person\",\"@id\":\"https:\/\/kapitalis.com\/tunisie\/#\/schema\/person\/d71f33a9ca44f7bad4698210b480c8e9\",\"name\":\"webmaster kapitalis\",\"url\":\"https:\/\/kapitalis.com\/tunisie\/author\/webmaster-kapitalis\/\"}]}<\/script>\n<!-- \/ Yoast SEO plugin. -->","yoast_head_json":{"title":"Tunisie | Les dessous du limogeage de Fatma Thabet-Chiboub - Kapitalis","description":"Pourquoi le pr\u00e9sident Kais Sa\u00efed a-t-il d\u00e9mis de ses fonctions la ministre de l\u2019Industrie, des Mines et de l\u2019Energie, Fatma Thabet-Chiboub ?","robots":{"index":"index","follow":"follow","max-snippet":"max-snippet:-1","max-image-preview":"max-image-preview:large","max-video-preview":"max-video-preview:-1"},"canonical":"https:\/\/kapitalis.com\/tunisie\/2026\/04\/28\/tunisie-les-dessous-du-limogeage-de-fatma-thabet-chiboub\/","og_locale":"fr_FR","og_type":"article","og_title":"Tunisie | Les dessous du limogeage de Fatma Thabet-Chiboub - Kapitalis","og_description":"Pourquoi le pr\u00e9sident Kais Sa\u00efed a-t-il d\u00e9mis de ses fonctions la ministre de l\u2019Industrie, des Mines et de l\u2019Energie, Fatma Thabet-Chiboub ?","og_url":"https:\/\/kapitalis.com\/tunisie\/2026\/04\/28\/tunisie-les-dessous-du-limogeage-de-fatma-thabet-chiboub\/","og_site_name":"Kapitalis","article_publisher":"https:\/\/www.facebook.com\/KapitalisInfo\/","article_published_time":"2026-04-28T09:13:32+00:00","article_modified_time":"2026-04-28T09:22:19+00:00","og_image":[{"width":1200,"height":630,"url":"https:\/\/kapitalis.com\/tunisie\/wp-content\/uploads\/2025\/10\/Fatma-Chiboub.jpg","type":"image\/jpeg"}],"author":"webmaster kapitalis","twitter_card":"summary_large_image","twitter_creator":"@KapitalisInfo","twitter_site":"@KapitalisInfo","twitter_misc":{"\u00c9crit par":"webmaster kapitalis","Dur\u00e9e de lecture estim\u00e9e":"2 minutes"},"schema":{"@context":"https:\/\/schema.org","@graph":[{"@type":"Article","@id":"https:\/\/kapitalis.com\/tunisie\/2026\/04\/28\/tunisie-les-dessous-du-limogeage-de-fatma-thabet-chiboub\/#article","isPartOf":{"@id":"https:\/\/kapitalis.com\/tunisie\/2026\/04\/28\/tunisie-les-dessous-du-limogeage-de-fatma-thabet-chiboub\/"},"author":{"name":"webmaster kapitalis","@id":"https:\/\/kapitalis.com\/tunisie\/#\/schema\/person\/d71f33a9ca44f7bad4698210b480c8e9"},"headline":"Tunisie | Les dessous du limogeage de Fatma Thabet-Chiboub","datePublished":"2026-04-28T09:13:32+00:00","dateModified":"2026-04-28T09:22:19+00:00","mainEntityOfPage":{"@id":"https:\/\/kapitalis.com\/tunisie\/2026\/04\/28\/tunisie-les-dessous-du-limogeage-de-fatma-thabet-chiboub\/"},"wordCount":382,"commentCount":0,"publisher":{"@id":"https:\/\/kapitalis.com\/tunisie\/#organization"},"image":{"@id":"https:\/\/kapitalis.com\/tunisie\/2026\/04\/28\/tunisie-les-dessous-du-limogeage-de-fatma-thabet-chiboub\/#primaryimage"},"thumbnailUrl":"https:\/\/kapitalis.com\/tunisie\/wp-content\/uploads\/2025\/10\/Fatma-Chiboub.jpg","keywords":["concessions","\u00e9nergies renouvelables","Fatma Thabet Chiboub","kais sa\u00efed","Salah Zouari"],"articleSection":["ECONOMIE","POLITIQUE","Tunisie"],"inLanguage":"fr-FR","potentialAction":[{"@type":"CommentAction","name":"Comment","target":["https:\/\/kapitalis.com\/tunisie\/2026\/04\/28\/tunisie-les-dessous-du-limogeage-de-fatma-thabet-chiboub\/#respond"]}]},{"@type":"WebPage","@id":"https:\/\/kapitalis.com\/tunisie\/2026\/04\/28\/tunisie-les-dessous-du-limogeage-de-fatma-thabet-chiboub\/","url":"https:\/\/kapitalis.com\/tunisie\/2026\/04\/28\/tunisie-les-dessous-du-limogeage-de-fatma-thabet-chiboub\/","name":"Tunisie | Les dessous du limogeage de Fatma Thabet-Chiboub - Kapitalis","isPartOf":{"@id":"https:\/\/kapitalis.com\/tunisie\/#website"},"primaryImageOfPage":{"@id":"https:\/\/kapitalis.com\/tunisie\/2026\/04\/28\/tunisie-les-dessous-du-limogeage-de-fatma-thabet-chiboub\/#primaryimage"},"image":{"@id":"https:\/\/kapitalis.com\/tunisie\/2026\/04\/28\/tunisie-les-dessous-du-limogeage-de-fatma-thabet-chiboub\/#primaryimage"},"thumbnailUrl":"https:\/\/kapitalis.com\/tunisie\/wp-content\/uploads\/2025\/10\/Fatma-Chiboub.jpg","datePublished":"2026-04-28T09:13:32+00:00","dateModified":"2026-04-28T09:22:19+00:00","description":"Pourquoi le pr\u00e9sident Kais Sa\u00efed a-t-il d\u00e9mis de ses fonctions la ministre de l\u2019Industrie, des Mines et de l\u2019Energie, Fatma Thabet-Chiboub ?","breadcrumb":{"@id":"https:\/\/kapitalis.com\/tunisie\/2026\/04\/28\/tunisie-les-dessous-du-limogeage-de-fatma-thabet-chiboub\/#breadcrumb"},"inLanguage":"fr-FR","potentialAction":[{"@type":"ReadAction","target":["https:\/\/kapitalis.com\/tunisie\/2026\/04\/28\/tunisie-les-dessous-du-limogeage-de-fatma-thabet-chiboub\/"]}]},{"@type":"ImageObject","inLanguage":"fr-FR","@id":"https:\/\/kapitalis.com\/tunisie\/2026\/04\/28\/tunisie-les-dessous-du-limogeage-de-fatma-thabet-chiboub\/#primaryimage","url":"https:\/\/kapitalis.com\/tunisie\/wp-content\/uploads\/2025\/10\/Fatma-Chiboub.jpg","contentUrl":"https:\/\/kapitalis.com\/tunisie\/wp-content\/uploads\/2025\/10\/Fatma-Chiboub.jpg","width":1200,"height":630},{"@type":"BreadcrumbList","@id":"https:\/\/kapitalis.com\/tunisie\/2026\/04\/28\/tunisie-les-dessous-du-limogeage-de-fatma-thabet-chiboub\/#breadcrumb","itemListElement":[{"@type":"ListItem","position":1,"name":"Accueil","item":"https:\/\/kapitalis.com\/tunisie\/"},{"@type":"ListItem","position":2,"name":"Tunisie | Les dessous du limogeage de Fatma Thabet-Chiboub"}]},{"@type":"WebSite","@id":"https:\/\/kapitalis.com\/tunisie\/#website","url":"https:\/\/kapitalis.com\/tunisie\/","name":"Kapitalis","description":"L&#039;actualit\u00e9 en Tunisie et dans le monde","publisher":{"@id":"https:\/\/kapitalis.com\/tunisie\/#organization"},"potentialAction":[{"@type":"SearchAction","target":{"@type":"EntryPoint","urlTemplate":"https:\/\/kapitalis.com\/tunisie\/?s={search_term_string}"},"query-input":{"@type":"PropertyValueSpecification","valueRequired":true,"valueName":"search_term_string"}}],"inLanguage":"fr-FR"},{"@type":"Organization","@id":"https:\/\/kapitalis.com\/tunisie\/#organization","name":"Kapitalis","url":"https:\/\/kapitalis.com\/tunisie\/","logo":{"@type":"ImageObject","inLanguage":"fr-FR","@id":"https:\/\/kapitalis.com\/tunisie\/#\/schema\/logo\/image\/","url":"https:\/\/kapitalis.com\/tunisie\/wp-content\/uploads\/2022\/05\/Kapitalis-big-size.png","contentUrl":"https:\/\/kapitalis.com\/tunisie\/wp-content\/uploads\/2022\/05\/Kapitalis-big-size.png","width":5000,"height":1500,"caption":"Kapitalis"},"image":{"@id":"https:\/\/kapitalis.com\/tunisie\/#\/schema\/logo\/image\/"},"sameAs":["https:\/\/www.facebook.com\/KapitalisInfo\/","https:\/\/x.com\/KapitalisInfo","https:\/\/www.youtube.com\/channel\/UC-yDYrHyfFBWWZaOw3FPg9Q"]},{"@type":"Person","@id":"https:\/\/kapitalis.com\/tunisie\/#\/schema\/person\/d71f33a9ca44f7bad4698210b480c8e9","name":"webmaster kapitalis","url":"https:\/\/kapitalis.com\/tunisie\/author\/webmaster-kapitalis\/"}]}},"_links":{"self":[{"href":"https:\/\/kapitalis.com\/tunisie\/wp-json\/wp\/v2\/posts\/18701734","targetHints":{"allow":["GET"]}}],"collection":[{"href":"https:\/\/kapitalis.com\/tunisie\/wp-json\/wp\/v2\/posts"}],"about":[{"href":"https:\/\/kapitalis.com\/tunisie\/wp-json\/wp\/v2\/types\/post"}],"author":[{"embeddable":true,"href":"https:\/\/kapitalis.com\/tunisie\/wp-json\/wp\/v2\/users\/8"}],"replies":[{"embeddable":true,"href":"https:\/\/kapitalis.com\/tunisie\/wp-json\/wp\/v2\/comments?post=18701734"}],"version-history":[{"count":3,"href":"https:\/\/kapitalis.com\/tunisie\/wp-json\/wp\/v2\/posts\/18701734\/revisions"}],"predecessor-version":[{"id":18701848,"href":"https:\/\/kapitalis.com\/tunisie\/wp-json\/wp\/v2\/posts\/18701734\/revisions\/18701848"}],"wp:featuredmedia":[{"embeddable":true,"href":"https:\/\/kapitalis.com\/tunisie\/wp-json\/wp\/v2\/media\/17577798"}],"wp:attachment":[{"href":"https:\/\/kapitalis.com\/tunisie\/wp-json\/wp\/v2\/media?parent=18701734"}],"wp:term":[{"taxonomy":"category","embeddable":true,"href":"https:\/\/kapitalis.com\/tunisie\/wp-json\/wp\/v2\/categories?post=18701734"},{"taxonomy":"post_tag","embeddable":true,"href":"https:\/\/kapitalis.com\/tunisie\/wp-json\/wp\/v2\/tags?post=18701734"}],"curies":[{"name":"wp","href":"https:\/\/api.w.org\/{rel}","templated":true}]}}