{"id":18701995,"date":"2026-04-28T10:53:14","date_gmt":"2026-04-28T09:53:14","guid":{"rendered":"https:\/\/kapitalis.com\/tunisie\/?p=18701995"},"modified":"2026-04-28T10:53:15","modified_gmt":"2026-04-28T09:53:15","slug":"palestine-les-responsabilites-du-silence","status":"publish","type":"post","link":"https:\/\/kapitalis.com\/tunisie\/2026\/04\/28\/palestine-les-responsabilites-du-silence\/","title":{"rendered":"Palestine | Les responsabilit\u00e9s du silence"},"content":{"rendered":"\n<p><strong><em>\u00c0 Gaza, la catastrophe humanitaire a cess\u00e9 d\u2019\u00eatre un \u00e9v\u00e9nement : elle est devenue une condition. Mais \u00e0 mesure que les faits s\u2019accumulent, une autre r\u00e9alit\u00e9 s\u2019impose \u2014 celle des choix politiques, des fid\u00e9lit\u00e9s obstin\u00e9es et des silences organis\u00e9s. Nommer la trag\u00e9die ne suffit plus : il faut d\u00e9sormais en d\u00e9signer les auteurs et les complices.<\/em><\/strong><strong><\/strong><\/p>\n\n\n\n<p><strong>Dr Moez Ben Khemis<\/strong> *<\/p>\n\n\n\n<!--more-->\n\n\n<div class=\"wp-block-image\">\n<figure class=\"alignleft size-full\"><img loading=\"lazy\" decoding=\"async\" width=\"200\" height=\"200\" src=\"https:\/\/kapitalis.com\/tunisie\/wp-content\/uploads\/2023\/04\/Moez-BEN-KHEMIS.jpg\" alt=\"\" class=\"wp-image-7354931\" srcset=\"https:\/\/kapitalis.com\/tunisie\/wp-content\/uploads\/2023\/04\/Moez-BEN-KHEMIS.jpg 200w, https:\/\/kapitalis.com\/tunisie\/wp-content\/uploads\/2023\/04\/Moez-BEN-KHEMIS-150x150.jpg 150w, https:\/\/kapitalis.com\/tunisie\/wp-content\/uploads\/2023\/04\/Moez-BEN-KHEMIS-120x120.jpg 120w\" sizes=\"auto, (max-width: 200px) 100vw, 200px\" \/><\/figure>\n<\/div>\n\n\n<p>\u00c0 Gaza, la r\u00e9alit\u00e9 ne se discute plus : elle accable. Plus de 72 000 morts, 170 000 bless\u00e9s \u2014 et, dans cette masse indistincte de chiffres, des vies fauch\u00e9es, des enfances an\u00e9anties, des lign\u00e9es effac\u00e9es. Ce ne sont pas seulement des individus qui disparaissent, mais les contours m\u00eames d\u2019une soci\u00e9t\u00e9 que l\u2019on voit, jour apr\u00e8s jour, se d\u00e9faire.<\/p>\n\n\n\n<p>Le territoire, lui, est livr\u00e9 \u00e0 une entreprise de d\u00e9molition syst\u00e9matique. H\u00f4pitaux rendus muets, \u00e9coles ouvertes comme des plaies, r\u00e9seaux vitaux pulv\u00e9ris\u00e9s : rien de ce qui permettait encore de tenir ne semble devoir subsister. L\u2019eau manque, les soins s\u2019\u00e9teignent, la famine s\u2019installe. Et la population, presque tout enti\u00e8re d\u00e9plac\u00e9e, erre dans l\u2019\u00e9troitesse d\u2019un espace clos, condamn\u00e9e \u00e0 fuir l&rsquo;ombre de la mort sans jamais pouvoir s\u2019\u00e9chapper.<\/p>\n\n\n\n<h2 class=\"wp-block-heading\">Le droit \u00e0 l\u2019\u00e9preuve de sa propre faiblesse<\/h2>\n\n\n\n<p>Face \u00e0 cela, les mises en garde abondent \u2014 et s\u2019\u00e9puisent. Organisations internationales, juristes, observateurs : tous documentent, tous alertent, tous concluent \u00e0 des violations r\u00e9p\u00e9t\u00e9es du droit international humanitaire.<\/p>\n\n\n\n<p>Les mots se durcissent : g\u00e9nocide, nettoyage ethnique. Ils ne sont plus seulement brandis, mais examin\u00e9s, pes\u00e9s, discut\u00e9s devant les juridictions internationales. Les Nations unies avertissent, elles aussi. Mais \u00e0 mesure que le langage se fait plus grave, son effet semble s\u2019\u00e9mousser : le droit est invoqu\u00e9, rarement appliqu\u00e9.<\/p>\n\n\n\n<h2 class=\"wp-block-heading\">La constance des soutiens, l\u2019inertie des puissances<\/h2>\n\n\n\n<p>Car ce qui se joue ici ne tient pas seulement aux faits, mais aux volont\u00e9s qui les encadrent \u2014 ou les tol\u00e8rent. Aux \u00c9tats-Unis, Joe Biden puis Donald Trump maintiennent un appui constant, scell\u00e9 par les livraisons d\u2019armes et prot\u00e9g\u00e9 par le veto diplomatique.<\/p>\n\n\n\n<p>Au Royaume-Uni, Rishi Sunak ainsi que son successeur prolongent cette ligne. En France, Emmanuel Macron nuance, ajuste, appelle \u2014 mais ne rompt pas. Le langage varie, la politique demeure.<\/p>\n\n\n\n<p>Et sur le terrain, le gouvernement de Benjamin Netanyahu poursuit son offensive, comme affranchi de toute contrainte autre que la sienne propre.<\/p>\n\n\n\n<figure class=\"wp-block-gallery aligncenter has-nested-images columns-default is-cropped wp-block-gallery-1 is-layout-flex wp-block-gallery-is-layout-flex\">\n<figure class=\"wp-block-image size-large\"><img loading=\"lazy\" decoding=\"async\" width=\"1024\" height=\"538\" data-id=\"18702051\" src=\"https:\/\/kapitalis.com\/tunisie\/wp-content\/uploads\/2026\/04\/Gaza-Pluies-1024x538.jpg\" alt=\"\" class=\"wp-image-18702051\" srcset=\"https:\/\/kapitalis.com\/tunisie\/wp-content\/uploads\/2026\/04\/Gaza-Pluies-1024x538.jpg 1024w, https:\/\/kapitalis.com\/tunisie\/wp-content\/uploads\/2026\/04\/Gaza-Pluies-300x158.jpg 300w, https:\/\/kapitalis.com\/tunisie\/wp-content\/uploads\/2026\/04\/Gaza-Pluies-768x403.jpg 768w, https:\/\/kapitalis.com\/tunisie\/wp-content\/uploads\/2026\/04\/Gaza-Pluies-580x305.jpg 580w, https:\/\/kapitalis.com\/tunisie\/wp-content\/uploads\/2026\/04\/Gaza-Pluies-860x452.jpg 860w, https:\/\/kapitalis.com\/tunisie\/wp-content\/uploads\/2026\/04\/Gaza-Pluies-1160x609.jpg 1160w, https:\/\/kapitalis.com\/tunisie\/wp-content\/uploads\/2026\/04\/Gaza-Pluies.jpg 1200w\" sizes=\"auto, (max-width: 1024px) 100vw, 1024px\" \/><\/figure>\n\n\n\n<figure class=\"wp-block-image size-large\"><img loading=\"lazy\" decoding=\"async\" width=\"1024\" height=\"538\" data-id=\"18702034\" src=\"https:\/\/kapitalis.com\/tunisie\/wp-content\/uploads\/2026\/04\/Famine-Gaza-3-1024x538.jpg\" alt=\"\" class=\"wp-image-18702034\" srcset=\"https:\/\/kapitalis.com\/tunisie\/wp-content\/uploads\/2026\/04\/Famine-Gaza-3-1024x538.jpg 1024w, https:\/\/kapitalis.com\/tunisie\/wp-content\/uploads\/2026\/04\/Famine-Gaza-3-300x158.jpg 300w, https:\/\/kapitalis.com\/tunisie\/wp-content\/uploads\/2026\/04\/Famine-Gaza-3-768x403.jpg 768w, https:\/\/kapitalis.com\/tunisie\/wp-content\/uploads\/2026\/04\/Famine-Gaza-3-580x305.jpg 580w, https:\/\/kapitalis.com\/tunisie\/wp-content\/uploads\/2026\/04\/Famine-Gaza-3-860x452.jpg 860w, https:\/\/kapitalis.com\/tunisie\/wp-content\/uploads\/2026\/04\/Famine-Gaza-3-1160x609.jpg 1160w, https:\/\/kapitalis.com\/tunisie\/wp-content\/uploads\/2026\/04\/Famine-Gaza-3.jpg 1200w\" sizes=\"auto, (max-width: 1024px) 100vw, 1024px\" \/><\/figure>\n<\/figure>\n\n\n\n<h2 class=\"wp-block-heading\">L\u2019ombre port\u00e9e d\u2019une conflagration<\/h2>\n\n\n\n<p>D\u00e9j\u00e0, le conflit d\u00e9borde. Au sud du Liban, les affrontements \u00e9tendent la zone de fracture. Les victimes s\u2019ajoutent aux victimes, les exils aux exils.<\/p>\n\n\n\n<p>Ce qui se dessinait comme une guerre circonscrite menace d\u00e9sormais de devenir un foyer d\u2019embrasement r\u00e9gional. L\u2019histoire, ici, ne progresse pas : elle s\u2019\u00e9tend.<\/p>\n\n\n\n<h2 class=\"wp-block-heading\">Le silence fragment\u00e9 du monde arabe<\/h2>\n\n\n\n<p>Face \u00e0 cela, une autre r\u00e9alit\u00e9 s\u2019impose : celle d\u2019un monde arabe politiquement en retrait. Les condamnations existent, mais elles restent sans prise.<\/p>\n\n\n\n<p>Les divisions internes, les calculs strat\u00e9giques, les \u00e9quilibres fragiles \u2014 tout concourt \u00e0 contenir la parole dans les limites du d\u00e9claratif. L\u2019indignation circule ; l\u2019action, elle, se d\u00e9robe.<\/p>\n\n\n\n<h2 class=\"wp-block-heading\">L\u2019euph\u00e9misme comme dernier refuge<\/h2>\n\n\n\n<p>Reste le langage. Et avec lui, une forme plus insidieuse de d\u00e9ni. Parler de <em>\u00abconflit\u00bb<\/em>, de <em>\u00abriposte\u00bb<\/em>, d\u2019<em>\u00abaffrontements\u00bb<\/em>, c\u2019est parfois d\u00e9j\u00e0 att\u00e9nuer. C\u2019est substituer \u00e0 la dissym\u00e9trie des faits une sym\u00e9trie de fa\u00e7ade.<\/p>\n\n\n\n<p>Or nommer, c\u2019est trancher. C\u2019est reconna\u00eetre la nature d\u2019une r\u00e9alit\u00e9. \u00c0 l\u2019inverse, euph\u00e9miser revient \u00e0 l\u2019envelopper, \u00e0 l\u2019adoucir \u2014 et, ce faisant, \u00e0 la rendre plus acceptable qu\u2019elle ne devrait jamais l\u2019\u00eatre.<\/p>\n\n\n\n<h2 class=\"wp-block-heading\">L\u2019ordre international au r\u00e9v\u00e9lateur<\/h2>\n\n\n\n<p>Ce qui se joue d\u00e9passe d\u00e9sormais Gaza. C\u2019est l\u2019ordre international lui-m\u00eame qui se trouve expos\u00e9 \u2014 dans ses principes comme dans ses contradictions.<\/p>\n\n\n\n<p>Pourquoi certaines violations appellent-elles des sanctions imm\u00e9diates, quand d\u2019autres s\u2019accommodent de protestations sans effet ? Pourquoi l\u2019urgence est-elle, selon les cas, si variable ?<\/p>\n\n\n\n<p>\u00c0 ces \u00e9carts r\u00e9pond un sentiment grandissant : celui d\u2019un droit in\u00e9gal, d\u2019une justice s\u00e9lective, d\u2019un univers normatif \u00e0 g\u00e9om\u00e9trie variable.<\/p>\n\n\n\n<figure class=\"wp-block-gallery aligncenter has-nested-images columns-default is-cropped wp-block-gallery-2 is-layout-flex wp-block-gallery-is-layout-flex\">\n<figure class=\"wp-block-image size-large\"><img loading=\"lazy\" decoding=\"async\" width=\"1024\" height=\"538\" data-id=\"18702062\" src=\"https:\/\/kapitalis.com\/tunisie\/wp-content\/uploads\/2026\/04\/Enfants-malnutris-palestiniens-Gaza-1024x538.jpg\" alt=\"\" class=\"wp-image-18702062\" srcset=\"https:\/\/kapitalis.com\/tunisie\/wp-content\/uploads\/2026\/04\/Enfants-malnutris-palestiniens-Gaza-1024x538.jpg 1024w, https:\/\/kapitalis.com\/tunisie\/wp-content\/uploads\/2026\/04\/Enfants-malnutris-palestiniens-Gaza-300x158.jpg 300w, https:\/\/kapitalis.com\/tunisie\/wp-content\/uploads\/2026\/04\/Enfants-malnutris-palestiniens-Gaza-768x403.jpg 768w, https:\/\/kapitalis.com\/tunisie\/wp-content\/uploads\/2026\/04\/Enfants-malnutris-palestiniens-Gaza-580x305.jpg 580w, https:\/\/kapitalis.com\/tunisie\/wp-content\/uploads\/2026\/04\/Enfants-malnutris-palestiniens-Gaza-860x452.jpg 860w, https:\/\/kapitalis.com\/tunisie\/wp-content\/uploads\/2026\/04\/Enfants-malnutris-palestiniens-Gaza-1160x609.jpg 1160w, https:\/\/kapitalis.com\/tunisie\/wp-content\/uploads\/2026\/04\/Enfants-malnutris-palestiniens-Gaza.jpg 1200w\" sizes=\"auto, (max-width: 1024px) 100vw, 1024px\" \/><\/figure>\n\n\n\n<figure class=\"wp-block-image size-large\"><img loading=\"lazy\" decoding=\"async\" width=\"1024\" height=\"538\" data-id=\"18702058\" src=\"https:\/\/kapitalis.com\/tunisie\/wp-content\/uploads\/2026\/04\/Palestinienne-Gaza-1024x538.jpg\" alt=\"\" class=\"wp-image-18702058\" srcset=\"https:\/\/kapitalis.com\/tunisie\/wp-content\/uploads\/2026\/04\/Palestinienne-Gaza-1024x538.jpg 1024w, https:\/\/kapitalis.com\/tunisie\/wp-content\/uploads\/2026\/04\/Palestinienne-Gaza-300x158.jpg 300w, https:\/\/kapitalis.com\/tunisie\/wp-content\/uploads\/2026\/04\/Palestinienne-Gaza-768x403.jpg 768w, https:\/\/kapitalis.com\/tunisie\/wp-content\/uploads\/2026\/04\/Palestinienne-Gaza-580x305.jpg 580w, https:\/\/kapitalis.com\/tunisie\/wp-content\/uploads\/2026\/04\/Palestinienne-Gaza-860x452.jpg 860w, https:\/\/kapitalis.com\/tunisie\/wp-content\/uploads\/2026\/04\/Palestinienne-Gaza-1160x609.jpg 1160w, https:\/\/kapitalis.com\/tunisie\/wp-content\/uploads\/2026\/04\/Palestinienne-Gaza.jpg 1200w\" sizes=\"auto, (max-width: 1024px) 100vw, 1024px\" \/><\/figure>\n<\/figure>\n\n\n\n<h2 class=\"wp-block-heading\">Nommer, enfin, les responsabilit\u00e9s<\/h2>\n\n\n\n<p>Car il faut en venir l\u00e0. Non plus seulement aux faits, mais \u00e0 ce qui les rend possibles. Les d\u00e9cisions politiques, les vetos, les soutiens militaires, les prudences calcul\u00e9es, les silences entretenus : tout cela ne constitue pas un d\u00e9cor, mais une m\u00e9canique.<\/p>\n\n\n\n<p>L\u2019histoire, toujours, \u00e9largit le cercle des responsabilit\u00e9s. Elle ne s\u2019arr\u00eate pas \u00e0 ceux qui agissent ; elle inclut ceux qui permettent.<\/p>\n\n\n\n<p>\u00c0 Gaza, rien ne manque pour comprendre : les faits sont \u00e9tablis, les alertes lanc\u00e9es, les institutions saisies.<\/p>\n\n\n\n<p>Ce qui manque encore, c\u2019est autre chose \u2014 une d\u00e9cision, une rupture, un acte.<\/p>\n\n\n\n<p>Et une question demeure, nue, irr\u00e9ductible :<br>que feront, concr\u00e8tement, ceux qui ont le pouvoir d\u2019agir ?<\/p>\n\n\n\n<h2 class=\"wp-block-heading has-text-align-center\">Quelques statistiques officielles :<\/h2>\n\n\n\n<p><strong>H\u00f4pitaux <\/strong>(et structures de sant\u00e9)&nbsp;:<\/p>\n\n\n\n<p>Gaza comptait environ&nbsp;36 h\u00f4pitaux&nbsp;avant la guerre. Fin 2024\u20132025, la majorit\u00e9 ont \u00e9t\u00e9 endommag\u00e9s ou d\u00e9truits&nbsp;; seuls&nbsp;14 \u00e0 17 restaient partiellement fonctionnels.&nbsp;<\/p>\n\n\n\n<p>Plus de&nbsp;650 attaques contre des structures de sant\u00e9&nbsp;ont \u00e9t\u00e9 recens\u00e9es&nbsp;<\/p>\n\n\n\n<p>En clair : le syst\u00e8me hospitalier est&nbsp;quasi an\u00e9anti, plus que simplement <em>\u00abtouch\u00e9\u00bb<\/em>.<\/p>\n\n\n\n<p><strong>\u00c9coles et universit\u00e9s&nbsp;:<\/strong><\/p>\n\n\n\n<p>Environ&nbsp;778 \u00e9coles sur 815 (\u2248 95 %) endommag\u00e9es ou d\u00e9truites. Plus de&nbsp;90 % des b\u00e2timents scolaires touch\u00e9s. Des centaines d\u2019\u00e9tablissements sont&nbsp;totalement hors service Cela correspond \u00e0&nbsp;l\u2019effondrement quasi total du syst\u00e8me \u00e9ducatif.<\/p>\n\n\n\n<p><strong>Mosqu\u00e9es<\/strong> (et lieux religieux)<\/p>\n\n\n\n<p>Environ&nbsp;823 mosqu\u00e9es d\u00e9truites&nbsp;selon certaines \u00e9valuations. De nombreux autres lieux religieux (\u00e9glises, sites historiques) \u00e9galement endommag\u00e9s.&nbsp;Une part majeure du patrimoine religieux a \u00e9t\u00e9&nbsp;ras\u00e9e ou gravement touch\u00e9e.<\/p>\n\n\n\n<p><strong>Infrastructures&nbsp;:<\/strong><\/p>\n\n\n\n<p>80 \u00e0 90 % des b\u00e2timents de Gaza endommag\u00e9s ou d\u00e9truits. Plus de 102 000 b\u00e2timents totalement d\u00e9truits. 85 % des r\u00e9seaux d\u2019eau et d\u2019assainissement hors service. 62 % des routes d\u00e9truites. 80 % des infrastructures globales en ruines&nbsp;<\/p>\n\n\n\n<p>On parle ici d\u2019une destruction&nbsp;syst\u00e9mique.<\/p>\n","protected":false},"excerpt":{"rendered":"<p>Nommer la trag\u00e9die en Palestine ne suffit plus : il faut d\u00e9sormais en d\u00e9signer les auteurs et les complices. <\/p>\n","protected":false},"author":8,"featured_media":15572230,"comment_status":"open","ping_status":"open","sticky":false,"template":"","format":"standard","meta":{"footnotes":""},"categories":[992,997,1000,2433],"tags":[78944,128060,2444,111719,2478,4013,110519,4026],"class_list":["post-18701995","post","type-post","status-publish","format-standard","has-post-thumbnail","hentry","category-a-la-une","category-politique","category-tribune","category-tunisie","tag-benjamin-netanyahu","tag-dr-moez-ben-khemis","tag-gaza","tag-genocide","tag-israel","tag-nations-unies","tag-nettoyage-ethnique","tag-palestine"],"yoast_head":"<!-- This site is optimized with the Yoast SEO plugin v26.6 - https:\/\/yoast.com\/wordpress\/plugins\/seo\/ -->\n<title>Palestine | Les responsabilit\u00e9s du silence - Kapitalis<\/title>\n<meta name=\"description\" content=\"Nommer la trag\u00e9die en Palestine ne suffit plus : il faut d\u00e9sormais en d\u00e9signer les auteurs et les complices.\" \/>\n<meta name=\"robots\" content=\"index, follow, max-snippet:-1, max-image-preview:large, max-video-preview:-1\" \/>\n<link rel=\"canonical\" href=\"https:\/\/kapitalis.com\/tunisie\/2026\/04\/28\/palestine-les-responsabilites-du-silence\/\" \/>\n<meta property=\"og:locale\" content=\"fr_FR\" \/>\n<meta property=\"og:type\" content=\"article\" \/>\n<meta property=\"og:title\" content=\"Palestine | Les responsabilit\u00e9s du silence - Kapitalis\" \/>\n<meta property=\"og:description\" content=\"Nommer la trag\u00e9die en Palestine ne suffit plus : il faut d\u00e9sormais en d\u00e9signer les auteurs et les complices.\" \/>\n<meta property=\"og:url\" content=\"https:\/\/kapitalis.com\/tunisie\/2026\/04\/28\/palestine-les-responsabilites-du-silence\/\" \/>\n<meta property=\"og:site_name\" content=\"Kapitalis\" \/>\n<meta property=\"article:publisher\" content=\"https:\/\/www.facebook.com\/KapitalisInfo\/\" \/>\n<meta property=\"article:published_time\" content=\"2026-04-28T09:53:14+00:00\" \/>\n<meta property=\"article:modified_time\" content=\"2026-04-28T09:53:15+00:00\" \/>\n<meta property=\"og:image\" content=\"https:\/\/kapitalis.com\/tunisie\/wp-content\/uploads\/2025\/02\/Gaza-Detruite.jpg\" \/>\n\t<meta property=\"og:image:width\" content=\"1200\" \/>\n\t<meta property=\"og:image:height\" content=\"630\" \/>\n\t<meta property=\"og:image:type\" content=\"image\/jpeg\" \/>\n<meta name=\"author\" content=\"webmaster kapitalis\" \/>\n<meta name=\"twitter:card\" content=\"summary_large_image\" \/>\n<meta name=\"twitter:creator\" content=\"@KapitalisInfo\" \/>\n<meta name=\"twitter:site\" content=\"@KapitalisInfo\" \/>\n<meta name=\"twitter:label1\" content=\"\u00c9crit par\" \/>\n\t<meta name=\"twitter:data1\" content=\"webmaster kapitalis\" \/>\n\t<meta name=\"twitter:label2\" content=\"Dur\u00e9e de lecture estim\u00e9e\" \/>\n\t<meta name=\"twitter:data2\" content=\"6 minutes\" \/>\n<script type=\"application\/ld+json\" class=\"yoast-schema-graph\">{\"@context\":\"https:\/\/schema.org\",\"@graph\":[{\"@type\":\"Article\",\"@id\":\"https:\/\/kapitalis.com\/tunisie\/2026\/04\/28\/palestine-les-responsabilites-du-silence\/#article\",\"isPartOf\":{\"@id\":\"https:\/\/kapitalis.com\/tunisie\/2026\/04\/28\/palestine-les-responsabilites-du-silence\/\"},\"author\":{\"name\":\"webmaster kapitalis\",\"@id\":\"https:\/\/kapitalis.com\/tunisie\/#\/schema\/person\/d71f33a9ca44f7bad4698210b480c8e9\"},\"headline\":\"Palestine | Les responsabilit\u00e9s du silence\",\"datePublished\":\"2026-04-28T09:53:14+00:00\",\"dateModified\":\"2026-04-28T09:53:15+00:00\",\"mainEntityOfPage\":{\"@id\":\"https:\/\/kapitalis.com\/tunisie\/2026\/04\/28\/palestine-les-responsabilites-du-silence\/\"},\"wordCount\":1027,\"commentCount\":0,\"publisher\":{\"@id\":\"https:\/\/kapitalis.com\/tunisie\/#organization\"},\"image\":{\"@id\":\"https:\/\/kapitalis.com\/tunisie\/2026\/04\/28\/palestine-les-responsabilites-du-silence\/#primaryimage\"},\"thumbnailUrl\":\"https:\/\/kapitalis.com\/tunisie\/wp-content\/uploads\/2025\/02\/Gaza-Detruite.jpg\",\"keywords\":[\"Benjamin Netanyahu\",\"Dr Moez Ben Khemis\",\"Gaza\",\"g\u00e9nocide\",\"Isra\u00ebl\",\"Nations unies\",\"nettoyage ethnique\",\"Palestine\"],\"articleSection\":[\"A LA UNE\",\"POLITIQUE\",\"TRIBUNE\",\"Tunisie\"],\"inLanguage\":\"fr-FR\",\"potentialAction\":[{\"@type\":\"CommentAction\",\"name\":\"Comment\",\"target\":[\"https:\/\/kapitalis.com\/tunisie\/2026\/04\/28\/palestine-les-responsabilites-du-silence\/#respond\"]}]},{\"@type\":\"WebPage\",\"@id\":\"https:\/\/kapitalis.com\/tunisie\/2026\/04\/28\/palestine-les-responsabilites-du-silence\/\",\"url\":\"https:\/\/kapitalis.com\/tunisie\/2026\/04\/28\/palestine-les-responsabilites-du-silence\/\",\"name\":\"Palestine | Les responsabilit\u00e9s du silence - Kapitalis\",\"isPartOf\":{\"@id\":\"https:\/\/kapitalis.com\/tunisie\/#website\"},\"primaryImageOfPage\":{\"@id\":\"https:\/\/kapitalis.com\/tunisie\/2026\/04\/28\/palestine-les-responsabilites-du-silence\/#primaryimage\"},\"image\":{\"@id\":\"https:\/\/kapitalis.com\/tunisie\/2026\/04\/28\/palestine-les-responsabilites-du-silence\/#primaryimage\"},\"thumbnailUrl\":\"https:\/\/kapitalis.com\/tunisie\/wp-content\/uploads\/2025\/02\/Gaza-Detruite.jpg\",\"datePublished\":\"2026-04-28T09:53:14+00:00\",\"dateModified\":\"2026-04-28T09:53:15+00:00\",\"description\":\"Nommer la trag\u00e9die en Palestine ne suffit plus : il faut d\u00e9sormais en d\u00e9signer les auteurs et les complices.\",\"breadcrumb\":{\"@id\":\"https:\/\/kapitalis.com\/tunisie\/2026\/04\/28\/palestine-les-responsabilites-du-silence\/#breadcrumb\"},\"inLanguage\":\"fr-FR\",\"potentialAction\":[{\"@type\":\"ReadAction\",\"target\":[\"https:\/\/kapitalis.com\/tunisie\/2026\/04\/28\/palestine-les-responsabilites-du-silence\/\"]}]},{\"@type\":\"ImageObject\",\"inLanguage\":\"fr-FR\",\"@id\":\"https:\/\/kapitalis.com\/tunisie\/2026\/04\/28\/palestine-les-responsabilites-du-silence\/#primaryimage\",\"url\":\"https:\/\/kapitalis.com\/tunisie\/wp-content\/uploads\/2025\/02\/Gaza-Detruite.jpg\",\"contentUrl\":\"https:\/\/kapitalis.com\/tunisie\/wp-content\/uploads\/2025\/02\/Gaza-Detruite.jpg\",\"width\":1200,\"height\":630},{\"@type\":\"BreadcrumbList\",\"@id\":\"https:\/\/kapitalis.com\/tunisie\/2026\/04\/28\/palestine-les-responsabilites-du-silence\/#breadcrumb\",\"itemListElement\":[{\"@type\":\"ListItem\",\"position\":1,\"name\":\"Accueil\",\"item\":\"https:\/\/kapitalis.com\/tunisie\/\"},{\"@type\":\"ListItem\",\"position\":2,\"name\":\"Palestine | Les responsabilit\u00e9s du silence\"}]},{\"@type\":\"WebSite\",\"@id\":\"https:\/\/kapitalis.com\/tunisie\/#website\",\"url\":\"https:\/\/kapitalis.com\/tunisie\/\",\"name\":\"Kapitalis\",\"description\":\"L&#039;actualit\u00e9 en Tunisie et dans le monde\",\"publisher\":{\"@id\":\"https:\/\/kapitalis.com\/tunisie\/#organization\"},\"potentialAction\":[{\"@type\":\"SearchAction\",\"target\":{\"@type\":\"EntryPoint\",\"urlTemplate\":\"https:\/\/kapitalis.com\/tunisie\/?s={search_term_string}\"},\"query-input\":{\"@type\":\"PropertyValueSpecification\",\"valueRequired\":true,\"valueName\":\"search_term_string\"}}],\"inLanguage\":\"fr-FR\"},{\"@type\":\"Organization\",\"@id\":\"https:\/\/kapitalis.com\/tunisie\/#organization\",\"name\":\"Kapitalis\",\"url\":\"https:\/\/kapitalis.com\/tunisie\/\",\"logo\":{\"@type\":\"ImageObject\",\"inLanguage\":\"fr-FR\",\"@id\":\"https:\/\/kapitalis.com\/tunisie\/#\/schema\/logo\/image\/\",\"url\":\"https:\/\/kapitalis.com\/tunisie\/wp-content\/uploads\/2022\/05\/Kapitalis-big-size.png\",\"contentUrl\":\"https:\/\/kapitalis.com\/tunisie\/wp-content\/uploads\/2022\/05\/Kapitalis-big-size.png\",\"width\":5000,\"height\":1500,\"caption\":\"Kapitalis\"},\"image\":{\"@id\":\"https:\/\/kapitalis.com\/tunisie\/#\/schema\/logo\/image\/\"},\"sameAs\":[\"https:\/\/www.facebook.com\/KapitalisInfo\/\",\"https:\/\/x.com\/KapitalisInfo\",\"https:\/\/www.youtube.com\/channel\/UC-yDYrHyfFBWWZaOw3FPg9Q\"]},{\"@type\":\"Person\",\"@id\":\"https:\/\/kapitalis.com\/tunisie\/#\/schema\/person\/d71f33a9ca44f7bad4698210b480c8e9\",\"name\":\"webmaster kapitalis\",\"url\":\"https:\/\/kapitalis.com\/tunisie\/author\/webmaster-kapitalis\/\"}]}<\/script>\n<!-- \/ Yoast SEO plugin. -->","yoast_head_json":{"title":"Palestine | Les responsabilit\u00e9s du silence - Kapitalis","description":"Nommer la trag\u00e9die en Palestine ne suffit plus : il faut d\u00e9sormais en d\u00e9signer les auteurs et les complices.","robots":{"index":"index","follow":"follow","max-snippet":"max-snippet:-1","max-image-preview":"max-image-preview:large","max-video-preview":"max-video-preview:-1"},"canonical":"https:\/\/kapitalis.com\/tunisie\/2026\/04\/28\/palestine-les-responsabilites-du-silence\/","og_locale":"fr_FR","og_type":"article","og_title":"Palestine | Les responsabilit\u00e9s du silence - Kapitalis","og_description":"Nommer la trag\u00e9die en Palestine ne suffit plus : il faut d\u00e9sormais en d\u00e9signer les auteurs et les complices.","og_url":"https:\/\/kapitalis.com\/tunisie\/2026\/04\/28\/palestine-les-responsabilites-du-silence\/","og_site_name":"Kapitalis","article_publisher":"https:\/\/www.facebook.com\/KapitalisInfo\/","article_published_time":"2026-04-28T09:53:14+00:00","article_modified_time":"2026-04-28T09:53:15+00:00","og_image":[{"width":1200,"height":630,"url":"https:\/\/kapitalis.com\/tunisie\/wp-content\/uploads\/2025\/02\/Gaza-Detruite.jpg","type":"image\/jpeg"}],"author":"webmaster kapitalis","twitter_card":"summary_large_image","twitter_creator":"@KapitalisInfo","twitter_site":"@KapitalisInfo","twitter_misc":{"\u00c9crit par":"webmaster kapitalis","Dur\u00e9e de lecture estim\u00e9e":"6 minutes"},"schema":{"@context":"https:\/\/schema.org","@graph":[{"@type":"Article","@id":"https:\/\/kapitalis.com\/tunisie\/2026\/04\/28\/palestine-les-responsabilites-du-silence\/#article","isPartOf":{"@id":"https:\/\/kapitalis.com\/tunisie\/2026\/04\/28\/palestine-les-responsabilites-du-silence\/"},"author":{"name":"webmaster kapitalis","@id":"https:\/\/kapitalis.com\/tunisie\/#\/schema\/person\/d71f33a9ca44f7bad4698210b480c8e9"},"headline":"Palestine | Les responsabilit\u00e9s du silence","datePublished":"2026-04-28T09:53:14+00:00","dateModified":"2026-04-28T09:53:15+00:00","mainEntityOfPage":{"@id":"https:\/\/kapitalis.com\/tunisie\/2026\/04\/28\/palestine-les-responsabilites-du-silence\/"},"wordCount":1027,"commentCount":0,"publisher":{"@id":"https:\/\/kapitalis.com\/tunisie\/#organization"},"image":{"@id":"https:\/\/kapitalis.com\/tunisie\/2026\/04\/28\/palestine-les-responsabilites-du-silence\/#primaryimage"},"thumbnailUrl":"https:\/\/kapitalis.com\/tunisie\/wp-content\/uploads\/2025\/02\/Gaza-Detruite.jpg","keywords":["Benjamin Netanyahu","Dr Moez Ben Khemis","Gaza","g\u00e9nocide","Isra\u00ebl","Nations unies","nettoyage ethnique","Palestine"],"articleSection":["A LA UNE","POLITIQUE","TRIBUNE","Tunisie"],"inLanguage":"fr-FR","potentialAction":[{"@type":"CommentAction","name":"Comment","target":["https:\/\/kapitalis.com\/tunisie\/2026\/04\/28\/palestine-les-responsabilites-du-silence\/#respond"]}]},{"@type":"WebPage","@id":"https:\/\/kapitalis.com\/tunisie\/2026\/04\/28\/palestine-les-responsabilites-du-silence\/","url":"https:\/\/kapitalis.com\/tunisie\/2026\/04\/28\/palestine-les-responsabilites-du-silence\/","name":"Palestine | Les responsabilit\u00e9s du silence - Kapitalis","isPartOf":{"@id":"https:\/\/kapitalis.com\/tunisie\/#website"},"primaryImageOfPage":{"@id":"https:\/\/kapitalis.com\/tunisie\/2026\/04\/28\/palestine-les-responsabilites-du-silence\/#primaryimage"},"image":{"@id":"https:\/\/kapitalis.com\/tunisie\/2026\/04\/28\/palestine-les-responsabilites-du-silence\/#primaryimage"},"thumbnailUrl":"https:\/\/kapitalis.com\/tunisie\/wp-content\/uploads\/2025\/02\/Gaza-Detruite.jpg","datePublished":"2026-04-28T09:53:14+00:00","dateModified":"2026-04-28T09:53:15+00:00","description":"Nommer la trag\u00e9die en Palestine ne suffit plus : il faut d\u00e9sormais en d\u00e9signer les auteurs et les complices.","breadcrumb":{"@id":"https:\/\/kapitalis.com\/tunisie\/2026\/04\/28\/palestine-les-responsabilites-du-silence\/#breadcrumb"},"inLanguage":"fr-FR","potentialAction":[{"@type":"ReadAction","target":["https:\/\/kapitalis.com\/tunisie\/2026\/04\/28\/palestine-les-responsabilites-du-silence\/"]}]},{"@type":"ImageObject","inLanguage":"fr-FR","@id":"https:\/\/kapitalis.com\/tunisie\/2026\/04\/28\/palestine-les-responsabilites-du-silence\/#primaryimage","url":"https:\/\/kapitalis.com\/tunisie\/wp-content\/uploads\/2025\/02\/Gaza-Detruite.jpg","contentUrl":"https:\/\/kapitalis.com\/tunisie\/wp-content\/uploads\/2025\/02\/Gaza-Detruite.jpg","width":1200,"height":630},{"@type":"BreadcrumbList","@id":"https:\/\/kapitalis.com\/tunisie\/2026\/04\/28\/palestine-les-responsabilites-du-silence\/#breadcrumb","itemListElement":[{"@type":"ListItem","position":1,"name":"Accueil","item":"https:\/\/kapitalis.com\/tunisie\/"},{"@type":"ListItem","position":2,"name":"Palestine | Les responsabilit\u00e9s du silence"}]},{"@type":"WebSite","@id":"https:\/\/kapitalis.com\/tunisie\/#website","url":"https:\/\/kapitalis.com\/tunisie\/","name":"Kapitalis","description":"L&#039;actualit\u00e9 en Tunisie et dans le monde","publisher":{"@id":"https:\/\/kapitalis.com\/tunisie\/#organization"},"potentialAction":[{"@type":"SearchAction","target":{"@type":"EntryPoint","urlTemplate":"https:\/\/kapitalis.com\/tunisie\/?s={search_term_string}"},"query-input":{"@type":"PropertyValueSpecification","valueRequired":true,"valueName":"search_term_string"}}],"inLanguage":"fr-FR"},{"@type":"Organization","@id":"https:\/\/kapitalis.com\/tunisie\/#organization","name":"Kapitalis","url":"https:\/\/kapitalis.com\/tunisie\/","logo":{"@type":"ImageObject","inLanguage":"fr-FR","@id":"https:\/\/kapitalis.com\/tunisie\/#\/schema\/logo\/image\/","url":"https:\/\/kapitalis.com\/tunisie\/wp-content\/uploads\/2022\/05\/Kapitalis-big-size.png","contentUrl":"https:\/\/kapitalis.com\/tunisie\/wp-content\/uploads\/2022\/05\/Kapitalis-big-size.png","width":5000,"height":1500,"caption":"Kapitalis"},"image":{"@id":"https:\/\/kapitalis.com\/tunisie\/#\/schema\/logo\/image\/"},"sameAs":["https:\/\/www.facebook.com\/KapitalisInfo\/","https:\/\/x.com\/KapitalisInfo","https:\/\/www.youtube.com\/channel\/UC-yDYrHyfFBWWZaOw3FPg9Q"]},{"@type":"Person","@id":"https:\/\/kapitalis.com\/tunisie\/#\/schema\/person\/d71f33a9ca44f7bad4698210b480c8e9","name":"webmaster kapitalis","url":"https:\/\/kapitalis.com\/tunisie\/author\/webmaster-kapitalis\/"}]}},"_links":{"self":[{"href":"https:\/\/kapitalis.com\/tunisie\/wp-json\/wp\/v2\/posts\/18701995","targetHints":{"allow":["GET"]}}],"collection":[{"href":"https:\/\/kapitalis.com\/tunisie\/wp-json\/wp\/v2\/posts"}],"about":[{"href":"https:\/\/kapitalis.com\/tunisie\/wp-json\/wp\/v2\/types\/post"}],"author":[{"embeddable":true,"href":"https:\/\/kapitalis.com\/tunisie\/wp-json\/wp\/v2\/users\/8"}],"replies":[{"embeddable":true,"href":"https:\/\/kapitalis.com\/tunisie\/wp-json\/wp\/v2\/comments?post=18701995"}],"version-history":[{"count":1,"href":"https:\/\/kapitalis.com\/tunisie\/wp-json\/wp\/v2\/posts\/18701995\/revisions"}],"predecessor-version":[{"id":18702105,"href":"https:\/\/kapitalis.com\/tunisie\/wp-json\/wp\/v2\/posts\/18701995\/revisions\/18702105"}],"wp:featuredmedia":[{"embeddable":true,"href":"https:\/\/kapitalis.com\/tunisie\/wp-json\/wp\/v2\/media\/15572230"}],"wp:attachment":[{"href":"https:\/\/kapitalis.com\/tunisie\/wp-json\/wp\/v2\/media?parent=18701995"}],"wp:term":[{"taxonomy":"category","embeddable":true,"href":"https:\/\/kapitalis.com\/tunisie\/wp-json\/wp\/v2\/categories?post=18701995"},{"taxonomy":"post_tag","embeddable":true,"href":"https:\/\/kapitalis.com\/tunisie\/wp-json\/wp\/v2\/tags?post=18701995"}],"curies":[{"name":"wp","href":"https:\/\/api.w.org\/{rel}","templated":true}]}}