{"id":18702456,"date":"2026-04-28T12:59:43","date_gmt":"2026-04-28T11:59:43","guid":{"rendered":"https:\/\/kapitalis.com\/tunisie\/?p=18702456"},"modified":"2026-04-28T12:59:45","modified_gmt":"2026-04-28T11:59:45","slug":"felicitations-professeur-mehdi-ben-khemiss","status":"publish","type":"post","link":"https:\/\/kapitalis.com\/tunisie\/2026\/04\/28\/felicitations-professeur-mehdi-ben-khemiss\/","title":{"rendered":"F\u00e9licitations, Professeur Mehdi Ben Khemiss !"},"content":{"rendered":"\n<p><strong><em>Notre ami Dr Moez Ben Khemiss, contributeur de longue date \u00e0 Kapitalis, rend hommage dans ce billet \u00e0 son fr\u00e8re, Dr Mehdi Ben Khemiss, qui vient d\u2019\u00eatre officiellement nomm\u00e9, \u00e0 40 ans, professeur universitaire en m\u00e9decine dentaire (Jort du 24 avril 2026).<\/em><\/strong><\/p>\n\n\n\n<!--more-->\n\n\n\n<p>Aujourd\u2019hui, les mots h\u00e9sitent, comme s\u2019ils savaient d\u2019avance qu\u2019aucune phrase ne pourrait contenir pleinement la fiert\u00e9 et l\u2019\u00e9motion qui m\u2019habitent.<\/p>\n\n\n\n<p>Je tiens \u00e0 adresser \u00e0 mon fr\u00e8re, le Professeur Mehdi Khemiss, mes plus profondes f\u00e9licitations pour son accession au grade de Professeur universitaire en m\u00e9decine dentaire. Cette r\u00e9ussite n\u2019est pas seulement une \u00e9tape acad\u00e9mique : elle est l\u2019aboutissement d\u2019un chemin exigeant, patiemment construit dans la rigueur, l\u2019abn\u00e9gation et une passion intacte pour la science, la recherche&nbsp;et la transmission du savoir.&nbsp;<\/p>\n\n\n\n<p>Mais au-del\u00e0 du titre, il y a un choix. Un choix rare, presque silencieux, mais d\u2019une noblesse \u00e9clatante. Celui de rester en Tunisie, envers et contre les facilit\u00e9s d\u2019ailleurs, malgr\u00e9 les promesses s\u00e9duisantes et les routes toutes trac\u00e9es vers d\u2019autres horizons. Celui de rester fid\u00e8le \u00e0 l\u2019universit\u00e9 publique, non par d\u00e9faut, mais par conviction. Refuser l\u2019\u00e9clat du secteur lib\u00e9ral pour demeurer l\u00e0 o\u00f9 le savoir s\u2019enracine lentement, l\u00e0 o\u00f9 il se partage, l\u00e0 o\u00f9 il forme, l\u00e0 o\u00f9 il construit l\u2019avenir. Continuer d\u2019enseigner, inlassablement, non seulement la science, mais aussi des valeurs.<\/p>\n\n\n\n<p>Dans ce choix, il y a une fid\u00e9lit\u00e9 profonde \u00e0 une lign\u00e9e, \u00e0 une m\u00e9moire, \u00e0 une \u00e9thique.<\/p>\n\n\n\n<p>Ce parcours s\u2019\u00e9l\u00e8ve comme un hommage vivant \u00e0 notre d\u00e9funt p\u00e8re, le Professeur Abdelkader Ben Khemiss, \u00e9minent enseignant-chercheur&nbsp;en chimie organique, ancien opposant et ancien membre de l\u2019Assembl\u00e9e nationale constituante, dont la rigueur, l\u2019exigence et la droiture continuent de tracer, en silence, les lignes invisibles de nos vies. Son enseignement ne s\u2019est jamais \u00e9teint : il a simplement chang\u00e9 de voix. Et aujourd\u2019hui, il r\u00e9sonne \u00e0 travers toi.<\/p>\n\n\n\n<p>Il porte aussi l\u2019empreinte lumineuse de notre m\u00e8re, le Professeur Fathia Khemiss, dont la force discr\u00e8te, la patience et la confiance in\u00e9branlable ont \u00e9t\u00e9, et demeurent, un socle et une respiration dans ce long chemin.<\/p>\n\n\n\n<p>Ainsi, ce moment n\u2019est pas seulement une cons\u00e9cration individuelle. Il est une continuit\u00e9. Celle d\u2019une histoire familiale tiss\u00e9e de savoir, de transmission et de d\u00e9vouement, o\u00f9 l\u2019enseignement n\u2019est pas un m\u00e9tier, mais une forme de fid\u00e9lit\u00e9 \u00e0 la vie.<\/p>\n\n\n\n<p>F\u00e9licitations, Professeur Mehdi.<\/p>\n\n\n\n<p>Que ta route continue d\u2019avancer avec cette m\u00eame lumi\u00e8re calme et d\u00e9termin\u00e9e, et qu\u2019elle continue, surtout, d\u2019\u00e9clairer ceux qui viendront apr\u00e8s nous.<\/p>\n\n\n\n<p class=\"has-text-align-right\"><strong>Dr Moez Ben Khemiss<\/strong><\/p>\n","protected":false},"excerpt":{"rendered":"<p>Dr Mehdi Ben Khemiss officiellement nomm\u00e9, \u00e0 40 ans, professeur universitaire en m\u00e9decine dentaire (Jort du 24 avril 2026).<\/p>\n","protected":false},"author":8,"featured_media":18702621,"comment_status":"open","ping_status":"open","sticky":false,"template":"","format":"standard","meta":{"footnotes":""},"categories":[998,2433],"tags":[128061,128062,128063],"class_list":["post-18702456","post","type-post","status-publish","format-standard","has-post-thumbnail","hentry","category-societe","category-tunisie","tag-abdelkader-ben-khemiss","tag-mehdi-ben-khemiss","tag-moez-ben-khemiss"],"yoast_head":"<!-- This site is optimized with the Yoast SEO plugin v26.6 - https:\/\/yoast.com\/wordpress\/plugins\/seo\/ -->\n<title>F\u00e9licitations, Professeur Mehdi Ben Khemiss ! - Kapitalis<\/title>\n<meta name=\"description\" content=\"Dr Mehdi Ben Khemiss officiellement nomm\u00e9, \u00e0 40 ans, professeur universitaire en m\u00e9decine dentaire (Jort du 24 avril 2026).\" \/>\n<meta name=\"robots\" content=\"index, follow, max-snippet:-1, max-image-preview:large, max-video-preview:-1\" \/>\n<link rel=\"canonical\" href=\"https:\/\/kapitalis.com\/tunisie\/2026\/04\/28\/felicitations-professeur-mehdi-ben-khemiss\/\" \/>\n<meta property=\"og:locale\" content=\"fr_FR\" \/>\n<meta property=\"og:type\" content=\"article\" \/>\n<meta property=\"og:title\" content=\"F\u00e9licitations, Professeur Mehdi Ben Khemiss ! - Kapitalis\" \/>\n<meta property=\"og:description\" content=\"Dr Mehdi Ben Khemiss officiellement nomm\u00e9, \u00e0 40 ans, professeur universitaire en m\u00e9decine dentaire (Jort du 24 avril 2026).\" \/>\n<meta property=\"og:url\" content=\"https:\/\/kapitalis.com\/tunisie\/2026\/04\/28\/felicitations-professeur-mehdi-ben-khemiss\/\" \/>\n<meta property=\"og:site_name\" content=\"Kapitalis\" \/>\n<meta property=\"article:publisher\" content=\"https:\/\/www.facebook.com\/KapitalisInfo\/\" \/>\n<meta property=\"article:published_time\" content=\"2026-04-28T11:59:43+00:00\" \/>\n<meta property=\"article:modified_time\" content=\"2026-04-28T11:59:45+00:00\" \/>\n<meta property=\"og:image\" content=\"https:\/\/kapitalis.com\/tunisie\/wp-content\/uploads\/2026\/04\/Mehdi-Ben-Khemiss.jpg\" \/>\n\t<meta property=\"og:image:width\" content=\"1200\" \/>\n\t<meta property=\"og:image:height\" content=\"630\" \/>\n\t<meta property=\"og:image:type\" content=\"image\/jpeg\" \/>\n<meta name=\"author\" content=\"webmaster kapitalis\" \/>\n<meta name=\"twitter:card\" content=\"summary_large_image\" \/>\n<meta name=\"twitter:creator\" content=\"@KapitalisInfo\" \/>\n<meta name=\"twitter:site\" content=\"@KapitalisInfo\" \/>\n<meta name=\"twitter:label1\" content=\"\u00c9crit par\" \/>\n\t<meta name=\"twitter:data1\" content=\"webmaster kapitalis\" \/>\n\t<meta name=\"twitter:label2\" content=\"Dur\u00e9e de lecture estim\u00e9e\" \/>\n\t<meta name=\"twitter:data2\" content=\"3 minutes\" \/>\n<script type=\"application\/ld+json\" class=\"yoast-schema-graph\">{\"@context\":\"https:\/\/schema.org\",\"@graph\":[{\"@type\":\"Article\",\"@id\":\"https:\/\/kapitalis.com\/tunisie\/2026\/04\/28\/felicitations-professeur-mehdi-ben-khemiss\/#article\",\"isPartOf\":{\"@id\":\"https:\/\/kapitalis.com\/tunisie\/2026\/04\/28\/felicitations-professeur-mehdi-ben-khemiss\/\"},\"author\":{\"name\":\"webmaster kapitalis\",\"@id\":\"https:\/\/kapitalis.com\/tunisie\/#\/schema\/person\/d71f33a9ca44f7bad4698210b480c8e9\"},\"headline\":\"F\u00e9licitations, Professeur Mehdi Ben Khemiss !\",\"datePublished\":\"2026-04-28T11:59:43+00:00\",\"dateModified\":\"2026-04-28T11:59:45+00:00\",\"mainEntityOfPage\":{\"@id\":\"https:\/\/kapitalis.com\/tunisie\/2026\/04\/28\/felicitations-professeur-mehdi-ben-khemiss\/\"},\"wordCount\":465,\"commentCount\":0,\"publisher\":{\"@id\":\"https:\/\/kapitalis.com\/tunisie\/#organization\"},\"image\":{\"@id\":\"https:\/\/kapitalis.com\/tunisie\/2026\/04\/28\/felicitations-professeur-mehdi-ben-khemiss\/#primaryimage\"},\"thumbnailUrl\":\"https:\/\/kapitalis.com\/tunisie\/wp-content\/uploads\/2026\/04\/Mehdi-Ben-Khemiss.jpg\",\"keywords\":[\"Abdelkader Ben Khemiss\",\"Mehdi Ben Khemiss\",\"Moez Ben Khemiss\"],\"articleSection\":[\"SOCIETE\",\"Tunisie\"],\"inLanguage\":\"fr-FR\",\"potentialAction\":[{\"@type\":\"CommentAction\",\"name\":\"Comment\",\"target\":[\"https:\/\/kapitalis.com\/tunisie\/2026\/04\/28\/felicitations-professeur-mehdi-ben-khemiss\/#respond\"]}]},{\"@type\":\"WebPage\",\"@id\":\"https:\/\/kapitalis.com\/tunisie\/2026\/04\/28\/felicitations-professeur-mehdi-ben-khemiss\/\",\"url\":\"https:\/\/kapitalis.com\/tunisie\/2026\/04\/28\/felicitations-professeur-mehdi-ben-khemiss\/\",\"name\":\"F\u00e9licitations, Professeur Mehdi Ben Khemiss ! - Kapitalis\",\"isPartOf\":{\"@id\":\"https:\/\/kapitalis.com\/tunisie\/#website\"},\"primaryImageOfPage\":{\"@id\":\"https:\/\/kapitalis.com\/tunisie\/2026\/04\/28\/felicitations-professeur-mehdi-ben-khemiss\/#primaryimage\"},\"image\":{\"@id\":\"https:\/\/kapitalis.com\/tunisie\/2026\/04\/28\/felicitations-professeur-mehdi-ben-khemiss\/#primaryimage\"},\"thumbnailUrl\":\"https:\/\/kapitalis.com\/tunisie\/wp-content\/uploads\/2026\/04\/Mehdi-Ben-Khemiss.jpg\",\"datePublished\":\"2026-04-28T11:59:43+00:00\",\"dateModified\":\"2026-04-28T11:59:45+00:00\",\"description\":\"Dr Mehdi Ben Khemiss officiellement nomm\u00e9, \u00e0 40 ans, professeur universitaire en m\u00e9decine dentaire (Jort du 24 avril 2026).\",\"breadcrumb\":{\"@id\":\"https:\/\/kapitalis.com\/tunisie\/2026\/04\/28\/felicitations-professeur-mehdi-ben-khemiss\/#breadcrumb\"},\"inLanguage\":\"fr-FR\",\"potentialAction\":[{\"@type\":\"ReadAction\",\"target\":[\"https:\/\/kapitalis.com\/tunisie\/2026\/04\/28\/felicitations-professeur-mehdi-ben-khemiss\/\"]}]},{\"@type\":\"ImageObject\",\"inLanguage\":\"fr-FR\",\"@id\":\"https:\/\/kapitalis.com\/tunisie\/2026\/04\/28\/felicitations-professeur-mehdi-ben-khemiss\/#primaryimage\",\"url\":\"https:\/\/kapitalis.com\/tunisie\/wp-content\/uploads\/2026\/04\/Mehdi-Ben-Khemiss.jpg\",\"contentUrl\":\"https:\/\/kapitalis.com\/tunisie\/wp-content\/uploads\/2026\/04\/Mehdi-Ben-Khemiss.jpg\",\"width\":1200,\"height\":630},{\"@type\":\"BreadcrumbList\",\"@id\":\"https:\/\/kapitalis.com\/tunisie\/2026\/04\/28\/felicitations-professeur-mehdi-ben-khemiss\/#breadcrumb\",\"itemListElement\":[{\"@type\":\"ListItem\",\"position\":1,\"name\":\"Accueil\",\"item\":\"https:\/\/kapitalis.com\/tunisie\/\"},{\"@type\":\"ListItem\",\"position\":2,\"name\":\"F\u00e9licitations, Professeur Mehdi Ben Khemiss !\"}]},{\"@type\":\"WebSite\",\"@id\":\"https:\/\/kapitalis.com\/tunisie\/#website\",\"url\":\"https:\/\/kapitalis.com\/tunisie\/\",\"name\":\"Kapitalis\",\"description\":\"L&#039;actualit\u00e9 en Tunisie et dans le monde\",\"publisher\":{\"@id\":\"https:\/\/kapitalis.com\/tunisie\/#organization\"},\"potentialAction\":[{\"@type\":\"SearchAction\",\"target\":{\"@type\":\"EntryPoint\",\"urlTemplate\":\"https:\/\/kapitalis.com\/tunisie\/?s={search_term_string}\"},\"query-input\":{\"@type\":\"PropertyValueSpecification\",\"valueRequired\":true,\"valueName\":\"search_term_string\"}}],\"inLanguage\":\"fr-FR\"},{\"@type\":\"Organization\",\"@id\":\"https:\/\/kapitalis.com\/tunisie\/#organization\",\"name\":\"Kapitalis\",\"url\":\"https:\/\/kapitalis.com\/tunisie\/\",\"logo\":{\"@type\":\"ImageObject\",\"inLanguage\":\"fr-FR\",\"@id\":\"https:\/\/kapitalis.com\/tunisie\/#\/schema\/logo\/image\/\",\"url\":\"https:\/\/kapitalis.com\/tunisie\/wp-content\/uploads\/2022\/05\/Kapitalis-big-size.png\",\"contentUrl\":\"https:\/\/kapitalis.com\/tunisie\/wp-content\/uploads\/2022\/05\/Kapitalis-big-size.png\",\"width\":5000,\"height\":1500,\"caption\":\"Kapitalis\"},\"image\":{\"@id\":\"https:\/\/kapitalis.com\/tunisie\/#\/schema\/logo\/image\/\"},\"sameAs\":[\"https:\/\/www.facebook.com\/KapitalisInfo\/\",\"https:\/\/x.com\/KapitalisInfo\",\"https:\/\/www.youtube.com\/channel\/UC-yDYrHyfFBWWZaOw3FPg9Q\"]},{\"@type\":\"Person\",\"@id\":\"https:\/\/kapitalis.com\/tunisie\/#\/schema\/person\/d71f33a9ca44f7bad4698210b480c8e9\",\"name\":\"webmaster kapitalis\",\"url\":\"https:\/\/kapitalis.com\/tunisie\/author\/webmaster-kapitalis\/\"}]}<\/script>\n<!-- \/ Yoast SEO plugin. -->","yoast_head_json":{"title":"F\u00e9licitations, Professeur Mehdi Ben Khemiss ! - Kapitalis","description":"Dr Mehdi Ben Khemiss officiellement nomm\u00e9, \u00e0 40 ans, professeur universitaire en m\u00e9decine dentaire (Jort du 24 avril 2026).","robots":{"index":"index","follow":"follow","max-snippet":"max-snippet:-1","max-image-preview":"max-image-preview:large","max-video-preview":"max-video-preview:-1"},"canonical":"https:\/\/kapitalis.com\/tunisie\/2026\/04\/28\/felicitations-professeur-mehdi-ben-khemiss\/","og_locale":"fr_FR","og_type":"article","og_title":"F\u00e9licitations, Professeur Mehdi Ben Khemiss ! - Kapitalis","og_description":"Dr Mehdi Ben Khemiss officiellement nomm\u00e9, \u00e0 40 ans, professeur universitaire en m\u00e9decine dentaire (Jort du 24 avril 2026).","og_url":"https:\/\/kapitalis.com\/tunisie\/2026\/04\/28\/felicitations-professeur-mehdi-ben-khemiss\/","og_site_name":"Kapitalis","article_publisher":"https:\/\/www.facebook.com\/KapitalisInfo\/","article_published_time":"2026-04-28T11:59:43+00:00","article_modified_time":"2026-04-28T11:59:45+00:00","og_image":[{"width":1200,"height":630,"url":"https:\/\/kapitalis.com\/tunisie\/wp-content\/uploads\/2026\/04\/Mehdi-Ben-Khemiss.jpg","type":"image\/jpeg"}],"author":"webmaster kapitalis","twitter_card":"summary_large_image","twitter_creator":"@KapitalisInfo","twitter_site":"@KapitalisInfo","twitter_misc":{"\u00c9crit par":"webmaster kapitalis","Dur\u00e9e de lecture estim\u00e9e":"3 minutes"},"schema":{"@context":"https:\/\/schema.org","@graph":[{"@type":"Article","@id":"https:\/\/kapitalis.com\/tunisie\/2026\/04\/28\/felicitations-professeur-mehdi-ben-khemiss\/#article","isPartOf":{"@id":"https:\/\/kapitalis.com\/tunisie\/2026\/04\/28\/felicitations-professeur-mehdi-ben-khemiss\/"},"author":{"name":"webmaster kapitalis","@id":"https:\/\/kapitalis.com\/tunisie\/#\/schema\/person\/d71f33a9ca44f7bad4698210b480c8e9"},"headline":"F\u00e9licitations, Professeur Mehdi Ben Khemiss !","datePublished":"2026-04-28T11:59:43+00:00","dateModified":"2026-04-28T11:59:45+00:00","mainEntityOfPage":{"@id":"https:\/\/kapitalis.com\/tunisie\/2026\/04\/28\/felicitations-professeur-mehdi-ben-khemiss\/"},"wordCount":465,"commentCount":0,"publisher":{"@id":"https:\/\/kapitalis.com\/tunisie\/#organization"},"image":{"@id":"https:\/\/kapitalis.com\/tunisie\/2026\/04\/28\/felicitations-professeur-mehdi-ben-khemiss\/#primaryimage"},"thumbnailUrl":"https:\/\/kapitalis.com\/tunisie\/wp-content\/uploads\/2026\/04\/Mehdi-Ben-Khemiss.jpg","keywords":["Abdelkader Ben Khemiss","Mehdi Ben Khemiss","Moez Ben Khemiss"],"articleSection":["SOCIETE","Tunisie"],"inLanguage":"fr-FR","potentialAction":[{"@type":"CommentAction","name":"Comment","target":["https:\/\/kapitalis.com\/tunisie\/2026\/04\/28\/felicitations-professeur-mehdi-ben-khemiss\/#respond"]}]},{"@type":"WebPage","@id":"https:\/\/kapitalis.com\/tunisie\/2026\/04\/28\/felicitations-professeur-mehdi-ben-khemiss\/","url":"https:\/\/kapitalis.com\/tunisie\/2026\/04\/28\/felicitations-professeur-mehdi-ben-khemiss\/","name":"F\u00e9licitations, Professeur Mehdi Ben Khemiss ! - Kapitalis","isPartOf":{"@id":"https:\/\/kapitalis.com\/tunisie\/#website"},"primaryImageOfPage":{"@id":"https:\/\/kapitalis.com\/tunisie\/2026\/04\/28\/felicitations-professeur-mehdi-ben-khemiss\/#primaryimage"},"image":{"@id":"https:\/\/kapitalis.com\/tunisie\/2026\/04\/28\/felicitations-professeur-mehdi-ben-khemiss\/#primaryimage"},"thumbnailUrl":"https:\/\/kapitalis.com\/tunisie\/wp-content\/uploads\/2026\/04\/Mehdi-Ben-Khemiss.jpg","datePublished":"2026-04-28T11:59:43+00:00","dateModified":"2026-04-28T11:59:45+00:00","description":"Dr Mehdi Ben Khemiss officiellement nomm\u00e9, \u00e0 40 ans, professeur universitaire en m\u00e9decine dentaire (Jort du 24 avril 2026).","breadcrumb":{"@id":"https:\/\/kapitalis.com\/tunisie\/2026\/04\/28\/felicitations-professeur-mehdi-ben-khemiss\/#breadcrumb"},"inLanguage":"fr-FR","potentialAction":[{"@type":"ReadAction","target":["https:\/\/kapitalis.com\/tunisie\/2026\/04\/28\/felicitations-professeur-mehdi-ben-khemiss\/"]}]},{"@type":"ImageObject","inLanguage":"fr-FR","@id":"https:\/\/kapitalis.com\/tunisie\/2026\/04\/28\/felicitations-professeur-mehdi-ben-khemiss\/#primaryimage","url":"https:\/\/kapitalis.com\/tunisie\/wp-content\/uploads\/2026\/04\/Mehdi-Ben-Khemiss.jpg","contentUrl":"https:\/\/kapitalis.com\/tunisie\/wp-content\/uploads\/2026\/04\/Mehdi-Ben-Khemiss.jpg","width":1200,"height":630},{"@type":"BreadcrumbList","@id":"https:\/\/kapitalis.com\/tunisie\/2026\/04\/28\/felicitations-professeur-mehdi-ben-khemiss\/#breadcrumb","itemListElement":[{"@type":"ListItem","position":1,"name":"Accueil","item":"https:\/\/kapitalis.com\/tunisie\/"},{"@type":"ListItem","position":2,"name":"F\u00e9licitations, Professeur Mehdi Ben Khemiss !"}]},{"@type":"WebSite","@id":"https:\/\/kapitalis.com\/tunisie\/#website","url":"https:\/\/kapitalis.com\/tunisie\/","name":"Kapitalis","description":"L&#039;actualit\u00e9 en Tunisie et dans le monde","publisher":{"@id":"https:\/\/kapitalis.com\/tunisie\/#organization"},"potentialAction":[{"@type":"SearchAction","target":{"@type":"EntryPoint","urlTemplate":"https:\/\/kapitalis.com\/tunisie\/?s={search_term_string}"},"query-input":{"@type":"PropertyValueSpecification","valueRequired":true,"valueName":"search_term_string"}}],"inLanguage":"fr-FR"},{"@type":"Organization","@id":"https:\/\/kapitalis.com\/tunisie\/#organization","name":"Kapitalis","url":"https:\/\/kapitalis.com\/tunisie\/","logo":{"@type":"ImageObject","inLanguage":"fr-FR","@id":"https:\/\/kapitalis.com\/tunisie\/#\/schema\/logo\/image\/","url":"https:\/\/kapitalis.com\/tunisie\/wp-content\/uploads\/2022\/05\/Kapitalis-big-size.png","contentUrl":"https:\/\/kapitalis.com\/tunisie\/wp-content\/uploads\/2022\/05\/Kapitalis-big-size.png","width":5000,"height":1500,"caption":"Kapitalis"},"image":{"@id":"https:\/\/kapitalis.com\/tunisie\/#\/schema\/logo\/image\/"},"sameAs":["https:\/\/www.facebook.com\/KapitalisInfo\/","https:\/\/x.com\/KapitalisInfo","https:\/\/www.youtube.com\/channel\/UC-yDYrHyfFBWWZaOw3FPg9Q"]},{"@type":"Person","@id":"https:\/\/kapitalis.com\/tunisie\/#\/schema\/person\/d71f33a9ca44f7bad4698210b480c8e9","name":"webmaster kapitalis","url":"https:\/\/kapitalis.com\/tunisie\/author\/webmaster-kapitalis\/"}]}},"_links":{"self":[{"href":"https:\/\/kapitalis.com\/tunisie\/wp-json\/wp\/v2\/posts\/18702456","targetHints":{"allow":["GET"]}}],"collection":[{"href":"https:\/\/kapitalis.com\/tunisie\/wp-json\/wp\/v2\/posts"}],"about":[{"href":"https:\/\/kapitalis.com\/tunisie\/wp-json\/wp\/v2\/types\/post"}],"author":[{"embeddable":true,"href":"https:\/\/kapitalis.com\/tunisie\/wp-json\/wp\/v2\/users\/8"}],"replies":[{"embeddable":true,"href":"https:\/\/kapitalis.com\/tunisie\/wp-json\/wp\/v2\/comments?post=18702456"}],"version-history":[{"count":1,"href":"https:\/\/kapitalis.com\/tunisie\/wp-json\/wp\/v2\/posts\/18702456\/revisions"}],"predecessor-version":[{"id":18702629,"href":"https:\/\/kapitalis.com\/tunisie\/wp-json\/wp\/v2\/posts\/18702456\/revisions\/18702629"}],"wp:featuredmedia":[{"embeddable":true,"href":"https:\/\/kapitalis.com\/tunisie\/wp-json\/wp\/v2\/media\/18702621"}],"wp:attachment":[{"href":"https:\/\/kapitalis.com\/tunisie\/wp-json\/wp\/v2\/media?parent=18702456"}],"wp:term":[{"taxonomy":"category","embeddable":true,"href":"https:\/\/kapitalis.com\/tunisie\/wp-json\/wp\/v2\/categories?post=18702456"},{"taxonomy":"post_tag","embeddable":true,"href":"https:\/\/kapitalis.com\/tunisie\/wp-json\/wp\/v2\/tags?post=18702456"}],"curies":[{"name":"wp","href":"https:\/\/api.w.org\/{rel}","templated":true}]}}