{"id":1870315,"date":"2022-06-30T11:41:31","date_gmt":"2022-06-30T10:41:31","guid":{"rendered":"https:\/\/kapitalis.com\/tunisie\/?p=1870315"},"modified":"2022-06-30T11:41:33","modified_gmt":"2022-06-30T10:41:33","slug":"tunisie-raja-jabri-craint-un-tres-faible-taux-de-participation-au-referendum","status":"publish","type":"post","link":"https:\/\/kapitalis.com\/tunisie\/2022\/06\/30\/tunisie-raja-jabri-craint-un-tres-faible-taux-de-participation-au-referendum\/","title":{"rendered":"Tunisie\u00a0: Raja Jabri craint un tr\u00e8s faible taux de participation au r\u00e9f\u00e9rendum"},"content":{"rendered":"\n<p><strong><em>La pr\u00e9sidente du r\u00e9seau Mourakiboun, sp\u00e9cialis\u00e9 dans l&rsquo;observation \u00e9lectorale, Raja Jabri, pr\u00e9voit un tr\u00e8s faible taux de participation au r\u00e9f\u00e9rendum du 25 juillet 2022 sur la nouvelle constitution \u00e9labor\u00e9e par un groupe de constitutionnalistes sous la supervision du pr\u00e9sident de la r\u00e9publique Ka\u00efs Sa\u00efed.<\/em><\/strong><\/p>\n\n\n\n<!--more-->\n\n\n\n<p>Mme Jabri a indiqu\u00e9 que la r\u00e9ticence des \u00e9lecteurs tunisiens augmente d&rsquo;une \u00e9lection \u00e0 l&rsquo;autre, et qu&rsquo;elle devrait atteindre un taux \u00e9lev\u00e9 lors du r\u00e9f\u00e9rendum du 25 juillet, d&rsquo;autant plus que le processus r\u00e9f\u00e9rendaire n&rsquo;a pas \u00e9t\u00e9 accompagn\u00e9 d&rsquo;une campagne visant \u00e0 orienter et \u00e0 sensibiliser les \u00e9lecteurs sur le processus d&rsquo;inscription et de mise \u00e0 jour des listes \u00e9lectorales. Pour ne rien arranger, le r\u00e9f\u00e9rendum aura lieu apr\u00e8s un assez long week-end et au plus fort de la saison des chaleurs en Tunisie, durant laquelle les Tunisiens sont g\u00e9n\u00e9ralement occup\u00e9s par les vacances et les f\u00eates familiales, mariages et autres.<\/p>\n\n\n\n<figure class=\"wp-block-embed is-type-wp-embed is-provider-kapitalis wp-block-embed-kapitalis\"><div class=\"wp-block-embed__wrapper\">\n<blockquote class=\"wp-embedded-content\" data-secret=\"RQhLsa4wr7\"><a href=\"https:\/\/kapitalis.com\/tunisie\/2022\/06\/30\/tunisie-referendum-populaire-ou-passage-en-force\/\">Tunisie\u00a0: r\u00e9f\u00e9rendum populaire ou passage en force\u00a0?<\/a><\/blockquote><iframe loading=\"lazy\" class=\"wp-embedded-content\" sandbox=\"allow-scripts\" security=\"restricted\" style=\"position: absolute; clip: rect(1px, 1px, 1px, 1px);\" title=\"\u00ab\u00a0Tunisie\u00a0: r\u00e9f\u00e9rendum populaire ou passage en force\u00a0?\u00a0\u00bb &#8212; Kapitalis\" src=\"https:\/\/kapitalis.com\/tunisie\/2022\/06\/30\/tunisie-referendum-populaire-ou-passage-en-force\/embed\/#?secret=4qaDPOJskb#?secret=RQhLsa4wr7\" data-secret=\"RQhLsa4wr7\" width=\"600\" height=\"338\" frameborder=\"0\" marginwidth=\"0\" marginheight=\"0\" scrolling=\"no\"><\/iframe>\n<\/div><\/figure>\n\n\n\n<p>Mme Jabri a estim\u00e9 que la participation d&rsquo;observateurs tunisiens et \u00e9trangers \u00e0 l&rsquo;observation des bureaux \u00e9lectoraux en Tunisie repr\u00e9sente un soutien \u00e0 l&rsquo;ensemble du processus, notant que l\u2019article 4 de la loi \u00e9lectorale autorise la participation des observateurs internationaux, mais le retard enregistr\u00e9 dans la publication du d\u00e9cret pr\u00e9sidentiel convoquant les \u00e9lecteurs et l&rsquo;annonce \u00e9galement tardive du calendrier r\u00e9f\u00e9rendaire n&rsquo;ont pas permis aux observateurs internationaux d&rsquo;organiser leurs missions suffisamment \u00e0 l\u2019avance.<\/p>\n\n\n\n<p>Mme Jabri a indiqu\u00e9 que la contradiction entre d\u2019un c\u00f4t\u00e9, les d\u00e9clarations ambigu\u00ebs du pr\u00e9sident de la r\u00e9publique concernant les observateurs internationaux et notamment la Commission de Venise, et de l\u2019autre, celles de l\u2019Instance sup\u00e9rieure ind\u00e9pendante pour les \u00e9lections (Isie), affirmant accepter des observateurs internationaux, a laiss\u00e9 penser qu\u2019il y aurait des obstacles \u00e0 faire accr\u00e9diter des observateurs internationaux.<\/p>\n\n\n\n<figure class=\"wp-block-embed is-type-wp-embed is-provider-kapitalis wp-block-embed-kapitalis\"><div class=\"wp-block-embed__wrapper\">\n<blockquote class=\"wp-embedded-content\" data-secret=\"gKU7thltIA\"><a href=\"https:\/\/kapitalis.com\/tunisie\/2022\/06\/20\/tunisie-les-opposants-au-referendum-du-25-juillet-fourbissent-leurs-armes\/\">Tunisie\u00a0: les opposants au r\u00e9f\u00e9rendum du 25 juillet fourbissent leurs armes<\/a><\/blockquote><iframe loading=\"lazy\" class=\"wp-embedded-content\" sandbox=\"allow-scripts\" security=\"restricted\" style=\"position: absolute; clip: rect(1px, 1px, 1px, 1px);\" title=\"\u00ab\u00a0Tunisie\u00a0: les opposants au r\u00e9f\u00e9rendum du 25 juillet fourbissent leurs armes\u00a0\u00bb &#8212; Kapitalis\" src=\"https:\/\/kapitalis.com\/tunisie\/2022\/06\/20\/tunisie-les-opposants-au-referendum-du-25-juillet-fourbissent-leurs-armes\/embed\/#?secret=zCUVo80SGx#?secret=gKU7thltIA\" data-secret=\"gKU7thltIA\" width=\"600\" height=\"338\" frameborder=\"0\" marginwidth=\"0\" marginheight=\"0\" scrolling=\"no\"><\/iframe>\n<\/div><\/figure>\n\n\n\n<p>La pr\u00e9sidente du r\u00e9seau Mourakiboun a aussi indiqu\u00e9 que son organisation a soumis \u00e0 l\u2019Instance \u00e9lectorale les demandes d&rsquo;accr\u00e9ditation des observateurs, et toutes ont \u00e9t\u00e9 accept\u00e9es.<\/p>\n\n\n\n<p>Cependant, un taux de participation tr\u00e8s faible et l\u2019absence d\u2019observateurs internationaux pourraient r\u00e9duire la cr\u00e9dibilit\u00e9 du r\u00e9sultat final, d\u2019autant que l\u2019opposition est en train de faire campagne pour le boycottage. &nbsp;<\/p>\n\n\n\n<p class=\"has-text-align-right\"><strong>I. B.<\/strong><\/p>\n","protected":false},"excerpt":{"rendered":"<p>Raja Jabri, pr\u00e9voit un tr\u00e8s faible taux de participation au r\u00e9f\u00e9rendum du 25 juillet 2022 sur la nouvelle constitution en Tunisie. <\/p>\n","protected":false},"author":8,"featured_media":1870372,"comment_status":"open","ping_status":"open","sticky":false,"template":"","format":"standard","meta":{"footnotes":""},"categories":[997,2433],"tags":[101075,499,76012,101076,101074,99694,98121,62643],"class_list":["post-1870315","post","type-post","status-publish","format-standard","has-post-thumbnail","hentry","category-politique","category-tunisie","tag-calendrier-referendaire","tag-isie","tag-kais-saied-2","tag-observateurs-internationaux","tag-raja-jabri","tag-referendum-du-25-juillet","tag-reseau-mourakiboun","tag-tunisie"],"yoast_head":"<!-- This site is optimized with the Yoast SEO plugin v26.6 - https:\/\/yoast.com\/wordpress\/plugins\/seo\/ -->\n<title>Tunisie\u00a0: Raja Jabri craint un tr\u00e8s faible taux de participation au r\u00e9f\u00e9rendum - Kapitalis<\/title>\n<meta name=\"robots\" content=\"index, follow, max-snippet:-1, max-image-preview:large, max-video-preview:-1\" \/>\n<link rel=\"canonical\" href=\"https:\/\/kapitalis.com\/tunisie\/2022\/06\/30\/tunisie-raja-jabri-craint-un-tres-faible-taux-de-participation-au-referendum\/\" \/>\n<meta property=\"og:locale\" content=\"fr_FR\" \/>\n<meta property=\"og:type\" content=\"article\" \/>\n<meta property=\"og:title\" content=\"Tunisie\u00a0: Raja Jabri craint un tr\u00e8s faible taux de participation au r\u00e9f\u00e9rendum - Kapitalis\" \/>\n<meta property=\"og:description\" content=\"Raja Jabri, pr\u00e9voit un tr\u00e8s faible taux de participation au r\u00e9f\u00e9rendum du 25 juillet 2022 sur la nouvelle constitution en Tunisie.\" \/>\n<meta property=\"og:url\" content=\"https:\/\/kapitalis.com\/tunisie\/2022\/06\/30\/tunisie-raja-jabri-craint-un-tres-faible-taux-de-participation-au-referendum\/\" \/>\n<meta property=\"og:site_name\" content=\"Kapitalis\" \/>\n<meta property=\"article:publisher\" content=\"https:\/\/www.facebook.com\/KapitalisInfo\/\" \/>\n<meta property=\"article:published_time\" content=\"2022-06-30T10:41:31+00:00\" \/>\n<meta property=\"article:modified_time\" content=\"2022-06-30T10:41:33+00:00\" \/>\n<meta property=\"og:image\" content=\"https:\/\/kapitalis.com\/tunisie\/wp-content\/uploads\/2022\/06\/Raja-Jabri.jpg\" \/>\n\t<meta property=\"og:image:width\" content=\"1200\" \/>\n\t<meta property=\"og:image:height\" content=\"630\" \/>\n\t<meta property=\"og:image:type\" content=\"image\/jpeg\" \/>\n<meta name=\"author\" content=\"webmaster kapitalis\" \/>\n<meta name=\"twitter:card\" content=\"summary_large_image\" \/>\n<meta name=\"twitter:creator\" content=\"@KapitalisInfo\" \/>\n<meta name=\"twitter:site\" content=\"@KapitalisInfo\" \/>\n<meta name=\"twitter:label1\" content=\"\u00c9crit par\" \/>\n\t<meta name=\"twitter:data1\" content=\"webmaster kapitalis\" \/>\n\t<meta name=\"twitter:label2\" content=\"Dur\u00e9e de lecture estim\u00e9e\" \/>\n\t<meta name=\"twitter:data2\" content=\"2 minutes\" \/>\n<script type=\"application\/ld+json\" class=\"yoast-schema-graph\">{\"@context\":\"https:\/\/schema.org\",\"@graph\":[{\"@type\":\"Article\",\"@id\":\"https:\/\/kapitalis.com\/tunisie\/2022\/06\/30\/tunisie-raja-jabri-craint-un-tres-faible-taux-de-participation-au-referendum\/#article\",\"isPartOf\":{\"@id\":\"https:\/\/kapitalis.com\/tunisie\/2022\/06\/30\/tunisie-raja-jabri-craint-un-tres-faible-taux-de-participation-au-referendum\/\"},\"author\":{\"name\":\"webmaster kapitalis\",\"@id\":\"https:\/\/kapitalis.com\/tunisie\/#\/schema\/person\/d71f33a9ca44f7bad4698210b480c8e9\"},\"headline\":\"Tunisie\u00a0: Raja Jabri craint un tr\u00e8s faible taux de participation au r\u00e9f\u00e9rendum\",\"datePublished\":\"2022-06-30T10:41:31+00:00\",\"dateModified\":\"2022-06-30T10:41:33+00:00\",\"mainEntityOfPage\":{\"@id\":\"https:\/\/kapitalis.com\/tunisie\/2022\/06\/30\/tunisie-raja-jabri-craint-un-tres-faible-taux-de-participation-au-referendum\/\"},\"wordCount\":403,\"commentCount\":3,\"publisher\":{\"@id\":\"https:\/\/kapitalis.com\/tunisie\/#organization\"},\"image\":{\"@id\":\"https:\/\/kapitalis.com\/tunisie\/2022\/06\/30\/tunisie-raja-jabri-craint-un-tres-faible-taux-de-participation-au-referendum\/#primaryimage\"},\"thumbnailUrl\":\"https:\/\/kapitalis.com\/tunisie\/wp-content\/uploads\/2022\/06\/Raja-Jabri.jpg\",\"keywords\":[\"calendrier r\u00e9f\u00e9rendaire\",\"Isie\",\"Ka\u00efs Sa\u00efed\",\"observateurs internationaux\",\"Raja Jabri\",\"r\u00e9f\u00e9rendum du 25 juillet\",\"r\u00e9seau Mourakiboun\",\"Tunisie\"],\"articleSection\":[\"POLITIQUE\",\"Tunisie\"],\"inLanguage\":\"fr-FR\",\"potentialAction\":[{\"@type\":\"CommentAction\",\"name\":\"Comment\",\"target\":[\"https:\/\/kapitalis.com\/tunisie\/2022\/06\/30\/tunisie-raja-jabri-craint-un-tres-faible-taux-de-participation-au-referendum\/#respond\"]}]},{\"@type\":\"WebPage\",\"@id\":\"https:\/\/kapitalis.com\/tunisie\/2022\/06\/30\/tunisie-raja-jabri-craint-un-tres-faible-taux-de-participation-au-referendum\/\",\"url\":\"https:\/\/kapitalis.com\/tunisie\/2022\/06\/30\/tunisie-raja-jabri-craint-un-tres-faible-taux-de-participation-au-referendum\/\",\"name\":\"Tunisie\u00a0: Raja Jabri craint un tr\u00e8s faible taux de participation au r\u00e9f\u00e9rendum - Kapitalis\",\"isPartOf\":{\"@id\":\"https:\/\/kapitalis.com\/tunisie\/#website\"},\"primaryImageOfPage\":{\"@id\":\"https:\/\/kapitalis.com\/tunisie\/2022\/06\/30\/tunisie-raja-jabri-craint-un-tres-faible-taux-de-participation-au-referendum\/#primaryimage\"},\"image\":{\"@id\":\"https:\/\/kapitalis.com\/tunisie\/2022\/06\/30\/tunisie-raja-jabri-craint-un-tres-faible-taux-de-participation-au-referendum\/#primaryimage\"},\"thumbnailUrl\":\"https:\/\/kapitalis.com\/tunisie\/wp-content\/uploads\/2022\/06\/Raja-Jabri.jpg\",\"datePublished\":\"2022-06-30T10:41:31+00:00\",\"dateModified\":\"2022-06-30T10:41:33+00:00\",\"breadcrumb\":{\"@id\":\"https:\/\/kapitalis.com\/tunisie\/2022\/06\/30\/tunisie-raja-jabri-craint-un-tres-faible-taux-de-participation-au-referendum\/#breadcrumb\"},\"inLanguage\":\"fr-FR\",\"potentialAction\":[{\"@type\":\"ReadAction\",\"target\":[\"https:\/\/kapitalis.com\/tunisie\/2022\/06\/30\/tunisie-raja-jabri-craint-un-tres-faible-taux-de-participation-au-referendum\/\"]}]},{\"@type\":\"ImageObject\",\"inLanguage\":\"fr-FR\",\"@id\":\"https:\/\/kapitalis.com\/tunisie\/2022\/06\/30\/tunisie-raja-jabri-craint-un-tres-faible-taux-de-participation-au-referendum\/#primaryimage\",\"url\":\"https:\/\/kapitalis.com\/tunisie\/wp-content\/uploads\/2022\/06\/Raja-Jabri.jpg\",\"contentUrl\":\"https:\/\/kapitalis.com\/tunisie\/wp-content\/uploads\/2022\/06\/Raja-Jabri.jpg\",\"width\":1200,\"height\":630},{\"@type\":\"BreadcrumbList\",\"@id\":\"https:\/\/kapitalis.com\/tunisie\/2022\/06\/30\/tunisie-raja-jabri-craint-un-tres-faible-taux-de-participation-au-referendum\/#breadcrumb\",\"itemListElement\":[{\"@type\":\"ListItem\",\"position\":1,\"name\":\"Accueil\",\"item\":\"https:\/\/kapitalis.com\/tunisie\/\"},{\"@type\":\"ListItem\",\"position\":2,\"name\":\"Tunisie\u00a0: Raja Jabri craint un tr\u00e8s faible taux de participation au r\u00e9f\u00e9rendum\"}]},{\"@type\":\"WebSite\",\"@id\":\"https:\/\/kapitalis.com\/tunisie\/#website\",\"url\":\"https:\/\/kapitalis.com\/tunisie\/\",\"name\":\"Kapitalis\",\"description\":\"L&#039;actualit\u00e9 en Tunisie et dans le monde\",\"publisher\":{\"@id\":\"https:\/\/kapitalis.com\/tunisie\/#organization\"},\"potentialAction\":[{\"@type\":\"SearchAction\",\"target\":{\"@type\":\"EntryPoint\",\"urlTemplate\":\"https:\/\/kapitalis.com\/tunisie\/?s={search_term_string}\"},\"query-input\":{\"@type\":\"PropertyValueSpecification\",\"valueRequired\":true,\"valueName\":\"search_term_string\"}}],\"inLanguage\":\"fr-FR\"},{\"@type\":\"Organization\",\"@id\":\"https:\/\/kapitalis.com\/tunisie\/#organization\",\"name\":\"Kapitalis\",\"url\":\"https:\/\/kapitalis.com\/tunisie\/\",\"logo\":{\"@type\":\"ImageObject\",\"inLanguage\":\"fr-FR\",\"@id\":\"https:\/\/kapitalis.com\/tunisie\/#\/schema\/logo\/image\/\",\"url\":\"https:\/\/kapitalis.com\/tunisie\/wp-content\/uploads\/2022\/05\/Kapitalis-big-size.png\",\"contentUrl\":\"https:\/\/kapitalis.com\/tunisie\/wp-content\/uploads\/2022\/05\/Kapitalis-big-size.png\",\"width\":5000,\"height\":1500,\"caption\":\"Kapitalis\"},\"image\":{\"@id\":\"https:\/\/kapitalis.com\/tunisie\/#\/schema\/logo\/image\/\"},\"sameAs\":[\"https:\/\/www.facebook.com\/KapitalisInfo\/\",\"https:\/\/x.com\/KapitalisInfo\",\"https:\/\/www.youtube.com\/channel\/UC-yDYrHyfFBWWZaOw3FPg9Q\"]},{\"@type\":\"Person\",\"@id\":\"https:\/\/kapitalis.com\/tunisie\/#\/schema\/person\/d71f33a9ca44f7bad4698210b480c8e9\",\"name\":\"webmaster kapitalis\",\"url\":\"https:\/\/kapitalis.com\/tunisie\/author\/webmaster-kapitalis\/\"}]}<\/script>\n<!-- \/ Yoast SEO plugin. -->","yoast_head_json":{"title":"Tunisie\u00a0: Raja Jabri craint un tr\u00e8s faible taux de participation au r\u00e9f\u00e9rendum - Kapitalis","robots":{"index":"index","follow":"follow","max-snippet":"max-snippet:-1","max-image-preview":"max-image-preview:large","max-video-preview":"max-video-preview:-1"},"canonical":"https:\/\/kapitalis.com\/tunisie\/2022\/06\/30\/tunisie-raja-jabri-craint-un-tres-faible-taux-de-participation-au-referendum\/","og_locale":"fr_FR","og_type":"article","og_title":"Tunisie\u00a0: Raja Jabri craint un tr\u00e8s faible taux de participation au r\u00e9f\u00e9rendum - Kapitalis","og_description":"Raja Jabri, pr\u00e9voit un tr\u00e8s faible taux de participation au r\u00e9f\u00e9rendum du 25 juillet 2022 sur la nouvelle constitution en Tunisie.","og_url":"https:\/\/kapitalis.com\/tunisie\/2022\/06\/30\/tunisie-raja-jabri-craint-un-tres-faible-taux-de-participation-au-referendum\/","og_site_name":"Kapitalis","article_publisher":"https:\/\/www.facebook.com\/KapitalisInfo\/","article_published_time":"2022-06-30T10:41:31+00:00","article_modified_time":"2022-06-30T10:41:33+00:00","og_image":[{"width":1200,"height":630,"url":"https:\/\/kapitalis.com\/tunisie\/wp-content\/uploads\/2022\/06\/Raja-Jabri.jpg","type":"image\/jpeg"}],"author":"webmaster kapitalis","twitter_card":"summary_large_image","twitter_creator":"@KapitalisInfo","twitter_site":"@KapitalisInfo","twitter_misc":{"\u00c9crit par":"webmaster kapitalis","Dur\u00e9e de lecture estim\u00e9e":"2 minutes"},"schema":{"@context":"https:\/\/schema.org","@graph":[{"@type":"Article","@id":"https:\/\/kapitalis.com\/tunisie\/2022\/06\/30\/tunisie-raja-jabri-craint-un-tres-faible-taux-de-participation-au-referendum\/#article","isPartOf":{"@id":"https:\/\/kapitalis.com\/tunisie\/2022\/06\/30\/tunisie-raja-jabri-craint-un-tres-faible-taux-de-participation-au-referendum\/"},"author":{"name":"webmaster kapitalis","@id":"https:\/\/kapitalis.com\/tunisie\/#\/schema\/person\/d71f33a9ca44f7bad4698210b480c8e9"},"headline":"Tunisie\u00a0: Raja Jabri craint un tr\u00e8s faible taux de participation au r\u00e9f\u00e9rendum","datePublished":"2022-06-30T10:41:31+00:00","dateModified":"2022-06-30T10:41:33+00:00","mainEntityOfPage":{"@id":"https:\/\/kapitalis.com\/tunisie\/2022\/06\/30\/tunisie-raja-jabri-craint-un-tres-faible-taux-de-participation-au-referendum\/"},"wordCount":403,"commentCount":3,"publisher":{"@id":"https:\/\/kapitalis.com\/tunisie\/#organization"},"image":{"@id":"https:\/\/kapitalis.com\/tunisie\/2022\/06\/30\/tunisie-raja-jabri-craint-un-tres-faible-taux-de-participation-au-referendum\/#primaryimage"},"thumbnailUrl":"https:\/\/kapitalis.com\/tunisie\/wp-content\/uploads\/2022\/06\/Raja-Jabri.jpg","keywords":["calendrier r\u00e9f\u00e9rendaire","Isie","Ka\u00efs Sa\u00efed","observateurs internationaux","Raja Jabri","r\u00e9f\u00e9rendum du 25 juillet","r\u00e9seau Mourakiboun","Tunisie"],"articleSection":["POLITIQUE","Tunisie"],"inLanguage":"fr-FR","potentialAction":[{"@type":"CommentAction","name":"Comment","target":["https:\/\/kapitalis.com\/tunisie\/2022\/06\/30\/tunisie-raja-jabri-craint-un-tres-faible-taux-de-participation-au-referendum\/#respond"]}]},{"@type":"WebPage","@id":"https:\/\/kapitalis.com\/tunisie\/2022\/06\/30\/tunisie-raja-jabri-craint-un-tres-faible-taux-de-participation-au-referendum\/","url":"https:\/\/kapitalis.com\/tunisie\/2022\/06\/30\/tunisie-raja-jabri-craint-un-tres-faible-taux-de-participation-au-referendum\/","name":"Tunisie\u00a0: Raja Jabri craint un tr\u00e8s faible taux de participation au r\u00e9f\u00e9rendum - Kapitalis","isPartOf":{"@id":"https:\/\/kapitalis.com\/tunisie\/#website"},"primaryImageOfPage":{"@id":"https:\/\/kapitalis.com\/tunisie\/2022\/06\/30\/tunisie-raja-jabri-craint-un-tres-faible-taux-de-participation-au-referendum\/#primaryimage"},"image":{"@id":"https:\/\/kapitalis.com\/tunisie\/2022\/06\/30\/tunisie-raja-jabri-craint-un-tres-faible-taux-de-participation-au-referendum\/#primaryimage"},"thumbnailUrl":"https:\/\/kapitalis.com\/tunisie\/wp-content\/uploads\/2022\/06\/Raja-Jabri.jpg","datePublished":"2022-06-30T10:41:31+00:00","dateModified":"2022-06-30T10:41:33+00:00","breadcrumb":{"@id":"https:\/\/kapitalis.com\/tunisie\/2022\/06\/30\/tunisie-raja-jabri-craint-un-tres-faible-taux-de-participation-au-referendum\/#breadcrumb"},"inLanguage":"fr-FR","potentialAction":[{"@type":"ReadAction","target":["https:\/\/kapitalis.com\/tunisie\/2022\/06\/30\/tunisie-raja-jabri-craint-un-tres-faible-taux-de-participation-au-referendum\/"]}]},{"@type":"ImageObject","inLanguage":"fr-FR","@id":"https:\/\/kapitalis.com\/tunisie\/2022\/06\/30\/tunisie-raja-jabri-craint-un-tres-faible-taux-de-participation-au-referendum\/#primaryimage","url":"https:\/\/kapitalis.com\/tunisie\/wp-content\/uploads\/2022\/06\/Raja-Jabri.jpg","contentUrl":"https:\/\/kapitalis.com\/tunisie\/wp-content\/uploads\/2022\/06\/Raja-Jabri.jpg","width":1200,"height":630},{"@type":"BreadcrumbList","@id":"https:\/\/kapitalis.com\/tunisie\/2022\/06\/30\/tunisie-raja-jabri-craint-un-tres-faible-taux-de-participation-au-referendum\/#breadcrumb","itemListElement":[{"@type":"ListItem","position":1,"name":"Accueil","item":"https:\/\/kapitalis.com\/tunisie\/"},{"@type":"ListItem","position":2,"name":"Tunisie\u00a0: Raja Jabri craint un tr\u00e8s faible taux de participation au r\u00e9f\u00e9rendum"}]},{"@type":"WebSite","@id":"https:\/\/kapitalis.com\/tunisie\/#website","url":"https:\/\/kapitalis.com\/tunisie\/","name":"Kapitalis","description":"L&#039;actualit\u00e9 en Tunisie et dans le monde","publisher":{"@id":"https:\/\/kapitalis.com\/tunisie\/#organization"},"potentialAction":[{"@type":"SearchAction","target":{"@type":"EntryPoint","urlTemplate":"https:\/\/kapitalis.com\/tunisie\/?s={search_term_string}"},"query-input":{"@type":"PropertyValueSpecification","valueRequired":true,"valueName":"search_term_string"}}],"inLanguage":"fr-FR"},{"@type":"Organization","@id":"https:\/\/kapitalis.com\/tunisie\/#organization","name":"Kapitalis","url":"https:\/\/kapitalis.com\/tunisie\/","logo":{"@type":"ImageObject","inLanguage":"fr-FR","@id":"https:\/\/kapitalis.com\/tunisie\/#\/schema\/logo\/image\/","url":"https:\/\/kapitalis.com\/tunisie\/wp-content\/uploads\/2022\/05\/Kapitalis-big-size.png","contentUrl":"https:\/\/kapitalis.com\/tunisie\/wp-content\/uploads\/2022\/05\/Kapitalis-big-size.png","width":5000,"height":1500,"caption":"Kapitalis"},"image":{"@id":"https:\/\/kapitalis.com\/tunisie\/#\/schema\/logo\/image\/"},"sameAs":["https:\/\/www.facebook.com\/KapitalisInfo\/","https:\/\/x.com\/KapitalisInfo","https:\/\/www.youtube.com\/channel\/UC-yDYrHyfFBWWZaOw3FPg9Q"]},{"@type":"Person","@id":"https:\/\/kapitalis.com\/tunisie\/#\/schema\/person\/d71f33a9ca44f7bad4698210b480c8e9","name":"webmaster kapitalis","url":"https:\/\/kapitalis.com\/tunisie\/author\/webmaster-kapitalis\/"}]}},"_links":{"self":[{"href":"https:\/\/kapitalis.com\/tunisie\/wp-json\/wp\/v2\/posts\/1870315","targetHints":{"allow":["GET"]}}],"collection":[{"href":"https:\/\/kapitalis.com\/tunisie\/wp-json\/wp\/v2\/posts"}],"about":[{"href":"https:\/\/kapitalis.com\/tunisie\/wp-json\/wp\/v2\/types\/post"}],"author":[{"embeddable":true,"href":"https:\/\/kapitalis.com\/tunisie\/wp-json\/wp\/v2\/users\/8"}],"replies":[{"embeddable":true,"href":"https:\/\/kapitalis.com\/tunisie\/wp-json\/wp\/v2\/comments?post=1870315"}],"version-history":[{"count":0,"href":"https:\/\/kapitalis.com\/tunisie\/wp-json\/wp\/v2\/posts\/1870315\/revisions"}],"wp:featuredmedia":[{"embeddable":true,"href":"https:\/\/kapitalis.com\/tunisie\/wp-json\/wp\/v2\/media\/1870372"}],"wp:attachment":[{"href":"https:\/\/kapitalis.com\/tunisie\/wp-json\/wp\/v2\/media?parent=1870315"}],"wp:term":[{"taxonomy":"category","embeddable":true,"href":"https:\/\/kapitalis.com\/tunisie\/wp-json\/wp\/v2\/categories?post=1870315"},{"taxonomy":"post_tag","embeddable":true,"href":"https:\/\/kapitalis.com\/tunisie\/wp-json\/wp\/v2\/tags?post=1870315"}],"curies":[{"name":"wp","href":"https:\/\/api.w.org\/{rel}","templated":true}]}}