{"id":187032,"date":"2018-12-03T17:01:09","date_gmt":"2018-12-03T16:01:09","guid":{"rendered":"http:\/\/kapitalis.com\/tunisie\/?p=187032"},"modified":"2018-12-03T17:03:03","modified_gmt":"2018-12-03T16:03:03","slug":"la-police-de-proximite-sera-bientot-generalisee-en-tunisie","status":"publish","type":"post","link":"https:\/\/kapitalis.com\/tunisie\/2018\/12\/03\/la-police-de-proximite-sera-bientot-generalisee-en-tunisie\/","title":{"rendered":"La police de proximit\u00e9 sera bient\u00f4t g\u00e9n\u00e9ralis\u00e9e en Tunisie"},"content":{"rendered":"<p style=\"text-align: center;\"><img loading=\"lazy\" decoding=\"async\" class=\"alignnone size-full wp-image-187035\" src=\"http:\/\/kapitalis.com\/tunisie\/wp-content\/uploads\/2018\/12\/Rached-Beta\u00efeb-DG-de-la-s\u00fbret\u00e9-nationale-.jpg\" alt=\"\" width=\"626\" height=\"380\" \/><\/p>\n<p style=\"text-align: center;\"><em>Rached Beta\u00efeb, directeur g\u00e9n\u00e9ral de la s\u00fbret\u00e9 nationale.<\/em><\/p>\n<p><em><strong>La police de proximit\u00e9, dont la cr\u00e9ation il y a\u00a05 ans a \u00e9t\u00e9 l&rsquo;<\/strong><\/em><em><strong>une des r\u00e9formes phares de l\u2019institution s\u00e9curitaire, sera bient\u00f4t pr\u00e9sente partout en Tunisie.<\/strong><\/em><!--more--><\/p>\n<p>C\u2019est ce qu\u2019a indiqu\u00e9 le minist\u00e8re de l\u2019Int\u00e9rieur aujourd\u2019hui, lundi 3 d\u00e9cembre 2018, lors du colloque international sur la police de proximit\u00e9, qui se tient aujourd\u2019hui et demain, \u00e0 Tunis, sous le slogan \u00ab<em>Partenariat, efficacit\u00e9 et dialogue<\/em>\u00bb<\/p>\n<p>Cette police a \u00e9t\u00e9 d\u00e9ploy\u00e9e \u00e0 partir de 2013 dans une dizaine de commissariats. Sa mise en place a n\u00e9cessit\u00e9 des formations sp\u00e9cifiques, dans le cadre d&rsquo;une collaboration du Programme des Nations Unies pour le d\u00e9veloppement (Pnud), et en partenariat avec plusieurs pays, notamment la Norv\u00e8ge, la Belgique, les \u00c9tats-Unis, la Grande-Bretagne et le Canada.<\/p>\n<p>L\u2019exp\u00e9rience a port\u00e9 ses fruits, annonce fi\u00e8rement Rached Beta\u00efeb, directeur g\u00e9n\u00e9ral de la s\u00fbret\u00e9 nationale, \u00e0 l&rsquo;ouverture du colloque, en ajoutant que cette r\u00e9ussite a justifi\u00e9 le d\u00e9ploiement de ce corps de s\u00e9curit\u00e9 dans toutes les r\u00e9gions. Des commissariats de police de proximit\u00e9 sont ainsi install\u00e9s partout en vue d&rsquo;un meilleur \u00e9change entre les citoyens et les agents de s\u00e9curit\u00e9.<\/p>\n<p>L&rsquo;adoption de ce concept s&rsquo;inscrit dans la transition politique en cours en Tunisie, qui privil\u00e9gie la proximit\u00e9 bas\u00e9e sur la participation et le respect mutuel. Le but est de donner une nouvelle image de la police tunisienne et de son r\u00f4le dans la construction d&rsquo;une soci\u00e9t\u00e9 d\u00e9mocratique.<\/p>\n<p style=\"text-align: right;\"><strong>Y. N.<\/strong><\/p>\n","protected":false},"excerpt":{"rendered":"<p>Rached Beta\u00efeb, directeur g\u00e9n\u00e9ral de la s\u00fbret\u00e9 nationale. La police de proximit\u00e9, dont la cr\u00e9ation il y a\u00a05 ans a \u00e9t\u00e9 l&rsquo;une des r\u00e9formes phares de l\u2019institution s\u00e9curitaire, sera bient\u00f4t pr\u00e9sente partout en Tunisie.<\/p>\n","protected":false},"author":6,"featured_media":187035,"comment_status":"open","ping_status":"open","sticky":false,"template":"","format":"standard","meta":{"footnotes":""},"categories":[998,2433],"tags":[12298,1661,8114],"class_list":["post-187032","post","type-post","status-publish","format-standard","has-post-thumbnail","hentry","category-societe","category-tunisie","tag-citoyen","tag-securitaire","tag-surete-nationale"],"yoast_head":"<!-- This site is optimized with the Yoast SEO plugin v26.6 - https:\/\/yoast.com\/wordpress\/plugins\/seo\/ -->\n<title>La police de proximit\u00e9 sera bient\u00f4t g\u00e9n\u00e9ralis\u00e9e en Tunisie - Kapitalis<\/title>\n<meta name=\"robots\" content=\"index, follow, max-snippet:-1, max-image-preview:large, max-video-preview:-1\" \/>\n<link rel=\"canonical\" href=\"https:\/\/kapitalis.com\/tunisie\/2018\/12\/03\/la-police-de-proximite-sera-bientot-generalisee-en-tunisie\/\" \/>\n<meta property=\"og:locale\" content=\"fr_FR\" \/>\n<meta property=\"og:type\" content=\"article\" \/>\n<meta property=\"og:title\" content=\"La police de proximit\u00e9 sera bient\u00f4t g\u00e9n\u00e9ralis\u00e9e en Tunisie - Kapitalis\" \/>\n<meta property=\"og:description\" content=\"Rached Beta\u00efeb, directeur g\u00e9n\u00e9ral de la s\u00fbret\u00e9 nationale. La police de proximit\u00e9, dont la cr\u00e9ation il y a\u00a05 ans a \u00e9t\u00e9 l&rsquo;une des r\u00e9formes phares de l\u2019institution s\u00e9curitaire, sera bient\u00f4t pr\u00e9sente partout en Tunisie.\" \/>\n<meta property=\"og:url\" content=\"https:\/\/kapitalis.com\/tunisie\/2018\/12\/03\/la-police-de-proximite-sera-bientot-generalisee-en-tunisie\/\" \/>\n<meta property=\"og:site_name\" content=\"Kapitalis\" \/>\n<meta property=\"article:publisher\" content=\"https:\/\/www.facebook.com\/KapitalisInfo\/\" \/>\n<meta property=\"article:published_time\" content=\"2018-12-03T16:01:09+00:00\" \/>\n<meta property=\"article:modified_time\" content=\"2018-12-03T16:03:03+00:00\" \/>\n<meta property=\"og:image\" content=\"https:\/\/kapitalis.com\/tunisie\/wp-content\/uploads\/2022\/05\/kapitalis-logo-fb.png\" \/>\n\t<meta property=\"og:image:width\" content=\"1200\" \/>\n\t<meta property=\"og:image:height\" content=\"630\" \/>\n\t<meta property=\"og:image:type\" content=\"image\/png\" \/>\n<meta name=\"author\" content=\"Yusra NY\" \/>\n<meta name=\"twitter:card\" content=\"summary_large_image\" \/>\n<meta name=\"twitter:creator\" content=\"@KapitalisInfo\" \/>\n<meta name=\"twitter:site\" content=\"@KapitalisInfo\" \/>\n<meta name=\"twitter:label1\" content=\"\u00c9crit par\" \/>\n\t<meta name=\"twitter:data1\" content=\"Yusra NY\" \/>\n\t<meta name=\"twitter:label2\" content=\"Dur\u00e9e de lecture estim\u00e9e\" \/>\n\t<meta name=\"twitter:data2\" content=\"1 minute\" \/>\n<script type=\"application\/ld+json\" class=\"yoast-schema-graph\">{\"@context\":\"https:\/\/schema.org\",\"@graph\":[{\"@type\":\"Article\",\"@id\":\"https:\/\/kapitalis.com\/tunisie\/2018\/12\/03\/la-police-de-proximite-sera-bientot-generalisee-en-tunisie\/#article\",\"isPartOf\":{\"@id\":\"https:\/\/kapitalis.com\/tunisie\/2018\/12\/03\/la-police-de-proximite-sera-bientot-generalisee-en-tunisie\/\"},\"author\":{\"name\":\"Yusra NY\",\"@id\":\"https:\/\/kapitalis.com\/tunisie\/#\/schema\/person\/74bbde0154d49d790a92aaeac5bc01d5\"},\"headline\":\"La police de proximit\u00e9 sera bient\u00f4t g\u00e9n\u00e9ralis\u00e9e en Tunisie\",\"datePublished\":\"2018-12-03T16:01:09+00:00\",\"dateModified\":\"2018-12-03T16:03:03+00:00\",\"mainEntityOfPage\":{\"@id\":\"https:\/\/kapitalis.com\/tunisie\/2018\/12\/03\/la-police-de-proximite-sera-bientot-generalisee-en-tunisie\/\"},\"wordCount\":285,\"commentCount\":0,\"publisher\":{\"@id\":\"https:\/\/kapitalis.com\/tunisie\/#organization\"},\"image\":{\"@id\":\"https:\/\/kapitalis.com\/tunisie\/2018\/12\/03\/la-police-de-proximite-sera-bientot-generalisee-en-tunisie\/#primaryimage\"},\"thumbnailUrl\":\"\",\"keywords\":[\"citoyen\",\"s\u00e9curitaire\",\"s\u00fbret\u00e9 nationale\"],\"articleSection\":[\"SOCIETE\",\"Tunisie\"],\"inLanguage\":\"fr-FR\",\"potentialAction\":[{\"@type\":\"CommentAction\",\"name\":\"Comment\",\"target\":[\"https:\/\/kapitalis.com\/tunisie\/2018\/12\/03\/la-police-de-proximite-sera-bientot-generalisee-en-tunisie\/#respond\"]}]},{\"@type\":\"WebPage\",\"@id\":\"https:\/\/kapitalis.com\/tunisie\/2018\/12\/03\/la-police-de-proximite-sera-bientot-generalisee-en-tunisie\/\",\"url\":\"https:\/\/kapitalis.com\/tunisie\/2018\/12\/03\/la-police-de-proximite-sera-bientot-generalisee-en-tunisie\/\",\"name\":\"La police de proximit\u00e9 sera bient\u00f4t g\u00e9n\u00e9ralis\u00e9e en Tunisie - Kapitalis\",\"isPartOf\":{\"@id\":\"https:\/\/kapitalis.com\/tunisie\/#website\"},\"primaryImageOfPage\":{\"@id\":\"https:\/\/kapitalis.com\/tunisie\/2018\/12\/03\/la-police-de-proximite-sera-bientot-generalisee-en-tunisie\/#primaryimage\"},\"image\":{\"@id\":\"https:\/\/kapitalis.com\/tunisie\/2018\/12\/03\/la-police-de-proximite-sera-bientot-generalisee-en-tunisie\/#primaryimage\"},\"thumbnailUrl\":\"\",\"datePublished\":\"2018-12-03T16:01:09+00:00\",\"dateModified\":\"2018-12-03T16:03:03+00:00\",\"breadcrumb\":{\"@id\":\"https:\/\/kapitalis.com\/tunisie\/2018\/12\/03\/la-police-de-proximite-sera-bientot-generalisee-en-tunisie\/#breadcrumb\"},\"inLanguage\":\"fr-FR\",\"potentialAction\":[{\"@type\":\"ReadAction\",\"target\":[\"https:\/\/kapitalis.com\/tunisie\/2018\/12\/03\/la-police-de-proximite-sera-bientot-generalisee-en-tunisie\/\"]}]},{\"@type\":\"ImageObject\",\"inLanguage\":\"fr-FR\",\"@id\":\"https:\/\/kapitalis.com\/tunisie\/2018\/12\/03\/la-police-de-proximite-sera-bientot-generalisee-en-tunisie\/#primaryimage\",\"url\":\"\",\"contentUrl\":\"\"},{\"@type\":\"BreadcrumbList\",\"@id\":\"https:\/\/kapitalis.com\/tunisie\/2018\/12\/03\/la-police-de-proximite-sera-bientot-generalisee-en-tunisie\/#breadcrumb\",\"itemListElement\":[{\"@type\":\"ListItem\",\"position\":1,\"name\":\"Accueil\",\"item\":\"https:\/\/kapitalis.com\/tunisie\/\"},{\"@type\":\"ListItem\",\"position\":2,\"name\":\"La police de proximit\u00e9 sera bient\u00f4t g\u00e9n\u00e9ralis\u00e9e en Tunisie\"}]},{\"@type\":\"WebSite\",\"@id\":\"https:\/\/kapitalis.com\/tunisie\/#website\",\"url\":\"https:\/\/kapitalis.com\/tunisie\/\",\"name\":\"Kapitalis\",\"description\":\"L&#039;actualit\u00e9 en Tunisie et dans le monde\",\"publisher\":{\"@id\":\"https:\/\/kapitalis.com\/tunisie\/#organization\"},\"potentialAction\":[{\"@type\":\"SearchAction\",\"target\":{\"@type\":\"EntryPoint\",\"urlTemplate\":\"https:\/\/kapitalis.com\/tunisie\/?s={search_term_string}\"},\"query-input\":{\"@type\":\"PropertyValueSpecification\",\"valueRequired\":true,\"valueName\":\"search_term_string\"}}],\"inLanguage\":\"fr-FR\"},{\"@type\":\"Organization\",\"@id\":\"https:\/\/kapitalis.com\/tunisie\/#organization\",\"name\":\"Kapitalis\",\"url\":\"https:\/\/kapitalis.com\/tunisie\/\",\"logo\":{\"@type\":\"ImageObject\",\"inLanguage\":\"fr-FR\",\"@id\":\"https:\/\/kapitalis.com\/tunisie\/#\/schema\/logo\/image\/\",\"url\":\"https:\/\/kapitalis.com\/tunisie\/wp-content\/uploads\/2022\/05\/Kapitalis-big-size.png\",\"contentUrl\":\"https:\/\/kapitalis.com\/tunisie\/wp-content\/uploads\/2022\/05\/Kapitalis-big-size.png\",\"width\":5000,\"height\":1500,\"caption\":\"Kapitalis\"},\"image\":{\"@id\":\"https:\/\/kapitalis.com\/tunisie\/#\/schema\/logo\/image\/\"},\"sameAs\":[\"https:\/\/www.facebook.com\/KapitalisInfo\/\",\"https:\/\/x.com\/KapitalisInfo\",\"https:\/\/www.youtube.com\/channel\/UC-yDYrHyfFBWWZaOw3FPg9Q\"]},{\"@type\":\"Person\",\"@id\":\"https:\/\/kapitalis.com\/tunisie\/#\/schema\/person\/74bbde0154d49d790a92aaeac5bc01d5\",\"name\":\"Yusra NY\",\"url\":\"https:\/\/kapitalis.com\/tunisie\/author\/yuza_adam\/\"}]}<\/script>\n<!-- \/ Yoast SEO plugin. -->","yoast_head_json":{"title":"La police de proximit\u00e9 sera bient\u00f4t g\u00e9n\u00e9ralis\u00e9e en Tunisie - Kapitalis","robots":{"index":"index","follow":"follow","max-snippet":"max-snippet:-1","max-image-preview":"max-image-preview:large","max-video-preview":"max-video-preview:-1"},"canonical":"https:\/\/kapitalis.com\/tunisie\/2018\/12\/03\/la-police-de-proximite-sera-bientot-generalisee-en-tunisie\/","og_locale":"fr_FR","og_type":"article","og_title":"La police de proximit\u00e9 sera bient\u00f4t g\u00e9n\u00e9ralis\u00e9e en Tunisie - Kapitalis","og_description":"Rached Beta\u00efeb, directeur g\u00e9n\u00e9ral de la s\u00fbret\u00e9 nationale. La police de proximit\u00e9, dont la cr\u00e9ation il y a\u00a05 ans a \u00e9t\u00e9 l&rsquo;une des r\u00e9formes phares de l\u2019institution s\u00e9curitaire, sera bient\u00f4t pr\u00e9sente partout en Tunisie.","og_url":"https:\/\/kapitalis.com\/tunisie\/2018\/12\/03\/la-police-de-proximite-sera-bientot-generalisee-en-tunisie\/","og_site_name":"Kapitalis","article_publisher":"https:\/\/www.facebook.com\/KapitalisInfo\/","article_published_time":"2018-12-03T16:01:09+00:00","article_modified_time":"2018-12-03T16:03:03+00:00","og_image":[{"width":1200,"height":630,"url":"https:\/\/kapitalis.com\/tunisie\/wp-content\/uploads\/2022\/05\/kapitalis-logo-fb.png","type":"image\/png"}],"author":"Yusra NY","twitter_card":"summary_large_image","twitter_creator":"@KapitalisInfo","twitter_site":"@KapitalisInfo","twitter_misc":{"\u00c9crit par":"Yusra NY","Dur\u00e9e de lecture estim\u00e9e":"1 minute"},"schema":{"@context":"https:\/\/schema.org","@graph":[{"@type":"Article","@id":"https:\/\/kapitalis.com\/tunisie\/2018\/12\/03\/la-police-de-proximite-sera-bientot-generalisee-en-tunisie\/#article","isPartOf":{"@id":"https:\/\/kapitalis.com\/tunisie\/2018\/12\/03\/la-police-de-proximite-sera-bientot-generalisee-en-tunisie\/"},"author":{"name":"Yusra NY","@id":"https:\/\/kapitalis.com\/tunisie\/#\/schema\/person\/74bbde0154d49d790a92aaeac5bc01d5"},"headline":"La police de proximit\u00e9 sera bient\u00f4t g\u00e9n\u00e9ralis\u00e9e en Tunisie","datePublished":"2018-12-03T16:01:09+00:00","dateModified":"2018-12-03T16:03:03+00:00","mainEntityOfPage":{"@id":"https:\/\/kapitalis.com\/tunisie\/2018\/12\/03\/la-police-de-proximite-sera-bientot-generalisee-en-tunisie\/"},"wordCount":285,"commentCount":0,"publisher":{"@id":"https:\/\/kapitalis.com\/tunisie\/#organization"},"image":{"@id":"https:\/\/kapitalis.com\/tunisie\/2018\/12\/03\/la-police-de-proximite-sera-bientot-generalisee-en-tunisie\/#primaryimage"},"thumbnailUrl":"","keywords":["citoyen","s\u00e9curitaire","s\u00fbret\u00e9 nationale"],"articleSection":["SOCIETE","Tunisie"],"inLanguage":"fr-FR","potentialAction":[{"@type":"CommentAction","name":"Comment","target":["https:\/\/kapitalis.com\/tunisie\/2018\/12\/03\/la-police-de-proximite-sera-bientot-generalisee-en-tunisie\/#respond"]}]},{"@type":"WebPage","@id":"https:\/\/kapitalis.com\/tunisie\/2018\/12\/03\/la-police-de-proximite-sera-bientot-generalisee-en-tunisie\/","url":"https:\/\/kapitalis.com\/tunisie\/2018\/12\/03\/la-police-de-proximite-sera-bientot-generalisee-en-tunisie\/","name":"La police de proximit\u00e9 sera bient\u00f4t g\u00e9n\u00e9ralis\u00e9e en Tunisie - Kapitalis","isPartOf":{"@id":"https:\/\/kapitalis.com\/tunisie\/#website"},"primaryImageOfPage":{"@id":"https:\/\/kapitalis.com\/tunisie\/2018\/12\/03\/la-police-de-proximite-sera-bientot-generalisee-en-tunisie\/#primaryimage"},"image":{"@id":"https:\/\/kapitalis.com\/tunisie\/2018\/12\/03\/la-police-de-proximite-sera-bientot-generalisee-en-tunisie\/#primaryimage"},"thumbnailUrl":"","datePublished":"2018-12-03T16:01:09+00:00","dateModified":"2018-12-03T16:03:03+00:00","breadcrumb":{"@id":"https:\/\/kapitalis.com\/tunisie\/2018\/12\/03\/la-police-de-proximite-sera-bientot-generalisee-en-tunisie\/#breadcrumb"},"inLanguage":"fr-FR","potentialAction":[{"@type":"ReadAction","target":["https:\/\/kapitalis.com\/tunisie\/2018\/12\/03\/la-police-de-proximite-sera-bientot-generalisee-en-tunisie\/"]}]},{"@type":"ImageObject","inLanguage":"fr-FR","@id":"https:\/\/kapitalis.com\/tunisie\/2018\/12\/03\/la-police-de-proximite-sera-bientot-generalisee-en-tunisie\/#primaryimage","url":"","contentUrl":""},{"@type":"BreadcrumbList","@id":"https:\/\/kapitalis.com\/tunisie\/2018\/12\/03\/la-police-de-proximite-sera-bientot-generalisee-en-tunisie\/#breadcrumb","itemListElement":[{"@type":"ListItem","position":1,"name":"Accueil","item":"https:\/\/kapitalis.com\/tunisie\/"},{"@type":"ListItem","position":2,"name":"La police de proximit\u00e9 sera bient\u00f4t g\u00e9n\u00e9ralis\u00e9e en Tunisie"}]},{"@type":"WebSite","@id":"https:\/\/kapitalis.com\/tunisie\/#website","url":"https:\/\/kapitalis.com\/tunisie\/","name":"Kapitalis","description":"L&#039;actualit\u00e9 en Tunisie et dans le monde","publisher":{"@id":"https:\/\/kapitalis.com\/tunisie\/#organization"},"potentialAction":[{"@type":"SearchAction","target":{"@type":"EntryPoint","urlTemplate":"https:\/\/kapitalis.com\/tunisie\/?s={search_term_string}"},"query-input":{"@type":"PropertyValueSpecification","valueRequired":true,"valueName":"search_term_string"}}],"inLanguage":"fr-FR"},{"@type":"Organization","@id":"https:\/\/kapitalis.com\/tunisie\/#organization","name":"Kapitalis","url":"https:\/\/kapitalis.com\/tunisie\/","logo":{"@type":"ImageObject","inLanguage":"fr-FR","@id":"https:\/\/kapitalis.com\/tunisie\/#\/schema\/logo\/image\/","url":"https:\/\/kapitalis.com\/tunisie\/wp-content\/uploads\/2022\/05\/Kapitalis-big-size.png","contentUrl":"https:\/\/kapitalis.com\/tunisie\/wp-content\/uploads\/2022\/05\/Kapitalis-big-size.png","width":5000,"height":1500,"caption":"Kapitalis"},"image":{"@id":"https:\/\/kapitalis.com\/tunisie\/#\/schema\/logo\/image\/"},"sameAs":["https:\/\/www.facebook.com\/KapitalisInfo\/","https:\/\/x.com\/KapitalisInfo","https:\/\/www.youtube.com\/channel\/UC-yDYrHyfFBWWZaOw3FPg9Q"]},{"@type":"Person","@id":"https:\/\/kapitalis.com\/tunisie\/#\/schema\/person\/74bbde0154d49d790a92aaeac5bc01d5","name":"Yusra NY","url":"https:\/\/kapitalis.com\/tunisie\/author\/yuza_adam\/"}]}},"_links":{"self":[{"href":"https:\/\/kapitalis.com\/tunisie\/wp-json\/wp\/v2\/posts\/187032","targetHints":{"allow":["GET"]}}],"collection":[{"href":"https:\/\/kapitalis.com\/tunisie\/wp-json\/wp\/v2\/posts"}],"about":[{"href":"https:\/\/kapitalis.com\/tunisie\/wp-json\/wp\/v2\/types\/post"}],"author":[{"embeddable":true,"href":"https:\/\/kapitalis.com\/tunisie\/wp-json\/wp\/v2\/users\/6"}],"replies":[{"embeddable":true,"href":"https:\/\/kapitalis.com\/tunisie\/wp-json\/wp\/v2\/comments?post=187032"}],"version-history":[{"count":0,"href":"https:\/\/kapitalis.com\/tunisie\/wp-json\/wp\/v2\/posts\/187032\/revisions"}],"wp:featuredmedia":[{"embeddable":true,"href":"https:\/\/kapitalis.com\/tunisie\/wp-json\/wp\/v2\/media\/187035"}],"wp:attachment":[{"href":"https:\/\/kapitalis.com\/tunisie\/wp-json\/wp\/v2\/media?parent=187032"}],"wp:term":[{"taxonomy":"category","embeddable":true,"href":"https:\/\/kapitalis.com\/tunisie\/wp-json\/wp\/v2\/categories?post=187032"},{"taxonomy":"post_tag","embeddable":true,"href":"https:\/\/kapitalis.com\/tunisie\/wp-json\/wp\/v2\/tags?post=187032"}],"curies":[{"name":"wp","href":"https:\/\/api.w.org\/{rel}","templated":true}]}}