{"id":18703616,"date":"2026-04-28T18:51:34","date_gmt":"2026-04-28T17:51:34","guid":{"rendered":"https:\/\/kapitalis.com\/tunisie\/?p=18703616"},"modified":"2026-04-28T19:09:56","modified_gmt":"2026-04-28T18:09:56","slug":"borhen-bssais-et-mourad-zeghidi-maintenus-en-detention-2","status":"publish","type":"post","link":"https:\/\/kapitalis.com\/tunisie\/2026\/04\/28\/borhen-bssais-et-mourad-zeghidi-maintenus-en-detention-2\/","title":{"rendered":"Borhen Bssais et Mourad Zeghidi maintenus en d\u00e9tention"},"content":{"rendered":"\n<p><strong><em>L&rsquo;examen de l&rsquo;affaire li\u00e9e \u00e0 des litiges financiers et aux r\u00e9glementations fiscales visant les journalistes Borhen Bssais et Mourad Zeghidi a \u00e9t\u00e9 report\u00e9.<\/em><\/strong><\/p>\n\n\n\n<!--more-->\n\n\n\n<p>La chambre criminelle pr\u00e8s la Cour d\u2019appel de Tunis a en effet d\u00e9cid\u00e9 ce mardi 28 avril 2026, de reporter l\u2019examen de l\u2019affaire au 12 mai prochain, indique le comit\u00e9 de d\u00e9fense des deux journalistes, en d\u00e9tention depuis pr\u00e8s de deux ans, tout en d\u00e9non\u00e7ant cette d\u00e9cision et en rappelant qu&rsquo;il s&rsquo;agit du 3e report.<\/p>\n\n\n\n<p>La Cour d&rsquo;appel a \u00e9galement rejet\u00e9 la demande de lib\u00e9ration \u00e9mise par les avocats de Borhen Bssais et Mourad Zeghidi.<\/p>\n\n\n\n<p class=\"has-text-align-right\"><strong>Y. N.<\/strong><\/p>\n","protected":false},"excerpt":{"rendered":"<p>L&rsquo;examen de l&rsquo;affaire li\u00e9e \u00e0 des litiges financiers et aux r\u00e9glementations fiscales visant les journalistes Borhen Bssais et Mourad Zeghidi a \u00e9t\u00e9 report\u00e9.<\/p>\n","protected":false},"author":6,"featured_media":12817871,"comment_status":"open","ping_status":"open","sticky":false,"template":"","format":"standard","meta":{"footnotes":""},"categories":[996,997,2433],"tags":[88096,1459,128064,99952,62643],"class_list":["post-18703616","post","type-post","status-publish","format-standard","has-post-thumbnail","hentry","category-media","category-politique","category-tunisie","tag-borhen-bssais","tag-journalistes","tag-litiges-financiers","tag-mourad-zeghidi","tag-tunisie"],"yoast_head":"<!-- This site is optimized with the Yoast SEO plugin v26.6 - https:\/\/yoast.com\/wordpress\/plugins\/seo\/ -->\n<title>Borhen Bssais et Mourad Zeghidi maintenus en d\u00e9tention - Kapitalis<\/title>\n<meta name=\"robots\" content=\"index, follow, max-snippet:-1, max-image-preview:large, max-video-preview:-1\" \/>\n<link rel=\"canonical\" href=\"https:\/\/kapitalis.com\/tunisie\/2026\/04\/28\/borhen-bssais-et-mourad-zeghidi-maintenus-en-detention-2\/\" \/>\n<meta property=\"og:locale\" content=\"fr_FR\" \/>\n<meta property=\"og:type\" content=\"article\" \/>\n<meta property=\"og:title\" content=\"Borhen Bssais et Mourad Zeghidi maintenus en d\u00e9tention - Kapitalis\" \/>\n<meta property=\"og:description\" content=\"L&rsquo;examen de l&rsquo;affaire li\u00e9e \u00e0 des litiges financiers et aux r\u00e9glementations fiscales visant les journalistes Borhen Bssais et Mourad Zeghidi a \u00e9t\u00e9 report\u00e9.\" \/>\n<meta property=\"og:url\" content=\"https:\/\/kapitalis.com\/tunisie\/2026\/04\/28\/borhen-bssais-et-mourad-zeghidi-maintenus-en-detention-2\/\" \/>\n<meta property=\"og:site_name\" content=\"Kapitalis\" \/>\n<meta property=\"article:publisher\" content=\"https:\/\/www.facebook.com\/KapitalisInfo\/\" \/>\n<meta property=\"article:published_time\" content=\"2026-04-28T17:51:34+00:00\" \/>\n<meta property=\"article:modified_time\" content=\"2026-04-28T18:09:56+00:00\" \/>\n<meta property=\"og:image\" content=\"https:\/\/kapitalis.com\/tunisie\/wp-content\/uploads\/2024\/05\/Mourad-Zeghidi-et-Borhen-Bsaies.jpg\" \/>\n\t<meta property=\"og:image:width\" content=\"1200\" \/>\n\t<meta property=\"og:image:height\" content=\"630\" \/>\n\t<meta property=\"og:image:type\" content=\"image\/jpeg\" \/>\n<meta name=\"author\" content=\"Yusra NY\" \/>\n<meta name=\"twitter:card\" content=\"summary_large_image\" \/>\n<meta name=\"twitter:creator\" content=\"@KapitalisInfo\" \/>\n<meta name=\"twitter:site\" content=\"@KapitalisInfo\" \/>\n<meta name=\"twitter:label1\" content=\"\u00c9crit par\" \/>\n\t<meta name=\"twitter:data1\" content=\"Yusra NY\" \/>\n\t<meta name=\"twitter:label2\" content=\"Dur\u00e9e de lecture estim\u00e9e\" \/>\n\t<meta name=\"twitter:data2\" content=\"1 minute\" \/>\n<script type=\"application\/ld+json\" class=\"yoast-schema-graph\">{\"@context\":\"https:\/\/schema.org\",\"@graph\":[{\"@type\":\"Article\",\"@id\":\"https:\/\/kapitalis.com\/tunisie\/2026\/04\/28\/borhen-bssais-et-mourad-zeghidi-maintenus-en-detention-2\/#article\",\"isPartOf\":{\"@id\":\"https:\/\/kapitalis.com\/tunisie\/2026\/04\/28\/borhen-bssais-et-mourad-zeghidi-maintenus-en-detention-2\/\"},\"author\":{\"name\":\"Yusra NY\",\"@id\":\"https:\/\/kapitalis.com\/tunisie\/#\/schema\/person\/74bbde0154d49d790a92aaeac5bc01d5\"},\"headline\":\"Borhen Bssais et Mourad Zeghidi maintenus en d\u00e9tention\",\"datePublished\":\"2026-04-28T17:51:34+00:00\",\"dateModified\":\"2026-04-28T18:09:56+00:00\",\"mainEntityOfPage\":{\"@id\":\"https:\/\/kapitalis.com\/tunisie\/2026\/04\/28\/borhen-bssais-et-mourad-zeghidi-maintenus-en-detention-2\/\"},\"wordCount\":119,\"commentCount\":0,\"publisher\":{\"@id\":\"https:\/\/kapitalis.com\/tunisie\/#organization\"},\"image\":{\"@id\":\"https:\/\/kapitalis.com\/tunisie\/2026\/04\/28\/borhen-bssais-et-mourad-zeghidi-maintenus-en-detention-2\/#primaryimage\"},\"thumbnailUrl\":\"https:\/\/kapitalis.com\/tunisie\/wp-content\/uploads\/2024\/05\/Mourad-Zeghidi-et-Borhen-Bsaies.jpg\",\"keywords\":[\"Borhen Bssais\",\"journalistes\",\"litiges financiers\",\"Mourad Zeghidi\",\"Tunisie\"],\"articleSection\":[\"MEDIA\",\"POLITIQUE\",\"Tunisie\"],\"inLanguage\":\"fr-FR\",\"potentialAction\":[{\"@type\":\"CommentAction\",\"name\":\"Comment\",\"target\":[\"https:\/\/kapitalis.com\/tunisie\/2026\/04\/28\/borhen-bssais-et-mourad-zeghidi-maintenus-en-detention-2\/#respond\"]}]},{\"@type\":\"WebPage\",\"@id\":\"https:\/\/kapitalis.com\/tunisie\/2026\/04\/28\/borhen-bssais-et-mourad-zeghidi-maintenus-en-detention-2\/\",\"url\":\"https:\/\/kapitalis.com\/tunisie\/2026\/04\/28\/borhen-bssais-et-mourad-zeghidi-maintenus-en-detention-2\/\",\"name\":\"Borhen Bssais et Mourad Zeghidi maintenus en d\u00e9tention - Kapitalis\",\"isPartOf\":{\"@id\":\"https:\/\/kapitalis.com\/tunisie\/#website\"},\"primaryImageOfPage\":{\"@id\":\"https:\/\/kapitalis.com\/tunisie\/2026\/04\/28\/borhen-bssais-et-mourad-zeghidi-maintenus-en-detention-2\/#primaryimage\"},\"image\":{\"@id\":\"https:\/\/kapitalis.com\/tunisie\/2026\/04\/28\/borhen-bssais-et-mourad-zeghidi-maintenus-en-detention-2\/#primaryimage\"},\"thumbnailUrl\":\"https:\/\/kapitalis.com\/tunisie\/wp-content\/uploads\/2024\/05\/Mourad-Zeghidi-et-Borhen-Bsaies.jpg\",\"datePublished\":\"2026-04-28T17:51:34+00:00\",\"dateModified\":\"2026-04-28T18:09:56+00:00\",\"breadcrumb\":{\"@id\":\"https:\/\/kapitalis.com\/tunisie\/2026\/04\/28\/borhen-bssais-et-mourad-zeghidi-maintenus-en-detention-2\/#breadcrumb\"},\"inLanguage\":\"fr-FR\",\"potentialAction\":[{\"@type\":\"ReadAction\",\"target\":[\"https:\/\/kapitalis.com\/tunisie\/2026\/04\/28\/borhen-bssais-et-mourad-zeghidi-maintenus-en-detention-2\/\"]}]},{\"@type\":\"ImageObject\",\"inLanguage\":\"fr-FR\",\"@id\":\"https:\/\/kapitalis.com\/tunisie\/2026\/04\/28\/borhen-bssais-et-mourad-zeghidi-maintenus-en-detention-2\/#primaryimage\",\"url\":\"https:\/\/kapitalis.com\/tunisie\/wp-content\/uploads\/2024\/05\/Mourad-Zeghidi-et-Borhen-Bsaies.jpg\",\"contentUrl\":\"https:\/\/kapitalis.com\/tunisie\/wp-content\/uploads\/2024\/05\/Mourad-Zeghidi-et-Borhen-Bsaies.jpg\",\"width\":1200,\"height\":630},{\"@type\":\"BreadcrumbList\",\"@id\":\"https:\/\/kapitalis.com\/tunisie\/2026\/04\/28\/borhen-bssais-et-mourad-zeghidi-maintenus-en-detention-2\/#breadcrumb\",\"itemListElement\":[{\"@type\":\"ListItem\",\"position\":1,\"name\":\"Accueil\",\"item\":\"https:\/\/kapitalis.com\/tunisie\/\"},{\"@type\":\"ListItem\",\"position\":2,\"name\":\"Borhen Bssais et Mourad Zeghidi maintenus en d\u00e9tention\"}]},{\"@type\":\"WebSite\",\"@id\":\"https:\/\/kapitalis.com\/tunisie\/#website\",\"url\":\"https:\/\/kapitalis.com\/tunisie\/\",\"name\":\"Kapitalis\",\"description\":\"L&#039;actualit\u00e9 en Tunisie et dans le monde\",\"publisher\":{\"@id\":\"https:\/\/kapitalis.com\/tunisie\/#organization\"},\"potentialAction\":[{\"@type\":\"SearchAction\",\"target\":{\"@type\":\"EntryPoint\",\"urlTemplate\":\"https:\/\/kapitalis.com\/tunisie\/?s={search_term_string}\"},\"query-input\":{\"@type\":\"PropertyValueSpecification\",\"valueRequired\":true,\"valueName\":\"search_term_string\"}}],\"inLanguage\":\"fr-FR\"},{\"@type\":\"Organization\",\"@id\":\"https:\/\/kapitalis.com\/tunisie\/#organization\",\"name\":\"Kapitalis\",\"url\":\"https:\/\/kapitalis.com\/tunisie\/\",\"logo\":{\"@type\":\"ImageObject\",\"inLanguage\":\"fr-FR\",\"@id\":\"https:\/\/kapitalis.com\/tunisie\/#\/schema\/logo\/image\/\",\"url\":\"https:\/\/kapitalis.com\/tunisie\/wp-content\/uploads\/2022\/05\/Kapitalis-big-size.png\",\"contentUrl\":\"https:\/\/kapitalis.com\/tunisie\/wp-content\/uploads\/2022\/05\/Kapitalis-big-size.png\",\"width\":5000,\"height\":1500,\"caption\":\"Kapitalis\"},\"image\":{\"@id\":\"https:\/\/kapitalis.com\/tunisie\/#\/schema\/logo\/image\/\"},\"sameAs\":[\"https:\/\/www.facebook.com\/KapitalisInfo\/\",\"https:\/\/x.com\/KapitalisInfo\",\"https:\/\/www.youtube.com\/channel\/UC-yDYrHyfFBWWZaOw3FPg9Q\"]},{\"@type\":\"Person\",\"@id\":\"https:\/\/kapitalis.com\/tunisie\/#\/schema\/person\/74bbde0154d49d790a92aaeac5bc01d5\",\"name\":\"Yusra NY\",\"url\":\"https:\/\/kapitalis.com\/tunisie\/author\/yuza_adam\/\"}]}<\/script>\n<!-- \/ Yoast SEO plugin. -->","yoast_head_json":{"title":"Borhen Bssais et Mourad Zeghidi maintenus en d\u00e9tention - Kapitalis","robots":{"index":"index","follow":"follow","max-snippet":"max-snippet:-1","max-image-preview":"max-image-preview:large","max-video-preview":"max-video-preview:-1"},"canonical":"https:\/\/kapitalis.com\/tunisie\/2026\/04\/28\/borhen-bssais-et-mourad-zeghidi-maintenus-en-detention-2\/","og_locale":"fr_FR","og_type":"article","og_title":"Borhen Bssais et Mourad Zeghidi maintenus en d\u00e9tention - Kapitalis","og_description":"L&rsquo;examen de l&rsquo;affaire li\u00e9e \u00e0 des litiges financiers et aux r\u00e9glementations fiscales visant les journalistes Borhen Bssais et Mourad Zeghidi a \u00e9t\u00e9 report\u00e9.","og_url":"https:\/\/kapitalis.com\/tunisie\/2026\/04\/28\/borhen-bssais-et-mourad-zeghidi-maintenus-en-detention-2\/","og_site_name":"Kapitalis","article_publisher":"https:\/\/www.facebook.com\/KapitalisInfo\/","article_published_time":"2026-04-28T17:51:34+00:00","article_modified_time":"2026-04-28T18:09:56+00:00","og_image":[{"width":1200,"height":630,"url":"https:\/\/kapitalis.com\/tunisie\/wp-content\/uploads\/2024\/05\/Mourad-Zeghidi-et-Borhen-Bsaies.jpg","type":"image\/jpeg"}],"author":"Yusra NY","twitter_card":"summary_large_image","twitter_creator":"@KapitalisInfo","twitter_site":"@KapitalisInfo","twitter_misc":{"\u00c9crit par":"Yusra NY","Dur\u00e9e de lecture estim\u00e9e":"1 minute"},"schema":{"@context":"https:\/\/schema.org","@graph":[{"@type":"Article","@id":"https:\/\/kapitalis.com\/tunisie\/2026\/04\/28\/borhen-bssais-et-mourad-zeghidi-maintenus-en-detention-2\/#article","isPartOf":{"@id":"https:\/\/kapitalis.com\/tunisie\/2026\/04\/28\/borhen-bssais-et-mourad-zeghidi-maintenus-en-detention-2\/"},"author":{"name":"Yusra NY","@id":"https:\/\/kapitalis.com\/tunisie\/#\/schema\/person\/74bbde0154d49d790a92aaeac5bc01d5"},"headline":"Borhen Bssais et Mourad Zeghidi maintenus en d\u00e9tention","datePublished":"2026-04-28T17:51:34+00:00","dateModified":"2026-04-28T18:09:56+00:00","mainEntityOfPage":{"@id":"https:\/\/kapitalis.com\/tunisie\/2026\/04\/28\/borhen-bssais-et-mourad-zeghidi-maintenus-en-detention-2\/"},"wordCount":119,"commentCount":0,"publisher":{"@id":"https:\/\/kapitalis.com\/tunisie\/#organization"},"image":{"@id":"https:\/\/kapitalis.com\/tunisie\/2026\/04\/28\/borhen-bssais-et-mourad-zeghidi-maintenus-en-detention-2\/#primaryimage"},"thumbnailUrl":"https:\/\/kapitalis.com\/tunisie\/wp-content\/uploads\/2024\/05\/Mourad-Zeghidi-et-Borhen-Bsaies.jpg","keywords":["Borhen Bssais","journalistes","litiges financiers","Mourad Zeghidi","Tunisie"],"articleSection":["MEDIA","POLITIQUE","Tunisie"],"inLanguage":"fr-FR","potentialAction":[{"@type":"CommentAction","name":"Comment","target":["https:\/\/kapitalis.com\/tunisie\/2026\/04\/28\/borhen-bssais-et-mourad-zeghidi-maintenus-en-detention-2\/#respond"]}]},{"@type":"WebPage","@id":"https:\/\/kapitalis.com\/tunisie\/2026\/04\/28\/borhen-bssais-et-mourad-zeghidi-maintenus-en-detention-2\/","url":"https:\/\/kapitalis.com\/tunisie\/2026\/04\/28\/borhen-bssais-et-mourad-zeghidi-maintenus-en-detention-2\/","name":"Borhen Bssais et Mourad Zeghidi maintenus en d\u00e9tention - Kapitalis","isPartOf":{"@id":"https:\/\/kapitalis.com\/tunisie\/#website"},"primaryImageOfPage":{"@id":"https:\/\/kapitalis.com\/tunisie\/2026\/04\/28\/borhen-bssais-et-mourad-zeghidi-maintenus-en-detention-2\/#primaryimage"},"image":{"@id":"https:\/\/kapitalis.com\/tunisie\/2026\/04\/28\/borhen-bssais-et-mourad-zeghidi-maintenus-en-detention-2\/#primaryimage"},"thumbnailUrl":"https:\/\/kapitalis.com\/tunisie\/wp-content\/uploads\/2024\/05\/Mourad-Zeghidi-et-Borhen-Bsaies.jpg","datePublished":"2026-04-28T17:51:34+00:00","dateModified":"2026-04-28T18:09:56+00:00","breadcrumb":{"@id":"https:\/\/kapitalis.com\/tunisie\/2026\/04\/28\/borhen-bssais-et-mourad-zeghidi-maintenus-en-detention-2\/#breadcrumb"},"inLanguage":"fr-FR","potentialAction":[{"@type":"ReadAction","target":["https:\/\/kapitalis.com\/tunisie\/2026\/04\/28\/borhen-bssais-et-mourad-zeghidi-maintenus-en-detention-2\/"]}]},{"@type":"ImageObject","inLanguage":"fr-FR","@id":"https:\/\/kapitalis.com\/tunisie\/2026\/04\/28\/borhen-bssais-et-mourad-zeghidi-maintenus-en-detention-2\/#primaryimage","url":"https:\/\/kapitalis.com\/tunisie\/wp-content\/uploads\/2024\/05\/Mourad-Zeghidi-et-Borhen-Bsaies.jpg","contentUrl":"https:\/\/kapitalis.com\/tunisie\/wp-content\/uploads\/2024\/05\/Mourad-Zeghidi-et-Borhen-Bsaies.jpg","width":1200,"height":630},{"@type":"BreadcrumbList","@id":"https:\/\/kapitalis.com\/tunisie\/2026\/04\/28\/borhen-bssais-et-mourad-zeghidi-maintenus-en-detention-2\/#breadcrumb","itemListElement":[{"@type":"ListItem","position":1,"name":"Accueil","item":"https:\/\/kapitalis.com\/tunisie\/"},{"@type":"ListItem","position":2,"name":"Borhen Bssais et Mourad Zeghidi maintenus en d\u00e9tention"}]},{"@type":"WebSite","@id":"https:\/\/kapitalis.com\/tunisie\/#website","url":"https:\/\/kapitalis.com\/tunisie\/","name":"Kapitalis","description":"L&#039;actualit\u00e9 en Tunisie et dans le monde","publisher":{"@id":"https:\/\/kapitalis.com\/tunisie\/#organization"},"potentialAction":[{"@type":"SearchAction","target":{"@type":"EntryPoint","urlTemplate":"https:\/\/kapitalis.com\/tunisie\/?s={search_term_string}"},"query-input":{"@type":"PropertyValueSpecification","valueRequired":true,"valueName":"search_term_string"}}],"inLanguage":"fr-FR"},{"@type":"Organization","@id":"https:\/\/kapitalis.com\/tunisie\/#organization","name":"Kapitalis","url":"https:\/\/kapitalis.com\/tunisie\/","logo":{"@type":"ImageObject","inLanguage":"fr-FR","@id":"https:\/\/kapitalis.com\/tunisie\/#\/schema\/logo\/image\/","url":"https:\/\/kapitalis.com\/tunisie\/wp-content\/uploads\/2022\/05\/Kapitalis-big-size.png","contentUrl":"https:\/\/kapitalis.com\/tunisie\/wp-content\/uploads\/2022\/05\/Kapitalis-big-size.png","width":5000,"height":1500,"caption":"Kapitalis"},"image":{"@id":"https:\/\/kapitalis.com\/tunisie\/#\/schema\/logo\/image\/"},"sameAs":["https:\/\/www.facebook.com\/KapitalisInfo\/","https:\/\/x.com\/KapitalisInfo","https:\/\/www.youtube.com\/channel\/UC-yDYrHyfFBWWZaOw3FPg9Q"]},{"@type":"Person","@id":"https:\/\/kapitalis.com\/tunisie\/#\/schema\/person\/74bbde0154d49d790a92aaeac5bc01d5","name":"Yusra NY","url":"https:\/\/kapitalis.com\/tunisie\/author\/yuza_adam\/"}]}},"_links":{"self":[{"href":"https:\/\/kapitalis.com\/tunisie\/wp-json\/wp\/v2\/posts\/18703616","targetHints":{"allow":["GET"]}}],"collection":[{"href":"https:\/\/kapitalis.com\/tunisie\/wp-json\/wp\/v2\/posts"}],"about":[{"href":"https:\/\/kapitalis.com\/tunisie\/wp-json\/wp\/v2\/types\/post"}],"author":[{"embeddable":true,"href":"https:\/\/kapitalis.com\/tunisie\/wp-json\/wp\/v2\/users\/6"}],"replies":[{"embeddable":true,"href":"https:\/\/kapitalis.com\/tunisie\/wp-json\/wp\/v2\/comments?post=18703616"}],"version-history":[{"count":1,"href":"https:\/\/kapitalis.com\/tunisie\/wp-json\/wp\/v2\/posts\/18703616\/revisions"}],"predecessor-version":[{"id":18703624,"href":"https:\/\/kapitalis.com\/tunisie\/wp-json\/wp\/v2\/posts\/18703616\/revisions\/18703624"}],"wp:featuredmedia":[{"embeddable":true,"href":"https:\/\/kapitalis.com\/tunisie\/wp-json\/wp\/v2\/media\/12817871"}],"wp:attachment":[{"href":"https:\/\/kapitalis.com\/tunisie\/wp-json\/wp\/v2\/media?parent=18703616"}],"wp:term":[{"taxonomy":"category","embeddable":true,"href":"https:\/\/kapitalis.com\/tunisie\/wp-json\/wp\/v2\/categories?post=18703616"},{"taxonomy":"post_tag","embeddable":true,"href":"https:\/\/kapitalis.com\/tunisie\/wp-json\/wp\/v2\/tags?post=18703616"}],"curies":[{"name":"wp","href":"https:\/\/api.w.org\/{rel}","templated":true}]}}