{"id":18703681,"date":"2026-04-28T19:12:45","date_gmt":"2026-04-28T18:12:45","guid":{"rendered":"https:\/\/kapitalis.com\/tunisie\/?p=18703681"},"modified":"2026-04-28T19:32:32","modified_gmt":"2026-04-28T18:32:32","slug":"crise-au-mali-la-tunisie-sinquiete-de-lescalade-de-la-violence-armee","status":"publish","type":"post","link":"https:\/\/kapitalis.com\/tunisie\/2026\/04\/28\/crise-au-mali-la-tunisie-sinquiete-de-lescalade-de-la-violence-armee\/","title":{"rendered":"Crise au Mali | La Tunisie s&rsquo;inqui\u00e8te de l&rsquo;escalade de la violence arm\u00e9e"},"content":{"rendered":"\n<p><strong><em>Face \u00e0 l\u2019escalade de la violence arm\u00e9e touchant plusieurs villes maliennes, dont la capitale Bamako, la Tunisie a officiellement r\u00e9agi pour exprimer sa solidarit\u00e9 et appeler au respect de la stabilit\u00e9 du pays.<\/em><\/strong><\/p>\n\n\n\n<!--more-->\n\n\n\n<p>Dans un communiqu\u00e9 publi\u00e9 ce mardi 28 avril 2026, la Tunisie a fait part de sa \u00ab profonde inqui\u00e9tude \u00bb suite aux graves attaques arm\u00e9es men\u00e9es par les djihadistes du JNIM (branche d&rsquo;Al-Qa\u00efda).<\/p>\n\n\n\n<p>Ces assauts, qui ont frapp\u00e9 la R\u00e9publique du Mali, ont caus\u00e9 de nombreuses victimes, parmi lesquelles figurerait Sadio Camara, le ministre malien de la D\u00e9fense.<\/p>\n\n\n\n<p>La Tunisie condamne avec la plus grande fermet\u00e9 le recours \u00e0 la violence arm\u00e9e contre le Mali et r\u00e9affirme son rejet cat\u00e9gorique de toute forme d&rsquo;agression visant \u00e0 d\u00e9stabiliser ce pays africain.<\/p>\n\n\n\n<p>Au-del\u00e0 de cette condamnation, Tunis, qui appelle au respect de la souverainet\u00e9 du Mali ainsi qu&rsquo;\u00e0 la pr\u00e9servation de sa s\u00e9curit\u00e9 et de sa stabilit\u00e9 territoriale, a \u00e9galement tenu \u00e0 exprimer sa pleine solidarit\u00e9 avec le \u00ab peuple malien fr\u00e8re \u00bb dans cette \u00e9preuve.<\/p>\n\n\n\n<p>Cette d\u00e9claration intervient alors que la situation s\u00e9curitaire au Mali demeure tr\u00e8s pr\u00e9occupante et menace l&rsquo;\u00e9quilibre de toute la r\u00e9gion.<\/p>\n\n\n\n<p class=\"has-text-align-right\"><strong>Y. N.<\/strong><\/p>\n","protected":false},"excerpt":{"rendered":"<p>Face \u00e0 l\u2019escalade de la violence arm\u00e9e touchant plusieurs villes maliennes, dont la capitale Bamako, la Tunisie a officiellement r\u00e9agi pour exprimer sa solidarit\u00e9 et appeler au respect de la stabilit\u00e9 du pays.<\/p>\n","protected":false},"author":6,"featured_media":2597480,"comment_status":"open","ping_status":"open","sticky":false,"template":"","format":"standard","meta":{"footnotes":""},"categories":[997,2433],"tags":[2009,117999,569,1139,897,62643,952],"class_list":["post-18703681","post","type-post","status-publish","format-standard","has-post-thumbnail","hentry","category-politique","category-tunisie","tag-al-qaida","tag-jnim","tag-mali","tag-solidarite","tag-terrorisme","tag-tunisie","tag-violence"],"yoast_head":"<!-- This site is optimized with the Yoast SEO plugin v26.6 - https:\/\/yoast.com\/wordpress\/plugins\/seo\/ -->\n<title>Crise au Mali | La Tunisie s&#039;inqui\u00e8te de l&#039;escalade de la violence arm\u00e9e - Kapitalis<\/title>\n<meta name=\"robots\" content=\"index, follow, max-snippet:-1, max-image-preview:large, max-video-preview:-1\" \/>\n<link rel=\"canonical\" href=\"https:\/\/kapitalis.com\/tunisie\/2026\/04\/28\/crise-au-mali-la-tunisie-sinquiete-de-lescalade-de-la-violence-armee\/\" \/>\n<meta property=\"og:locale\" content=\"fr_FR\" \/>\n<meta property=\"og:type\" content=\"article\" \/>\n<meta property=\"og:title\" content=\"Crise au Mali | La Tunisie s&#039;inqui\u00e8te de l&#039;escalade de la violence arm\u00e9e - Kapitalis\" \/>\n<meta property=\"og:description\" content=\"Face \u00e0 l\u2019escalade de la violence arm\u00e9e touchant plusieurs villes maliennes, dont la capitale Bamako, la Tunisie a officiellement r\u00e9agi pour exprimer sa solidarit\u00e9 et appeler au respect de la stabilit\u00e9 du pays.\" \/>\n<meta property=\"og:url\" content=\"https:\/\/kapitalis.com\/tunisie\/2026\/04\/28\/crise-au-mali-la-tunisie-sinquiete-de-lescalade-de-la-violence-armee\/\" \/>\n<meta property=\"og:site_name\" content=\"Kapitalis\" \/>\n<meta property=\"article:publisher\" content=\"https:\/\/www.facebook.com\/KapitalisInfo\/\" \/>\n<meta property=\"article:published_time\" content=\"2026-04-28T18:12:45+00:00\" \/>\n<meta property=\"article:modified_time\" content=\"2026-04-28T18:32:32+00:00\" \/>\n<meta property=\"og:image\" content=\"https:\/\/kapitalis.com\/tunisie\/wp-content\/uploads\/2022\/07\/Affaires-etrangeres.jpg\" \/>\n\t<meta property=\"og:image:width\" content=\"1200\" \/>\n\t<meta property=\"og:image:height\" content=\"630\" \/>\n\t<meta property=\"og:image:type\" content=\"image\/jpeg\" \/>\n<meta name=\"author\" content=\"Yusra NY\" \/>\n<meta name=\"twitter:card\" content=\"summary_large_image\" \/>\n<meta name=\"twitter:creator\" content=\"@KapitalisInfo\" \/>\n<meta name=\"twitter:site\" content=\"@KapitalisInfo\" \/>\n<meta name=\"twitter:label1\" content=\"\u00c9crit par\" \/>\n\t<meta name=\"twitter:data1\" content=\"Yusra NY\" \/>\n\t<meta name=\"twitter:label2\" content=\"Dur\u00e9e de lecture estim\u00e9e\" \/>\n\t<meta name=\"twitter:data2\" content=\"2 minutes\" \/>\n<script type=\"application\/ld+json\" class=\"yoast-schema-graph\">{\"@context\":\"https:\/\/schema.org\",\"@graph\":[{\"@type\":\"Article\",\"@id\":\"https:\/\/kapitalis.com\/tunisie\/2026\/04\/28\/crise-au-mali-la-tunisie-sinquiete-de-lescalade-de-la-violence-armee\/#article\",\"isPartOf\":{\"@id\":\"https:\/\/kapitalis.com\/tunisie\/2026\/04\/28\/crise-au-mali-la-tunisie-sinquiete-de-lescalade-de-la-violence-armee\/\"},\"author\":{\"name\":\"Yusra NY\",\"@id\":\"https:\/\/kapitalis.com\/tunisie\/#\/schema\/person\/74bbde0154d49d790a92aaeac5bc01d5\"},\"headline\":\"Crise au Mali | La Tunisie s&rsquo;inqui\u00e8te de l&rsquo;escalade de la violence arm\u00e9e\",\"datePublished\":\"2026-04-28T18:12:45+00:00\",\"dateModified\":\"2026-04-28T18:32:32+00:00\",\"mainEntityOfPage\":{\"@id\":\"https:\/\/kapitalis.com\/tunisie\/2026\/04\/28\/crise-au-mali-la-tunisie-sinquiete-de-lescalade-de-la-violence-armee\/\"},\"wordCount\":215,\"commentCount\":0,\"publisher\":{\"@id\":\"https:\/\/kapitalis.com\/tunisie\/#organization\"},\"image\":{\"@id\":\"https:\/\/kapitalis.com\/tunisie\/2026\/04\/28\/crise-au-mali-la-tunisie-sinquiete-de-lescalade-de-la-violence-armee\/#primaryimage\"},\"thumbnailUrl\":\"https:\/\/kapitalis.com\/tunisie\/wp-content\/uploads\/2022\/07\/Affaires-etrangeres.jpg\",\"keywords\":[\"Al-Qa\u00efda\",\"Jnim\",\"Mali\",\"solidarit\u00e9\",\"terrorisme\",\"Tunisie\",\"violence\"],\"articleSection\":[\"POLITIQUE\",\"Tunisie\"],\"inLanguage\":\"fr-FR\",\"potentialAction\":[{\"@type\":\"CommentAction\",\"name\":\"Comment\",\"target\":[\"https:\/\/kapitalis.com\/tunisie\/2026\/04\/28\/crise-au-mali-la-tunisie-sinquiete-de-lescalade-de-la-violence-armee\/#respond\"]}]},{\"@type\":\"WebPage\",\"@id\":\"https:\/\/kapitalis.com\/tunisie\/2026\/04\/28\/crise-au-mali-la-tunisie-sinquiete-de-lescalade-de-la-violence-armee\/\",\"url\":\"https:\/\/kapitalis.com\/tunisie\/2026\/04\/28\/crise-au-mali-la-tunisie-sinquiete-de-lescalade-de-la-violence-armee\/\",\"name\":\"Crise au Mali | La Tunisie s'inqui\u00e8te de l'escalade de la violence arm\u00e9e - Kapitalis\",\"isPartOf\":{\"@id\":\"https:\/\/kapitalis.com\/tunisie\/#website\"},\"primaryImageOfPage\":{\"@id\":\"https:\/\/kapitalis.com\/tunisie\/2026\/04\/28\/crise-au-mali-la-tunisie-sinquiete-de-lescalade-de-la-violence-armee\/#primaryimage\"},\"image\":{\"@id\":\"https:\/\/kapitalis.com\/tunisie\/2026\/04\/28\/crise-au-mali-la-tunisie-sinquiete-de-lescalade-de-la-violence-armee\/#primaryimage\"},\"thumbnailUrl\":\"https:\/\/kapitalis.com\/tunisie\/wp-content\/uploads\/2022\/07\/Affaires-etrangeres.jpg\",\"datePublished\":\"2026-04-28T18:12:45+00:00\",\"dateModified\":\"2026-04-28T18:32:32+00:00\",\"breadcrumb\":{\"@id\":\"https:\/\/kapitalis.com\/tunisie\/2026\/04\/28\/crise-au-mali-la-tunisie-sinquiete-de-lescalade-de-la-violence-armee\/#breadcrumb\"},\"inLanguage\":\"fr-FR\",\"potentialAction\":[{\"@type\":\"ReadAction\",\"target\":[\"https:\/\/kapitalis.com\/tunisie\/2026\/04\/28\/crise-au-mali-la-tunisie-sinquiete-de-lescalade-de-la-violence-armee\/\"]}]},{\"@type\":\"ImageObject\",\"inLanguage\":\"fr-FR\",\"@id\":\"https:\/\/kapitalis.com\/tunisie\/2026\/04\/28\/crise-au-mali-la-tunisie-sinquiete-de-lescalade-de-la-violence-armee\/#primaryimage\",\"url\":\"https:\/\/kapitalis.com\/tunisie\/wp-content\/uploads\/2022\/07\/Affaires-etrangeres.jpg\",\"contentUrl\":\"https:\/\/kapitalis.com\/tunisie\/wp-content\/uploads\/2022\/07\/Affaires-etrangeres.jpg\",\"width\":1200,\"height\":630},{\"@type\":\"BreadcrumbList\",\"@id\":\"https:\/\/kapitalis.com\/tunisie\/2026\/04\/28\/crise-au-mali-la-tunisie-sinquiete-de-lescalade-de-la-violence-armee\/#breadcrumb\",\"itemListElement\":[{\"@type\":\"ListItem\",\"position\":1,\"name\":\"Accueil\",\"item\":\"https:\/\/kapitalis.com\/tunisie\/\"},{\"@type\":\"ListItem\",\"position\":2,\"name\":\"Crise au Mali | La Tunisie s&rsquo;inqui\u00e8te de l&rsquo;escalade de la violence arm\u00e9e\"}]},{\"@type\":\"WebSite\",\"@id\":\"https:\/\/kapitalis.com\/tunisie\/#website\",\"url\":\"https:\/\/kapitalis.com\/tunisie\/\",\"name\":\"Kapitalis\",\"description\":\"L&#039;actualit\u00e9 en Tunisie et dans le monde\",\"publisher\":{\"@id\":\"https:\/\/kapitalis.com\/tunisie\/#organization\"},\"potentialAction\":[{\"@type\":\"SearchAction\",\"target\":{\"@type\":\"EntryPoint\",\"urlTemplate\":\"https:\/\/kapitalis.com\/tunisie\/?s={search_term_string}\"},\"query-input\":{\"@type\":\"PropertyValueSpecification\",\"valueRequired\":true,\"valueName\":\"search_term_string\"}}],\"inLanguage\":\"fr-FR\"},{\"@type\":\"Organization\",\"@id\":\"https:\/\/kapitalis.com\/tunisie\/#organization\",\"name\":\"Kapitalis\",\"url\":\"https:\/\/kapitalis.com\/tunisie\/\",\"logo\":{\"@type\":\"ImageObject\",\"inLanguage\":\"fr-FR\",\"@id\":\"https:\/\/kapitalis.com\/tunisie\/#\/schema\/logo\/image\/\",\"url\":\"https:\/\/kapitalis.com\/tunisie\/wp-content\/uploads\/2022\/05\/Kapitalis-big-size.png\",\"contentUrl\":\"https:\/\/kapitalis.com\/tunisie\/wp-content\/uploads\/2022\/05\/Kapitalis-big-size.png\",\"width\":5000,\"height\":1500,\"caption\":\"Kapitalis\"},\"image\":{\"@id\":\"https:\/\/kapitalis.com\/tunisie\/#\/schema\/logo\/image\/\"},\"sameAs\":[\"https:\/\/www.facebook.com\/KapitalisInfo\/\",\"https:\/\/x.com\/KapitalisInfo\",\"https:\/\/www.youtube.com\/channel\/UC-yDYrHyfFBWWZaOw3FPg9Q\"]},{\"@type\":\"Person\",\"@id\":\"https:\/\/kapitalis.com\/tunisie\/#\/schema\/person\/74bbde0154d49d790a92aaeac5bc01d5\",\"name\":\"Yusra NY\",\"url\":\"https:\/\/kapitalis.com\/tunisie\/author\/yuza_adam\/\"}]}<\/script>\n<!-- \/ Yoast SEO plugin. -->","yoast_head_json":{"title":"Crise au Mali | La Tunisie s'inqui\u00e8te de l'escalade de la violence arm\u00e9e - Kapitalis","robots":{"index":"index","follow":"follow","max-snippet":"max-snippet:-1","max-image-preview":"max-image-preview:large","max-video-preview":"max-video-preview:-1"},"canonical":"https:\/\/kapitalis.com\/tunisie\/2026\/04\/28\/crise-au-mali-la-tunisie-sinquiete-de-lescalade-de-la-violence-armee\/","og_locale":"fr_FR","og_type":"article","og_title":"Crise au Mali | La Tunisie s'inqui\u00e8te de l'escalade de la violence arm\u00e9e - Kapitalis","og_description":"Face \u00e0 l\u2019escalade de la violence arm\u00e9e touchant plusieurs villes maliennes, dont la capitale Bamako, la Tunisie a officiellement r\u00e9agi pour exprimer sa solidarit\u00e9 et appeler au respect de la stabilit\u00e9 du pays.","og_url":"https:\/\/kapitalis.com\/tunisie\/2026\/04\/28\/crise-au-mali-la-tunisie-sinquiete-de-lescalade-de-la-violence-armee\/","og_site_name":"Kapitalis","article_publisher":"https:\/\/www.facebook.com\/KapitalisInfo\/","article_published_time":"2026-04-28T18:12:45+00:00","article_modified_time":"2026-04-28T18:32:32+00:00","og_image":[{"width":1200,"height":630,"url":"https:\/\/kapitalis.com\/tunisie\/wp-content\/uploads\/2022\/07\/Affaires-etrangeres.jpg","type":"image\/jpeg"}],"author":"Yusra NY","twitter_card":"summary_large_image","twitter_creator":"@KapitalisInfo","twitter_site":"@KapitalisInfo","twitter_misc":{"\u00c9crit par":"Yusra NY","Dur\u00e9e de lecture estim\u00e9e":"2 minutes"},"schema":{"@context":"https:\/\/schema.org","@graph":[{"@type":"Article","@id":"https:\/\/kapitalis.com\/tunisie\/2026\/04\/28\/crise-au-mali-la-tunisie-sinquiete-de-lescalade-de-la-violence-armee\/#article","isPartOf":{"@id":"https:\/\/kapitalis.com\/tunisie\/2026\/04\/28\/crise-au-mali-la-tunisie-sinquiete-de-lescalade-de-la-violence-armee\/"},"author":{"name":"Yusra NY","@id":"https:\/\/kapitalis.com\/tunisie\/#\/schema\/person\/74bbde0154d49d790a92aaeac5bc01d5"},"headline":"Crise au Mali | La Tunisie s&rsquo;inqui\u00e8te de l&rsquo;escalade de la violence arm\u00e9e","datePublished":"2026-04-28T18:12:45+00:00","dateModified":"2026-04-28T18:32:32+00:00","mainEntityOfPage":{"@id":"https:\/\/kapitalis.com\/tunisie\/2026\/04\/28\/crise-au-mali-la-tunisie-sinquiete-de-lescalade-de-la-violence-armee\/"},"wordCount":215,"commentCount":0,"publisher":{"@id":"https:\/\/kapitalis.com\/tunisie\/#organization"},"image":{"@id":"https:\/\/kapitalis.com\/tunisie\/2026\/04\/28\/crise-au-mali-la-tunisie-sinquiete-de-lescalade-de-la-violence-armee\/#primaryimage"},"thumbnailUrl":"https:\/\/kapitalis.com\/tunisie\/wp-content\/uploads\/2022\/07\/Affaires-etrangeres.jpg","keywords":["Al-Qa\u00efda","Jnim","Mali","solidarit\u00e9","terrorisme","Tunisie","violence"],"articleSection":["POLITIQUE","Tunisie"],"inLanguage":"fr-FR","potentialAction":[{"@type":"CommentAction","name":"Comment","target":["https:\/\/kapitalis.com\/tunisie\/2026\/04\/28\/crise-au-mali-la-tunisie-sinquiete-de-lescalade-de-la-violence-armee\/#respond"]}]},{"@type":"WebPage","@id":"https:\/\/kapitalis.com\/tunisie\/2026\/04\/28\/crise-au-mali-la-tunisie-sinquiete-de-lescalade-de-la-violence-armee\/","url":"https:\/\/kapitalis.com\/tunisie\/2026\/04\/28\/crise-au-mali-la-tunisie-sinquiete-de-lescalade-de-la-violence-armee\/","name":"Crise au Mali | La Tunisie s'inqui\u00e8te de l'escalade de la violence arm\u00e9e - Kapitalis","isPartOf":{"@id":"https:\/\/kapitalis.com\/tunisie\/#website"},"primaryImageOfPage":{"@id":"https:\/\/kapitalis.com\/tunisie\/2026\/04\/28\/crise-au-mali-la-tunisie-sinquiete-de-lescalade-de-la-violence-armee\/#primaryimage"},"image":{"@id":"https:\/\/kapitalis.com\/tunisie\/2026\/04\/28\/crise-au-mali-la-tunisie-sinquiete-de-lescalade-de-la-violence-armee\/#primaryimage"},"thumbnailUrl":"https:\/\/kapitalis.com\/tunisie\/wp-content\/uploads\/2022\/07\/Affaires-etrangeres.jpg","datePublished":"2026-04-28T18:12:45+00:00","dateModified":"2026-04-28T18:32:32+00:00","breadcrumb":{"@id":"https:\/\/kapitalis.com\/tunisie\/2026\/04\/28\/crise-au-mali-la-tunisie-sinquiete-de-lescalade-de-la-violence-armee\/#breadcrumb"},"inLanguage":"fr-FR","potentialAction":[{"@type":"ReadAction","target":["https:\/\/kapitalis.com\/tunisie\/2026\/04\/28\/crise-au-mali-la-tunisie-sinquiete-de-lescalade-de-la-violence-armee\/"]}]},{"@type":"ImageObject","inLanguage":"fr-FR","@id":"https:\/\/kapitalis.com\/tunisie\/2026\/04\/28\/crise-au-mali-la-tunisie-sinquiete-de-lescalade-de-la-violence-armee\/#primaryimage","url":"https:\/\/kapitalis.com\/tunisie\/wp-content\/uploads\/2022\/07\/Affaires-etrangeres.jpg","contentUrl":"https:\/\/kapitalis.com\/tunisie\/wp-content\/uploads\/2022\/07\/Affaires-etrangeres.jpg","width":1200,"height":630},{"@type":"BreadcrumbList","@id":"https:\/\/kapitalis.com\/tunisie\/2026\/04\/28\/crise-au-mali-la-tunisie-sinquiete-de-lescalade-de-la-violence-armee\/#breadcrumb","itemListElement":[{"@type":"ListItem","position":1,"name":"Accueil","item":"https:\/\/kapitalis.com\/tunisie\/"},{"@type":"ListItem","position":2,"name":"Crise au Mali | La Tunisie s&rsquo;inqui\u00e8te de l&rsquo;escalade de la violence arm\u00e9e"}]},{"@type":"WebSite","@id":"https:\/\/kapitalis.com\/tunisie\/#website","url":"https:\/\/kapitalis.com\/tunisie\/","name":"Kapitalis","description":"L&#039;actualit\u00e9 en Tunisie et dans le monde","publisher":{"@id":"https:\/\/kapitalis.com\/tunisie\/#organization"},"potentialAction":[{"@type":"SearchAction","target":{"@type":"EntryPoint","urlTemplate":"https:\/\/kapitalis.com\/tunisie\/?s={search_term_string}"},"query-input":{"@type":"PropertyValueSpecification","valueRequired":true,"valueName":"search_term_string"}}],"inLanguage":"fr-FR"},{"@type":"Organization","@id":"https:\/\/kapitalis.com\/tunisie\/#organization","name":"Kapitalis","url":"https:\/\/kapitalis.com\/tunisie\/","logo":{"@type":"ImageObject","inLanguage":"fr-FR","@id":"https:\/\/kapitalis.com\/tunisie\/#\/schema\/logo\/image\/","url":"https:\/\/kapitalis.com\/tunisie\/wp-content\/uploads\/2022\/05\/Kapitalis-big-size.png","contentUrl":"https:\/\/kapitalis.com\/tunisie\/wp-content\/uploads\/2022\/05\/Kapitalis-big-size.png","width":5000,"height":1500,"caption":"Kapitalis"},"image":{"@id":"https:\/\/kapitalis.com\/tunisie\/#\/schema\/logo\/image\/"},"sameAs":["https:\/\/www.facebook.com\/KapitalisInfo\/","https:\/\/x.com\/KapitalisInfo","https:\/\/www.youtube.com\/channel\/UC-yDYrHyfFBWWZaOw3FPg9Q"]},{"@type":"Person","@id":"https:\/\/kapitalis.com\/tunisie\/#\/schema\/person\/74bbde0154d49d790a92aaeac5bc01d5","name":"Yusra NY","url":"https:\/\/kapitalis.com\/tunisie\/author\/yuza_adam\/"}]}},"_links":{"self":[{"href":"https:\/\/kapitalis.com\/tunisie\/wp-json\/wp\/v2\/posts\/18703681","targetHints":{"allow":["GET"]}}],"collection":[{"href":"https:\/\/kapitalis.com\/tunisie\/wp-json\/wp\/v2\/posts"}],"about":[{"href":"https:\/\/kapitalis.com\/tunisie\/wp-json\/wp\/v2\/types\/post"}],"author":[{"embeddable":true,"href":"https:\/\/kapitalis.com\/tunisie\/wp-json\/wp\/v2\/users\/6"}],"replies":[{"embeddable":true,"href":"https:\/\/kapitalis.com\/tunisie\/wp-json\/wp\/v2\/comments?post=18703681"}],"version-history":[{"count":1,"href":"https:\/\/kapitalis.com\/tunisie\/wp-json\/wp\/v2\/posts\/18703681\/revisions"}],"predecessor-version":[{"id":18703683,"href":"https:\/\/kapitalis.com\/tunisie\/wp-json\/wp\/v2\/posts\/18703681\/revisions\/18703683"}],"wp:featuredmedia":[{"embeddable":true,"href":"https:\/\/kapitalis.com\/tunisie\/wp-json\/wp\/v2\/media\/2597480"}],"wp:attachment":[{"href":"https:\/\/kapitalis.com\/tunisie\/wp-json\/wp\/v2\/media?parent=18703681"}],"wp:term":[{"taxonomy":"category","embeddable":true,"href":"https:\/\/kapitalis.com\/tunisie\/wp-json\/wp\/v2\/categories?post=18703681"},{"taxonomy":"post_tag","embeddable":true,"href":"https:\/\/kapitalis.com\/tunisie\/wp-json\/wp\/v2\/tags?post=18703681"}],"curies":[{"name":"wp","href":"https:\/\/api.w.org\/{rel}","templated":true}]}}