{"id":18703868,"date":"2026-04-28T19:50:42","date_gmt":"2026-04-28T18:50:42","guid":{"rendered":"https:\/\/kapitalis.com\/tunisie\/?p=18703868"},"modified":"2026-04-28T20:36:19","modified_gmt":"2026-04-28T19:36:19","slug":"tunis-verdict-dans-laffaire-du-reseau-de-traite-et-dabus-sur-mineures","status":"publish","type":"post","link":"https:\/\/kapitalis.com\/tunisie\/2026\/04\/28\/tunis-verdict-dans-laffaire-du-reseau-de-traite-et-dabus-sur-mineures\/","title":{"rendered":"Tunis | Verdict dans l&rsquo;affaire du r\u00e9seau de traite et d&rsquo;abus sur mineures"},"content":{"rendered":"\n<p><strong><em>La chambre criminelle du Tribunal de premi\u00e8re instance de Tunis a rendu son verdict dans l&rsquo;affaire de traite d&rsquo;\u00eatres humains et plus pr\u00e9cis\u00e9ment dans l&rsquo;exploitation sexuelle de mineures.<\/em><\/strong><\/p>\n\n\n\n<!--more-->\n\n\n\n<p>Les pr\u00e9venus ont \u00e9t\u00e9 reconnus coupable et ont \u00e9cop\u00e9 de peines allant de 15 ans de prison \u00e0 la r\u00e9clusion \u00e0 perp\u00e9tuit\u00e9, sachant qu&rsquo;au c\u0153ur de cette organisation criminelle figure une femme, identifi\u00e9e par les autorit\u00e9s comme la cheffe du r\u00e9seau.<\/p>\n\n\n\n<p>Les investigations avaient r\u00e9v\u00e9l\u00e9 que les jeunes victimes \u00e9taient s\u00e9questr\u00e9es dans des appartements meubl\u00e9s de Tunis, o\u00f9 elles \u00e9taient totalement isol\u00e9es et subissaient des violences et des menaces constantes pour assurer la soumission des victimes \u00e0 l&rsquo;exploitation sexuelle forc\u00e9e au profit des membres du r\u00e9seau.<\/p>\n\n\n\n<p>Le d\u00e9mant\u00e8lement de cette cellule est le fruit d&rsquo;enqu\u00eates s\u00e9curitaires minutieuses qui ont permis de localiser les appartements et de lib\u00e9rer les victimes, qui ont \u00e9t\u00e9 prises en charge.<\/p>\n\n\n\n<p class=\"has-text-align-right\"><strong>Y. N.<\/strong><\/p>\n","protected":false},"excerpt":{"rendered":"<p>La chambre criminelle du Tribunal de premi\u00e8re instance de Tunis a rendu son verdict dans l&rsquo;affaire de traite d&rsquo;\u00eatres humains et plus pr\u00e9cis\u00e9ment dans l&rsquo;exploitation sexuelle de mineures.<\/p>\n","protected":false},"author":6,"featured_media":6264215,"comment_status":"open","ping_status":"open","sticky":false,"template":"","format":"standard","meta":{"footnotes":""},"categories":[998,2433],"tags":[85351,128066,5310,128065,6581,18107],"class_list":["post-18703868","post","type-post","status-publish","format-standard","has-post-thumbnail","hentry","category-societe","category-tunisie","tag-drame","tag-exploitations-sexuelles","tag-perpetuite","tag-traite-de-mineurs","tag-violences","tag-viols"],"yoast_head":"<!-- This site is optimized with the Yoast SEO plugin v26.6 - https:\/\/yoast.com\/wordpress\/plugins\/seo\/ -->\n<title>Tunis | Verdict dans l&#039;affaire du r\u00e9seau de traite et d&#039;abus sur mineures - Kapitalis<\/title>\n<meta name=\"robots\" content=\"index, follow, max-snippet:-1, max-image-preview:large, max-video-preview:-1\" \/>\n<link rel=\"canonical\" href=\"https:\/\/kapitalis.com\/tunisie\/2026\/04\/28\/tunis-verdict-dans-laffaire-du-reseau-de-traite-et-dabus-sur-mineures\/\" \/>\n<meta property=\"og:locale\" content=\"fr_FR\" \/>\n<meta property=\"og:type\" content=\"article\" \/>\n<meta property=\"og:title\" content=\"Tunis | Verdict dans l&#039;affaire du r\u00e9seau de traite et d&#039;abus sur mineures - Kapitalis\" \/>\n<meta property=\"og:description\" content=\"La chambre criminelle du Tribunal de premi\u00e8re instance de Tunis a rendu son verdict dans l&rsquo;affaire de traite d&rsquo;\u00eatres humains et plus pr\u00e9cis\u00e9ment dans l&rsquo;exploitation sexuelle de mineures.\" \/>\n<meta property=\"og:url\" content=\"https:\/\/kapitalis.com\/tunisie\/2026\/04\/28\/tunis-verdict-dans-laffaire-du-reseau-de-traite-et-dabus-sur-mineures\/\" \/>\n<meta property=\"og:site_name\" content=\"Kapitalis\" \/>\n<meta property=\"article:publisher\" content=\"https:\/\/www.facebook.com\/KapitalisInfo\/\" \/>\n<meta property=\"article:published_time\" content=\"2026-04-28T18:50:42+00:00\" \/>\n<meta property=\"article:modified_time\" content=\"2026-04-28T19:36:19+00:00\" \/>\n<meta property=\"og:image\" content=\"https:\/\/kapitalis.com\/tunisie\/wp-content\/uploads\/2023\/02\/justice.jpg\" \/>\n\t<meta property=\"og:image:width\" content=\"1200\" \/>\n\t<meta property=\"og:image:height\" content=\"630\" \/>\n\t<meta property=\"og:image:type\" content=\"image\/jpeg\" \/>\n<meta name=\"author\" content=\"Yusra NY\" \/>\n<meta name=\"twitter:card\" content=\"summary_large_image\" \/>\n<meta name=\"twitter:creator\" content=\"@KapitalisInfo\" \/>\n<meta name=\"twitter:site\" content=\"@KapitalisInfo\" \/>\n<meta name=\"twitter:label1\" content=\"\u00c9crit par\" \/>\n\t<meta name=\"twitter:data1\" content=\"Yusra NY\" \/>\n\t<meta name=\"twitter:label2\" content=\"Dur\u00e9e de lecture estim\u00e9e\" \/>\n\t<meta name=\"twitter:data2\" content=\"1 minute\" \/>\n<script type=\"application\/ld+json\" class=\"yoast-schema-graph\">{\"@context\":\"https:\/\/schema.org\",\"@graph\":[{\"@type\":\"Article\",\"@id\":\"https:\/\/kapitalis.com\/tunisie\/2026\/04\/28\/tunis-verdict-dans-laffaire-du-reseau-de-traite-et-dabus-sur-mineures\/#article\",\"isPartOf\":{\"@id\":\"https:\/\/kapitalis.com\/tunisie\/2026\/04\/28\/tunis-verdict-dans-laffaire-du-reseau-de-traite-et-dabus-sur-mineures\/\"},\"author\":{\"name\":\"Yusra NY\",\"@id\":\"https:\/\/kapitalis.com\/tunisie\/#\/schema\/person\/74bbde0154d49d790a92aaeac5bc01d5\"},\"headline\":\"Tunis | Verdict dans l&rsquo;affaire du r\u00e9seau de traite et d&rsquo;abus sur mineures\",\"datePublished\":\"2026-04-28T18:50:42+00:00\",\"dateModified\":\"2026-04-28T19:36:19+00:00\",\"mainEntityOfPage\":{\"@id\":\"https:\/\/kapitalis.com\/tunisie\/2026\/04\/28\/tunis-verdict-dans-laffaire-du-reseau-de-traite-et-dabus-sur-mineures\/\"},\"wordCount\":178,\"commentCount\":0,\"publisher\":{\"@id\":\"https:\/\/kapitalis.com\/tunisie\/#organization\"},\"image\":{\"@id\":\"https:\/\/kapitalis.com\/tunisie\/2026\/04\/28\/tunis-verdict-dans-laffaire-du-reseau-de-traite-et-dabus-sur-mineures\/#primaryimage\"},\"thumbnailUrl\":\"https:\/\/kapitalis.com\/tunisie\/wp-content\/uploads\/2023\/02\/justice.jpg\",\"keywords\":[\"drame\",\"exploitations sexuelles\",\"perp\u00e9tuit\u00e9\",\"traite de mineurs\",\"violences\",\"viols\"],\"articleSection\":[\"SOCIETE\",\"Tunisie\"],\"inLanguage\":\"fr-FR\",\"potentialAction\":[{\"@type\":\"CommentAction\",\"name\":\"Comment\",\"target\":[\"https:\/\/kapitalis.com\/tunisie\/2026\/04\/28\/tunis-verdict-dans-laffaire-du-reseau-de-traite-et-dabus-sur-mineures\/#respond\"]}]},{\"@type\":\"WebPage\",\"@id\":\"https:\/\/kapitalis.com\/tunisie\/2026\/04\/28\/tunis-verdict-dans-laffaire-du-reseau-de-traite-et-dabus-sur-mineures\/\",\"url\":\"https:\/\/kapitalis.com\/tunisie\/2026\/04\/28\/tunis-verdict-dans-laffaire-du-reseau-de-traite-et-dabus-sur-mineures\/\",\"name\":\"Tunis | Verdict dans l'affaire du r\u00e9seau de traite et d'abus sur mineures - Kapitalis\",\"isPartOf\":{\"@id\":\"https:\/\/kapitalis.com\/tunisie\/#website\"},\"primaryImageOfPage\":{\"@id\":\"https:\/\/kapitalis.com\/tunisie\/2026\/04\/28\/tunis-verdict-dans-laffaire-du-reseau-de-traite-et-dabus-sur-mineures\/#primaryimage\"},\"image\":{\"@id\":\"https:\/\/kapitalis.com\/tunisie\/2026\/04\/28\/tunis-verdict-dans-laffaire-du-reseau-de-traite-et-dabus-sur-mineures\/#primaryimage\"},\"thumbnailUrl\":\"https:\/\/kapitalis.com\/tunisie\/wp-content\/uploads\/2023\/02\/justice.jpg\",\"datePublished\":\"2026-04-28T18:50:42+00:00\",\"dateModified\":\"2026-04-28T19:36:19+00:00\",\"breadcrumb\":{\"@id\":\"https:\/\/kapitalis.com\/tunisie\/2026\/04\/28\/tunis-verdict-dans-laffaire-du-reseau-de-traite-et-dabus-sur-mineures\/#breadcrumb\"},\"inLanguage\":\"fr-FR\",\"potentialAction\":[{\"@type\":\"ReadAction\",\"target\":[\"https:\/\/kapitalis.com\/tunisie\/2026\/04\/28\/tunis-verdict-dans-laffaire-du-reseau-de-traite-et-dabus-sur-mineures\/\"]}]},{\"@type\":\"ImageObject\",\"inLanguage\":\"fr-FR\",\"@id\":\"https:\/\/kapitalis.com\/tunisie\/2026\/04\/28\/tunis-verdict-dans-laffaire-du-reseau-de-traite-et-dabus-sur-mineures\/#primaryimage\",\"url\":\"https:\/\/kapitalis.com\/tunisie\/wp-content\/uploads\/2023\/02\/justice.jpg\",\"contentUrl\":\"https:\/\/kapitalis.com\/tunisie\/wp-content\/uploads\/2023\/02\/justice.jpg\",\"width\":1200,\"height\":630},{\"@type\":\"BreadcrumbList\",\"@id\":\"https:\/\/kapitalis.com\/tunisie\/2026\/04\/28\/tunis-verdict-dans-laffaire-du-reseau-de-traite-et-dabus-sur-mineures\/#breadcrumb\",\"itemListElement\":[{\"@type\":\"ListItem\",\"position\":1,\"name\":\"Accueil\",\"item\":\"https:\/\/kapitalis.com\/tunisie\/\"},{\"@type\":\"ListItem\",\"position\":2,\"name\":\"Tunis | Verdict dans l&rsquo;affaire du r\u00e9seau de traite et d&rsquo;abus sur mineures\"}]},{\"@type\":\"WebSite\",\"@id\":\"https:\/\/kapitalis.com\/tunisie\/#website\",\"url\":\"https:\/\/kapitalis.com\/tunisie\/\",\"name\":\"Kapitalis\",\"description\":\"L&#039;actualit\u00e9 en Tunisie et dans le monde\",\"publisher\":{\"@id\":\"https:\/\/kapitalis.com\/tunisie\/#organization\"},\"potentialAction\":[{\"@type\":\"SearchAction\",\"target\":{\"@type\":\"EntryPoint\",\"urlTemplate\":\"https:\/\/kapitalis.com\/tunisie\/?s={search_term_string}\"},\"query-input\":{\"@type\":\"PropertyValueSpecification\",\"valueRequired\":true,\"valueName\":\"search_term_string\"}}],\"inLanguage\":\"fr-FR\"},{\"@type\":\"Organization\",\"@id\":\"https:\/\/kapitalis.com\/tunisie\/#organization\",\"name\":\"Kapitalis\",\"url\":\"https:\/\/kapitalis.com\/tunisie\/\",\"logo\":{\"@type\":\"ImageObject\",\"inLanguage\":\"fr-FR\",\"@id\":\"https:\/\/kapitalis.com\/tunisie\/#\/schema\/logo\/image\/\",\"url\":\"https:\/\/kapitalis.com\/tunisie\/wp-content\/uploads\/2022\/05\/Kapitalis-big-size.png\",\"contentUrl\":\"https:\/\/kapitalis.com\/tunisie\/wp-content\/uploads\/2022\/05\/Kapitalis-big-size.png\",\"width\":5000,\"height\":1500,\"caption\":\"Kapitalis\"},\"image\":{\"@id\":\"https:\/\/kapitalis.com\/tunisie\/#\/schema\/logo\/image\/\"},\"sameAs\":[\"https:\/\/www.facebook.com\/KapitalisInfo\/\",\"https:\/\/x.com\/KapitalisInfo\",\"https:\/\/www.youtube.com\/channel\/UC-yDYrHyfFBWWZaOw3FPg9Q\"]},{\"@type\":\"Person\",\"@id\":\"https:\/\/kapitalis.com\/tunisie\/#\/schema\/person\/74bbde0154d49d790a92aaeac5bc01d5\",\"name\":\"Yusra NY\",\"url\":\"https:\/\/kapitalis.com\/tunisie\/author\/yuza_adam\/\"}]}<\/script>\n<!-- \/ Yoast SEO plugin. -->","yoast_head_json":{"title":"Tunis | Verdict dans l'affaire du r\u00e9seau de traite et d'abus sur mineures - Kapitalis","robots":{"index":"index","follow":"follow","max-snippet":"max-snippet:-1","max-image-preview":"max-image-preview:large","max-video-preview":"max-video-preview:-1"},"canonical":"https:\/\/kapitalis.com\/tunisie\/2026\/04\/28\/tunis-verdict-dans-laffaire-du-reseau-de-traite-et-dabus-sur-mineures\/","og_locale":"fr_FR","og_type":"article","og_title":"Tunis | Verdict dans l'affaire du r\u00e9seau de traite et d'abus sur mineures - Kapitalis","og_description":"La chambre criminelle du Tribunal de premi\u00e8re instance de Tunis a rendu son verdict dans l&rsquo;affaire de traite d&rsquo;\u00eatres humains et plus pr\u00e9cis\u00e9ment dans l&rsquo;exploitation sexuelle de mineures.","og_url":"https:\/\/kapitalis.com\/tunisie\/2026\/04\/28\/tunis-verdict-dans-laffaire-du-reseau-de-traite-et-dabus-sur-mineures\/","og_site_name":"Kapitalis","article_publisher":"https:\/\/www.facebook.com\/KapitalisInfo\/","article_published_time":"2026-04-28T18:50:42+00:00","article_modified_time":"2026-04-28T19:36:19+00:00","og_image":[{"width":1200,"height":630,"url":"https:\/\/kapitalis.com\/tunisie\/wp-content\/uploads\/2023\/02\/justice.jpg","type":"image\/jpeg"}],"author":"Yusra NY","twitter_card":"summary_large_image","twitter_creator":"@KapitalisInfo","twitter_site":"@KapitalisInfo","twitter_misc":{"\u00c9crit par":"Yusra NY","Dur\u00e9e de lecture estim\u00e9e":"1 minute"},"schema":{"@context":"https:\/\/schema.org","@graph":[{"@type":"Article","@id":"https:\/\/kapitalis.com\/tunisie\/2026\/04\/28\/tunis-verdict-dans-laffaire-du-reseau-de-traite-et-dabus-sur-mineures\/#article","isPartOf":{"@id":"https:\/\/kapitalis.com\/tunisie\/2026\/04\/28\/tunis-verdict-dans-laffaire-du-reseau-de-traite-et-dabus-sur-mineures\/"},"author":{"name":"Yusra NY","@id":"https:\/\/kapitalis.com\/tunisie\/#\/schema\/person\/74bbde0154d49d790a92aaeac5bc01d5"},"headline":"Tunis | Verdict dans l&rsquo;affaire du r\u00e9seau de traite et d&rsquo;abus sur mineures","datePublished":"2026-04-28T18:50:42+00:00","dateModified":"2026-04-28T19:36:19+00:00","mainEntityOfPage":{"@id":"https:\/\/kapitalis.com\/tunisie\/2026\/04\/28\/tunis-verdict-dans-laffaire-du-reseau-de-traite-et-dabus-sur-mineures\/"},"wordCount":178,"commentCount":0,"publisher":{"@id":"https:\/\/kapitalis.com\/tunisie\/#organization"},"image":{"@id":"https:\/\/kapitalis.com\/tunisie\/2026\/04\/28\/tunis-verdict-dans-laffaire-du-reseau-de-traite-et-dabus-sur-mineures\/#primaryimage"},"thumbnailUrl":"https:\/\/kapitalis.com\/tunisie\/wp-content\/uploads\/2023\/02\/justice.jpg","keywords":["drame","exploitations sexuelles","perp\u00e9tuit\u00e9","traite de mineurs","violences","viols"],"articleSection":["SOCIETE","Tunisie"],"inLanguage":"fr-FR","potentialAction":[{"@type":"CommentAction","name":"Comment","target":["https:\/\/kapitalis.com\/tunisie\/2026\/04\/28\/tunis-verdict-dans-laffaire-du-reseau-de-traite-et-dabus-sur-mineures\/#respond"]}]},{"@type":"WebPage","@id":"https:\/\/kapitalis.com\/tunisie\/2026\/04\/28\/tunis-verdict-dans-laffaire-du-reseau-de-traite-et-dabus-sur-mineures\/","url":"https:\/\/kapitalis.com\/tunisie\/2026\/04\/28\/tunis-verdict-dans-laffaire-du-reseau-de-traite-et-dabus-sur-mineures\/","name":"Tunis | Verdict dans l'affaire du r\u00e9seau de traite et d'abus sur mineures - Kapitalis","isPartOf":{"@id":"https:\/\/kapitalis.com\/tunisie\/#website"},"primaryImageOfPage":{"@id":"https:\/\/kapitalis.com\/tunisie\/2026\/04\/28\/tunis-verdict-dans-laffaire-du-reseau-de-traite-et-dabus-sur-mineures\/#primaryimage"},"image":{"@id":"https:\/\/kapitalis.com\/tunisie\/2026\/04\/28\/tunis-verdict-dans-laffaire-du-reseau-de-traite-et-dabus-sur-mineures\/#primaryimage"},"thumbnailUrl":"https:\/\/kapitalis.com\/tunisie\/wp-content\/uploads\/2023\/02\/justice.jpg","datePublished":"2026-04-28T18:50:42+00:00","dateModified":"2026-04-28T19:36:19+00:00","breadcrumb":{"@id":"https:\/\/kapitalis.com\/tunisie\/2026\/04\/28\/tunis-verdict-dans-laffaire-du-reseau-de-traite-et-dabus-sur-mineures\/#breadcrumb"},"inLanguage":"fr-FR","potentialAction":[{"@type":"ReadAction","target":["https:\/\/kapitalis.com\/tunisie\/2026\/04\/28\/tunis-verdict-dans-laffaire-du-reseau-de-traite-et-dabus-sur-mineures\/"]}]},{"@type":"ImageObject","inLanguage":"fr-FR","@id":"https:\/\/kapitalis.com\/tunisie\/2026\/04\/28\/tunis-verdict-dans-laffaire-du-reseau-de-traite-et-dabus-sur-mineures\/#primaryimage","url":"https:\/\/kapitalis.com\/tunisie\/wp-content\/uploads\/2023\/02\/justice.jpg","contentUrl":"https:\/\/kapitalis.com\/tunisie\/wp-content\/uploads\/2023\/02\/justice.jpg","width":1200,"height":630},{"@type":"BreadcrumbList","@id":"https:\/\/kapitalis.com\/tunisie\/2026\/04\/28\/tunis-verdict-dans-laffaire-du-reseau-de-traite-et-dabus-sur-mineures\/#breadcrumb","itemListElement":[{"@type":"ListItem","position":1,"name":"Accueil","item":"https:\/\/kapitalis.com\/tunisie\/"},{"@type":"ListItem","position":2,"name":"Tunis | Verdict dans l&rsquo;affaire du r\u00e9seau de traite et d&rsquo;abus sur mineures"}]},{"@type":"WebSite","@id":"https:\/\/kapitalis.com\/tunisie\/#website","url":"https:\/\/kapitalis.com\/tunisie\/","name":"Kapitalis","description":"L&#039;actualit\u00e9 en Tunisie et dans le monde","publisher":{"@id":"https:\/\/kapitalis.com\/tunisie\/#organization"},"potentialAction":[{"@type":"SearchAction","target":{"@type":"EntryPoint","urlTemplate":"https:\/\/kapitalis.com\/tunisie\/?s={search_term_string}"},"query-input":{"@type":"PropertyValueSpecification","valueRequired":true,"valueName":"search_term_string"}}],"inLanguage":"fr-FR"},{"@type":"Organization","@id":"https:\/\/kapitalis.com\/tunisie\/#organization","name":"Kapitalis","url":"https:\/\/kapitalis.com\/tunisie\/","logo":{"@type":"ImageObject","inLanguage":"fr-FR","@id":"https:\/\/kapitalis.com\/tunisie\/#\/schema\/logo\/image\/","url":"https:\/\/kapitalis.com\/tunisie\/wp-content\/uploads\/2022\/05\/Kapitalis-big-size.png","contentUrl":"https:\/\/kapitalis.com\/tunisie\/wp-content\/uploads\/2022\/05\/Kapitalis-big-size.png","width":5000,"height":1500,"caption":"Kapitalis"},"image":{"@id":"https:\/\/kapitalis.com\/tunisie\/#\/schema\/logo\/image\/"},"sameAs":["https:\/\/www.facebook.com\/KapitalisInfo\/","https:\/\/x.com\/KapitalisInfo","https:\/\/www.youtube.com\/channel\/UC-yDYrHyfFBWWZaOw3FPg9Q"]},{"@type":"Person","@id":"https:\/\/kapitalis.com\/tunisie\/#\/schema\/person\/74bbde0154d49d790a92aaeac5bc01d5","name":"Yusra NY","url":"https:\/\/kapitalis.com\/tunisie\/author\/yuza_adam\/"}]}},"_links":{"self":[{"href":"https:\/\/kapitalis.com\/tunisie\/wp-json\/wp\/v2\/posts\/18703868","targetHints":{"allow":["GET"]}}],"collection":[{"href":"https:\/\/kapitalis.com\/tunisie\/wp-json\/wp\/v2\/posts"}],"about":[{"href":"https:\/\/kapitalis.com\/tunisie\/wp-json\/wp\/v2\/types\/post"}],"author":[{"embeddable":true,"href":"https:\/\/kapitalis.com\/tunisie\/wp-json\/wp\/v2\/users\/6"}],"replies":[{"embeddable":true,"href":"https:\/\/kapitalis.com\/tunisie\/wp-json\/wp\/v2\/comments?post=18703868"}],"version-history":[{"count":2,"href":"https:\/\/kapitalis.com\/tunisie\/wp-json\/wp\/v2\/posts\/18703868\/revisions"}],"predecessor-version":[{"id":18703891,"href":"https:\/\/kapitalis.com\/tunisie\/wp-json\/wp\/v2\/posts\/18703868\/revisions\/18703891"}],"wp:featuredmedia":[{"embeddable":true,"href":"https:\/\/kapitalis.com\/tunisie\/wp-json\/wp\/v2\/media\/6264215"}],"wp:attachment":[{"href":"https:\/\/kapitalis.com\/tunisie\/wp-json\/wp\/v2\/media?parent=18703868"}],"wp:term":[{"taxonomy":"category","embeddable":true,"href":"https:\/\/kapitalis.com\/tunisie\/wp-json\/wp\/v2\/categories?post=18703868"},{"taxonomy":"post_tag","embeddable":true,"href":"https:\/\/kapitalis.com\/tunisie\/wp-json\/wp\/v2\/tags?post=18703868"}],"curies":[{"name":"wp","href":"https:\/\/api.w.org\/{rel}","templated":true}]}}