{"id":187055,"date":"2018-12-03T17:57:51","date_gmt":"2018-12-03T16:57:51","guid":{"rendered":"http:\/\/kapitalis.com\/tunisie\/?p=187055"},"modified":"2018-12-03T17:57:51","modified_gmt":"2018-12-03T16:57:51","slug":"linternational-tunisien-amine-ben-amor-proche-dal-ahly-du-caire","status":"publish","type":"post","link":"https:\/\/kapitalis.com\/tunisie\/2018\/12\/03\/linternational-tunisien-amine-ben-amor-proche-dal-ahly-du-caire\/","title":{"rendered":"L&rsquo;international tunisien Amine Ben Amor proche d\u2019Al-Ahly du Caire"},"content":{"rendered":"<p style=\"text-align: center;\"><img loading=\"lazy\" decoding=\"async\" class=\"alignnone size-full wp-image-187056\" src=\"http:\/\/kapitalis.com\/tunisie\/wp-content\/uploads\/2018\/12\/Amine-Ben-Amor.jpg\" alt=\"\" width=\"626\" height=\"380\" \/><\/p>\n<p><em><strong>Les \u00e9chos parvenant du Caire insistent sur le d\u00e9part imminent de l\u2019international tunisien de l\u2019Etoile sportive du Sahel, Amine Ben Amor, vers Al-Ahly du Caire, lors du prochain march\u00e9 hivernal, mais des sources \u00e9gyptiennes d\u00e9mentent tout accord officiel. <\/strong><\/em><\/p>\n<p><!--more--><\/p>\n<p>La direction de l&rsquo;Etoile sportive du Sahel (ESS) ainsi que le joueur auraient, dit-on donn\u00e9 leur accord. Quelques d\u00e9tails restent \u00e0 r\u00e9gler avant de finaliser le transfert du pivot international au grand club \u00e9gyptien o\u00f9 il rejoindra un autre international tunisien, le lat\u00e9ral gauche Ali Maaloul.<\/p>\n<p>La situation sera r\u00e9gl\u00e9e dans les prochaines heures, indiquent des m\u00e9dias \u00e9gyptiens. Mais aucun d\u00e9tail n\u2019a fuit\u00e9 sur le montant et la dur\u00e9e du transfert.<\/p>\n<p>Amine Ben Amor voulait quitter l\u2019ESS depuis la saison derni\u00e8re, apr\u00e8s l\u2019\u00e9chec du club sah\u00e9lien face \u00e0 ce m\u00eame Al-Ahly en demi finale de la Ligue des champions. Il n\u2019a pas h\u00e9sit\u00e9 \u00e0 signer pour 6 mois, en janvier 2018, avec le club saoudien d\u2019Al Ahly Jeddah.<\/p>\n<p>Bless\u00e9 en mars 2018 en match amical contre l\u2019Iran, il retrouvera tardivement ses moyens apr\u00e8s un long repos.<br \/>\nAl-Ahly a entam\u00e9 une op\u00e9ration renouvellement apr\u00e8s son \u00e9chec en finale de la Ligue des champions devant l\u2019Esp\u00e9rance sportive de Tunis. Le club va engager un nouvel entra\u00eeneur, et renforcer ses rangs avec de nouveaux joueurs locaux et \u00e9trangers en janvier prochain.<\/p>\n<p>L\u2019ex-entra\u00eeneur de l\u2019Esp\u00e9rance sportive de Tunis, et actuel s\u00e9lectionneur de l\u2019Ouganda, le Fran\u00e7ais Sebastien Desabre, est bien plac\u00e9 pour prendre la rel\u00e8ve de Patrick Carteron, limog\u00e9 le mois dernier.<\/p>\n<p style=\"text-align: right;\"><strong>H. M.<\/strong><\/p>\n","protected":false},"excerpt":{"rendered":"<p>Les \u00e9chos parvenant du Caire insistent sur le d\u00e9part imminent de l\u2019international tunisien de l\u2019Etoile sportive du Sahel, Amine Ben Amor, vers Al-Ahly du Caire, lors du prochain march\u00e9 hivernal, mais des sources \u00e9gyptiennes d\u00e9mentent tout accord officiel.<\/p>\n","protected":false},"author":8,"featured_media":187056,"comment_status":"open","ping_status":"open","sticky":false,"template":"","format":"standard","meta":{"footnotes":""},"categories":[999,2433],"tags":[32450,20249,22349,3261],"class_list":["post-187055","post","type-post","status-publish","format-standard","has-post-thumbnail","hentry","category-sport","category-tunisie","tag-al-ahly-du-caire","tag-ali-maaloul","tag-amine-ben-amor","tag-esperance-sportive-de-tunis"],"yoast_head":"<!-- This site is optimized with the Yoast SEO plugin v26.6 - https:\/\/yoast.com\/wordpress\/plugins\/seo\/ -->\n<title>L&#039;international tunisien Amine Ben Amor proche d\u2019Al-Ahly du Caire - Kapitalis<\/title>\n<meta name=\"robots\" content=\"index, follow, max-snippet:-1, max-image-preview:large, max-video-preview:-1\" \/>\n<link rel=\"canonical\" href=\"https:\/\/kapitalis.com\/tunisie\/2018\/12\/03\/linternational-tunisien-amine-ben-amor-proche-dal-ahly-du-caire\/\" \/>\n<meta property=\"og:locale\" content=\"fr_FR\" \/>\n<meta property=\"og:type\" content=\"article\" \/>\n<meta property=\"og:title\" content=\"L&#039;international tunisien Amine Ben Amor proche d\u2019Al-Ahly du Caire - Kapitalis\" \/>\n<meta property=\"og:description\" content=\"Les \u00e9chos parvenant du Caire insistent sur le d\u00e9part imminent de l\u2019international tunisien de l\u2019Etoile sportive du Sahel, Amine Ben Amor, vers Al-Ahly du Caire, lors du prochain march\u00e9 hivernal, mais des sources \u00e9gyptiennes d\u00e9mentent tout accord officiel.\" \/>\n<meta property=\"og:url\" content=\"https:\/\/kapitalis.com\/tunisie\/2018\/12\/03\/linternational-tunisien-amine-ben-amor-proche-dal-ahly-du-caire\/\" \/>\n<meta property=\"og:site_name\" content=\"Kapitalis\" \/>\n<meta property=\"article:publisher\" content=\"https:\/\/www.facebook.com\/KapitalisInfo\/\" \/>\n<meta property=\"article:published_time\" content=\"2018-12-03T16:57:51+00:00\" \/>\n<meta property=\"og:image\" content=\"https:\/\/kapitalis.com\/tunisie\/wp-content\/uploads\/2022\/05\/kapitalis-logo-fb.png\" \/>\n\t<meta property=\"og:image:width\" content=\"1200\" \/>\n\t<meta property=\"og:image:height\" content=\"630\" \/>\n\t<meta property=\"og:image:type\" content=\"image\/png\" \/>\n<meta name=\"author\" content=\"webmaster kapitalis\" \/>\n<meta name=\"twitter:card\" content=\"summary_large_image\" \/>\n<meta name=\"twitter:creator\" content=\"@KapitalisInfo\" \/>\n<meta name=\"twitter:site\" content=\"@KapitalisInfo\" \/>\n<meta name=\"twitter:label1\" content=\"\u00c9crit par\" \/>\n\t<meta name=\"twitter:data1\" content=\"webmaster kapitalis\" \/>\n\t<meta name=\"twitter:label2\" content=\"Dur\u00e9e de lecture estim\u00e9e\" \/>\n\t<meta name=\"twitter:data2\" content=\"1 minute\" \/>\n<script type=\"application\/ld+json\" class=\"yoast-schema-graph\">{\"@context\":\"https:\/\/schema.org\",\"@graph\":[{\"@type\":\"Article\",\"@id\":\"https:\/\/kapitalis.com\/tunisie\/2018\/12\/03\/linternational-tunisien-amine-ben-amor-proche-dal-ahly-du-caire\/#article\",\"isPartOf\":{\"@id\":\"https:\/\/kapitalis.com\/tunisie\/2018\/12\/03\/linternational-tunisien-amine-ben-amor-proche-dal-ahly-du-caire\/\"},\"author\":{\"name\":\"webmaster kapitalis\",\"@id\":\"https:\/\/kapitalis.com\/tunisie\/#\/schema\/person\/d71f33a9ca44f7bad4698210b480c8e9\"},\"headline\":\"L&rsquo;international tunisien Amine Ben Amor proche d\u2019Al-Ahly du Caire\",\"datePublished\":\"2018-12-03T16:57:51+00:00\",\"mainEntityOfPage\":{\"@id\":\"https:\/\/kapitalis.com\/tunisie\/2018\/12\/03\/linternational-tunisien-amine-ben-amor-proche-dal-ahly-du-caire\/\"},\"wordCount\":288,\"commentCount\":0,\"publisher\":{\"@id\":\"https:\/\/kapitalis.com\/tunisie\/#organization\"},\"image\":{\"@id\":\"https:\/\/kapitalis.com\/tunisie\/2018\/12\/03\/linternational-tunisien-amine-ben-amor-proche-dal-ahly-du-caire\/#primaryimage\"},\"thumbnailUrl\":\"\",\"keywords\":[\"Al Ahly du Caire\",\"Ali Maaloul\",\"Amine ben Amor\",\"Esp\u00e9rance sportive de Tunis\"],\"articleSection\":[\"SPORT\",\"Tunisie\"],\"inLanguage\":\"fr-FR\",\"potentialAction\":[{\"@type\":\"CommentAction\",\"name\":\"Comment\",\"target\":[\"https:\/\/kapitalis.com\/tunisie\/2018\/12\/03\/linternational-tunisien-amine-ben-amor-proche-dal-ahly-du-caire\/#respond\"]}]},{\"@type\":\"WebPage\",\"@id\":\"https:\/\/kapitalis.com\/tunisie\/2018\/12\/03\/linternational-tunisien-amine-ben-amor-proche-dal-ahly-du-caire\/\",\"url\":\"https:\/\/kapitalis.com\/tunisie\/2018\/12\/03\/linternational-tunisien-amine-ben-amor-proche-dal-ahly-du-caire\/\",\"name\":\"L'international tunisien Amine Ben Amor proche d\u2019Al-Ahly du Caire - Kapitalis\",\"isPartOf\":{\"@id\":\"https:\/\/kapitalis.com\/tunisie\/#website\"},\"primaryImageOfPage\":{\"@id\":\"https:\/\/kapitalis.com\/tunisie\/2018\/12\/03\/linternational-tunisien-amine-ben-amor-proche-dal-ahly-du-caire\/#primaryimage\"},\"image\":{\"@id\":\"https:\/\/kapitalis.com\/tunisie\/2018\/12\/03\/linternational-tunisien-amine-ben-amor-proche-dal-ahly-du-caire\/#primaryimage\"},\"thumbnailUrl\":\"\",\"datePublished\":\"2018-12-03T16:57:51+00:00\",\"breadcrumb\":{\"@id\":\"https:\/\/kapitalis.com\/tunisie\/2018\/12\/03\/linternational-tunisien-amine-ben-amor-proche-dal-ahly-du-caire\/#breadcrumb\"},\"inLanguage\":\"fr-FR\",\"potentialAction\":[{\"@type\":\"ReadAction\",\"target\":[\"https:\/\/kapitalis.com\/tunisie\/2018\/12\/03\/linternational-tunisien-amine-ben-amor-proche-dal-ahly-du-caire\/\"]}]},{\"@type\":\"ImageObject\",\"inLanguage\":\"fr-FR\",\"@id\":\"https:\/\/kapitalis.com\/tunisie\/2018\/12\/03\/linternational-tunisien-amine-ben-amor-proche-dal-ahly-du-caire\/#primaryimage\",\"url\":\"\",\"contentUrl\":\"\"},{\"@type\":\"BreadcrumbList\",\"@id\":\"https:\/\/kapitalis.com\/tunisie\/2018\/12\/03\/linternational-tunisien-amine-ben-amor-proche-dal-ahly-du-caire\/#breadcrumb\",\"itemListElement\":[{\"@type\":\"ListItem\",\"position\":1,\"name\":\"Accueil\",\"item\":\"https:\/\/kapitalis.com\/tunisie\/\"},{\"@type\":\"ListItem\",\"position\":2,\"name\":\"L&rsquo;international tunisien Amine Ben Amor proche d\u2019Al-Ahly du Caire\"}]},{\"@type\":\"WebSite\",\"@id\":\"https:\/\/kapitalis.com\/tunisie\/#website\",\"url\":\"https:\/\/kapitalis.com\/tunisie\/\",\"name\":\"Kapitalis\",\"description\":\"L&#039;actualit\u00e9 en Tunisie et dans le monde\",\"publisher\":{\"@id\":\"https:\/\/kapitalis.com\/tunisie\/#organization\"},\"potentialAction\":[{\"@type\":\"SearchAction\",\"target\":{\"@type\":\"EntryPoint\",\"urlTemplate\":\"https:\/\/kapitalis.com\/tunisie\/?s={search_term_string}\"},\"query-input\":{\"@type\":\"PropertyValueSpecification\",\"valueRequired\":true,\"valueName\":\"search_term_string\"}}],\"inLanguage\":\"fr-FR\"},{\"@type\":\"Organization\",\"@id\":\"https:\/\/kapitalis.com\/tunisie\/#organization\",\"name\":\"Kapitalis\",\"url\":\"https:\/\/kapitalis.com\/tunisie\/\",\"logo\":{\"@type\":\"ImageObject\",\"inLanguage\":\"fr-FR\",\"@id\":\"https:\/\/kapitalis.com\/tunisie\/#\/schema\/logo\/image\/\",\"url\":\"https:\/\/kapitalis.com\/tunisie\/wp-content\/uploads\/2022\/05\/Kapitalis-big-size.png\",\"contentUrl\":\"https:\/\/kapitalis.com\/tunisie\/wp-content\/uploads\/2022\/05\/Kapitalis-big-size.png\",\"width\":5000,\"height\":1500,\"caption\":\"Kapitalis\"},\"image\":{\"@id\":\"https:\/\/kapitalis.com\/tunisie\/#\/schema\/logo\/image\/\"},\"sameAs\":[\"https:\/\/www.facebook.com\/KapitalisInfo\/\",\"https:\/\/x.com\/KapitalisInfo\",\"https:\/\/www.youtube.com\/channel\/UC-yDYrHyfFBWWZaOw3FPg9Q\"]},{\"@type\":\"Person\",\"@id\":\"https:\/\/kapitalis.com\/tunisie\/#\/schema\/person\/d71f33a9ca44f7bad4698210b480c8e9\",\"name\":\"webmaster kapitalis\",\"url\":\"https:\/\/kapitalis.com\/tunisie\/author\/webmaster-kapitalis\/\"}]}<\/script>\n<!-- \/ Yoast SEO plugin. -->","yoast_head_json":{"title":"L'international tunisien Amine Ben Amor proche d\u2019Al-Ahly du Caire - Kapitalis","robots":{"index":"index","follow":"follow","max-snippet":"max-snippet:-1","max-image-preview":"max-image-preview:large","max-video-preview":"max-video-preview:-1"},"canonical":"https:\/\/kapitalis.com\/tunisie\/2018\/12\/03\/linternational-tunisien-amine-ben-amor-proche-dal-ahly-du-caire\/","og_locale":"fr_FR","og_type":"article","og_title":"L'international tunisien Amine Ben Amor proche d\u2019Al-Ahly du Caire - Kapitalis","og_description":"Les \u00e9chos parvenant du Caire insistent sur le d\u00e9part imminent de l\u2019international tunisien de l\u2019Etoile sportive du Sahel, Amine Ben Amor, vers Al-Ahly du Caire, lors du prochain march\u00e9 hivernal, mais des sources \u00e9gyptiennes d\u00e9mentent tout accord officiel.","og_url":"https:\/\/kapitalis.com\/tunisie\/2018\/12\/03\/linternational-tunisien-amine-ben-amor-proche-dal-ahly-du-caire\/","og_site_name":"Kapitalis","article_publisher":"https:\/\/www.facebook.com\/KapitalisInfo\/","article_published_time":"2018-12-03T16:57:51+00:00","og_image":[{"width":1200,"height":630,"url":"https:\/\/kapitalis.com\/tunisie\/wp-content\/uploads\/2022\/05\/kapitalis-logo-fb.png","type":"image\/png"}],"author":"webmaster kapitalis","twitter_card":"summary_large_image","twitter_creator":"@KapitalisInfo","twitter_site":"@KapitalisInfo","twitter_misc":{"\u00c9crit par":"webmaster kapitalis","Dur\u00e9e de lecture estim\u00e9e":"1 minute"},"schema":{"@context":"https:\/\/schema.org","@graph":[{"@type":"Article","@id":"https:\/\/kapitalis.com\/tunisie\/2018\/12\/03\/linternational-tunisien-amine-ben-amor-proche-dal-ahly-du-caire\/#article","isPartOf":{"@id":"https:\/\/kapitalis.com\/tunisie\/2018\/12\/03\/linternational-tunisien-amine-ben-amor-proche-dal-ahly-du-caire\/"},"author":{"name":"webmaster kapitalis","@id":"https:\/\/kapitalis.com\/tunisie\/#\/schema\/person\/d71f33a9ca44f7bad4698210b480c8e9"},"headline":"L&rsquo;international tunisien Amine Ben Amor proche d\u2019Al-Ahly du Caire","datePublished":"2018-12-03T16:57:51+00:00","mainEntityOfPage":{"@id":"https:\/\/kapitalis.com\/tunisie\/2018\/12\/03\/linternational-tunisien-amine-ben-amor-proche-dal-ahly-du-caire\/"},"wordCount":288,"commentCount":0,"publisher":{"@id":"https:\/\/kapitalis.com\/tunisie\/#organization"},"image":{"@id":"https:\/\/kapitalis.com\/tunisie\/2018\/12\/03\/linternational-tunisien-amine-ben-amor-proche-dal-ahly-du-caire\/#primaryimage"},"thumbnailUrl":"","keywords":["Al Ahly du Caire","Ali Maaloul","Amine ben Amor","Esp\u00e9rance sportive de Tunis"],"articleSection":["SPORT","Tunisie"],"inLanguage":"fr-FR","potentialAction":[{"@type":"CommentAction","name":"Comment","target":["https:\/\/kapitalis.com\/tunisie\/2018\/12\/03\/linternational-tunisien-amine-ben-amor-proche-dal-ahly-du-caire\/#respond"]}]},{"@type":"WebPage","@id":"https:\/\/kapitalis.com\/tunisie\/2018\/12\/03\/linternational-tunisien-amine-ben-amor-proche-dal-ahly-du-caire\/","url":"https:\/\/kapitalis.com\/tunisie\/2018\/12\/03\/linternational-tunisien-amine-ben-amor-proche-dal-ahly-du-caire\/","name":"L'international tunisien Amine Ben Amor proche d\u2019Al-Ahly du Caire - Kapitalis","isPartOf":{"@id":"https:\/\/kapitalis.com\/tunisie\/#website"},"primaryImageOfPage":{"@id":"https:\/\/kapitalis.com\/tunisie\/2018\/12\/03\/linternational-tunisien-amine-ben-amor-proche-dal-ahly-du-caire\/#primaryimage"},"image":{"@id":"https:\/\/kapitalis.com\/tunisie\/2018\/12\/03\/linternational-tunisien-amine-ben-amor-proche-dal-ahly-du-caire\/#primaryimage"},"thumbnailUrl":"","datePublished":"2018-12-03T16:57:51+00:00","breadcrumb":{"@id":"https:\/\/kapitalis.com\/tunisie\/2018\/12\/03\/linternational-tunisien-amine-ben-amor-proche-dal-ahly-du-caire\/#breadcrumb"},"inLanguage":"fr-FR","potentialAction":[{"@type":"ReadAction","target":["https:\/\/kapitalis.com\/tunisie\/2018\/12\/03\/linternational-tunisien-amine-ben-amor-proche-dal-ahly-du-caire\/"]}]},{"@type":"ImageObject","inLanguage":"fr-FR","@id":"https:\/\/kapitalis.com\/tunisie\/2018\/12\/03\/linternational-tunisien-amine-ben-amor-proche-dal-ahly-du-caire\/#primaryimage","url":"","contentUrl":""},{"@type":"BreadcrumbList","@id":"https:\/\/kapitalis.com\/tunisie\/2018\/12\/03\/linternational-tunisien-amine-ben-amor-proche-dal-ahly-du-caire\/#breadcrumb","itemListElement":[{"@type":"ListItem","position":1,"name":"Accueil","item":"https:\/\/kapitalis.com\/tunisie\/"},{"@type":"ListItem","position":2,"name":"L&rsquo;international tunisien Amine Ben Amor proche d\u2019Al-Ahly du Caire"}]},{"@type":"WebSite","@id":"https:\/\/kapitalis.com\/tunisie\/#website","url":"https:\/\/kapitalis.com\/tunisie\/","name":"Kapitalis","description":"L&#039;actualit\u00e9 en Tunisie et dans le monde","publisher":{"@id":"https:\/\/kapitalis.com\/tunisie\/#organization"},"potentialAction":[{"@type":"SearchAction","target":{"@type":"EntryPoint","urlTemplate":"https:\/\/kapitalis.com\/tunisie\/?s={search_term_string}"},"query-input":{"@type":"PropertyValueSpecification","valueRequired":true,"valueName":"search_term_string"}}],"inLanguage":"fr-FR"},{"@type":"Organization","@id":"https:\/\/kapitalis.com\/tunisie\/#organization","name":"Kapitalis","url":"https:\/\/kapitalis.com\/tunisie\/","logo":{"@type":"ImageObject","inLanguage":"fr-FR","@id":"https:\/\/kapitalis.com\/tunisie\/#\/schema\/logo\/image\/","url":"https:\/\/kapitalis.com\/tunisie\/wp-content\/uploads\/2022\/05\/Kapitalis-big-size.png","contentUrl":"https:\/\/kapitalis.com\/tunisie\/wp-content\/uploads\/2022\/05\/Kapitalis-big-size.png","width":5000,"height":1500,"caption":"Kapitalis"},"image":{"@id":"https:\/\/kapitalis.com\/tunisie\/#\/schema\/logo\/image\/"},"sameAs":["https:\/\/www.facebook.com\/KapitalisInfo\/","https:\/\/x.com\/KapitalisInfo","https:\/\/www.youtube.com\/channel\/UC-yDYrHyfFBWWZaOw3FPg9Q"]},{"@type":"Person","@id":"https:\/\/kapitalis.com\/tunisie\/#\/schema\/person\/d71f33a9ca44f7bad4698210b480c8e9","name":"webmaster kapitalis","url":"https:\/\/kapitalis.com\/tunisie\/author\/webmaster-kapitalis\/"}]}},"_links":{"self":[{"href":"https:\/\/kapitalis.com\/tunisie\/wp-json\/wp\/v2\/posts\/187055","targetHints":{"allow":["GET"]}}],"collection":[{"href":"https:\/\/kapitalis.com\/tunisie\/wp-json\/wp\/v2\/posts"}],"about":[{"href":"https:\/\/kapitalis.com\/tunisie\/wp-json\/wp\/v2\/types\/post"}],"author":[{"embeddable":true,"href":"https:\/\/kapitalis.com\/tunisie\/wp-json\/wp\/v2\/users\/8"}],"replies":[{"embeddable":true,"href":"https:\/\/kapitalis.com\/tunisie\/wp-json\/wp\/v2\/comments?post=187055"}],"version-history":[{"count":0,"href":"https:\/\/kapitalis.com\/tunisie\/wp-json\/wp\/v2\/posts\/187055\/revisions"}],"wp:featuredmedia":[{"embeddable":true,"href":"https:\/\/kapitalis.com\/tunisie\/wp-json\/wp\/v2\/media\/187056"}],"wp:attachment":[{"href":"https:\/\/kapitalis.com\/tunisie\/wp-json\/wp\/v2\/media?parent=187055"}],"wp:term":[{"taxonomy":"category","embeddable":true,"href":"https:\/\/kapitalis.com\/tunisie\/wp-json\/wp\/v2\/categories?post=187055"},{"taxonomy":"post_tag","embeddable":true,"href":"https:\/\/kapitalis.com\/tunisie\/wp-json\/wp\/v2\/tags?post=187055"}],"curies":[{"name":"wp","href":"https:\/\/api.w.org\/{rel}","templated":true}]}}