{"id":18705542,"date":"2026-04-28T23:53:33","date_gmt":"2026-04-28T22:53:33","guid":{"rendered":"https:\/\/kapitalis.com\/tunisie\/?p=18705542"},"modified":"2026-04-28T23:53:36","modified_gmt":"2026-04-28T22:53:36","slug":"tunisie-suisse-journee-mondiale-de-la-propriete-intellectuelle","status":"publish","type":"post","link":"https:\/\/kapitalis.com\/tunisie\/2026\/04\/28\/tunisie-suisse-journee-mondiale-de-la-propriete-intellectuelle\/","title":{"rendered":"Tunisie-Suisse | Journ\u00e9e mondiale de la propri\u00e9t\u00e9 intellectuelle"},"content":{"rendered":"\n<p><strong><em>L\u2019Ambassadeur de Suisse en Tunisie Josef Renggli a particip\u00e9 \u00e0 la conf\u00e9rence nationale intitul\u00e9e \u00ab Propri\u00e9t\u00e9 intellectuelle et piratage : enjeux et r\u00e9ponses, prot\u00e9ger la cr\u00e9ation \u00e0 l\u2019\u00e8re num\u00e9rique \u00bb, en pr\u00e9sence de Ramzi Garouachi, directeur g\u00e9n\u00e9ral de l\u2019Organisme tunisien des Droits d\u2019auteur et des Droits voisins (OTDAV).<\/em><\/strong><\/p>\n\n\n\n<!--more-->\n\n\n\n<p>Organis\u00e9e par le Projet tuniso-suisse de propri\u00e9t\u00e9 intellectuelle (TUSIP), en collaboration avec le MCDE et l\u2019OTDAV, cette conf\u00e9rence a r\u00e9uni des experts pour discuter des enjeux actuels de la propri\u00e9t\u00e9 intellectuelle.<\/p>\n\n\n\n<p>Forte d&rsquo;une longue exp\u00e9rience dans la protection de la propri\u00e9t\u00e9 intellectuelle, un secteur repr\u00e9sentant pr\u00e8s de 3 % de son PIB, la Suisse accompagne la Tunisie dans le renforcement de son syst\u00e8me de droits d&rsquo;auteur \u00e0 travers le projet TUSIP soutenu par la Coop\u00e9ration suisse en Tunisie et mis en \u0153uvre par l\u2019Institut f\u00e9d\u00e9ral de la propri\u00e9t\u00e9 intellectuelle (IPI).<\/p>\n\n\n\n<p>Cette coop\u00e9ration, men\u00e9e en \u00e9troite coordination avec les minist\u00e8res tunisiens concern\u00e9s, s&rsquo;appuie sur une approche \u00e9quilibr\u00e9e entre innovation, accessibilit\u00e9 et valorisation \u00e9conomique.<\/p>\n\n\n\n<p>Prot\u00e9ger la cr\u00e9ation aujourd&rsquo;hui, c&rsquo;est investir dans la vitalit\u00e9 culturelle et \u00e9conomique de demain !<\/p>\n\n\n\n<p class=\"has-text-align-right\"><strong>Communiqu\u00e9<\/strong><\/p>\n","protected":false},"excerpt":{"rendered":"<p>L\u2019Ambassadeur de Suisse en Tunisie Josef Renggli a particip\u00e9 \u00e0 la conf\u00e9rence nationale intitul\u00e9e \u00ab Propri\u00e9t\u00e9 intellectuelle et piratage : enjeux et r\u00e9ponses, prot\u00e9ger la cr\u00e9ation \u00e0 l\u2019\u00e8re num\u00e9rique \u00bb, en pr\u00e9sence de Ramzi Garouachi, directeur g\u00e9n\u00e9ral de l\u2019Organisme tunisien des Droits d\u2019auteur et des Droits voisins (OTDAV).<\/p>\n","protected":false},"author":6,"featured_media":18705550,"comment_status":"open","ping_status":"open","sticky":false,"template":"","format":"standard","meta":{"footnotes":""},"categories":[996,998,2433],"tags":[94296,128068,78033,866,62643],"class_list":["post-18705542","post","type-post","status-publish","format-standard","has-post-thumbnail","hentry","category-media","category-societe","category-tunisie","tag-josef-renggli","tag-otdav","tag-propriete-intellectuelle","tag-suisse","tag-tunisie"],"yoast_head":"<!-- This site is optimized with the Yoast SEO plugin v26.6 - https:\/\/yoast.com\/wordpress\/plugins\/seo\/ -->\n<title>Tunisie-Suisse | Journ\u00e9e mondiale de la propri\u00e9t\u00e9 intellectuelle - Kapitalis<\/title>\n<meta name=\"robots\" content=\"index, follow, max-snippet:-1, max-image-preview:large, max-video-preview:-1\" \/>\n<link rel=\"canonical\" href=\"https:\/\/kapitalis.com\/tunisie\/2026\/04\/28\/tunisie-suisse-journee-mondiale-de-la-propriete-intellectuelle\/\" \/>\n<meta property=\"og:locale\" content=\"fr_FR\" \/>\n<meta property=\"og:type\" content=\"article\" \/>\n<meta property=\"og:title\" content=\"Tunisie-Suisse | Journ\u00e9e mondiale de la propri\u00e9t\u00e9 intellectuelle - Kapitalis\" \/>\n<meta property=\"og:description\" content=\"L\u2019Ambassadeur de Suisse en Tunisie Josef Renggli a particip\u00e9 \u00e0 la conf\u00e9rence nationale intitul\u00e9e \u00ab Propri\u00e9t\u00e9 intellectuelle et piratage : enjeux et r\u00e9ponses, prot\u00e9ger la cr\u00e9ation \u00e0 l\u2019\u00e8re num\u00e9rique \u00bb, en pr\u00e9sence de Ramzi Garouachi, directeur g\u00e9n\u00e9ral de l\u2019Organisme tunisien des Droits d\u2019auteur et des Droits voisins (OTDAV).\" \/>\n<meta property=\"og:url\" content=\"https:\/\/kapitalis.com\/tunisie\/2026\/04\/28\/tunisie-suisse-journee-mondiale-de-la-propriete-intellectuelle\/\" \/>\n<meta property=\"og:site_name\" content=\"Kapitalis\" \/>\n<meta property=\"article:publisher\" content=\"https:\/\/www.facebook.com\/KapitalisInfo\/\" \/>\n<meta property=\"article:published_time\" content=\"2026-04-28T22:53:33+00:00\" \/>\n<meta property=\"article:modified_time\" content=\"2026-04-28T22:53:36+00:00\" \/>\n<meta property=\"og:image\" content=\"https:\/\/kapitalis.com\/tunisie\/wp-content\/uploads\/2026\/04\/Tunisie-Suisse.jpg\" \/>\n\t<meta property=\"og:image:width\" content=\"1200\" \/>\n\t<meta property=\"og:image:height\" content=\"800\" \/>\n\t<meta property=\"og:image:type\" content=\"image\/jpeg\" \/>\n<meta name=\"author\" content=\"Yusra NY\" \/>\n<meta name=\"twitter:card\" content=\"summary_large_image\" \/>\n<meta name=\"twitter:creator\" content=\"@KapitalisInfo\" \/>\n<meta name=\"twitter:site\" content=\"@KapitalisInfo\" \/>\n<meta name=\"twitter:label1\" content=\"\u00c9crit par\" \/>\n\t<meta name=\"twitter:data1\" content=\"Yusra NY\" \/>\n\t<meta name=\"twitter:label2\" content=\"Dur\u00e9e de lecture estim\u00e9e\" \/>\n\t<meta name=\"twitter:data2\" content=\"2 minutes\" \/>\n<script type=\"application\/ld+json\" class=\"yoast-schema-graph\">{\"@context\":\"https:\/\/schema.org\",\"@graph\":[{\"@type\":\"Article\",\"@id\":\"https:\/\/kapitalis.com\/tunisie\/2026\/04\/28\/tunisie-suisse-journee-mondiale-de-la-propriete-intellectuelle\/#article\",\"isPartOf\":{\"@id\":\"https:\/\/kapitalis.com\/tunisie\/2026\/04\/28\/tunisie-suisse-journee-mondiale-de-la-propriete-intellectuelle\/\"},\"author\":{\"name\":\"Yusra NY\",\"@id\":\"https:\/\/kapitalis.com\/tunisie\/#\/schema\/person\/74bbde0154d49d790a92aaeac5bc01d5\"},\"headline\":\"Tunisie-Suisse | Journ\u00e9e mondiale de la propri\u00e9t\u00e9 intellectuelle\",\"datePublished\":\"2026-04-28T22:53:33+00:00\",\"dateModified\":\"2026-04-28T22:53:36+00:00\",\"mainEntityOfPage\":{\"@id\":\"https:\/\/kapitalis.com\/tunisie\/2026\/04\/28\/tunisie-suisse-journee-mondiale-de-la-propriete-intellectuelle\/\"},\"wordCount\":213,\"commentCount\":0,\"publisher\":{\"@id\":\"https:\/\/kapitalis.com\/tunisie\/#organization\"},\"image\":{\"@id\":\"https:\/\/kapitalis.com\/tunisie\/2026\/04\/28\/tunisie-suisse-journee-mondiale-de-la-propriete-intellectuelle\/#primaryimage\"},\"thumbnailUrl\":\"https:\/\/kapitalis.com\/tunisie\/wp-content\/uploads\/2026\/04\/Tunisie-Suisse.jpg\",\"keywords\":[\"Josef Renggli\",\"OTDAV\",\"propri\u00e9t\u00e9 intellectuelle\",\"Suisse\",\"Tunisie\"],\"articleSection\":[\"MEDIA\",\"SOCIETE\",\"Tunisie\"],\"inLanguage\":\"fr-FR\",\"potentialAction\":[{\"@type\":\"CommentAction\",\"name\":\"Comment\",\"target\":[\"https:\/\/kapitalis.com\/tunisie\/2026\/04\/28\/tunisie-suisse-journee-mondiale-de-la-propriete-intellectuelle\/#respond\"]}]},{\"@type\":\"WebPage\",\"@id\":\"https:\/\/kapitalis.com\/tunisie\/2026\/04\/28\/tunisie-suisse-journee-mondiale-de-la-propriete-intellectuelle\/\",\"url\":\"https:\/\/kapitalis.com\/tunisie\/2026\/04\/28\/tunisie-suisse-journee-mondiale-de-la-propriete-intellectuelle\/\",\"name\":\"Tunisie-Suisse | Journ\u00e9e mondiale de la propri\u00e9t\u00e9 intellectuelle - Kapitalis\",\"isPartOf\":{\"@id\":\"https:\/\/kapitalis.com\/tunisie\/#website\"},\"primaryImageOfPage\":{\"@id\":\"https:\/\/kapitalis.com\/tunisie\/2026\/04\/28\/tunisie-suisse-journee-mondiale-de-la-propriete-intellectuelle\/#primaryimage\"},\"image\":{\"@id\":\"https:\/\/kapitalis.com\/tunisie\/2026\/04\/28\/tunisie-suisse-journee-mondiale-de-la-propriete-intellectuelle\/#primaryimage\"},\"thumbnailUrl\":\"https:\/\/kapitalis.com\/tunisie\/wp-content\/uploads\/2026\/04\/Tunisie-Suisse.jpg\",\"datePublished\":\"2026-04-28T22:53:33+00:00\",\"dateModified\":\"2026-04-28T22:53:36+00:00\",\"breadcrumb\":{\"@id\":\"https:\/\/kapitalis.com\/tunisie\/2026\/04\/28\/tunisie-suisse-journee-mondiale-de-la-propriete-intellectuelle\/#breadcrumb\"},\"inLanguage\":\"fr-FR\",\"potentialAction\":[{\"@type\":\"ReadAction\",\"target\":[\"https:\/\/kapitalis.com\/tunisie\/2026\/04\/28\/tunisie-suisse-journee-mondiale-de-la-propriete-intellectuelle\/\"]}]},{\"@type\":\"ImageObject\",\"inLanguage\":\"fr-FR\",\"@id\":\"https:\/\/kapitalis.com\/tunisie\/2026\/04\/28\/tunisie-suisse-journee-mondiale-de-la-propriete-intellectuelle\/#primaryimage\",\"url\":\"https:\/\/kapitalis.com\/tunisie\/wp-content\/uploads\/2026\/04\/Tunisie-Suisse.jpg\",\"contentUrl\":\"https:\/\/kapitalis.com\/tunisie\/wp-content\/uploads\/2026\/04\/Tunisie-Suisse.jpg\",\"width\":1200,\"height\":800},{\"@type\":\"BreadcrumbList\",\"@id\":\"https:\/\/kapitalis.com\/tunisie\/2026\/04\/28\/tunisie-suisse-journee-mondiale-de-la-propriete-intellectuelle\/#breadcrumb\",\"itemListElement\":[{\"@type\":\"ListItem\",\"position\":1,\"name\":\"Accueil\",\"item\":\"https:\/\/kapitalis.com\/tunisie\/\"},{\"@type\":\"ListItem\",\"position\":2,\"name\":\"Tunisie-Suisse | Journ\u00e9e mondiale de la propri\u00e9t\u00e9 intellectuelle\"}]},{\"@type\":\"WebSite\",\"@id\":\"https:\/\/kapitalis.com\/tunisie\/#website\",\"url\":\"https:\/\/kapitalis.com\/tunisie\/\",\"name\":\"Kapitalis\",\"description\":\"L&#039;actualit\u00e9 en Tunisie et dans le monde\",\"publisher\":{\"@id\":\"https:\/\/kapitalis.com\/tunisie\/#organization\"},\"potentialAction\":[{\"@type\":\"SearchAction\",\"target\":{\"@type\":\"EntryPoint\",\"urlTemplate\":\"https:\/\/kapitalis.com\/tunisie\/?s={search_term_string}\"},\"query-input\":{\"@type\":\"PropertyValueSpecification\",\"valueRequired\":true,\"valueName\":\"search_term_string\"}}],\"inLanguage\":\"fr-FR\"},{\"@type\":\"Organization\",\"@id\":\"https:\/\/kapitalis.com\/tunisie\/#organization\",\"name\":\"Kapitalis\",\"url\":\"https:\/\/kapitalis.com\/tunisie\/\",\"logo\":{\"@type\":\"ImageObject\",\"inLanguage\":\"fr-FR\",\"@id\":\"https:\/\/kapitalis.com\/tunisie\/#\/schema\/logo\/image\/\",\"url\":\"https:\/\/kapitalis.com\/tunisie\/wp-content\/uploads\/2022\/05\/Kapitalis-big-size.png\",\"contentUrl\":\"https:\/\/kapitalis.com\/tunisie\/wp-content\/uploads\/2022\/05\/Kapitalis-big-size.png\",\"width\":5000,\"height\":1500,\"caption\":\"Kapitalis\"},\"image\":{\"@id\":\"https:\/\/kapitalis.com\/tunisie\/#\/schema\/logo\/image\/\"},\"sameAs\":[\"https:\/\/www.facebook.com\/KapitalisInfo\/\",\"https:\/\/x.com\/KapitalisInfo\",\"https:\/\/www.youtube.com\/channel\/UC-yDYrHyfFBWWZaOw3FPg9Q\"]},{\"@type\":\"Person\",\"@id\":\"https:\/\/kapitalis.com\/tunisie\/#\/schema\/person\/74bbde0154d49d790a92aaeac5bc01d5\",\"name\":\"Yusra NY\",\"url\":\"https:\/\/kapitalis.com\/tunisie\/author\/yuza_adam\/\"}]}<\/script>\n<!-- \/ Yoast SEO plugin. -->","yoast_head_json":{"title":"Tunisie-Suisse | Journ\u00e9e mondiale de la propri\u00e9t\u00e9 intellectuelle - Kapitalis","robots":{"index":"index","follow":"follow","max-snippet":"max-snippet:-1","max-image-preview":"max-image-preview:large","max-video-preview":"max-video-preview:-1"},"canonical":"https:\/\/kapitalis.com\/tunisie\/2026\/04\/28\/tunisie-suisse-journee-mondiale-de-la-propriete-intellectuelle\/","og_locale":"fr_FR","og_type":"article","og_title":"Tunisie-Suisse | Journ\u00e9e mondiale de la propri\u00e9t\u00e9 intellectuelle - Kapitalis","og_description":"L\u2019Ambassadeur de Suisse en Tunisie Josef Renggli a particip\u00e9 \u00e0 la conf\u00e9rence nationale intitul\u00e9e \u00ab Propri\u00e9t\u00e9 intellectuelle et piratage : enjeux et r\u00e9ponses, prot\u00e9ger la cr\u00e9ation \u00e0 l\u2019\u00e8re num\u00e9rique \u00bb, en pr\u00e9sence de Ramzi Garouachi, directeur g\u00e9n\u00e9ral de l\u2019Organisme tunisien des Droits d\u2019auteur et des Droits voisins (OTDAV).","og_url":"https:\/\/kapitalis.com\/tunisie\/2026\/04\/28\/tunisie-suisse-journee-mondiale-de-la-propriete-intellectuelle\/","og_site_name":"Kapitalis","article_publisher":"https:\/\/www.facebook.com\/KapitalisInfo\/","article_published_time":"2026-04-28T22:53:33+00:00","article_modified_time":"2026-04-28T22:53:36+00:00","og_image":[{"width":1200,"height":800,"url":"https:\/\/kapitalis.com\/tunisie\/wp-content\/uploads\/2026\/04\/Tunisie-Suisse.jpg","type":"image\/jpeg"}],"author":"Yusra NY","twitter_card":"summary_large_image","twitter_creator":"@KapitalisInfo","twitter_site":"@KapitalisInfo","twitter_misc":{"\u00c9crit par":"Yusra NY","Dur\u00e9e de lecture estim\u00e9e":"2 minutes"},"schema":{"@context":"https:\/\/schema.org","@graph":[{"@type":"Article","@id":"https:\/\/kapitalis.com\/tunisie\/2026\/04\/28\/tunisie-suisse-journee-mondiale-de-la-propriete-intellectuelle\/#article","isPartOf":{"@id":"https:\/\/kapitalis.com\/tunisie\/2026\/04\/28\/tunisie-suisse-journee-mondiale-de-la-propriete-intellectuelle\/"},"author":{"name":"Yusra NY","@id":"https:\/\/kapitalis.com\/tunisie\/#\/schema\/person\/74bbde0154d49d790a92aaeac5bc01d5"},"headline":"Tunisie-Suisse | Journ\u00e9e mondiale de la propri\u00e9t\u00e9 intellectuelle","datePublished":"2026-04-28T22:53:33+00:00","dateModified":"2026-04-28T22:53:36+00:00","mainEntityOfPage":{"@id":"https:\/\/kapitalis.com\/tunisie\/2026\/04\/28\/tunisie-suisse-journee-mondiale-de-la-propriete-intellectuelle\/"},"wordCount":213,"commentCount":0,"publisher":{"@id":"https:\/\/kapitalis.com\/tunisie\/#organization"},"image":{"@id":"https:\/\/kapitalis.com\/tunisie\/2026\/04\/28\/tunisie-suisse-journee-mondiale-de-la-propriete-intellectuelle\/#primaryimage"},"thumbnailUrl":"https:\/\/kapitalis.com\/tunisie\/wp-content\/uploads\/2026\/04\/Tunisie-Suisse.jpg","keywords":["Josef Renggli","OTDAV","propri\u00e9t\u00e9 intellectuelle","Suisse","Tunisie"],"articleSection":["MEDIA","SOCIETE","Tunisie"],"inLanguage":"fr-FR","potentialAction":[{"@type":"CommentAction","name":"Comment","target":["https:\/\/kapitalis.com\/tunisie\/2026\/04\/28\/tunisie-suisse-journee-mondiale-de-la-propriete-intellectuelle\/#respond"]}]},{"@type":"WebPage","@id":"https:\/\/kapitalis.com\/tunisie\/2026\/04\/28\/tunisie-suisse-journee-mondiale-de-la-propriete-intellectuelle\/","url":"https:\/\/kapitalis.com\/tunisie\/2026\/04\/28\/tunisie-suisse-journee-mondiale-de-la-propriete-intellectuelle\/","name":"Tunisie-Suisse | Journ\u00e9e mondiale de la propri\u00e9t\u00e9 intellectuelle - Kapitalis","isPartOf":{"@id":"https:\/\/kapitalis.com\/tunisie\/#website"},"primaryImageOfPage":{"@id":"https:\/\/kapitalis.com\/tunisie\/2026\/04\/28\/tunisie-suisse-journee-mondiale-de-la-propriete-intellectuelle\/#primaryimage"},"image":{"@id":"https:\/\/kapitalis.com\/tunisie\/2026\/04\/28\/tunisie-suisse-journee-mondiale-de-la-propriete-intellectuelle\/#primaryimage"},"thumbnailUrl":"https:\/\/kapitalis.com\/tunisie\/wp-content\/uploads\/2026\/04\/Tunisie-Suisse.jpg","datePublished":"2026-04-28T22:53:33+00:00","dateModified":"2026-04-28T22:53:36+00:00","breadcrumb":{"@id":"https:\/\/kapitalis.com\/tunisie\/2026\/04\/28\/tunisie-suisse-journee-mondiale-de-la-propriete-intellectuelle\/#breadcrumb"},"inLanguage":"fr-FR","potentialAction":[{"@type":"ReadAction","target":["https:\/\/kapitalis.com\/tunisie\/2026\/04\/28\/tunisie-suisse-journee-mondiale-de-la-propriete-intellectuelle\/"]}]},{"@type":"ImageObject","inLanguage":"fr-FR","@id":"https:\/\/kapitalis.com\/tunisie\/2026\/04\/28\/tunisie-suisse-journee-mondiale-de-la-propriete-intellectuelle\/#primaryimage","url":"https:\/\/kapitalis.com\/tunisie\/wp-content\/uploads\/2026\/04\/Tunisie-Suisse.jpg","contentUrl":"https:\/\/kapitalis.com\/tunisie\/wp-content\/uploads\/2026\/04\/Tunisie-Suisse.jpg","width":1200,"height":800},{"@type":"BreadcrumbList","@id":"https:\/\/kapitalis.com\/tunisie\/2026\/04\/28\/tunisie-suisse-journee-mondiale-de-la-propriete-intellectuelle\/#breadcrumb","itemListElement":[{"@type":"ListItem","position":1,"name":"Accueil","item":"https:\/\/kapitalis.com\/tunisie\/"},{"@type":"ListItem","position":2,"name":"Tunisie-Suisse | Journ\u00e9e mondiale de la propri\u00e9t\u00e9 intellectuelle"}]},{"@type":"WebSite","@id":"https:\/\/kapitalis.com\/tunisie\/#website","url":"https:\/\/kapitalis.com\/tunisie\/","name":"Kapitalis","description":"L&#039;actualit\u00e9 en Tunisie et dans le monde","publisher":{"@id":"https:\/\/kapitalis.com\/tunisie\/#organization"},"potentialAction":[{"@type":"SearchAction","target":{"@type":"EntryPoint","urlTemplate":"https:\/\/kapitalis.com\/tunisie\/?s={search_term_string}"},"query-input":{"@type":"PropertyValueSpecification","valueRequired":true,"valueName":"search_term_string"}}],"inLanguage":"fr-FR"},{"@type":"Organization","@id":"https:\/\/kapitalis.com\/tunisie\/#organization","name":"Kapitalis","url":"https:\/\/kapitalis.com\/tunisie\/","logo":{"@type":"ImageObject","inLanguage":"fr-FR","@id":"https:\/\/kapitalis.com\/tunisie\/#\/schema\/logo\/image\/","url":"https:\/\/kapitalis.com\/tunisie\/wp-content\/uploads\/2022\/05\/Kapitalis-big-size.png","contentUrl":"https:\/\/kapitalis.com\/tunisie\/wp-content\/uploads\/2022\/05\/Kapitalis-big-size.png","width":5000,"height":1500,"caption":"Kapitalis"},"image":{"@id":"https:\/\/kapitalis.com\/tunisie\/#\/schema\/logo\/image\/"},"sameAs":["https:\/\/www.facebook.com\/KapitalisInfo\/","https:\/\/x.com\/KapitalisInfo","https:\/\/www.youtube.com\/channel\/UC-yDYrHyfFBWWZaOw3FPg9Q"]},{"@type":"Person","@id":"https:\/\/kapitalis.com\/tunisie\/#\/schema\/person\/74bbde0154d49d790a92aaeac5bc01d5","name":"Yusra NY","url":"https:\/\/kapitalis.com\/tunisie\/author\/yuza_adam\/"}]}},"_links":{"self":[{"href":"https:\/\/kapitalis.com\/tunisie\/wp-json\/wp\/v2\/posts\/18705542","targetHints":{"allow":["GET"]}}],"collection":[{"href":"https:\/\/kapitalis.com\/tunisie\/wp-json\/wp\/v2\/posts"}],"about":[{"href":"https:\/\/kapitalis.com\/tunisie\/wp-json\/wp\/v2\/types\/post"}],"author":[{"embeddable":true,"href":"https:\/\/kapitalis.com\/tunisie\/wp-json\/wp\/v2\/users\/6"}],"replies":[{"embeddable":true,"href":"https:\/\/kapitalis.com\/tunisie\/wp-json\/wp\/v2\/comments?post=18705542"}],"version-history":[{"count":1,"href":"https:\/\/kapitalis.com\/tunisie\/wp-json\/wp\/v2\/posts\/18705542\/revisions"}],"predecessor-version":[{"id":18705551,"href":"https:\/\/kapitalis.com\/tunisie\/wp-json\/wp\/v2\/posts\/18705542\/revisions\/18705551"}],"wp:featuredmedia":[{"embeddable":true,"href":"https:\/\/kapitalis.com\/tunisie\/wp-json\/wp\/v2\/media\/18705550"}],"wp:attachment":[{"href":"https:\/\/kapitalis.com\/tunisie\/wp-json\/wp\/v2\/media?parent=18705542"}],"wp:term":[{"taxonomy":"category","embeddable":true,"href":"https:\/\/kapitalis.com\/tunisie\/wp-json\/wp\/v2\/categories?post=18705542"},{"taxonomy":"post_tag","embeddable":true,"href":"https:\/\/kapitalis.com\/tunisie\/wp-json\/wp\/v2\/tags?post=18705542"}],"curies":[{"name":"wp","href":"https:\/\/api.w.org\/{rel}","templated":true}]}}