{"id":18706302,"date":"2026-04-29T07:15:46","date_gmt":"2026-04-29T06:15:46","guid":{"rendered":"https:\/\/kapitalis.com\/tunisie\/?p=18706302"},"modified":"2026-04-29T08:31:39","modified_gmt":"2026-04-29T07:31:39","slug":"avez-vous-lu-ahmed-zitouni","status":"publish","type":"post","link":"https:\/\/kapitalis.com\/tunisie\/2026\/04\/29\/avez-vous-lu-ahmed-zitouni\/","title":{"rendered":"Avez-vous lu Ahmed Zitouni ?"},"content":{"rendered":"\n<p><strong><em>\u00ab[\u2026] Et dans quelle langue, encore une fois ! Non pas belle au sens classique et sage du mot, mais inventive, inattendue, subversive, dans la meilleure acception de ces trois termes. Parce que, quelle justesse de ton ! Un chef-d\u2019\u0153uvre d\u2019humour noir, macabre m\u00eame, et paradoxalement jubilatoire, r\u00e9jouissant en m\u00eame temps. Parce que, quelle mine en fait de bonheurs d\u2019\u00e9criture \u00e0 tout va ! [\u2026]\u00bb, \u00e9crivait Mohammed Dib dans une lettre \u00e0 Ahmed Zitouni, l\u2019auteur de \u2018\u2018La Veuve et le Pendu\u2019\u2019, le 10 novembre 1994.<\/em><\/strong><\/p>\n\n\n\n<p><strong>Ghislain Ripault<\/strong><\/p>\n\n\n\n<!--more-->\n\n\n\n<p>Ahmed Zitouni est n\u00e9 en 1949 \u00e0 Sa\u00efda, dans le nord-ouest de l\u2019Alg\u00e9rie. Son enfance s\u2019\u00e9coule sur fond de guerre d\u2019Alg\u00e9rie. Apr\u00e8s des \u00e9tudes \u00e0 l\u2019\u00c9cole normale et deux ans de service national, il quitte l\u2019Alg\u00e9rie et d\u00e9barque \u00e0 Marseille \u00e0 24 ans. Il encha\u00eene les petits boulots et d\u00e9couvre l\u2019exclusion ordinaire, en m\u00eame temps que l\u2019\u00e9criture. Puis il enseigne \u00e0 l\u2019universit\u00e9.<\/p>\n\n\n\n<p>Auteur d\u2019une dizaine d\u2019ouvrages publi\u00e9s, il n\u2019a jamais cess\u00e9 d\u2019\u00e9crire bien que la maladie l\u2019ait \u00e9loign\u00e9 du monde \u00e9ditorial et de la vie litt\u00e9raire. Il est d\u00e9c\u00e9d\u00e9 le 5 juin 2024 \u00e0 Aix-en-Provence.<\/p>\n\n\n\n<p>En 2008, Ahmed Zitouni publie son huiti\u00e8me roman, <em>\u2018\u2018Au d\u00e9but \u00e9tait le mort\u2019\u2019<\/em> (\u00e9d. La Diff\u00e9rence), sans imaginer savoir qu\u2019il bouclerait un quart de si\u00e8cle de prise et d\u00e9prise \u00e9ditoriale, alors qu\u2019il apprend, par brusque tangente, qu\u2019un cancer d\u00e9j\u00e0 pugnace, ce <em>\u00abcoquelicot noir\u00bb<\/em> qu\u2019il \u00e9voquera souvent par la suite, a nou\u00e9 tige funeste dans son \u0153sophage, et n\u2019aspire qu\u2019\u00e0 s\u2019y \u00e9panouir.<\/p>\n\n\n\n<h2 class=\"wp-block-heading\">Un \u00abhumaniste intranquille\u00bb&nbsp;<\/h2>\n\n\n\n<p>D\u00e8s le premier roman paru en 1983, au titre autant signal\u00e9tique, <em>\u2018\u2018Avec du sang d\u00e9shonor\u00e9 d\u2019encre \u00e0 leurs mains\u2019\u2019<\/em> (Laffont), un vers de Paul Verlaine, Ahmed Zitouni ouvre l\u2019obstin\u00e9 chemin d\u2019\u00e9criture qu\u2019il va s\u2019efforcer de tracer, en humaniste intranquille : je ne suis probablement pas le seul qui le qualifierait ainsi, sans le cantonner, car il pratique le hors-piste avec une ardente et ferme g\u00e9n\u00e9rosit\u00e9 de r\u00e9fractaire aux \u00e9tiquetages de tous les bords de quelle route, serait-elle des mieux am\u00e9nageable.<\/p>\n\n\n\n<p>J\u2019en parle en connaissance d\u2019amiti\u00e9, ancr\u00e9e dans les ann\u00e9es soixante-dix du si\u00e8cle dernier, quand je commence \u00e0 recevoir, pour la revue <em>Barbare<\/em>, des textes aussit\u00f4t appr\u00e9ci\u00e9s.<\/p>\n\n\n\n<p>Je prendrai un fragment de son liminaire tapuscrit d\u2019embl\u00e9e clairper\u00e7ant (1979, n\u00b0 31-32), <em>\u2018\u2018Journal d\u2019un bicot d\u00e9sabus\u00e9\u2019\u2019<\/em>, dont plus tard il dotera le h\u00e9ros malgr\u00e9 lui d\u2019une \u00e9pop\u00e9e tragi-burlesque, auteur d\u2019une <em>\u2018\u2018Balade du bicot\u2019\u2019<\/em> lui valant invitation inou\u00efe au fameux<em> Vendredi soir<\/em> sur plateau de t\u00e9l\u00e9vision publique : Attilah Fakir, ou les trois derniers jours d\u2019un <em>\u00abapostroph\u00e9\u00bb<\/em>, r\u00e9solument d\u00e9vastateurs, surtout pour le personnage en perdition, et cette <em>\u2018\u2018Voix qui le houspille\u2019\u2019<\/em>, telle une cornaque en diableries, \u00e9gar\u00e9s tous deux sous les projecteurs, et vou\u00e9s \u00e0 l\u2019onction commerciale de l\u2019Officiant magique. Une sorte de frileur mental et hallucinog\u00e8ne, accept\u00e9 pourtant par les (jeunes) \u00e9ditions Souffles, et auquel <em>L\u2019\u00c9v\u00e9nement du jeudi<\/em> accorde son prix de saison (automne 1987), sans vraiment afficher les filigraneuses raisons du jury de critiques : apr\u00e8s tout, voire avant, l\u2019\u00e9mission de Bernard Pivot tenait le tr\u00e8s-haut des tribunes litt\u00e9raires \u00e0 valeur ajout\u00e9e ?<\/p>\n\n\n\n<p>Pour ne citer que ces \u0153uvres \u2013 mais les quatre cousines de narration sont de m\u00eame verve pol\u00e9mique document\u00e9e \u2013, je dirai que de bout en bout Ahmed Zitouni aura tir\u00e9 ses mailles ultrasensibles d\u2019une pelote d\u2019histoires o\u00f9 priment sans cadeau les destins de trop nombreux <em>\u00abcaboss\u00e9s de la vie\u00bb<\/em> (je le cite), en lecteur assidu des faits divers o\u00f9 sont impliqu\u00e9s des immigr\u00e9s de tous statuts, en particulier maghr\u00e9bins, ce qu\u2019il a \u00e9t\u00e9 en d\u00e9barquant d\u2019Alger \u00e0 Marseille (1973), vivant de petits boulots d\u2019exclu ordinaire, exp\u00e9rience imm\u00e9diate, puissants lests \u00e0 l\u2019instar des \u00e9preuves d\u2019une enfance parfois astreinte \u00e0 se d\u00e9juger, tatou\u00e9e au vif d\u2019une guerre dite d\u2019Alg\u00e9rie. Puis il a repris des \u00e9tudes, s\u2019est install\u00e9 \u00e0 Aix-en-Provence, o\u00f9 il a enseign\u00e9 \u00e0 l\u2019Institut d\u2019\u00e9tudes politiques. Entre ces temps, il a rencontr\u00e9 Fran\u00e7oise, et sont n\u00e9s une fille, Ada, un fils, Marwan.<\/p>\n\n\n\n<h2 class=\"wp-block-heading\">Un patient \u00e0 dur\u00e9e d\u00e9termin\u00e9e<\/h2>\n\n\n\n<p>Pendant les seize ann\u00e9es qui se vicieront \u00e0 l\u2019amenuiser patient \u00e0 dur\u00e9e d\u00e9termin\u00e9e, donc \u00e0 l\u2019absenter des zones culturelles cr\u00e9dit\u00e9es, Ahmed a lutt\u00e9 contre un adversaire directement pr\u00e9dateur, puisque <em>\u00able coquelicot noir\u00bb<\/em>, s\u2019il a feint parfois de remiser ses armes d\u00e9l\u00e9t\u00e8res, a fait des \u00e9mules par procuration, et d\u2019identique acharnement, dans un corps malmen\u00e9 jusqu\u2019au scellement, un jour de juin 2024. Et s\u2019il a pu diff\u00e9rer l\u2019issue d\u2019un combat \u00e9perdu, avec r\u00e9missions, r\u00e9assauts, m\u00e9dications et protocoles divers, tous \u00e9prouvants, il le doit \u00e0 cette formidable <em>\u00abvolont\u00e9 \u00e9crivante\u00bb<\/em>, qu\u2019il aura mu\u00e9e antidote majuscule, transfusion pr\u00e9cieuse, inconnue des laboratoires, et, quoique provisoire, effectivement vitale.<\/p>\n\n\n\n<p>C\u2019est \u00e0 ce co\u00fbt terrible qu\u2019Ahmed est parvenu 1) \u00e0 reprendre deux romans jadis publi\u00e9s, qu\u2019il a fort d\u00e9velopp\u00e9s, ainsi qu\u2019une nouvelle devenue odyss\u00e9e d\u2019une rive \u00e0 l\u2019autre de la M\u00e9diterran\u00e9e, &nbsp;<em>\u2018\u2018Livre de la m\u00e9moire et de l\u2019oubli\u2019\u2019<\/em> titr\u00e9 <em>\u2018\u2018Houria\u2019\u2019<\/em>, 2) \u00e0 r\u00e9diger dans les premi\u00e8res ann\u00e9es de la maladie sa <em>\u2018\u2018Lettre \u00e0 Ada\u2019\u2019<\/em>, r\u00e9cit qui entrelace une chronique \u00e0 cru en Carcinoland, le journal m\u00e9lancolique d\u2019un vieil \u00e9crivain ombiliqu\u00e9 \u00e0 son quartier d\u2019enfance, et cette lettre \u00e0 sa fille longtemps promise et qu\u2019il ne peut plus tarder \u00e0 lui \u00e9crire, confession incluant toutes les autres.<\/p>\n\n\n\n<p>Quatre grands et gros textes in\u00e9dits qui nous ont conduits, Fran\u00e7oise et moi, \u00e0 essayer de tenter l\u2019impossible : les faire para\u00eetre, et aussi r\u00e9int\u00e9resser aux livres imprim\u00e9s, tous manquants en France, et libres de droit.<\/p>\n\n\n\n<p>Il s\u2019est assez vite av\u00e9r\u00e9 que nous devions prendre nos responsabilit\u00e9s : cr\u00e9er une association d\u00e9di\u00e9e, et publier par ce biais le recueil de textes que nous avions peu \u00e0 peu compos\u00e9, une sorte d\u2019<em>\u2018\u2018Ahmed Zitouni par lui-m\u00eame\u2019\u2019<\/em>, tel que d\u00e9crit dans notre pr\u00e9face : <em>\u00abSept fragments de \u201cLa Lettre \u00e0 Ada\u201d et de \u201cHouria\u201d constituent la premi\u00e8re partie, intitul\u00e9e \u201cApproches\u201d, o\u00f9 principalement l\u2019auteur explore sa conception et sa pratique de l\u2019\u00e9criture. \u201cArchives\u201d, la seconde partie, r\u00e9unit des lettres, pr\u00e9sentations, entretiens, les synopsis des \u0153uvres publi\u00e9es, assortis d\u2019extraits d\u2019articles de presse, et ceux des tapuscrits.\u00bb<\/em><\/p>\n\n\n\n<h2 class=\"wp-block-heading\">Un Arabe de France qui \u00e9crit<\/h2>\n\n\n\n<p>Ainsi pensons-nous avoir r\u00e9ussi \u00e0 dessiner le portrait d\u2019un homme (un mari et compagnon, un vieux fr\u00e8re), d\u2019un \u00e9crivain qui se sera toujours refus\u00e9 \u00e0 entrer dans le pr\u00eat-\u00e0-classer. Il le rappelait en 2019, r\u00e9pondant aux questions de Nadir Allam pour le journal <em>Reporters<\/em> (Alg\u00e9rie) : <em>\u00abUn Arabe de France qui \u00e9crit, c\u2019est l\u2019incarnation d\u2019une somme de st\u00e9r\u00e9otypes, d\u2019id\u00e9es re\u00e7ues, de fantasmes et d\u2019images pr\u00e9con\u00e7ues \u00e0 exploiter, le contenu de son livre \u00e9tant rel\u00e9gu\u00e9 au second plan, en produit d\u2019accompagnement. Affectueusement somm\u00e9 d\u2019incarner l\u2019Arabe de service faisant all\u00e9geance r\u00e9publicaine\u2026 le porte-plume de l\u2019immigration souffrante\u2026 l\u2019intellectuel engag\u00e9\u2026 le militant d\u2019une cause\u2026 l\u2019assimil\u00e9 exemplaire\u2026 le produit de la m\u00e9ritocratie scolaire\u2026 \u00e0 chaque fois r\u00e9duit \u00e0 un r\u00f4le de repr\u00e9sentation \u00e9crit par d\u2019autres [\u2026], j\u2019ai refus\u00e9 les sollicitations de cet humiliant paternalisme et les juteux b\u00e9n\u00e9fices qu\u2019il me faisait miroiter. Un principe d\u2019\u00e9thique de droiture, auquel je n\u2019ai jamais d\u00e9rog\u00e9. J\u2019\u00e9tais\u2026 et je reste un homme, un \u00e9crivain. Un homme qui \u00e9crit, guid\u00e9 par une conscience aigu\u00eb de sa condition. Point.\u00bb<\/em> Rien \u00e0 ajouter.<\/p>\n\n\n\n<p>Peut-\u00eatre ceci, et qui n\u2019est pas rien : lisez, s\u2019il vous pla\u00eet, Ahmed Zitouni.<\/p>\n\n\n\n<p><em>Association Ahmed Zitouni, : BP 23, 13101, Aix-en-Provence, Cedex01.<\/em><\/p>\n\n\n\n<p><em>Site \u00e0 consulter : ahmedzitouni.fr<\/em><\/p>\n\n\n\n<p><em>\u00c9galement : contact.asso@ahmedzitouni.fr 3.<\/em><\/p>\n","protected":false},"excerpt":{"rendered":"<p>L&rsquo;\u0153uvre de l&rsquo;\u00e9crivain alg\u00e9rien Ahmed Zitouni, d\u00e9c\u00e9d\u00e9 le 5 juin 2024 \u00e0 Aix-en-Provence, m\u00e9rite d&rsquo;\u00eatre mieux connue. <\/p>\n","protected":false},"author":8,"featured_media":18706309,"comment_status":"open","ping_status":"open","sticky":false,"template":"","format":"standard","meta":{"footnotes":""},"categories":[992,994,2433],"tags":[128069,111975,64,94908],"class_list":["post-18706302","post","type-post","status-publish","format-standard","has-post-thumbnail","hentry","category-a-la-une","category-culture","category-tunisie","tag-ahmed-zitouni","tag-aix-en-provence-2","tag-algerie","tag-mohammed-dib"],"yoast_head":"<!-- This site is optimized with the Yoast SEO plugin v26.6 - https:\/\/yoast.com\/wordpress\/plugins\/seo\/ -->\n<title>Avez-vous lu Ahmed Zitouni ? - Kapitalis<\/title>\n<meta name=\"description\" content=\"L&#039;\u0153uvre de l&#039;\u00e9crivain alg\u00e9rien Ahmed Zitouni, d\u00e9c\u00e9d\u00e9 le 5 juin 2024 \u00e0 Aix-en-Provence, m\u00e9rite d&#039;\u00eatre mieux connue.\" \/>\n<meta name=\"robots\" content=\"index, follow, max-snippet:-1, max-image-preview:large, max-video-preview:-1\" \/>\n<link rel=\"canonical\" href=\"https:\/\/kapitalis.com\/tunisie\/2026\/04\/29\/avez-vous-lu-ahmed-zitouni\/\" \/>\n<meta property=\"og:locale\" content=\"fr_FR\" \/>\n<meta property=\"og:type\" content=\"article\" \/>\n<meta property=\"og:title\" content=\"Avez-vous lu Ahmed Zitouni ? - Kapitalis\" \/>\n<meta property=\"og:description\" content=\"L&#039;\u0153uvre de l&#039;\u00e9crivain alg\u00e9rien Ahmed Zitouni, d\u00e9c\u00e9d\u00e9 le 5 juin 2024 \u00e0 Aix-en-Provence, m\u00e9rite d&#039;\u00eatre mieux connue.\" \/>\n<meta property=\"og:url\" content=\"https:\/\/kapitalis.com\/tunisie\/2026\/04\/29\/avez-vous-lu-ahmed-zitouni\/\" \/>\n<meta property=\"og:site_name\" content=\"Kapitalis\" \/>\n<meta property=\"article:publisher\" content=\"https:\/\/www.facebook.com\/KapitalisInfo\/\" \/>\n<meta property=\"article:published_time\" content=\"2026-04-29T06:15:46+00:00\" \/>\n<meta property=\"article:modified_time\" content=\"2026-04-29T07:31:39+00:00\" \/>\n<meta property=\"og:image\" content=\"https:\/\/kapitalis.com\/tunisie\/wp-content\/uploads\/2026\/04\/Ahmed-Zitouni.jpg\" \/>\n\t<meta property=\"og:image:width\" content=\"1200\" \/>\n\t<meta property=\"og:image:height\" content=\"630\" \/>\n\t<meta property=\"og:image:type\" content=\"image\/jpeg\" \/>\n<meta name=\"author\" content=\"webmaster kapitalis\" \/>\n<meta name=\"twitter:card\" content=\"summary_large_image\" \/>\n<meta name=\"twitter:creator\" content=\"@KapitalisInfo\" \/>\n<meta name=\"twitter:site\" content=\"@KapitalisInfo\" \/>\n<meta name=\"twitter:label1\" content=\"\u00c9crit par\" \/>\n\t<meta name=\"twitter:data1\" content=\"webmaster kapitalis\" \/>\n\t<meta name=\"twitter:label2\" content=\"Dur\u00e9e de lecture estim\u00e9e\" \/>\n\t<meta name=\"twitter:data2\" content=\"7 minutes\" \/>\n<script type=\"application\/ld+json\" class=\"yoast-schema-graph\">{\"@context\":\"https:\/\/schema.org\",\"@graph\":[{\"@type\":\"Article\",\"@id\":\"https:\/\/kapitalis.com\/tunisie\/2026\/04\/29\/avez-vous-lu-ahmed-zitouni\/#article\",\"isPartOf\":{\"@id\":\"https:\/\/kapitalis.com\/tunisie\/2026\/04\/29\/avez-vous-lu-ahmed-zitouni\/\"},\"author\":{\"name\":\"webmaster kapitalis\",\"@id\":\"https:\/\/kapitalis.com\/tunisie\/#\/schema\/person\/d71f33a9ca44f7bad4698210b480c8e9\"},\"headline\":\"Avez-vous lu Ahmed Zitouni ?\",\"datePublished\":\"2026-04-29T06:15:46+00:00\",\"dateModified\":\"2026-04-29T07:31:39+00:00\",\"mainEntityOfPage\":{\"@id\":\"https:\/\/kapitalis.com\/tunisie\/2026\/04\/29\/avez-vous-lu-ahmed-zitouni\/\"},\"wordCount\":1355,\"commentCount\":0,\"publisher\":{\"@id\":\"https:\/\/kapitalis.com\/tunisie\/#organization\"},\"image\":{\"@id\":\"https:\/\/kapitalis.com\/tunisie\/2026\/04\/29\/avez-vous-lu-ahmed-zitouni\/#primaryimage\"},\"thumbnailUrl\":\"https:\/\/kapitalis.com\/tunisie\/wp-content\/uploads\/2026\/04\/Ahmed-Zitouni.jpg\",\"keywords\":[\"Ahmed Zitouni\",\"Aix-en-Provence\",\"Alg\u00e9rie\",\"Mohammed Dib\"],\"articleSection\":[\"A LA UNE\",\"CULTURE\",\"Tunisie\"],\"inLanguage\":\"fr-FR\",\"potentialAction\":[{\"@type\":\"CommentAction\",\"name\":\"Comment\",\"target\":[\"https:\/\/kapitalis.com\/tunisie\/2026\/04\/29\/avez-vous-lu-ahmed-zitouni\/#respond\"]}]},{\"@type\":\"WebPage\",\"@id\":\"https:\/\/kapitalis.com\/tunisie\/2026\/04\/29\/avez-vous-lu-ahmed-zitouni\/\",\"url\":\"https:\/\/kapitalis.com\/tunisie\/2026\/04\/29\/avez-vous-lu-ahmed-zitouni\/\",\"name\":\"Avez-vous lu Ahmed Zitouni ? - Kapitalis\",\"isPartOf\":{\"@id\":\"https:\/\/kapitalis.com\/tunisie\/#website\"},\"primaryImageOfPage\":{\"@id\":\"https:\/\/kapitalis.com\/tunisie\/2026\/04\/29\/avez-vous-lu-ahmed-zitouni\/#primaryimage\"},\"image\":{\"@id\":\"https:\/\/kapitalis.com\/tunisie\/2026\/04\/29\/avez-vous-lu-ahmed-zitouni\/#primaryimage\"},\"thumbnailUrl\":\"https:\/\/kapitalis.com\/tunisie\/wp-content\/uploads\/2026\/04\/Ahmed-Zitouni.jpg\",\"datePublished\":\"2026-04-29T06:15:46+00:00\",\"dateModified\":\"2026-04-29T07:31:39+00:00\",\"description\":\"L'\u0153uvre de l'\u00e9crivain alg\u00e9rien Ahmed Zitouni, d\u00e9c\u00e9d\u00e9 le 5 juin 2024 \u00e0 Aix-en-Provence, m\u00e9rite d'\u00eatre mieux connue.\",\"breadcrumb\":{\"@id\":\"https:\/\/kapitalis.com\/tunisie\/2026\/04\/29\/avez-vous-lu-ahmed-zitouni\/#breadcrumb\"},\"inLanguage\":\"fr-FR\",\"potentialAction\":[{\"@type\":\"ReadAction\",\"target\":[\"https:\/\/kapitalis.com\/tunisie\/2026\/04\/29\/avez-vous-lu-ahmed-zitouni\/\"]}]},{\"@type\":\"ImageObject\",\"inLanguage\":\"fr-FR\",\"@id\":\"https:\/\/kapitalis.com\/tunisie\/2026\/04\/29\/avez-vous-lu-ahmed-zitouni\/#primaryimage\",\"url\":\"https:\/\/kapitalis.com\/tunisie\/wp-content\/uploads\/2026\/04\/Ahmed-Zitouni.jpg\",\"contentUrl\":\"https:\/\/kapitalis.com\/tunisie\/wp-content\/uploads\/2026\/04\/Ahmed-Zitouni.jpg\",\"width\":1200,\"height\":630},{\"@type\":\"BreadcrumbList\",\"@id\":\"https:\/\/kapitalis.com\/tunisie\/2026\/04\/29\/avez-vous-lu-ahmed-zitouni\/#breadcrumb\",\"itemListElement\":[{\"@type\":\"ListItem\",\"position\":1,\"name\":\"Accueil\",\"item\":\"https:\/\/kapitalis.com\/tunisie\/\"},{\"@type\":\"ListItem\",\"position\":2,\"name\":\"Avez-vous lu Ahmed Zitouni ?\"}]},{\"@type\":\"WebSite\",\"@id\":\"https:\/\/kapitalis.com\/tunisie\/#website\",\"url\":\"https:\/\/kapitalis.com\/tunisie\/\",\"name\":\"Kapitalis\",\"description\":\"L&#039;actualit\u00e9 en Tunisie et dans le monde\",\"publisher\":{\"@id\":\"https:\/\/kapitalis.com\/tunisie\/#organization\"},\"potentialAction\":[{\"@type\":\"SearchAction\",\"target\":{\"@type\":\"EntryPoint\",\"urlTemplate\":\"https:\/\/kapitalis.com\/tunisie\/?s={search_term_string}\"},\"query-input\":{\"@type\":\"PropertyValueSpecification\",\"valueRequired\":true,\"valueName\":\"search_term_string\"}}],\"inLanguage\":\"fr-FR\"},{\"@type\":\"Organization\",\"@id\":\"https:\/\/kapitalis.com\/tunisie\/#organization\",\"name\":\"Kapitalis\",\"url\":\"https:\/\/kapitalis.com\/tunisie\/\",\"logo\":{\"@type\":\"ImageObject\",\"inLanguage\":\"fr-FR\",\"@id\":\"https:\/\/kapitalis.com\/tunisie\/#\/schema\/logo\/image\/\",\"url\":\"https:\/\/kapitalis.com\/tunisie\/wp-content\/uploads\/2022\/05\/Kapitalis-big-size.png\",\"contentUrl\":\"https:\/\/kapitalis.com\/tunisie\/wp-content\/uploads\/2022\/05\/Kapitalis-big-size.png\",\"width\":5000,\"height\":1500,\"caption\":\"Kapitalis\"},\"image\":{\"@id\":\"https:\/\/kapitalis.com\/tunisie\/#\/schema\/logo\/image\/\"},\"sameAs\":[\"https:\/\/www.facebook.com\/KapitalisInfo\/\",\"https:\/\/x.com\/KapitalisInfo\",\"https:\/\/www.youtube.com\/channel\/UC-yDYrHyfFBWWZaOw3FPg9Q\"]},{\"@type\":\"Person\",\"@id\":\"https:\/\/kapitalis.com\/tunisie\/#\/schema\/person\/d71f33a9ca44f7bad4698210b480c8e9\",\"name\":\"webmaster kapitalis\",\"url\":\"https:\/\/kapitalis.com\/tunisie\/author\/webmaster-kapitalis\/\"}]}<\/script>\n<!-- \/ Yoast SEO plugin. -->","yoast_head_json":{"title":"Avez-vous lu Ahmed Zitouni ? - Kapitalis","description":"L'\u0153uvre de l'\u00e9crivain alg\u00e9rien Ahmed Zitouni, d\u00e9c\u00e9d\u00e9 le 5 juin 2024 \u00e0 Aix-en-Provence, m\u00e9rite d'\u00eatre mieux connue.","robots":{"index":"index","follow":"follow","max-snippet":"max-snippet:-1","max-image-preview":"max-image-preview:large","max-video-preview":"max-video-preview:-1"},"canonical":"https:\/\/kapitalis.com\/tunisie\/2026\/04\/29\/avez-vous-lu-ahmed-zitouni\/","og_locale":"fr_FR","og_type":"article","og_title":"Avez-vous lu Ahmed Zitouni ? - Kapitalis","og_description":"L'\u0153uvre de l'\u00e9crivain alg\u00e9rien Ahmed Zitouni, d\u00e9c\u00e9d\u00e9 le 5 juin 2024 \u00e0 Aix-en-Provence, m\u00e9rite d'\u00eatre mieux connue.","og_url":"https:\/\/kapitalis.com\/tunisie\/2026\/04\/29\/avez-vous-lu-ahmed-zitouni\/","og_site_name":"Kapitalis","article_publisher":"https:\/\/www.facebook.com\/KapitalisInfo\/","article_published_time":"2026-04-29T06:15:46+00:00","article_modified_time":"2026-04-29T07:31:39+00:00","og_image":[{"width":1200,"height":630,"url":"https:\/\/kapitalis.com\/tunisie\/wp-content\/uploads\/2026\/04\/Ahmed-Zitouni.jpg","type":"image\/jpeg"}],"author":"webmaster kapitalis","twitter_card":"summary_large_image","twitter_creator":"@KapitalisInfo","twitter_site":"@KapitalisInfo","twitter_misc":{"\u00c9crit par":"webmaster kapitalis","Dur\u00e9e de lecture estim\u00e9e":"7 minutes"},"schema":{"@context":"https:\/\/schema.org","@graph":[{"@type":"Article","@id":"https:\/\/kapitalis.com\/tunisie\/2026\/04\/29\/avez-vous-lu-ahmed-zitouni\/#article","isPartOf":{"@id":"https:\/\/kapitalis.com\/tunisie\/2026\/04\/29\/avez-vous-lu-ahmed-zitouni\/"},"author":{"name":"webmaster kapitalis","@id":"https:\/\/kapitalis.com\/tunisie\/#\/schema\/person\/d71f33a9ca44f7bad4698210b480c8e9"},"headline":"Avez-vous lu Ahmed Zitouni ?","datePublished":"2026-04-29T06:15:46+00:00","dateModified":"2026-04-29T07:31:39+00:00","mainEntityOfPage":{"@id":"https:\/\/kapitalis.com\/tunisie\/2026\/04\/29\/avez-vous-lu-ahmed-zitouni\/"},"wordCount":1355,"commentCount":0,"publisher":{"@id":"https:\/\/kapitalis.com\/tunisie\/#organization"},"image":{"@id":"https:\/\/kapitalis.com\/tunisie\/2026\/04\/29\/avez-vous-lu-ahmed-zitouni\/#primaryimage"},"thumbnailUrl":"https:\/\/kapitalis.com\/tunisie\/wp-content\/uploads\/2026\/04\/Ahmed-Zitouni.jpg","keywords":["Ahmed Zitouni","Aix-en-Provence","Alg\u00e9rie","Mohammed Dib"],"articleSection":["A LA UNE","CULTURE","Tunisie"],"inLanguage":"fr-FR","potentialAction":[{"@type":"CommentAction","name":"Comment","target":["https:\/\/kapitalis.com\/tunisie\/2026\/04\/29\/avez-vous-lu-ahmed-zitouni\/#respond"]}]},{"@type":"WebPage","@id":"https:\/\/kapitalis.com\/tunisie\/2026\/04\/29\/avez-vous-lu-ahmed-zitouni\/","url":"https:\/\/kapitalis.com\/tunisie\/2026\/04\/29\/avez-vous-lu-ahmed-zitouni\/","name":"Avez-vous lu Ahmed Zitouni ? - Kapitalis","isPartOf":{"@id":"https:\/\/kapitalis.com\/tunisie\/#website"},"primaryImageOfPage":{"@id":"https:\/\/kapitalis.com\/tunisie\/2026\/04\/29\/avez-vous-lu-ahmed-zitouni\/#primaryimage"},"image":{"@id":"https:\/\/kapitalis.com\/tunisie\/2026\/04\/29\/avez-vous-lu-ahmed-zitouni\/#primaryimage"},"thumbnailUrl":"https:\/\/kapitalis.com\/tunisie\/wp-content\/uploads\/2026\/04\/Ahmed-Zitouni.jpg","datePublished":"2026-04-29T06:15:46+00:00","dateModified":"2026-04-29T07:31:39+00:00","description":"L'\u0153uvre de l'\u00e9crivain alg\u00e9rien Ahmed Zitouni, d\u00e9c\u00e9d\u00e9 le 5 juin 2024 \u00e0 Aix-en-Provence, m\u00e9rite d'\u00eatre mieux connue.","breadcrumb":{"@id":"https:\/\/kapitalis.com\/tunisie\/2026\/04\/29\/avez-vous-lu-ahmed-zitouni\/#breadcrumb"},"inLanguage":"fr-FR","potentialAction":[{"@type":"ReadAction","target":["https:\/\/kapitalis.com\/tunisie\/2026\/04\/29\/avez-vous-lu-ahmed-zitouni\/"]}]},{"@type":"ImageObject","inLanguage":"fr-FR","@id":"https:\/\/kapitalis.com\/tunisie\/2026\/04\/29\/avez-vous-lu-ahmed-zitouni\/#primaryimage","url":"https:\/\/kapitalis.com\/tunisie\/wp-content\/uploads\/2026\/04\/Ahmed-Zitouni.jpg","contentUrl":"https:\/\/kapitalis.com\/tunisie\/wp-content\/uploads\/2026\/04\/Ahmed-Zitouni.jpg","width":1200,"height":630},{"@type":"BreadcrumbList","@id":"https:\/\/kapitalis.com\/tunisie\/2026\/04\/29\/avez-vous-lu-ahmed-zitouni\/#breadcrumb","itemListElement":[{"@type":"ListItem","position":1,"name":"Accueil","item":"https:\/\/kapitalis.com\/tunisie\/"},{"@type":"ListItem","position":2,"name":"Avez-vous lu Ahmed Zitouni ?"}]},{"@type":"WebSite","@id":"https:\/\/kapitalis.com\/tunisie\/#website","url":"https:\/\/kapitalis.com\/tunisie\/","name":"Kapitalis","description":"L&#039;actualit\u00e9 en Tunisie et dans le monde","publisher":{"@id":"https:\/\/kapitalis.com\/tunisie\/#organization"},"potentialAction":[{"@type":"SearchAction","target":{"@type":"EntryPoint","urlTemplate":"https:\/\/kapitalis.com\/tunisie\/?s={search_term_string}"},"query-input":{"@type":"PropertyValueSpecification","valueRequired":true,"valueName":"search_term_string"}}],"inLanguage":"fr-FR"},{"@type":"Organization","@id":"https:\/\/kapitalis.com\/tunisie\/#organization","name":"Kapitalis","url":"https:\/\/kapitalis.com\/tunisie\/","logo":{"@type":"ImageObject","inLanguage":"fr-FR","@id":"https:\/\/kapitalis.com\/tunisie\/#\/schema\/logo\/image\/","url":"https:\/\/kapitalis.com\/tunisie\/wp-content\/uploads\/2022\/05\/Kapitalis-big-size.png","contentUrl":"https:\/\/kapitalis.com\/tunisie\/wp-content\/uploads\/2022\/05\/Kapitalis-big-size.png","width":5000,"height":1500,"caption":"Kapitalis"},"image":{"@id":"https:\/\/kapitalis.com\/tunisie\/#\/schema\/logo\/image\/"},"sameAs":["https:\/\/www.facebook.com\/KapitalisInfo\/","https:\/\/x.com\/KapitalisInfo","https:\/\/www.youtube.com\/channel\/UC-yDYrHyfFBWWZaOw3FPg9Q"]},{"@type":"Person","@id":"https:\/\/kapitalis.com\/tunisie\/#\/schema\/person\/d71f33a9ca44f7bad4698210b480c8e9","name":"webmaster kapitalis","url":"https:\/\/kapitalis.com\/tunisie\/author\/webmaster-kapitalis\/"}]}},"_links":{"self":[{"href":"https:\/\/kapitalis.com\/tunisie\/wp-json\/wp\/v2\/posts\/18706302","targetHints":{"allow":["GET"]}}],"collection":[{"href":"https:\/\/kapitalis.com\/tunisie\/wp-json\/wp\/v2\/posts"}],"about":[{"href":"https:\/\/kapitalis.com\/tunisie\/wp-json\/wp\/v2\/types\/post"}],"author":[{"embeddable":true,"href":"https:\/\/kapitalis.com\/tunisie\/wp-json\/wp\/v2\/users\/8"}],"replies":[{"embeddable":true,"href":"https:\/\/kapitalis.com\/tunisie\/wp-json\/wp\/v2\/comments?post=18706302"}],"version-history":[{"count":2,"href":"https:\/\/kapitalis.com\/tunisie\/wp-json\/wp\/v2\/posts\/18706302\/revisions"}],"predecessor-version":[{"id":18706644,"href":"https:\/\/kapitalis.com\/tunisie\/wp-json\/wp\/v2\/posts\/18706302\/revisions\/18706644"}],"wp:featuredmedia":[{"embeddable":true,"href":"https:\/\/kapitalis.com\/tunisie\/wp-json\/wp\/v2\/media\/18706309"}],"wp:attachment":[{"href":"https:\/\/kapitalis.com\/tunisie\/wp-json\/wp\/v2\/media?parent=18706302"}],"wp:term":[{"taxonomy":"category","embeddable":true,"href":"https:\/\/kapitalis.com\/tunisie\/wp-json\/wp\/v2\/categories?post=18706302"},{"taxonomy":"post_tag","embeddable":true,"href":"https:\/\/kapitalis.com\/tunisie\/wp-json\/wp\/v2\/tags?post=18706302"}],"curies":[{"name":"wp","href":"https:\/\/api.w.org\/{rel}","templated":true}]}}