{"id":18706591,"date":"2026-04-29T08:36:13","date_gmt":"2026-04-29T07:36:13","guid":{"rendered":"https:\/\/kapitalis.com\/tunisie\/?p=18706591"},"modified":"2026-04-29T08:36:15","modified_gmt":"2026-04-29T07:36:15","slug":"bizerte-accueille-des-hommes-daffaires-roumains","status":"publish","type":"post","link":"https:\/\/kapitalis.com\/tunisie\/2026\/04\/29\/bizerte-accueille-des-hommes-daffaires-roumains\/","title":{"rendered":"Bizerte accueille des hommes d\u2019affaires roumains"},"content":{"rendered":"\n<p><strong><em>En marge du Forum tuniso-roumain tenu le 17 avril 2026 \u00e0 Tunis, une d\u00e9l\u00e9gation multisectorielle roumaine conduite par <\/em><\/strong><strong><em>Iuliu Stocklosa, pr\u00e9sident de la Chambre de commerce et d\u2019industrie de Bucarest, <\/em><\/strong><strong><em>a effectu\u00e9, le 28 avril, une visite de travail au gouvernorat de Bizerte. Cette visite a concern\u00e9 deux sites industriels majeurs : Menzel Bourguiba ainsi que le Technopole de Bizerte.<\/em><\/strong><\/p>\n\n\n\n<p><strong>Lotfi Sahli<\/strong><\/p>\n\n\n\n<!--more-->\n\n\n\n<p>Propos\u00e9 par Conect International et organis\u00e9 par Conect Bizerte, cet \u00e9v\u00e9nement a r\u00e9uni plusieurs acteurs institutionnels et \u00e9conomiques de la r\u00e9gion. Y ont notamment pris part la Chambre de commerce et d\u2019industrie du Nord-Est, l\u2019APII Bizerte, le Bureau r\u00e9gional des ing\u00e9nieurs de Bizerte, le Parc des activit\u00e9s \u00e9conomiques de Bizerte ainsi que le P\u00f4le de comp\u00e9titivit\u00e9 de Bizerte.<\/p>\n\n\n\n<p>La tourn\u00e9e a d\u00e9but\u00e9 par une r\u00e9union de pr\u00e9sentation au sein de l\u2019usine de Sacem \u00e0 laquelle ont particip\u00e9 les membres de la d\u00e9l\u00e9gation roumaine et ceux du bureau r\u00e9gional de Conect Bizerte. La rencontre a \u00e9t\u00e9 suivie d\u2019une visite guid\u00e9e des diff\u00e9rents d\u00e9partements techniques de cette unit\u00e9 sp\u00e9cialis\u00e9e dans la fabrication de transformateurs de diverses puissances. \u00c0 cette occasion, les responsables techniques ont apport\u00e9 des \u00e9claircissements et r\u00e9pondu aux questions des membres de la d\u00e9l\u00e9gation.<\/p>\n\n\n\n<h2 class=\"wp-block-heading\">Le potentiel \u00e9conomique de la r\u00e9gion <\/h2>\n\n\n\n<p>Les membres de la d\u00e9l\u00e9gation se sont particuli\u00e8rement int\u00e9ress\u00e9s \u00e0 l\u2019organisation interne ainsi qu\u2019aux processus de certification de l\u2019entreprise. Ils ont \u00e9galement exprim\u00e9 leur satisfaction face \u00e0 l\u2019ampleur de sa pr\u00e9sence \u00e0 l\u2019export, la soci\u00e9t\u00e9 commercialisant ses produits dans de nombreux pays arabes et africains, y compris pour des \u00e9quipements de forte puissance.<\/p>\n\n\n\n<p>La deuxi\u00e8me visite s\u2019est d\u00e9roul\u00e9e au sein de l\u2019entreprise Topeka implant\u00e9e au Parc des activit\u00e9s \u00e9conomiques de Menzel Bourguiba, sp\u00e9cialis\u00e9e dans le tissage et la teinture du coton destin\u00e9 \u00e0 l\u2019exportation, avec, en phase finale ult\u00e9rieure, la confection de sous-v\u00eatements.<\/p>\n\n\n\n<p>Le deuxi\u00e8me volet de la journ\u00e9e s\u2019est tenu au si\u00e8ge du P\u00f4le de comp\u00e9titivit\u00e9 de Bizerte, \u00e0 Menzel Abderrahmane, o\u00f9 un accueil chaleureux a \u00e9t\u00e9 r\u00e9serv\u00e9 \u00e0 l\u2019ensemble des invit\u00e9s. Cette r\u00e9ception a contribu\u00e9 \u00e0 instaurer une atmosph\u00e8re sereine, malgr\u00e9 l\u2019indisponibilit\u00e9 du directeur g\u00e9n\u00e9ral du p\u00f4le de comp\u00e9titivit\u00e9 retenu \u00e0 Tunis pour des obligations professionnelles.<\/p>\n\n\n\n<p>Une vid\u00e9o mettant en avant le potentiel \u00e9conomique de la r\u00e9gion de Bizerte, r\u00e9alis\u00e9e par les repr\u00e9sentants de l\u2019Ordre des ing\u00e9nieurs de Bizerte, a \u00e9t\u00e9 projet\u00e9e \u00e0 l\u2019attention des participants. Elle a \u00e9t\u00e9 suivie d\u2019une intervention pr\u00e9sentant la r\u00e9alit\u00e9 et les perspectives du P\u00f4le de comp\u00e9titivit\u00e9 de Bizerte, expos\u00e9es par l\u2019une de ses responsables.<\/p>\n\n\n\n<p>Le pr\u00e9sident de la Chambre de commerce et d\u2019industrie du Nord-Est a, pour sa part, pass\u00e9 en revue les relations avec la Chambre de commerce et d&rsquo;industrie de Bucarest, soulignant la volont\u00e9 de concr\u00e9tiser et de consolider les acquis pr\u00e9c\u00e9demment \u00e9tablis.<\/p>\n\n\n\n<p>Enfin, la parole a \u00e9t\u00e9 donn\u00e9e \u00e0 deux start-up actives au technopole, Kitilix et Metam, qui ont pr\u00e9sent\u00e9 leurs activit\u00e9s et leurs projets.<\/p>\n\n\n<div class=\"wp-block-image\">\n<figure class=\"aligncenter size-large\"><img loading=\"lazy\" decoding=\"async\" width=\"1024\" height=\"538\" src=\"https:\/\/kapitalis.com\/tunisie\/wp-content\/uploads\/2026\/04\/Delegation-roumaine-Bizerte-1024x538.jpg\" alt=\"\" class=\"wp-image-18706628\" srcset=\"https:\/\/kapitalis.com\/tunisie\/wp-content\/uploads\/2026\/04\/Delegation-roumaine-Bizerte-1024x538.jpg 1024w, https:\/\/kapitalis.com\/tunisie\/wp-content\/uploads\/2026\/04\/Delegation-roumaine-Bizerte-300x158.jpg 300w, https:\/\/kapitalis.com\/tunisie\/wp-content\/uploads\/2026\/04\/Delegation-roumaine-Bizerte-768x403.jpg 768w, https:\/\/kapitalis.com\/tunisie\/wp-content\/uploads\/2026\/04\/Delegation-roumaine-Bizerte-580x305.jpg 580w, https:\/\/kapitalis.com\/tunisie\/wp-content\/uploads\/2026\/04\/Delegation-roumaine-Bizerte-860x452.jpg 860w, https:\/\/kapitalis.com\/tunisie\/wp-content\/uploads\/2026\/04\/Delegation-roumaine-Bizerte-1160x609.jpg 1160w, https:\/\/kapitalis.com\/tunisie\/wp-content\/uploads\/2026\/04\/Delegation-roumaine-Bizerte.jpg 1200w\" sizes=\"auto, (max-width: 1024px) 100vw, 1024px\" \/><\/figure>\n<\/div>\n\n\n<h2 class=\"wp-block-heading\">Pont entre l\u2019Europe et l\u2019Afrique<\/h2>\n\n\n\n<p>En marge du d\u00e9jeuner-buffet offert en l\u2019honneur des participants, des rencontres B2B ont \u00e9t\u00e9 organis\u00e9es entre les op\u00e9rateurs tunisiens pr\u00e9sents et les membres de la d\u00e9l\u00e9gation roumaine. Les \u00e9changes se sont d\u00e9roul\u00e9s sur la base d\u2019un r\u00e9pertoire de sp\u00e9cialit\u00e9s pr\u00e9\u00e9tabli, permettant \u00e0 chaque participant d\u2019identifier et de rencontrer les interlocuteurs correspondant \u00e0 ses domaines d\u2019int\u00e9r\u00eat.<\/p>\n\n\n\n<p>La derni\u00e8re \u00e9tape de la journ\u00e9e s\u2019est achev\u00e9e par une visite du technop\u00f4le d\u2019El Azib, o\u00f9 la d\u00e9l\u00e9gation s\u2019est rendue aupr\u00e8s de Selt Marine Group, une multinationale \u00e0 la pointe de la technologie, sp\u00e9cialis\u00e9e dans la transformation d\u2019algues locales et import\u00e9es en nutriments en poudre, utilis\u00e9s notamment dans l\u2019industrie agroalimentaire (yaourts, fromages, etc.).<\/p>\n\n\n\n<p>La visite s\u2019est poursuivie au sein de Bizerta Agri Industry, sp\u00e9cialis\u00e9e dans la production de l\u2019huile d\u2019olive haut de gamme Oilyssa, o\u00f9 une d\u00e9gustation a \u00e9t\u00e9 offerte \u00e0 l\u2019ensemble des invit\u00e9s.<\/p>\n\n\n\n<p>Interrog\u00e9 sur son appr\u00e9ciation de la visite, le pr\u00e9sident de la Chambre de commerce et d\u2019industrie de Bucarest a d\u00e9clar\u00e9 \u00eatre fortement impressionn\u00e9 par les \u00e9changes et les d\u00e9couvertes effectu\u00e9s. Il a \u00e9galement estim\u00e9 que les relations tuniso-roumaines pourraient constituer un v\u00e9ritable pont entre l\u2019Europe et l\u2019Afrique.<\/p>\n","protected":false},"excerpt":{"rendered":"<p>Une d\u00e9l\u00e9gation multisectorielle roumaine a effectu\u00e9, le 28 avril, une visite de travail au gouvernorat de Bizerte. <\/p>\n","protected":false},"author":8,"featured_media":18706624,"comment_status":"open","ping_status":"open","sticky":false,"template":"","format":"standard","meta":{"footnotes":""},"categories":[992,995,2433],"tags":[128074,148,88515,9292,128070,128073,601,128072,1989,128075,91190,128071,62643],"class_list":["post-18706591","post","type-post","status-publish","format-standard","has-post-thumbnail","hentry","category-a-la-une","category-economie","category-tunisie","tag-bizerta-agri-industry","tag-bizerte","tag-bucarest","tag-conect-international","tag-iuliu-stocklosa","tag-kitilix","tag-menzel-bourguiba","tag-metam","tag-roumanie","tag-sacem","tag-selt-marine-group","tag-topeka","tag-tunisie"],"yoast_head":"<!-- This site is optimized with the Yoast SEO plugin v26.6 - https:\/\/yoast.com\/wordpress\/plugins\/seo\/ -->\n<title>Bizerte accueille des hommes d\u2019affaires roumains - Kapitalis<\/title>\n<meta name=\"description\" content=\"Une d\u00e9l\u00e9gation multisectorielle roumaine a effectu\u00e9, le 28 avril, une visite de travail au gouvernorat de Bizerte.\" \/>\n<meta name=\"robots\" content=\"index, follow, max-snippet:-1, max-image-preview:large, max-video-preview:-1\" \/>\n<link rel=\"canonical\" href=\"https:\/\/kapitalis.com\/tunisie\/2026\/04\/29\/bizerte-accueille-des-hommes-daffaires-roumains\/\" \/>\n<meta property=\"og:locale\" content=\"fr_FR\" \/>\n<meta property=\"og:type\" content=\"article\" \/>\n<meta property=\"og:title\" content=\"Bizerte accueille des hommes d\u2019affaires roumains - Kapitalis\" \/>\n<meta property=\"og:description\" content=\"Une d\u00e9l\u00e9gation multisectorielle roumaine a effectu\u00e9, le 28 avril, une visite de travail au gouvernorat de Bizerte.\" \/>\n<meta property=\"og:url\" content=\"https:\/\/kapitalis.com\/tunisie\/2026\/04\/29\/bizerte-accueille-des-hommes-daffaires-roumains\/\" \/>\n<meta property=\"og:site_name\" content=\"Kapitalis\" \/>\n<meta property=\"article:publisher\" content=\"https:\/\/www.facebook.com\/KapitalisInfo\/\" \/>\n<meta property=\"article:published_time\" content=\"2026-04-29T07:36:13+00:00\" \/>\n<meta property=\"article:modified_time\" content=\"2026-04-29T07:36:15+00:00\" \/>\n<meta property=\"og:image\" content=\"https:\/\/kapitalis.com\/tunisie\/wp-content\/uploads\/2026\/04\/Delegation-roumaine-Bizerte2.jpg\" \/>\n\t<meta property=\"og:image:width\" content=\"1200\" \/>\n\t<meta property=\"og:image:height\" content=\"630\" \/>\n\t<meta property=\"og:image:type\" content=\"image\/jpeg\" \/>\n<meta name=\"author\" content=\"webmaster kapitalis\" \/>\n<meta name=\"twitter:card\" content=\"summary_large_image\" \/>\n<meta name=\"twitter:creator\" content=\"@KapitalisInfo\" \/>\n<meta name=\"twitter:site\" content=\"@KapitalisInfo\" \/>\n<meta name=\"twitter:label1\" content=\"\u00c9crit par\" \/>\n\t<meta name=\"twitter:data1\" content=\"webmaster kapitalis\" \/>\n\t<meta name=\"twitter:label2\" content=\"Dur\u00e9e de lecture estim\u00e9e\" \/>\n\t<meta name=\"twitter:data2\" content=\"4 minutes\" \/>\n<script type=\"application\/ld+json\" class=\"yoast-schema-graph\">{\"@context\":\"https:\/\/schema.org\",\"@graph\":[{\"@type\":\"Article\",\"@id\":\"https:\/\/kapitalis.com\/tunisie\/2026\/04\/29\/bizerte-accueille-des-hommes-daffaires-roumains\/#article\",\"isPartOf\":{\"@id\":\"https:\/\/kapitalis.com\/tunisie\/2026\/04\/29\/bizerte-accueille-des-hommes-daffaires-roumains\/\"},\"author\":{\"name\":\"webmaster kapitalis\",\"@id\":\"https:\/\/kapitalis.com\/tunisie\/#\/schema\/person\/d71f33a9ca44f7bad4698210b480c8e9\"},\"headline\":\"Bizerte accueille des hommes d\u2019affaires roumains\",\"datePublished\":\"2026-04-29T07:36:13+00:00\",\"dateModified\":\"2026-04-29T07:36:15+00:00\",\"mainEntityOfPage\":{\"@id\":\"https:\/\/kapitalis.com\/tunisie\/2026\/04\/29\/bizerte-accueille-des-hommes-daffaires-roumains\/\"},\"wordCount\":795,\"commentCount\":0,\"publisher\":{\"@id\":\"https:\/\/kapitalis.com\/tunisie\/#organization\"},\"image\":{\"@id\":\"https:\/\/kapitalis.com\/tunisie\/2026\/04\/29\/bizerte-accueille-des-hommes-daffaires-roumains\/#primaryimage\"},\"thumbnailUrl\":\"https:\/\/kapitalis.com\/tunisie\/wp-content\/uploads\/2026\/04\/Delegation-roumaine-Bizerte2.jpg\",\"keywords\":[\"Bizerta Agri Industry\",\"Bizerte\",\"Bucarest\",\"Conect International\",\"Iuliu Stocklosa\",\"Kitilix\",\"Menzel Bourguiba\",\"Metam\",\"Roumanie\",\"Sacem\",\"Selt Marine Group\",\"Topeka\",\"Tunisie\"],\"articleSection\":[\"A LA UNE\",\"ECONOMIE\",\"Tunisie\"],\"inLanguage\":\"fr-FR\",\"potentialAction\":[{\"@type\":\"CommentAction\",\"name\":\"Comment\",\"target\":[\"https:\/\/kapitalis.com\/tunisie\/2026\/04\/29\/bizerte-accueille-des-hommes-daffaires-roumains\/#respond\"]}]},{\"@type\":\"WebPage\",\"@id\":\"https:\/\/kapitalis.com\/tunisie\/2026\/04\/29\/bizerte-accueille-des-hommes-daffaires-roumains\/\",\"url\":\"https:\/\/kapitalis.com\/tunisie\/2026\/04\/29\/bizerte-accueille-des-hommes-daffaires-roumains\/\",\"name\":\"Bizerte accueille des hommes d\u2019affaires roumains - Kapitalis\",\"isPartOf\":{\"@id\":\"https:\/\/kapitalis.com\/tunisie\/#website\"},\"primaryImageOfPage\":{\"@id\":\"https:\/\/kapitalis.com\/tunisie\/2026\/04\/29\/bizerte-accueille-des-hommes-daffaires-roumains\/#primaryimage\"},\"image\":{\"@id\":\"https:\/\/kapitalis.com\/tunisie\/2026\/04\/29\/bizerte-accueille-des-hommes-daffaires-roumains\/#primaryimage\"},\"thumbnailUrl\":\"https:\/\/kapitalis.com\/tunisie\/wp-content\/uploads\/2026\/04\/Delegation-roumaine-Bizerte2.jpg\",\"datePublished\":\"2026-04-29T07:36:13+00:00\",\"dateModified\":\"2026-04-29T07:36:15+00:00\",\"description\":\"Une d\u00e9l\u00e9gation multisectorielle roumaine a effectu\u00e9, le 28 avril, une visite de travail au gouvernorat de Bizerte.\",\"breadcrumb\":{\"@id\":\"https:\/\/kapitalis.com\/tunisie\/2026\/04\/29\/bizerte-accueille-des-hommes-daffaires-roumains\/#breadcrumb\"},\"inLanguage\":\"fr-FR\",\"potentialAction\":[{\"@type\":\"ReadAction\",\"target\":[\"https:\/\/kapitalis.com\/tunisie\/2026\/04\/29\/bizerte-accueille-des-hommes-daffaires-roumains\/\"]}]},{\"@type\":\"ImageObject\",\"inLanguage\":\"fr-FR\",\"@id\":\"https:\/\/kapitalis.com\/tunisie\/2026\/04\/29\/bizerte-accueille-des-hommes-daffaires-roumains\/#primaryimage\",\"url\":\"https:\/\/kapitalis.com\/tunisie\/wp-content\/uploads\/2026\/04\/Delegation-roumaine-Bizerte2.jpg\",\"contentUrl\":\"https:\/\/kapitalis.com\/tunisie\/wp-content\/uploads\/2026\/04\/Delegation-roumaine-Bizerte2.jpg\",\"width\":1200,\"height\":630},{\"@type\":\"BreadcrumbList\",\"@id\":\"https:\/\/kapitalis.com\/tunisie\/2026\/04\/29\/bizerte-accueille-des-hommes-daffaires-roumains\/#breadcrumb\",\"itemListElement\":[{\"@type\":\"ListItem\",\"position\":1,\"name\":\"Accueil\",\"item\":\"https:\/\/kapitalis.com\/tunisie\/\"},{\"@type\":\"ListItem\",\"position\":2,\"name\":\"Bizerte accueille des hommes d\u2019affaires roumains\"}]},{\"@type\":\"WebSite\",\"@id\":\"https:\/\/kapitalis.com\/tunisie\/#website\",\"url\":\"https:\/\/kapitalis.com\/tunisie\/\",\"name\":\"Kapitalis\",\"description\":\"L&#039;actualit\u00e9 en Tunisie et dans le monde\",\"publisher\":{\"@id\":\"https:\/\/kapitalis.com\/tunisie\/#organization\"},\"potentialAction\":[{\"@type\":\"SearchAction\",\"target\":{\"@type\":\"EntryPoint\",\"urlTemplate\":\"https:\/\/kapitalis.com\/tunisie\/?s={search_term_string}\"},\"query-input\":{\"@type\":\"PropertyValueSpecification\",\"valueRequired\":true,\"valueName\":\"search_term_string\"}}],\"inLanguage\":\"fr-FR\"},{\"@type\":\"Organization\",\"@id\":\"https:\/\/kapitalis.com\/tunisie\/#organization\",\"name\":\"Kapitalis\",\"url\":\"https:\/\/kapitalis.com\/tunisie\/\",\"logo\":{\"@type\":\"ImageObject\",\"inLanguage\":\"fr-FR\",\"@id\":\"https:\/\/kapitalis.com\/tunisie\/#\/schema\/logo\/image\/\",\"url\":\"https:\/\/kapitalis.com\/tunisie\/wp-content\/uploads\/2022\/05\/Kapitalis-big-size.png\",\"contentUrl\":\"https:\/\/kapitalis.com\/tunisie\/wp-content\/uploads\/2022\/05\/Kapitalis-big-size.png\",\"width\":5000,\"height\":1500,\"caption\":\"Kapitalis\"},\"image\":{\"@id\":\"https:\/\/kapitalis.com\/tunisie\/#\/schema\/logo\/image\/\"},\"sameAs\":[\"https:\/\/www.facebook.com\/KapitalisInfo\/\",\"https:\/\/x.com\/KapitalisInfo\",\"https:\/\/www.youtube.com\/channel\/UC-yDYrHyfFBWWZaOw3FPg9Q\"]},{\"@type\":\"Person\",\"@id\":\"https:\/\/kapitalis.com\/tunisie\/#\/schema\/person\/d71f33a9ca44f7bad4698210b480c8e9\",\"name\":\"webmaster kapitalis\",\"url\":\"https:\/\/kapitalis.com\/tunisie\/author\/webmaster-kapitalis\/\"}]}<\/script>\n<!-- \/ Yoast SEO plugin. -->","yoast_head_json":{"title":"Bizerte accueille des hommes d\u2019affaires roumains - Kapitalis","description":"Une d\u00e9l\u00e9gation multisectorielle roumaine a effectu\u00e9, le 28 avril, une visite de travail au gouvernorat de Bizerte.","robots":{"index":"index","follow":"follow","max-snippet":"max-snippet:-1","max-image-preview":"max-image-preview:large","max-video-preview":"max-video-preview:-1"},"canonical":"https:\/\/kapitalis.com\/tunisie\/2026\/04\/29\/bizerte-accueille-des-hommes-daffaires-roumains\/","og_locale":"fr_FR","og_type":"article","og_title":"Bizerte accueille des hommes d\u2019affaires roumains - Kapitalis","og_description":"Une d\u00e9l\u00e9gation multisectorielle roumaine a effectu\u00e9, le 28 avril, une visite de travail au gouvernorat de Bizerte.","og_url":"https:\/\/kapitalis.com\/tunisie\/2026\/04\/29\/bizerte-accueille-des-hommes-daffaires-roumains\/","og_site_name":"Kapitalis","article_publisher":"https:\/\/www.facebook.com\/KapitalisInfo\/","article_published_time":"2026-04-29T07:36:13+00:00","article_modified_time":"2026-04-29T07:36:15+00:00","og_image":[{"width":1200,"height":630,"url":"https:\/\/kapitalis.com\/tunisie\/wp-content\/uploads\/2026\/04\/Delegation-roumaine-Bizerte2.jpg","type":"image\/jpeg"}],"author":"webmaster kapitalis","twitter_card":"summary_large_image","twitter_creator":"@KapitalisInfo","twitter_site":"@KapitalisInfo","twitter_misc":{"\u00c9crit par":"webmaster kapitalis","Dur\u00e9e de lecture estim\u00e9e":"4 minutes"},"schema":{"@context":"https:\/\/schema.org","@graph":[{"@type":"Article","@id":"https:\/\/kapitalis.com\/tunisie\/2026\/04\/29\/bizerte-accueille-des-hommes-daffaires-roumains\/#article","isPartOf":{"@id":"https:\/\/kapitalis.com\/tunisie\/2026\/04\/29\/bizerte-accueille-des-hommes-daffaires-roumains\/"},"author":{"name":"webmaster kapitalis","@id":"https:\/\/kapitalis.com\/tunisie\/#\/schema\/person\/d71f33a9ca44f7bad4698210b480c8e9"},"headline":"Bizerte accueille des hommes d\u2019affaires roumains","datePublished":"2026-04-29T07:36:13+00:00","dateModified":"2026-04-29T07:36:15+00:00","mainEntityOfPage":{"@id":"https:\/\/kapitalis.com\/tunisie\/2026\/04\/29\/bizerte-accueille-des-hommes-daffaires-roumains\/"},"wordCount":795,"commentCount":0,"publisher":{"@id":"https:\/\/kapitalis.com\/tunisie\/#organization"},"image":{"@id":"https:\/\/kapitalis.com\/tunisie\/2026\/04\/29\/bizerte-accueille-des-hommes-daffaires-roumains\/#primaryimage"},"thumbnailUrl":"https:\/\/kapitalis.com\/tunisie\/wp-content\/uploads\/2026\/04\/Delegation-roumaine-Bizerte2.jpg","keywords":["Bizerta Agri Industry","Bizerte","Bucarest","Conect International","Iuliu Stocklosa","Kitilix","Menzel Bourguiba","Metam","Roumanie","Sacem","Selt Marine Group","Topeka","Tunisie"],"articleSection":["A LA UNE","ECONOMIE","Tunisie"],"inLanguage":"fr-FR","potentialAction":[{"@type":"CommentAction","name":"Comment","target":["https:\/\/kapitalis.com\/tunisie\/2026\/04\/29\/bizerte-accueille-des-hommes-daffaires-roumains\/#respond"]}]},{"@type":"WebPage","@id":"https:\/\/kapitalis.com\/tunisie\/2026\/04\/29\/bizerte-accueille-des-hommes-daffaires-roumains\/","url":"https:\/\/kapitalis.com\/tunisie\/2026\/04\/29\/bizerte-accueille-des-hommes-daffaires-roumains\/","name":"Bizerte accueille des hommes d\u2019affaires roumains - Kapitalis","isPartOf":{"@id":"https:\/\/kapitalis.com\/tunisie\/#website"},"primaryImageOfPage":{"@id":"https:\/\/kapitalis.com\/tunisie\/2026\/04\/29\/bizerte-accueille-des-hommes-daffaires-roumains\/#primaryimage"},"image":{"@id":"https:\/\/kapitalis.com\/tunisie\/2026\/04\/29\/bizerte-accueille-des-hommes-daffaires-roumains\/#primaryimage"},"thumbnailUrl":"https:\/\/kapitalis.com\/tunisie\/wp-content\/uploads\/2026\/04\/Delegation-roumaine-Bizerte2.jpg","datePublished":"2026-04-29T07:36:13+00:00","dateModified":"2026-04-29T07:36:15+00:00","description":"Une d\u00e9l\u00e9gation multisectorielle roumaine a effectu\u00e9, le 28 avril, une visite de travail au gouvernorat de Bizerte.","breadcrumb":{"@id":"https:\/\/kapitalis.com\/tunisie\/2026\/04\/29\/bizerte-accueille-des-hommes-daffaires-roumains\/#breadcrumb"},"inLanguage":"fr-FR","potentialAction":[{"@type":"ReadAction","target":["https:\/\/kapitalis.com\/tunisie\/2026\/04\/29\/bizerte-accueille-des-hommes-daffaires-roumains\/"]}]},{"@type":"ImageObject","inLanguage":"fr-FR","@id":"https:\/\/kapitalis.com\/tunisie\/2026\/04\/29\/bizerte-accueille-des-hommes-daffaires-roumains\/#primaryimage","url":"https:\/\/kapitalis.com\/tunisie\/wp-content\/uploads\/2026\/04\/Delegation-roumaine-Bizerte2.jpg","contentUrl":"https:\/\/kapitalis.com\/tunisie\/wp-content\/uploads\/2026\/04\/Delegation-roumaine-Bizerte2.jpg","width":1200,"height":630},{"@type":"BreadcrumbList","@id":"https:\/\/kapitalis.com\/tunisie\/2026\/04\/29\/bizerte-accueille-des-hommes-daffaires-roumains\/#breadcrumb","itemListElement":[{"@type":"ListItem","position":1,"name":"Accueil","item":"https:\/\/kapitalis.com\/tunisie\/"},{"@type":"ListItem","position":2,"name":"Bizerte accueille des hommes d\u2019affaires roumains"}]},{"@type":"WebSite","@id":"https:\/\/kapitalis.com\/tunisie\/#website","url":"https:\/\/kapitalis.com\/tunisie\/","name":"Kapitalis","description":"L&#039;actualit\u00e9 en Tunisie et dans le monde","publisher":{"@id":"https:\/\/kapitalis.com\/tunisie\/#organization"},"potentialAction":[{"@type":"SearchAction","target":{"@type":"EntryPoint","urlTemplate":"https:\/\/kapitalis.com\/tunisie\/?s={search_term_string}"},"query-input":{"@type":"PropertyValueSpecification","valueRequired":true,"valueName":"search_term_string"}}],"inLanguage":"fr-FR"},{"@type":"Organization","@id":"https:\/\/kapitalis.com\/tunisie\/#organization","name":"Kapitalis","url":"https:\/\/kapitalis.com\/tunisie\/","logo":{"@type":"ImageObject","inLanguage":"fr-FR","@id":"https:\/\/kapitalis.com\/tunisie\/#\/schema\/logo\/image\/","url":"https:\/\/kapitalis.com\/tunisie\/wp-content\/uploads\/2022\/05\/Kapitalis-big-size.png","contentUrl":"https:\/\/kapitalis.com\/tunisie\/wp-content\/uploads\/2022\/05\/Kapitalis-big-size.png","width":5000,"height":1500,"caption":"Kapitalis"},"image":{"@id":"https:\/\/kapitalis.com\/tunisie\/#\/schema\/logo\/image\/"},"sameAs":["https:\/\/www.facebook.com\/KapitalisInfo\/","https:\/\/x.com\/KapitalisInfo","https:\/\/www.youtube.com\/channel\/UC-yDYrHyfFBWWZaOw3FPg9Q"]},{"@type":"Person","@id":"https:\/\/kapitalis.com\/tunisie\/#\/schema\/person\/d71f33a9ca44f7bad4698210b480c8e9","name":"webmaster kapitalis","url":"https:\/\/kapitalis.com\/tunisie\/author\/webmaster-kapitalis\/"}]}},"_links":{"self":[{"href":"https:\/\/kapitalis.com\/tunisie\/wp-json\/wp\/v2\/posts\/18706591","targetHints":{"allow":["GET"]}}],"collection":[{"href":"https:\/\/kapitalis.com\/tunisie\/wp-json\/wp\/v2\/posts"}],"about":[{"href":"https:\/\/kapitalis.com\/tunisie\/wp-json\/wp\/v2\/types\/post"}],"author":[{"embeddable":true,"href":"https:\/\/kapitalis.com\/tunisie\/wp-json\/wp\/v2\/users\/8"}],"replies":[{"embeddable":true,"href":"https:\/\/kapitalis.com\/tunisie\/wp-json\/wp\/v2\/comments?post=18706591"}],"version-history":[{"count":2,"href":"https:\/\/kapitalis.com\/tunisie\/wp-json\/wp\/v2\/posts\/18706591\/revisions"}],"predecessor-version":[{"id":18706666,"href":"https:\/\/kapitalis.com\/tunisie\/wp-json\/wp\/v2\/posts\/18706591\/revisions\/18706666"}],"wp:featuredmedia":[{"embeddable":true,"href":"https:\/\/kapitalis.com\/tunisie\/wp-json\/wp\/v2\/media\/18706624"}],"wp:attachment":[{"href":"https:\/\/kapitalis.com\/tunisie\/wp-json\/wp\/v2\/media?parent=18706591"}],"wp:term":[{"taxonomy":"category","embeddable":true,"href":"https:\/\/kapitalis.com\/tunisie\/wp-json\/wp\/v2\/categories?post=18706591"},{"taxonomy":"post_tag","embeddable":true,"href":"https:\/\/kapitalis.com\/tunisie\/wp-json\/wp\/v2\/tags?post=18706591"}],"curies":[{"name":"wp","href":"https:\/\/api.w.org\/{rel}","templated":true}]}}