{"id":18707716,"date":"2026-04-30T08:00:00","date_gmt":"2026-04-30T07:00:00","guid":{"rendered":"https:\/\/kapitalis.com\/tunisie\/?p=18707716"},"modified":"2026-04-30T08:03:24","modified_gmt":"2026-04-30T07:03:24","slug":"tunisie-transition-energetique-et-souverainete-sous-contrainte","status":"publish","type":"post","link":"https:\/\/kapitalis.com\/tunisie\/2026\/04\/30\/tunisie-transition-energetique-et-souverainete-sous-contrainte\/","title":{"rendered":"Tunisie | Transition \u00e9nerg\u00e9tique et souverainet\u00e9 sous contrainte"},"content":{"rendered":"\n<p><strong><em>\u00c0 mesure que le syst\u00e8me \u00e9nerg\u00e9tique mondial se reconfigure, la Tunisie s\u2019inscrit dans une dynamique de transition acc\u00e9l\u00e9r\u00e9e. V\u00e9hicules \u00e9lectriques, projets d\u2019\u00e9nergies renouvelables et d\u2019hydrog\u00e8ne vert, ouverture aux investissements internationaux : les signaux d\u2019un basculement sont visibles. Mais derri\u00e8re cette modernisation, une autre r\u00e9alit\u00e9 se dessine celle d\u2019une souverainet\u00e9 prise dans des rapports d\u2019interd\u00e9pendance croissants, o\u00f9 l\u2019acc\u00e8s aux ressources, aux technologies et aux march\u00e9s devient conditionnel.<\/em><\/strong><\/p>\n\n\n\n<p><strong>Manel Albouchi<\/strong><\/p>\n\n\n\n<!--more-->\n\n\n\n<p>La transition \u00e9nerg\u00e9tique tunisienne ne peut \u00eatre comprise ind\u00e9pendamment de son environnement international. Elle s\u2019inscrit dans une reconfiguration plus large des flux \u00e9nerg\u00e9tiques mondiaux, marqu\u00e9e par la transition verte europ\u00e9enne, la s\u00e9curisation des approvisionnements et la mont\u00e9e en puissance des \u00e9nergies renouvelables comme instruments g\u00e9opolitiques.<\/p>\n\n\n\n<p>Dans ce contexte, la Tunisie change de statut : d\u2019espace p\u00e9riph\u00e9rique, elle devient un territoire d\u2019articulation entre diff\u00e9rentes logiques de puissance.<\/p>\n\n\n\n<p>Ses ressources, notamment solaires, et sa proximit\u00e9 avec l\u2019Europe la positionnent au c\u0153ur de nouvelles cha\u00eenes de valeur \u00e9nerg\u00e9tiques.<\/p>\n\n\n\n<h2 class=\"wp-block-heading\">Avanc\u00e9es r\u00e9elles, mais transition encore embryonnaire<\/h2>\n\n\n\n<p>Sur le plan interne, la transition est engag\u00e9e, mais reste structurellement incompl\u00e8te.<\/p>\n\n\n\n<p>La production nationale d\u2019\u00e9lectricit\u00e9 atteint environ 20 t\u00e9rawattheures (TWh) par an, en progression r\u00e9guli\u00e8re. Toutefois, elle demeure largement domin\u00e9e par les \u00e9nergies fossiles.<\/p>\n\n\n\n<p>Les \u00e9nergies renouvelables repr\u00e9sentent aujourd\u2019hui entre 5 et 6 % du mix \u00e9lectrique, ce qui traduit une phase encore initiale de transformation, en d\u00e9calage avec les objectifs affich\u00e9s.<\/p>\n\n\n\n<p>Dans le m\u00eame temps, la Tunisie reste d\u00e9pendante \u00e0 pr\u00e8s de 60 % de ses besoins \u00e9nerg\u00e9tiques, principalement via les importations de gaz naturel.<\/p>\n\n\n\n<p>Ces donn\u00e9es posent un cadre clair : la transition est amorc\u00e9e, mais elle s\u2019inscrit dans une structure de d\u00e9pendance persistante.<\/p>\n\n\n\n<h2 class=\"wp-block-heading\">Modernisation visible et mutations sociales<\/h2>\n\n\n\n<p>La transformation se manifeste \u00e9galement dans l\u2019espace social.<\/p>\n\n\n\n<p>L\u2019introduction de v\u00e9hicules \u00e9lectriques, notamment ceux du constructeur chinois BYD, constitue un marqueur tangible de cette mutation. Des mod\u00e8les accessibles, \u00e0 partir d\u2019environ 55 000 dinars, et dot\u00e9s d\u2019autonomies pouvant d\u00e9passer 500 km rendent cette technologie progressivement int\u00e9gr\u00e9e dans le paysage urbain.<\/p>\n\n\n\n<p>Cette diffusion est soutenue par des dispositifs publics, notamment l\u2019exon\u00e9ration des droits de consommation et la r\u00e9gulation des importations par quotas.<\/p>\n\n\n\n<p>Parall\u00e8lement, des initiatives locales \u00e9mergent, \u00e0 l\u2019image du r\u00e9seau de bornes de recharge d\u00e9velopp\u00e9 par Helios, encore limit\u00e9 mais structurant les premi\u00e8res bases d\u2019une infrastructure nationale.<\/p>\n\n\n\n<h2 class=\"wp-block-heading\">Transition et interd\u00e9pendances structurelles<\/h2>\n\n\n\n<p>Derri\u00e8re ces avanc\u00e9es, la structure du syst\u00e8me \u00e9nerg\u00e9tique tunisien reste marqu\u00e9e par de fortes interd\u00e9pendances.<\/p>\n\n\n\n<p>Les technologies cl\u00e9s, notamment les panneaux solaires, sont majoritairement import\u00e9es. Les investissements dans les projets strat\u00e9giques impliquent des acteurs \u00e9trangers. Les d\u00e9bouch\u00e9s, en particulier dans le domaine de l\u2019hydrog\u00e8ne vert, s\u2019orientent principalement vers les march\u00e9s europ\u00e9ens.<\/p>\n\n\n\n<p>Ainsi, la transition \u00e9nerg\u00e9tique s\u2019op\u00e8re dans une configuration o\u00f9 la production locale repose sur des cha\u00eenes de valeur globalis\u00e9es.<\/p>\n\n\n\n<p>Ce mod\u00e8le n\u2019est pas sp\u00e9cifique \u00e0 la Tunisie. Il caract\u00e9rise de nombreuses \u00e9conomies en transition. Mais il pose une question centrale : celle de la capacit\u00e9 \u00e0 ma\u00eetriser les conditions de production et de valorisation de l\u2019\u00e9nergie.<\/p>\n\n\n\n<h2 class=\"wp-block-heading\">Du march\u00e9 ouvert \u00e0 l\u2019acc\u00e8s conditionnel<\/h2>\n\n\n\n<p>Le syst\u00e8me \u00e9nerg\u00e9tique mondial \u00e9volue vers une forme de r\u00e9gulation plus complexe. Il ne repose plus uniquement sur des m\u00e9canismes de march\u00e9 ouverts, mais sur <em>\u00abdes logiques d\u2019acc\u00e8s conditionnel\u00bb<\/em> aux ressources, aux infrastructures et aux circuits de distribution. Les flux \u00e9nerg\u00e9tiques sont d\u00e9sormais travers\u00e9s par des consid\u00e9rations g\u00e9opolitiques, diplomatiques et strat\u00e9giques.<\/p>\n\n\n\n<p>Dans ce cadre, l\u2019information elle-m\u00eame devient un enjeu : sa circulation est partiellement diff\u00e9renci\u00e9e, et son acc\u00e8s d\u00e9pend des positions occup\u00e9es dans les r\u00e9seaux de d\u00e9cision.<\/p>\n\n\n\n<p>Ce d\u00e9placement transforme la nature de la souverainet\u00e9 \u00e9nerg\u00e9tique. Celle-ci ne se r\u00e9duit plus \u00e0 la possession de ressources, mais implique la capacit\u00e9 \u00e0 s\u2019ins\u00e9rer dans des syst\u00e8mes d\u2019acc\u00e8s hi\u00e9rarchis\u00e9s.<\/p>\n\n\n\n<p>Dans une perspective syst\u00e9mique, la transition \u00e9nerg\u00e9tique tunisienne peut \u00eatre analys\u00e9e comme un syst\u00e8me en r\u00e9organisation.<\/p>\n\n\n\n<p>Les transformations en cours produisent des effets en cha\u00eene : l\u2019acc\u00e9l\u00e9ration technologique accro\u00eet les besoins en importation&nbsp;; l\u2019int\u00e9gration aux march\u00e9s internationaux renforce les d\u00e9pendances&nbsp;; ces d\u00e9pendances exigent des formes accrues de coordination politique et \u00e9conomique.<\/p>\n\n\n\n<p>Le syst\u00e8me ne progresse pas de mani\u00e8re lin\u00e9aire. Il fonctionne par ajustements successifs, dans un \u00e9quilibre instable.<\/p>\n\n\n\n<h2 class=\"wp-block-heading\">La d\u00e9pendance comme impens\u00e9 politique<\/h2>\n\n\n\n<p>La d\u00e9pendance \u00e9nerg\u00e9tique n\u2019est pas uniquement un fait \u00e9conomique. Elle est aussi un objet politique difficile \u00e0 stabiliser. Elle oscille entre reconnaissance partielle et discours de d\u00e9passement, sans toujours faire l\u2019objet d\u2019une \u00e9laboration explicite.<\/p>\n\n\n\n<p>Dans une perspective psychopolitique, cette ambivalence produit des effets : polarisation du d\u00e9bat public&nbsp;; d\u00e9fiance envers les projets structurants&nbsp;; difficult\u00e9 \u00e0 construire des orientations strat\u00e9giques partag\u00e9es.<\/p>\n\n\n\n<p>La d\u00e9pendance n\u2019est pas seulement subie : elle est aussi insuffisamment pens\u00e9e.<\/p>\n\n\n\n<h2 class=\"wp-block-heading\">Clivage et illusion de ma\u00eetrise<\/h2>\n\n\n\n<p>Face \u00e0 la complexit\u00e9, le d\u00e9bat public tend \u00e0 se structurer autour d\u2019oppositions simplifi\u00e9es : souverainet\u00e9 contre d\u00e9pendance, ouverture contre menace.<\/p>\n\n\n\n<p>Ce m\u00e9canisme renvoie au concept de clivage d\u00e9velopp\u00e9 par Melanie Klein, qui permet de r\u00e9duire l\u2019ambivalence en divisant le r\u00e9el.<\/p>\n\n\n\n<p>Mais cette simplification a un co\u00fbt&nbsp;: elle transforme des enjeux structurels en affrontements moraux, rendant plus difficile leur traitement r\u00e9el.<\/p>\n\n\n\n<p>Dans le m\u00eame temps, la souverainet\u00e9 peut fonctionner comme une forme d\u2019illusion de ma\u00eetrise. En effet, les soci\u00e9t\u00e9s produisent des illusions pour se prot\u00e9ger de l\u2019incertitude. La souverainet\u00e9, dans ce sens, agit comme une r\u00e9ponse \u00e0 l\u2019angoisse d\u2019un monde instable&nbsp;: une mani\u00e8re d\u2019affirmer une ma\u00eetrise l\u00e0 o\u00f9 celle-ci est partielle.<\/p>\n\n\n\n<p>Dans <em>\u2018\u2018L\u2019Avenir d\u2019une illusion\u2019\u2019<\/em>, Sigmund Freud, compare le Moi \u00e0 un cavalier tentant de diriger un cheval plus puissant que lui. De la m\u00eame mani\u00e8re, le politique tente d\u2019organiser un syst\u00e8me (\u00e9conomique, technologique, g\u00e9opolitique) dont il ne contr\u00f4le pas enti\u00e8rement les forces.<\/p>\n\n\n\n<h2 class=\"wp-block-heading\">Le politique dans un syst\u00e8me instable<\/h2>\n\n\n\n<p>Dans ce contexte, les d\u00e9cisions politiques s\u2019inscrivent dans une dynamique de r\u00e9gulation.<\/p>\n\n\n\n<p>Le secteur \u00e9nerg\u00e9tique devient un espace de concentration d\u2019enjeux \u00e9conomiques, strat\u00e9giques et symboliques.<\/p>\n\n\n\n<p>Les interventions dans ce domaine peuvent \u00eatre interpr\u00e9t\u00e9es comme des tentatives d\u2019ajustement dans un syst\u00e8me en d\u00e9s\u00e9quilibre, o\u00f9 la ma\u00eetrise compl\u00e8te n\u2019est pas accessible, mais o\u00f9 la capacit\u00e9 d\u2019action reste d\u00e9terminante.<\/p>\n\n\n\n<p>Dans ce contexte, certaines d\u00e9cisions (comme le limogeage, annonc\u00e9 hier, mardi 28 avril, de la ministre de l\u2019\u00c9nergie par le pr\u00e9sident Ka\u00efs Sa\u00efed) prennent une port\u00e9e qui d\u00e9passe leur dimension administrative.<\/p>\n\n\n\n<p>La transition \u00e9nerg\u00e9tique tunisienne ne se r\u00e9duit ni \u00e0 un processus d\u2019autonomisation, ni \u00e0 une simple reproduction de la d\u00e9pendance. Elle s\u2019inscrit dans un espace interm\u00e9diaire. Un entre-deux.<\/p>\n\n\n\n<p>Dans ce cadre, la souverainet\u00e9 ne peut plus \u00eatre pens\u00e9e comme une ind\u00e9pendance absolue. Elle devient une capacit\u00e9 \u00e0&nbsp;: organiser les interd\u00e9pendances, n\u00e9gocier les conditions d\u2019acc\u00e8s, structurer la valeur produite.<\/p>\n\n\n\n<p>Produire de l\u2019\u00e9nergie ne suffit pas. Ce qui compte, c\u2019est la capacit\u00e9 \u00e0 en ma\u00eetriser les conditions. Et c\u2019est pr\u00e9cis\u00e9ment dans cet espace <em>\u00abdiscret, instable, mais d\u00e9cisif\u00bb<\/em> que se joue aujourd\u2019hui l\u2019avenir \u00e9nerg\u00e9tique de la Tunisie.<\/p>\n\n\n\n<figure class=\"wp-block-embed is-type-wp-embed is-provider-kapitalis wp-block-embed-kapitalis\"><div class=\"wp-block-embed__wrapper\">\n<blockquote class=\"wp-embedded-content\" data-secret=\"Sv5oQwVBhN\"><a href=\"https:\/\/kapitalis.com\/tunisie\/2026\/04\/29\/detroit-dhormuz-ferme-catastrophe-a-venir-pour-la-tunisie\/\">D\u00e9troit d\u2019Hormuz ferm\u00e9, catastrophe \u00e0 venir pour la Tunisie\u00a0?<\/a><\/blockquote><iframe loading=\"lazy\" class=\"wp-embedded-content\" sandbox=\"allow-scripts\" security=\"restricted\" style=\"position: absolute; visibility: hidden;\" title=\"\u00ab\u00a0D\u00e9troit d\u2019Hormuz ferm\u00e9, catastrophe \u00e0 venir pour la Tunisie\u00a0?\u00a0\u00bb &#8212; Kapitalis\" src=\"https:\/\/kapitalis.com\/tunisie\/2026\/04\/29\/detroit-dhormuz-ferme-catastrophe-a-venir-pour-la-tunisie\/embed\/#?secret=AulpLlQUvf#?secret=Sv5oQwVBhN\" data-secret=\"Sv5oQwVBhN\" width=\"600\" height=\"338\" frameborder=\"0\" marginwidth=\"0\" marginheight=\"0\" scrolling=\"no\"><\/iframe>\n<\/div><\/figure>\n","protected":false},"excerpt":{"rendered":"<p>Pour une Tunisie en transition, la souverainet\u00e9 \u00e9nerg\u00e9tique est prise dans des rapports d&rsquo;interd\u00e9pendance croissants.<\/p>\n","protected":false},"author":8,"featured_media":9184476,"comment_status":"open","ping_status":"open","sticky":false,"template":"","format":"standard","meta":{"footnotes":""},"categories":[992,995,997,2433],"tags":[5640,91928,7484,80209,62643,85849],"class_list":["post-18707716","post","type-post","status-publish","format-standard","has-post-thumbnail","hentry","category-a-la-une","category-economie","category-politique","category-tunisie","tag-energies-renouvelables","tag-hydrogene-vert","tag-souverainete","tag-transition-energetique","tag-tunisie","tag-vehicules-electriques"],"yoast_head":"<!-- This site is optimized with the Yoast SEO plugin v26.6 - https:\/\/yoast.com\/wordpress\/plugins\/seo\/ -->\n<title>Tunisie | Transition \u00e9nerg\u00e9tique et souverainet\u00e9 sous contrainte - Kapitalis<\/title>\n<meta name=\"description\" content=\"Pour une Tunisie en transition, la souverainet\u00e9 \u00e9nerg\u00e9tique est prise dans des rapports d&#039;interd\u00e9pendance croissants.\" \/>\n<meta name=\"robots\" content=\"index, follow, max-snippet:-1, max-image-preview:large, max-video-preview:-1\" \/>\n<link rel=\"canonical\" href=\"https:\/\/kapitalis.com\/tunisie\/2026\/04\/30\/tunisie-transition-energetique-et-souverainete-sous-contrainte\/\" \/>\n<meta property=\"og:locale\" content=\"fr_FR\" \/>\n<meta property=\"og:type\" content=\"article\" \/>\n<meta property=\"og:title\" content=\"Tunisie | Transition \u00e9nerg\u00e9tique et souverainet\u00e9 sous contrainte - Kapitalis\" \/>\n<meta property=\"og:description\" content=\"Pour une Tunisie en transition, la souverainet\u00e9 \u00e9nerg\u00e9tique est prise dans des rapports d&#039;interd\u00e9pendance croissants.\" \/>\n<meta property=\"og:url\" content=\"https:\/\/kapitalis.com\/tunisie\/2026\/04\/30\/tunisie-transition-energetique-et-souverainete-sous-contrainte\/\" \/>\n<meta property=\"og:site_name\" content=\"Kapitalis\" \/>\n<meta property=\"article:publisher\" content=\"https:\/\/www.facebook.com\/KapitalisInfo\/\" \/>\n<meta property=\"article:published_time\" content=\"2026-04-30T07:00:00+00:00\" \/>\n<meta property=\"article:modified_time\" content=\"2026-04-30T07:03:24+00:00\" \/>\n<meta property=\"og:image\" content=\"https:\/\/kapitalis.com\/tunisie\/wp-content\/uploads\/2023\/08\/Energie-Climat.jpg\" \/>\n\t<meta property=\"og:image:width\" content=\"1200\" \/>\n\t<meta property=\"og:image:height\" content=\"630\" \/>\n\t<meta property=\"og:image:type\" content=\"image\/jpeg\" \/>\n<meta name=\"author\" content=\"webmaster kapitalis\" \/>\n<meta name=\"twitter:card\" content=\"summary_large_image\" \/>\n<meta name=\"twitter:creator\" content=\"@KapitalisInfo\" \/>\n<meta name=\"twitter:site\" content=\"@KapitalisInfo\" \/>\n<meta name=\"twitter:label1\" content=\"\u00c9crit par\" \/>\n\t<meta name=\"twitter:data1\" content=\"webmaster kapitalis\" \/>\n\t<meta name=\"twitter:label2\" content=\"Dur\u00e9e de lecture estim\u00e9e\" \/>\n\t<meta name=\"twitter:data2\" content=\"6 minutes\" \/>\n<script type=\"application\/ld+json\" class=\"yoast-schema-graph\">{\"@context\":\"https:\/\/schema.org\",\"@graph\":[{\"@type\":\"Article\",\"@id\":\"https:\/\/kapitalis.com\/tunisie\/2026\/04\/30\/tunisie-transition-energetique-et-souverainete-sous-contrainte\/#article\",\"isPartOf\":{\"@id\":\"https:\/\/kapitalis.com\/tunisie\/2026\/04\/30\/tunisie-transition-energetique-et-souverainete-sous-contrainte\/\"},\"author\":{\"name\":\"webmaster kapitalis\",\"@id\":\"https:\/\/kapitalis.com\/tunisie\/#\/schema\/person\/d71f33a9ca44f7bad4698210b480c8e9\"},\"headline\":\"Tunisie | Transition \u00e9nerg\u00e9tique et souverainet\u00e9 sous contrainte\",\"datePublished\":\"2026-04-30T07:00:00+00:00\",\"dateModified\":\"2026-04-30T07:03:24+00:00\",\"mainEntityOfPage\":{\"@id\":\"https:\/\/kapitalis.com\/tunisie\/2026\/04\/30\/tunisie-transition-energetique-et-souverainete-sous-contrainte\/\"},\"wordCount\":1315,\"commentCount\":0,\"publisher\":{\"@id\":\"https:\/\/kapitalis.com\/tunisie\/#organization\"},\"image\":{\"@id\":\"https:\/\/kapitalis.com\/tunisie\/2026\/04\/30\/tunisie-transition-energetique-et-souverainete-sous-contrainte\/#primaryimage\"},\"thumbnailUrl\":\"https:\/\/kapitalis.com\/tunisie\/wp-content\/uploads\/2023\/08\/Energie-Climat.jpg\",\"keywords\":[\"\u00e9nergies renouvelables\",\"hydrog\u00e8ne vert\",\"souverainet\u00e9\",\"Transition \u00e9nerg\u00e9tique\",\"Tunisie\",\"v\u00e9hicules \u00e9lectriques\"],\"articleSection\":[\"A LA UNE\",\"ECONOMIE\",\"POLITIQUE\",\"Tunisie\"],\"inLanguage\":\"fr-FR\",\"potentialAction\":[{\"@type\":\"CommentAction\",\"name\":\"Comment\",\"target\":[\"https:\/\/kapitalis.com\/tunisie\/2026\/04\/30\/tunisie-transition-energetique-et-souverainete-sous-contrainte\/#respond\"]}]},{\"@type\":\"WebPage\",\"@id\":\"https:\/\/kapitalis.com\/tunisie\/2026\/04\/30\/tunisie-transition-energetique-et-souverainete-sous-contrainte\/\",\"url\":\"https:\/\/kapitalis.com\/tunisie\/2026\/04\/30\/tunisie-transition-energetique-et-souverainete-sous-contrainte\/\",\"name\":\"Tunisie | Transition \u00e9nerg\u00e9tique et souverainet\u00e9 sous contrainte - Kapitalis\",\"isPartOf\":{\"@id\":\"https:\/\/kapitalis.com\/tunisie\/#website\"},\"primaryImageOfPage\":{\"@id\":\"https:\/\/kapitalis.com\/tunisie\/2026\/04\/30\/tunisie-transition-energetique-et-souverainete-sous-contrainte\/#primaryimage\"},\"image\":{\"@id\":\"https:\/\/kapitalis.com\/tunisie\/2026\/04\/30\/tunisie-transition-energetique-et-souverainete-sous-contrainte\/#primaryimage\"},\"thumbnailUrl\":\"https:\/\/kapitalis.com\/tunisie\/wp-content\/uploads\/2023\/08\/Energie-Climat.jpg\",\"datePublished\":\"2026-04-30T07:00:00+00:00\",\"dateModified\":\"2026-04-30T07:03:24+00:00\",\"description\":\"Pour une Tunisie en transition, la souverainet\u00e9 \u00e9nerg\u00e9tique est prise dans des rapports d'interd\u00e9pendance croissants.\",\"breadcrumb\":{\"@id\":\"https:\/\/kapitalis.com\/tunisie\/2026\/04\/30\/tunisie-transition-energetique-et-souverainete-sous-contrainte\/#breadcrumb\"},\"inLanguage\":\"fr-FR\",\"potentialAction\":[{\"@type\":\"ReadAction\",\"target\":[\"https:\/\/kapitalis.com\/tunisie\/2026\/04\/30\/tunisie-transition-energetique-et-souverainete-sous-contrainte\/\"]}]},{\"@type\":\"ImageObject\",\"inLanguage\":\"fr-FR\",\"@id\":\"https:\/\/kapitalis.com\/tunisie\/2026\/04\/30\/tunisie-transition-energetique-et-souverainete-sous-contrainte\/#primaryimage\",\"url\":\"https:\/\/kapitalis.com\/tunisie\/wp-content\/uploads\/2023\/08\/Energie-Climat.jpg\",\"contentUrl\":\"https:\/\/kapitalis.com\/tunisie\/wp-content\/uploads\/2023\/08\/Energie-Climat.jpg\",\"width\":1200,\"height\":630},{\"@type\":\"BreadcrumbList\",\"@id\":\"https:\/\/kapitalis.com\/tunisie\/2026\/04\/30\/tunisie-transition-energetique-et-souverainete-sous-contrainte\/#breadcrumb\",\"itemListElement\":[{\"@type\":\"ListItem\",\"position\":1,\"name\":\"Accueil\",\"item\":\"https:\/\/kapitalis.com\/tunisie\/\"},{\"@type\":\"ListItem\",\"position\":2,\"name\":\"Tunisie | Transition \u00e9nerg\u00e9tique et souverainet\u00e9 sous contrainte\"}]},{\"@type\":\"WebSite\",\"@id\":\"https:\/\/kapitalis.com\/tunisie\/#website\",\"url\":\"https:\/\/kapitalis.com\/tunisie\/\",\"name\":\"Kapitalis\",\"description\":\"L&#039;actualit\u00e9 en Tunisie et dans le monde\",\"publisher\":{\"@id\":\"https:\/\/kapitalis.com\/tunisie\/#organization\"},\"potentialAction\":[{\"@type\":\"SearchAction\",\"target\":{\"@type\":\"EntryPoint\",\"urlTemplate\":\"https:\/\/kapitalis.com\/tunisie\/?s={search_term_string}\"},\"query-input\":{\"@type\":\"PropertyValueSpecification\",\"valueRequired\":true,\"valueName\":\"search_term_string\"}}],\"inLanguage\":\"fr-FR\"},{\"@type\":\"Organization\",\"@id\":\"https:\/\/kapitalis.com\/tunisie\/#organization\",\"name\":\"Kapitalis\",\"url\":\"https:\/\/kapitalis.com\/tunisie\/\",\"logo\":{\"@type\":\"ImageObject\",\"inLanguage\":\"fr-FR\",\"@id\":\"https:\/\/kapitalis.com\/tunisie\/#\/schema\/logo\/image\/\",\"url\":\"https:\/\/kapitalis.com\/tunisie\/wp-content\/uploads\/2022\/05\/Kapitalis-big-size.png\",\"contentUrl\":\"https:\/\/kapitalis.com\/tunisie\/wp-content\/uploads\/2022\/05\/Kapitalis-big-size.png\",\"width\":5000,\"height\":1500,\"caption\":\"Kapitalis\"},\"image\":{\"@id\":\"https:\/\/kapitalis.com\/tunisie\/#\/schema\/logo\/image\/\"},\"sameAs\":[\"https:\/\/www.facebook.com\/KapitalisInfo\/\",\"https:\/\/x.com\/KapitalisInfo\",\"https:\/\/www.youtube.com\/channel\/UC-yDYrHyfFBWWZaOw3FPg9Q\"]},{\"@type\":\"Person\",\"@id\":\"https:\/\/kapitalis.com\/tunisie\/#\/schema\/person\/d71f33a9ca44f7bad4698210b480c8e9\",\"name\":\"webmaster kapitalis\",\"url\":\"https:\/\/kapitalis.com\/tunisie\/author\/webmaster-kapitalis\/\"}]}<\/script>\n<!-- \/ Yoast SEO plugin. -->","yoast_head_json":{"title":"Tunisie | Transition \u00e9nerg\u00e9tique et souverainet\u00e9 sous contrainte - Kapitalis","description":"Pour une Tunisie en transition, la souverainet\u00e9 \u00e9nerg\u00e9tique est prise dans des rapports d'interd\u00e9pendance croissants.","robots":{"index":"index","follow":"follow","max-snippet":"max-snippet:-1","max-image-preview":"max-image-preview:large","max-video-preview":"max-video-preview:-1"},"canonical":"https:\/\/kapitalis.com\/tunisie\/2026\/04\/30\/tunisie-transition-energetique-et-souverainete-sous-contrainte\/","og_locale":"fr_FR","og_type":"article","og_title":"Tunisie | Transition \u00e9nerg\u00e9tique et souverainet\u00e9 sous contrainte - Kapitalis","og_description":"Pour une Tunisie en transition, la souverainet\u00e9 \u00e9nerg\u00e9tique est prise dans des rapports d'interd\u00e9pendance croissants.","og_url":"https:\/\/kapitalis.com\/tunisie\/2026\/04\/30\/tunisie-transition-energetique-et-souverainete-sous-contrainte\/","og_site_name":"Kapitalis","article_publisher":"https:\/\/www.facebook.com\/KapitalisInfo\/","article_published_time":"2026-04-30T07:00:00+00:00","article_modified_time":"2026-04-30T07:03:24+00:00","og_image":[{"width":1200,"height":630,"url":"https:\/\/kapitalis.com\/tunisie\/wp-content\/uploads\/2023\/08\/Energie-Climat.jpg","type":"image\/jpeg"}],"author":"webmaster kapitalis","twitter_card":"summary_large_image","twitter_creator":"@KapitalisInfo","twitter_site":"@KapitalisInfo","twitter_misc":{"\u00c9crit par":"webmaster kapitalis","Dur\u00e9e de lecture estim\u00e9e":"6 minutes"},"schema":{"@context":"https:\/\/schema.org","@graph":[{"@type":"Article","@id":"https:\/\/kapitalis.com\/tunisie\/2026\/04\/30\/tunisie-transition-energetique-et-souverainete-sous-contrainte\/#article","isPartOf":{"@id":"https:\/\/kapitalis.com\/tunisie\/2026\/04\/30\/tunisie-transition-energetique-et-souverainete-sous-contrainte\/"},"author":{"name":"webmaster kapitalis","@id":"https:\/\/kapitalis.com\/tunisie\/#\/schema\/person\/d71f33a9ca44f7bad4698210b480c8e9"},"headline":"Tunisie | Transition \u00e9nerg\u00e9tique et souverainet\u00e9 sous contrainte","datePublished":"2026-04-30T07:00:00+00:00","dateModified":"2026-04-30T07:03:24+00:00","mainEntityOfPage":{"@id":"https:\/\/kapitalis.com\/tunisie\/2026\/04\/30\/tunisie-transition-energetique-et-souverainete-sous-contrainte\/"},"wordCount":1315,"commentCount":0,"publisher":{"@id":"https:\/\/kapitalis.com\/tunisie\/#organization"},"image":{"@id":"https:\/\/kapitalis.com\/tunisie\/2026\/04\/30\/tunisie-transition-energetique-et-souverainete-sous-contrainte\/#primaryimage"},"thumbnailUrl":"https:\/\/kapitalis.com\/tunisie\/wp-content\/uploads\/2023\/08\/Energie-Climat.jpg","keywords":["\u00e9nergies renouvelables","hydrog\u00e8ne vert","souverainet\u00e9","Transition \u00e9nerg\u00e9tique","Tunisie","v\u00e9hicules \u00e9lectriques"],"articleSection":["A LA UNE","ECONOMIE","POLITIQUE","Tunisie"],"inLanguage":"fr-FR","potentialAction":[{"@type":"CommentAction","name":"Comment","target":["https:\/\/kapitalis.com\/tunisie\/2026\/04\/30\/tunisie-transition-energetique-et-souverainete-sous-contrainte\/#respond"]}]},{"@type":"WebPage","@id":"https:\/\/kapitalis.com\/tunisie\/2026\/04\/30\/tunisie-transition-energetique-et-souverainete-sous-contrainte\/","url":"https:\/\/kapitalis.com\/tunisie\/2026\/04\/30\/tunisie-transition-energetique-et-souverainete-sous-contrainte\/","name":"Tunisie | Transition \u00e9nerg\u00e9tique et souverainet\u00e9 sous contrainte - Kapitalis","isPartOf":{"@id":"https:\/\/kapitalis.com\/tunisie\/#website"},"primaryImageOfPage":{"@id":"https:\/\/kapitalis.com\/tunisie\/2026\/04\/30\/tunisie-transition-energetique-et-souverainete-sous-contrainte\/#primaryimage"},"image":{"@id":"https:\/\/kapitalis.com\/tunisie\/2026\/04\/30\/tunisie-transition-energetique-et-souverainete-sous-contrainte\/#primaryimage"},"thumbnailUrl":"https:\/\/kapitalis.com\/tunisie\/wp-content\/uploads\/2023\/08\/Energie-Climat.jpg","datePublished":"2026-04-30T07:00:00+00:00","dateModified":"2026-04-30T07:03:24+00:00","description":"Pour une Tunisie en transition, la souverainet\u00e9 \u00e9nerg\u00e9tique est prise dans des rapports d'interd\u00e9pendance croissants.","breadcrumb":{"@id":"https:\/\/kapitalis.com\/tunisie\/2026\/04\/30\/tunisie-transition-energetique-et-souverainete-sous-contrainte\/#breadcrumb"},"inLanguage":"fr-FR","potentialAction":[{"@type":"ReadAction","target":["https:\/\/kapitalis.com\/tunisie\/2026\/04\/30\/tunisie-transition-energetique-et-souverainete-sous-contrainte\/"]}]},{"@type":"ImageObject","inLanguage":"fr-FR","@id":"https:\/\/kapitalis.com\/tunisie\/2026\/04\/30\/tunisie-transition-energetique-et-souverainete-sous-contrainte\/#primaryimage","url":"https:\/\/kapitalis.com\/tunisie\/wp-content\/uploads\/2023\/08\/Energie-Climat.jpg","contentUrl":"https:\/\/kapitalis.com\/tunisie\/wp-content\/uploads\/2023\/08\/Energie-Climat.jpg","width":1200,"height":630},{"@type":"BreadcrumbList","@id":"https:\/\/kapitalis.com\/tunisie\/2026\/04\/30\/tunisie-transition-energetique-et-souverainete-sous-contrainte\/#breadcrumb","itemListElement":[{"@type":"ListItem","position":1,"name":"Accueil","item":"https:\/\/kapitalis.com\/tunisie\/"},{"@type":"ListItem","position":2,"name":"Tunisie | Transition \u00e9nerg\u00e9tique et souverainet\u00e9 sous contrainte"}]},{"@type":"WebSite","@id":"https:\/\/kapitalis.com\/tunisie\/#website","url":"https:\/\/kapitalis.com\/tunisie\/","name":"Kapitalis","description":"L&#039;actualit\u00e9 en Tunisie et dans le monde","publisher":{"@id":"https:\/\/kapitalis.com\/tunisie\/#organization"},"potentialAction":[{"@type":"SearchAction","target":{"@type":"EntryPoint","urlTemplate":"https:\/\/kapitalis.com\/tunisie\/?s={search_term_string}"},"query-input":{"@type":"PropertyValueSpecification","valueRequired":true,"valueName":"search_term_string"}}],"inLanguage":"fr-FR"},{"@type":"Organization","@id":"https:\/\/kapitalis.com\/tunisie\/#organization","name":"Kapitalis","url":"https:\/\/kapitalis.com\/tunisie\/","logo":{"@type":"ImageObject","inLanguage":"fr-FR","@id":"https:\/\/kapitalis.com\/tunisie\/#\/schema\/logo\/image\/","url":"https:\/\/kapitalis.com\/tunisie\/wp-content\/uploads\/2022\/05\/Kapitalis-big-size.png","contentUrl":"https:\/\/kapitalis.com\/tunisie\/wp-content\/uploads\/2022\/05\/Kapitalis-big-size.png","width":5000,"height":1500,"caption":"Kapitalis"},"image":{"@id":"https:\/\/kapitalis.com\/tunisie\/#\/schema\/logo\/image\/"},"sameAs":["https:\/\/www.facebook.com\/KapitalisInfo\/","https:\/\/x.com\/KapitalisInfo","https:\/\/www.youtube.com\/channel\/UC-yDYrHyfFBWWZaOw3FPg9Q"]},{"@type":"Person","@id":"https:\/\/kapitalis.com\/tunisie\/#\/schema\/person\/d71f33a9ca44f7bad4698210b480c8e9","name":"webmaster kapitalis","url":"https:\/\/kapitalis.com\/tunisie\/author\/webmaster-kapitalis\/"}]}},"_links":{"self":[{"href":"https:\/\/kapitalis.com\/tunisie\/wp-json\/wp\/v2\/posts\/18707716","targetHints":{"allow":["GET"]}}],"collection":[{"href":"https:\/\/kapitalis.com\/tunisie\/wp-json\/wp\/v2\/posts"}],"about":[{"href":"https:\/\/kapitalis.com\/tunisie\/wp-json\/wp\/v2\/types\/post"}],"author":[{"embeddable":true,"href":"https:\/\/kapitalis.com\/tunisie\/wp-json\/wp\/v2\/users\/8"}],"replies":[{"embeddable":true,"href":"https:\/\/kapitalis.com\/tunisie\/wp-json\/wp\/v2\/comments?post=18707716"}],"version-history":[{"count":2,"href":"https:\/\/kapitalis.com\/tunisie\/wp-json\/wp\/v2\/posts\/18707716\/revisions"}],"predecessor-version":[{"id":18710467,"href":"https:\/\/kapitalis.com\/tunisie\/wp-json\/wp\/v2\/posts\/18707716\/revisions\/18710467"}],"wp:featuredmedia":[{"embeddable":true,"href":"https:\/\/kapitalis.com\/tunisie\/wp-json\/wp\/v2\/media\/9184476"}],"wp:attachment":[{"href":"https:\/\/kapitalis.com\/tunisie\/wp-json\/wp\/v2\/media?parent=18707716"}],"wp:term":[{"taxonomy":"category","embeddable":true,"href":"https:\/\/kapitalis.com\/tunisie\/wp-json\/wp\/v2\/categories?post=18707716"},{"taxonomy":"post_tag","embeddable":true,"href":"https:\/\/kapitalis.com\/tunisie\/wp-json\/wp\/v2\/tags?post=18707716"}],"curies":[{"name":"wp","href":"https:\/\/api.w.org\/{rel}","templated":true}]}}