{"id":18707748,"date":"2026-04-29T13:12:25","date_gmt":"2026-04-29T12:12:25","guid":{"rendered":"https:\/\/kapitalis.com\/tunisie\/?p=18707748"},"modified":"2026-04-29T13:12:27","modified_gmt":"2026-04-29T12:12:27","slug":"washington-approuve-la-vente-de-materiel-militaire-a-tunis","status":"publish","type":"post","link":"https:\/\/kapitalis.com\/tunisie\/2026\/04\/29\/washington-approuve-la-vente-de-materiel-militaire-a-tunis\/","title":{"rendered":"Washington approuve la vente de mat\u00e9riel militaire \u00e0 Tunis"},"content":{"rendered":"\n<p><strong><em>Le d\u00e9partement d\u2019\u00c9tat am\u00e9ricain a approuv\u00e9 une vente potentielle d\u2019\u00e9quipements militaires \u00e0 la Tunisie pour l\u2019acquisition de mat\u00e9riel destin\u00e9 \u00e0 soutenir la troisi\u00e8me phase du projet de s\u00e9curit\u00e9 des fronti\u00e8res, pour un montant total estim\u00e9 \u00e0 95 millions de dollars.<\/em><\/strong> <\/p>\n\n\n\n<!--more-->\n\n\n\n<p>Selon un communiqu\u00e9 officiel de Washington, le gouvernement tunisien a demand\u00e9 l\u2019achat de mat\u00e9riel class\u00e9 comme \u00e9quipement de d\u00e9fense non majeur, c\u2019est-\u00e0-dire non class\u00e9 comme syst\u00e8me d\u2019armes majeur.<\/p>\n\n\n\n<p>Le lot comprend des v\u00e9hicules commerciaux pour les unit\u00e9s d\u2019intervention frontali\u00e8re, des radios embarqu\u00e9es, des stations de base, des cam\u00e9ras thermiques pour la surveillance et les tours de relais, des radars, des syst\u00e8mes micro-ondes, des cam\u00e9ras de p\u00e9rim\u00e8tre, des syst\u00e8mes LTE, des abris, des capteurs environnementaux, des g\u00e9n\u00e9rateurs et des syst\u00e8mes solaires.<\/p>\n\n\n\n<p>La fourniture comprend \u00e9galement des dispositifs de d\u00e9tection des radiations, des explosifs et des agents chimiques, notamment des d\u00e9tecteurs de radiations individuels (Fido X3, Progeny ResQ et Identifier R400-NGH), ainsi que des t\u00e9l\u00e9m\u00e8tres, des jumelles, des projecteurs, des trousses de premiers secours, des cam\u00e9ras thermiques tactiques, du mat\u00e9riel et des logiciels de commandement et de contr\u00f4le, des pi\u00e8ces d\u00e9tach\u00e9es, l&rsquo;installation, la configuration, l&rsquo;int\u00e9gration, les tests, l\u2019int\u00e9gration aux v\u00e9hicules, les garanties, la maintenance et la formation en Tunisie.<\/p>\n\n\n\n<p>Le D\u00e9partement d\u2019\u00c9tat explique que cette vente vise \u00e0 soutenir la politique \u00e9trang\u00e8re et la s\u00e9curit\u00e9 nationale des \u00c9tats-Unis en contribuant \u00e0 am\u00e9liorer les capacit\u00e9s de d\u00e9fense d\u2019un <em>\u00aballi\u00e9 majeur non membre de l\u2019Otan\u00bb<\/em>, consid\u00e9r\u00e9 par Washington comme un acteur important pour la stabilit\u00e9 politique et le d\u00e9veloppement \u00e9conomique de l\u2019Afrique du Nord.<\/p>\n\n\n\n<p>Pour Tunis, ce projet devrait renforcer sa capacit\u00e9 \u00e0 long terme \u00e0 d\u00e9fendre sa souverainet\u00e9 et son int\u00e9grit\u00e9 territoriale et \u00e0 r\u00e9pondre \u00e0 ses propres besoins en mati\u00e8re de d\u00e9fense nationale.<\/p>\n\n\n\n<p>Ce dossier s\u2019inscrit dans un programme plus vaste visant \u00e0 renforcer les contr\u00f4les aux fronti\u00e8res, une question cl\u00e9 pour les autorit\u00e9s tunisiennes, notamment le long des routes sensibles avec la Libye et l\u2019Alg\u00e9rie, dans un contexte r\u00e9gional marqu\u00e9 par le trafic transfrontalier, les menaces terroristes r\u00e9siduelles, l\u2019instabilit\u00e9 libyenne et la pression des r\u00e9seaux criminels au Maghreb et au Sahel. <\/p>\n\n\n\n<p class=\"has-text-align-right\"><strong>I. B.<\/strong> (avec <a href=\"https:\/\/www.ansa.it\/ansamed\/it\/notizie\/rubriche\/politica\/2026\/04\/28\/usa-approvano-la-vendita-da-95-milioni-per-sorveglianza-frontiere-tunisia_275f80f8-dbaa-4d76-8555-a10912627e51.html\" target=\"_blank\" rel=\"noreferrer noopener\">ANSAmed<\/a>).<\/p>\n","protected":false},"excerpt":{"rendered":"<p>Le d\u00e9partement d\u2019\u00c9tat am\u00e9ricain a approuv\u00e9 une vente d\u2019\u00e9quipements militaires \u00e0 la Tunisie pour mieux surveiller ses fronti\u00e8res. <\/p>\n","protected":false},"author":8,"featured_media":2358442,"comment_status":"open","ping_status":"open","sticky":false,"template":"","format":"standard","meta":{"footnotes":""},"categories":[997,2433],"tags":[64,75918,126733,62643],"class_list":["post-18707748","post","type-post","status-publish","format-standard","has-post-thumbnail","hentry","category-politique","category-tunisie","tag-algerie","tag-etats-unis-2","tag-surveillance-des-frontieres","tag-tunisie"],"yoast_head":"<!-- This site is optimized with the Yoast SEO plugin v26.6 - https:\/\/yoast.com\/wordpress\/plugins\/seo\/ -->\n<title>Washington approuve la vente de mat\u00e9riel militaire \u00e0 Tunis - Kapitalis<\/title>\n<meta name=\"description\" content=\"Le d\u00e9partement d\u2019\u00c9tat am\u00e9ricain a approuv\u00e9 une vente d\u2019\u00e9quipements militaires \u00e0 la Tunisie pour mieux surveiller ses fronti\u00e8res.\" \/>\n<meta name=\"robots\" content=\"index, follow, max-snippet:-1, max-image-preview:large, max-video-preview:-1\" \/>\n<link rel=\"canonical\" href=\"https:\/\/kapitalis.com\/tunisie\/2026\/04\/29\/washington-approuve-la-vente-de-materiel-militaire-a-tunis\/\" \/>\n<meta property=\"og:locale\" content=\"fr_FR\" \/>\n<meta property=\"og:type\" content=\"article\" \/>\n<meta property=\"og:title\" content=\"Washington approuve la vente de mat\u00e9riel militaire \u00e0 Tunis - Kapitalis\" \/>\n<meta property=\"og:description\" content=\"Le d\u00e9partement d\u2019\u00c9tat am\u00e9ricain a approuv\u00e9 une vente d\u2019\u00e9quipements militaires \u00e0 la Tunisie pour mieux surveiller ses fronti\u00e8res.\" \/>\n<meta property=\"og:url\" content=\"https:\/\/kapitalis.com\/tunisie\/2026\/04\/29\/washington-approuve-la-vente-de-materiel-militaire-a-tunis\/\" \/>\n<meta property=\"og:site_name\" content=\"Kapitalis\" \/>\n<meta property=\"article:publisher\" content=\"https:\/\/www.facebook.com\/KapitalisInfo\/\" \/>\n<meta property=\"article:published_time\" content=\"2026-04-29T12:12:25+00:00\" \/>\n<meta property=\"article:modified_time\" content=\"2026-04-29T12:12:27+00:00\" \/>\n<meta property=\"og:image\" content=\"https:\/\/kapitalis.com\/tunisie\/wp-content\/uploads\/2022\/07\/armee-Tunisie-frontieres.jpg\" \/>\n\t<meta property=\"og:image:width\" content=\"1200\" \/>\n\t<meta property=\"og:image:height\" content=\"630\" \/>\n\t<meta property=\"og:image:type\" content=\"image\/jpeg\" \/>\n<meta name=\"author\" content=\"webmaster kapitalis\" \/>\n<meta name=\"twitter:card\" content=\"summary_large_image\" \/>\n<meta name=\"twitter:creator\" content=\"@KapitalisInfo\" \/>\n<meta name=\"twitter:site\" content=\"@KapitalisInfo\" \/>\n<meta name=\"twitter:label1\" content=\"\u00c9crit par\" \/>\n\t<meta name=\"twitter:data1\" content=\"webmaster kapitalis\" \/>\n\t<meta name=\"twitter:label2\" content=\"Dur\u00e9e de lecture estim\u00e9e\" \/>\n\t<meta name=\"twitter:data2\" content=\"2 minutes\" \/>\n<script type=\"application\/ld+json\" class=\"yoast-schema-graph\">{\"@context\":\"https:\/\/schema.org\",\"@graph\":[{\"@type\":\"Article\",\"@id\":\"https:\/\/kapitalis.com\/tunisie\/2026\/04\/29\/washington-approuve-la-vente-de-materiel-militaire-a-tunis\/#article\",\"isPartOf\":{\"@id\":\"https:\/\/kapitalis.com\/tunisie\/2026\/04\/29\/washington-approuve-la-vente-de-materiel-militaire-a-tunis\/\"},\"author\":{\"name\":\"webmaster kapitalis\",\"@id\":\"https:\/\/kapitalis.com\/tunisie\/#\/schema\/person\/d71f33a9ca44f7bad4698210b480c8e9\"},\"headline\":\"Washington approuve la vente de mat\u00e9riel militaire \u00e0 Tunis\",\"datePublished\":\"2026-04-29T12:12:25+00:00\",\"dateModified\":\"2026-04-29T12:12:27+00:00\",\"mainEntityOfPage\":{\"@id\":\"https:\/\/kapitalis.com\/tunisie\/2026\/04\/29\/washington-approuve-la-vente-de-materiel-militaire-a-tunis\/\"},\"wordCount\":415,\"commentCount\":1,\"publisher\":{\"@id\":\"https:\/\/kapitalis.com\/tunisie\/#organization\"},\"image\":{\"@id\":\"https:\/\/kapitalis.com\/tunisie\/2026\/04\/29\/washington-approuve-la-vente-de-materiel-militaire-a-tunis\/#primaryimage\"},\"thumbnailUrl\":\"https:\/\/kapitalis.com\/tunisie\/wp-content\/uploads\/2022\/07\/armee-Tunisie-frontieres.jpg\",\"keywords\":[\"Alg\u00e9rie\",\"Etats-Unis\",\"surveillance des fronti\u00e8res\",\"Tunisie\"],\"articleSection\":[\"POLITIQUE\",\"Tunisie\"],\"inLanguage\":\"fr-FR\",\"potentialAction\":[{\"@type\":\"CommentAction\",\"name\":\"Comment\",\"target\":[\"https:\/\/kapitalis.com\/tunisie\/2026\/04\/29\/washington-approuve-la-vente-de-materiel-militaire-a-tunis\/#respond\"]}]},{\"@type\":\"WebPage\",\"@id\":\"https:\/\/kapitalis.com\/tunisie\/2026\/04\/29\/washington-approuve-la-vente-de-materiel-militaire-a-tunis\/\",\"url\":\"https:\/\/kapitalis.com\/tunisie\/2026\/04\/29\/washington-approuve-la-vente-de-materiel-militaire-a-tunis\/\",\"name\":\"Washington approuve la vente de mat\u00e9riel militaire \u00e0 Tunis - Kapitalis\",\"isPartOf\":{\"@id\":\"https:\/\/kapitalis.com\/tunisie\/#website\"},\"primaryImageOfPage\":{\"@id\":\"https:\/\/kapitalis.com\/tunisie\/2026\/04\/29\/washington-approuve-la-vente-de-materiel-militaire-a-tunis\/#primaryimage\"},\"image\":{\"@id\":\"https:\/\/kapitalis.com\/tunisie\/2026\/04\/29\/washington-approuve-la-vente-de-materiel-militaire-a-tunis\/#primaryimage\"},\"thumbnailUrl\":\"https:\/\/kapitalis.com\/tunisie\/wp-content\/uploads\/2022\/07\/armee-Tunisie-frontieres.jpg\",\"datePublished\":\"2026-04-29T12:12:25+00:00\",\"dateModified\":\"2026-04-29T12:12:27+00:00\",\"description\":\"Le d\u00e9partement d\u2019\u00c9tat am\u00e9ricain a approuv\u00e9 une vente d\u2019\u00e9quipements militaires \u00e0 la Tunisie pour mieux surveiller ses fronti\u00e8res.\",\"breadcrumb\":{\"@id\":\"https:\/\/kapitalis.com\/tunisie\/2026\/04\/29\/washington-approuve-la-vente-de-materiel-militaire-a-tunis\/#breadcrumb\"},\"inLanguage\":\"fr-FR\",\"potentialAction\":[{\"@type\":\"ReadAction\",\"target\":[\"https:\/\/kapitalis.com\/tunisie\/2026\/04\/29\/washington-approuve-la-vente-de-materiel-militaire-a-tunis\/\"]}]},{\"@type\":\"ImageObject\",\"inLanguage\":\"fr-FR\",\"@id\":\"https:\/\/kapitalis.com\/tunisie\/2026\/04\/29\/washington-approuve-la-vente-de-materiel-militaire-a-tunis\/#primaryimage\",\"url\":\"https:\/\/kapitalis.com\/tunisie\/wp-content\/uploads\/2022\/07\/armee-Tunisie-frontieres.jpg\",\"contentUrl\":\"https:\/\/kapitalis.com\/tunisie\/wp-content\/uploads\/2022\/07\/armee-Tunisie-frontieres.jpg\",\"width\":1200,\"height\":630},{\"@type\":\"BreadcrumbList\",\"@id\":\"https:\/\/kapitalis.com\/tunisie\/2026\/04\/29\/washington-approuve-la-vente-de-materiel-militaire-a-tunis\/#breadcrumb\",\"itemListElement\":[{\"@type\":\"ListItem\",\"position\":1,\"name\":\"Accueil\",\"item\":\"https:\/\/kapitalis.com\/tunisie\/\"},{\"@type\":\"ListItem\",\"position\":2,\"name\":\"Washington approuve la vente de mat\u00e9riel militaire \u00e0 Tunis\"}]},{\"@type\":\"WebSite\",\"@id\":\"https:\/\/kapitalis.com\/tunisie\/#website\",\"url\":\"https:\/\/kapitalis.com\/tunisie\/\",\"name\":\"Kapitalis\",\"description\":\"L&#039;actualit\u00e9 en Tunisie et dans le monde\",\"publisher\":{\"@id\":\"https:\/\/kapitalis.com\/tunisie\/#organization\"},\"potentialAction\":[{\"@type\":\"SearchAction\",\"target\":{\"@type\":\"EntryPoint\",\"urlTemplate\":\"https:\/\/kapitalis.com\/tunisie\/?s={search_term_string}\"},\"query-input\":{\"@type\":\"PropertyValueSpecification\",\"valueRequired\":true,\"valueName\":\"search_term_string\"}}],\"inLanguage\":\"fr-FR\"},{\"@type\":\"Organization\",\"@id\":\"https:\/\/kapitalis.com\/tunisie\/#organization\",\"name\":\"Kapitalis\",\"url\":\"https:\/\/kapitalis.com\/tunisie\/\",\"logo\":{\"@type\":\"ImageObject\",\"inLanguage\":\"fr-FR\",\"@id\":\"https:\/\/kapitalis.com\/tunisie\/#\/schema\/logo\/image\/\",\"url\":\"https:\/\/kapitalis.com\/tunisie\/wp-content\/uploads\/2022\/05\/Kapitalis-big-size.png\",\"contentUrl\":\"https:\/\/kapitalis.com\/tunisie\/wp-content\/uploads\/2022\/05\/Kapitalis-big-size.png\",\"width\":5000,\"height\":1500,\"caption\":\"Kapitalis\"},\"image\":{\"@id\":\"https:\/\/kapitalis.com\/tunisie\/#\/schema\/logo\/image\/\"},\"sameAs\":[\"https:\/\/www.facebook.com\/KapitalisInfo\/\",\"https:\/\/x.com\/KapitalisInfo\",\"https:\/\/www.youtube.com\/channel\/UC-yDYrHyfFBWWZaOw3FPg9Q\"]},{\"@type\":\"Person\",\"@id\":\"https:\/\/kapitalis.com\/tunisie\/#\/schema\/person\/d71f33a9ca44f7bad4698210b480c8e9\",\"name\":\"webmaster kapitalis\",\"url\":\"https:\/\/kapitalis.com\/tunisie\/author\/webmaster-kapitalis\/\"}]}<\/script>\n<!-- \/ Yoast SEO plugin. -->","yoast_head_json":{"title":"Washington approuve la vente de mat\u00e9riel militaire \u00e0 Tunis - Kapitalis","description":"Le d\u00e9partement d\u2019\u00c9tat am\u00e9ricain a approuv\u00e9 une vente d\u2019\u00e9quipements militaires \u00e0 la Tunisie pour mieux surveiller ses fronti\u00e8res.","robots":{"index":"index","follow":"follow","max-snippet":"max-snippet:-1","max-image-preview":"max-image-preview:large","max-video-preview":"max-video-preview:-1"},"canonical":"https:\/\/kapitalis.com\/tunisie\/2026\/04\/29\/washington-approuve-la-vente-de-materiel-militaire-a-tunis\/","og_locale":"fr_FR","og_type":"article","og_title":"Washington approuve la vente de mat\u00e9riel militaire \u00e0 Tunis - Kapitalis","og_description":"Le d\u00e9partement d\u2019\u00c9tat am\u00e9ricain a approuv\u00e9 une vente d\u2019\u00e9quipements militaires \u00e0 la Tunisie pour mieux surveiller ses fronti\u00e8res.","og_url":"https:\/\/kapitalis.com\/tunisie\/2026\/04\/29\/washington-approuve-la-vente-de-materiel-militaire-a-tunis\/","og_site_name":"Kapitalis","article_publisher":"https:\/\/www.facebook.com\/KapitalisInfo\/","article_published_time":"2026-04-29T12:12:25+00:00","article_modified_time":"2026-04-29T12:12:27+00:00","og_image":[{"width":1200,"height":630,"url":"https:\/\/kapitalis.com\/tunisie\/wp-content\/uploads\/2022\/07\/armee-Tunisie-frontieres.jpg","type":"image\/jpeg"}],"author":"webmaster kapitalis","twitter_card":"summary_large_image","twitter_creator":"@KapitalisInfo","twitter_site":"@KapitalisInfo","twitter_misc":{"\u00c9crit par":"webmaster kapitalis","Dur\u00e9e de lecture estim\u00e9e":"2 minutes"},"schema":{"@context":"https:\/\/schema.org","@graph":[{"@type":"Article","@id":"https:\/\/kapitalis.com\/tunisie\/2026\/04\/29\/washington-approuve-la-vente-de-materiel-militaire-a-tunis\/#article","isPartOf":{"@id":"https:\/\/kapitalis.com\/tunisie\/2026\/04\/29\/washington-approuve-la-vente-de-materiel-militaire-a-tunis\/"},"author":{"name":"webmaster kapitalis","@id":"https:\/\/kapitalis.com\/tunisie\/#\/schema\/person\/d71f33a9ca44f7bad4698210b480c8e9"},"headline":"Washington approuve la vente de mat\u00e9riel militaire \u00e0 Tunis","datePublished":"2026-04-29T12:12:25+00:00","dateModified":"2026-04-29T12:12:27+00:00","mainEntityOfPage":{"@id":"https:\/\/kapitalis.com\/tunisie\/2026\/04\/29\/washington-approuve-la-vente-de-materiel-militaire-a-tunis\/"},"wordCount":415,"commentCount":1,"publisher":{"@id":"https:\/\/kapitalis.com\/tunisie\/#organization"},"image":{"@id":"https:\/\/kapitalis.com\/tunisie\/2026\/04\/29\/washington-approuve-la-vente-de-materiel-militaire-a-tunis\/#primaryimage"},"thumbnailUrl":"https:\/\/kapitalis.com\/tunisie\/wp-content\/uploads\/2022\/07\/armee-Tunisie-frontieres.jpg","keywords":["Alg\u00e9rie","Etats-Unis","surveillance des fronti\u00e8res","Tunisie"],"articleSection":["POLITIQUE","Tunisie"],"inLanguage":"fr-FR","potentialAction":[{"@type":"CommentAction","name":"Comment","target":["https:\/\/kapitalis.com\/tunisie\/2026\/04\/29\/washington-approuve-la-vente-de-materiel-militaire-a-tunis\/#respond"]}]},{"@type":"WebPage","@id":"https:\/\/kapitalis.com\/tunisie\/2026\/04\/29\/washington-approuve-la-vente-de-materiel-militaire-a-tunis\/","url":"https:\/\/kapitalis.com\/tunisie\/2026\/04\/29\/washington-approuve-la-vente-de-materiel-militaire-a-tunis\/","name":"Washington approuve la vente de mat\u00e9riel militaire \u00e0 Tunis - Kapitalis","isPartOf":{"@id":"https:\/\/kapitalis.com\/tunisie\/#website"},"primaryImageOfPage":{"@id":"https:\/\/kapitalis.com\/tunisie\/2026\/04\/29\/washington-approuve-la-vente-de-materiel-militaire-a-tunis\/#primaryimage"},"image":{"@id":"https:\/\/kapitalis.com\/tunisie\/2026\/04\/29\/washington-approuve-la-vente-de-materiel-militaire-a-tunis\/#primaryimage"},"thumbnailUrl":"https:\/\/kapitalis.com\/tunisie\/wp-content\/uploads\/2022\/07\/armee-Tunisie-frontieres.jpg","datePublished":"2026-04-29T12:12:25+00:00","dateModified":"2026-04-29T12:12:27+00:00","description":"Le d\u00e9partement d\u2019\u00c9tat am\u00e9ricain a approuv\u00e9 une vente d\u2019\u00e9quipements militaires \u00e0 la Tunisie pour mieux surveiller ses fronti\u00e8res.","breadcrumb":{"@id":"https:\/\/kapitalis.com\/tunisie\/2026\/04\/29\/washington-approuve-la-vente-de-materiel-militaire-a-tunis\/#breadcrumb"},"inLanguage":"fr-FR","potentialAction":[{"@type":"ReadAction","target":["https:\/\/kapitalis.com\/tunisie\/2026\/04\/29\/washington-approuve-la-vente-de-materiel-militaire-a-tunis\/"]}]},{"@type":"ImageObject","inLanguage":"fr-FR","@id":"https:\/\/kapitalis.com\/tunisie\/2026\/04\/29\/washington-approuve-la-vente-de-materiel-militaire-a-tunis\/#primaryimage","url":"https:\/\/kapitalis.com\/tunisie\/wp-content\/uploads\/2022\/07\/armee-Tunisie-frontieres.jpg","contentUrl":"https:\/\/kapitalis.com\/tunisie\/wp-content\/uploads\/2022\/07\/armee-Tunisie-frontieres.jpg","width":1200,"height":630},{"@type":"BreadcrumbList","@id":"https:\/\/kapitalis.com\/tunisie\/2026\/04\/29\/washington-approuve-la-vente-de-materiel-militaire-a-tunis\/#breadcrumb","itemListElement":[{"@type":"ListItem","position":1,"name":"Accueil","item":"https:\/\/kapitalis.com\/tunisie\/"},{"@type":"ListItem","position":2,"name":"Washington approuve la vente de mat\u00e9riel militaire \u00e0 Tunis"}]},{"@type":"WebSite","@id":"https:\/\/kapitalis.com\/tunisie\/#website","url":"https:\/\/kapitalis.com\/tunisie\/","name":"Kapitalis","description":"L&#039;actualit\u00e9 en Tunisie et dans le monde","publisher":{"@id":"https:\/\/kapitalis.com\/tunisie\/#organization"},"potentialAction":[{"@type":"SearchAction","target":{"@type":"EntryPoint","urlTemplate":"https:\/\/kapitalis.com\/tunisie\/?s={search_term_string}"},"query-input":{"@type":"PropertyValueSpecification","valueRequired":true,"valueName":"search_term_string"}}],"inLanguage":"fr-FR"},{"@type":"Organization","@id":"https:\/\/kapitalis.com\/tunisie\/#organization","name":"Kapitalis","url":"https:\/\/kapitalis.com\/tunisie\/","logo":{"@type":"ImageObject","inLanguage":"fr-FR","@id":"https:\/\/kapitalis.com\/tunisie\/#\/schema\/logo\/image\/","url":"https:\/\/kapitalis.com\/tunisie\/wp-content\/uploads\/2022\/05\/Kapitalis-big-size.png","contentUrl":"https:\/\/kapitalis.com\/tunisie\/wp-content\/uploads\/2022\/05\/Kapitalis-big-size.png","width":5000,"height":1500,"caption":"Kapitalis"},"image":{"@id":"https:\/\/kapitalis.com\/tunisie\/#\/schema\/logo\/image\/"},"sameAs":["https:\/\/www.facebook.com\/KapitalisInfo\/","https:\/\/x.com\/KapitalisInfo","https:\/\/www.youtube.com\/channel\/UC-yDYrHyfFBWWZaOw3FPg9Q"]},{"@type":"Person","@id":"https:\/\/kapitalis.com\/tunisie\/#\/schema\/person\/d71f33a9ca44f7bad4698210b480c8e9","name":"webmaster kapitalis","url":"https:\/\/kapitalis.com\/tunisie\/author\/webmaster-kapitalis\/"}]}},"_links":{"self":[{"href":"https:\/\/kapitalis.com\/tunisie\/wp-json\/wp\/v2\/posts\/18707748","targetHints":{"allow":["GET"]}}],"collection":[{"href":"https:\/\/kapitalis.com\/tunisie\/wp-json\/wp\/v2\/posts"}],"about":[{"href":"https:\/\/kapitalis.com\/tunisie\/wp-json\/wp\/v2\/types\/post"}],"author":[{"embeddable":true,"href":"https:\/\/kapitalis.com\/tunisie\/wp-json\/wp\/v2\/users\/8"}],"replies":[{"embeddable":true,"href":"https:\/\/kapitalis.com\/tunisie\/wp-json\/wp\/v2\/comments?post=18707748"}],"version-history":[{"count":1,"href":"https:\/\/kapitalis.com\/tunisie\/wp-json\/wp\/v2\/posts\/18707748\/revisions"}],"predecessor-version":[{"id":18707756,"href":"https:\/\/kapitalis.com\/tunisie\/wp-json\/wp\/v2\/posts\/18707748\/revisions\/18707756"}],"wp:featuredmedia":[{"embeddable":true,"href":"https:\/\/kapitalis.com\/tunisie\/wp-json\/wp\/v2\/media\/2358442"}],"wp:attachment":[{"href":"https:\/\/kapitalis.com\/tunisie\/wp-json\/wp\/v2\/media?parent=18707748"}],"wp:term":[{"taxonomy":"category","embeddable":true,"href":"https:\/\/kapitalis.com\/tunisie\/wp-json\/wp\/v2\/categories?post=18707748"},{"taxonomy":"post_tag","embeddable":true,"href":"https:\/\/kapitalis.com\/tunisie\/wp-json\/wp\/v2\/tags?post=18707748"}],"curies":[{"name":"wp","href":"https:\/\/api.w.org\/{rel}","templated":true}]}}