{"id":18707788,"date":"2026-04-29T13:34:05","date_gmt":"2026-04-29T12:34:05","guid":{"rendered":"https:\/\/kapitalis.com\/tunisie\/?p=18707788"},"modified":"2026-04-29T13:40:39","modified_gmt":"2026-04-29T12:40:39","slug":"vespa-raid-di-tunisi-cent-motards-entre-le-sahara-et-les-oasis","status":"publish","type":"post","link":"https:\/\/kapitalis.com\/tunisie\/2026\/04\/29\/vespa-raid-di-tunisi-cent-motards-entre-le-sahara-et-les-oasis\/","title":{"rendered":"Vespa Raid Di Tunisi\u00a0| Cent motards entre le Sahara et les oasis"},"content":{"rendered":"\n<p><strong><em>Le Vespa Raid Di Tunisi, organis\u00e9 par le Vespa Club Reggio Calabria, inscrit au calendrier touristique 2026 du Vespa Club d\u2019Italia, a d\u00e9but\u00e9 il y a quelques jours et se poursuivra jusqu\u2019au 3 mai 2026. Plus de 1\u00a0500 kilom\u00e8tres en terre africaine.<\/em><\/strong><\/p>\n\n\n\n<!--more-->\n\n\n\n<p>Cet \u00e9v\u00e9nement rassemble des passionn\u00e9s italiens et internationaux de la vespa autour d\u2019un itin\u00e9raire con\u00e7u pour traverser certains des plus beaux paysages historiques et naturels de Tunisie.<\/p>\n\n\n\n<p>Selon les organisateurs, une centaine de motards en Vespa, originaires de cinq pays, participent \u00e0 ce raid, parcourant plus de 1&nbsp;500 kilom\u00e8tres.<\/p>\n\n\n\n<figure class=\"wp-block-gallery aligncenter has-nested-images columns-default is-cropped wp-block-gallery-1 is-layout-flex wp-block-gallery-is-layout-flex\">\n<figure class=\"wp-block-image size-large\"><img loading=\"lazy\" decoding=\"async\" width=\"1024\" height=\"538\" data-id=\"18707837\" src=\"https:\/\/kapitalis.com\/tunisie\/wp-content\/uploads\/2026\/04\/Vespa-Raid-Di-Tunisi-4-1024x538.jpg\" alt=\"\" class=\"wp-image-18707837\" srcset=\"https:\/\/kapitalis.com\/tunisie\/wp-content\/uploads\/2026\/04\/Vespa-Raid-Di-Tunisi-4-1024x538.jpg 1024w, https:\/\/kapitalis.com\/tunisie\/wp-content\/uploads\/2026\/04\/Vespa-Raid-Di-Tunisi-4-300x158.jpg 300w, https:\/\/kapitalis.com\/tunisie\/wp-content\/uploads\/2026\/04\/Vespa-Raid-Di-Tunisi-4-768x403.jpg 768w, https:\/\/kapitalis.com\/tunisie\/wp-content\/uploads\/2026\/04\/Vespa-Raid-Di-Tunisi-4-580x305.jpg 580w, https:\/\/kapitalis.com\/tunisie\/wp-content\/uploads\/2026\/04\/Vespa-Raid-Di-Tunisi-4-860x452.jpg 860w, https:\/\/kapitalis.com\/tunisie\/wp-content\/uploads\/2026\/04\/Vespa-Raid-Di-Tunisi-4-1160x609.jpg 1160w, https:\/\/kapitalis.com\/tunisie\/wp-content\/uploads\/2026\/04\/Vespa-Raid-Di-Tunisi-4.jpg 1200w\" sizes=\"auto, (max-width: 1024px) 100vw, 1024px\" \/><\/figure>\n\n\n\n<figure class=\"wp-block-image size-large\"><img loading=\"lazy\" decoding=\"async\" width=\"1024\" height=\"538\" data-id=\"18707836\" src=\"https:\/\/kapitalis.com\/tunisie\/wp-content\/uploads\/2026\/04\/Vespa-Raid-Di-Tunisi-3-1024x538.jpg\" alt=\"\" class=\"wp-image-18707836\" srcset=\"https:\/\/kapitalis.com\/tunisie\/wp-content\/uploads\/2026\/04\/Vespa-Raid-Di-Tunisi-3-1024x538.jpg 1024w, https:\/\/kapitalis.com\/tunisie\/wp-content\/uploads\/2026\/04\/Vespa-Raid-Di-Tunisi-3-300x158.jpg 300w, https:\/\/kapitalis.com\/tunisie\/wp-content\/uploads\/2026\/04\/Vespa-Raid-Di-Tunisi-3-768x403.jpg 768w, https:\/\/kapitalis.com\/tunisie\/wp-content\/uploads\/2026\/04\/Vespa-Raid-Di-Tunisi-3-580x305.jpg 580w, https:\/\/kapitalis.com\/tunisie\/wp-content\/uploads\/2026\/04\/Vespa-Raid-Di-Tunisi-3-860x452.jpg 860w, https:\/\/kapitalis.com\/tunisie\/wp-content\/uploads\/2026\/04\/Vespa-Raid-Di-Tunisi-3-1160x609.jpg 1160w, https:\/\/kapitalis.com\/tunisie\/wp-content\/uploads\/2026\/04\/Vespa-Raid-Di-Tunisi-3.jpg 1200w\" sizes=\"auto, (max-width: 1024px) 100vw, 1024px\" \/><\/figure>\n<\/figure>\n\n\n\n<p>Les motards calabrais sont partis de Cosenza le 24 avril pour Palerme. Le programme comprend la travers\u00e9e du Sahara, le passage par les oasis de montagne de Tamerza et de Chebika, ainsi que les gorges de la Mid\u00e8s, jusqu\u2019\u00e0 Tozeur. Aujourd\u2019hui et demain, la caravane traversera le lac sal\u00e9 de Chott El-Djerid pour atteindre Douz, surnomm\u00e9e la <em>\u00abPorte du D\u00e9sert<\/em>\u00bb, et l\u2019oasis de Ksar Ghilane, o\u00f9 une nuit dans les dunes est pr\u00e9vue. Les \u00e9tapes suivantes comprendront Matmata, des villages berb\u00e8res, la c\u00f4te est tunisienne, Sousse, El Djem et Mahdia.<\/p>\n\n\n\n<p>Le retour \u00e0 Tunis est pr\u00e9vu apr\u00e8s la visite de la m\u00e9dina de Sousse, inscrite au patrimoine mondial de l\u2019Unesco, avec une arriv\u00e9e officielle le 3 mai au port de Palerme.<\/p>\n\n\n\n<p>Cette initiative s\u2019inscrit dans une ann\u00e9e symbolique pour le monde Vespa&nbsp;: 2026 marque le 80<sup>e<\/sup> anniversaire du d\u00e9p\u00f4t du brevet du c\u00e9l\u00e8bre scooter Piaggio, le 23 avril 1946.<\/p>\n\n\n\n<p>Ce p\u00e9riple tunisien rev\u00eat ainsi une dimension festive, alliant tourisme, passion pour les sports motoris\u00e9s et renforcement des liens entre l\u2019Italie et la Tunisie.<\/p>\n\n\n<div class=\"wp-block-image\">\n<figure class=\"aligncenter size-large\"><img loading=\"lazy\" decoding=\"async\" width=\"1024\" height=\"538\" src=\"https:\/\/kapitalis.com\/tunisie\/wp-content\/uploads\/2026\/04\/Vespa-Raid-Di-Tunisi-2-1024x538.jpg\" alt=\"\" class=\"wp-image-18707839\" srcset=\"https:\/\/kapitalis.com\/tunisie\/wp-content\/uploads\/2026\/04\/Vespa-Raid-Di-Tunisi-2-1024x538.jpg 1024w, https:\/\/kapitalis.com\/tunisie\/wp-content\/uploads\/2026\/04\/Vespa-Raid-Di-Tunisi-2-300x158.jpg 300w, https:\/\/kapitalis.com\/tunisie\/wp-content\/uploads\/2026\/04\/Vespa-Raid-Di-Tunisi-2-768x403.jpg 768w, https:\/\/kapitalis.com\/tunisie\/wp-content\/uploads\/2026\/04\/Vespa-Raid-Di-Tunisi-2-580x305.jpg 580w, https:\/\/kapitalis.com\/tunisie\/wp-content\/uploads\/2026\/04\/Vespa-Raid-Di-Tunisi-2-860x452.jpg 860w, https:\/\/kapitalis.com\/tunisie\/wp-content\/uploads\/2026\/04\/Vespa-Raid-Di-Tunisi-2-1160x609.jpg 1160w, https:\/\/kapitalis.com\/tunisie\/wp-content\/uploads\/2026\/04\/Vespa-Raid-Di-Tunisi-2.jpg 1200w\" sizes=\"auto, (max-width: 1024px) 100vw, 1024px\" \/><\/figure>\n<\/div>\n\n\n<p>Au-del\u00e0 de sa dimension sportive et touristique, le tour met l&rsquo;accent sur la collaboration internationale entre clubs et passionn\u00e9s, confirmant la Tunisie comme une destination de choix pour les itin\u00e9raires \u00e0 deux roues \u00e0 travers la M\u00e9diterran\u00e9e, le d\u00e9sert, le patrimoine arch\u00e9ologique et les villes historiques.<\/p>\n\n\n\n<p class=\"has-text-align-right\"><strong>I.B.<\/strong> (avec <a href=\"https:\/\/www.ansa.it\/ansamed\/it\/notizie\/rubriche\/sport\/2026\/04\/28\/cento-vespisti-tra-il-sahara-e-le-oasi-al-via-il-tour-in-tunisia_7ff89228-c23d-412c-be4d-9136a02cdc58.html\" target=\"_blank\" rel=\"noreferrer noopener\">Ansamed<\/a>).<\/p>\n","protected":false},"excerpt":{"rendered":"<p>Les 100 motards du Vespa Raid Di Tunisi feront plus de 1\u00a0500 kilom\u00e8tres en terre africaine entre d\u00e9serts et oasis.<\/p>\n","protected":false},"author":8,"featured_media":18707799,"comment_status":"open","ping_status":"open","sticky":false,"template":"","format":"standard","meta":{"footnotes":""},"categories":[54707,999,2433],"tags":[8589,128084,291,505,118324,110913,128082,8656,115621,1208,128085],"class_list":["post-18707788","post","type-post","status-publish","format-standard","has-post-thumbnail","hentry","category-auto","category-sport","category-tunisie","tag-chebika","tag-chott-el-djerid-2","tag-douz","tag-italie","tag-ksar-ghilane","tag-mides","tag-reggio-calabria","tag-sahara","tag-tamerza","tag-tozeur","tag-vespa-raid-di-tunisi"],"yoast_head":"<!-- This site is optimized with the Yoast SEO plugin v26.6 - https:\/\/yoast.com\/wordpress\/plugins\/seo\/ -->\n<title>Vespa Raid Di Tunisi\u00a0| Cent motards entre le Sahara et les oasis - Kapitalis<\/title>\n<meta name=\"description\" content=\"Les 100 motards du Vespa Raid Di Tunisi feront plus de 1\u00a0500 kilom\u00e8tres en terre africaine entre d\u00e9serts et oasis.\" \/>\n<meta name=\"robots\" content=\"index, follow, max-snippet:-1, max-image-preview:large, max-video-preview:-1\" \/>\n<link rel=\"canonical\" href=\"https:\/\/kapitalis.com\/tunisie\/2026\/04\/29\/vespa-raid-di-tunisi-cent-motards-entre-le-sahara-et-les-oasis\/\" \/>\n<meta property=\"og:locale\" content=\"fr_FR\" \/>\n<meta property=\"og:type\" content=\"article\" \/>\n<meta property=\"og:title\" content=\"Vespa Raid Di Tunisi\u00a0| Cent motards entre le Sahara et les oasis - Kapitalis\" \/>\n<meta property=\"og:description\" content=\"Les 100 motards du Vespa Raid Di Tunisi feront plus de 1\u00a0500 kilom\u00e8tres en terre africaine entre d\u00e9serts et oasis.\" \/>\n<meta property=\"og:url\" content=\"https:\/\/kapitalis.com\/tunisie\/2026\/04\/29\/vespa-raid-di-tunisi-cent-motards-entre-le-sahara-et-les-oasis\/\" \/>\n<meta property=\"og:site_name\" content=\"Kapitalis\" \/>\n<meta property=\"article:publisher\" content=\"https:\/\/www.facebook.com\/KapitalisInfo\/\" \/>\n<meta property=\"article:published_time\" content=\"2026-04-29T12:34:05+00:00\" \/>\n<meta property=\"article:modified_time\" content=\"2026-04-29T12:40:39+00:00\" \/>\n<meta property=\"og:image\" content=\"https:\/\/kapitalis.com\/tunisie\/wp-content\/uploads\/2026\/04\/Vespa-Raid-Di-Tunisi.jpg\" \/>\n\t<meta property=\"og:image:width\" content=\"1200\" \/>\n\t<meta property=\"og:image:height\" content=\"630\" \/>\n\t<meta property=\"og:image:type\" content=\"image\/jpeg\" \/>\n<meta name=\"author\" content=\"webmaster kapitalis\" \/>\n<meta name=\"twitter:card\" content=\"summary_large_image\" \/>\n<meta name=\"twitter:creator\" content=\"@KapitalisInfo\" \/>\n<meta name=\"twitter:site\" content=\"@KapitalisInfo\" \/>\n<meta name=\"twitter:label1\" content=\"\u00c9crit par\" \/>\n\t<meta name=\"twitter:data1\" content=\"webmaster kapitalis\" \/>\n\t<meta name=\"twitter:label2\" content=\"Dur\u00e9e de lecture estim\u00e9e\" \/>\n\t<meta name=\"twitter:data2\" content=\"3 minutes\" \/>\n<script type=\"application\/ld+json\" class=\"yoast-schema-graph\">{\"@context\":\"https:\/\/schema.org\",\"@graph\":[{\"@type\":\"Article\",\"@id\":\"https:\/\/kapitalis.com\/tunisie\/2026\/04\/29\/vespa-raid-di-tunisi-cent-motards-entre-le-sahara-et-les-oasis\/#article\",\"isPartOf\":{\"@id\":\"https:\/\/kapitalis.com\/tunisie\/2026\/04\/29\/vespa-raid-di-tunisi-cent-motards-entre-le-sahara-et-les-oasis\/\"},\"author\":{\"name\":\"webmaster kapitalis\",\"@id\":\"https:\/\/kapitalis.com\/tunisie\/#\/schema\/person\/d71f33a9ca44f7bad4698210b480c8e9\"},\"headline\":\"Vespa Raid Di Tunisi\u00a0| Cent motards entre le Sahara et les oasis\",\"datePublished\":\"2026-04-29T12:34:05+00:00\",\"dateModified\":\"2026-04-29T12:40:39+00:00\",\"mainEntityOfPage\":{\"@id\":\"https:\/\/kapitalis.com\/tunisie\/2026\/04\/29\/vespa-raid-di-tunisi-cent-motards-entre-le-sahara-et-les-oasis\/\"},\"wordCount\":354,\"commentCount\":0,\"publisher\":{\"@id\":\"https:\/\/kapitalis.com\/tunisie\/#organization\"},\"image\":{\"@id\":\"https:\/\/kapitalis.com\/tunisie\/2026\/04\/29\/vespa-raid-di-tunisi-cent-motards-entre-le-sahara-et-les-oasis\/#primaryimage\"},\"thumbnailUrl\":\"https:\/\/kapitalis.com\/tunisie\/wp-content\/uploads\/2026\/04\/Vespa-Raid-Di-Tunisi.jpg\",\"keywords\":[\"Chebika\",\"Chott El-Djerid\",\"Douz\",\"Italie\",\"Ksar Ghilane\",\"Mid\u00e8s\",\"Reggio Calabria\",\"Sahara\",\"Tamerza\",\"Tozeur\",\"Vespa Raid Di Tunisi\"],\"articleSection\":[\"AUTO\",\"SPORT\",\"Tunisie\"],\"inLanguage\":\"fr-FR\",\"potentialAction\":[{\"@type\":\"CommentAction\",\"name\":\"Comment\",\"target\":[\"https:\/\/kapitalis.com\/tunisie\/2026\/04\/29\/vespa-raid-di-tunisi-cent-motards-entre-le-sahara-et-les-oasis\/#respond\"]}]},{\"@type\":\"WebPage\",\"@id\":\"https:\/\/kapitalis.com\/tunisie\/2026\/04\/29\/vespa-raid-di-tunisi-cent-motards-entre-le-sahara-et-les-oasis\/\",\"url\":\"https:\/\/kapitalis.com\/tunisie\/2026\/04\/29\/vespa-raid-di-tunisi-cent-motards-entre-le-sahara-et-les-oasis\/\",\"name\":\"Vespa Raid Di Tunisi\u00a0| Cent motards entre le Sahara et les oasis - Kapitalis\",\"isPartOf\":{\"@id\":\"https:\/\/kapitalis.com\/tunisie\/#website\"},\"primaryImageOfPage\":{\"@id\":\"https:\/\/kapitalis.com\/tunisie\/2026\/04\/29\/vespa-raid-di-tunisi-cent-motards-entre-le-sahara-et-les-oasis\/#primaryimage\"},\"image\":{\"@id\":\"https:\/\/kapitalis.com\/tunisie\/2026\/04\/29\/vespa-raid-di-tunisi-cent-motards-entre-le-sahara-et-les-oasis\/#primaryimage\"},\"thumbnailUrl\":\"https:\/\/kapitalis.com\/tunisie\/wp-content\/uploads\/2026\/04\/Vespa-Raid-Di-Tunisi.jpg\",\"datePublished\":\"2026-04-29T12:34:05+00:00\",\"dateModified\":\"2026-04-29T12:40:39+00:00\",\"description\":\"Les 100 motards du Vespa Raid Di Tunisi feront plus de 1\u00a0500 kilom\u00e8tres en terre africaine entre d\u00e9serts et oasis.\",\"breadcrumb\":{\"@id\":\"https:\/\/kapitalis.com\/tunisie\/2026\/04\/29\/vespa-raid-di-tunisi-cent-motards-entre-le-sahara-et-les-oasis\/#breadcrumb\"},\"inLanguage\":\"fr-FR\",\"potentialAction\":[{\"@type\":\"ReadAction\",\"target\":[\"https:\/\/kapitalis.com\/tunisie\/2026\/04\/29\/vespa-raid-di-tunisi-cent-motards-entre-le-sahara-et-les-oasis\/\"]}]},{\"@type\":\"ImageObject\",\"inLanguage\":\"fr-FR\",\"@id\":\"https:\/\/kapitalis.com\/tunisie\/2026\/04\/29\/vespa-raid-di-tunisi-cent-motards-entre-le-sahara-et-les-oasis\/#primaryimage\",\"url\":\"https:\/\/kapitalis.com\/tunisie\/wp-content\/uploads\/2026\/04\/Vespa-Raid-Di-Tunisi.jpg\",\"contentUrl\":\"https:\/\/kapitalis.com\/tunisie\/wp-content\/uploads\/2026\/04\/Vespa-Raid-Di-Tunisi.jpg\",\"width\":1200,\"height\":630},{\"@type\":\"BreadcrumbList\",\"@id\":\"https:\/\/kapitalis.com\/tunisie\/2026\/04\/29\/vespa-raid-di-tunisi-cent-motards-entre-le-sahara-et-les-oasis\/#breadcrumb\",\"itemListElement\":[{\"@type\":\"ListItem\",\"position\":1,\"name\":\"Accueil\",\"item\":\"https:\/\/kapitalis.com\/tunisie\/\"},{\"@type\":\"ListItem\",\"position\":2,\"name\":\"Vespa Raid Di Tunisi\u00a0| Cent motards entre le Sahara et les oasis\"}]},{\"@type\":\"WebSite\",\"@id\":\"https:\/\/kapitalis.com\/tunisie\/#website\",\"url\":\"https:\/\/kapitalis.com\/tunisie\/\",\"name\":\"Kapitalis\",\"description\":\"L&#039;actualit\u00e9 en Tunisie et dans le monde\",\"publisher\":{\"@id\":\"https:\/\/kapitalis.com\/tunisie\/#organization\"},\"potentialAction\":[{\"@type\":\"SearchAction\",\"target\":{\"@type\":\"EntryPoint\",\"urlTemplate\":\"https:\/\/kapitalis.com\/tunisie\/?s={search_term_string}\"},\"query-input\":{\"@type\":\"PropertyValueSpecification\",\"valueRequired\":true,\"valueName\":\"search_term_string\"}}],\"inLanguage\":\"fr-FR\"},{\"@type\":\"Organization\",\"@id\":\"https:\/\/kapitalis.com\/tunisie\/#organization\",\"name\":\"Kapitalis\",\"url\":\"https:\/\/kapitalis.com\/tunisie\/\",\"logo\":{\"@type\":\"ImageObject\",\"inLanguage\":\"fr-FR\",\"@id\":\"https:\/\/kapitalis.com\/tunisie\/#\/schema\/logo\/image\/\",\"url\":\"https:\/\/kapitalis.com\/tunisie\/wp-content\/uploads\/2022\/05\/Kapitalis-big-size.png\",\"contentUrl\":\"https:\/\/kapitalis.com\/tunisie\/wp-content\/uploads\/2022\/05\/Kapitalis-big-size.png\",\"width\":5000,\"height\":1500,\"caption\":\"Kapitalis\"},\"image\":{\"@id\":\"https:\/\/kapitalis.com\/tunisie\/#\/schema\/logo\/image\/\"},\"sameAs\":[\"https:\/\/www.facebook.com\/KapitalisInfo\/\",\"https:\/\/x.com\/KapitalisInfo\",\"https:\/\/www.youtube.com\/channel\/UC-yDYrHyfFBWWZaOw3FPg9Q\"]},{\"@type\":\"Person\",\"@id\":\"https:\/\/kapitalis.com\/tunisie\/#\/schema\/person\/d71f33a9ca44f7bad4698210b480c8e9\",\"name\":\"webmaster kapitalis\",\"url\":\"https:\/\/kapitalis.com\/tunisie\/author\/webmaster-kapitalis\/\"}]}<\/script>\n<!-- \/ Yoast SEO plugin. -->","yoast_head_json":{"title":"Vespa Raid Di Tunisi\u00a0| Cent motards entre le Sahara et les oasis - Kapitalis","description":"Les 100 motards du Vespa Raid Di Tunisi feront plus de 1\u00a0500 kilom\u00e8tres en terre africaine entre d\u00e9serts et oasis.","robots":{"index":"index","follow":"follow","max-snippet":"max-snippet:-1","max-image-preview":"max-image-preview:large","max-video-preview":"max-video-preview:-1"},"canonical":"https:\/\/kapitalis.com\/tunisie\/2026\/04\/29\/vespa-raid-di-tunisi-cent-motards-entre-le-sahara-et-les-oasis\/","og_locale":"fr_FR","og_type":"article","og_title":"Vespa Raid Di Tunisi\u00a0| Cent motards entre le Sahara et les oasis - Kapitalis","og_description":"Les 100 motards du Vespa Raid Di Tunisi feront plus de 1\u00a0500 kilom\u00e8tres en terre africaine entre d\u00e9serts et oasis.","og_url":"https:\/\/kapitalis.com\/tunisie\/2026\/04\/29\/vespa-raid-di-tunisi-cent-motards-entre-le-sahara-et-les-oasis\/","og_site_name":"Kapitalis","article_publisher":"https:\/\/www.facebook.com\/KapitalisInfo\/","article_published_time":"2026-04-29T12:34:05+00:00","article_modified_time":"2026-04-29T12:40:39+00:00","og_image":[{"width":1200,"height":630,"url":"https:\/\/kapitalis.com\/tunisie\/wp-content\/uploads\/2026\/04\/Vespa-Raid-Di-Tunisi.jpg","type":"image\/jpeg"}],"author":"webmaster kapitalis","twitter_card":"summary_large_image","twitter_creator":"@KapitalisInfo","twitter_site":"@KapitalisInfo","twitter_misc":{"\u00c9crit par":"webmaster kapitalis","Dur\u00e9e de lecture estim\u00e9e":"3 minutes"},"schema":{"@context":"https:\/\/schema.org","@graph":[{"@type":"Article","@id":"https:\/\/kapitalis.com\/tunisie\/2026\/04\/29\/vespa-raid-di-tunisi-cent-motards-entre-le-sahara-et-les-oasis\/#article","isPartOf":{"@id":"https:\/\/kapitalis.com\/tunisie\/2026\/04\/29\/vespa-raid-di-tunisi-cent-motards-entre-le-sahara-et-les-oasis\/"},"author":{"name":"webmaster kapitalis","@id":"https:\/\/kapitalis.com\/tunisie\/#\/schema\/person\/d71f33a9ca44f7bad4698210b480c8e9"},"headline":"Vespa Raid Di Tunisi\u00a0| Cent motards entre le Sahara et les oasis","datePublished":"2026-04-29T12:34:05+00:00","dateModified":"2026-04-29T12:40:39+00:00","mainEntityOfPage":{"@id":"https:\/\/kapitalis.com\/tunisie\/2026\/04\/29\/vespa-raid-di-tunisi-cent-motards-entre-le-sahara-et-les-oasis\/"},"wordCount":354,"commentCount":0,"publisher":{"@id":"https:\/\/kapitalis.com\/tunisie\/#organization"},"image":{"@id":"https:\/\/kapitalis.com\/tunisie\/2026\/04\/29\/vespa-raid-di-tunisi-cent-motards-entre-le-sahara-et-les-oasis\/#primaryimage"},"thumbnailUrl":"https:\/\/kapitalis.com\/tunisie\/wp-content\/uploads\/2026\/04\/Vespa-Raid-Di-Tunisi.jpg","keywords":["Chebika","Chott El-Djerid","Douz","Italie","Ksar Ghilane","Mid\u00e8s","Reggio Calabria","Sahara","Tamerza","Tozeur","Vespa Raid Di Tunisi"],"articleSection":["AUTO","SPORT","Tunisie"],"inLanguage":"fr-FR","potentialAction":[{"@type":"CommentAction","name":"Comment","target":["https:\/\/kapitalis.com\/tunisie\/2026\/04\/29\/vespa-raid-di-tunisi-cent-motards-entre-le-sahara-et-les-oasis\/#respond"]}]},{"@type":"WebPage","@id":"https:\/\/kapitalis.com\/tunisie\/2026\/04\/29\/vespa-raid-di-tunisi-cent-motards-entre-le-sahara-et-les-oasis\/","url":"https:\/\/kapitalis.com\/tunisie\/2026\/04\/29\/vespa-raid-di-tunisi-cent-motards-entre-le-sahara-et-les-oasis\/","name":"Vespa Raid Di Tunisi\u00a0| Cent motards entre le Sahara et les oasis - Kapitalis","isPartOf":{"@id":"https:\/\/kapitalis.com\/tunisie\/#website"},"primaryImageOfPage":{"@id":"https:\/\/kapitalis.com\/tunisie\/2026\/04\/29\/vespa-raid-di-tunisi-cent-motards-entre-le-sahara-et-les-oasis\/#primaryimage"},"image":{"@id":"https:\/\/kapitalis.com\/tunisie\/2026\/04\/29\/vespa-raid-di-tunisi-cent-motards-entre-le-sahara-et-les-oasis\/#primaryimage"},"thumbnailUrl":"https:\/\/kapitalis.com\/tunisie\/wp-content\/uploads\/2026\/04\/Vespa-Raid-Di-Tunisi.jpg","datePublished":"2026-04-29T12:34:05+00:00","dateModified":"2026-04-29T12:40:39+00:00","description":"Les 100 motards du Vespa Raid Di Tunisi feront plus de 1\u00a0500 kilom\u00e8tres en terre africaine entre d\u00e9serts et oasis.","breadcrumb":{"@id":"https:\/\/kapitalis.com\/tunisie\/2026\/04\/29\/vespa-raid-di-tunisi-cent-motards-entre-le-sahara-et-les-oasis\/#breadcrumb"},"inLanguage":"fr-FR","potentialAction":[{"@type":"ReadAction","target":["https:\/\/kapitalis.com\/tunisie\/2026\/04\/29\/vespa-raid-di-tunisi-cent-motards-entre-le-sahara-et-les-oasis\/"]}]},{"@type":"ImageObject","inLanguage":"fr-FR","@id":"https:\/\/kapitalis.com\/tunisie\/2026\/04\/29\/vespa-raid-di-tunisi-cent-motards-entre-le-sahara-et-les-oasis\/#primaryimage","url":"https:\/\/kapitalis.com\/tunisie\/wp-content\/uploads\/2026\/04\/Vespa-Raid-Di-Tunisi.jpg","contentUrl":"https:\/\/kapitalis.com\/tunisie\/wp-content\/uploads\/2026\/04\/Vespa-Raid-Di-Tunisi.jpg","width":1200,"height":630},{"@type":"BreadcrumbList","@id":"https:\/\/kapitalis.com\/tunisie\/2026\/04\/29\/vespa-raid-di-tunisi-cent-motards-entre-le-sahara-et-les-oasis\/#breadcrumb","itemListElement":[{"@type":"ListItem","position":1,"name":"Accueil","item":"https:\/\/kapitalis.com\/tunisie\/"},{"@type":"ListItem","position":2,"name":"Vespa Raid Di Tunisi\u00a0| Cent motards entre le Sahara et les oasis"}]},{"@type":"WebSite","@id":"https:\/\/kapitalis.com\/tunisie\/#website","url":"https:\/\/kapitalis.com\/tunisie\/","name":"Kapitalis","description":"L&#039;actualit\u00e9 en Tunisie et dans le monde","publisher":{"@id":"https:\/\/kapitalis.com\/tunisie\/#organization"},"potentialAction":[{"@type":"SearchAction","target":{"@type":"EntryPoint","urlTemplate":"https:\/\/kapitalis.com\/tunisie\/?s={search_term_string}"},"query-input":{"@type":"PropertyValueSpecification","valueRequired":true,"valueName":"search_term_string"}}],"inLanguage":"fr-FR"},{"@type":"Organization","@id":"https:\/\/kapitalis.com\/tunisie\/#organization","name":"Kapitalis","url":"https:\/\/kapitalis.com\/tunisie\/","logo":{"@type":"ImageObject","inLanguage":"fr-FR","@id":"https:\/\/kapitalis.com\/tunisie\/#\/schema\/logo\/image\/","url":"https:\/\/kapitalis.com\/tunisie\/wp-content\/uploads\/2022\/05\/Kapitalis-big-size.png","contentUrl":"https:\/\/kapitalis.com\/tunisie\/wp-content\/uploads\/2022\/05\/Kapitalis-big-size.png","width":5000,"height":1500,"caption":"Kapitalis"},"image":{"@id":"https:\/\/kapitalis.com\/tunisie\/#\/schema\/logo\/image\/"},"sameAs":["https:\/\/www.facebook.com\/KapitalisInfo\/","https:\/\/x.com\/KapitalisInfo","https:\/\/www.youtube.com\/channel\/UC-yDYrHyfFBWWZaOw3FPg9Q"]},{"@type":"Person","@id":"https:\/\/kapitalis.com\/tunisie\/#\/schema\/person\/d71f33a9ca44f7bad4698210b480c8e9","name":"webmaster kapitalis","url":"https:\/\/kapitalis.com\/tunisie\/author\/webmaster-kapitalis\/"}]}},"_links":{"self":[{"href":"https:\/\/kapitalis.com\/tunisie\/wp-json\/wp\/v2\/posts\/18707788","targetHints":{"allow":["GET"]}}],"collection":[{"href":"https:\/\/kapitalis.com\/tunisie\/wp-json\/wp\/v2\/posts"}],"about":[{"href":"https:\/\/kapitalis.com\/tunisie\/wp-json\/wp\/v2\/types\/post"}],"author":[{"embeddable":true,"href":"https:\/\/kapitalis.com\/tunisie\/wp-json\/wp\/v2\/users\/8"}],"replies":[{"embeddable":true,"href":"https:\/\/kapitalis.com\/tunisie\/wp-json\/wp\/v2\/comments?post=18707788"}],"version-history":[{"count":2,"href":"https:\/\/kapitalis.com\/tunisie\/wp-json\/wp\/v2\/posts\/18707788\/revisions"}],"predecessor-version":[{"id":18707840,"href":"https:\/\/kapitalis.com\/tunisie\/wp-json\/wp\/v2\/posts\/18707788\/revisions\/18707840"}],"wp:featuredmedia":[{"embeddable":true,"href":"https:\/\/kapitalis.com\/tunisie\/wp-json\/wp\/v2\/media\/18707799"}],"wp:attachment":[{"href":"https:\/\/kapitalis.com\/tunisie\/wp-json\/wp\/v2\/media?parent=18707788"}],"wp:term":[{"taxonomy":"category","embeddable":true,"href":"https:\/\/kapitalis.com\/tunisie\/wp-json\/wp\/v2\/categories?post=18707788"},{"taxonomy":"post_tag","embeddable":true,"href":"https:\/\/kapitalis.com\/tunisie\/wp-json\/wp\/v2\/tags?post=18707788"}],"curies":[{"name":"wp","href":"https:\/\/api.w.org\/{rel}","templated":true}]}}