{"id":18707875,"date":"2026-04-29T14:03:27","date_gmt":"2026-04-29T13:03:27","guid":{"rendered":"https:\/\/kapitalis.com\/tunisie\/?p=18707875"},"modified":"2026-04-29T14:03:28","modified_gmt":"2026-04-29T13:03:28","slug":"fita-2026-la-tunisie-pont-economique-vers-lafrique","status":"publish","type":"post","link":"https:\/\/kapitalis.com\/tunisie\/2026\/04\/29\/fita-2026-la-tunisie-pont-economique-vers-lafrique\/","title":{"rendered":"Fita 2026 | La Tunisie, pont \u00e9conomique vers l&rsquo;Afrique"},"content":{"rendered":"\n<p><strong><em>La Tunisie entend renforcer son r\u00f4le de plaque tournante \u00e9conomique pour l\u2019Afrique lors de la neuvi\u00e8me \u00e9dition du Forum international sur le financement, l\u2019investissement et le commerce en Afrique (Fita 2026), qui se tient \u00e0 l&rsquo;h\u00f4tel Radisson Blu &amp; Centre de congr\u00e8s de Tunis, les 28 et 29 avril 2026.<\/em><\/strong><\/p>\n\n\n\n<!--more-->\n\n\n\n<p>Organis\u00e9 par le Tunisia Africa Business Council (TABC), cet \u00e9v\u00e9nement met cette ann\u00e9e l\u2019accent sur les cha\u00eenes de valeur africaines, levier de la transformation industrielle et de l\u2019int\u00e9gration \u00e9conomique du continent.<\/p>\n\n\n\n<p>Selon Anis Jaziri, pr\u00e9sident du TABC, le forum confirme son r\u00f4le de plateforme strat\u00e9gique pour les entreprises, les investisseurs, les institutions financi\u00e8res et les gouvernements int\u00e9ress\u00e9s par les march\u00e9s africains.<\/p>\n\n\n\n<p>La participation annonc\u00e9e comprend des d\u00e9l\u00e9gations de dizaines de pays, avec des rencontres B2B et B2G et des sessions consacr\u00e9es aux infrastructures, \u00e0 l\u2019industrialisation, \u00e0 l\u2019\u00e9nergie, \u00e0 la finance, au commerce intra-africain, aux technologies vertes et \u00e0 l&rsquo;innovation.<\/p>\n\n\n\n<p>Le Canada est l&rsquo;invit\u00e9 d\u2019honneur de cette \u00e9dition 2026, avec une d\u00e9l\u00e9gation de 45 entreprises d\u00e9sireuses d\u2019explorer des partenariats avec des op\u00e9rateurs tunisiens pour acc\u00e9der aux march\u00e9s africains.<\/p>\n\n\n\n<p>La Guin\u00e9e figure \u00e9galement parmi les participants africains, avec la pr\u00e9sentation du plan Simandou 2040, consid\u00e9r\u00e9 par Conakry comme un programme structurel visant \u00e0 transformer les ressources mini\u00e8res en d\u00e9veloppement industriel, infrastructurel et social.<\/p>\n\n\n\n<p>La R\u00e9publique d\u00e9mocratique du Congo est \u00e9galement au centre des discussions. Parmi les projets phares figurent le projet Kiamona, l\u2019extension urbaine de Kinshasa et des initiatives industrielles impliquant des entreprises tunisiennes, notamment Novation City et un complexe textile.<\/p>\n\n\n<div class=\"wp-block-image\">\n<figure class=\"aligncenter size-large\"><img loading=\"lazy\" decoding=\"async\" width=\"1024\" height=\"538\" src=\"https:\/\/kapitalis.com\/tunisie\/wp-content\/uploads\/2026\/04\/Fita-2026-Anis-Jaziri-1024x538.jpg\" alt=\"\" class=\"wp-image-18707893\" srcset=\"https:\/\/kapitalis.com\/tunisie\/wp-content\/uploads\/2026\/04\/Fita-2026-Anis-Jaziri-1024x538.jpg 1024w, https:\/\/kapitalis.com\/tunisie\/wp-content\/uploads\/2026\/04\/Fita-2026-Anis-Jaziri-300x158.jpg 300w, https:\/\/kapitalis.com\/tunisie\/wp-content\/uploads\/2026\/04\/Fita-2026-Anis-Jaziri-768x403.jpg 768w, https:\/\/kapitalis.com\/tunisie\/wp-content\/uploads\/2026\/04\/Fita-2026-Anis-Jaziri-580x305.jpg 580w, https:\/\/kapitalis.com\/tunisie\/wp-content\/uploads\/2026\/04\/Fita-2026-Anis-Jaziri-860x452.jpg 860w, https:\/\/kapitalis.com\/tunisie\/wp-content\/uploads\/2026\/04\/Fita-2026-Anis-Jaziri-1160x609.jpg 1160w, https:\/\/kapitalis.com\/tunisie\/wp-content\/uploads\/2026\/04\/Fita-2026-Anis-Jaziri.jpg 1200w\" sizes=\"auto, (max-width: 1024px) 100vw, 1024px\" \/><figcaption class=\"wp-element-caption\"><em>Anis Jaziri ouvre le forum. <\/em><\/figcaption><\/figure>\n<\/div>\n\n\n<p>Plus de 15 accords de partenariat devraient \u00eatre sign\u00e9s aujourd\u2019hui entre chambres de commerce, organisations patronales et groupes de r\u00e9flexion, en plus de l\u2019annonce de trois grands projets confi\u00e9s \u00e0 des entreprises tunisiennes en Afrique.<\/p>\n\n\n\n<p>Pour Tunis, la Fita s\u2019inscrit dans une strat\u00e9gie de diplomatie \u00e9conomique visant \u00e0 compenser la taille limit\u00e9e du march\u00e9 int\u00e9rieur par un rayonnement accru en Afrique subsaharienne. Le TABC pr\u00e9sente cette initiative comme une opportunit\u00e9 de consolider la position de la Tunisie comme porte d&rsquo;entr\u00e9e sur le continent, en tirant parti de son expertise dans les domaines de l\u2019ing\u00e9nierie, des infrastructures, de l\u2019\u00e9nergie, de l\u2019eau, des t\u00e9l\u00e9communications et des services. Le d\u00e9fi reste de transformer le capital relationnel du forum en contrats efficaces, en financements et en une pr\u00e9sence stable pour les entreprises tunisiennes sur les march\u00e9s africains.<\/p>\n\n\n\n<p>Plusieurs conventions structurantes ont \u00e9t\u00e9 conclues, couvrant plusieurs secteurs cl\u00e9s tels que l&rsquo;infrastructure, l&rsquo;\u00e9nergie, l&rsquo;eau, l&rsquo;assainissement, l&rsquo;industrie textile, l\u2019innovation et l\u2019entrepreneuriat :<\/p>\n\n\n\n<p>\u00b7\u00a0Novation City Kinshasa (en partenariat avec Tucad)<\/p>\n\n\n\n<p>\u00b7\u00a0Kia Mona Tex \u2013 projet d\u2019un complexe industriel dans le secteur du textile (TUCAD)<\/p>\n\n\n\n<p>\u00b7\u00a0Technopark RDC (Tucad)<\/p>\n\n\n\n<p>\u00b7\u00a0TABC \u2013 African Progressive Women (Afrique du Sud)<\/p>\n\n\n\n<p>\u00b7\u00a0TABC \u2013 Chambre de Commerce Tunisie-Madagascar<\/p>\n\n\n\n<p>\u00b7\u00a0TABC \u2013 China Cameroun Business Association<\/p>\n\n\n\n<p>\u00b7\u00a0TABC \u2013 F\u00e9d\u00e9ration tunisienne du textile et de l&rsquo;habillement<\/p>\n\n\n\n<p>\u00b7\u00a0Tucad \u2013 Carrousel Finances<\/p>\n\n\n\n<p>\u00b7\u00a0TABC \u2013 Technopole Sfax<\/p>\n\n\n\n<p>\u00b7\u00a0TABC \u2013 RTCA (R\u00e9seau Tuniso Canadien des Affaires)<\/p>\n\n\n\n<p>\u00b7\u00a0TABC \u2013 Accelerate Africa. <\/p>\n\n\n\n<p>Ces accords traduisent une dynamique de coop\u00e9ration Sud\u2013Sud renforc\u00e9e, ainsi qu\u2019une volont\u00e9 commune d\u2019acc\u00e9l\u00e9rer la structuration de cha\u00eenes de valeur africaines int\u00e9gr\u00e9es, conform\u00e9ment au th\u00e8me de cette \u00e9dition.<\/p>\n\n\n\n<p class=\"has-text-align-right\"><strong>I. B.<\/strong> <\/p>\n","protected":false},"excerpt":{"rendered":"<p>A l&rsquo;occasion de la 9e \u00e9dition du Fita, la Tunisie renforce son r\u00f4le de plaque tournante \u00e9conomique pour l\u2019Afrique. <\/p>\n","protected":false},"author":8,"featured_media":18707890,"comment_status":"open","ping_status":"open","sticky":false,"template":"","format":"standard","meta":{"footnotes":""},"categories":[1],"tags":[41,27544,6537,128086,12712,128087,875,62643],"class_list":["post-18707875","post","type-post","status-publish","format-standard","has-post-thumbnail","hentry","category-non-classe","tag-afrique","tag-anis-jaziri","tag-canada","tag-fita-2026","tag-guinee","tag-kiamona","tag-tabc","tag-tunisie"],"yoast_head":"<!-- This site is optimized with the Yoast SEO plugin v26.6 - https:\/\/yoast.com\/wordpress\/plugins\/seo\/ -->\n<title>Fita 2026 | La Tunisie, pont \u00e9conomique vers l&#039;Afrique - Kapitalis<\/title>\n<meta name=\"description\" content=\"A l&#039;occasion de la 9e \u00e9dition du Fita, la Tunisie renforce son r\u00f4le de plaque tournante \u00e9conomique pour l\u2019Afrique.\" \/>\n<meta name=\"robots\" content=\"index, follow, max-snippet:-1, max-image-preview:large, max-video-preview:-1\" \/>\n<link rel=\"canonical\" href=\"https:\/\/kapitalis.com\/tunisie\/2026\/04\/29\/fita-2026-la-tunisie-pont-economique-vers-lafrique\/\" \/>\n<meta property=\"og:locale\" content=\"fr_FR\" \/>\n<meta property=\"og:type\" content=\"article\" \/>\n<meta property=\"og:title\" content=\"Fita 2026 | La Tunisie, pont \u00e9conomique vers l&#039;Afrique - Kapitalis\" \/>\n<meta property=\"og:description\" content=\"A l&#039;occasion de la 9e \u00e9dition du Fita, la Tunisie renforce son r\u00f4le de plaque tournante \u00e9conomique pour l\u2019Afrique.\" \/>\n<meta property=\"og:url\" content=\"https:\/\/kapitalis.com\/tunisie\/2026\/04\/29\/fita-2026-la-tunisie-pont-economique-vers-lafrique\/\" \/>\n<meta property=\"og:site_name\" content=\"Kapitalis\" \/>\n<meta property=\"article:publisher\" content=\"https:\/\/www.facebook.com\/KapitalisInfo\/\" \/>\n<meta property=\"article:published_time\" content=\"2026-04-29T13:03:27+00:00\" \/>\n<meta property=\"article:modified_time\" content=\"2026-04-29T13:03:28+00:00\" \/>\n<meta property=\"og:image\" content=\"https:\/\/kapitalis.com\/tunisie\/wp-content\/uploads\/2026\/04\/Fita-2026-Ouverture.jpg\" \/>\n\t<meta property=\"og:image:width\" content=\"1200\" \/>\n\t<meta property=\"og:image:height\" content=\"630\" \/>\n\t<meta property=\"og:image:type\" content=\"image\/jpeg\" \/>\n<meta name=\"author\" content=\"webmaster kapitalis\" \/>\n<meta name=\"twitter:card\" content=\"summary_large_image\" \/>\n<meta name=\"twitter:creator\" content=\"@KapitalisInfo\" \/>\n<meta name=\"twitter:site\" content=\"@KapitalisInfo\" \/>\n<meta name=\"twitter:label1\" content=\"\u00c9crit par\" \/>\n\t<meta name=\"twitter:data1\" content=\"webmaster kapitalis\" \/>\n\t<meta name=\"twitter:label2\" content=\"Dur\u00e9e de lecture estim\u00e9e\" \/>\n\t<meta name=\"twitter:data2\" content=\"4 minutes\" \/>\n<script type=\"application\/ld+json\" class=\"yoast-schema-graph\">{\"@context\":\"https:\/\/schema.org\",\"@graph\":[{\"@type\":\"Article\",\"@id\":\"https:\/\/kapitalis.com\/tunisie\/2026\/04\/29\/fita-2026-la-tunisie-pont-economique-vers-lafrique\/#article\",\"isPartOf\":{\"@id\":\"https:\/\/kapitalis.com\/tunisie\/2026\/04\/29\/fita-2026-la-tunisie-pont-economique-vers-lafrique\/\"},\"author\":{\"name\":\"webmaster kapitalis\",\"@id\":\"https:\/\/kapitalis.com\/tunisie\/#\/schema\/person\/d71f33a9ca44f7bad4698210b480c8e9\"},\"headline\":\"Fita 2026 | La Tunisie, pont \u00e9conomique vers l&rsquo;Afrique\",\"datePublished\":\"2026-04-29T13:03:27+00:00\",\"dateModified\":\"2026-04-29T13:03:28+00:00\",\"mainEntityOfPage\":{\"@id\":\"https:\/\/kapitalis.com\/tunisie\/2026\/04\/29\/fita-2026-la-tunisie-pont-economique-vers-lafrique\/\"},\"wordCount\":576,\"commentCount\":0,\"publisher\":{\"@id\":\"https:\/\/kapitalis.com\/tunisie\/#organization\"},\"image\":{\"@id\":\"https:\/\/kapitalis.com\/tunisie\/2026\/04\/29\/fita-2026-la-tunisie-pont-economique-vers-lafrique\/#primaryimage\"},\"thumbnailUrl\":\"https:\/\/kapitalis.com\/tunisie\/wp-content\/uploads\/2026\/04\/Fita-2026-Ouverture.jpg\",\"keywords\":[\"Afrique\",\"Anis Jaziri\",\"Canada\",\"Fita 2026\",\"Guin\u00e9e\",\"Kiamona\",\"TABC\",\"Tunisie\"],\"inLanguage\":\"fr-FR\",\"potentialAction\":[{\"@type\":\"CommentAction\",\"name\":\"Comment\",\"target\":[\"https:\/\/kapitalis.com\/tunisie\/2026\/04\/29\/fita-2026-la-tunisie-pont-economique-vers-lafrique\/#respond\"]}]},{\"@type\":\"WebPage\",\"@id\":\"https:\/\/kapitalis.com\/tunisie\/2026\/04\/29\/fita-2026-la-tunisie-pont-economique-vers-lafrique\/\",\"url\":\"https:\/\/kapitalis.com\/tunisie\/2026\/04\/29\/fita-2026-la-tunisie-pont-economique-vers-lafrique\/\",\"name\":\"Fita 2026 | La Tunisie, pont \u00e9conomique vers l'Afrique - Kapitalis\",\"isPartOf\":{\"@id\":\"https:\/\/kapitalis.com\/tunisie\/#website\"},\"primaryImageOfPage\":{\"@id\":\"https:\/\/kapitalis.com\/tunisie\/2026\/04\/29\/fita-2026-la-tunisie-pont-economique-vers-lafrique\/#primaryimage\"},\"image\":{\"@id\":\"https:\/\/kapitalis.com\/tunisie\/2026\/04\/29\/fita-2026-la-tunisie-pont-economique-vers-lafrique\/#primaryimage\"},\"thumbnailUrl\":\"https:\/\/kapitalis.com\/tunisie\/wp-content\/uploads\/2026\/04\/Fita-2026-Ouverture.jpg\",\"datePublished\":\"2026-04-29T13:03:27+00:00\",\"dateModified\":\"2026-04-29T13:03:28+00:00\",\"description\":\"A l'occasion de la 9e \u00e9dition du Fita, la Tunisie renforce son r\u00f4le de plaque tournante \u00e9conomique pour l\u2019Afrique.\",\"breadcrumb\":{\"@id\":\"https:\/\/kapitalis.com\/tunisie\/2026\/04\/29\/fita-2026-la-tunisie-pont-economique-vers-lafrique\/#breadcrumb\"},\"inLanguage\":\"fr-FR\",\"potentialAction\":[{\"@type\":\"ReadAction\",\"target\":[\"https:\/\/kapitalis.com\/tunisie\/2026\/04\/29\/fita-2026-la-tunisie-pont-economique-vers-lafrique\/\"]}]},{\"@type\":\"ImageObject\",\"inLanguage\":\"fr-FR\",\"@id\":\"https:\/\/kapitalis.com\/tunisie\/2026\/04\/29\/fita-2026-la-tunisie-pont-economique-vers-lafrique\/#primaryimage\",\"url\":\"https:\/\/kapitalis.com\/tunisie\/wp-content\/uploads\/2026\/04\/Fita-2026-Ouverture.jpg\",\"contentUrl\":\"https:\/\/kapitalis.com\/tunisie\/wp-content\/uploads\/2026\/04\/Fita-2026-Ouverture.jpg\",\"width\":1200,\"height\":630},{\"@type\":\"BreadcrumbList\",\"@id\":\"https:\/\/kapitalis.com\/tunisie\/2026\/04\/29\/fita-2026-la-tunisie-pont-economique-vers-lafrique\/#breadcrumb\",\"itemListElement\":[{\"@type\":\"ListItem\",\"position\":1,\"name\":\"Accueil\",\"item\":\"https:\/\/kapitalis.com\/tunisie\/\"},{\"@type\":\"ListItem\",\"position\":2,\"name\":\"Fita 2026 | La Tunisie, pont \u00e9conomique vers l&rsquo;Afrique\"}]},{\"@type\":\"WebSite\",\"@id\":\"https:\/\/kapitalis.com\/tunisie\/#website\",\"url\":\"https:\/\/kapitalis.com\/tunisie\/\",\"name\":\"Kapitalis\",\"description\":\"L&#039;actualit\u00e9 en Tunisie et dans le monde\",\"publisher\":{\"@id\":\"https:\/\/kapitalis.com\/tunisie\/#organization\"},\"potentialAction\":[{\"@type\":\"SearchAction\",\"target\":{\"@type\":\"EntryPoint\",\"urlTemplate\":\"https:\/\/kapitalis.com\/tunisie\/?s={search_term_string}\"},\"query-input\":{\"@type\":\"PropertyValueSpecification\",\"valueRequired\":true,\"valueName\":\"search_term_string\"}}],\"inLanguage\":\"fr-FR\"},{\"@type\":\"Organization\",\"@id\":\"https:\/\/kapitalis.com\/tunisie\/#organization\",\"name\":\"Kapitalis\",\"url\":\"https:\/\/kapitalis.com\/tunisie\/\",\"logo\":{\"@type\":\"ImageObject\",\"inLanguage\":\"fr-FR\",\"@id\":\"https:\/\/kapitalis.com\/tunisie\/#\/schema\/logo\/image\/\",\"url\":\"https:\/\/kapitalis.com\/tunisie\/wp-content\/uploads\/2022\/05\/Kapitalis-big-size.png\",\"contentUrl\":\"https:\/\/kapitalis.com\/tunisie\/wp-content\/uploads\/2022\/05\/Kapitalis-big-size.png\",\"width\":5000,\"height\":1500,\"caption\":\"Kapitalis\"},\"image\":{\"@id\":\"https:\/\/kapitalis.com\/tunisie\/#\/schema\/logo\/image\/\"},\"sameAs\":[\"https:\/\/www.facebook.com\/KapitalisInfo\/\",\"https:\/\/x.com\/KapitalisInfo\",\"https:\/\/www.youtube.com\/channel\/UC-yDYrHyfFBWWZaOw3FPg9Q\"]},{\"@type\":\"Person\",\"@id\":\"https:\/\/kapitalis.com\/tunisie\/#\/schema\/person\/d71f33a9ca44f7bad4698210b480c8e9\",\"name\":\"webmaster kapitalis\",\"url\":\"https:\/\/kapitalis.com\/tunisie\/author\/webmaster-kapitalis\/\"}]}<\/script>\n<!-- \/ Yoast SEO plugin. -->","yoast_head_json":{"title":"Fita 2026 | La Tunisie, pont \u00e9conomique vers l'Afrique - Kapitalis","description":"A l'occasion de la 9e \u00e9dition du Fita, la Tunisie renforce son r\u00f4le de plaque tournante \u00e9conomique pour l\u2019Afrique.","robots":{"index":"index","follow":"follow","max-snippet":"max-snippet:-1","max-image-preview":"max-image-preview:large","max-video-preview":"max-video-preview:-1"},"canonical":"https:\/\/kapitalis.com\/tunisie\/2026\/04\/29\/fita-2026-la-tunisie-pont-economique-vers-lafrique\/","og_locale":"fr_FR","og_type":"article","og_title":"Fita 2026 | La Tunisie, pont \u00e9conomique vers l'Afrique - Kapitalis","og_description":"A l'occasion de la 9e \u00e9dition du Fita, la Tunisie renforce son r\u00f4le de plaque tournante \u00e9conomique pour l\u2019Afrique.","og_url":"https:\/\/kapitalis.com\/tunisie\/2026\/04\/29\/fita-2026-la-tunisie-pont-economique-vers-lafrique\/","og_site_name":"Kapitalis","article_publisher":"https:\/\/www.facebook.com\/KapitalisInfo\/","article_published_time":"2026-04-29T13:03:27+00:00","article_modified_time":"2026-04-29T13:03:28+00:00","og_image":[{"width":1200,"height":630,"url":"https:\/\/kapitalis.com\/tunisie\/wp-content\/uploads\/2026\/04\/Fita-2026-Ouverture.jpg","type":"image\/jpeg"}],"author":"webmaster kapitalis","twitter_card":"summary_large_image","twitter_creator":"@KapitalisInfo","twitter_site":"@KapitalisInfo","twitter_misc":{"\u00c9crit par":"webmaster kapitalis","Dur\u00e9e de lecture estim\u00e9e":"4 minutes"},"schema":{"@context":"https:\/\/schema.org","@graph":[{"@type":"Article","@id":"https:\/\/kapitalis.com\/tunisie\/2026\/04\/29\/fita-2026-la-tunisie-pont-economique-vers-lafrique\/#article","isPartOf":{"@id":"https:\/\/kapitalis.com\/tunisie\/2026\/04\/29\/fita-2026-la-tunisie-pont-economique-vers-lafrique\/"},"author":{"name":"webmaster kapitalis","@id":"https:\/\/kapitalis.com\/tunisie\/#\/schema\/person\/d71f33a9ca44f7bad4698210b480c8e9"},"headline":"Fita 2026 | La Tunisie, pont \u00e9conomique vers l&rsquo;Afrique","datePublished":"2026-04-29T13:03:27+00:00","dateModified":"2026-04-29T13:03:28+00:00","mainEntityOfPage":{"@id":"https:\/\/kapitalis.com\/tunisie\/2026\/04\/29\/fita-2026-la-tunisie-pont-economique-vers-lafrique\/"},"wordCount":576,"commentCount":0,"publisher":{"@id":"https:\/\/kapitalis.com\/tunisie\/#organization"},"image":{"@id":"https:\/\/kapitalis.com\/tunisie\/2026\/04\/29\/fita-2026-la-tunisie-pont-economique-vers-lafrique\/#primaryimage"},"thumbnailUrl":"https:\/\/kapitalis.com\/tunisie\/wp-content\/uploads\/2026\/04\/Fita-2026-Ouverture.jpg","keywords":["Afrique","Anis Jaziri","Canada","Fita 2026","Guin\u00e9e","Kiamona","TABC","Tunisie"],"inLanguage":"fr-FR","potentialAction":[{"@type":"CommentAction","name":"Comment","target":["https:\/\/kapitalis.com\/tunisie\/2026\/04\/29\/fita-2026-la-tunisie-pont-economique-vers-lafrique\/#respond"]}]},{"@type":"WebPage","@id":"https:\/\/kapitalis.com\/tunisie\/2026\/04\/29\/fita-2026-la-tunisie-pont-economique-vers-lafrique\/","url":"https:\/\/kapitalis.com\/tunisie\/2026\/04\/29\/fita-2026-la-tunisie-pont-economique-vers-lafrique\/","name":"Fita 2026 | La Tunisie, pont \u00e9conomique vers l'Afrique - Kapitalis","isPartOf":{"@id":"https:\/\/kapitalis.com\/tunisie\/#website"},"primaryImageOfPage":{"@id":"https:\/\/kapitalis.com\/tunisie\/2026\/04\/29\/fita-2026-la-tunisie-pont-economique-vers-lafrique\/#primaryimage"},"image":{"@id":"https:\/\/kapitalis.com\/tunisie\/2026\/04\/29\/fita-2026-la-tunisie-pont-economique-vers-lafrique\/#primaryimage"},"thumbnailUrl":"https:\/\/kapitalis.com\/tunisie\/wp-content\/uploads\/2026\/04\/Fita-2026-Ouverture.jpg","datePublished":"2026-04-29T13:03:27+00:00","dateModified":"2026-04-29T13:03:28+00:00","description":"A l'occasion de la 9e \u00e9dition du Fita, la Tunisie renforce son r\u00f4le de plaque tournante \u00e9conomique pour l\u2019Afrique.","breadcrumb":{"@id":"https:\/\/kapitalis.com\/tunisie\/2026\/04\/29\/fita-2026-la-tunisie-pont-economique-vers-lafrique\/#breadcrumb"},"inLanguage":"fr-FR","potentialAction":[{"@type":"ReadAction","target":["https:\/\/kapitalis.com\/tunisie\/2026\/04\/29\/fita-2026-la-tunisie-pont-economique-vers-lafrique\/"]}]},{"@type":"ImageObject","inLanguage":"fr-FR","@id":"https:\/\/kapitalis.com\/tunisie\/2026\/04\/29\/fita-2026-la-tunisie-pont-economique-vers-lafrique\/#primaryimage","url":"https:\/\/kapitalis.com\/tunisie\/wp-content\/uploads\/2026\/04\/Fita-2026-Ouverture.jpg","contentUrl":"https:\/\/kapitalis.com\/tunisie\/wp-content\/uploads\/2026\/04\/Fita-2026-Ouverture.jpg","width":1200,"height":630},{"@type":"BreadcrumbList","@id":"https:\/\/kapitalis.com\/tunisie\/2026\/04\/29\/fita-2026-la-tunisie-pont-economique-vers-lafrique\/#breadcrumb","itemListElement":[{"@type":"ListItem","position":1,"name":"Accueil","item":"https:\/\/kapitalis.com\/tunisie\/"},{"@type":"ListItem","position":2,"name":"Fita 2026 | La Tunisie, pont \u00e9conomique vers l&rsquo;Afrique"}]},{"@type":"WebSite","@id":"https:\/\/kapitalis.com\/tunisie\/#website","url":"https:\/\/kapitalis.com\/tunisie\/","name":"Kapitalis","description":"L&#039;actualit\u00e9 en Tunisie et dans le monde","publisher":{"@id":"https:\/\/kapitalis.com\/tunisie\/#organization"},"potentialAction":[{"@type":"SearchAction","target":{"@type":"EntryPoint","urlTemplate":"https:\/\/kapitalis.com\/tunisie\/?s={search_term_string}"},"query-input":{"@type":"PropertyValueSpecification","valueRequired":true,"valueName":"search_term_string"}}],"inLanguage":"fr-FR"},{"@type":"Organization","@id":"https:\/\/kapitalis.com\/tunisie\/#organization","name":"Kapitalis","url":"https:\/\/kapitalis.com\/tunisie\/","logo":{"@type":"ImageObject","inLanguage":"fr-FR","@id":"https:\/\/kapitalis.com\/tunisie\/#\/schema\/logo\/image\/","url":"https:\/\/kapitalis.com\/tunisie\/wp-content\/uploads\/2022\/05\/Kapitalis-big-size.png","contentUrl":"https:\/\/kapitalis.com\/tunisie\/wp-content\/uploads\/2022\/05\/Kapitalis-big-size.png","width":5000,"height":1500,"caption":"Kapitalis"},"image":{"@id":"https:\/\/kapitalis.com\/tunisie\/#\/schema\/logo\/image\/"},"sameAs":["https:\/\/www.facebook.com\/KapitalisInfo\/","https:\/\/x.com\/KapitalisInfo","https:\/\/www.youtube.com\/channel\/UC-yDYrHyfFBWWZaOw3FPg9Q"]},{"@type":"Person","@id":"https:\/\/kapitalis.com\/tunisie\/#\/schema\/person\/d71f33a9ca44f7bad4698210b480c8e9","name":"webmaster kapitalis","url":"https:\/\/kapitalis.com\/tunisie\/author\/webmaster-kapitalis\/"}]}},"_links":{"self":[{"href":"https:\/\/kapitalis.com\/tunisie\/wp-json\/wp\/v2\/posts\/18707875","targetHints":{"allow":["GET"]}}],"collection":[{"href":"https:\/\/kapitalis.com\/tunisie\/wp-json\/wp\/v2\/posts"}],"about":[{"href":"https:\/\/kapitalis.com\/tunisie\/wp-json\/wp\/v2\/types\/post"}],"author":[{"embeddable":true,"href":"https:\/\/kapitalis.com\/tunisie\/wp-json\/wp\/v2\/users\/8"}],"replies":[{"embeddable":true,"href":"https:\/\/kapitalis.com\/tunisie\/wp-json\/wp\/v2\/comments?post=18707875"}],"version-history":[{"count":1,"href":"https:\/\/kapitalis.com\/tunisie\/wp-json\/wp\/v2\/posts\/18707875\/revisions"}],"predecessor-version":[{"id":18707916,"href":"https:\/\/kapitalis.com\/tunisie\/wp-json\/wp\/v2\/posts\/18707875\/revisions\/18707916"}],"wp:featuredmedia":[{"embeddable":true,"href":"https:\/\/kapitalis.com\/tunisie\/wp-json\/wp\/v2\/media\/18707890"}],"wp:attachment":[{"href":"https:\/\/kapitalis.com\/tunisie\/wp-json\/wp\/v2\/media?parent=18707875"}],"wp:term":[{"taxonomy":"category","embeddable":true,"href":"https:\/\/kapitalis.com\/tunisie\/wp-json\/wp\/v2\/categories?post=18707875"},{"taxonomy":"post_tag","embeddable":true,"href":"https:\/\/kapitalis.com\/tunisie\/wp-json\/wp\/v2\/tags?post=18707875"}],"curies":[{"name":"wp","href":"https:\/\/api.w.org\/{rel}","templated":true}]}}