{"id":18708856,"date":"2026-04-29T20:26:57","date_gmt":"2026-04-29T19:26:57","guid":{"rendered":"https:\/\/kapitalis.com\/tunisie\/?p=18708856"},"modified":"2026-04-29T20:32:25","modified_gmt":"2026-04-29T19:32:25","slug":"stmgf-deces-du-dr-anis-ayadi-figure-engagee-de-la-medecine-de-famille","status":"publish","type":"post","link":"https:\/\/kapitalis.com\/tunisie\/2026\/04\/29\/stmgf-deces-du-dr-anis-ayadi-figure-engagee-de-la-medecine-de-famille\/","title":{"rendered":"STMGF | D\u00e9c\u00e8s du Dr Anis Ayadi, figure engag\u00e9e de la m\u00e9decine de famille"},"content":{"rendered":"\n<p><strong><em>La Soci\u00e9t\u00e9 tunisienne de m\u00e9decine g\u00e9n\u00e9rale et m\u00e9decine de famille (STMGF) a annonc\u00e9 avec une profonde tristesse le d\u00e9c\u00e8s du Dr. Anis Ayadi survenu , ce mercredi 29 avril 2026.<\/em><\/strong><\/p>\n\n\n\n<!--more-->\n\n\n\n<p>Dans une note diffus\u00e9e ce jour, \u00a0la STMGF affirme perdre l\u2019un de ses membres les plus brillants et engag\u00e9s , en commentant : \u00ab<em> Apr\u00e8s un combat courageux contre la maladie, il nous a quitt\u00e9s, laissant derri\u00e8re lui un h\u00e9ritage de d\u00e9vouement, de comp\u00e9tence et d\u2019humanit\u00e9<\/em> \u00bb.<\/p>\n\n\n\n<p>La m\u00eame source a rappel\u00e9 que Dr. Anis Ayadi a repr\u00e9sent\u00e9 \u00e0 plusieurs reprises la STMGF aupr\u00e8s des soci\u00e9t\u00e9s savantes, contribu\u00e9 activement \u00e0 de nombreux s\u00e9minaires et jou\u00e9 un r\u00f4le essentiel dans son \u00e9tude TUN-PREDIAB.<\/p>\n\n\n\n<p>\u00ab <em>Son engagement et son professionnalisme resteront grav\u00e9s dans nos m\u00e9moires. Aujourd\u2019hui, ce n\u2019est pas seulement un membre que nous perdons, mais un ami, un fr\u00e8re&#8230; Qu\u2019il repose en paix. Paix \u00e0 son \u00e2me<\/em> \u00bb, ajoute encore la STMGF<\/p>\n\n\n\n<p>Dr Anis Ayadi sera accompagn\u00e9 \u00e0 sa derni\u00e8re demeure demain jeudi 30 avril, apr\u00e8s la pri\u00e8re Dhohr au cimeti\u00e8re \u00ab\u00a0Chorfa\u00a0\u00bb. Jendouba.<\/p>\n\n\n\n<p class=\"has-text-align-right\"><strong>Y. N.<\/strong><\/p>\n","protected":false},"excerpt":{"rendered":"<p>La Soci\u00e9t\u00e9 tunisienne de m\u00e9decine g\u00e9n\u00e9rale et m\u00e9decine de famille (STMGF) a annonc\u00e9 avec une profonde tristesse le d\u00e9c\u00e8s du Dr. Anis Ayadi survenu , ce mercredi 29 avril 2026.<\/p>\n","protected":false},"author":6,"featured_media":18708937,"comment_status":"open","ping_status":"open","sticky":false,"template":"","format":"standard","meta":{"footnotes":""},"categories":[998,2433],"tags":[128088,64263,515,128090,128089,62643],"class_list":["post-18708856","post","type-post","status-publish","format-standard","has-post-thumbnail","hentry","category-societe","category-tunisie","tag-anis-ayadi","tag-deces","tag-jendouba","tag-medecine-de-famille","tag-stmgf","tag-tunisie"],"yoast_head":"<!-- This site is optimized with the Yoast SEO plugin v26.6 - https:\/\/yoast.com\/wordpress\/plugins\/seo\/ -->\n<title>STMGF | D\u00e9c\u00e8s du Dr Anis Ayadi, figure engag\u00e9e de la m\u00e9decine de famille - Kapitalis<\/title>\n<meta name=\"robots\" content=\"index, follow, max-snippet:-1, max-image-preview:large, max-video-preview:-1\" \/>\n<link rel=\"canonical\" href=\"https:\/\/kapitalis.com\/tunisie\/2026\/04\/29\/stmgf-deces-du-dr-anis-ayadi-figure-engagee-de-la-medecine-de-famille\/\" \/>\n<meta property=\"og:locale\" content=\"fr_FR\" \/>\n<meta property=\"og:type\" content=\"article\" \/>\n<meta property=\"og:title\" content=\"STMGF | D\u00e9c\u00e8s du Dr Anis Ayadi, figure engag\u00e9e de la m\u00e9decine de famille - Kapitalis\" \/>\n<meta property=\"og:description\" content=\"La Soci\u00e9t\u00e9 tunisienne de m\u00e9decine g\u00e9n\u00e9rale et m\u00e9decine de famille (STMGF) a annonc\u00e9 avec une profonde tristesse le d\u00e9c\u00e8s du Dr. Anis Ayadi survenu , ce mercredi 29 avril 2026.\" \/>\n<meta property=\"og:url\" content=\"https:\/\/kapitalis.com\/tunisie\/2026\/04\/29\/stmgf-deces-du-dr-anis-ayadi-figure-engagee-de-la-medecine-de-famille\/\" \/>\n<meta property=\"og:site_name\" content=\"Kapitalis\" \/>\n<meta property=\"article:publisher\" content=\"https:\/\/www.facebook.com\/KapitalisInfo\/\" \/>\n<meta property=\"article:published_time\" content=\"2026-04-29T19:26:57+00:00\" \/>\n<meta property=\"article:modified_time\" content=\"2026-04-29T19:32:25+00:00\" \/>\n<meta property=\"og:image\" content=\"https:\/\/kapitalis.com\/tunisie\/wp-content\/uploads\/2026\/04\/Dr-Anis-Ayadi.jpg\" \/>\n\t<meta property=\"og:image:width\" content=\"1424\" \/>\n\t<meta property=\"og:image:height\" content=\"752\" \/>\n\t<meta property=\"og:image:type\" content=\"image\/jpeg\" \/>\n<meta name=\"author\" content=\"Yusra NY\" \/>\n<meta name=\"twitter:card\" content=\"summary_large_image\" \/>\n<meta name=\"twitter:creator\" content=\"@KapitalisInfo\" \/>\n<meta name=\"twitter:site\" content=\"@KapitalisInfo\" \/>\n<meta name=\"twitter:label1\" content=\"\u00c9crit par\" \/>\n\t<meta name=\"twitter:data1\" content=\"Yusra NY\" \/>\n\t<meta name=\"twitter:label2\" content=\"Dur\u00e9e de lecture estim\u00e9e\" \/>\n\t<meta name=\"twitter:data2\" content=\"2 minutes\" \/>\n<script type=\"application\/ld+json\" class=\"yoast-schema-graph\">{\"@context\":\"https:\/\/schema.org\",\"@graph\":[{\"@type\":\"Article\",\"@id\":\"https:\/\/kapitalis.com\/tunisie\/2026\/04\/29\/stmgf-deces-du-dr-anis-ayadi-figure-engagee-de-la-medecine-de-famille\/#article\",\"isPartOf\":{\"@id\":\"https:\/\/kapitalis.com\/tunisie\/2026\/04\/29\/stmgf-deces-du-dr-anis-ayadi-figure-engagee-de-la-medecine-de-famille\/\"},\"author\":{\"name\":\"Yusra NY\",\"@id\":\"https:\/\/kapitalis.com\/tunisie\/#\/schema\/person\/74bbde0154d49d790a92aaeac5bc01d5\"},\"headline\":\"STMGF | D\u00e9c\u00e8s du Dr Anis Ayadi, figure engag\u00e9e de la m\u00e9decine de famille\",\"datePublished\":\"2026-04-29T19:26:57+00:00\",\"dateModified\":\"2026-04-29T19:32:25+00:00\",\"mainEntityOfPage\":{\"@id\":\"https:\/\/kapitalis.com\/tunisie\/2026\/04\/29\/stmgf-deces-du-dr-anis-ayadi-figure-engagee-de-la-medecine-de-famille\/\"},\"wordCount\":211,\"commentCount\":0,\"publisher\":{\"@id\":\"https:\/\/kapitalis.com\/tunisie\/#organization\"},\"image\":{\"@id\":\"https:\/\/kapitalis.com\/tunisie\/2026\/04\/29\/stmgf-deces-du-dr-anis-ayadi-figure-engagee-de-la-medecine-de-famille\/#primaryimage\"},\"thumbnailUrl\":\"https:\/\/kapitalis.com\/tunisie\/wp-content\/uploads\/2026\/04\/Dr-Anis-Ayadi.jpg\",\"keywords\":[\"Anis Ayadi\",\"d\u00e9c\u00e8s\",\"Jendouba\",\"m\u00e9decine de famille\",\"STMGF\",\"Tunisie\"],\"articleSection\":[\"SOCIETE\",\"Tunisie\"],\"inLanguage\":\"fr-FR\",\"potentialAction\":[{\"@type\":\"CommentAction\",\"name\":\"Comment\",\"target\":[\"https:\/\/kapitalis.com\/tunisie\/2026\/04\/29\/stmgf-deces-du-dr-anis-ayadi-figure-engagee-de-la-medecine-de-famille\/#respond\"]}]},{\"@type\":\"WebPage\",\"@id\":\"https:\/\/kapitalis.com\/tunisie\/2026\/04\/29\/stmgf-deces-du-dr-anis-ayadi-figure-engagee-de-la-medecine-de-famille\/\",\"url\":\"https:\/\/kapitalis.com\/tunisie\/2026\/04\/29\/stmgf-deces-du-dr-anis-ayadi-figure-engagee-de-la-medecine-de-famille\/\",\"name\":\"STMGF | D\u00e9c\u00e8s du Dr Anis Ayadi, figure engag\u00e9e de la m\u00e9decine de famille - Kapitalis\",\"isPartOf\":{\"@id\":\"https:\/\/kapitalis.com\/tunisie\/#website\"},\"primaryImageOfPage\":{\"@id\":\"https:\/\/kapitalis.com\/tunisie\/2026\/04\/29\/stmgf-deces-du-dr-anis-ayadi-figure-engagee-de-la-medecine-de-famille\/#primaryimage\"},\"image\":{\"@id\":\"https:\/\/kapitalis.com\/tunisie\/2026\/04\/29\/stmgf-deces-du-dr-anis-ayadi-figure-engagee-de-la-medecine-de-famille\/#primaryimage\"},\"thumbnailUrl\":\"https:\/\/kapitalis.com\/tunisie\/wp-content\/uploads\/2026\/04\/Dr-Anis-Ayadi.jpg\",\"datePublished\":\"2026-04-29T19:26:57+00:00\",\"dateModified\":\"2026-04-29T19:32:25+00:00\",\"breadcrumb\":{\"@id\":\"https:\/\/kapitalis.com\/tunisie\/2026\/04\/29\/stmgf-deces-du-dr-anis-ayadi-figure-engagee-de-la-medecine-de-famille\/#breadcrumb\"},\"inLanguage\":\"fr-FR\",\"potentialAction\":[{\"@type\":\"ReadAction\",\"target\":[\"https:\/\/kapitalis.com\/tunisie\/2026\/04\/29\/stmgf-deces-du-dr-anis-ayadi-figure-engagee-de-la-medecine-de-famille\/\"]}]},{\"@type\":\"ImageObject\",\"inLanguage\":\"fr-FR\",\"@id\":\"https:\/\/kapitalis.com\/tunisie\/2026\/04\/29\/stmgf-deces-du-dr-anis-ayadi-figure-engagee-de-la-medecine-de-famille\/#primaryimage\",\"url\":\"https:\/\/kapitalis.com\/tunisie\/wp-content\/uploads\/2026\/04\/Dr-Anis-Ayadi.jpg\",\"contentUrl\":\"https:\/\/kapitalis.com\/tunisie\/wp-content\/uploads\/2026\/04\/Dr-Anis-Ayadi.jpg\",\"width\":1424,\"height\":752},{\"@type\":\"BreadcrumbList\",\"@id\":\"https:\/\/kapitalis.com\/tunisie\/2026\/04\/29\/stmgf-deces-du-dr-anis-ayadi-figure-engagee-de-la-medecine-de-famille\/#breadcrumb\",\"itemListElement\":[{\"@type\":\"ListItem\",\"position\":1,\"name\":\"Accueil\",\"item\":\"https:\/\/kapitalis.com\/tunisie\/\"},{\"@type\":\"ListItem\",\"position\":2,\"name\":\"STMGF | D\u00e9c\u00e8s du Dr Anis Ayadi, figure engag\u00e9e de la m\u00e9decine de famille\"}]},{\"@type\":\"WebSite\",\"@id\":\"https:\/\/kapitalis.com\/tunisie\/#website\",\"url\":\"https:\/\/kapitalis.com\/tunisie\/\",\"name\":\"Kapitalis\",\"description\":\"L&#039;actualit\u00e9 en Tunisie et dans le monde\",\"publisher\":{\"@id\":\"https:\/\/kapitalis.com\/tunisie\/#organization\"},\"potentialAction\":[{\"@type\":\"SearchAction\",\"target\":{\"@type\":\"EntryPoint\",\"urlTemplate\":\"https:\/\/kapitalis.com\/tunisie\/?s={search_term_string}\"},\"query-input\":{\"@type\":\"PropertyValueSpecification\",\"valueRequired\":true,\"valueName\":\"search_term_string\"}}],\"inLanguage\":\"fr-FR\"},{\"@type\":\"Organization\",\"@id\":\"https:\/\/kapitalis.com\/tunisie\/#organization\",\"name\":\"Kapitalis\",\"url\":\"https:\/\/kapitalis.com\/tunisie\/\",\"logo\":{\"@type\":\"ImageObject\",\"inLanguage\":\"fr-FR\",\"@id\":\"https:\/\/kapitalis.com\/tunisie\/#\/schema\/logo\/image\/\",\"url\":\"https:\/\/kapitalis.com\/tunisie\/wp-content\/uploads\/2022\/05\/Kapitalis-big-size.png\",\"contentUrl\":\"https:\/\/kapitalis.com\/tunisie\/wp-content\/uploads\/2022\/05\/Kapitalis-big-size.png\",\"width\":5000,\"height\":1500,\"caption\":\"Kapitalis\"},\"image\":{\"@id\":\"https:\/\/kapitalis.com\/tunisie\/#\/schema\/logo\/image\/\"},\"sameAs\":[\"https:\/\/www.facebook.com\/KapitalisInfo\/\",\"https:\/\/x.com\/KapitalisInfo\",\"https:\/\/www.youtube.com\/channel\/UC-yDYrHyfFBWWZaOw3FPg9Q\"]},{\"@type\":\"Person\",\"@id\":\"https:\/\/kapitalis.com\/tunisie\/#\/schema\/person\/74bbde0154d49d790a92aaeac5bc01d5\",\"name\":\"Yusra NY\",\"url\":\"https:\/\/kapitalis.com\/tunisie\/author\/yuza_adam\/\"}]}<\/script>\n<!-- \/ Yoast SEO plugin. -->","yoast_head_json":{"title":"STMGF | D\u00e9c\u00e8s du Dr Anis Ayadi, figure engag\u00e9e de la m\u00e9decine de famille - Kapitalis","robots":{"index":"index","follow":"follow","max-snippet":"max-snippet:-1","max-image-preview":"max-image-preview:large","max-video-preview":"max-video-preview:-1"},"canonical":"https:\/\/kapitalis.com\/tunisie\/2026\/04\/29\/stmgf-deces-du-dr-anis-ayadi-figure-engagee-de-la-medecine-de-famille\/","og_locale":"fr_FR","og_type":"article","og_title":"STMGF | D\u00e9c\u00e8s du Dr Anis Ayadi, figure engag\u00e9e de la m\u00e9decine de famille - Kapitalis","og_description":"La Soci\u00e9t\u00e9 tunisienne de m\u00e9decine g\u00e9n\u00e9rale et m\u00e9decine de famille (STMGF) a annonc\u00e9 avec une profonde tristesse le d\u00e9c\u00e8s du Dr. Anis Ayadi survenu , ce mercredi 29 avril 2026.","og_url":"https:\/\/kapitalis.com\/tunisie\/2026\/04\/29\/stmgf-deces-du-dr-anis-ayadi-figure-engagee-de-la-medecine-de-famille\/","og_site_name":"Kapitalis","article_publisher":"https:\/\/www.facebook.com\/KapitalisInfo\/","article_published_time":"2026-04-29T19:26:57+00:00","article_modified_time":"2026-04-29T19:32:25+00:00","og_image":[{"width":1424,"height":752,"url":"https:\/\/kapitalis.com\/tunisie\/wp-content\/uploads\/2026\/04\/Dr-Anis-Ayadi.jpg","type":"image\/jpeg"}],"author":"Yusra NY","twitter_card":"summary_large_image","twitter_creator":"@KapitalisInfo","twitter_site":"@KapitalisInfo","twitter_misc":{"\u00c9crit par":"Yusra NY","Dur\u00e9e de lecture estim\u00e9e":"2 minutes"},"schema":{"@context":"https:\/\/schema.org","@graph":[{"@type":"Article","@id":"https:\/\/kapitalis.com\/tunisie\/2026\/04\/29\/stmgf-deces-du-dr-anis-ayadi-figure-engagee-de-la-medecine-de-famille\/#article","isPartOf":{"@id":"https:\/\/kapitalis.com\/tunisie\/2026\/04\/29\/stmgf-deces-du-dr-anis-ayadi-figure-engagee-de-la-medecine-de-famille\/"},"author":{"name":"Yusra NY","@id":"https:\/\/kapitalis.com\/tunisie\/#\/schema\/person\/74bbde0154d49d790a92aaeac5bc01d5"},"headline":"STMGF | D\u00e9c\u00e8s du Dr Anis Ayadi, figure engag\u00e9e de la m\u00e9decine de famille","datePublished":"2026-04-29T19:26:57+00:00","dateModified":"2026-04-29T19:32:25+00:00","mainEntityOfPage":{"@id":"https:\/\/kapitalis.com\/tunisie\/2026\/04\/29\/stmgf-deces-du-dr-anis-ayadi-figure-engagee-de-la-medecine-de-famille\/"},"wordCount":211,"commentCount":0,"publisher":{"@id":"https:\/\/kapitalis.com\/tunisie\/#organization"},"image":{"@id":"https:\/\/kapitalis.com\/tunisie\/2026\/04\/29\/stmgf-deces-du-dr-anis-ayadi-figure-engagee-de-la-medecine-de-famille\/#primaryimage"},"thumbnailUrl":"https:\/\/kapitalis.com\/tunisie\/wp-content\/uploads\/2026\/04\/Dr-Anis-Ayadi.jpg","keywords":["Anis Ayadi","d\u00e9c\u00e8s","Jendouba","m\u00e9decine de famille","STMGF","Tunisie"],"articleSection":["SOCIETE","Tunisie"],"inLanguage":"fr-FR","potentialAction":[{"@type":"CommentAction","name":"Comment","target":["https:\/\/kapitalis.com\/tunisie\/2026\/04\/29\/stmgf-deces-du-dr-anis-ayadi-figure-engagee-de-la-medecine-de-famille\/#respond"]}]},{"@type":"WebPage","@id":"https:\/\/kapitalis.com\/tunisie\/2026\/04\/29\/stmgf-deces-du-dr-anis-ayadi-figure-engagee-de-la-medecine-de-famille\/","url":"https:\/\/kapitalis.com\/tunisie\/2026\/04\/29\/stmgf-deces-du-dr-anis-ayadi-figure-engagee-de-la-medecine-de-famille\/","name":"STMGF | D\u00e9c\u00e8s du Dr Anis Ayadi, figure engag\u00e9e de la m\u00e9decine de famille - Kapitalis","isPartOf":{"@id":"https:\/\/kapitalis.com\/tunisie\/#website"},"primaryImageOfPage":{"@id":"https:\/\/kapitalis.com\/tunisie\/2026\/04\/29\/stmgf-deces-du-dr-anis-ayadi-figure-engagee-de-la-medecine-de-famille\/#primaryimage"},"image":{"@id":"https:\/\/kapitalis.com\/tunisie\/2026\/04\/29\/stmgf-deces-du-dr-anis-ayadi-figure-engagee-de-la-medecine-de-famille\/#primaryimage"},"thumbnailUrl":"https:\/\/kapitalis.com\/tunisie\/wp-content\/uploads\/2026\/04\/Dr-Anis-Ayadi.jpg","datePublished":"2026-04-29T19:26:57+00:00","dateModified":"2026-04-29T19:32:25+00:00","breadcrumb":{"@id":"https:\/\/kapitalis.com\/tunisie\/2026\/04\/29\/stmgf-deces-du-dr-anis-ayadi-figure-engagee-de-la-medecine-de-famille\/#breadcrumb"},"inLanguage":"fr-FR","potentialAction":[{"@type":"ReadAction","target":["https:\/\/kapitalis.com\/tunisie\/2026\/04\/29\/stmgf-deces-du-dr-anis-ayadi-figure-engagee-de-la-medecine-de-famille\/"]}]},{"@type":"ImageObject","inLanguage":"fr-FR","@id":"https:\/\/kapitalis.com\/tunisie\/2026\/04\/29\/stmgf-deces-du-dr-anis-ayadi-figure-engagee-de-la-medecine-de-famille\/#primaryimage","url":"https:\/\/kapitalis.com\/tunisie\/wp-content\/uploads\/2026\/04\/Dr-Anis-Ayadi.jpg","contentUrl":"https:\/\/kapitalis.com\/tunisie\/wp-content\/uploads\/2026\/04\/Dr-Anis-Ayadi.jpg","width":1424,"height":752},{"@type":"BreadcrumbList","@id":"https:\/\/kapitalis.com\/tunisie\/2026\/04\/29\/stmgf-deces-du-dr-anis-ayadi-figure-engagee-de-la-medecine-de-famille\/#breadcrumb","itemListElement":[{"@type":"ListItem","position":1,"name":"Accueil","item":"https:\/\/kapitalis.com\/tunisie\/"},{"@type":"ListItem","position":2,"name":"STMGF | D\u00e9c\u00e8s du Dr Anis Ayadi, figure engag\u00e9e de la m\u00e9decine de famille"}]},{"@type":"WebSite","@id":"https:\/\/kapitalis.com\/tunisie\/#website","url":"https:\/\/kapitalis.com\/tunisie\/","name":"Kapitalis","description":"L&#039;actualit\u00e9 en Tunisie et dans le monde","publisher":{"@id":"https:\/\/kapitalis.com\/tunisie\/#organization"},"potentialAction":[{"@type":"SearchAction","target":{"@type":"EntryPoint","urlTemplate":"https:\/\/kapitalis.com\/tunisie\/?s={search_term_string}"},"query-input":{"@type":"PropertyValueSpecification","valueRequired":true,"valueName":"search_term_string"}}],"inLanguage":"fr-FR"},{"@type":"Organization","@id":"https:\/\/kapitalis.com\/tunisie\/#organization","name":"Kapitalis","url":"https:\/\/kapitalis.com\/tunisie\/","logo":{"@type":"ImageObject","inLanguage":"fr-FR","@id":"https:\/\/kapitalis.com\/tunisie\/#\/schema\/logo\/image\/","url":"https:\/\/kapitalis.com\/tunisie\/wp-content\/uploads\/2022\/05\/Kapitalis-big-size.png","contentUrl":"https:\/\/kapitalis.com\/tunisie\/wp-content\/uploads\/2022\/05\/Kapitalis-big-size.png","width":5000,"height":1500,"caption":"Kapitalis"},"image":{"@id":"https:\/\/kapitalis.com\/tunisie\/#\/schema\/logo\/image\/"},"sameAs":["https:\/\/www.facebook.com\/KapitalisInfo\/","https:\/\/x.com\/KapitalisInfo","https:\/\/www.youtube.com\/channel\/UC-yDYrHyfFBWWZaOw3FPg9Q"]},{"@type":"Person","@id":"https:\/\/kapitalis.com\/tunisie\/#\/schema\/person\/74bbde0154d49d790a92aaeac5bc01d5","name":"Yusra NY","url":"https:\/\/kapitalis.com\/tunisie\/author\/yuza_adam\/"}]}},"_links":{"self":[{"href":"https:\/\/kapitalis.com\/tunisie\/wp-json\/wp\/v2\/posts\/18708856","targetHints":{"allow":["GET"]}}],"collection":[{"href":"https:\/\/kapitalis.com\/tunisie\/wp-json\/wp\/v2\/posts"}],"about":[{"href":"https:\/\/kapitalis.com\/tunisie\/wp-json\/wp\/v2\/types\/post"}],"author":[{"embeddable":true,"href":"https:\/\/kapitalis.com\/tunisie\/wp-json\/wp\/v2\/users\/6"}],"replies":[{"embeddable":true,"href":"https:\/\/kapitalis.com\/tunisie\/wp-json\/wp\/v2\/comments?post=18708856"}],"version-history":[{"count":1,"href":"https:\/\/kapitalis.com\/tunisie\/wp-json\/wp\/v2\/posts\/18708856\/revisions"}],"predecessor-version":[{"id":18708887,"href":"https:\/\/kapitalis.com\/tunisie\/wp-json\/wp\/v2\/posts\/18708856\/revisions\/18708887"}],"wp:featuredmedia":[{"embeddable":true,"href":"https:\/\/kapitalis.com\/tunisie\/wp-json\/wp\/v2\/media\/18708937"}],"wp:attachment":[{"href":"https:\/\/kapitalis.com\/tunisie\/wp-json\/wp\/v2\/media?parent=18708856"}],"wp:term":[{"taxonomy":"category","embeddable":true,"href":"https:\/\/kapitalis.com\/tunisie\/wp-json\/wp\/v2\/categories?post=18708856"},{"taxonomy":"post_tag","embeddable":true,"href":"https:\/\/kapitalis.com\/tunisie\/wp-json\/wp\/v2\/tags?post=18708856"}],"curies":[{"name":"wp","href":"https:\/\/api.w.org\/{rel}","templated":true}]}}