{"id":18709265,"date":"2026-04-29T22:07:30","date_gmt":"2026-04-29T21:07:30","guid":{"rendered":"https:\/\/kapitalis.com\/tunisie\/?p=18709265"},"modified":"2026-04-29T22:12:05","modified_gmt":"2026-04-29T21:12:05","slug":"une-ancienne-responsable-de-la-sncft-condamnee-a-5-ans-de-prison","status":"publish","type":"post","link":"https:\/\/kapitalis.com\/tunisie\/2026\/04\/29\/une-ancienne-responsable-de-la-sncft-condamnee-a-5-ans-de-prison\/","title":{"rendered":"Une ancienne responsable de la SNCFT condamn\u00e9e \u00e0 5 ans de prison"},"content":{"rendered":"\n<p><em><strong>La justice a rendu son verdict dans une affaire de malversations financi\u00e8res au sein de la Soci\u00e9t\u00e9 nationale des chemins de fer tunisiens (SNCFT), condamnant une ancienne cadre de l\u2019entreprise pour des faits de mauvaise gestion.<\/strong><\/em><\/p>\n\n\n\n<!--more-->\n\n\n\n<p>La Chambre criminelle pr\u00e8s le Tribunal de premi\u00e8re instance de Tunis a prononc\u00e9, hier, une peine de cinq ans de prison \u00e0 l&rsquo;encontre de la pr\u00e9venue, et ce , suite \u00e0 une plainte d\u00e9pos\u00e9e par l&rsquo;entreprise elle-m\u00eame , indique Mosa\u00efque FM en citant une source proche du dossier, ce mercredi 29 avril 2026.<\/p>\n\n\n\n<p>L&rsquo;enqu\u00eate a port\u00e9 sur des soup\u00e7ons de manipulation des assurances au sein de la soci\u00e9t\u00e9 et de falsification de contrats d\u2019assurance durant le mandat de la pr\u00e9venue, en d\u00e9tention depuis 2023, pr\u00e9cise la m\u00eame source.<\/p>\n\n\n\n<p class=\"has-text-align-right\"><strong>Y. N.<\/strong><\/p>\n","protected":false},"excerpt":{"rendered":"<p>La justice a rendu son verdict dans une affaire de malversations financi\u00e8res au sein de la Soci\u00e9t\u00e9 nationale des chemins de fer tunisiens (SNCFT), condamnant une ancienne cadre de l\u2019entreprise pour des faits de mauvaise gestion.<\/p>\n","protected":false},"author":6,"featured_media":783138,"comment_status":"open","ping_status":"open","sticky":false,"template":"","format":"standard","meta":{"footnotes":""},"categories":[995,998,2433],"tags":[128091,1314,837,62643],"class_list":["post-18709265","post","type-post","status-publish","format-standard","has-post-thumbnail","hentry","category-economie","category-societe","category-tunisie","tag-malversations-financieres","tag-prison","tag-sncft","tag-tunisie"],"yoast_head":"<!-- This site is optimized with the Yoast SEO plugin v26.6 - https:\/\/yoast.com\/wordpress\/plugins\/seo\/ -->\n<title>Une ancienne responsable de la SNCFT condamn\u00e9e \u00e0 5 ans de prison - Kapitalis<\/title>\n<meta name=\"robots\" content=\"index, follow, max-snippet:-1, max-image-preview:large, max-video-preview:-1\" \/>\n<link rel=\"canonical\" href=\"https:\/\/kapitalis.com\/tunisie\/2026\/04\/29\/une-ancienne-responsable-de-la-sncft-condamnee-a-5-ans-de-prison\/\" \/>\n<meta property=\"og:locale\" content=\"fr_FR\" \/>\n<meta property=\"og:type\" content=\"article\" \/>\n<meta property=\"og:title\" content=\"Une ancienne responsable de la SNCFT condamn\u00e9e \u00e0 5 ans de prison - Kapitalis\" \/>\n<meta property=\"og:description\" content=\"La justice a rendu son verdict dans une affaire de malversations financi\u00e8res au sein de la Soci\u00e9t\u00e9 nationale des chemins de fer tunisiens (SNCFT), condamnant une ancienne cadre de l\u2019entreprise pour des faits de mauvaise gestion.\" \/>\n<meta property=\"og:url\" content=\"https:\/\/kapitalis.com\/tunisie\/2026\/04\/29\/une-ancienne-responsable-de-la-sncft-condamnee-a-5-ans-de-prison\/\" \/>\n<meta property=\"og:site_name\" content=\"Kapitalis\" \/>\n<meta property=\"article:publisher\" content=\"https:\/\/www.facebook.com\/KapitalisInfo\/\" \/>\n<meta property=\"article:published_time\" content=\"2026-04-29T21:07:30+00:00\" \/>\n<meta property=\"article:modified_time\" content=\"2026-04-29T21:12:05+00:00\" \/>\n<meta property=\"og:image\" content=\"https:\/\/kapitalis.com\/tunisie\/wp-content\/uploads\/2022\/05\/arrestation-femme.jpg\" \/>\n\t<meta property=\"og:image:width\" content=\"1200\" \/>\n\t<meta property=\"og:image:height\" content=\"630\" \/>\n\t<meta property=\"og:image:type\" content=\"image\/jpeg\" \/>\n<meta name=\"author\" content=\"Yusra NY\" \/>\n<meta name=\"twitter:card\" content=\"summary_large_image\" \/>\n<meta name=\"twitter:creator\" content=\"@KapitalisInfo\" \/>\n<meta name=\"twitter:site\" content=\"@KapitalisInfo\" \/>\n<meta name=\"twitter:label1\" content=\"\u00c9crit par\" \/>\n\t<meta name=\"twitter:data1\" content=\"Yusra NY\" \/>\n\t<meta name=\"twitter:label2\" content=\"Dur\u00e9e de lecture estim\u00e9e\" \/>\n\t<meta name=\"twitter:data2\" content=\"1 minute\" \/>\n<script type=\"application\/ld+json\" class=\"yoast-schema-graph\">{\"@context\":\"https:\/\/schema.org\",\"@graph\":[{\"@type\":\"Article\",\"@id\":\"https:\/\/kapitalis.com\/tunisie\/2026\/04\/29\/une-ancienne-responsable-de-la-sncft-condamnee-a-5-ans-de-prison\/#article\",\"isPartOf\":{\"@id\":\"https:\/\/kapitalis.com\/tunisie\/2026\/04\/29\/une-ancienne-responsable-de-la-sncft-condamnee-a-5-ans-de-prison\/\"},\"author\":{\"name\":\"Yusra NY\",\"@id\":\"https:\/\/kapitalis.com\/tunisie\/#\/schema\/person\/74bbde0154d49d790a92aaeac5bc01d5\"},\"headline\":\"Une ancienne responsable de la SNCFT condamn\u00e9e \u00e0 5 ans de prison\",\"datePublished\":\"2026-04-29T21:07:30+00:00\",\"dateModified\":\"2026-04-29T21:12:05+00:00\",\"mainEntityOfPage\":{\"@id\":\"https:\/\/kapitalis.com\/tunisie\/2026\/04\/29\/une-ancienne-responsable-de-la-sncft-condamnee-a-5-ans-de-prison\/\"},\"wordCount\":148,\"commentCount\":0,\"publisher\":{\"@id\":\"https:\/\/kapitalis.com\/tunisie\/#organization\"},\"image\":{\"@id\":\"https:\/\/kapitalis.com\/tunisie\/2026\/04\/29\/une-ancienne-responsable-de-la-sncft-condamnee-a-5-ans-de-prison\/#primaryimage\"},\"thumbnailUrl\":\"https:\/\/kapitalis.com\/tunisie\/wp-content\/uploads\/2022\/05\/arrestation-femme.jpg\",\"keywords\":[\"malversations financi\u00e8res\",\"prison\",\"SNCFT\",\"Tunisie\"],\"articleSection\":[\"ECONOMIE\",\"SOCIETE\",\"Tunisie\"],\"inLanguage\":\"fr-FR\",\"potentialAction\":[{\"@type\":\"CommentAction\",\"name\":\"Comment\",\"target\":[\"https:\/\/kapitalis.com\/tunisie\/2026\/04\/29\/une-ancienne-responsable-de-la-sncft-condamnee-a-5-ans-de-prison\/#respond\"]}]},{\"@type\":\"WebPage\",\"@id\":\"https:\/\/kapitalis.com\/tunisie\/2026\/04\/29\/une-ancienne-responsable-de-la-sncft-condamnee-a-5-ans-de-prison\/\",\"url\":\"https:\/\/kapitalis.com\/tunisie\/2026\/04\/29\/une-ancienne-responsable-de-la-sncft-condamnee-a-5-ans-de-prison\/\",\"name\":\"Une ancienne responsable de la SNCFT condamn\u00e9e \u00e0 5 ans de prison - Kapitalis\",\"isPartOf\":{\"@id\":\"https:\/\/kapitalis.com\/tunisie\/#website\"},\"primaryImageOfPage\":{\"@id\":\"https:\/\/kapitalis.com\/tunisie\/2026\/04\/29\/une-ancienne-responsable-de-la-sncft-condamnee-a-5-ans-de-prison\/#primaryimage\"},\"image\":{\"@id\":\"https:\/\/kapitalis.com\/tunisie\/2026\/04\/29\/une-ancienne-responsable-de-la-sncft-condamnee-a-5-ans-de-prison\/#primaryimage\"},\"thumbnailUrl\":\"https:\/\/kapitalis.com\/tunisie\/wp-content\/uploads\/2022\/05\/arrestation-femme.jpg\",\"datePublished\":\"2026-04-29T21:07:30+00:00\",\"dateModified\":\"2026-04-29T21:12:05+00:00\",\"breadcrumb\":{\"@id\":\"https:\/\/kapitalis.com\/tunisie\/2026\/04\/29\/une-ancienne-responsable-de-la-sncft-condamnee-a-5-ans-de-prison\/#breadcrumb\"},\"inLanguage\":\"fr-FR\",\"potentialAction\":[{\"@type\":\"ReadAction\",\"target\":[\"https:\/\/kapitalis.com\/tunisie\/2026\/04\/29\/une-ancienne-responsable-de-la-sncft-condamnee-a-5-ans-de-prison\/\"]}]},{\"@type\":\"ImageObject\",\"inLanguage\":\"fr-FR\",\"@id\":\"https:\/\/kapitalis.com\/tunisie\/2026\/04\/29\/une-ancienne-responsable-de-la-sncft-condamnee-a-5-ans-de-prison\/#primaryimage\",\"url\":\"https:\/\/kapitalis.com\/tunisie\/wp-content\/uploads\/2022\/05\/arrestation-femme.jpg\",\"contentUrl\":\"https:\/\/kapitalis.com\/tunisie\/wp-content\/uploads\/2022\/05\/arrestation-femme.jpg\",\"width\":1200,\"height\":630},{\"@type\":\"BreadcrumbList\",\"@id\":\"https:\/\/kapitalis.com\/tunisie\/2026\/04\/29\/une-ancienne-responsable-de-la-sncft-condamnee-a-5-ans-de-prison\/#breadcrumb\",\"itemListElement\":[{\"@type\":\"ListItem\",\"position\":1,\"name\":\"Accueil\",\"item\":\"https:\/\/kapitalis.com\/tunisie\/\"},{\"@type\":\"ListItem\",\"position\":2,\"name\":\"Une ancienne responsable de la SNCFT condamn\u00e9e \u00e0 5 ans de prison\"}]},{\"@type\":\"WebSite\",\"@id\":\"https:\/\/kapitalis.com\/tunisie\/#website\",\"url\":\"https:\/\/kapitalis.com\/tunisie\/\",\"name\":\"Kapitalis\",\"description\":\"L&#039;actualit\u00e9 en Tunisie et dans le monde\",\"publisher\":{\"@id\":\"https:\/\/kapitalis.com\/tunisie\/#organization\"},\"potentialAction\":[{\"@type\":\"SearchAction\",\"target\":{\"@type\":\"EntryPoint\",\"urlTemplate\":\"https:\/\/kapitalis.com\/tunisie\/?s={search_term_string}\"},\"query-input\":{\"@type\":\"PropertyValueSpecification\",\"valueRequired\":true,\"valueName\":\"search_term_string\"}}],\"inLanguage\":\"fr-FR\"},{\"@type\":\"Organization\",\"@id\":\"https:\/\/kapitalis.com\/tunisie\/#organization\",\"name\":\"Kapitalis\",\"url\":\"https:\/\/kapitalis.com\/tunisie\/\",\"logo\":{\"@type\":\"ImageObject\",\"inLanguage\":\"fr-FR\",\"@id\":\"https:\/\/kapitalis.com\/tunisie\/#\/schema\/logo\/image\/\",\"url\":\"https:\/\/kapitalis.com\/tunisie\/wp-content\/uploads\/2022\/05\/Kapitalis-big-size.png\",\"contentUrl\":\"https:\/\/kapitalis.com\/tunisie\/wp-content\/uploads\/2022\/05\/Kapitalis-big-size.png\",\"width\":5000,\"height\":1500,\"caption\":\"Kapitalis\"},\"image\":{\"@id\":\"https:\/\/kapitalis.com\/tunisie\/#\/schema\/logo\/image\/\"},\"sameAs\":[\"https:\/\/www.facebook.com\/KapitalisInfo\/\",\"https:\/\/x.com\/KapitalisInfo\",\"https:\/\/www.youtube.com\/channel\/UC-yDYrHyfFBWWZaOw3FPg9Q\"]},{\"@type\":\"Person\",\"@id\":\"https:\/\/kapitalis.com\/tunisie\/#\/schema\/person\/74bbde0154d49d790a92aaeac5bc01d5\",\"name\":\"Yusra NY\",\"url\":\"https:\/\/kapitalis.com\/tunisie\/author\/yuza_adam\/\"}]}<\/script>\n<!-- \/ Yoast SEO plugin. -->","yoast_head_json":{"title":"Une ancienne responsable de la SNCFT condamn\u00e9e \u00e0 5 ans de prison - Kapitalis","robots":{"index":"index","follow":"follow","max-snippet":"max-snippet:-1","max-image-preview":"max-image-preview:large","max-video-preview":"max-video-preview:-1"},"canonical":"https:\/\/kapitalis.com\/tunisie\/2026\/04\/29\/une-ancienne-responsable-de-la-sncft-condamnee-a-5-ans-de-prison\/","og_locale":"fr_FR","og_type":"article","og_title":"Une ancienne responsable de la SNCFT condamn\u00e9e \u00e0 5 ans de prison - Kapitalis","og_description":"La justice a rendu son verdict dans une affaire de malversations financi\u00e8res au sein de la Soci\u00e9t\u00e9 nationale des chemins de fer tunisiens (SNCFT), condamnant une ancienne cadre de l\u2019entreprise pour des faits de mauvaise gestion.","og_url":"https:\/\/kapitalis.com\/tunisie\/2026\/04\/29\/une-ancienne-responsable-de-la-sncft-condamnee-a-5-ans-de-prison\/","og_site_name":"Kapitalis","article_publisher":"https:\/\/www.facebook.com\/KapitalisInfo\/","article_published_time":"2026-04-29T21:07:30+00:00","article_modified_time":"2026-04-29T21:12:05+00:00","og_image":[{"width":1200,"height":630,"url":"https:\/\/kapitalis.com\/tunisie\/wp-content\/uploads\/2022\/05\/arrestation-femme.jpg","type":"image\/jpeg"}],"author":"Yusra NY","twitter_card":"summary_large_image","twitter_creator":"@KapitalisInfo","twitter_site":"@KapitalisInfo","twitter_misc":{"\u00c9crit par":"Yusra NY","Dur\u00e9e de lecture estim\u00e9e":"1 minute"},"schema":{"@context":"https:\/\/schema.org","@graph":[{"@type":"Article","@id":"https:\/\/kapitalis.com\/tunisie\/2026\/04\/29\/une-ancienne-responsable-de-la-sncft-condamnee-a-5-ans-de-prison\/#article","isPartOf":{"@id":"https:\/\/kapitalis.com\/tunisie\/2026\/04\/29\/une-ancienne-responsable-de-la-sncft-condamnee-a-5-ans-de-prison\/"},"author":{"name":"Yusra NY","@id":"https:\/\/kapitalis.com\/tunisie\/#\/schema\/person\/74bbde0154d49d790a92aaeac5bc01d5"},"headline":"Une ancienne responsable de la SNCFT condamn\u00e9e \u00e0 5 ans de prison","datePublished":"2026-04-29T21:07:30+00:00","dateModified":"2026-04-29T21:12:05+00:00","mainEntityOfPage":{"@id":"https:\/\/kapitalis.com\/tunisie\/2026\/04\/29\/une-ancienne-responsable-de-la-sncft-condamnee-a-5-ans-de-prison\/"},"wordCount":148,"commentCount":0,"publisher":{"@id":"https:\/\/kapitalis.com\/tunisie\/#organization"},"image":{"@id":"https:\/\/kapitalis.com\/tunisie\/2026\/04\/29\/une-ancienne-responsable-de-la-sncft-condamnee-a-5-ans-de-prison\/#primaryimage"},"thumbnailUrl":"https:\/\/kapitalis.com\/tunisie\/wp-content\/uploads\/2022\/05\/arrestation-femme.jpg","keywords":["malversations financi\u00e8res","prison","SNCFT","Tunisie"],"articleSection":["ECONOMIE","SOCIETE","Tunisie"],"inLanguage":"fr-FR","potentialAction":[{"@type":"CommentAction","name":"Comment","target":["https:\/\/kapitalis.com\/tunisie\/2026\/04\/29\/une-ancienne-responsable-de-la-sncft-condamnee-a-5-ans-de-prison\/#respond"]}]},{"@type":"WebPage","@id":"https:\/\/kapitalis.com\/tunisie\/2026\/04\/29\/une-ancienne-responsable-de-la-sncft-condamnee-a-5-ans-de-prison\/","url":"https:\/\/kapitalis.com\/tunisie\/2026\/04\/29\/une-ancienne-responsable-de-la-sncft-condamnee-a-5-ans-de-prison\/","name":"Une ancienne responsable de la SNCFT condamn\u00e9e \u00e0 5 ans de prison - Kapitalis","isPartOf":{"@id":"https:\/\/kapitalis.com\/tunisie\/#website"},"primaryImageOfPage":{"@id":"https:\/\/kapitalis.com\/tunisie\/2026\/04\/29\/une-ancienne-responsable-de-la-sncft-condamnee-a-5-ans-de-prison\/#primaryimage"},"image":{"@id":"https:\/\/kapitalis.com\/tunisie\/2026\/04\/29\/une-ancienne-responsable-de-la-sncft-condamnee-a-5-ans-de-prison\/#primaryimage"},"thumbnailUrl":"https:\/\/kapitalis.com\/tunisie\/wp-content\/uploads\/2022\/05\/arrestation-femme.jpg","datePublished":"2026-04-29T21:07:30+00:00","dateModified":"2026-04-29T21:12:05+00:00","breadcrumb":{"@id":"https:\/\/kapitalis.com\/tunisie\/2026\/04\/29\/une-ancienne-responsable-de-la-sncft-condamnee-a-5-ans-de-prison\/#breadcrumb"},"inLanguage":"fr-FR","potentialAction":[{"@type":"ReadAction","target":["https:\/\/kapitalis.com\/tunisie\/2026\/04\/29\/une-ancienne-responsable-de-la-sncft-condamnee-a-5-ans-de-prison\/"]}]},{"@type":"ImageObject","inLanguage":"fr-FR","@id":"https:\/\/kapitalis.com\/tunisie\/2026\/04\/29\/une-ancienne-responsable-de-la-sncft-condamnee-a-5-ans-de-prison\/#primaryimage","url":"https:\/\/kapitalis.com\/tunisie\/wp-content\/uploads\/2022\/05\/arrestation-femme.jpg","contentUrl":"https:\/\/kapitalis.com\/tunisie\/wp-content\/uploads\/2022\/05\/arrestation-femme.jpg","width":1200,"height":630},{"@type":"BreadcrumbList","@id":"https:\/\/kapitalis.com\/tunisie\/2026\/04\/29\/une-ancienne-responsable-de-la-sncft-condamnee-a-5-ans-de-prison\/#breadcrumb","itemListElement":[{"@type":"ListItem","position":1,"name":"Accueil","item":"https:\/\/kapitalis.com\/tunisie\/"},{"@type":"ListItem","position":2,"name":"Une ancienne responsable de la SNCFT condamn\u00e9e \u00e0 5 ans de prison"}]},{"@type":"WebSite","@id":"https:\/\/kapitalis.com\/tunisie\/#website","url":"https:\/\/kapitalis.com\/tunisie\/","name":"Kapitalis","description":"L&#039;actualit\u00e9 en Tunisie et dans le monde","publisher":{"@id":"https:\/\/kapitalis.com\/tunisie\/#organization"},"potentialAction":[{"@type":"SearchAction","target":{"@type":"EntryPoint","urlTemplate":"https:\/\/kapitalis.com\/tunisie\/?s={search_term_string}"},"query-input":{"@type":"PropertyValueSpecification","valueRequired":true,"valueName":"search_term_string"}}],"inLanguage":"fr-FR"},{"@type":"Organization","@id":"https:\/\/kapitalis.com\/tunisie\/#organization","name":"Kapitalis","url":"https:\/\/kapitalis.com\/tunisie\/","logo":{"@type":"ImageObject","inLanguage":"fr-FR","@id":"https:\/\/kapitalis.com\/tunisie\/#\/schema\/logo\/image\/","url":"https:\/\/kapitalis.com\/tunisie\/wp-content\/uploads\/2022\/05\/Kapitalis-big-size.png","contentUrl":"https:\/\/kapitalis.com\/tunisie\/wp-content\/uploads\/2022\/05\/Kapitalis-big-size.png","width":5000,"height":1500,"caption":"Kapitalis"},"image":{"@id":"https:\/\/kapitalis.com\/tunisie\/#\/schema\/logo\/image\/"},"sameAs":["https:\/\/www.facebook.com\/KapitalisInfo\/","https:\/\/x.com\/KapitalisInfo","https:\/\/www.youtube.com\/channel\/UC-yDYrHyfFBWWZaOw3FPg9Q"]},{"@type":"Person","@id":"https:\/\/kapitalis.com\/tunisie\/#\/schema\/person\/74bbde0154d49d790a92aaeac5bc01d5","name":"Yusra NY","url":"https:\/\/kapitalis.com\/tunisie\/author\/yuza_adam\/"}]}},"_links":{"self":[{"href":"https:\/\/kapitalis.com\/tunisie\/wp-json\/wp\/v2\/posts\/18709265","targetHints":{"allow":["GET"]}}],"collection":[{"href":"https:\/\/kapitalis.com\/tunisie\/wp-json\/wp\/v2\/posts"}],"about":[{"href":"https:\/\/kapitalis.com\/tunisie\/wp-json\/wp\/v2\/types\/post"}],"author":[{"embeddable":true,"href":"https:\/\/kapitalis.com\/tunisie\/wp-json\/wp\/v2\/users\/6"}],"replies":[{"embeddable":true,"href":"https:\/\/kapitalis.com\/tunisie\/wp-json\/wp\/v2\/comments?post=18709265"}],"version-history":[{"count":1,"href":"https:\/\/kapitalis.com\/tunisie\/wp-json\/wp\/v2\/posts\/18709265\/revisions"}],"predecessor-version":[{"id":18709280,"href":"https:\/\/kapitalis.com\/tunisie\/wp-json\/wp\/v2\/posts\/18709265\/revisions\/18709280"}],"wp:featuredmedia":[{"embeddable":true,"href":"https:\/\/kapitalis.com\/tunisie\/wp-json\/wp\/v2\/media\/783138"}],"wp:attachment":[{"href":"https:\/\/kapitalis.com\/tunisie\/wp-json\/wp\/v2\/media?parent=18709265"}],"wp:term":[{"taxonomy":"category","embeddable":true,"href":"https:\/\/kapitalis.com\/tunisie\/wp-json\/wp\/v2\/categories?post=18709265"},{"taxonomy":"post_tag","embeddable":true,"href":"https:\/\/kapitalis.com\/tunisie\/wp-json\/wp\/v2\/tags?post=18709265"}],"curies":[{"name":"wp","href":"https:\/\/api.w.org\/{rel}","templated":true}]}}