{"id":18709408,"date":"2026-04-29T22:50:12","date_gmt":"2026-04-29T21:50:12","guid":{"rendered":"https:\/\/kapitalis.com\/tunisie\/?p=18709408"},"modified":"2026-04-29T22:51:43","modified_gmt":"2026-04-29T21:51:43","slug":"deces-de-kais-mrad-icone-du-basket-tunisien-et-de-les-rades","status":"publish","type":"post","link":"https:\/\/kapitalis.com\/tunisie\/2026\/04\/29\/deces-de-kais-mrad-icone-du-basket-tunisien-et-de-les-rades\/","title":{"rendered":"D\u00e9c\u00e8s de Kais Mrad, ic\u00f4ne du basket tunisien et de l&rsquo;ES Rad\u00e8s"},"content":{"rendered":"\n<p><strong><em>Le monde du basket-ball tunisien est en deuil, suite au d\u00e9c\u00e8s de Kais Mrad, figure embl\u00e9matique de l&rsquo;\u00e9quipe nationale et l\u00e9gende de l\u2019\u00c9toile sportive radesienne (ESR).<\/em><\/strong><\/p>\n\n\n\n<!--more-->\n\n\n\n<p>La f\u00e9d\u00e9ration tunisienne de Basketball a rendu hommage \u00e0 Kais Mrad, qui au cours de sa carri\u00e8re a marqu\u00e9 la discipline par sa r\u00e9gularit\u00e9 et sa domination et qui n\u2019\u00e9tait pas seulement un athl\u00e8te de haut niveau, mais un homme de valeurs, int\u00e8gre et altruiste.<\/p>\n\n\n\n<p>C&rsquo;est avec l\u2019ESR, ce club de c\u0153ur qu&rsquo;il a \u00e9crit les plus belles pages de l\u2019histoire du basket-ball, devenant le pilier incontest\u00e9 du bastion rad\u00e9sien.<\/p>\n\n\n\n<p>\u00ab<em> International exemplaire, il a d\u00e9fendu les couleurs de la Tunisie avec une fiert\u00e9 et une d\u00e9termination qui forcent le respect sur tout le continent <\/em>\u00bb, rappellent ses amis et anciens co\u00e9quipiers.<\/p>\n\n\n\n<p>Et d&rsquo;ajouter : \u00ab <em>Son int\u00e9grit\u00e9 et sa courtoisie exemplaire faisaient l\u2019unanimit\u00e9 aupr\u00e8s de ses co\u00e9quipiers comme de ses adversaires. V\u00e9ritable mod\u00e8le pour les jeunes g\u00e9n\u00e9rations du centre de formation de Rad\u00e8s, il laisse derri\u00e8re lui l&rsquo;image d&rsquo;un immense champion, sur le terrain comme en dehors <\/em>\u00bb.<\/p>\n\n\n\n<p>Kais Mrad, qui restera dans les m\u00e9moires pour ses qualit\u00e9s humaines, son \u00e9thique de et sa discipline, a \u00e9t\u00e9 accompagn\u00e9 \u00e0 sa derni\u00e8re demeure, aujourd&rsquo;hui, au cimeti\u00e8re Errahma \u00e0 Rad\u00e8s.<\/p>\n\n\n\n<p class=\"has-text-align-right\"><strong>Y. N.<\/strong><\/p>\n","protected":false},"excerpt":{"rendered":"<p>Le monde du basket-ball tunisien est en deuil, suite au d\u00e9c\u00e8s de Kais Mrad, figure embl\u00e9matique de l&rsquo;\u00e9quipe nationale et l\u00e9gende de l\u2019\u00c9toile sportive radesienne (ESR).<\/p>\n","protected":false},"author":6,"featured_media":18709423,"comment_status":"open","ping_status":"open","sticky":false,"template":"","format":"standard","meta":{"footnotes":""},"categories":[998,999,2433],"tags":[128092,64263,128093,1872,62643],"class_list":["post-18709408","post","type-post","status-publish","format-standard","has-post-thumbnail","hentry","category-societe","category-sport","category-tunisie","tag-basket-tunisien","tag-deces","tag-kais-mrad","tag-rades","tag-tunisie"],"yoast_head":"<!-- This site is optimized with the Yoast SEO plugin v26.6 - https:\/\/yoast.com\/wordpress\/plugins\/seo\/ -->\n<title>D\u00e9c\u00e8s de Kais Mrad, ic\u00f4ne du basket tunisien et de l&#039;ES Rad\u00e8s - Kapitalis<\/title>\n<meta name=\"robots\" content=\"index, follow, max-snippet:-1, max-image-preview:large, max-video-preview:-1\" \/>\n<link rel=\"canonical\" href=\"https:\/\/kapitalis.com\/tunisie\/2026\/04\/29\/deces-de-kais-mrad-icone-du-basket-tunisien-et-de-les-rades\/\" \/>\n<meta property=\"og:locale\" content=\"fr_FR\" \/>\n<meta property=\"og:type\" content=\"article\" \/>\n<meta property=\"og:title\" content=\"D\u00e9c\u00e8s de Kais Mrad, ic\u00f4ne du basket tunisien et de l&#039;ES Rad\u00e8s - Kapitalis\" \/>\n<meta property=\"og:description\" content=\"Le monde du basket-ball tunisien est en deuil, suite au d\u00e9c\u00e8s de Kais Mrad, figure embl\u00e9matique de l&rsquo;\u00e9quipe nationale et l\u00e9gende de l\u2019\u00c9toile sportive radesienne (ESR).\" \/>\n<meta property=\"og:url\" content=\"https:\/\/kapitalis.com\/tunisie\/2026\/04\/29\/deces-de-kais-mrad-icone-du-basket-tunisien-et-de-les-rades\/\" \/>\n<meta property=\"og:site_name\" content=\"Kapitalis\" \/>\n<meta property=\"article:publisher\" content=\"https:\/\/www.facebook.com\/KapitalisInfo\/\" \/>\n<meta property=\"article:published_time\" content=\"2026-04-29T21:50:12+00:00\" \/>\n<meta property=\"article:modified_time\" content=\"2026-04-29T21:51:43+00:00\" \/>\n<meta property=\"og:image\" content=\"https:\/\/kapitalis.com\/tunisie\/wp-content\/uploads\/2026\/04\/Kais-Mrad.png\" \/>\n\t<meta property=\"og:image:width\" content=\"1091\" \/>\n\t<meta property=\"og:image:height\" content=\"613\" \/>\n\t<meta property=\"og:image:type\" content=\"image\/png\" \/>\n<meta name=\"author\" content=\"Yusra NY\" \/>\n<meta name=\"twitter:card\" content=\"summary_large_image\" \/>\n<meta name=\"twitter:creator\" content=\"@KapitalisInfo\" \/>\n<meta name=\"twitter:site\" content=\"@KapitalisInfo\" \/>\n<meta name=\"twitter:label1\" content=\"\u00c9crit par\" \/>\n\t<meta name=\"twitter:data1\" content=\"Yusra NY\" \/>\n\t<meta name=\"twitter:label2\" content=\"Dur\u00e9e de lecture estim\u00e9e\" \/>\n\t<meta name=\"twitter:data2\" content=\"2 minutes\" \/>\n<script type=\"application\/ld+json\" class=\"yoast-schema-graph\">{\"@context\":\"https:\/\/schema.org\",\"@graph\":[{\"@type\":\"Article\",\"@id\":\"https:\/\/kapitalis.com\/tunisie\/2026\/04\/29\/deces-de-kais-mrad-icone-du-basket-tunisien-et-de-les-rades\/#article\",\"isPartOf\":{\"@id\":\"https:\/\/kapitalis.com\/tunisie\/2026\/04\/29\/deces-de-kais-mrad-icone-du-basket-tunisien-et-de-les-rades\/\"},\"author\":{\"name\":\"Yusra NY\",\"@id\":\"https:\/\/kapitalis.com\/tunisie\/#\/schema\/person\/74bbde0154d49d790a92aaeac5bc01d5\"},\"headline\":\"D\u00e9c\u00e8s de Kais Mrad, ic\u00f4ne du basket tunisien et de l&rsquo;ES Rad\u00e8s\",\"datePublished\":\"2026-04-29T21:50:12+00:00\",\"dateModified\":\"2026-04-29T21:51:43+00:00\",\"mainEntityOfPage\":{\"@id\":\"https:\/\/kapitalis.com\/tunisie\/2026\/04\/29\/deces-de-kais-mrad-icone-du-basket-tunisien-et-de-les-rades\/\"},\"wordCount\":250,\"commentCount\":0,\"publisher\":{\"@id\":\"https:\/\/kapitalis.com\/tunisie\/#organization\"},\"image\":{\"@id\":\"https:\/\/kapitalis.com\/tunisie\/2026\/04\/29\/deces-de-kais-mrad-icone-du-basket-tunisien-et-de-les-rades\/#primaryimage\"},\"thumbnailUrl\":\"https:\/\/kapitalis.com\/tunisie\/wp-content\/uploads\/2026\/04\/Kais-Mrad.png\",\"keywords\":[\"basket tunisien\",\"d\u00e9c\u00e8s\",\"Kais Mrad\",\"Rad\u00e8s\",\"Tunisie\"],\"articleSection\":[\"SOCIETE\",\"SPORT\",\"Tunisie\"],\"inLanguage\":\"fr-FR\",\"potentialAction\":[{\"@type\":\"CommentAction\",\"name\":\"Comment\",\"target\":[\"https:\/\/kapitalis.com\/tunisie\/2026\/04\/29\/deces-de-kais-mrad-icone-du-basket-tunisien-et-de-les-rades\/#respond\"]}]},{\"@type\":\"WebPage\",\"@id\":\"https:\/\/kapitalis.com\/tunisie\/2026\/04\/29\/deces-de-kais-mrad-icone-du-basket-tunisien-et-de-les-rades\/\",\"url\":\"https:\/\/kapitalis.com\/tunisie\/2026\/04\/29\/deces-de-kais-mrad-icone-du-basket-tunisien-et-de-les-rades\/\",\"name\":\"D\u00e9c\u00e8s de Kais Mrad, ic\u00f4ne du basket tunisien et de l'ES Rad\u00e8s - Kapitalis\",\"isPartOf\":{\"@id\":\"https:\/\/kapitalis.com\/tunisie\/#website\"},\"primaryImageOfPage\":{\"@id\":\"https:\/\/kapitalis.com\/tunisie\/2026\/04\/29\/deces-de-kais-mrad-icone-du-basket-tunisien-et-de-les-rades\/#primaryimage\"},\"image\":{\"@id\":\"https:\/\/kapitalis.com\/tunisie\/2026\/04\/29\/deces-de-kais-mrad-icone-du-basket-tunisien-et-de-les-rades\/#primaryimage\"},\"thumbnailUrl\":\"https:\/\/kapitalis.com\/tunisie\/wp-content\/uploads\/2026\/04\/Kais-Mrad.png\",\"datePublished\":\"2026-04-29T21:50:12+00:00\",\"dateModified\":\"2026-04-29T21:51:43+00:00\",\"breadcrumb\":{\"@id\":\"https:\/\/kapitalis.com\/tunisie\/2026\/04\/29\/deces-de-kais-mrad-icone-du-basket-tunisien-et-de-les-rades\/#breadcrumb\"},\"inLanguage\":\"fr-FR\",\"potentialAction\":[{\"@type\":\"ReadAction\",\"target\":[\"https:\/\/kapitalis.com\/tunisie\/2026\/04\/29\/deces-de-kais-mrad-icone-du-basket-tunisien-et-de-les-rades\/\"]}]},{\"@type\":\"ImageObject\",\"inLanguage\":\"fr-FR\",\"@id\":\"https:\/\/kapitalis.com\/tunisie\/2026\/04\/29\/deces-de-kais-mrad-icone-du-basket-tunisien-et-de-les-rades\/#primaryimage\",\"url\":\"https:\/\/kapitalis.com\/tunisie\/wp-content\/uploads\/2026\/04\/Kais-Mrad.png\",\"contentUrl\":\"https:\/\/kapitalis.com\/tunisie\/wp-content\/uploads\/2026\/04\/Kais-Mrad.png\",\"width\":1091,\"height\":613},{\"@type\":\"BreadcrumbList\",\"@id\":\"https:\/\/kapitalis.com\/tunisie\/2026\/04\/29\/deces-de-kais-mrad-icone-du-basket-tunisien-et-de-les-rades\/#breadcrumb\",\"itemListElement\":[{\"@type\":\"ListItem\",\"position\":1,\"name\":\"Accueil\",\"item\":\"https:\/\/kapitalis.com\/tunisie\/\"},{\"@type\":\"ListItem\",\"position\":2,\"name\":\"D\u00e9c\u00e8s de Kais Mrad, ic\u00f4ne du basket tunisien et de l&rsquo;ES Rad\u00e8s\"}]},{\"@type\":\"WebSite\",\"@id\":\"https:\/\/kapitalis.com\/tunisie\/#website\",\"url\":\"https:\/\/kapitalis.com\/tunisie\/\",\"name\":\"Kapitalis\",\"description\":\"L&#039;actualit\u00e9 en Tunisie et dans le monde\",\"publisher\":{\"@id\":\"https:\/\/kapitalis.com\/tunisie\/#organization\"},\"potentialAction\":[{\"@type\":\"SearchAction\",\"target\":{\"@type\":\"EntryPoint\",\"urlTemplate\":\"https:\/\/kapitalis.com\/tunisie\/?s={search_term_string}\"},\"query-input\":{\"@type\":\"PropertyValueSpecification\",\"valueRequired\":true,\"valueName\":\"search_term_string\"}}],\"inLanguage\":\"fr-FR\"},{\"@type\":\"Organization\",\"@id\":\"https:\/\/kapitalis.com\/tunisie\/#organization\",\"name\":\"Kapitalis\",\"url\":\"https:\/\/kapitalis.com\/tunisie\/\",\"logo\":{\"@type\":\"ImageObject\",\"inLanguage\":\"fr-FR\",\"@id\":\"https:\/\/kapitalis.com\/tunisie\/#\/schema\/logo\/image\/\",\"url\":\"https:\/\/kapitalis.com\/tunisie\/wp-content\/uploads\/2022\/05\/Kapitalis-big-size.png\",\"contentUrl\":\"https:\/\/kapitalis.com\/tunisie\/wp-content\/uploads\/2022\/05\/Kapitalis-big-size.png\",\"width\":5000,\"height\":1500,\"caption\":\"Kapitalis\"},\"image\":{\"@id\":\"https:\/\/kapitalis.com\/tunisie\/#\/schema\/logo\/image\/\"},\"sameAs\":[\"https:\/\/www.facebook.com\/KapitalisInfo\/\",\"https:\/\/x.com\/KapitalisInfo\",\"https:\/\/www.youtube.com\/channel\/UC-yDYrHyfFBWWZaOw3FPg9Q\"]},{\"@type\":\"Person\",\"@id\":\"https:\/\/kapitalis.com\/tunisie\/#\/schema\/person\/74bbde0154d49d790a92aaeac5bc01d5\",\"name\":\"Yusra NY\",\"url\":\"https:\/\/kapitalis.com\/tunisie\/author\/yuza_adam\/\"}]}<\/script>\n<!-- \/ Yoast SEO plugin. -->","yoast_head_json":{"title":"D\u00e9c\u00e8s de Kais Mrad, ic\u00f4ne du basket tunisien et de l'ES Rad\u00e8s - Kapitalis","robots":{"index":"index","follow":"follow","max-snippet":"max-snippet:-1","max-image-preview":"max-image-preview:large","max-video-preview":"max-video-preview:-1"},"canonical":"https:\/\/kapitalis.com\/tunisie\/2026\/04\/29\/deces-de-kais-mrad-icone-du-basket-tunisien-et-de-les-rades\/","og_locale":"fr_FR","og_type":"article","og_title":"D\u00e9c\u00e8s de Kais Mrad, ic\u00f4ne du basket tunisien et de l'ES Rad\u00e8s - Kapitalis","og_description":"Le monde du basket-ball tunisien est en deuil, suite au d\u00e9c\u00e8s de Kais Mrad, figure embl\u00e9matique de l&rsquo;\u00e9quipe nationale et l\u00e9gende de l\u2019\u00c9toile sportive radesienne (ESR).","og_url":"https:\/\/kapitalis.com\/tunisie\/2026\/04\/29\/deces-de-kais-mrad-icone-du-basket-tunisien-et-de-les-rades\/","og_site_name":"Kapitalis","article_publisher":"https:\/\/www.facebook.com\/KapitalisInfo\/","article_published_time":"2026-04-29T21:50:12+00:00","article_modified_time":"2026-04-29T21:51:43+00:00","og_image":[{"width":1091,"height":613,"url":"https:\/\/kapitalis.com\/tunisie\/wp-content\/uploads\/2026\/04\/Kais-Mrad.png","type":"image\/png"}],"author":"Yusra NY","twitter_card":"summary_large_image","twitter_creator":"@KapitalisInfo","twitter_site":"@KapitalisInfo","twitter_misc":{"\u00c9crit par":"Yusra NY","Dur\u00e9e de lecture estim\u00e9e":"2 minutes"},"schema":{"@context":"https:\/\/schema.org","@graph":[{"@type":"Article","@id":"https:\/\/kapitalis.com\/tunisie\/2026\/04\/29\/deces-de-kais-mrad-icone-du-basket-tunisien-et-de-les-rades\/#article","isPartOf":{"@id":"https:\/\/kapitalis.com\/tunisie\/2026\/04\/29\/deces-de-kais-mrad-icone-du-basket-tunisien-et-de-les-rades\/"},"author":{"name":"Yusra NY","@id":"https:\/\/kapitalis.com\/tunisie\/#\/schema\/person\/74bbde0154d49d790a92aaeac5bc01d5"},"headline":"D\u00e9c\u00e8s de Kais Mrad, ic\u00f4ne du basket tunisien et de l&rsquo;ES Rad\u00e8s","datePublished":"2026-04-29T21:50:12+00:00","dateModified":"2026-04-29T21:51:43+00:00","mainEntityOfPage":{"@id":"https:\/\/kapitalis.com\/tunisie\/2026\/04\/29\/deces-de-kais-mrad-icone-du-basket-tunisien-et-de-les-rades\/"},"wordCount":250,"commentCount":0,"publisher":{"@id":"https:\/\/kapitalis.com\/tunisie\/#organization"},"image":{"@id":"https:\/\/kapitalis.com\/tunisie\/2026\/04\/29\/deces-de-kais-mrad-icone-du-basket-tunisien-et-de-les-rades\/#primaryimage"},"thumbnailUrl":"https:\/\/kapitalis.com\/tunisie\/wp-content\/uploads\/2026\/04\/Kais-Mrad.png","keywords":["basket tunisien","d\u00e9c\u00e8s","Kais Mrad","Rad\u00e8s","Tunisie"],"articleSection":["SOCIETE","SPORT","Tunisie"],"inLanguage":"fr-FR","potentialAction":[{"@type":"CommentAction","name":"Comment","target":["https:\/\/kapitalis.com\/tunisie\/2026\/04\/29\/deces-de-kais-mrad-icone-du-basket-tunisien-et-de-les-rades\/#respond"]}]},{"@type":"WebPage","@id":"https:\/\/kapitalis.com\/tunisie\/2026\/04\/29\/deces-de-kais-mrad-icone-du-basket-tunisien-et-de-les-rades\/","url":"https:\/\/kapitalis.com\/tunisie\/2026\/04\/29\/deces-de-kais-mrad-icone-du-basket-tunisien-et-de-les-rades\/","name":"D\u00e9c\u00e8s de Kais Mrad, ic\u00f4ne du basket tunisien et de l'ES Rad\u00e8s - Kapitalis","isPartOf":{"@id":"https:\/\/kapitalis.com\/tunisie\/#website"},"primaryImageOfPage":{"@id":"https:\/\/kapitalis.com\/tunisie\/2026\/04\/29\/deces-de-kais-mrad-icone-du-basket-tunisien-et-de-les-rades\/#primaryimage"},"image":{"@id":"https:\/\/kapitalis.com\/tunisie\/2026\/04\/29\/deces-de-kais-mrad-icone-du-basket-tunisien-et-de-les-rades\/#primaryimage"},"thumbnailUrl":"https:\/\/kapitalis.com\/tunisie\/wp-content\/uploads\/2026\/04\/Kais-Mrad.png","datePublished":"2026-04-29T21:50:12+00:00","dateModified":"2026-04-29T21:51:43+00:00","breadcrumb":{"@id":"https:\/\/kapitalis.com\/tunisie\/2026\/04\/29\/deces-de-kais-mrad-icone-du-basket-tunisien-et-de-les-rades\/#breadcrumb"},"inLanguage":"fr-FR","potentialAction":[{"@type":"ReadAction","target":["https:\/\/kapitalis.com\/tunisie\/2026\/04\/29\/deces-de-kais-mrad-icone-du-basket-tunisien-et-de-les-rades\/"]}]},{"@type":"ImageObject","inLanguage":"fr-FR","@id":"https:\/\/kapitalis.com\/tunisie\/2026\/04\/29\/deces-de-kais-mrad-icone-du-basket-tunisien-et-de-les-rades\/#primaryimage","url":"https:\/\/kapitalis.com\/tunisie\/wp-content\/uploads\/2026\/04\/Kais-Mrad.png","contentUrl":"https:\/\/kapitalis.com\/tunisie\/wp-content\/uploads\/2026\/04\/Kais-Mrad.png","width":1091,"height":613},{"@type":"BreadcrumbList","@id":"https:\/\/kapitalis.com\/tunisie\/2026\/04\/29\/deces-de-kais-mrad-icone-du-basket-tunisien-et-de-les-rades\/#breadcrumb","itemListElement":[{"@type":"ListItem","position":1,"name":"Accueil","item":"https:\/\/kapitalis.com\/tunisie\/"},{"@type":"ListItem","position":2,"name":"D\u00e9c\u00e8s de Kais Mrad, ic\u00f4ne du basket tunisien et de l&rsquo;ES Rad\u00e8s"}]},{"@type":"WebSite","@id":"https:\/\/kapitalis.com\/tunisie\/#website","url":"https:\/\/kapitalis.com\/tunisie\/","name":"Kapitalis","description":"L&#039;actualit\u00e9 en Tunisie et dans le monde","publisher":{"@id":"https:\/\/kapitalis.com\/tunisie\/#organization"},"potentialAction":[{"@type":"SearchAction","target":{"@type":"EntryPoint","urlTemplate":"https:\/\/kapitalis.com\/tunisie\/?s={search_term_string}"},"query-input":{"@type":"PropertyValueSpecification","valueRequired":true,"valueName":"search_term_string"}}],"inLanguage":"fr-FR"},{"@type":"Organization","@id":"https:\/\/kapitalis.com\/tunisie\/#organization","name":"Kapitalis","url":"https:\/\/kapitalis.com\/tunisie\/","logo":{"@type":"ImageObject","inLanguage":"fr-FR","@id":"https:\/\/kapitalis.com\/tunisie\/#\/schema\/logo\/image\/","url":"https:\/\/kapitalis.com\/tunisie\/wp-content\/uploads\/2022\/05\/Kapitalis-big-size.png","contentUrl":"https:\/\/kapitalis.com\/tunisie\/wp-content\/uploads\/2022\/05\/Kapitalis-big-size.png","width":5000,"height":1500,"caption":"Kapitalis"},"image":{"@id":"https:\/\/kapitalis.com\/tunisie\/#\/schema\/logo\/image\/"},"sameAs":["https:\/\/www.facebook.com\/KapitalisInfo\/","https:\/\/x.com\/KapitalisInfo","https:\/\/www.youtube.com\/channel\/UC-yDYrHyfFBWWZaOw3FPg9Q"]},{"@type":"Person","@id":"https:\/\/kapitalis.com\/tunisie\/#\/schema\/person\/74bbde0154d49d790a92aaeac5bc01d5","name":"Yusra NY","url":"https:\/\/kapitalis.com\/tunisie\/author\/yuza_adam\/"}]}},"_links":{"self":[{"href":"https:\/\/kapitalis.com\/tunisie\/wp-json\/wp\/v2\/posts\/18709408","targetHints":{"allow":["GET"]}}],"collection":[{"href":"https:\/\/kapitalis.com\/tunisie\/wp-json\/wp\/v2\/posts"}],"about":[{"href":"https:\/\/kapitalis.com\/tunisie\/wp-json\/wp\/v2\/types\/post"}],"author":[{"embeddable":true,"href":"https:\/\/kapitalis.com\/tunisie\/wp-json\/wp\/v2\/users\/6"}],"replies":[{"embeddable":true,"href":"https:\/\/kapitalis.com\/tunisie\/wp-json\/wp\/v2\/comments?post=18709408"}],"version-history":[{"count":2,"href":"https:\/\/kapitalis.com\/tunisie\/wp-json\/wp\/v2\/posts\/18709408\/revisions"}],"predecessor-version":[{"id":18709432,"href":"https:\/\/kapitalis.com\/tunisie\/wp-json\/wp\/v2\/posts\/18709408\/revisions\/18709432"}],"wp:featuredmedia":[{"embeddable":true,"href":"https:\/\/kapitalis.com\/tunisie\/wp-json\/wp\/v2\/media\/18709423"}],"wp:attachment":[{"href":"https:\/\/kapitalis.com\/tunisie\/wp-json\/wp\/v2\/media?parent=18709408"}],"wp:term":[{"taxonomy":"category","embeddable":true,"href":"https:\/\/kapitalis.com\/tunisie\/wp-json\/wp\/v2\/categories?post=18709408"},{"taxonomy":"post_tag","embeddable":true,"href":"https:\/\/kapitalis.com\/tunisie\/wp-json\/wp\/v2\/tags?post=18709408"}],"curies":[{"name":"wp","href":"https:\/\/api.w.org\/{rel}","templated":true}]}}