{"id":18709459,"date":"2026-04-29T23:04:24","date_gmt":"2026-04-29T22:04:24","guid":{"rendered":"https:\/\/kapitalis.com\/tunisie\/?p=18709459"},"modified":"2026-04-29T23:04:26","modified_gmt":"2026-04-29T22:04:26","slug":"ambassade-suisse-renforcer-lattractivite-et-les-investissements-en-tunisie","status":"publish","type":"post","link":"https:\/\/kapitalis.com\/tunisie\/2026\/04\/29\/ambassade-suisse-renforcer-lattractivite-et-les-investissements-en-tunisie\/","title":{"rendered":"Ambassade Suisse | Renforcer l\u2019attractivit\u00e9 et les investissements en Tunisie"},"content":{"rendered":"\n<p><strong><em>L\u2019ambassade de Suisse en Tunisie a particip\u00e9 hier \u00e0 une soir\u00e9e d\u2019\u00e9changes organis\u00e9e par la Chambre de Commerce et d&rsquo;Industrie Tuniso-Suisse.<\/em><\/strong><\/p>\n\n\n\n<!--more-->\n\n\n\n<p>\u00c0 cette occasion, l\u2019Ambassadeur de Suisse en Tunisie, Josef Renggli, a prononc\u00e9 le mot d\u2019ouverture, mettant en avant le dynamisme des relations \u00e9conomiques bilat\u00e9rales, la contribution significative des entreprises suisses actives en Tunisie, ainsi que l\u2019engagement de la Coop\u00e9ration suisse en Tunisie en faveur de l\u2019am\u00e9lioration du climat des affaires.<\/p>\n\n\n\n<p>Dans la continuit\u00e9 des discussions engag\u00e9es en 2025 sur les investissements directs \u00e9trangers, cette rencontre a permis d\u2019aborder les priorit\u00e9s de la diplomatie \u00e9conomique tunisienne, les r\u00e9formes en cours, notamment la loi sur l\u2019investissement, les leviers pour am\u00e9liorer le climat des affaires.<\/p>\n\n\n\n<p>Un moment d\u2019\u00e9change riche r\u00e9unissant partenaires institutionnels, acteurs \u00e9conomiques et experts, illustrant la solidit\u00e9 des relations entre la Suisse et la Tunisie.<\/p>\n\n\n\n<p class=\"has-text-align-right\"><strong>Communiqu\u00e9<\/strong><\/p>\n","protected":false},"excerpt":{"rendered":"<p>L\u2019ambassade de Suisse en Tunisie a particip\u00e9 hier \u00e0 une soir\u00e9e d\u2019\u00e9changes organis\u00e9e par la Chambre de Commerce et d&rsquo;Industrie Tuniso-Suisse.<\/p>\n","protected":false},"author":6,"featured_media":18709478,"comment_status":"open","ping_status":"open","sticky":false,"template":"","format":"standard","meta":{"footnotes":""},"categories":[994,997,2433],"tags":[103176,3624,94296,102426,62643],"class_list":["post-18709459","post","type-post","status-publish","format-standard","has-post-thumbnail","hentry","category-culture","category-politique","category-tunisie","tag-ambassade-de-suisse","tag-investissements","tag-josef-renggli","tag-relations-economiques","tag-tunisie"],"yoast_head":"<!-- This site is optimized with the Yoast SEO plugin v26.6 - https:\/\/yoast.com\/wordpress\/plugins\/seo\/ -->\n<title>Ambassade Suisse | Renforcer l\u2019attractivit\u00e9 et les investissements en Tunisie - Kapitalis<\/title>\n<meta name=\"robots\" content=\"index, follow, max-snippet:-1, max-image-preview:large, max-video-preview:-1\" \/>\n<link rel=\"canonical\" href=\"https:\/\/kapitalis.com\/tunisie\/2026\/04\/29\/ambassade-suisse-renforcer-lattractivite-et-les-investissements-en-tunisie\/\" \/>\n<meta property=\"og:locale\" content=\"fr_FR\" \/>\n<meta property=\"og:type\" content=\"article\" \/>\n<meta property=\"og:title\" content=\"Ambassade Suisse | Renforcer l\u2019attractivit\u00e9 et les investissements en Tunisie - Kapitalis\" \/>\n<meta property=\"og:description\" content=\"L\u2019ambassade de Suisse en Tunisie a particip\u00e9 hier \u00e0 une soir\u00e9e d\u2019\u00e9changes organis\u00e9e par la Chambre de Commerce et d&rsquo;Industrie Tuniso-Suisse.\" \/>\n<meta property=\"og:url\" content=\"https:\/\/kapitalis.com\/tunisie\/2026\/04\/29\/ambassade-suisse-renforcer-lattractivite-et-les-investissements-en-tunisie\/\" \/>\n<meta property=\"og:site_name\" content=\"Kapitalis\" \/>\n<meta property=\"article:publisher\" content=\"https:\/\/www.facebook.com\/KapitalisInfo\/\" \/>\n<meta property=\"article:published_time\" content=\"2026-04-29T22:04:24+00:00\" \/>\n<meta property=\"article:modified_time\" content=\"2026-04-29T22:04:26+00:00\" \/>\n<meta property=\"og:image\" content=\"https:\/\/kapitalis.com\/tunisie\/wp-content\/uploads\/2026\/04\/Eco-Tunisie-Suisse-1024x683.png\" \/>\n\t<meta property=\"og:image:width\" content=\"1024\" \/>\n\t<meta property=\"og:image:height\" content=\"683\" \/>\n\t<meta property=\"og:image:type\" content=\"image\/png\" \/>\n<meta name=\"author\" content=\"Yusra NY\" \/>\n<meta name=\"twitter:card\" content=\"summary_large_image\" \/>\n<meta name=\"twitter:creator\" content=\"@KapitalisInfo\" \/>\n<meta name=\"twitter:site\" content=\"@KapitalisInfo\" \/>\n<meta name=\"twitter:label1\" content=\"\u00c9crit par\" \/>\n\t<meta name=\"twitter:data1\" content=\"Yusra NY\" \/>\n\t<meta name=\"twitter:label2\" content=\"Dur\u00e9e de lecture estim\u00e9e\" \/>\n\t<meta name=\"twitter:data2\" content=\"1 minute\" \/>\n<script type=\"application\/ld+json\" class=\"yoast-schema-graph\">{\"@context\":\"https:\/\/schema.org\",\"@graph\":[{\"@type\":\"Article\",\"@id\":\"https:\/\/kapitalis.com\/tunisie\/2026\/04\/29\/ambassade-suisse-renforcer-lattractivite-et-les-investissements-en-tunisie\/#article\",\"isPartOf\":{\"@id\":\"https:\/\/kapitalis.com\/tunisie\/2026\/04\/29\/ambassade-suisse-renforcer-lattractivite-et-les-investissements-en-tunisie\/\"},\"author\":{\"name\":\"Yusra NY\",\"@id\":\"https:\/\/kapitalis.com\/tunisie\/#\/schema\/person\/74bbde0154d49d790a92aaeac5bc01d5\"},\"headline\":\"Ambassade Suisse | Renforcer l\u2019attractivit\u00e9 et les investissements en Tunisie\",\"datePublished\":\"2026-04-29T22:04:24+00:00\",\"dateModified\":\"2026-04-29T22:04:26+00:00\",\"mainEntityOfPage\":{\"@id\":\"https:\/\/kapitalis.com\/tunisie\/2026\/04\/29\/ambassade-suisse-renforcer-lattractivite-et-les-investissements-en-tunisie\/\"},\"wordCount\":162,\"commentCount\":0,\"publisher\":{\"@id\":\"https:\/\/kapitalis.com\/tunisie\/#organization\"},\"image\":{\"@id\":\"https:\/\/kapitalis.com\/tunisie\/2026\/04\/29\/ambassade-suisse-renforcer-lattractivite-et-les-investissements-en-tunisie\/#primaryimage\"},\"thumbnailUrl\":\"https:\/\/kapitalis.com\/tunisie\/wp-content\/uploads\/2026\/04\/Eco-Tunisie-Suisse.png\",\"keywords\":[\"Ambassade de Suisse\",\"investissements\",\"Josef Renggli\",\"relations \u00e9conomiques\",\"Tunisie\"],\"articleSection\":[\"CULTURE\",\"POLITIQUE\",\"Tunisie\"],\"inLanguage\":\"fr-FR\",\"potentialAction\":[{\"@type\":\"CommentAction\",\"name\":\"Comment\",\"target\":[\"https:\/\/kapitalis.com\/tunisie\/2026\/04\/29\/ambassade-suisse-renforcer-lattractivite-et-les-investissements-en-tunisie\/#respond\"]}]},{\"@type\":\"WebPage\",\"@id\":\"https:\/\/kapitalis.com\/tunisie\/2026\/04\/29\/ambassade-suisse-renforcer-lattractivite-et-les-investissements-en-tunisie\/\",\"url\":\"https:\/\/kapitalis.com\/tunisie\/2026\/04\/29\/ambassade-suisse-renforcer-lattractivite-et-les-investissements-en-tunisie\/\",\"name\":\"Ambassade Suisse | Renforcer l\u2019attractivit\u00e9 et les investissements en Tunisie - Kapitalis\",\"isPartOf\":{\"@id\":\"https:\/\/kapitalis.com\/tunisie\/#website\"},\"primaryImageOfPage\":{\"@id\":\"https:\/\/kapitalis.com\/tunisie\/2026\/04\/29\/ambassade-suisse-renforcer-lattractivite-et-les-investissements-en-tunisie\/#primaryimage\"},\"image\":{\"@id\":\"https:\/\/kapitalis.com\/tunisie\/2026\/04\/29\/ambassade-suisse-renforcer-lattractivite-et-les-investissements-en-tunisie\/#primaryimage\"},\"thumbnailUrl\":\"https:\/\/kapitalis.com\/tunisie\/wp-content\/uploads\/2026\/04\/Eco-Tunisie-Suisse.png\",\"datePublished\":\"2026-04-29T22:04:24+00:00\",\"dateModified\":\"2026-04-29T22:04:26+00:00\",\"breadcrumb\":{\"@id\":\"https:\/\/kapitalis.com\/tunisie\/2026\/04\/29\/ambassade-suisse-renforcer-lattractivite-et-les-investissements-en-tunisie\/#breadcrumb\"},\"inLanguage\":\"fr-FR\",\"potentialAction\":[{\"@type\":\"ReadAction\",\"target\":[\"https:\/\/kapitalis.com\/tunisie\/2026\/04\/29\/ambassade-suisse-renforcer-lattractivite-et-les-investissements-en-tunisie\/\"]}]},{\"@type\":\"ImageObject\",\"inLanguage\":\"fr-FR\",\"@id\":\"https:\/\/kapitalis.com\/tunisie\/2026\/04\/29\/ambassade-suisse-renforcer-lattractivite-et-les-investissements-en-tunisie\/#primaryimage\",\"url\":\"https:\/\/kapitalis.com\/tunisie\/wp-content\/uploads\/2026\/04\/Eco-Tunisie-Suisse.png\",\"contentUrl\":\"https:\/\/kapitalis.com\/tunisie\/wp-content\/uploads\/2026\/04\/Eco-Tunisie-Suisse.png\",\"width\":2048,\"height\":1365},{\"@type\":\"BreadcrumbList\",\"@id\":\"https:\/\/kapitalis.com\/tunisie\/2026\/04\/29\/ambassade-suisse-renforcer-lattractivite-et-les-investissements-en-tunisie\/#breadcrumb\",\"itemListElement\":[{\"@type\":\"ListItem\",\"position\":1,\"name\":\"Accueil\",\"item\":\"https:\/\/kapitalis.com\/tunisie\/\"},{\"@type\":\"ListItem\",\"position\":2,\"name\":\"Ambassade Suisse | Renforcer l\u2019attractivit\u00e9 et les investissements en Tunisie\"}]},{\"@type\":\"WebSite\",\"@id\":\"https:\/\/kapitalis.com\/tunisie\/#website\",\"url\":\"https:\/\/kapitalis.com\/tunisie\/\",\"name\":\"Kapitalis\",\"description\":\"L&#039;actualit\u00e9 en Tunisie et dans le monde\",\"publisher\":{\"@id\":\"https:\/\/kapitalis.com\/tunisie\/#organization\"},\"potentialAction\":[{\"@type\":\"SearchAction\",\"target\":{\"@type\":\"EntryPoint\",\"urlTemplate\":\"https:\/\/kapitalis.com\/tunisie\/?s={search_term_string}\"},\"query-input\":{\"@type\":\"PropertyValueSpecification\",\"valueRequired\":true,\"valueName\":\"search_term_string\"}}],\"inLanguage\":\"fr-FR\"},{\"@type\":\"Organization\",\"@id\":\"https:\/\/kapitalis.com\/tunisie\/#organization\",\"name\":\"Kapitalis\",\"url\":\"https:\/\/kapitalis.com\/tunisie\/\",\"logo\":{\"@type\":\"ImageObject\",\"inLanguage\":\"fr-FR\",\"@id\":\"https:\/\/kapitalis.com\/tunisie\/#\/schema\/logo\/image\/\",\"url\":\"https:\/\/kapitalis.com\/tunisie\/wp-content\/uploads\/2022\/05\/Kapitalis-big-size.png\",\"contentUrl\":\"https:\/\/kapitalis.com\/tunisie\/wp-content\/uploads\/2022\/05\/Kapitalis-big-size.png\",\"width\":5000,\"height\":1500,\"caption\":\"Kapitalis\"},\"image\":{\"@id\":\"https:\/\/kapitalis.com\/tunisie\/#\/schema\/logo\/image\/\"},\"sameAs\":[\"https:\/\/www.facebook.com\/KapitalisInfo\/\",\"https:\/\/x.com\/KapitalisInfo\",\"https:\/\/www.youtube.com\/channel\/UC-yDYrHyfFBWWZaOw3FPg9Q\"]},{\"@type\":\"Person\",\"@id\":\"https:\/\/kapitalis.com\/tunisie\/#\/schema\/person\/74bbde0154d49d790a92aaeac5bc01d5\",\"name\":\"Yusra NY\",\"url\":\"https:\/\/kapitalis.com\/tunisie\/author\/yuza_adam\/\"}]}<\/script>\n<!-- \/ Yoast SEO plugin. -->","yoast_head_json":{"title":"Ambassade Suisse | Renforcer l\u2019attractivit\u00e9 et les investissements en Tunisie - Kapitalis","robots":{"index":"index","follow":"follow","max-snippet":"max-snippet:-1","max-image-preview":"max-image-preview:large","max-video-preview":"max-video-preview:-1"},"canonical":"https:\/\/kapitalis.com\/tunisie\/2026\/04\/29\/ambassade-suisse-renforcer-lattractivite-et-les-investissements-en-tunisie\/","og_locale":"fr_FR","og_type":"article","og_title":"Ambassade Suisse | Renforcer l\u2019attractivit\u00e9 et les investissements en Tunisie - Kapitalis","og_description":"L\u2019ambassade de Suisse en Tunisie a particip\u00e9 hier \u00e0 une soir\u00e9e d\u2019\u00e9changes organis\u00e9e par la Chambre de Commerce et d&rsquo;Industrie Tuniso-Suisse.","og_url":"https:\/\/kapitalis.com\/tunisie\/2026\/04\/29\/ambassade-suisse-renforcer-lattractivite-et-les-investissements-en-tunisie\/","og_site_name":"Kapitalis","article_publisher":"https:\/\/www.facebook.com\/KapitalisInfo\/","article_published_time":"2026-04-29T22:04:24+00:00","article_modified_time":"2026-04-29T22:04:26+00:00","og_image":[{"width":1024,"height":683,"url":"https:\/\/kapitalis.com\/tunisie\/wp-content\/uploads\/2026\/04\/Eco-Tunisie-Suisse-1024x683.png","type":"image\/png"}],"author":"Yusra NY","twitter_card":"summary_large_image","twitter_creator":"@KapitalisInfo","twitter_site":"@KapitalisInfo","twitter_misc":{"\u00c9crit par":"Yusra NY","Dur\u00e9e de lecture estim\u00e9e":"1 minute"},"schema":{"@context":"https:\/\/schema.org","@graph":[{"@type":"Article","@id":"https:\/\/kapitalis.com\/tunisie\/2026\/04\/29\/ambassade-suisse-renforcer-lattractivite-et-les-investissements-en-tunisie\/#article","isPartOf":{"@id":"https:\/\/kapitalis.com\/tunisie\/2026\/04\/29\/ambassade-suisse-renforcer-lattractivite-et-les-investissements-en-tunisie\/"},"author":{"name":"Yusra NY","@id":"https:\/\/kapitalis.com\/tunisie\/#\/schema\/person\/74bbde0154d49d790a92aaeac5bc01d5"},"headline":"Ambassade Suisse | Renforcer l\u2019attractivit\u00e9 et les investissements en Tunisie","datePublished":"2026-04-29T22:04:24+00:00","dateModified":"2026-04-29T22:04:26+00:00","mainEntityOfPage":{"@id":"https:\/\/kapitalis.com\/tunisie\/2026\/04\/29\/ambassade-suisse-renforcer-lattractivite-et-les-investissements-en-tunisie\/"},"wordCount":162,"commentCount":0,"publisher":{"@id":"https:\/\/kapitalis.com\/tunisie\/#organization"},"image":{"@id":"https:\/\/kapitalis.com\/tunisie\/2026\/04\/29\/ambassade-suisse-renforcer-lattractivite-et-les-investissements-en-tunisie\/#primaryimage"},"thumbnailUrl":"https:\/\/kapitalis.com\/tunisie\/wp-content\/uploads\/2026\/04\/Eco-Tunisie-Suisse.png","keywords":["Ambassade de Suisse","investissements","Josef Renggli","relations \u00e9conomiques","Tunisie"],"articleSection":["CULTURE","POLITIQUE","Tunisie"],"inLanguage":"fr-FR","potentialAction":[{"@type":"CommentAction","name":"Comment","target":["https:\/\/kapitalis.com\/tunisie\/2026\/04\/29\/ambassade-suisse-renforcer-lattractivite-et-les-investissements-en-tunisie\/#respond"]}]},{"@type":"WebPage","@id":"https:\/\/kapitalis.com\/tunisie\/2026\/04\/29\/ambassade-suisse-renforcer-lattractivite-et-les-investissements-en-tunisie\/","url":"https:\/\/kapitalis.com\/tunisie\/2026\/04\/29\/ambassade-suisse-renforcer-lattractivite-et-les-investissements-en-tunisie\/","name":"Ambassade Suisse | Renforcer l\u2019attractivit\u00e9 et les investissements en Tunisie - Kapitalis","isPartOf":{"@id":"https:\/\/kapitalis.com\/tunisie\/#website"},"primaryImageOfPage":{"@id":"https:\/\/kapitalis.com\/tunisie\/2026\/04\/29\/ambassade-suisse-renforcer-lattractivite-et-les-investissements-en-tunisie\/#primaryimage"},"image":{"@id":"https:\/\/kapitalis.com\/tunisie\/2026\/04\/29\/ambassade-suisse-renforcer-lattractivite-et-les-investissements-en-tunisie\/#primaryimage"},"thumbnailUrl":"https:\/\/kapitalis.com\/tunisie\/wp-content\/uploads\/2026\/04\/Eco-Tunisie-Suisse.png","datePublished":"2026-04-29T22:04:24+00:00","dateModified":"2026-04-29T22:04:26+00:00","breadcrumb":{"@id":"https:\/\/kapitalis.com\/tunisie\/2026\/04\/29\/ambassade-suisse-renforcer-lattractivite-et-les-investissements-en-tunisie\/#breadcrumb"},"inLanguage":"fr-FR","potentialAction":[{"@type":"ReadAction","target":["https:\/\/kapitalis.com\/tunisie\/2026\/04\/29\/ambassade-suisse-renforcer-lattractivite-et-les-investissements-en-tunisie\/"]}]},{"@type":"ImageObject","inLanguage":"fr-FR","@id":"https:\/\/kapitalis.com\/tunisie\/2026\/04\/29\/ambassade-suisse-renforcer-lattractivite-et-les-investissements-en-tunisie\/#primaryimage","url":"https:\/\/kapitalis.com\/tunisie\/wp-content\/uploads\/2026\/04\/Eco-Tunisie-Suisse.png","contentUrl":"https:\/\/kapitalis.com\/tunisie\/wp-content\/uploads\/2026\/04\/Eco-Tunisie-Suisse.png","width":2048,"height":1365},{"@type":"BreadcrumbList","@id":"https:\/\/kapitalis.com\/tunisie\/2026\/04\/29\/ambassade-suisse-renforcer-lattractivite-et-les-investissements-en-tunisie\/#breadcrumb","itemListElement":[{"@type":"ListItem","position":1,"name":"Accueil","item":"https:\/\/kapitalis.com\/tunisie\/"},{"@type":"ListItem","position":2,"name":"Ambassade Suisse | Renforcer l\u2019attractivit\u00e9 et les investissements en Tunisie"}]},{"@type":"WebSite","@id":"https:\/\/kapitalis.com\/tunisie\/#website","url":"https:\/\/kapitalis.com\/tunisie\/","name":"Kapitalis","description":"L&#039;actualit\u00e9 en Tunisie et dans le monde","publisher":{"@id":"https:\/\/kapitalis.com\/tunisie\/#organization"},"potentialAction":[{"@type":"SearchAction","target":{"@type":"EntryPoint","urlTemplate":"https:\/\/kapitalis.com\/tunisie\/?s={search_term_string}"},"query-input":{"@type":"PropertyValueSpecification","valueRequired":true,"valueName":"search_term_string"}}],"inLanguage":"fr-FR"},{"@type":"Organization","@id":"https:\/\/kapitalis.com\/tunisie\/#organization","name":"Kapitalis","url":"https:\/\/kapitalis.com\/tunisie\/","logo":{"@type":"ImageObject","inLanguage":"fr-FR","@id":"https:\/\/kapitalis.com\/tunisie\/#\/schema\/logo\/image\/","url":"https:\/\/kapitalis.com\/tunisie\/wp-content\/uploads\/2022\/05\/Kapitalis-big-size.png","contentUrl":"https:\/\/kapitalis.com\/tunisie\/wp-content\/uploads\/2022\/05\/Kapitalis-big-size.png","width":5000,"height":1500,"caption":"Kapitalis"},"image":{"@id":"https:\/\/kapitalis.com\/tunisie\/#\/schema\/logo\/image\/"},"sameAs":["https:\/\/www.facebook.com\/KapitalisInfo\/","https:\/\/x.com\/KapitalisInfo","https:\/\/www.youtube.com\/channel\/UC-yDYrHyfFBWWZaOw3FPg9Q"]},{"@type":"Person","@id":"https:\/\/kapitalis.com\/tunisie\/#\/schema\/person\/74bbde0154d49d790a92aaeac5bc01d5","name":"Yusra NY","url":"https:\/\/kapitalis.com\/tunisie\/author\/yuza_adam\/"}]}},"_links":{"self":[{"href":"https:\/\/kapitalis.com\/tunisie\/wp-json\/wp\/v2\/posts\/18709459","targetHints":{"allow":["GET"]}}],"collection":[{"href":"https:\/\/kapitalis.com\/tunisie\/wp-json\/wp\/v2\/posts"}],"about":[{"href":"https:\/\/kapitalis.com\/tunisie\/wp-json\/wp\/v2\/types\/post"}],"author":[{"embeddable":true,"href":"https:\/\/kapitalis.com\/tunisie\/wp-json\/wp\/v2\/users\/6"}],"replies":[{"embeddable":true,"href":"https:\/\/kapitalis.com\/tunisie\/wp-json\/wp\/v2\/comments?post=18709459"}],"version-history":[{"count":1,"href":"https:\/\/kapitalis.com\/tunisie\/wp-json\/wp\/v2\/posts\/18709459\/revisions"}],"predecessor-version":[{"id":18709481,"href":"https:\/\/kapitalis.com\/tunisie\/wp-json\/wp\/v2\/posts\/18709459\/revisions\/18709481"}],"wp:featuredmedia":[{"embeddable":true,"href":"https:\/\/kapitalis.com\/tunisie\/wp-json\/wp\/v2\/media\/18709478"}],"wp:attachment":[{"href":"https:\/\/kapitalis.com\/tunisie\/wp-json\/wp\/v2\/media?parent=18709459"}],"wp:term":[{"taxonomy":"category","embeddable":true,"href":"https:\/\/kapitalis.com\/tunisie\/wp-json\/wp\/v2\/categories?post=18709459"},{"taxonomy":"post_tag","embeddable":true,"href":"https:\/\/kapitalis.com\/tunisie\/wp-json\/wp\/v2\/tags?post=18709459"}],"curies":[{"name":"wp","href":"https:\/\/api.w.org\/{rel}","templated":true}]}}