{"id":18710572,"date":"2026-04-30T08:39:50","date_gmt":"2026-04-30T07:39:50","guid":{"rendered":"https:\/\/kapitalis.com\/tunisie\/?p=18710572"},"modified":"2026-04-30T09:05:42","modified_gmt":"2026-04-30T08:05:42","slug":"classement-de-la-liberte-de-la-presse-la-tunisie-recule-de-8-place","status":"publish","type":"post","link":"https:\/\/kapitalis.com\/tunisie\/2026\/04\/30\/classement-de-la-liberte-de-la-presse-la-tunisie-recule-de-8-place\/","title":{"rendered":"Classement de la libert\u00e9 de la presse | La Tunisie recule de 8 places \u00a0"},"content":{"rendered":"\n<p><strong><em>Reporters Sans Fronti\u00e8res (RSF) a d\u00e9voil\u00e9 le <a href=\"https:\/\/rsf.org\/fr\/pays\/tunisie\" target=\"_blank\" rel=\"noreferrer noopener\">Classement de la libert\u00e9 de la presse 2026<\/a>. \u00abPlus de la moiti\u00e9 des pays du monde sont en situation \u201cdifficile\u201d ou \u201ctr\u00e8s grave\u201d : c\u2019est un constat sans pr\u00e9c\u00e9dent dans l\u2019histoire\u00bb de ce classement. La Tunisie, pour sa part, a recul\u00e9 de 8 places en un an, passant du 129<sup>e<\/sup> rang en 2025 (avec une moyenne de 43,48%) au 137<sup>e<\/sup> (40,43%). Quand on sait que la Tunisie \u00e9tait class\u00e9e 72e en 2020, on mesure le recul enregistr\u00e9 en six ans (62 places). Nous reproduisons ci-dessous la fiche Tunisie de ce rapport.<\/em><\/strong><\/p>\n\n\n\n<!--more-->\n\n\n\n<p>Depuis la r\u00e9volution de 2011 qui a pouss\u00e9 le pr\u00e9sident Ben Ali hors du pays, la Tunisie conna\u00eet une transition d\u00e9mocratique \u00e0 rebondissements. Le coup de force du pr\u00e9sident Ka\u00efs Sa\u00efed, en juillet 2021, fait craindre un recul de la libert\u00e9 de la presse.&nbsp;<\/p>\n\n\n\n<p><strong>Paysage m\u00e9diatique<\/strong><\/p>\n\n\n\n<p>Depuis la r\u00e9volution de 2011, le paysage m\u00e9diatique&nbsp;s&rsquo;est diversifi\u00e9, mais la crise \u00e9conomique a fragilis\u00e9 l&rsquo;ind\u00e9pendance de nombreuses r\u00e9dactions, soumises aux int\u00e9r\u00eats politiques et&nbsp;\u00e9conomiques.<\/p>\n\n\n\n<p>Les partisans du pr\u00e9sident Ka\u00efs Sa\u00efed ont pris une place pr\u00e9pond\u00e9rante dans les m\u00e9dias, imposant un discours&nbsp;en sa faveur.&nbsp;<\/p>\n\n\n\n<p>Les pressions sur la presse critique pour imposer le r\u00e9cit officiel sont de plus en plus fortes, et prennent notamment la forme de la suspension des m\u00e9dias.<\/p>\n\n\n\n<p>Si la couverture des sujets politiques s\u2019est consid\u00e9rablement r\u00e9duite dans quasiment tous les m\u00e9dias, la radio&nbsp;<em>Diwan FM<\/em>&nbsp;arrive \u00e0 maintenir un traitement pluraliste et critique de l&rsquo;actualit\u00e9 politique. Les podcasts et d\u00e9bats d\u2019<em>Alqatiba<\/em>, de&nbsp;<em>Rachma<\/em>&nbsp;et de&nbsp;<em>Nawaat<\/em>&nbsp;gagnent en audience et le site d\u2019information francophone&nbsp;<em>Business News&nbsp;<\/em>s&rsquo;impose aussi comme alternative dans un espace m\u00e9diatique de plus en plus contraint. La t\u00e9l\u00e9vision est le m\u00e9dia le plus&nbsp;suivi devant la radio, dont la principale est&nbsp;<em>Mosa\u00efque FM<\/em>. La presse en ligne est tr\u00e8s suivie, alors que la presse papier est en perte de vitesse.&nbsp;<\/p>\n\n\n\n<p><strong>Contexte politique<\/strong><\/p>\n\n\n\n<p>La crise politique qui secoue le pays et l\u2019engagement ambigu de Ka\u00efs Sa\u00efed pour la libert\u00e9 de la presse ont d\u2019importantes r\u00e9percussions. Depuis son arriv\u00e9e au pouvoir en octobre 2019, le palais de Carthage ne re\u00e7oit plus les journalistes malgr\u00e9 les protestations du Syndicat national des journalistes tunisiens (SNJT). Depuis 2021, le paysage m\u00e9diatique est domin\u00e9 par un discours uniforme favorable au pr\u00e9sident, malgr\u00e9 la r\u00e9sistance de certains m\u00e9dias. Le pr\u00e9sident de la R\u00e9publique est all\u00e9 jusqu\u2019\u00e0 convoquer, en 2024 et en 2025, les m\u00e9dias publics pour les inciter \u00e0 participer \u00e0 ce qu\u2019il a appel\u00e9&nbsp;<em>\u00abla guerre de lib\u00e9ration nationale\u00bb<\/em>, en se concentrant sur les questions citoyennes selon sa propre vision.<\/p>\n\n\n\n<p><strong>Cadre l\u00e9gal<\/strong><\/p>\n\n\n\n<p>La nouvelle constitution&nbsp;de juillet 2022, dotant le pr\u00e9sident de larges pouvoirs l\u00e9gislatifs au d\u00e9triment des contre-pouvoirs qui existaient jusque-l\u00e0, a mis en p\u00e9ril la s\u00e9paration des pouvoirs et fait peser une lourde menace sur les acquis de la r\u00e9volution tunisienne en mati\u00e8re de libert\u00e9 de la presse. L\u2019affaiblissement de l\u2019ind\u00e9pendance du pouvoir judiciaire fait craindre que son interpr\u00e9tation des restrictions en serve des int\u00e9r\u00eats politiques sous couvert de pr\u00e9tendus imp\u00e9ratifs s\u00e9curitaires.<\/p>\n\n\n\n<p>En outre, la justice tunisienne continue de se baser sur des textes h\u00e9rit\u00e9s de l\u2019\u00e8re Ben Ali, au lieu de s\u2019appuyer sur les d\u00e9crets-lois de 2011 plus favorables \u00e0 la libert\u00e9 de la&nbsp;presse.<\/p>\n\n\n\n<p>Dans&nbsp;ce contexte de&nbsp;<a href=\"https:\/\/rsf.org\/fr\/un-rapport-%C3%A0-point-nomm%C3%A9-journalisme-en-tunisie-lheure-de-v%C3%A9rit%C3%A9\" target=\"_blank\" rel=\"noreferrer noopener\">d\u00e9t\u00e9rioration<\/a>&nbsp;de l\u2019environnement politique, le&nbsp;<a href=\"https:\/\/rsf.org\/fr\/un-d%C3%A9cret-loi-sans-pr%C3%A9c%C3%A9dent-criminalisant-les-rumeurs-et-fausses-nouvelles-menace-l-exercice-du\" target=\"_blank\" rel=\"noreferrer noopener\">d\u00e9cret-loi 54<\/a>&nbsp;de septembre 2022, cens\u00e9 lutter contre les <em>\u00abfausses informations\u00bb<\/em>, repr\u00e9sente \u00e9galement une nouvelle menace pour la libert\u00e9 de la presse dans le pays.&nbsp;<\/p>\n\n\n\n<p><strong>Contexte \u00e9conomique<\/strong><\/p>\n\n\n\n<p>Les m\u00e9dias sont tributaires des annonceurs priv\u00e9s, qui d\u00e9tiennent parfois des parts dans leur capital et peuvent \u00eatre proches du milieu politique. Ce contexte menace l\u2019ind\u00e9pendance \u00e9ditoriale des r\u00e9dactions. Leurs revenus publicitaires d\u00e9pendent \u00e9galement de leur audience, dont le calcul est peu encadr\u00e9 et fortement contest\u00e9.<\/p>\n\n\n\n<p>Enfin,&nbsp;le mod\u00e8le \u00e9conomique des m\u00e9dias \u00e9crits, bas\u00e9 sur les abonnements, la publicit\u00e9 et les ventes, est en perte de vitesse en raison de la baisse de ces derni\u00e8res et du r\u00e9tr\u00e9cissement du march\u00e9 publicitaire. L\u2019absence de solutions \u00e9conomiques durables a \u00e9galement pouss\u00e9 plusieurs cha\u00eenes priv\u00e9es \u00e0 se r\u00e9signer \u00e0 diffuser un contenu largement consacr\u00e9 \u00e0 la vente, au d\u00e9triment de l\u2019information.&nbsp;<\/p>\n\n\n\n<p><strong>Contexte socioculturel<\/strong><\/p>\n\n\n\n<p>Les r\u00e9seaux sociaux sont r\u00e9guli\u00e8rement utilis\u00e9s par les partisans du pr\u00e9sident de la R\u00e9publique pour lancer des campagnes de d\u00e9sinformation, d\u00e9cr\u00e9dibiliser la presse, et instiller m\u00e9fiance et confusion chez les \u00e9lecteurs. Les violences&nbsp;verbales \u00e0 l\u2019endroit des m\u00e9dias se sont multipli\u00e9es ces derni\u00e8res ann\u00e9es.&nbsp;<\/p>\n\n\n\n<p><strong>S\u00e9curit\u00e9<\/strong><\/p>\n\n\n\n<p>Les intimidations envers les journalistes se banalisent. Le harc\u00e8lement des journalistes est devenu courant en Tunisie, o\u00f9 les acteurs m\u00e9diatiques sont arr\u00eat\u00e9s et poursuivis en justice en raison de leur travail ou m\u00eame de leur solidarit\u00e9 avec leurs coll\u00e8gues.<\/p>\n\n\n\n<p>En 2024, un nouveau record a \u00e9t\u00e9 enregistr\u00e9 avec plus de dix journalistes vis\u00e9s par des proc\u00e9dures judiciaires pour avoir exerc\u00e9 leur travail, \u00e0 l\u2019instar du journaliste Mourad Zeghidi, d\u00e9tenu depuis le 11 mai 2024.<\/p>\n","protected":false},"excerpt":{"rendered":"<p>La Tunisie a recul\u00e9 de 8 places en un an dans le Classement de la libert\u00e9 de la presse 2026 publi\u00e9 par RSF. <\/p>\n","protected":false},"author":8,"featured_media":18710638,"comment_status":"open","ping_status":"open","sticky":false,"template":"","format":"standard","meta":{"footnotes":""},"categories":[992,996,997,2433],"tags":[113143,12235,6372,99952,3959,838,62643],"class_list":["post-18710572","post","type-post","status-publish","format-standard","has-post-thumbnail","hentry","category-a-la-une","category-media","category-politique","category-tunisie","tag-decret-loi-54","tag-kais-saied","tag-liberte-de-la-presse","tag-mourad-zeghidi","tag-rsf","tag-snjt","tag-tunisie"],"yoast_head":"<!-- This site is optimized with the Yoast SEO plugin v26.6 - https:\/\/yoast.com\/wordpress\/plugins\/seo\/ -->\n<title>Classement de la libert\u00e9 de la presse | La Tunisie recule de 8 places \u00a0 - Kapitalis<\/title>\n<meta name=\"description\" content=\"La Tunisie a recul\u00e9 de 8 places en un an dans le Classement de la libert\u00e9 de la presse 2026 publi\u00e9 par RSF.\" \/>\n<meta name=\"robots\" content=\"index, follow, max-snippet:-1, max-image-preview:large, max-video-preview:-1\" \/>\n<link rel=\"canonical\" href=\"https:\/\/kapitalis.com\/tunisie\/2026\/04\/30\/classement-de-la-liberte-de-la-presse-la-tunisie-recule-de-8-place\/\" \/>\n<meta property=\"og:locale\" content=\"fr_FR\" \/>\n<meta property=\"og:type\" content=\"article\" \/>\n<meta property=\"og:title\" content=\"Classement de la libert\u00e9 de la presse | La Tunisie recule de 8 places \u00a0 - Kapitalis\" \/>\n<meta property=\"og:description\" content=\"La Tunisie a recul\u00e9 de 8 places en un an dans le Classement de la libert\u00e9 de la presse 2026 publi\u00e9 par RSF.\" \/>\n<meta property=\"og:url\" content=\"https:\/\/kapitalis.com\/tunisie\/2026\/04\/30\/classement-de-la-liberte-de-la-presse-la-tunisie-recule-de-8-place\/\" \/>\n<meta property=\"og:site_name\" content=\"Kapitalis\" \/>\n<meta property=\"article:publisher\" content=\"https:\/\/www.facebook.com\/KapitalisInfo\/\" \/>\n<meta property=\"article:published_time\" content=\"2026-04-30T07:39:50+00:00\" \/>\n<meta property=\"article:modified_time\" content=\"2026-04-30T08:05:42+00:00\" \/>\n<meta property=\"og:image\" content=\"https:\/\/kapitalis.com\/tunisie\/wp-content\/uploads\/2026\/04\/RSF-LIberte-de-la-Presse-2026.jpg\" \/>\n\t<meta property=\"og:image:width\" content=\"1200\" \/>\n\t<meta property=\"og:image:height\" content=\"630\" \/>\n\t<meta property=\"og:image:type\" content=\"image\/jpeg\" \/>\n<meta name=\"author\" content=\"webmaster kapitalis\" \/>\n<meta name=\"twitter:card\" content=\"summary_large_image\" \/>\n<meta name=\"twitter:creator\" content=\"@KapitalisInfo\" \/>\n<meta name=\"twitter:site\" content=\"@KapitalisInfo\" \/>\n<meta name=\"twitter:label1\" content=\"\u00c9crit par\" \/>\n\t<meta name=\"twitter:data1\" content=\"webmaster kapitalis\" \/>\n\t<meta name=\"twitter:label2\" content=\"Dur\u00e9e de lecture estim\u00e9e\" \/>\n\t<meta name=\"twitter:data2\" content=\"5 minutes\" \/>\n<script type=\"application\/ld+json\" class=\"yoast-schema-graph\">{\"@context\":\"https:\/\/schema.org\",\"@graph\":[{\"@type\":\"Article\",\"@id\":\"https:\/\/kapitalis.com\/tunisie\/2026\/04\/30\/classement-de-la-liberte-de-la-presse-la-tunisie-recule-de-8-place\/#article\",\"isPartOf\":{\"@id\":\"https:\/\/kapitalis.com\/tunisie\/2026\/04\/30\/classement-de-la-liberte-de-la-presse-la-tunisie-recule-de-8-place\/\"},\"author\":{\"name\":\"webmaster kapitalis\",\"@id\":\"https:\/\/kapitalis.com\/tunisie\/#\/schema\/person\/d71f33a9ca44f7bad4698210b480c8e9\"},\"headline\":\"Classement de la libert\u00e9 de la presse | La Tunisie recule de 8 places \u00a0\",\"datePublished\":\"2026-04-30T07:39:50+00:00\",\"dateModified\":\"2026-04-30T08:05:42+00:00\",\"mainEntityOfPage\":{\"@id\":\"https:\/\/kapitalis.com\/tunisie\/2026\/04\/30\/classement-de-la-liberte-de-la-presse-la-tunisie-recule-de-8-place\/\"},\"wordCount\":939,\"commentCount\":0,\"publisher\":{\"@id\":\"https:\/\/kapitalis.com\/tunisie\/#organization\"},\"image\":{\"@id\":\"https:\/\/kapitalis.com\/tunisie\/2026\/04\/30\/classement-de-la-liberte-de-la-presse-la-tunisie-recule-de-8-place\/#primaryimage\"},\"thumbnailUrl\":\"https:\/\/kapitalis.com\/tunisie\/wp-content\/uploads\/2026\/04\/RSF-LIberte-de-la-Presse-2026.jpg\",\"keywords\":[\"d\u00e9cret-loi 54\",\"Ka\u00efs Saied\",\"libert\u00e9 de la presse\",\"Mourad Zeghidi\",\"RSF\",\"SNJT\",\"Tunisie\"],\"articleSection\":[\"A LA UNE\",\"MEDIA\",\"POLITIQUE\",\"Tunisie\"],\"inLanguage\":\"fr-FR\",\"potentialAction\":[{\"@type\":\"CommentAction\",\"name\":\"Comment\",\"target\":[\"https:\/\/kapitalis.com\/tunisie\/2026\/04\/30\/classement-de-la-liberte-de-la-presse-la-tunisie-recule-de-8-place\/#respond\"]}]},{\"@type\":\"WebPage\",\"@id\":\"https:\/\/kapitalis.com\/tunisie\/2026\/04\/30\/classement-de-la-liberte-de-la-presse-la-tunisie-recule-de-8-place\/\",\"url\":\"https:\/\/kapitalis.com\/tunisie\/2026\/04\/30\/classement-de-la-liberte-de-la-presse-la-tunisie-recule-de-8-place\/\",\"name\":\"Classement de la libert\u00e9 de la presse | La Tunisie recule de 8 places \u00a0 - Kapitalis\",\"isPartOf\":{\"@id\":\"https:\/\/kapitalis.com\/tunisie\/#website\"},\"primaryImageOfPage\":{\"@id\":\"https:\/\/kapitalis.com\/tunisie\/2026\/04\/30\/classement-de-la-liberte-de-la-presse-la-tunisie-recule-de-8-place\/#primaryimage\"},\"image\":{\"@id\":\"https:\/\/kapitalis.com\/tunisie\/2026\/04\/30\/classement-de-la-liberte-de-la-presse-la-tunisie-recule-de-8-place\/#primaryimage\"},\"thumbnailUrl\":\"https:\/\/kapitalis.com\/tunisie\/wp-content\/uploads\/2026\/04\/RSF-LIberte-de-la-Presse-2026.jpg\",\"datePublished\":\"2026-04-30T07:39:50+00:00\",\"dateModified\":\"2026-04-30T08:05:42+00:00\",\"description\":\"La Tunisie a recul\u00e9 de 8 places en un an dans le Classement de la libert\u00e9 de la presse 2026 publi\u00e9 par RSF.\",\"breadcrumb\":{\"@id\":\"https:\/\/kapitalis.com\/tunisie\/2026\/04\/30\/classement-de-la-liberte-de-la-presse-la-tunisie-recule-de-8-place\/#breadcrumb\"},\"inLanguage\":\"fr-FR\",\"potentialAction\":[{\"@type\":\"ReadAction\",\"target\":[\"https:\/\/kapitalis.com\/tunisie\/2026\/04\/30\/classement-de-la-liberte-de-la-presse-la-tunisie-recule-de-8-place\/\"]}]},{\"@type\":\"ImageObject\",\"inLanguage\":\"fr-FR\",\"@id\":\"https:\/\/kapitalis.com\/tunisie\/2026\/04\/30\/classement-de-la-liberte-de-la-presse-la-tunisie-recule-de-8-place\/#primaryimage\",\"url\":\"https:\/\/kapitalis.com\/tunisie\/wp-content\/uploads\/2026\/04\/RSF-LIberte-de-la-Presse-2026.jpg\",\"contentUrl\":\"https:\/\/kapitalis.com\/tunisie\/wp-content\/uploads\/2026\/04\/RSF-LIberte-de-la-Presse-2026.jpg\",\"width\":1200,\"height\":630},{\"@type\":\"BreadcrumbList\",\"@id\":\"https:\/\/kapitalis.com\/tunisie\/2026\/04\/30\/classement-de-la-liberte-de-la-presse-la-tunisie-recule-de-8-place\/#breadcrumb\",\"itemListElement\":[{\"@type\":\"ListItem\",\"position\":1,\"name\":\"Accueil\",\"item\":\"https:\/\/kapitalis.com\/tunisie\/\"},{\"@type\":\"ListItem\",\"position\":2,\"name\":\"Classement de la libert\u00e9 de la presse | La Tunisie recule de 8 places \u00a0\"}]},{\"@type\":\"WebSite\",\"@id\":\"https:\/\/kapitalis.com\/tunisie\/#website\",\"url\":\"https:\/\/kapitalis.com\/tunisie\/\",\"name\":\"Kapitalis\",\"description\":\"L&#039;actualit\u00e9 en Tunisie et dans le monde\",\"publisher\":{\"@id\":\"https:\/\/kapitalis.com\/tunisie\/#organization\"},\"potentialAction\":[{\"@type\":\"SearchAction\",\"target\":{\"@type\":\"EntryPoint\",\"urlTemplate\":\"https:\/\/kapitalis.com\/tunisie\/?s={search_term_string}\"},\"query-input\":{\"@type\":\"PropertyValueSpecification\",\"valueRequired\":true,\"valueName\":\"search_term_string\"}}],\"inLanguage\":\"fr-FR\"},{\"@type\":\"Organization\",\"@id\":\"https:\/\/kapitalis.com\/tunisie\/#organization\",\"name\":\"Kapitalis\",\"url\":\"https:\/\/kapitalis.com\/tunisie\/\",\"logo\":{\"@type\":\"ImageObject\",\"inLanguage\":\"fr-FR\",\"@id\":\"https:\/\/kapitalis.com\/tunisie\/#\/schema\/logo\/image\/\",\"url\":\"https:\/\/kapitalis.com\/tunisie\/wp-content\/uploads\/2022\/05\/Kapitalis-big-size.png\",\"contentUrl\":\"https:\/\/kapitalis.com\/tunisie\/wp-content\/uploads\/2022\/05\/Kapitalis-big-size.png\",\"width\":5000,\"height\":1500,\"caption\":\"Kapitalis\"},\"image\":{\"@id\":\"https:\/\/kapitalis.com\/tunisie\/#\/schema\/logo\/image\/\"},\"sameAs\":[\"https:\/\/www.facebook.com\/KapitalisInfo\/\",\"https:\/\/x.com\/KapitalisInfo\",\"https:\/\/www.youtube.com\/channel\/UC-yDYrHyfFBWWZaOw3FPg9Q\"]},{\"@type\":\"Person\",\"@id\":\"https:\/\/kapitalis.com\/tunisie\/#\/schema\/person\/d71f33a9ca44f7bad4698210b480c8e9\",\"name\":\"webmaster kapitalis\",\"url\":\"https:\/\/kapitalis.com\/tunisie\/author\/webmaster-kapitalis\/\"}]}<\/script>\n<!-- \/ Yoast SEO plugin. -->","yoast_head_json":{"title":"Classement de la libert\u00e9 de la presse | La Tunisie recule de 8 places \u00a0 - Kapitalis","description":"La Tunisie a recul\u00e9 de 8 places en un an dans le Classement de la libert\u00e9 de la presse 2026 publi\u00e9 par RSF.","robots":{"index":"index","follow":"follow","max-snippet":"max-snippet:-1","max-image-preview":"max-image-preview:large","max-video-preview":"max-video-preview:-1"},"canonical":"https:\/\/kapitalis.com\/tunisie\/2026\/04\/30\/classement-de-la-liberte-de-la-presse-la-tunisie-recule-de-8-place\/","og_locale":"fr_FR","og_type":"article","og_title":"Classement de la libert\u00e9 de la presse | La Tunisie recule de 8 places \u00a0 - Kapitalis","og_description":"La Tunisie a recul\u00e9 de 8 places en un an dans le Classement de la libert\u00e9 de la presse 2026 publi\u00e9 par RSF.","og_url":"https:\/\/kapitalis.com\/tunisie\/2026\/04\/30\/classement-de-la-liberte-de-la-presse-la-tunisie-recule-de-8-place\/","og_site_name":"Kapitalis","article_publisher":"https:\/\/www.facebook.com\/KapitalisInfo\/","article_published_time":"2026-04-30T07:39:50+00:00","article_modified_time":"2026-04-30T08:05:42+00:00","og_image":[{"width":1200,"height":630,"url":"https:\/\/kapitalis.com\/tunisie\/wp-content\/uploads\/2026\/04\/RSF-LIberte-de-la-Presse-2026.jpg","type":"image\/jpeg"}],"author":"webmaster kapitalis","twitter_card":"summary_large_image","twitter_creator":"@KapitalisInfo","twitter_site":"@KapitalisInfo","twitter_misc":{"\u00c9crit par":"webmaster kapitalis","Dur\u00e9e de lecture estim\u00e9e":"5 minutes"},"schema":{"@context":"https:\/\/schema.org","@graph":[{"@type":"Article","@id":"https:\/\/kapitalis.com\/tunisie\/2026\/04\/30\/classement-de-la-liberte-de-la-presse-la-tunisie-recule-de-8-place\/#article","isPartOf":{"@id":"https:\/\/kapitalis.com\/tunisie\/2026\/04\/30\/classement-de-la-liberte-de-la-presse-la-tunisie-recule-de-8-place\/"},"author":{"name":"webmaster kapitalis","@id":"https:\/\/kapitalis.com\/tunisie\/#\/schema\/person\/d71f33a9ca44f7bad4698210b480c8e9"},"headline":"Classement de la libert\u00e9 de la presse | La Tunisie recule de 8 places \u00a0","datePublished":"2026-04-30T07:39:50+00:00","dateModified":"2026-04-30T08:05:42+00:00","mainEntityOfPage":{"@id":"https:\/\/kapitalis.com\/tunisie\/2026\/04\/30\/classement-de-la-liberte-de-la-presse-la-tunisie-recule-de-8-place\/"},"wordCount":939,"commentCount":0,"publisher":{"@id":"https:\/\/kapitalis.com\/tunisie\/#organization"},"image":{"@id":"https:\/\/kapitalis.com\/tunisie\/2026\/04\/30\/classement-de-la-liberte-de-la-presse-la-tunisie-recule-de-8-place\/#primaryimage"},"thumbnailUrl":"https:\/\/kapitalis.com\/tunisie\/wp-content\/uploads\/2026\/04\/RSF-LIberte-de-la-Presse-2026.jpg","keywords":["d\u00e9cret-loi 54","Ka\u00efs Saied","libert\u00e9 de la presse","Mourad Zeghidi","RSF","SNJT","Tunisie"],"articleSection":["A LA UNE","MEDIA","POLITIQUE","Tunisie"],"inLanguage":"fr-FR","potentialAction":[{"@type":"CommentAction","name":"Comment","target":["https:\/\/kapitalis.com\/tunisie\/2026\/04\/30\/classement-de-la-liberte-de-la-presse-la-tunisie-recule-de-8-place\/#respond"]}]},{"@type":"WebPage","@id":"https:\/\/kapitalis.com\/tunisie\/2026\/04\/30\/classement-de-la-liberte-de-la-presse-la-tunisie-recule-de-8-place\/","url":"https:\/\/kapitalis.com\/tunisie\/2026\/04\/30\/classement-de-la-liberte-de-la-presse-la-tunisie-recule-de-8-place\/","name":"Classement de la libert\u00e9 de la presse | La Tunisie recule de 8 places \u00a0 - Kapitalis","isPartOf":{"@id":"https:\/\/kapitalis.com\/tunisie\/#website"},"primaryImageOfPage":{"@id":"https:\/\/kapitalis.com\/tunisie\/2026\/04\/30\/classement-de-la-liberte-de-la-presse-la-tunisie-recule-de-8-place\/#primaryimage"},"image":{"@id":"https:\/\/kapitalis.com\/tunisie\/2026\/04\/30\/classement-de-la-liberte-de-la-presse-la-tunisie-recule-de-8-place\/#primaryimage"},"thumbnailUrl":"https:\/\/kapitalis.com\/tunisie\/wp-content\/uploads\/2026\/04\/RSF-LIberte-de-la-Presse-2026.jpg","datePublished":"2026-04-30T07:39:50+00:00","dateModified":"2026-04-30T08:05:42+00:00","description":"La Tunisie a recul\u00e9 de 8 places en un an dans le Classement de la libert\u00e9 de la presse 2026 publi\u00e9 par RSF.","breadcrumb":{"@id":"https:\/\/kapitalis.com\/tunisie\/2026\/04\/30\/classement-de-la-liberte-de-la-presse-la-tunisie-recule-de-8-place\/#breadcrumb"},"inLanguage":"fr-FR","potentialAction":[{"@type":"ReadAction","target":["https:\/\/kapitalis.com\/tunisie\/2026\/04\/30\/classement-de-la-liberte-de-la-presse-la-tunisie-recule-de-8-place\/"]}]},{"@type":"ImageObject","inLanguage":"fr-FR","@id":"https:\/\/kapitalis.com\/tunisie\/2026\/04\/30\/classement-de-la-liberte-de-la-presse-la-tunisie-recule-de-8-place\/#primaryimage","url":"https:\/\/kapitalis.com\/tunisie\/wp-content\/uploads\/2026\/04\/RSF-LIberte-de-la-Presse-2026.jpg","contentUrl":"https:\/\/kapitalis.com\/tunisie\/wp-content\/uploads\/2026\/04\/RSF-LIberte-de-la-Presse-2026.jpg","width":1200,"height":630},{"@type":"BreadcrumbList","@id":"https:\/\/kapitalis.com\/tunisie\/2026\/04\/30\/classement-de-la-liberte-de-la-presse-la-tunisie-recule-de-8-place\/#breadcrumb","itemListElement":[{"@type":"ListItem","position":1,"name":"Accueil","item":"https:\/\/kapitalis.com\/tunisie\/"},{"@type":"ListItem","position":2,"name":"Classement de la libert\u00e9 de la presse | La Tunisie recule de 8 places \u00a0"}]},{"@type":"WebSite","@id":"https:\/\/kapitalis.com\/tunisie\/#website","url":"https:\/\/kapitalis.com\/tunisie\/","name":"Kapitalis","description":"L&#039;actualit\u00e9 en Tunisie et dans le monde","publisher":{"@id":"https:\/\/kapitalis.com\/tunisie\/#organization"},"potentialAction":[{"@type":"SearchAction","target":{"@type":"EntryPoint","urlTemplate":"https:\/\/kapitalis.com\/tunisie\/?s={search_term_string}"},"query-input":{"@type":"PropertyValueSpecification","valueRequired":true,"valueName":"search_term_string"}}],"inLanguage":"fr-FR"},{"@type":"Organization","@id":"https:\/\/kapitalis.com\/tunisie\/#organization","name":"Kapitalis","url":"https:\/\/kapitalis.com\/tunisie\/","logo":{"@type":"ImageObject","inLanguage":"fr-FR","@id":"https:\/\/kapitalis.com\/tunisie\/#\/schema\/logo\/image\/","url":"https:\/\/kapitalis.com\/tunisie\/wp-content\/uploads\/2022\/05\/Kapitalis-big-size.png","contentUrl":"https:\/\/kapitalis.com\/tunisie\/wp-content\/uploads\/2022\/05\/Kapitalis-big-size.png","width":5000,"height":1500,"caption":"Kapitalis"},"image":{"@id":"https:\/\/kapitalis.com\/tunisie\/#\/schema\/logo\/image\/"},"sameAs":["https:\/\/www.facebook.com\/KapitalisInfo\/","https:\/\/x.com\/KapitalisInfo","https:\/\/www.youtube.com\/channel\/UC-yDYrHyfFBWWZaOw3FPg9Q"]},{"@type":"Person","@id":"https:\/\/kapitalis.com\/tunisie\/#\/schema\/person\/d71f33a9ca44f7bad4698210b480c8e9","name":"webmaster kapitalis","url":"https:\/\/kapitalis.com\/tunisie\/author\/webmaster-kapitalis\/"}]}},"_links":{"self":[{"href":"https:\/\/kapitalis.com\/tunisie\/wp-json\/wp\/v2\/posts\/18710572","targetHints":{"allow":["GET"]}}],"collection":[{"href":"https:\/\/kapitalis.com\/tunisie\/wp-json\/wp\/v2\/posts"}],"about":[{"href":"https:\/\/kapitalis.com\/tunisie\/wp-json\/wp\/v2\/types\/post"}],"author":[{"embeddable":true,"href":"https:\/\/kapitalis.com\/tunisie\/wp-json\/wp\/v2\/users\/8"}],"replies":[{"embeddable":true,"href":"https:\/\/kapitalis.com\/tunisie\/wp-json\/wp\/v2\/comments?post=18710572"}],"version-history":[{"count":4,"href":"https:\/\/kapitalis.com\/tunisie\/wp-json\/wp\/v2\/posts\/18710572\/revisions"}],"predecessor-version":[{"id":18710712,"href":"https:\/\/kapitalis.com\/tunisie\/wp-json\/wp\/v2\/posts\/18710572\/revisions\/18710712"}],"wp:featuredmedia":[{"embeddable":true,"href":"https:\/\/kapitalis.com\/tunisie\/wp-json\/wp\/v2\/media\/18710638"}],"wp:attachment":[{"href":"https:\/\/kapitalis.com\/tunisie\/wp-json\/wp\/v2\/media?parent=18710572"}],"wp:term":[{"taxonomy":"category","embeddable":true,"href":"https:\/\/kapitalis.com\/tunisie\/wp-json\/wp\/v2\/categories?post=18710572"},{"taxonomy":"post_tag","embeddable":true,"href":"https:\/\/kapitalis.com\/tunisie\/wp-json\/wp\/v2\/tags?post=18710572"}],"curies":[{"name":"wp","href":"https:\/\/api.w.org\/{rel}","templated":true}]}}