{"id":18711151,"date":"2026-04-30T09:57:24","date_gmt":"2026-04-30T08:57:24","guid":{"rendered":"https:\/\/kapitalis.com\/tunisie\/?p=18711151"},"modified":"2026-04-30T09:57:26","modified_gmt":"2026-04-30T08:57:26","slug":"amira-romani-dans-le-top-50-femmes-en-allemagne","status":"publish","type":"post","link":"https:\/\/kapitalis.com\/tunisie\/2026\/04\/30\/amira-romani-dans-le-top-50-femmes-en-allemagne\/","title":{"rendered":"Amira Romani dans le \u2018Top 50 Femmes en Allemagne\u2019"},"content":{"rendered":"\n<p><strong><em>Amira Romani, Senior Vice President Innovation &amp; Technology Strategy chez&nbsp;Siemens Healthineers, figure parmi les laur\u00e9ates des&nbsp;\u00abTop 50 Femmes pour l\u2019avenir de l\u2019Allemagne\u00bb 2026,&nbsp;une distinction attribu\u00e9e par&nbsp;Dup Unternehmerin dans la cat\u00e9gorie \u2018Technologie et Intelligence Artificielle\u2019.<\/em><\/strong><\/p>\n\n\n\n<!--more-->\n\n\n\n<p>Cette reconnaissance met en lumi\u00e8re son r\u00f4le majeur dans le d\u00e9veloppement et la promotion de l\u2019innovation technologique appliqu\u00e9e \u00e0 la sant\u00e9 \u00e0 l\u2019\u00e9chelle internationale.<\/p>\n\n\n\n<p>Originaire de Tunisie, Amira Romani incarne une r\u00e9ussite remarquable dans le domaine des technologies de pointe. Son parcours a \u00e9t\u00e9 salu\u00e9 d\u00e8s 2024 par&nbsp;Reconnectt, qui lui a d\u00e9cern\u00e9 le prix&nbsp;<em>Tunisian Woman in Tech of The Year 2023<\/em>, soulignant son engagement et son impact dans l\u2019\u00e9cosyst\u00e8me technologique.<\/p>\n\n\n\n<h2 class=\"wp-block-heading\">Une voix influente pour une innovation responsable<\/h2>\n\n\n\n<p>Au sein de&nbsp;Siemens Healthineers, Amira Romani pilote la strat\u00e9gie globale d\u2019innovation et supervise le d\u00e9veloppement de partenariats technologiques structurants. Elle dirige notamment le programme&nbsp;Shift, une initiative d\u2019open innovation favorisant la collaboration entre entreprises, start-ups, institutions acad\u00e9miques et acteurs publics.<\/p>\n\n\n\n<p>Elle contribue \u00e9galement \u00e0 des projets d\u2019envergure europ\u00e9enne, dont le consortium&nbsp;Access-AD, d\u00e9di\u00e9 \u00e0 l\u2019am\u00e9lioration de l\u2019acc\u00e8s aux diagnostics et aux th\u00e9rapies pr\u00e9coces de la maladie d\u2019Alzheimer, ainsi qu\u2019\u00e0 des initiatives visant \u00e0 optimiser la prise en charge des accidents vasculaires c\u00e9r\u00e9braux (AVC).<\/p>\n\n\n\n<p>\u00c0 travers ses actions, elle \u0153uvre \u00e0 acc\u00e9l\u00e9rer la transformation num\u00e9rique du secteur de la sant\u00e9, en int\u00e9grant des solutions bas\u00e9es sur l\u2019intelligence artificielle, tout en promouvant des mod\u00e8les de soins plus durables et inclusifs.<\/p>\n\n\n<div class=\"wp-block-image\">\n<figure class=\"aligncenter size-large\"><img loading=\"lazy\" decoding=\"async\" width=\"1024\" height=\"538\" src=\"https:\/\/kapitalis.com\/tunisie\/wp-content\/uploads\/2026\/04\/Amira-Romani-2-1024x538.jpg\" alt=\"\" class=\"wp-image-18711282\" srcset=\"https:\/\/kapitalis.com\/tunisie\/wp-content\/uploads\/2026\/04\/Amira-Romani-2-1024x538.jpg 1024w, https:\/\/kapitalis.com\/tunisie\/wp-content\/uploads\/2026\/04\/Amira-Romani-2-300x158.jpg 300w, https:\/\/kapitalis.com\/tunisie\/wp-content\/uploads\/2026\/04\/Amira-Romani-2-768x403.jpg 768w, https:\/\/kapitalis.com\/tunisie\/wp-content\/uploads\/2026\/04\/Amira-Romani-2-580x305.jpg 580w, https:\/\/kapitalis.com\/tunisie\/wp-content\/uploads\/2026\/04\/Amira-Romani-2-860x452.jpg 860w, https:\/\/kapitalis.com\/tunisie\/wp-content\/uploads\/2026\/04\/Amira-Romani-2-1160x609.jpg 1160w, https:\/\/kapitalis.com\/tunisie\/wp-content\/uploads\/2026\/04\/Amira-Romani-2.jpg 1200w\" sizes=\"auto, (max-width: 1024px) 100vw, 1024px\" \/><\/figure>\n<\/div>\n\n\n<p><em>\u00abL\u2019innovation en sant\u00e9 ne se limite pas aux technologies les plus r\u00e9centes : elle consiste \u00e0 aligner les personnes, les processus et les outils pour cr\u00e9er une valeur durable\u00bb<\/em>, d\u00e9clare-t-elle.<\/p>\n\n\n\n<p>Intervenante reconnue sur la sc\u00e8ne internationale, Amira Romani partage r\u00e9guli\u00e8rement son expertise lors d\u2019\u00e9v\u00e9nements majeurs tels que le&nbsp;LSI Europe Summit. Elle y d\u00e9fend une vision d\u2019une innovation centr\u00e9e sur le patient, capable de r\u00e9pondre aux d\u00e9fis contemporains tels que le vieillissement des populations, la p\u00e9nurie de personnel soignant et l\u2019acc\u00e8s \u00e9quitable aux soins.<\/p>\n\n\n\n<p>Dirigeante internationale sp\u00e9cialis\u00e9e en nanotechnologies et technologies m\u00e9dicales, \u00e0 travers ses fonctions chez&nbsp;Siemens Healthineers, elle contribue activement \u00e0 fa\u00e7onner l\u2019avenir de la sant\u00e9 en s\u2019appuyant sur l\u2019innovation collaborative et les technologies de pointe.<\/p>\n\n\n\n<p>Reconnectt et&nbsp;Tunisian AI Society&nbsp;saluent cette distinction, qui vient consacrer l\u2019excellence des femmes tunisiennes dans les domaines des STEM (science, technologie, ing\u00e9nierie et math\u00e9matiques),&nbsp;et tout particuli\u00e8rement dans le champ de l\u2019intelligence artificielle.<\/p>\n\n\n\n<p>Elle souligne \u00e9galement leur contribution d\u00e9terminante aux transformations technologiques et soci\u00e9tales \u00e0 l\u2019\u00e9chelle internationale, ainsi que leur r\u00f4le croissant dans la construction d\u2019une innovation inclusive et durable.<\/p>\n","protected":false},"excerpt":{"rendered":"<p>Originaire de Tunisie, Amira Romani incarne une r\u00e9ussite remarquable dans le domaine des technologies de pointe en Allemagne.<\/p>\n","protected":false},"author":8,"featured_media":18711209,"comment_status":"open","ping_status":"open","sticky":false,"template":"","format":"standard","meta":{"footnotes":""},"categories":[995,2433],"tags":[1096,113291,128102,36826,113285,810,128103,888],"class_list":["post-18711151","post","type-post","status-publish","format-standard","has-post-thumbnail","hentry","category-economie","category-tunisie","tag-allemagne","tag-amira-romani","tag-erlangen","tag-intelligence-artificielle","tag-reconnectt","tag-sante","tag-siemens-healthineers","tag-technologie"],"yoast_head":"<!-- This site is optimized with the Yoast SEO plugin v26.6 - https:\/\/yoast.com\/wordpress\/plugins\/seo\/ -->\n<title>Amira Romani dans le \u2018Top 50 Femmes en Allemagne\u2019 - Kapitalis<\/title>\n<meta name=\"description\" content=\"Originaire de Tunisie, Amira Romani incarne une r\u00e9ussite remarquable dans le domaine des technologies de pointe en Allemagne.\" \/>\n<meta name=\"robots\" content=\"index, follow, max-snippet:-1, max-image-preview:large, max-video-preview:-1\" \/>\n<link rel=\"canonical\" href=\"https:\/\/kapitalis.com\/tunisie\/2026\/04\/30\/amira-romani-dans-le-top-50-femmes-en-allemagne\/\" \/>\n<meta property=\"og:locale\" content=\"fr_FR\" \/>\n<meta property=\"og:type\" content=\"article\" \/>\n<meta property=\"og:title\" content=\"Amira Romani dans le \u2018Top 50 Femmes en Allemagne\u2019 - Kapitalis\" \/>\n<meta property=\"og:description\" content=\"Originaire de Tunisie, Amira Romani incarne une r\u00e9ussite remarquable dans le domaine des technologies de pointe en Allemagne.\" \/>\n<meta property=\"og:url\" content=\"https:\/\/kapitalis.com\/tunisie\/2026\/04\/30\/amira-romani-dans-le-top-50-femmes-en-allemagne\/\" \/>\n<meta property=\"og:site_name\" content=\"Kapitalis\" \/>\n<meta property=\"article:publisher\" content=\"https:\/\/www.facebook.com\/KapitalisInfo\/\" \/>\n<meta property=\"article:published_time\" content=\"2026-04-30T08:57:24+00:00\" \/>\n<meta property=\"article:modified_time\" content=\"2026-04-30T08:57:26+00:00\" \/>\n<meta property=\"og:image\" content=\"https:\/\/kapitalis.com\/tunisie\/wp-content\/uploads\/2026\/04\/Amira-Romani.jpg\" \/>\n\t<meta property=\"og:image:width\" content=\"1200\" \/>\n\t<meta property=\"og:image:height\" content=\"630\" \/>\n\t<meta property=\"og:image:type\" content=\"image\/jpeg\" \/>\n<meta name=\"author\" content=\"webmaster kapitalis\" \/>\n<meta name=\"twitter:card\" content=\"summary_large_image\" \/>\n<meta name=\"twitter:creator\" content=\"@KapitalisInfo\" \/>\n<meta name=\"twitter:site\" content=\"@KapitalisInfo\" \/>\n<meta name=\"twitter:label1\" content=\"\u00c9crit par\" \/>\n\t<meta name=\"twitter:data1\" content=\"webmaster kapitalis\" \/>\n\t<meta name=\"twitter:label2\" content=\"Dur\u00e9e de lecture estim\u00e9e\" \/>\n\t<meta name=\"twitter:data2\" content=\"3 minutes\" \/>\n<script type=\"application\/ld+json\" class=\"yoast-schema-graph\">{\"@context\":\"https:\/\/schema.org\",\"@graph\":[{\"@type\":\"Article\",\"@id\":\"https:\/\/kapitalis.com\/tunisie\/2026\/04\/30\/amira-romani-dans-le-top-50-femmes-en-allemagne\/#article\",\"isPartOf\":{\"@id\":\"https:\/\/kapitalis.com\/tunisie\/2026\/04\/30\/amira-romani-dans-le-top-50-femmes-en-allemagne\/\"},\"author\":{\"name\":\"webmaster kapitalis\",\"@id\":\"https:\/\/kapitalis.com\/tunisie\/#\/schema\/person\/d71f33a9ca44f7bad4698210b480c8e9\"},\"headline\":\"Amira Romani dans le \u2018Top 50 Femmes en Allemagne\u2019\",\"datePublished\":\"2026-04-30T08:57:24+00:00\",\"dateModified\":\"2026-04-30T08:57:26+00:00\",\"mainEntityOfPage\":{\"@id\":\"https:\/\/kapitalis.com\/tunisie\/2026\/04\/30\/amira-romani-dans-le-top-50-femmes-en-allemagne\/\"},\"wordCount\":495,\"commentCount\":0,\"publisher\":{\"@id\":\"https:\/\/kapitalis.com\/tunisie\/#organization\"},\"image\":{\"@id\":\"https:\/\/kapitalis.com\/tunisie\/2026\/04\/30\/amira-romani-dans-le-top-50-femmes-en-allemagne\/#primaryimage\"},\"thumbnailUrl\":\"https:\/\/kapitalis.com\/tunisie\/wp-content\/uploads\/2026\/04\/Amira-Romani.jpg\",\"keywords\":[\"Allemagne\",\"Amira Romani\",\"Erlangen\",\"intelligence artificielle\",\"Reconnectt\",\"Sant\u00e9\",\"Siemens Healthineers\",\"technologie\"],\"articleSection\":[\"ECONOMIE\",\"Tunisie\"],\"inLanguage\":\"fr-FR\",\"potentialAction\":[{\"@type\":\"CommentAction\",\"name\":\"Comment\",\"target\":[\"https:\/\/kapitalis.com\/tunisie\/2026\/04\/30\/amira-romani-dans-le-top-50-femmes-en-allemagne\/#respond\"]}]},{\"@type\":\"WebPage\",\"@id\":\"https:\/\/kapitalis.com\/tunisie\/2026\/04\/30\/amira-romani-dans-le-top-50-femmes-en-allemagne\/\",\"url\":\"https:\/\/kapitalis.com\/tunisie\/2026\/04\/30\/amira-romani-dans-le-top-50-femmes-en-allemagne\/\",\"name\":\"Amira Romani dans le \u2018Top 50 Femmes en Allemagne\u2019 - Kapitalis\",\"isPartOf\":{\"@id\":\"https:\/\/kapitalis.com\/tunisie\/#website\"},\"primaryImageOfPage\":{\"@id\":\"https:\/\/kapitalis.com\/tunisie\/2026\/04\/30\/amira-romani-dans-le-top-50-femmes-en-allemagne\/#primaryimage\"},\"image\":{\"@id\":\"https:\/\/kapitalis.com\/tunisie\/2026\/04\/30\/amira-romani-dans-le-top-50-femmes-en-allemagne\/#primaryimage\"},\"thumbnailUrl\":\"https:\/\/kapitalis.com\/tunisie\/wp-content\/uploads\/2026\/04\/Amira-Romani.jpg\",\"datePublished\":\"2026-04-30T08:57:24+00:00\",\"dateModified\":\"2026-04-30T08:57:26+00:00\",\"description\":\"Originaire de Tunisie, Amira Romani incarne une r\u00e9ussite remarquable dans le domaine des technologies de pointe en Allemagne.\",\"breadcrumb\":{\"@id\":\"https:\/\/kapitalis.com\/tunisie\/2026\/04\/30\/amira-romani-dans-le-top-50-femmes-en-allemagne\/#breadcrumb\"},\"inLanguage\":\"fr-FR\",\"potentialAction\":[{\"@type\":\"ReadAction\",\"target\":[\"https:\/\/kapitalis.com\/tunisie\/2026\/04\/30\/amira-romani-dans-le-top-50-femmes-en-allemagne\/\"]}]},{\"@type\":\"ImageObject\",\"inLanguage\":\"fr-FR\",\"@id\":\"https:\/\/kapitalis.com\/tunisie\/2026\/04\/30\/amira-romani-dans-le-top-50-femmes-en-allemagne\/#primaryimage\",\"url\":\"https:\/\/kapitalis.com\/tunisie\/wp-content\/uploads\/2026\/04\/Amira-Romani.jpg\",\"contentUrl\":\"https:\/\/kapitalis.com\/tunisie\/wp-content\/uploads\/2026\/04\/Amira-Romani.jpg\",\"width\":1200,\"height\":630},{\"@type\":\"BreadcrumbList\",\"@id\":\"https:\/\/kapitalis.com\/tunisie\/2026\/04\/30\/amira-romani-dans-le-top-50-femmes-en-allemagne\/#breadcrumb\",\"itemListElement\":[{\"@type\":\"ListItem\",\"position\":1,\"name\":\"Accueil\",\"item\":\"https:\/\/kapitalis.com\/tunisie\/\"},{\"@type\":\"ListItem\",\"position\":2,\"name\":\"Amira Romani dans le \u2018Top 50 Femmes en Allemagne\u2019\"}]},{\"@type\":\"WebSite\",\"@id\":\"https:\/\/kapitalis.com\/tunisie\/#website\",\"url\":\"https:\/\/kapitalis.com\/tunisie\/\",\"name\":\"Kapitalis\",\"description\":\"L&#039;actualit\u00e9 en Tunisie et dans le monde\",\"publisher\":{\"@id\":\"https:\/\/kapitalis.com\/tunisie\/#organization\"},\"potentialAction\":[{\"@type\":\"SearchAction\",\"target\":{\"@type\":\"EntryPoint\",\"urlTemplate\":\"https:\/\/kapitalis.com\/tunisie\/?s={search_term_string}\"},\"query-input\":{\"@type\":\"PropertyValueSpecification\",\"valueRequired\":true,\"valueName\":\"search_term_string\"}}],\"inLanguage\":\"fr-FR\"},{\"@type\":\"Organization\",\"@id\":\"https:\/\/kapitalis.com\/tunisie\/#organization\",\"name\":\"Kapitalis\",\"url\":\"https:\/\/kapitalis.com\/tunisie\/\",\"logo\":{\"@type\":\"ImageObject\",\"inLanguage\":\"fr-FR\",\"@id\":\"https:\/\/kapitalis.com\/tunisie\/#\/schema\/logo\/image\/\",\"url\":\"https:\/\/kapitalis.com\/tunisie\/wp-content\/uploads\/2022\/05\/Kapitalis-big-size.png\",\"contentUrl\":\"https:\/\/kapitalis.com\/tunisie\/wp-content\/uploads\/2022\/05\/Kapitalis-big-size.png\",\"width\":5000,\"height\":1500,\"caption\":\"Kapitalis\"},\"image\":{\"@id\":\"https:\/\/kapitalis.com\/tunisie\/#\/schema\/logo\/image\/\"},\"sameAs\":[\"https:\/\/www.facebook.com\/KapitalisInfo\/\",\"https:\/\/x.com\/KapitalisInfo\",\"https:\/\/www.youtube.com\/channel\/UC-yDYrHyfFBWWZaOw3FPg9Q\"]},{\"@type\":\"Person\",\"@id\":\"https:\/\/kapitalis.com\/tunisie\/#\/schema\/person\/d71f33a9ca44f7bad4698210b480c8e9\",\"name\":\"webmaster kapitalis\",\"url\":\"https:\/\/kapitalis.com\/tunisie\/author\/webmaster-kapitalis\/\"}]}<\/script>\n<!-- \/ Yoast SEO plugin. -->","yoast_head_json":{"title":"Amira Romani dans le \u2018Top 50 Femmes en Allemagne\u2019 - Kapitalis","description":"Originaire de Tunisie, Amira Romani incarne une r\u00e9ussite remarquable dans le domaine des technologies de pointe en Allemagne.","robots":{"index":"index","follow":"follow","max-snippet":"max-snippet:-1","max-image-preview":"max-image-preview:large","max-video-preview":"max-video-preview:-1"},"canonical":"https:\/\/kapitalis.com\/tunisie\/2026\/04\/30\/amira-romani-dans-le-top-50-femmes-en-allemagne\/","og_locale":"fr_FR","og_type":"article","og_title":"Amira Romani dans le \u2018Top 50 Femmes en Allemagne\u2019 - Kapitalis","og_description":"Originaire de Tunisie, Amira Romani incarne une r\u00e9ussite remarquable dans le domaine des technologies de pointe en Allemagne.","og_url":"https:\/\/kapitalis.com\/tunisie\/2026\/04\/30\/amira-romani-dans-le-top-50-femmes-en-allemagne\/","og_site_name":"Kapitalis","article_publisher":"https:\/\/www.facebook.com\/KapitalisInfo\/","article_published_time":"2026-04-30T08:57:24+00:00","article_modified_time":"2026-04-30T08:57:26+00:00","og_image":[{"width":1200,"height":630,"url":"https:\/\/kapitalis.com\/tunisie\/wp-content\/uploads\/2026\/04\/Amira-Romani.jpg","type":"image\/jpeg"}],"author":"webmaster kapitalis","twitter_card":"summary_large_image","twitter_creator":"@KapitalisInfo","twitter_site":"@KapitalisInfo","twitter_misc":{"\u00c9crit par":"webmaster kapitalis","Dur\u00e9e de lecture estim\u00e9e":"3 minutes"},"schema":{"@context":"https:\/\/schema.org","@graph":[{"@type":"Article","@id":"https:\/\/kapitalis.com\/tunisie\/2026\/04\/30\/amira-romani-dans-le-top-50-femmes-en-allemagne\/#article","isPartOf":{"@id":"https:\/\/kapitalis.com\/tunisie\/2026\/04\/30\/amira-romani-dans-le-top-50-femmes-en-allemagne\/"},"author":{"name":"webmaster kapitalis","@id":"https:\/\/kapitalis.com\/tunisie\/#\/schema\/person\/d71f33a9ca44f7bad4698210b480c8e9"},"headline":"Amira Romani dans le \u2018Top 50 Femmes en Allemagne\u2019","datePublished":"2026-04-30T08:57:24+00:00","dateModified":"2026-04-30T08:57:26+00:00","mainEntityOfPage":{"@id":"https:\/\/kapitalis.com\/tunisie\/2026\/04\/30\/amira-romani-dans-le-top-50-femmes-en-allemagne\/"},"wordCount":495,"commentCount":0,"publisher":{"@id":"https:\/\/kapitalis.com\/tunisie\/#organization"},"image":{"@id":"https:\/\/kapitalis.com\/tunisie\/2026\/04\/30\/amira-romani-dans-le-top-50-femmes-en-allemagne\/#primaryimage"},"thumbnailUrl":"https:\/\/kapitalis.com\/tunisie\/wp-content\/uploads\/2026\/04\/Amira-Romani.jpg","keywords":["Allemagne","Amira Romani","Erlangen","intelligence artificielle","Reconnectt","Sant\u00e9","Siemens Healthineers","technologie"],"articleSection":["ECONOMIE","Tunisie"],"inLanguage":"fr-FR","potentialAction":[{"@type":"CommentAction","name":"Comment","target":["https:\/\/kapitalis.com\/tunisie\/2026\/04\/30\/amira-romani-dans-le-top-50-femmes-en-allemagne\/#respond"]}]},{"@type":"WebPage","@id":"https:\/\/kapitalis.com\/tunisie\/2026\/04\/30\/amira-romani-dans-le-top-50-femmes-en-allemagne\/","url":"https:\/\/kapitalis.com\/tunisie\/2026\/04\/30\/amira-romani-dans-le-top-50-femmes-en-allemagne\/","name":"Amira Romani dans le \u2018Top 50 Femmes en Allemagne\u2019 - Kapitalis","isPartOf":{"@id":"https:\/\/kapitalis.com\/tunisie\/#website"},"primaryImageOfPage":{"@id":"https:\/\/kapitalis.com\/tunisie\/2026\/04\/30\/amira-romani-dans-le-top-50-femmes-en-allemagne\/#primaryimage"},"image":{"@id":"https:\/\/kapitalis.com\/tunisie\/2026\/04\/30\/amira-romani-dans-le-top-50-femmes-en-allemagne\/#primaryimage"},"thumbnailUrl":"https:\/\/kapitalis.com\/tunisie\/wp-content\/uploads\/2026\/04\/Amira-Romani.jpg","datePublished":"2026-04-30T08:57:24+00:00","dateModified":"2026-04-30T08:57:26+00:00","description":"Originaire de Tunisie, Amira Romani incarne une r\u00e9ussite remarquable dans le domaine des technologies de pointe en Allemagne.","breadcrumb":{"@id":"https:\/\/kapitalis.com\/tunisie\/2026\/04\/30\/amira-romani-dans-le-top-50-femmes-en-allemagne\/#breadcrumb"},"inLanguage":"fr-FR","potentialAction":[{"@type":"ReadAction","target":["https:\/\/kapitalis.com\/tunisie\/2026\/04\/30\/amira-romani-dans-le-top-50-femmes-en-allemagne\/"]}]},{"@type":"ImageObject","inLanguage":"fr-FR","@id":"https:\/\/kapitalis.com\/tunisie\/2026\/04\/30\/amira-romani-dans-le-top-50-femmes-en-allemagne\/#primaryimage","url":"https:\/\/kapitalis.com\/tunisie\/wp-content\/uploads\/2026\/04\/Amira-Romani.jpg","contentUrl":"https:\/\/kapitalis.com\/tunisie\/wp-content\/uploads\/2026\/04\/Amira-Romani.jpg","width":1200,"height":630},{"@type":"BreadcrumbList","@id":"https:\/\/kapitalis.com\/tunisie\/2026\/04\/30\/amira-romani-dans-le-top-50-femmes-en-allemagne\/#breadcrumb","itemListElement":[{"@type":"ListItem","position":1,"name":"Accueil","item":"https:\/\/kapitalis.com\/tunisie\/"},{"@type":"ListItem","position":2,"name":"Amira Romani dans le \u2018Top 50 Femmes en Allemagne\u2019"}]},{"@type":"WebSite","@id":"https:\/\/kapitalis.com\/tunisie\/#website","url":"https:\/\/kapitalis.com\/tunisie\/","name":"Kapitalis","description":"L&#039;actualit\u00e9 en Tunisie et dans le monde","publisher":{"@id":"https:\/\/kapitalis.com\/tunisie\/#organization"},"potentialAction":[{"@type":"SearchAction","target":{"@type":"EntryPoint","urlTemplate":"https:\/\/kapitalis.com\/tunisie\/?s={search_term_string}"},"query-input":{"@type":"PropertyValueSpecification","valueRequired":true,"valueName":"search_term_string"}}],"inLanguage":"fr-FR"},{"@type":"Organization","@id":"https:\/\/kapitalis.com\/tunisie\/#organization","name":"Kapitalis","url":"https:\/\/kapitalis.com\/tunisie\/","logo":{"@type":"ImageObject","inLanguage":"fr-FR","@id":"https:\/\/kapitalis.com\/tunisie\/#\/schema\/logo\/image\/","url":"https:\/\/kapitalis.com\/tunisie\/wp-content\/uploads\/2022\/05\/Kapitalis-big-size.png","contentUrl":"https:\/\/kapitalis.com\/tunisie\/wp-content\/uploads\/2022\/05\/Kapitalis-big-size.png","width":5000,"height":1500,"caption":"Kapitalis"},"image":{"@id":"https:\/\/kapitalis.com\/tunisie\/#\/schema\/logo\/image\/"},"sameAs":["https:\/\/www.facebook.com\/KapitalisInfo\/","https:\/\/x.com\/KapitalisInfo","https:\/\/www.youtube.com\/channel\/UC-yDYrHyfFBWWZaOw3FPg9Q"]},{"@type":"Person","@id":"https:\/\/kapitalis.com\/tunisie\/#\/schema\/person\/d71f33a9ca44f7bad4698210b480c8e9","name":"webmaster kapitalis","url":"https:\/\/kapitalis.com\/tunisie\/author\/webmaster-kapitalis\/"}]}},"_links":{"self":[{"href":"https:\/\/kapitalis.com\/tunisie\/wp-json\/wp\/v2\/posts\/18711151","targetHints":{"allow":["GET"]}}],"collection":[{"href":"https:\/\/kapitalis.com\/tunisie\/wp-json\/wp\/v2\/posts"}],"about":[{"href":"https:\/\/kapitalis.com\/tunisie\/wp-json\/wp\/v2\/types\/post"}],"author":[{"embeddable":true,"href":"https:\/\/kapitalis.com\/tunisie\/wp-json\/wp\/v2\/users\/8"}],"replies":[{"embeddable":true,"href":"https:\/\/kapitalis.com\/tunisie\/wp-json\/wp\/v2\/comments?post=18711151"}],"version-history":[{"count":1,"href":"https:\/\/kapitalis.com\/tunisie\/wp-json\/wp\/v2\/posts\/18711151\/revisions"}],"predecessor-version":[{"id":18711284,"href":"https:\/\/kapitalis.com\/tunisie\/wp-json\/wp\/v2\/posts\/18711151\/revisions\/18711284"}],"wp:featuredmedia":[{"embeddable":true,"href":"https:\/\/kapitalis.com\/tunisie\/wp-json\/wp\/v2\/media\/18711209"}],"wp:attachment":[{"href":"https:\/\/kapitalis.com\/tunisie\/wp-json\/wp\/v2\/media?parent=18711151"}],"wp:term":[{"taxonomy":"category","embeddable":true,"href":"https:\/\/kapitalis.com\/tunisie\/wp-json\/wp\/v2\/categories?post=18711151"},{"taxonomy":"post_tag","embeddable":true,"href":"https:\/\/kapitalis.com\/tunisie\/wp-json\/wp\/v2\/tags?post=18711151"}],"curies":[{"name":"wp","href":"https:\/\/api.w.org\/{rel}","templated":true}]}}