{"id":187126,"date":"2018-12-04T09:40:29","date_gmt":"2018-12-04T08:40:29","guid":{"rendered":"http:\/\/kapitalis.com\/tunisie\/?p=187126"},"modified":"2018-12-04T09:40:29","modified_gmt":"2018-12-04T08:40:29","slug":"houmet-tounes-lance-le-tour-de-tunisie-de-la-caravane-de-lespoir","status":"publish","type":"post","link":"https:\/\/kapitalis.com\/tunisie\/2018\/12\/04\/houmet-tounes-lance-le-tour-de-tunisie-de-la-caravane-de-lespoir\/","title":{"rendered":"Houmet Tounes lance le tour de Tunisie de la \u00abCaravane de l\u2019Espoir\u00bb"},"content":{"rendered":"<p style=\"text-align: center;\"><img loading=\"lazy\" decoding=\"async\" class=\"alignnone size-full wp-image-187127\" src=\"http:\/\/kapitalis.com\/tunisie\/wp-content\/uploads\/2018\/12\/Houmet-Tounes.jpg\" alt=\"\" width=\"626\" height=\"380\" \/><\/p>\n<p><em><strong>Houmet Tounes, qui se pr\u00e9sente comme un \u00abmouvement civil ind\u00e9pendant\u00bb lance le tour de Tunisie de la \u00abCaravane de l\u2019Espoir\u00bb, une initiative citoyenne cens\u00e9e \u00abapporter du concret aux projets des jeunes\u00bb, sous le slogan \u00abDe l\u2019action rena\u00eet l\u2019espoir\u00bb.<\/strong><\/em><\/p>\n<p><!--more--><\/p>\n<p>Ce tour de Tunisie, qui durera 7 mois, d\u00e9butera ce vendredi 7 d\u00e9cembre 2018 par Bizerte et fera le tour des 24 gouvernorats jusqu\u2019\u00e0 fin juin 2019.<\/p>\n<p>Dans un communiqu\u00e9, Houmet Tounes explique que les projets des jeunes seront am\u00e9lior\u00e9s dans leurs pr\u00e9sentations et business plans par des \u00e9quipes d\u2019experts. Les bailleurs de fonds partenaires du mouvement recevront ainsi les projets finalis\u00e9s pour financement. <em>\u00abUne fois le promoteur du projet valid\u00e9, il sera mis en rapport avec un chef d\u2019entreprise chevronn\u00e9, qui lui servira de mentor pendant la premi\u00e8re ann\u00e9e, pour la r\u00e9alisation concr\u00e8te de son projet\u00bb<\/em>, indique encore Houmet Tounes, qui se pr\u00e9sente comme <em>\u00able porte-parole des jeunesses oubli\u00e9es de notre pays\u00bb.<\/em><\/p>\n<p><em>\u00abDu tri des propositions recueillies tout le long du tour national, nous ferons un Pack Jeunes et Citoyens qui sera remis \u00e0 toutes les autorit\u00e9s locales et nationales pour les interpeller\u00bb<\/em>, affirme Houmet Tounes, esp\u00e9rant par ces actions aider les jeunes promoteurs \u00e0 r\u00e9aliser leur ambitions et \u00e0 am\u00e9liorer leur vie.<\/p>\n<p>La <em>\u00abCaravane de l\u2019Espoir\u00bb<\/em> passera par Bizerte (7-8-9 d\u00e9cembre 2018) ; Siliana (10-11-12 d\u00e9cembre 2018) ; Le Kef (13-14-15-16 d\u00e9cembre 2018); Kairouan (17-18-19 d\u00e9cembre 2018); Sousse (20-21-22 d\u00e9cembre 2018); Kasserine (23-24-25 d\u00e9cembre 2018) et Gafsa (26-27-28 d\u00e9cembre 2018).<\/p>\n<p>La deuxi\u00e8me partie du tour de la<em> \u00abCaravane de l\u2019Espoir\u00bb<\/em> couvrira les 17 autres gouvernorats du d\u00e9but f\u00e9vrier jusqu\u2019\u00e0 fin juin 2019.<\/p>\n<p style=\"text-align: right;\"><strong>I. B.<\/strong><\/p>\n<blockquote class=\"wp-embedded-content\" data-secret=\"AkmpJjo2Cm\"><p><a href=\"https:\/\/kapitalis.com\/tunisie\/2018\/10\/22\/demain-annonce-de-la-naissance-de-houmet-tounes-un-mouvement-civil-independant\/\">Demain, annonce de la naissance de Houmet Tounes, un mouvement civil ind\u00e9pendant<\/a><\/p><\/blockquote>\n<p><iframe loading=\"lazy\" class=\"wp-embedded-content\" sandbox=\"allow-scripts\" security=\"restricted\" style=\"position: absolute; clip: rect(1px, 1px, 1px, 1px);\" title=\"\u00ab\u00a0Demain, annonce de la naissance de Houmet Tounes, un mouvement civil ind\u00e9pendant\u00a0\u00bb &#8212; Kapitalis\" src=\"https:\/\/kapitalis.com\/tunisie\/2018\/10\/22\/demain-annonce-de-la-naissance-de-houmet-tounes-un-mouvement-civil-independant\/embed\/#?secret=F3e8kSIFqc#?secret=AkmpJjo2Cm\" data-secret=\"AkmpJjo2Cm\" width=\"600\" height=\"338\" frameborder=\"0\" marginwidth=\"0\" marginheight=\"0\" scrolling=\"no\"><\/iframe><\/p>\n<blockquote class=\"wp-embedded-content\" data-secret=\"2ciOrwXOY4\"><p><a href=\"https:\/\/kapitalis.com\/tunisie\/2018\/08\/29\/il-est-temps-pour-la-tunisie-de-changer-de-siecle-politique\/\">Il est temps pour la Tunisie de changer de si\u00e8cle politique<\/a><\/p><\/blockquote>\n<p><iframe loading=\"lazy\" class=\"wp-embedded-content\" sandbox=\"allow-scripts\" security=\"restricted\" style=\"position: absolute; clip: rect(1px, 1px, 1px, 1px);\" title=\"\u00ab\u00a0Il est temps pour la Tunisie de changer de si\u00e8cle politique\u00a0\u00bb &#8212; Kapitalis\" src=\"https:\/\/kapitalis.com\/tunisie\/2018\/08\/29\/il-est-temps-pour-la-tunisie-de-changer-de-siecle-politique\/embed\/#?secret=DtgGTJeSLa#?secret=2ciOrwXOY4\" data-secret=\"2ciOrwXOY4\" width=\"600\" height=\"338\" frameborder=\"0\" marginwidth=\"0\" marginheight=\"0\" scrolling=\"no\"><\/iframe><\/p>\n","protected":false},"excerpt":{"rendered":"<p>Houmet Tounes, qui se pr\u00e9sente comme un \u00abmouvement civil ind\u00e9pendant\u00bb lance le tour de Tunisie de la \u00abCaravane de l\u2019Espoir\u00bb, une initiative citoyenne cens\u00e9e \u00abapporter du concret aux projets des jeunes\u00bb, sous le slogan \u00abDe l\u2019action rena\u00eet l\u2019espoir\u00bb.<\/p>\n","protected":false},"author":8,"featured_media":187127,"comment_status":"open","ping_status":"open","sticky":false,"template":"","format":"standard","meta":{"footnotes":""},"categories":[997,2433],"tags":[148],"class_list":["post-187126","post","type-post","status-publish","format-standard","has-post-thumbnail","hentry","category-politique","category-tunisie","tag-bizerte"],"yoast_head":"<!-- This site is optimized with the Yoast SEO plugin v26.6 - https:\/\/yoast.com\/wordpress\/plugins\/seo\/ -->\n<title>Houmet Tounes lance le tour de Tunisie de la \u00abCaravane de l\u2019Espoir\u00bb - Kapitalis<\/title>\n<meta name=\"robots\" content=\"index, follow, max-snippet:-1, max-image-preview:large, max-video-preview:-1\" \/>\n<link rel=\"canonical\" href=\"https:\/\/kapitalis.com\/tunisie\/2018\/12\/04\/houmet-tounes-lance-le-tour-de-tunisie-de-la-caravane-de-lespoir\/\" \/>\n<meta property=\"og:locale\" content=\"fr_FR\" \/>\n<meta property=\"og:type\" content=\"article\" \/>\n<meta property=\"og:title\" content=\"Houmet Tounes lance le tour de Tunisie de la \u00abCaravane de l\u2019Espoir\u00bb - Kapitalis\" \/>\n<meta property=\"og:description\" content=\"Houmet Tounes, qui se pr\u00e9sente comme un \u00abmouvement civil ind\u00e9pendant\u00bb lance le tour de Tunisie de la \u00abCaravane de l\u2019Espoir\u00bb, une initiative citoyenne cens\u00e9e \u00abapporter du concret aux projets des jeunes\u00bb, sous le slogan \u00abDe l\u2019action rena\u00eet l\u2019espoir\u00bb.\" \/>\n<meta property=\"og:url\" content=\"https:\/\/kapitalis.com\/tunisie\/2018\/12\/04\/houmet-tounes-lance-le-tour-de-tunisie-de-la-caravane-de-lespoir\/\" \/>\n<meta property=\"og:site_name\" content=\"Kapitalis\" \/>\n<meta property=\"article:publisher\" content=\"https:\/\/www.facebook.com\/KapitalisInfo\/\" \/>\n<meta property=\"article:published_time\" content=\"2018-12-04T08:40:29+00:00\" \/>\n<meta property=\"og:image\" content=\"https:\/\/kapitalis.com\/tunisie\/wp-content\/uploads\/2022\/05\/kapitalis-logo-fb.png\" \/>\n\t<meta property=\"og:image:width\" content=\"1200\" \/>\n\t<meta property=\"og:image:height\" content=\"630\" \/>\n\t<meta property=\"og:image:type\" content=\"image\/png\" \/>\n<meta name=\"author\" content=\"webmaster kapitalis\" \/>\n<meta name=\"twitter:card\" content=\"summary_large_image\" \/>\n<meta name=\"twitter:creator\" content=\"@KapitalisInfo\" \/>\n<meta name=\"twitter:site\" content=\"@KapitalisInfo\" \/>\n<meta name=\"twitter:label1\" content=\"\u00c9crit par\" \/>\n\t<meta name=\"twitter:data1\" content=\"webmaster kapitalis\" \/>\n\t<meta name=\"twitter:label2\" content=\"Dur\u00e9e de lecture estim\u00e9e\" \/>\n\t<meta name=\"twitter:data2\" content=\"2 minutes\" \/>\n<script type=\"application\/ld+json\" class=\"yoast-schema-graph\">{\"@context\":\"https:\/\/schema.org\",\"@graph\":[{\"@type\":\"Article\",\"@id\":\"https:\/\/kapitalis.com\/tunisie\/2018\/12\/04\/houmet-tounes-lance-le-tour-de-tunisie-de-la-caravane-de-lespoir\/#article\",\"isPartOf\":{\"@id\":\"https:\/\/kapitalis.com\/tunisie\/2018\/12\/04\/houmet-tounes-lance-le-tour-de-tunisie-de-la-caravane-de-lespoir\/\"},\"author\":{\"name\":\"webmaster kapitalis\",\"@id\":\"https:\/\/kapitalis.com\/tunisie\/#\/schema\/person\/d71f33a9ca44f7bad4698210b480c8e9\"},\"headline\":\"Houmet Tounes lance le tour de Tunisie de la \u00abCaravane de l\u2019Espoir\u00bb\",\"datePublished\":\"2018-12-04T08:40:29+00:00\",\"mainEntityOfPage\":{\"@id\":\"https:\/\/kapitalis.com\/tunisie\/2018\/12\/04\/houmet-tounes-lance-le-tour-de-tunisie-de-la-caravane-de-lespoir\/\"},\"wordCount\":313,\"commentCount\":0,\"publisher\":{\"@id\":\"https:\/\/kapitalis.com\/tunisie\/#organization\"},\"image\":{\"@id\":\"https:\/\/kapitalis.com\/tunisie\/2018\/12\/04\/houmet-tounes-lance-le-tour-de-tunisie-de-la-caravane-de-lespoir\/#primaryimage\"},\"thumbnailUrl\":\"\",\"keywords\":[\"Bizerte\"],\"articleSection\":[\"POLITIQUE\",\"Tunisie\"],\"inLanguage\":\"fr-FR\",\"potentialAction\":[{\"@type\":\"CommentAction\",\"name\":\"Comment\",\"target\":[\"https:\/\/kapitalis.com\/tunisie\/2018\/12\/04\/houmet-tounes-lance-le-tour-de-tunisie-de-la-caravane-de-lespoir\/#respond\"]}]},{\"@type\":\"WebPage\",\"@id\":\"https:\/\/kapitalis.com\/tunisie\/2018\/12\/04\/houmet-tounes-lance-le-tour-de-tunisie-de-la-caravane-de-lespoir\/\",\"url\":\"https:\/\/kapitalis.com\/tunisie\/2018\/12\/04\/houmet-tounes-lance-le-tour-de-tunisie-de-la-caravane-de-lespoir\/\",\"name\":\"Houmet Tounes lance le tour de Tunisie de la \u00abCaravane de l\u2019Espoir\u00bb - Kapitalis\",\"isPartOf\":{\"@id\":\"https:\/\/kapitalis.com\/tunisie\/#website\"},\"primaryImageOfPage\":{\"@id\":\"https:\/\/kapitalis.com\/tunisie\/2018\/12\/04\/houmet-tounes-lance-le-tour-de-tunisie-de-la-caravane-de-lespoir\/#primaryimage\"},\"image\":{\"@id\":\"https:\/\/kapitalis.com\/tunisie\/2018\/12\/04\/houmet-tounes-lance-le-tour-de-tunisie-de-la-caravane-de-lespoir\/#primaryimage\"},\"thumbnailUrl\":\"\",\"datePublished\":\"2018-12-04T08:40:29+00:00\",\"breadcrumb\":{\"@id\":\"https:\/\/kapitalis.com\/tunisie\/2018\/12\/04\/houmet-tounes-lance-le-tour-de-tunisie-de-la-caravane-de-lespoir\/#breadcrumb\"},\"inLanguage\":\"fr-FR\",\"potentialAction\":[{\"@type\":\"ReadAction\",\"target\":[\"https:\/\/kapitalis.com\/tunisie\/2018\/12\/04\/houmet-tounes-lance-le-tour-de-tunisie-de-la-caravane-de-lespoir\/\"]}]},{\"@type\":\"ImageObject\",\"inLanguage\":\"fr-FR\",\"@id\":\"https:\/\/kapitalis.com\/tunisie\/2018\/12\/04\/houmet-tounes-lance-le-tour-de-tunisie-de-la-caravane-de-lespoir\/#primaryimage\",\"url\":\"\",\"contentUrl\":\"\"},{\"@type\":\"BreadcrumbList\",\"@id\":\"https:\/\/kapitalis.com\/tunisie\/2018\/12\/04\/houmet-tounes-lance-le-tour-de-tunisie-de-la-caravane-de-lespoir\/#breadcrumb\",\"itemListElement\":[{\"@type\":\"ListItem\",\"position\":1,\"name\":\"Accueil\",\"item\":\"https:\/\/kapitalis.com\/tunisie\/\"},{\"@type\":\"ListItem\",\"position\":2,\"name\":\"Houmet Tounes lance le tour de Tunisie de la \u00abCaravane de l\u2019Espoir\u00bb\"}]},{\"@type\":\"WebSite\",\"@id\":\"https:\/\/kapitalis.com\/tunisie\/#website\",\"url\":\"https:\/\/kapitalis.com\/tunisie\/\",\"name\":\"Kapitalis\",\"description\":\"L&#039;actualit\u00e9 en Tunisie et dans le monde\",\"publisher\":{\"@id\":\"https:\/\/kapitalis.com\/tunisie\/#organization\"},\"potentialAction\":[{\"@type\":\"SearchAction\",\"target\":{\"@type\":\"EntryPoint\",\"urlTemplate\":\"https:\/\/kapitalis.com\/tunisie\/?s={search_term_string}\"},\"query-input\":{\"@type\":\"PropertyValueSpecification\",\"valueRequired\":true,\"valueName\":\"search_term_string\"}}],\"inLanguage\":\"fr-FR\"},{\"@type\":\"Organization\",\"@id\":\"https:\/\/kapitalis.com\/tunisie\/#organization\",\"name\":\"Kapitalis\",\"url\":\"https:\/\/kapitalis.com\/tunisie\/\",\"logo\":{\"@type\":\"ImageObject\",\"inLanguage\":\"fr-FR\",\"@id\":\"https:\/\/kapitalis.com\/tunisie\/#\/schema\/logo\/image\/\",\"url\":\"https:\/\/kapitalis.com\/tunisie\/wp-content\/uploads\/2022\/05\/Kapitalis-big-size.png\",\"contentUrl\":\"https:\/\/kapitalis.com\/tunisie\/wp-content\/uploads\/2022\/05\/Kapitalis-big-size.png\",\"width\":5000,\"height\":1500,\"caption\":\"Kapitalis\"},\"image\":{\"@id\":\"https:\/\/kapitalis.com\/tunisie\/#\/schema\/logo\/image\/\"},\"sameAs\":[\"https:\/\/www.facebook.com\/KapitalisInfo\/\",\"https:\/\/x.com\/KapitalisInfo\",\"https:\/\/www.youtube.com\/channel\/UC-yDYrHyfFBWWZaOw3FPg9Q\"]},{\"@type\":\"Person\",\"@id\":\"https:\/\/kapitalis.com\/tunisie\/#\/schema\/person\/d71f33a9ca44f7bad4698210b480c8e9\",\"name\":\"webmaster kapitalis\",\"url\":\"https:\/\/kapitalis.com\/tunisie\/author\/webmaster-kapitalis\/\"}]}<\/script>\n<!-- \/ Yoast SEO plugin. -->","yoast_head_json":{"title":"Houmet Tounes lance le tour de Tunisie de la \u00abCaravane de l\u2019Espoir\u00bb - Kapitalis","robots":{"index":"index","follow":"follow","max-snippet":"max-snippet:-1","max-image-preview":"max-image-preview:large","max-video-preview":"max-video-preview:-1"},"canonical":"https:\/\/kapitalis.com\/tunisie\/2018\/12\/04\/houmet-tounes-lance-le-tour-de-tunisie-de-la-caravane-de-lespoir\/","og_locale":"fr_FR","og_type":"article","og_title":"Houmet Tounes lance le tour de Tunisie de la \u00abCaravane de l\u2019Espoir\u00bb - Kapitalis","og_description":"Houmet Tounes, qui se pr\u00e9sente comme un \u00abmouvement civil ind\u00e9pendant\u00bb lance le tour de Tunisie de la \u00abCaravane de l\u2019Espoir\u00bb, une initiative citoyenne cens\u00e9e \u00abapporter du concret aux projets des jeunes\u00bb, sous le slogan \u00abDe l\u2019action rena\u00eet l\u2019espoir\u00bb.","og_url":"https:\/\/kapitalis.com\/tunisie\/2018\/12\/04\/houmet-tounes-lance-le-tour-de-tunisie-de-la-caravane-de-lespoir\/","og_site_name":"Kapitalis","article_publisher":"https:\/\/www.facebook.com\/KapitalisInfo\/","article_published_time":"2018-12-04T08:40:29+00:00","og_image":[{"width":1200,"height":630,"url":"https:\/\/kapitalis.com\/tunisie\/wp-content\/uploads\/2022\/05\/kapitalis-logo-fb.png","type":"image\/png"}],"author":"webmaster kapitalis","twitter_card":"summary_large_image","twitter_creator":"@KapitalisInfo","twitter_site":"@KapitalisInfo","twitter_misc":{"\u00c9crit par":"webmaster kapitalis","Dur\u00e9e de lecture estim\u00e9e":"2 minutes"},"schema":{"@context":"https:\/\/schema.org","@graph":[{"@type":"Article","@id":"https:\/\/kapitalis.com\/tunisie\/2018\/12\/04\/houmet-tounes-lance-le-tour-de-tunisie-de-la-caravane-de-lespoir\/#article","isPartOf":{"@id":"https:\/\/kapitalis.com\/tunisie\/2018\/12\/04\/houmet-tounes-lance-le-tour-de-tunisie-de-la-caravane-de-lespoir\/"},"author":{"name":"webmaster kapitalis","@id":"https:\/\/kapitalis.com\/tunisie\/#\/schema\/person\/d71f33a9ca44f7bad4698210b480c8e9"},"headline":"Houmet Tounes lance le tour de Tunisie de la \u00abCaravane de l\u2019Espoir\u00bb","datePublished":"2018-12-04T08:40:29+00:00","mainEntityOfPage":{"@id":"https:\/\/kapitalis.com\/tunisie\/2018\/12\/04\/houmet-tounes-lance-le-tour-de-tunisie-de-la-caravane-de-lespoir\/"},"wordCount":313,"commentCount":0,"publisher":{"@id":"https:\/\/kapitalis.com\/tunisie\/#organization"},"image":{"@id":"https:\/\/kapitalis.com\/tunisie\/2018\/12\/04\/houmet-tounes-lance-le-tour-de-tunisie-de-la-caravane-de-lespoir\/#primaryimage"},"thumbnailUrl":"","keywords":["Bizerte"],"articleSection":["POLITIQUE","Tunisie"],"inLanguage":"fr-FR","potentialAction":[{"@type":"CommentAction","name":"Comment","target":["https:\/\/kapitalis.com\/tunisie\/2018\/12\/04\/houmet-tounes-lance-le-tour-de-tunisie-de-la-caravane-de-lespoir\/#respond"]}]},{"@type":"WebPage","@id":"https:\/\/kapitalis.com\/tunisie\/2018\/12\/04\/houmet-tounes-lance-le-tour-de-tunisie-de-la-caravane-de-lespoir\/","url":"https:\/\/kapitalis.com\/tunisie\/2018\/12\/04\/houmet-tounes-lance-le-tour-de-tunisie-de-la-caravane-de-lespoir\/","name":"Houmet Tounes lance le tour de Tunisie de la \u00abCaravane de l\u2019Espoir\u00bb - Kapitalis","isPartOf":{"@id":"https:\/\/kapitalis.com\/tunisie\/#website"},"primaryImageOfPage":{"@id":"https:\/\/kapitalis.com\/tunisie\/2018\/12\/04\/houmet-tounes-lance-le-tour-de-tunisie-de-la-caravane-de-lespoir\/#primaryimage"},"image":{"@id":"https:\/\/kapitalis.com\/tunisie\/2018\/12\/04\/houmet-tounes-lance-le-tour-de-tunisie-de-la-caravane-de-lespoir\/#primaryimage"},"thumbnailUrl":"","datePublished":"2018-12-04T08:40:29+00:00","breadcrumb":{"@id":"https:\/\/kapitalis.com\/tunisie\/2018\/12\/04\/houmet-tounes-lance-le-tour-de-tunisie-de-la-caravane-de-lespoir\/#breadcrumb"},"inLanguage":"fr-FR","potentialAction":[{"@type":"ReadAction","target":["https:\/\/kapitalis.com\/tunisie\/2018\/12\/04\/houmet-tounes-lance-le-tour-de-tunisie-de-la-caravane-de-lespoir\/"]}]},{"@type":"ImageObject","inLanguage":"fr-FR","@id":"https:\/\/kapitalis.com\/tunisie\/2018\/12\/04\/houmet-tounes-lance-le-tour-de-tunisie-de-la-caravane-de-lespoir\/#primaryimage","url":"","contentUrl":""},{"@type":"BreadcrumbList","@id":"https:\/\/kapitalis.com\/tunisie\/2018\/12\/04\/houmet-tounes-lance-le-tour-de-tunisie-de-la-caravane-de-lespoir\/#breadcrumb","itemListElement":[{"@type":"ListItem","position":1,"name":"Accueil","item":"https:\/\/kapitalis.com\/tunisie\/"},{"@type":"ListItem","position":2,"name":"Houmet Tounes lance le tour de Tunisie de la \u00abCaravane de l\u2019Espoir\u00bb"}]},{"@type":"WebSite","@id":"https:\/\/kapitalis.com\/tunisie\/#website","url":"https:\/\/kapitalis.com\/tunisie\/","name":"Kapitalis","description":"L&#039;actualit\u00e9 en Tunisie et dans le monde","publisher":{"@id":"https:\/\/kapitalis.com\/tunisie\/#organization"},"potentialAction":[{"@type":"SearchAction","target":{"@type":"EntryPoint","urlTemplate":"https:\/\/kapitalis.com\/tunisie\/?s={search_term_string}"},"query-input":{"@type":"PropertyValueSpecification","valueRequired":true,"valueName":"search_term_string"}}],"inLanguage":"fr-FR"},{"@type":"Organization","@id":"https:\/\/kapitalis.com\/tunisie\/#organization","name":"Kapitalis","url":"https:\/\/kapitalis.com\/tunisie\/","logo":{"@type":"ImageObject","inLanguage":"fr-FR","@id":"https:\/\/kapitalis.com\/tunisie\/#\/schema\/logo\/image\/","url":"https:\/\/kapitalis.com\/tunisie\/wp-content\/uploads\/2022\/05\/Kapitalis-big-size.png","contentUrl":"https:\/\/kapitalis.com\/tunisie\/wp-content\/uploads\/2022\/05\/Kapitalis-big-size.png","width":5000,"height":1500,"caption":"Kapitalis"},"image":{"@id":"https:\/\/kapitalis.com\/tunisie\/#\/schema\/logo\/image\/"},"sameAs":["https:\/\/www.facebook.com\/KapitalisInfo\/","https:\/\/x.com\/KapitalisInfo","https:\/\/www.youtube.com\/channel\/UC-yDYrHyfFBWWZaOw3FPg9Q"]},{"@type":"Person","@id":"https:\/\/kapitalis.com\/tunisie\/#\/schema\/person\/d71f33a9ca44f7bad4698210b480c8e9","name":"webmaster kapitalis","url":"https:\/\/kapitalis.com\/tunisie\/author\/webmaster-kapitalis\/"}]}},"_links":{"self":[{"href":"https:\/\/kapitalis.com\/tunisie\/wp-json\/wp\/v2\/posts\/187126","targetHints":{"allow":["GET"]}}],"collection":[{"href":"https:\/\/kapitalis.com\/tunisie\/wp-json\/wp\/v2\/posts"}],"about":[{"href":"https:\/\/kapitalis.com\/tunisie\/wp-json\/wp\/v2\/types\/post"}],"author":[{"embeddable":true,"href":"https:\/\/kapitalis.com\/tunisie\/wp-json\/wp\/v2\/users\/8"}],"replies":[{"embeddable":true,"href":"https:\/\/kapitalis.com\/tunisie\/wp-json\/wp\/v2\/comments?post=187126"}],"version-history":[{"count":0,"href":"https:\/\/kapitalis.com\/tunisie\/wp-json\/wp\/v2\/posts\/187126\/revisions"}],"wp:featuredmedia":[{"embeddable":true,"href":"https:\/\/kapitalis.com\/tunisie\/wp-json\/wp\/v2\/media\/187127"}],"wp:attachment":[{"href":"https:\/\/kapitalis.com\/tunisie\/wp-json\/wp\/v2\/media?parent=187126"}],"wp:term":[{"taxonomy":"category","embeddable":true,"href":"https:\/\/kapitalis.com\/tunisie\/wp-json\/wp\/v2\/categories?post=187126"},{"taxonomy":"post_tag","embeddable":true,"href":"https:\/\/kapitalis.com\/tunisie\/wp-json\/wp\/v2\/tags?post=187126"}],"curies":[{"name":"wp","href":"https:\/\/api.w.org\/{rel}","templated":true}]}}