{"id":18712775,"date":"2026-04-30T12:57:44","date_gmt":"2026-04-30T11:57:44","guid":{"rendered":"https:\/\/kapitalis.com\/tunisie\/?p=18712775"},"modified":"2026-04-30T12:57:46","modified_gmt":"2026-04-30T11:57:46","slug":"tunisie-rached-ghannouchi-transfere-de-la-prison-a-lhopital","status":"publish","type":"post","link":"https:\/\/kapitalis.com\/tunisie\/2026\/04\/30\/tunisie-rached-ghannouchi-transfere-de-la-prison-a-lhopital\/","title":{"rendered":"Tunisie | Rached Ghannouchi transf\u00e9r\u00e9 de la prison \u00e0 l\u2019h\u00f4pital"},"content":{"rendered":"\n<p><strong><em>Le mouvement Ennahdha a annonc\u00e9 ce jeudi 30 avril, dans un communiqu\u00e9, que l\u2019\u00e9tat de sant\u00e9 de son chef, Rached Ghannouchi, s\u2019\u00e9tait fortement d\u00e9grad\u00e9, contraignant l\u2019administration p\u00e9nitentiaire \u00e0 le transf\u00e9rer d\u2019urgence \u00e0 l\u2019h\u00f4pital pour y \u00eatre soign\u00e9 et plac\u00e9 sous observation m\u00e9dicale pendant plusieurs jours.<\/em><\/strong><\/p>\n\n\n\n<!--more-->\n\n\n\n<p>L\u2019ancien pr\u00e9sident de l\u2019Assembl\u00e9e des repr\u00e9sentants du peuple (ARP), gel\u00e9e le 25 juillet 2021 avant d\u2019\u00eatre dissoute, \u00e2g\u00e9 de 82, est condamn\u00e9 \u00e0 de lourdes peines de prison dans plusieurs affaires \u00e0 caract\u00e8re politique.<\/p>\n\n\n\n<p>Incarc\u00e9r\u00e9 en&nbsp;avril 2023, il est condamn\u00e9, le&nbsp;5 f\u00e9vrier 2025, \u00e0 22 ans de prison pour&nbsp;<em>\u00abconspiration contre la s\u00fbret\u00e9 de l\u2019\u00c9tat\u00bb<\/em>. La peine est alourdie en appel en&nbsp;f\u00e9vrier 2026, ce qui porte la condamnation totale \u00e0 plus de 40 ans de prison.<\/p>\n\n\n\n<p>Ennahdha a r\u00e9it\u00e9r\u00e9 sa demande de lib\u00e9ration imm\u00e9diate de M. Ghannouchi, qu\u2019il consid\u00e8re comme <em>\u00abd\u00e9tenu arbitrairement\u00bb<\/em>, selon les termes du communiqu\u00e9.<\/p>\n\n\n\n<p class=\"has-text-align-right\"><strong>I. B.<\/strong> <\/p>\n","protected":false},"excerpt":{"rendered":"<p>L\u2019\u00e9tat de sant\u00e9 de Rached Ghannouchi, s\u2019est fortement d\u00e9grad\u00e9, contraignant l\u2019administration p\u00e9nitentiaire \u00e0 le transf\u00e9rer d\u2019urgence \u00e0 l\u2019h\u00f4pital. <\/p>\n","protected":false},"author":8,"featured_media":4205664,"comment_status":"open","ping_status":"open","sticky":false,"template":"","format":"standard","meta":{"footnotes":""},"categories":[997,2433],"tags":[49543,758,62643],"class_list":["post-18712775","post","type-post","status-publish","format-standard","has-post-thumbnail","hentry","category-politique","category-tunisie","tag-ennahdha","tag-rached-ghannouchi","tag-tunisie"],"yoast_head":"<!-- This site is optimized with the Yoast SEO plugin v26.6 - https:\/\/yoast.com\/wordpress\/plugins\/seo\/ -->\n<title>Tunisie | Rached Ghannouchi transf\u00e9r\u00e9 de la prison \u00e0 l\u2019h\u00f4pital - Kapitalis<\/title>\n<meta name=\"description\" content=\"L\u2019\u00e9tat de sant\u00e9 de Rached Ghannouchi, s\u2019est d\u00e9grad\u00e9, contraignant l\u2019administration p\u00e9nitentiaire \u00e0 le transf\u00e9rer d\u2019urgence \u00e0 l\u2019h\u00f4pital.\" \/>\n<meta name=\"robots\" content=\"index, follow, max-snippet:-1, max-image-preview:large, max-video-preview:-1\" \/>\n<link rel=\"canonical\" href=\"https:\/\/kapitalis.com\/tunisie\/2026\/04\/30\/tunisie-rached-ghannouchi-transfere-de-la-prison-a-lhopital\/\" \/>\n<meta property=\"og:locale\" content=\"fr_FR\" \/>\n<meta property=\"og:type\" content=\"article\" \/>\n<meta property=\"og:title\" content=\"Tunisie | Rached Ghannouchi transf\u00e9r\u00e9 de la prison \u00e0 l\u2019h\u00f4pital - Kapitalis\" \/>\n<meta property=\"og:description\" content=\"L\u2019\u00e9tat de sant\u00e9 de Rached Ghannouchi, s\u2019est d\u00e9grad\u00e9, contraignant l\u2019administration p\u00e9nitentiaire \u00e0 le transf\u00e9rer d\u2019urgence \u00e0 l\u2019h\u00f4pital.\" \/>\n<meta property=\"og:url\" content=\"https:\/\/kapitalis.com\/tunisie\/2026\/04\/30\/tunisie-rached-ghannouchi-transfere-de-la-prison-a-lhopital\/\" \/>\n<meta property=\"og:site_name\" content=\"Kapitalis\" \/>\n<meta property=\"article:publisher\" content=\"https:\/\/www.facebook.com\/KapitalisInfo\/\" \/>\n<meta property=\"article:published_time\" content=\"2026-04-30T11:57:44+00:00\" \/>\n<meta property=\"article:modified_time\" content=\"2026-04-30T11:57:46+00:00\" \/>\n<meta property=\"og:image\" content=\"https:\/\/kapitalis.com\/tunisie\/wp-content\/uploads\/2022\/09\/Rached-Ghannouchi-signe-de-la-victoire.jpg\" \/>\n\t<meta property=\"og:image:width\" content=\"1200\" \/>\n\t<meta property=\"og:image:height\" content=\"630\" \/>\n\t<meta property=\"og:image:type\" content=\"image\/jpeg\" \/>\n<meta name=\"author\" content=\"webmaster kapitalis\" \/>\n<meta name=\"twitter:card\" content=\"summary_large_image\" \/>\n<meta name=\"twitter:creator\" content=\"@KapitalisInfo\" \/>\n<meta name=\"twitter:site\" content=\"@KapitalisInfo\" \/>\n<meta name=\"twitter:label1\" content=\"\u00c9crit par\" \/>\n\t<meta name=\"twitter:data1\" content=\"webmaster kapitalis\" \/>\n\t<meta name=\"twitter:label2\" content=\"Dur\u00e9e de lecture estim\u00e9e\" \/>\n\t<meta name=\"twitter:data2\" content=\"1 minute\" \/>\n<script type=\"application\/ld+json\" class=\"yoast-schema-graph\">{\"@context\":\"https:\/\/schema.org\",\"@graph\":[{\"@type\":\"Article\",\"@id\":\"https:\/\/kapitalis.com\/tunisie\/2026\/04\/30\/tunisie-rached-ghannouchi-transfere-de-la-prison-a-lhopital\/#article\",\"isPartOf\":{\"@id\":\"https:\/\/kapitalis.com\/tunisie\/2026\/04\/30\/tunisie-rached-ghannouchi-transfere-de-la-prison-a-lhopital\/\"},\"author\":{\"name\":\"webmaster kapitalis\",\"@id\":\"https:\/\/kapitalis.com\/tunisie\/#\/schema\/person\/d71f33a9ca44f7bad4698210b480c8e9\"},\"headline\":\"Tunisie | Rached Ghannouchi transf\u00e9r\u00e9 de la prison \u00e0 l\u2019h\u00f4pital\",\"datePublished\":\"2026-04-30T11:57:44+00:00\",\"dateModified\":\"2026-04-30T11:57:46+00:00\",\"mainEntityOfPage\":{\"@id\":\"https:\/\/kapitalis.com\/tunisie\/2026\/04\/30\/tunisie-rached-ghannouchi-transfere-de-la-prison-a-lhopital\/\"},\"wordCount\":176,\"commentCount\":0,\"publisher\":{\"@id\":\"https:\/\/kapitalis.com\/tunisie\/#organization\"},\"image\":{\"@id\":\"https:\/\/kapitalis.com\/tunisie\/2026\/04\/30\/tunisie-rached-ghannouchi-transfere-de-la-prison-a-lhopital\/#primaryimage\"},\"thumbnailUrl\":\"https:\/\/kapitalis.com\/tunisie\/wp-content\/uploads\/2022\/09\/Rached-Ghannouchi-signe-de-la-victoire.jpg\",\"keywords\":[\"Ennahdha\",\"Rached Ghannouchi\",\"Tunisie\"],\"articleSection\":[\"POLITIQUE\",\"Tunisie\"],\"inLanguage\":\"fr-FR\",\"potentialAction\":[{\"@type\":\"CommentAction\",\"name\":\"Comment\",\"target\":[\"https:\/\/kapitalis.com\/tunisie\/2026\/04\/30\/tunisie-rached-ghannouchi-transfere-de-la-prison-a-lhopital\/#respond\"]}]},{\"@type\":\"WebPage\",\"@id\":\"https:\/\/kapitalis.com\/tunisie\/2026\/04\/30\/tunisie-rached-ghannouchi-transfere-de-la-prison-a-lhopital\/\",\"url\":\"https:\/\/kapitalis.com\/tunisie\/2026\/04\/30\/tunisie-rached-ghannouchi-transfere-de-la-prison-a-lhopital\/\",\"name\":\"Tunisie | Rached Ghannouchi transf\u00e9r\u00e9 de la prison \u00e0 l\u2019h\u00f4pital - Kapitalis\",\"isPartOf\":{\"@id\":\"https:\/\/kapitalis.com\/tunisie\/#website\"},\"primaryImageOfPage\":{\"@id\":\"https:\/\/kapitalis.com\/tunisie\/2026\/04\/30\/tunisie-rached-ghannouchi-transfere-de-la-prison-a-lhopital\/#primaryimage\"},\"image\":{\"@id\":\"https:\/\/kapitalis.com\/tunisie\/2026\/04\/30\/tunisie-rached-ghannouchi-transfere-de-la-prison-a-lhopital\/#primaryimage\"},\"thumbnailUrl\":\"https:\/\/kapitalis.com\/tunisie\/wp-content\/uploads\/2022\/09\/Rached-Ghannouchi-signe-de-la-victoire.jpg\",\"datePublished\":\"2026-04-30T11:57:44+00:00\",\"dateModified\":\"2026-04-30T11:57:46+00:00\",\"description\":\"L\u2019\u00e9tat de sant\u00e9 de Rached Ghannouchi, s\u2019est d\u00e9grad\u00e9, contraignant l\u2019administration p\u00e9nitentiaire \u00e0 le transf\u00e9rer d\u2019urgence \u00e0 l\u2019h\u00f4pital.\",\"breadcrumb\":{\"@id\":\"https:\/\/kapitalis.com\/tunisie\/2026\/04\/30\/tunisie-rached-ghannouchi-transfere-de-la-prison-a-lhopital\/#breadcrumb\"},\"inLanguage\":\"fr-FR\",\"potentialAction\":[{\"@type\":\"ReadAction\",\"target\":[\"https:\/\/kapitalis.com\/tunisie\/2026\/04\/30\/tunisie-rached-ghannouchi-transfere-de-la-prison-a-lhopital\/\"]}]},{\"@type\":\"ImageObject\",\"inLanguage\":\"fr-FR\",\"@id\":\"https:\/\/kapitalis.com\/tunisie\/2026\/04\/30\/tunisie-rached-ghannouchi-transfere-de-la-prison-a-lhopital\/#primaryimage\",\"url\":\"https:\/\/kapitalis.com\/tunisie\/wp-content\/uploads\/2022\/09\/Rached-Ghannouchi-signe-de-la-victoire.jpg\",\"contentUrl\":\"https:\/\/kapitalis.com\/tunisie\/wp-content\/uploads\/2022\/09\/Rached-Ghannouchi-signe-de-la-victoire.jpg\",\"width\":1200,\"height\":630},{\"@type\":\"BreadcrumbList\",\"@id\":\"https:\/\/kapitalis.com\/tunisie\/2026\/04\/30\/tunisie-rached-ghannouchi-transfere-de-la-prison-a-lhopital\/#breadcrumb\",\"itemListElement\":[{\"@type\":\"ListItem\",\"position\":1,\"name\":\"Accueil\",\"item\":\"https:\/\/kapitalis.com\/tunisie\/\"},{\"@type\":\"ListItem\",\"position\":2,\"name\":\"Tunisie | Rached Ghannouchi transf\u00e9r\u00e9 de la prison \u00e0 l\u2019h\u00f4pital\"}]},{\"@type\":\"WebSite\",\"@id\":\"https:\/\/kapitalis.com\/tunisie\/#website\",\"url\":\"https:\/\/kapitalis.com\/tunisie\/\",\"name\":\"Kapitalis\",\"description\":\"L&#039;actualit\u00e9 en Tunisie et dans le monde\",\"publisher\":{\"@id\":\"https:\/\/kapitalis.com\/tunisie\/#organization\"},\"potentialAction\":[{\"@type\":\"SearchAction\",\"target\":{\"@type\":\"EntryPoint\",\"urlTemplate\":\"https:\/\/kapitalis.com\/tunisie\/?s={search_term_string}\"},\"query-input\":{\"@type\":\"PropertyValueSpecification\",\"valueRequired\":true,\"valueName\":\"search_term_string\"}}],\"inLanguage\":\"fr-FR\"},{\"@type\":\"Organization\",\"@id\":\"https:\/\/kapitalis.com\/tunisie\/#organization\",\"name\":\"Kapitalis\",\"url\":\"https:\/\/kapitalis.com\/tunisie\/\",\"logo\":{\"@type\":\"ImageObject\",\"inLanguage\":\"fr-FR\",\"@id\":\"https:\/\/kapitalis.com\/tunisie\/#\/schema\/logo\/image\/\",\"url\":\"https:\/\/kapitalis.com\/tunisie\/wp-content\/uploads\/2022\/05\/Kapitalis-big-size.png\",\"contentUrl\":\"https:\/\/kapitalis.com\/tunisie\/wp-content\/uploads\/2022\/05\/Kapitalis-big-size.png\",\"width\":5000,\"height\":1500,\"caption\":\"Kapitalis\"},\"image\":{\"@id\":\"https:\/\/kapitalis.com\/tunisie\/#\/schema\/logo\/image\/\"},\"sameAs\":[\"https:\/\/www.facebook.com\/KapitalisInfo\/\",\"https:\/\/x.com\/KapitalisInfo\",\"https:\/\/www.youtube.com\/channel\/UC-yDYrHyfFBWWZaOw3FPg9Q\"]},{\"@type\":\"Person\",\"@id\":\"https:\/\/kapitalis.com\/tunisie\/#\/schema\/person\/d71f33a9ca44f7bad4698210b480c8e9\",\"name\":\"webmaster kapitalis\",\"url\":\"https:\/\/kapitalis.com\/tunisie\/author\/webmaster-kapitalis\/\"}]}<\/script>\n<!-- \/ Yoast SEO plugin. -->","yoast_head_json":{"title":"Tunisie | Rached Ghannouchi transf\u00e9r\u00e9 de la prison \u00e0 l\u2019h\u00f4pital - Kapitalis","description":"L\u2019\u00e9tat de sant\u00e9 de Rached Ghannouchi, s\u2019est d\u00e9grad\u00e9, contraignant l\u2019administration p\u00e9nitentiaire \u00e0 le transf\u00e9rer d\u2019urgence \u00e0 l\u2019h\u00f4pital.","robots":{"index":"index","follow":"follow","max-snippet":"max-snippet:-1","max-image-preview":"max-image-preview:large","max-video-preview":"max-video-preview:-1"},"canonical":"https:\/\/kapitalis.com\/tunisie\/2026\/04\/30\/tunisie-rached-ghannouchi-transfere-de-la-prison-a-lhopital\/","og_locale":"fr_FR","og_type":"article","og_title":"Tunisie | Rached Ghannouchi transf\u00e9r\u00e9 de la prison \u00e0 l\u2019h\u00f4pital - Kapitalis","og_description":"L\u2019\u00e9tat de sant\u00e9 de Rached Ghannouchi, s\u2019est d\u00e9grad\u00e9, contraignant l\u2019administration p\u00e9nitentiaire \u00e0 le transf\u00e9rer d\u2019urgence \u00e0 l\u2019h\u00f4pital.","og_url":"https:\/\/kapitalis.com\/tunisie\/2026\/04\/30\/tunisie-rached-ghannouchi-transfere-de-la-prison-a-lhopital\/","og_site_name":"Kapitalis","article_publisher":"https:\/\/www.facebook.com\/KapitalisInfo\/","article_published_time":"2026-04-30T11:57:44+00:00","article_modified_time":"2026-04-30T11:57:46+00:00","og_image":[{"width":1200,"height":630,"url":"https:\/\/kapitalis.com\/tunisie\/wp-content\/uploads\/2022\/09\/Rached-Ghannouchi-signe-de-la-victoire.jpg","type":"image\/jpeg"}],"author":"webmaster kapitalis","twitter_card":"summary_large_image","twitter_creator":"@KapitalisInfo","twitter_site":"@KapitalisInfo","twitter_misc":{"\u00c9crit par":"webmaster kapitalis","Dur\u00e9e de lecture estim\u00e9e":"1 minute"},"schema":{"@context":"https:\/\/schema.org","@graph":[{"@type":"Article","@id":"https:\/\/kapitalis.com\/tunisie\/2026\/04\/30\/tunisie-rached-ghannouchi-transfere-de-la-prison-a-lhopital\/#article","isPartOf":{"@id":"https:\/\/kapitalis.com\/tunisie\/2026\/04\/30\/tunisie-rached-ghannouchi-transfere-de-la-prison-a-lhopital\/"},"author":{"name":"webmaster kapitalis","@id":"https:\/\/kapitalis.com\/tunisie\/#\/schema\/person\/d71f33a9ca44f7bad4698210b480c8e9"},"headline":"Tunisie | Rached Ghannouchi transf\u00e9r\u00e9 de la prison \u00e0 l\u2019h\u00f4pital","datePublished":"2026-04-30T11:57:44+00:00","dateModified":"2026-04-30T11:57:46+00:00","mainEntityOfPage":{"@id":"https:\/\/kapitalis.com\/tunisie\/2026\/04\/30\/tunisie-rached-ghannouchi-transfere-de-la-prison-a-lhopital\/"},"wordCount":176,"commentCount":0,"publisher":{"@id":"https:\/\/kapitalis.com\/tunisie\/#organization"},"image":{"@id":"https:\/\/kapitalis.com\/tunisie\/2026\/04\/30\/tunisie-rached-ghannouchi-transfere-de-la-prison-a-lhopital\/#primaryimage"},"thumbnailUrl":"https:\/\/kapitalis.com\/tunisie\/wp-content\/uploads\/2022\/09\/Rached-Ghannouchi-signe-de-la-victoire.jpg","keywords":["Ennahdha","Rached Ghannouchi","Tunisie"],"articleSection":["POLITIQUE","Tunisie"],"inLanguage":"fr-FR","potentialAction":[{"@type":"CommentAction","name":"Comment","target":["https:\/\/kapitalis.com\/tunisie\/2026\/04\/30\/tunisie-rached-ghannouchi-transfere-de-la-prison-a-lhopital\/#respond"]}]},{"@type":"WebPage","@id":"https:\/\/kapitalis.com\/tunisie\/2026\/04\/30\/tunisie-rached-ghannouchi-transfere-de-la-prison-a-lhopital\/","url":"https:\/\/kapitalis.com\/tunisie\/2026\/04\/30\/tunisie-rached-ghannouchi-transfere-de-la-prison-a-lhopital\/","name":"Tunisie | Rached Ghannouchi transf\u00e9r\u00e9 de la prison \u00e0 l\u2019h\u00f4pital - Kapitalis","isPartOf":{"@id":"https:\/\/kapitalis.com\/tunisie\/#website"},"primaryImageOfPage":{"@id":"https:\/\/kapitalis.com\/tunisie\/2026\/04\/30\/tunisie-rached-ghannouchi-transfere-de-la-prison-a-lhopital\/#primaryimage"},"image":{"@id":"https:\/\/kapitalis.com\/tunisie\/2026\/04\/30\/tunisie-rached-ghannouchi-transfere-de-la-prison-a-lhopital\/#primaryimage"},"thumbnailUrl":"https:\/\/kapitalis.com\/tunisie\/wp-content\/uploads\/2022\/09\/Rached-Ghannouchi-signe-de-la-victoire.jpg","datePublished":"2026-04-30T11:57:44+00:00","dateModified":"2026-04-30T11:57:46+00:00","description":"L\u2019\u00e9tat de sant\u00e9 de Rached Ghannouchi, s\u2019est d\u00e9grad\u00e9, contraignant l\u2019administration p\u00e9nitentiaire \u00e0 le transf\u00e9rer d\u2019urgence \u00e0 l\u2019h\u00f4pital.","breadcrumb":{"@id":"https:\/\/kapitalis.com\/tunisie\/2026\/04\/30\/tunisie-rached-ghannouchi-transfere-de-la-prison-a-lhopital\/#breadcrumb"},"inLanguage":"fr-FR","potentialAction":[{"@type":"ReadAction","target":["https:\/\/kapitalis.com\/tunisie\/2026\/04\/30\/tunisie-rached-ghannouchi-transfere-de-la-prison-a-lhopital\/"]}]},{"@type":"ImageObject","inLanguage":"fr-FR","@id":"https:\/\/kapitalis.com\/tunisie\/2026\/04\/30\/tunisie-rached-ghannouchi-transfere-de-la-prison-a-lhopital\/#primaryimage","url":"https:\/\/kapitalis.com\/tunisie\/wp-content\/uploads\/2022\/09\/Rached-Ghannouchi-signe-de-la-victoire.jpg","contentUrl":"https:\/\/kapitalis.com\/tunisie\/wp-content\/uploads\/2022\/09\/Rached-Ghannouchi-signe-de-la-victoire.jpg","width":1200,"height":630},{"@type":"BreadcrumbList","@id":"https:\/\/kapitalis.com\/tunisie\/2026\/04\/30\/tunisie-rached-ghannouchi-transfere-de-la-prison-a-lhopital\/#breadcrumb","itemListElement":[{"@type":"ListItem","position":1,"name":"Accueil","item":"https:\/\/kapitalis.com\/tunisie\/"},{"@type":"ListItem","position":2,"name":"Tunisie | Rached Ghannouchi transf\u00e9r\u00e9 de la prison \u00e0 l\u2019h\u00f4pital"}]},{"@type":"WebSite","@id":"https:\/\/kapitalis.com\/tunisie\/#website","url":"https:\/\/kapitalis.com\/tunisie\/","name":"Kapitalis","description":"L&#039;actualit\u00e9 en Tunisie et dans le monde","publisher":{"@id":"https:\/\/kapitalis.com\/tunisie\/#organization"},"potentialAction":[{"@type":"SearchAction","target":{"@type":"EntryPoint","urlTemplate":"https:\/\/kapitalis.com\/tunisie\/?s={search_term_string}"},"query-input":{"@type":"PropertyValueSpecification","valueRequired":true,"valueName":"search_term_string"}}],"inLanguage":"fr-FR"},{"@type":"Organization","@id":"https:\/\/kapitalis.com\/tunisie\/#organization","name":"Kapitalis","url":"https:\/\/kapitalis.com\/tunisie\/","logo":{"@type":"ImageObject","inLanguage":"fr-FR","@id":"https:\/\/kapitalis.com\/tunisie\/#\/schema\/logo\/image\/","url":"https:\/\/kapitalis.com\/tunisie\/wp-content\/uploads\/2022\/05\/Kapitalis-big-size.png","contentUrl":"https:\/\/kapitalis.com\/tunisie\/wp-content\/uploads\/2022\/05\/Kapitalis-big-size.png","width":5000,"height":1500,"caption":"Kapitalis"},"image":{"@id":"https:\/\/kapitalis.com\/tunisie\/#\/schema\/logo\/image\/"},"sameAs":["https:\/\/www.facebook.com\/KapitalisInfo\/","https:\/\/x.com\/KapitalisInfo","https:\/\/www.youtube.com\/channel\/UC-yDYrHyfFBWWZaOw3FPg9Q"]},{"@type":"Person","@id":"https:\/\/kapitalis.com\/tunisie\/#\/schema\/person\/d71f33a9ca44f7bad4698210b480c8e9","name":"webmaster kapitalis","url":"https:\/\/kapitalis.com\/tunisie\/author\/webmaster-kapitalis\/"}]}},"_links":{"self":[{"href":"https:\/\/kapitalis.com\/tunisie\/wp-json\/wp\/v2\/posts\/18712775","targetHints":{"allow":["GET"]}}],"collection":[{"href":"https:\/\/kapitalis.com\/tunisie\/wp-json\/wp\/v2\/posts"}],"about":[{"href":"https:\/\/kapitalis.com\/tunisie\/wp-json\/wp\/v2\/types\/post"}],"author":[{"embeddable":true,"href":"https:\/\/kapitalis.com\/tunisie\/wp-json\/wp\/v2\/users\/8"}],"replies":[{"embeddable":true,"href":"https:\/\/kapitalis.com\/tunisie\/wp-json\/wp\/v2\/comments?post=18712775"}],"version-history":[{"count":1,"href":"https:\/\/kapitalis.com\/tunisie\/wp-json\/wp\/v2\/posts\/18712775\/revisions"}],"predecessor-version":[{"id":18712780,"href":"https:\/\/kapitalis.com\/tunisie\/wp-json\/wp\/v2\/posts\/18712775\/revisions\/18712780"}],"wp:featuredmedia":[{"embeddable":true,"href":"https:\/\/kapitalis.com\/tunisie\/wp-json\/wp\/v2\/media\/4205664"}],"wp:attachment":[{"href":"https:\/\/kapitalis.com\/tunisie\/wp-json\/wp\/v2\/media?parent=18712775"}],"wp:term":[{"taxonomy":"category","embeddable":true,"href":"https:\/\/kapitalis.com\/tunisie\/wp-json\/wp\/v2\/categories?post=18712775"},{"taxonomy":"post_tag","embeddable":true,"href":"https:\/\/kapitalis.com\/tunisie\/wp-json\/wp\/v2\/tags?post=18712775"}],"curies":[{"name":"wp","href":"https:\/\/api.w.org\/{rel}","templated":true}]}}