{"id":18712859,"date":"2026-04-30T13:19:46","date_gmt":"2026-04-30T12:19:46","guid":{"rendered":"https:\/\/kapitalis.com\/tunisie\/?p=18712859"},"modified":"2026-04-30T13:19:48","modified_gmt":"2026-04-30T12:19:48","slug":"mehdi-ben-gharbia-condamne-en-appel-a-5-ans-de-prison","status":"publish","type":"post","link":"https:\/\/kapitalis.com\/tunisie\/2026\/04\/30\/mehdi-ben-gharbia-condamne-en-appel-a-5-ans-de-prison\/","title":{"rendered":"Mehdi Ben Gharbia condamn\u00e9 en appel \u00e0 5 ans de prison"},"content":{"rendered":"\n<p><strong><em>La Chambre criminelle de la Cour d\u2019appel de Tunis, sp\u00e9cialis\u00e9e dans les affaires de corruption financi\u00e8re, a confirm\u00e9 le jugement initial condamnant l\u2019homme d\u2019affaires Mehdi Ben Gharbia \u00e0 cinq ans de prison et \u00e0 une amende de plus de 48 millions de dinars, dans une affaire de nature financi\u00e8re et bancaire, selon le dossier et les enqu\u00eates, rapporte <a href=\"https:\/\/www.mosaiquefm.net\/ar\/%D8%AA%D9%88%D9%86%D8%B3-%D9%88%D8%B7%D9%86%D9%8A%D8%A9\/1515001\/%D8%A5%D9%82%D8%B1%D8%A7%D8%B1-%D8%A5%D8%AF%D8%A7%D9%86%D8%A9-%D8%A7%D9%84%D9%85%D9%87%D8%AF%D9%8A-%D8%A8%D9%86-%D8%BA%D8%B1%D8%A8%D9%8A%D8%A9-%D8%A8%D8%A7%D9%84%D8%B3%D8%AC%D9%86-5-%D8%B3%D9%86%D9%88%D8%A7%D8%AA-%D9%88%D8%AE%D8%B7%D9%8A%D8%A9-%D9%85%D8%A7%D9%84%D9%8A%D8%A9\" target=\"_blank\" rel=\"noreferrer noopener\">Mosa\u00efque<\/a>.<\/em><\/strong><\/p>\n\n\n\n<!--more-->\n\n\n\n<p>Plac\u00e9 en garde \u00e0 vue le\u00a017 octobre 2021, l\u2019homme politique, ancien constituant et ancien d\u00e9put\u00e9, \u00e9galement ancien pr\u00e9sident du Club athl\u00e9tique bizertin (CAB), est accus\u00e9 de\u00a0fraude fiscale\u00a0et\u00a0blanchiment d\u2019argent\u00a0au sein de deux de ses entreprises de\u00a0fret (World Freight Service et Chronofret). Ses avocats d\u00e9noncent des poursuites \u00e0 caract\u00e8re politique et des d\u00e9passements en mati\u00e8re de droits de l\u2019homme et de d\u00e9lai de d\u00e9tention de leur client.<\/p>\n\n\n\n<p>En&nbsp;janvier 2025, il est condamn\u00e9 \u00e0 quatre ans de prison et \u00e0 une amende de 50&nbsp;000&nbsp;dinars pour corruption financi\u00e8re et administrative.<\/p>\n\n\n\n<p>En&nbsp;mai 2025, il est vis\u00e9 par un mandat de d\u00e9p\u00f4t dans le cadre de l\u2019affaire du meurtre en 2020 de Rahma Lahmar qui travaillait dans l&rsquo;une de ses entreprises.<\/p>\n\n\n\n<p>Le&nbsp;2 mars 2026, il est condamn\u00e9 \u00e0 six ans de prison pour corruption.<\/p>\n\n\n\n<p class=\"has-text-align-right\"><strong>I. B.<\/strong> <\/p>\n","protected":false},"excerpt":{"rendered":"<p>L\u2019homme d\u2019affaires Mehdi Ben Gharbia condamn\u00e9 en appel \u00e0 5 ans de prison et \u00e0 une amende de plus de 48 millions de dinars. <\/p>\n","protected":false},"author":8,"featured_media":16560092,"comment_status":"open","ping_status":"open","sticky":false,"template":"","format":"standard","meta":{"footnotes":""},"categories":[995,997,998,2433],"tags":[128104,1168,83130,120424],"class_list":["post-18712859","post","type-post","status-publish","format-standard","has-post-thumbnail","hentry","category-economie","category-politique","category-societe","category-tunisie","tag-chronofret","tag-mehdi-ben-gharbia","tag-rahma-lahmar","tag-world-freight-service"],"yoast_head":"<!-- This site is optimized with the Yoast SEO plugin v26.6 - https:\/\/yoast.com\/wordpress\/plugins\/seo\/ -->\n<title>Mehdi Ben Gharbia condamn\u00e9 en appel \u00e0 5 ans de prison - Kapitalis<\/title>\n<meta name=\"description\" content=\"L\u2019homme d\u2019affaires Mehdi Ben Gharbia condamn\u00e9 en appel \u00e0 5 ans de prison et \u00e0 une amende de plus de 48 millions de dinars.\" \/>\n<meta name=\"robots\" content=\"index, follow, max-snippet:-1, max-image-preview:large, max-video-preview:-1\" \/>\n<link rel=\"canonical\" href=\"https:\/\/kapitalis.com\/tunisie\/2026\/04\/30\/mehdi-ben-gharbia-condamne-en-appel-a-5-ans-de-prison\/\" \/>\n<meta property=\"og:locale\" content=\"fr_FR\" \/>\n<meta property=\"og:type\" content=\"article\" \/>\n<meta property=\"og:title\" content=\"Mehdi Ben Gharbia condamn\u00e9 en appel \u00e0 5 ans de prison - Kapitalis\" \/>\n<meta property=\"og:description\" content=\"L\u2019homme d\u2019affaires Mehdi Ben Gharbia condamn\u00e9 en appel \u00e0 5 ans de prison et \u00e0 une amende de plus de 48 millions de dinars.\" \/>\n<meta property=\"og:url\" content=\"https:\/\/kapitalis.com\/tunisie\/2026\/04\/30\/mehdi-ben-gharbia-condamne-en-appel-a-5-ans-de-prison\/\" \/>\n<meta property=\"og:site_name\" content=\"Kapitalis\" \/>\n<meta property=\"article:publisher\" content=\"https:\/\/www.facebook.com\/KapitalisInfo\/\" \/>\n<meta property=\"article:published_time\" content=\"2026-04-30T12:19:46+00:00\" \/>\n<meta property=\"article:modified_time\" content=\"2026-04-30T12:19:48+00:00\" \/>\n<meta property=\"og:image\" content=\"https:\/\/kapitalis.com\/tunisie\/wp-content\/uploads\/2025\/05\/Mehdi-Ben-Gharbia.jpg\" \/>\n\t<meta property=\"og:image:width\" content=\"1200\" \/>\n\t<meta property=\"og:image:height\" content=\"630\" \/>\n\t<meta property=\"og:image:type\" content=\"image\/jpeg\" \/>\n<meta name=\"author\" content=\"webmaster kapitalis\" \/>\n<meta name=\"twitter:card\" content=\"summary_large_image\" \/>\n<meta name=\"twitter:creator\" content=\"@KapitalisInfo\" \/>\n<meta name=\"twitter:site\" content=\"@KapitalisInfo\" \/>\n<meta name=\"twitter:label1\" content=\"\u00c9crit par\" \/>\n\t<meta name=\"twitter:data1\" content=\"webmaster kapitalis\" \/>\n\t<meta name=\"twitter:label2\" content=\"Dur\u00e9e de lecture estim\u00e9e\" \/>\n\t<meta name=\"twitter:data2\" content=\"2 minutes\" \/>\n<script type=\"application\/ld+json\" class=\"yoast-schema-graph\">{\"@context\":\"https:\/\/schema.org\",\"@graph\":[{\"@type\":\"Article\",\"@id\":\"https:\/\/kapitalis.com\/tunisie\/2026\/04\/30\/mehdi-ben-gharbia-condamne-en-appel-a-5-ans-de-prison\/#article\",\"isPartOf\":{\"@id\":\"https:\/\/kapitalis.com\/tunisie\/2026\/04\/30\/mehdi-ben-gharbia-condamne-en-appel-a-5-ans-de-prison\/\"},\"author\":{\"name\":\"webmaster kapitalis\",\"@id\":\"https:\/\/kapitalis.com\/tunisie\/#\/schema\/person\/d71f33a9ca44f7bad4698210b480c8e9\"},\"headline\":\"Mehdi Ben Gharbia condamn\u00e9 en appel \u00e0 5 ans de prison\",\"datePublished\":\"2026-04-30T12:19:46+00:00\",\"dateModified\":\"2026-04-30T12:19:48+00:00\",\"mainEntityOfPage\":{\"@id\":\"https:\/\/kapitalis.com\/tunisie\/2026\/04\/30\/mehdi-ben-gharbia-condamne-en-appel-a-5-ans-de-prison\/\"},\"wordCount\":222,\"commentCount\":0,\"publisher\":{\"@id\":\"https:\/\/kapitalis.com\/tunisie\/#organization\"},\"image\":{\"@id\":\"https:\/\/kapitalis.com\/tunisie\/2026\/04\/30\/mehdi-ben-gharbia-condamne-en-appel-a-5-ans-de-prison\/#primaryimage\"},\"thumbnailUrl\":\"https:\/\/kapitalis.com\/tunisie\/wp-content\/uploads\/2025\/05\/Mehdi-Ben-Gharbia.jpg\",\"keywords\":[\"Chronofret\",\"Mehdi Ben Gharbia\",\"Rahma Lahmar\",\"World Freight Service\"],\"articleSection\":[\"ECONOMIE\",\"POLITIQUE\",\"SOCIETE\",\"Tunisie\"],\"inLanguage\":\"fr-FR\",\"potentialAction\":[{\"@type\":\"CommentAction\",\"name\":\"Comment\",\"target\":[\"https:\/\/kapitalis.com\/tunisie\/2026\/04\/30\/mehdi-ben-gharbia-condamne-en-appel-a-5-ans-de-prison\/#respond\"]}]},{\"@type\":\"WebPage\",\"@id\":\"https:\/\/kapitalis.com\/tunisie\/2026\/04\/30\/mehdi-ben-gharbia-condamne-en-appel-a-5-ans-de-prison\/\",\"url\":\"https:\/\/kapitalis.com\/tunisie\/2026\/04\/30\/mehdi-ben-gharbia-condamne-en-appel-a-5-ans-de-prison\/\",\"name\":\"Mehdi Ben Gharbia condamn\u00e9 en appel \u00e0 5 ans de prison - Kapitalis\",\"isPartOf\":{\"@id\":\"https:\/\/kapitalis.com\/tunisie\/#website\"},\"primaryImageOfPage\":{\"@id\":\"https:\/\/kapitalis.com\/tunisie\/2026\/04\/30\/mehdi-ben-gharbia-condamne-en-appel-a-5-ans-de-prison\/#primaryimage\"},\"image\":{\"@id\":\"https:\/\/kapitalis.com\/tunisie\/2026\/04\/30\/mehdi-ben-gharbia-condamne-en-appel-a-5-ans-de-prison\/#primaryimage\"},\"thumbnailUrl\":\"https:\/\/kapitalis.com\/tunisie\/wp-content\/uploads\/2025\/05\/Mehdi-Ben-Gharbia.jpg\",\"datePublished\":\"2026-04-30T12:19:46+00:00\",\"dateModified\":\"2026-04-30T12:19:48+00:00\",\"description\":\"L\u2019homme d\u2019affaires Mehdi Ben Gharbia condamn\u00e9 en appel \u00e0 5 ans de prison et \u00e0 une amende de plus de 48 millions de dinars.\",\"breadcrumb\":{\"@id\":\"https:\/\/kapitalis.com\/tunisie\/2026\/04\/30\/mehdi-ben-gharbia-condamne-en-appel-a-5-ans-de-prison\/#breadcrumb\"},\"inLanguage\":\"fr-FR\",\"potentialAction\":[{\"@type\":\"ReadAction\",\"target\":[\"https:\/\/kapitalis.com\/tunisie\/2026\/04\/30\/mehdi-ben-gharbia-condamne-en-appel-a-5-ans-de-prison\/\"]}]},{\"@type\":\"ImageObject\",\"inLanguage\":\"fr-FR\",\"@id\":\"https:\/\/kapitalis.com\/tunisie\/2026\/04\/30\/mehdi-ben-gharbia-condamne-en-appel-a-5-ans-de-prison\/#primaryimage\",\"url\":\"https:\/\/kapitalis.com\/tunisie\/wp-content\/uploads\/2025\/05\/Mehdi-Ben-Gharbia.jpg\",\"contentUrl\":\"https:\/\/kapitalis.com\/tunisie\/wp-content\/uploads\/2025\/05\/Mehdi-Ben-Gharbia.jpg\",\"width\":1200,\"height\":630},{\"@type\":\"BreadcrumbList\",\"@id\":\"https:\/\/kapitalis.com\/tunisie\/2026\/04\/30\/mehdi-ben-gharbia-condamne-en-appel-a-5-ans-de-prison\/#breadcrumb\",\"itemListElement\":[{\"@type\":\"ListItem\",\"position\":1,\"name\":\"Accueil\",\"item\":\"https:\/\/kapitalis.com\/tunisie\/\"},{\"@type\":\"ListItem\",\"position\":2,\"name\":\"Mehdi Ben Gharbia condamn\u00e9 en appel \u00e0 5 ans de prison\"}]},{\"@type\":\"WebSite\",\"@id\":\"https:\/\/kapitalis.com\/tunisie\/#website\",\"url\":\"https:\/\/kapitalis.com\/tunisie\/\",\"name\":\"Kapitalis\",\"description\":\"L&#039;actualit\u00e9 en Tunisie et dans le monde\",\"publisher\":{\"@id\":\"https:\/\/kapitalis.com\/tunisie\/#organization\"},\"potentialAction\":[{\"@type\":\"SearchAction\",\"target\":{\"@type\":\"EntryPoint\",\"urlTemplate\":\"https:\/\/kapitalis.com\/tunisie\/?s={search_term_string}\"},\"query-input\":{\"@type\":\"PropertyValueSpecification\",\"valueRequired\":true,\"valueName\":\"search_term_string\"}}],\"inLanguage\":\"fr-FR\"},{\"@type\":\"Organization\",\"@id\":\"https:\/\/kapitalis.com\/tunisie\/#organization\",\"name\":\"Kapitalis\",\"url\":\"https:\/\/kapitalis.com\/tunisie\/\",\"logo\":{\"@type\":\"ImageObject\",\"inLanguage\":\"fr-FR\",\"@id\":\"https:\/\/kapitalis.com\/tunisie\/#\/schema\/logo\/image\/\",\"url\":\"https:\/\/kapitalis.com\/tunisie\/wp-content\/uploads\/2022\/05\/Kapitalis-big-size.png\",\"contentUrl\":\"https:\/\/kapitalis.com\/tunisie\/wp-content\/uploads\/2022\/05\/Kapitalis-big-size.png\",\"width\":5000,\"height\":1500,\"caption\":\"Kapitalis\"},\"image\":{\"@id\":\"https:\/\/kapitalis.com\/tunisie\/#\/schema\/logo\/image\/\"},\"sameAs\":[\"https:\/\/www.facebook.com\/KapitalisInfo\/\",\"https:\/\/x.com\/KapitalisInfo\",\"https:\/\/www.youtube.com\/channel\/UC-yDYrHyfFBWWZaOw3FPg9Q\"]},{\"@type\":\"Person\",\"@id\":\"https:\/\/kapitalis.com\/tunisie\/#\/schema\/person\/d71f33a9ca44f7bad4698210b480c8e9\",\"name\":\"webmaster kapitalis\",\"url\":\"https:\/\/kapitalis.com\/tunisie\/author\/webmaster-kapitalis\/\"}]}<\/script>\n<!-- \/ Yoast SEO plugin. -->","yoast_head_json":{"title":"Mehdi Ben Gharbia condamn\u00e9 en appel \u00e0 5 ans de prison - Kapitalis","description":"L\u2019homme d\u2019affaires Mehdi Ben Gharbia condamn\u00e9 en appel \u00e0 5 ans de prison et \u00e0 une amende de plus de 48 millions de dinars.","robots":{"index":"index","follow":"follow","max-snippet":"max-snippet:-1","max-image-preview":"max-image-preview:large","max-video-preview":"max-video-preview:-1"},"canonical":"https:\/\/kapitalis.com\/tunisie\/2026\/04\/30\/mehdi-ben-gharbia-condamne-en-appel-a-5-ans-de-prison\/","og_locale":"fr_FR","og_type":"article","og_title":"Mehdi Ben Gharbia condamn\u00e9 en appel \u00e0 5 ans de prison - Kapitalis","og_description":"L\u2019homme d\u2019affaires Mehdi Ben Gharbia condamn\u00e9 en appel \u00e0 5 ans de prison et \u00e0 une amende de plus de 48 millions de dinars.","og_url":"https:\/\/kapitalis.com\/tunisie\/2026\/04\/30\/mehdi-ben-gharbia-condamne-en-appel-a-5-ans-de-prison\/","og_site_name":"Kapitalis","article_publisher":"https:\/\/www.facebook.com\/KapitalisInfo\/","article_published_time":"2026-04-30T12:19:46+00:00","article_modified_time":"2026-04-30T12:19:48+00:00","og_image":[{"width":1200,"height":630,"url":"https:\/\/kapitalis.com\/tunisie\/wp-content\/uploads\/2025\/05\/Mehdi-Ben-Gharbia.jpg","type":"image\/jpeg"}],"author":"webmaster kapitalis","twitter_card":"summary_large_image","twitter_creator":"@KapitalisInfo","twitter_site":"@KapitalisInfo","twitter_misc":{"\u00c9crit par":"webmaster kapitalis","Dur\u00e9e de lecture estim\u00e9e":"2 minutes"},"schema":{"@context":"https:\/\/schema.org","@graph":[{"@type":"Article","@id":"https:\/\/kapitalis.com\/tunisie\/2026\/04\/30\/mehdi-ben-gharbia-condamne-en-appel-a-5-ans-de-prison\/#article","isPartOf":{"@id":"https:\/\/kapitalis.com\/tunisie\/2026\/04\/30\/mehdi-ben-gharbia-condamne-en-appel-a-5-ans-de-prison\/"},"author":{"name":"webmaster kapitalis","@id":"https:\/\/kapitalis.com\/tunisie\/#\/schema\/person\/d71f33a9ca44f7bad4698210b480c8e9"},"headline":"Mehdi Ben Gharbia condamn\u00e9 en appel \u00e0 5 ans de prison","datePublished":"2026-04-30T12:19:46+00:00","dateModified":"2026-04-30T12:19:48+00:00","mainEntityOfPage":{"@id":"https:\/\/kapitalis.com\/tunisie\/2026\/04\/30\/mehdi-ben-gharbia-condamne-en-appel-a-5-ans-de-prison\/"},"wordCount":222,"commentCount":0,"publisher":{"@id":"https:\/\/kapitalis.com\/tunisie\/#organization"},"image":{"@id":"https:\/\/kapitalis.com\/tunisie\/2026\/04\/30\/mehdi-ben-gharbia-condamne-en-appel-a-5-ans-de-prison\/#primaryimage"},"thumbnailUrl":"https:\/\/kapitalis.com\/tunisie\/wp-content\/uploads\/2025\/05\/Mehdi-Ben-Gharbia.jpg","keywords":["Chronofret","Mehdi Ben Gharbia","Rahma Lahmar","World Freight Service"],"articleSection":["ECONOMIE","POLITIQUE","SOCIETE","Tunisie"],"inLanguage":"fr-FR","potentialAction":[{"@type":"CommentAction","name":"Comment","target":["https:\/\/kapitalis.com\/tunisie\/2026\/04\/30\/mehdi-ben-gharbia-condamne-en-appel-a-5-ans-de-prison\/#respond"]}]},{"@type":"WebPage","@id":"https:\/\/kapitalis.com\/tunisie\/2026\/04\/30\/mehdi-ben-gharbia-condamne-en-appel-a-5-ans-de-prison\/","url":"https:\/\/kapitalis.com\/tunisie\/2026\/04\/30\/mehdi-ben-gharbia-condamne-en-appel-a-5-ans-de-prison\/","name":"Mehdi Ben Gharbia condamn\u00e9 en appel \u00e0 5 ans de prison - Kapitalis","isPartOf":{"@id":"https:\/\/kapitalis.com\/tunisie\/#website"},"primaryImageOfPage":{"@id":"https:\/\/kapitalis.com\/tunisie\/2026\/04\/30\/mehdi-ben-gharbia-condamne-en-appel-a-5-ans-de-prison\/#primaryimage"},"image":{"@id":"https:\/\/kapitalis.com\/tunisie\/2026\/04\/30\/mehdi-ben-gharbia-condamne-en-appel-a-5-ans-de-prison\/#primaryimage"},"thumbnailUrl":"https:\/\/kapitalis.com\/tunisie\/wp-content\/uploads\/2025\/05\/Mehdi-Ben-Gharbia.jpg","datePublished":"2026-04-30T12:19:46+00:00","dateModified":"2026-04-30T12:19:48+00:00","description":"L\u2019homme d\u2019affaires Mehdi Ben Gharbia condamn\u00e9 en appel \u00e0 5 ans de prison et \u00e0 une amende de plus de 48 millions de dinars.","breadcrumb":{"@id":"https:\/\/kapitalis.com\/tunisie\/2026\/04\/30\/mehdi-ben-gharbia-condamne-en-appel-a-5-ans-de-prison\/#breadcrumb"},"inLanguage":"fr-FR","potentialAction":[{"@type":"ReadAction","target":["https:\/\/kapitalis.com\/tunisie\/2026\/04\/30\/mehdi-ben-gharbia-condamne-en-appel-a-5-ans-de-prison\/"]}]},{"@type":"ImageObject","inLanguage":"fr-FR","@id":"https:\/\/kapitalis.com\/tunisie\/2026\/04\/30\/mehdi-ben-gharbia-condamne-en-appel-a-5-ans-de-prison\/#primaryimage","url":"https:\/\/kapitalis.com\/tunisie\/wp-content\/uploads\/2025\/05\/Mehdi-Ben-Gharbia.jpg","contentUrl":"https:\/\/kapitalis.com\/tunisie\/wp-content\/uploads\/2025\/05\/Mehdi-Ben-Gharbia.jpg","width":1200,"height":630},{"@type":"BreadcrumbList","@id":"https:\/\/kapitalis.com\/tunisie\/2026\/04\/30\/mehdi-ben-gharbia-condamne-en-appel-a-5-ans-de-prison\/#breadcrumb","itemListElement":[{"@type":"ListItem","position":1,"name":"Accueil","item":"https:\/\/kapitalis.com\/tunisie\/"},{"@type":"ListItem","position":2,"name":"Mehdi Ben Gharbia condamn\u00e9 en appel \u00e0 5 ans de prison"}]},{"@type":"WebSite","@id":"https:\/\/kapitalis.com\/tunisie\/#website","url":"https:\/\/kapitalis.com\/tunisie\/","name":"Kapitalis","description":"L&#039;actualit\u00e9 en Tunisie et dans le monde","publisher":{"@id":"https:\/\/kapitalis.com\/tunisie\/#organization"},"potentialAction":[{"@type":"SearchAction","target":{"@type":"EntryPoint","urlTemplate":"https:\/\/kapitalis.com\/tunisie\/?s={search_term_string}"},"query-input":{"@type":"PropertyValueSpecification","valueRequired":true,"valueName":"search_term_string"}}],"inLanguage":"fr-FR"},{"@type":"Organization","@id":"https:\/\/kapitalis.com\/tunisie\/#organization","name":"Kapitalis","url":"https:\/\/kapitalis.com\/tunisie\/","logo":{"@type":"ImageObject","inLanguage":"fr-FR","@id":"https:\/\/kapitalis.com\/tunisie\/#\/schema\/logo\/image\/","url":"https:\/\/kapitalis.com\/tunisie\/wp-content\/uploads\/2022\/05\/Kapitalis-big-size.png","contentUrl":"https:\/\/kapitalis.com\/tunisie\/wp-content\/uploads\/2022\/05\/Kapitalis-big-size.png","width":5000,"height":1500,"caption":"Kapitalis"},"image":{"@id":"https:\/\/kapitalis.com\/tunisie\/#\/schema\/logo\/image\/"},"sameAs":["https:\/\/www.facebook.com\/KapitalisInfo\/","https:\/\/x.com\/KapitalisInfo","https:\/\/www.youtube.com\/channel\/UC-yDYrHyfFBWWZaOw3FPg9Q"]},{"@type":"Person","@id":"https:\/\/kapitalis.com\/tunisie\/#\/schema\/person\/d71f33a9ca44f7bad4698210b480c8e9","name":"webmaster kapitalis","url":"https:\/\/kapitalis.com\/tunisie\/author\/webmaster-kapitalis\/"}]}},"_links":{"self":[{"href":"https:\/\/kapitalis.com\/tunisie\/wp-json\/wp\/v2\/posts\/18712859","targetHints":{"allow":["GET"]}}],"collection":[{"href":"https:\/\/kapitalis.com\/tunisie\/wp-json\/wp\/v2\/posts"}],"about":[{"href":"https:\/\/kapitalis.com\/tunisie\/wp-json\/wp\/v2\/types\/post"}],"author":[{"embeddable":true,"href":"https:\/\/kapitalis.com\/tunisie\/wp-json\/wp\/v2\/users\/8"}],"replies":[{"embeddable":true,"href":"https:\/\/kapitalis.com\/tunisie\/wp-json\/wp\/v2\/comments?post=18712859"}],"version-history":[{"count":1,"href":"https:\/\/kapitalis.com\/tunisie\/wp-json\/wp\/v2\/posts\/18712859\/revisions"}],"predecessor-version":[{"id":18712890,"href":"https:\/\/kapitalis.com\/tunisie\/wp-json\/wp\/v2\/posts\/18712859\/revisions\/18712890"}],"wp:featuredmedia":[{"embeddable":true,"href":"https:\/\/kapitalis.com\/tunisie\/wp-json\/wp\/v2\/media\/16560092"}],"wp:attachment":[{"href":"https:\/\/kapitalis.com\/tunisie\/wp-json\/wp\/v2\/media?parent=18712859"}],"wp:term":[{"taxonomy":"category","embeddable":true,"href":"https:\/\/kapitalis.com\/tunisie\/wp-json\/wp\/v2\/categories?post=18712859"},{"taxonomy":"post_tag","embeddable":true,"href":"https:\/\/kapitalis.com\/tunisie\/wp-json\/wp\/v2\/tags?post=18712859"}],"curies":[{"name":"wp","href":"https:\/\/api.w.org\/{rel}","templated":true}]}}