{"id":18714901,"date":"2026-04-30T20:37:13","date_gmt":"2026-04-30T19:37:13","guid":{"rendered":"https:\/\/kapitalis.com\/tunisie\/?p=18714901"},"modified":"2026-04-30T20:42:17","modified_gmt":"2026-04-30T19:42:17","slug":"suspension-de-la-ltdh-lunion-europeenne-exprime-sa-profonde-preoccupation","status":"publish","type":"post","link":"https:\/\/kapitalis.com\/tunisie\/2026\/04\/30\/suspension-de-la-ltdh-lunion-europeenne-exprime-sa-profonde-preoccupation\/","title":{"rendered":"Suspension de la LTDH | L\u2019Union europ\u00e9enne exprime sa \u00ab profonde pr\u00e9occupation \u00bb"},"content":{"rendered":"\n<p><em><strong>L&rsquo;Union europ\u00e9enne exprime sa profonde pr\u00e9occupation face \u00e0 la suspension de la Ligue tunisienne des droits de l&rsquo;homme (LTDH), une organisation embl\u00e9matique de la soci\u00e9t\u00e9 civile tunisienne, un acteur essentiel pour la promotion et la protection des droits de l&rsquo;homme en Tunisie, et co-r\u00e9cipiendaire du prix Nobel de la paix 2015.<\/strong><\/em><\/p>\n\n\n\n<!--more-->\n\n\n\n<p>L&rsquo;Union europ\u00e9enne r\u00e9affirme son engagement en faveur de son partenariat avec la Tunisie et continuera \u00e0 soutenir son peuple dans les efforts pour consolider les institutions d\u00e9mocratiques et promouvoir les droits de l&rsquo;homme.<\/p>\n\n\n\n<p>Nous appelons les autorit\u00e9s tunisiennes \u00e0 r\u00e9tablir les conditions n\u00e9cessaires pour que le pluralisme et les voix ind\u00e9pendantes puissent contribuer au d\u00e9veloppement du pays.<\/p>\n\n\n\n<p>L&rsquo;Union europ\u00e9enne continuera \u00e0 suivre de pr\u00e8s la situation et \u00e0 engager un dialogue avec les autorit\u00e9s tunisiennes pour promouvoir les droits de l&rsquo;homme et l&rsquo;\u00c9tat de droit dans le pays, conform\u00e9ment \u00e0 l&rsquo;Accord d&rsquo;association UE-Tunisie et aux obligations nationales et internationales de la Tunisie.<\/p>\n\n\n\n<p class=\"has-text-align-right\"><strong>Communiqu\u00e9<\/strong><\/p>\n","protected":false},"excerpt":{"rendered":"<p>L&rsquo;Union europ\u00e9enne exprime sa profonde pr\u00e9occupation face \u00e0 la suspension de la Ligue tunisienne des droits de l&rsquo;homme (LTDH), une organisation embl\u00e9matique de la soci\u00e9t\u00e9 civile tunisienne, un acteur essentiel pour la promotion et la protection des droits de l&rsquo;homme en Tunisie, et co-r\u00e9cipiendaire du prix Nobel de la paix 2015.<\/p>\n","protected":false},"author":6,"featured_media":15247643,"comment_status":"open","ping_status":"open","sticky":false,"template":"","format":"standard","meta":{"footnotes":""},"categories":[997,998,2433],"tags":[87413,3137,7546,62643,937],"class_list":["post-18714901","post","type-post","status-publish","format-standard","has-post-thumbnail","hentry","category-politique","category-societe","category-tunisie","tag-ligue-tunisienne-des-droits-de-lhomme","tag-ltdh","tag-prix-nobel-de-la-paix","tag-tunisie","tag-union-europeenne"],"yoast_head":"<!-- This site is optimized with the Yoast SEO plugin v26.6 - https:\/\/yoast.com\/wordpress\/plugins\/seo\/ -->\n<title>Suspension de la LTDH | L\u2019Union europ\u00e9enne exprime sa \u00ab profonde pr\u00e9occupation \u00bb - Kapitalis<\/title>\n<meta name=\"robots\" content=\"index, follow, max-snippet:-1, max-image-preview:large, max-video-preview:-1\" \/>\n<link rel=\"canonical\" href=\"https:\/\/kapitalis.com\/tunisie\/2026\/04\/30\/suspension-de-la-ltdh-lunion-europeenne-exprime-sa-profonde-preoccupation\/\" \/>\n<meta property=\"og:locale\" content=\"fr_FR\" \/>\n<meta property=\"og:type\" content=\"article\" \/>\n<meta property=\"og:title\" content=\"Suspension de la LTDH | L\u2019Union europ\u00e9enne exprime sa \u00ab profonde pr\u00e9occupation \u00bb - Kapitalis\" \/>\n<meta property=\"og:description\" content=\"L&rsquo;Union europ\u00e9enne exprime sa profonde pr\u00e9occupation face \u00e0 la suspension de la Ligue tunisienne des droits de l&rsquo;homme (LTDH), une organisation embl\u00e9matique de la soci\u00e9t\u00e9 civile tunisienne, un acteur essentiel pour la promotion et la protection des droits de l&rsquo;homme en Tunisie, et co-r\u00e9cipiendaire du prix Nobel de la paix 2015.\" \/>\n<meta property=\"og:url\" content=\"https:\/\/kapitalis.com\/tunisie\/2026\/04\/30\/suspension-de-la-ltdh-lunion-europeenne-exprime-sa-profonde-preoccupation\/\" \/>\n<meta property=\"og:site_name\" content=\"Kapitalis\" \/>\n<meta property=\"article:publisher\" content=\"https:\/\/www.facebook.com\/KapitalisInfo\/\" \/>\n<meta property=\"article:published_time\" content=\"2026-04-30T19:37:13+00:00\" \/>\n<meta property=\"article:modified_time\" content=\"2026-04-30T19:42:17+00:00\" \/>\n<meta property=\"og:image\" content=\"https:\/\/kapitalis.com\/tunisie\/wp-content\/uploads\/2025\/01\/Tunisie-Union-europenne1.jpg\" \/>\n\t<meta property=\"og:image:width\" content=\"1200\" \/>\n\t<meta property=\"og:image:height\" content=\"630\" \/>\n\t<meta property=\"og:image:type\" content=\"image\/jpeg\" \/>\n<meta name=\"author\" content=\"Yusra NY\" \/>\n<meta name=\"twitter:card\" content=\"summary_large_image\" \/>\n<meta name=\"twitter:creator\" content=\"@KapitalisInfo\" \/>\n<meta name=\"twitter:site\" content=\"@KapitalisInfo\" \/>\n<meta name=\"twitter:label1\" content=\"\u00c9crit par\" \/>\n\t<meta name=\"twitter:data1\" content=\"Yusra NY\" \/>\n\t<meta name=\"twitter:label2\" content=\"Dur\u00e9e de lecture estim\u00e9e\" \/>\n\t<meta name=\"twitter:data2\" content=\"1 minute\" \/>\n<script type=\"application\/ld+json\" class=\"yoast-schema-graph\">{\"@context\":\"https:\/\/schema.org\",\"@graph\":[{\"@type\":\"Article\",\"@id\":\"https:\/\/kapitalis.com\/tunisie\/2026\/04\/30\/suspension-de-la-ltdh-lunion-europeenne-exprime-sa-profonde-preoccupation\/#article\",\"isPartOf\":{\"@id\":\"https:\/\/kapitalis.com\/tunisie\/2026\/04\/30\/suspension-de-la-ltdh-lunion-europeenne-exprime-sa-profonde-preoccupation\/\"},\"author\":{\"name\":\"Yusra NY\",\"@id\":\"https:\/\/kapitalis.com\/tunisie\/#\/schema\/person\/74bbde0154d49d790a92aaeac5bc01d5\"},\"headline\":\"Suspension de la LTDH | L\u2019Union europ\u00e9enne exprime sa \u00ab profonde pr\u00e9occupation \u00bb\",\"datePublished\":\"2026-04-30T19:37:13+00:00\",\"dateModified\":\"2026-04-30T19:42:17+00:00\",\"mainEntityOfPage\":{\"@id\":\"https:\/\/kapitalis.com\/tunisie\/2026\/04\/30\/suspension-de-la-ltdh-lunion-europeenne-exprime-sa-profonde-preoccupation\/\"},\"wordCount\":178,\"commentCount\":0,\"publisher\":{\"@id\":\"https:\/\/kapitalis.com\/tunisie\/#organization\"},\"image\":{\"@id\":\"https:\/\/kapitalis.com\/tunisie\/2026\/04\/30\/suspension-de-la-ltdh-lunion-europeenne-exprime-sa-profonde-preoccupation\/#primaryimage\"},\"thumbnailUrl\":\"https:\/\/kapitalis.com\/tunisie\/wp-content\/uploads\/2025\/01\/Tunisie-Union-europenne1.jpg\",\"keywords\":[\"Ligue tunisienne des droits de l\u2019homme\",\"LTDH\",\"Prix Nobel de la paix\",\"Tunisie\",\"Union europ\u00e9enne\"],\"articleSection\":[\"POLITIQUE\",\"SOCIETE\",\"Tunisie\"],\"inLanguage\":\"fr-FR\",\"potentialAction\":[{\"@type\":\"CommentAction\",\"name\":\"Comment\",\"target\":[\"https:\/\/kapitalis.com\/tunisie\/2026\/04\/30\/suspension-de-la-ltdh-lunion-europeenne-exprime-sa-profonde-preoccupation\/#respond\"]}]},{\"@type\":\"WebPage\",\"@id\":\"https:\/\/kapitalis.com\/tunisie\/2026\/04\/30\/suspension-de-la-ltdh-lunion-europeenne-exprime-sa-profonde-preoccupation\/\",\"url\":\"https:\/\/kapitalis.com\/tunisie\/2026\/04\/30\/suspension-de-la-ltdh-lunion-europeenne-exprime-sa-profonde-preoccupation\/\",\"name\":\"Suspension de la LTDH | L\u2019Union europ\u00e9enne exprime sa \u00ab profonde pr\u00e9occupation \u00bb - Kapitalis\",\"isPartOf\":{\"@id\":\"https:\/\/kapitalis.com\/tunisie\/#website\"},\"primaryImageOfPage\":{\"@id\":\"https:\/\/kapitalis.com\/tunisie\/2026\/04\/30\/suspension-de-la-ltdh-lunion-europeenne-exprime-sa-profonde-preoccupation\/#primaryimage\"},\"image\":{\"@id\":\"https:\/\/kapitalis.com\/tunisie\/2026\/04\/30\/suspension-de-la-ltdh-lunion-europeenne-exprime-sa-profonde-preoccupation\/#primaryimage\"},\"thumbnailUrl\":\"https:\/\/kapitalis.com\/tunisie\/wp-content\/uploads\/2025\/01\/Tunisie-Union-europenne1.jpg\",\"datePublished\":\"2026-04-30T19:37:13+00:00\",\"dateModified\":\"2026-04-30T19:42:17+00:00\",\"breadcrumb\":{\"@id\":\"https:\/\/kapitalis.com\/tunisie\/2026\/04\/30\/suspension-de-la-ltdh-lunion-europeenne-exprime-sa-profonde-preoccupation\/#breadcrumb\"},\"inLanguage\":\"fr-FR\",\"potentialAction\":[{\"@type\":\"ReadAction\",\"target\":[\"https:\/\/kapitalis.com\/tunisie\/2026\/04\/30\/suspension-de-la-ltdh-lunion-europeenne-exprime-sa-profonde-preoccupation\/\"]}]},{\"@type\":\"ImageObject\",\"inLanguage\":\"fr-FR\",\"@id\":\"https:\/\/kapitalis.com\/tunisie\/2026\/04\/30\/suspension-de-la-ltdh-lunion-europeenne-exprime-sa-profonde-preoccupation\/#primaryimage\",\"url\":\"https:\/\/kapitalis.com\/tunisie\/wp-content\/uploads\/2025\/01\/Tunisie-Union-europenne1.jpg\",\"contentUrl\":\"https:\/\/kapitalis.com\/tunisie\/wp-content\/uploads\/2025\/01\/Tunisie-Union-europenne1.jpg\",\"width\":1200,\"height\":630},{\"@type\":\"BreadcrumbList\",\"@id\":\"https:\/\/kapitalis.com\/tunisie\/2026\/04\/30\/suspension-de-la-ltdh-lunion-europeenne-exprime-sa-profonde-preoccupation\/#breadcrumb\",\"itemListElement\":[{\"@type\":\"ListItem\",\"position\":1,\"name\":\"Accueil\",\"item\":\"https:\/\/kapitalis.com\/tunisie\/\"},{\"@type\":\"ListItem\",\"position\":2,\"name\":\"Suspension de la LTDH | L\u2019Union europ\u00e9enne exprime sa \u00ab profonde pr\u00e9occupation \u00bb\"}]},{\"@type\":\"WebSite\",\"@id\":\"https:\/\/kapitalis.com\/tunisie\/#website\",\"url\":\"https:\/\/kapitalis.com\/tunisie\/\",\"name\":\"Kapitalis\",\"description\":\"L&#039;actualit\u00e9 en Tunisie et dans le monde\",\"publisher\":{\"@id\":\"https:\/\/kapitalis.com\/tunisie\/#organization\"},\"potentialAction\":[{\"@type\":\"SearchAction\",\"target\":{\"@type\":\"EntryPoint\",\"urlTemplate\":\"https:\/\/kapitalis.com\/tunisie\/?s={search_term_string}\"},\"query-input\":{\"@type\":\"PropertyValueSpecification\",\"valueRequired\":true,\"valueName\":\"search_term_string\"}}],\"inLanguage\":\"fr-FR\"},{\"@type\":\"Organization\",\"@id\":\"https:\/\/kapitalis.com\/tunisie\/#organization\",\"name\":\"Kapitalis\",\"url\":\"https:\/\/kapitalis.com\/tunisie\/\",\"logo\":{\"@type\":\"ImageObject\",\"inLanguage\":\"fr-FR\",\"@id\":\"https:\/\/kapitalis.com\/tunisie\/#\/schema\/logo\/image\/\",\"url\":\"https:\/\/kapitalis.com\/tunisie\/wp-content\/uploads\/2022\/05\/Kapitalis-big-size.png\",\"contentUrl\":\"https:\/\/kapitalis.com\/tunisie\/wp-content\/uploads\/2022\/05\/Kapitalis-big-size.png\",\"width\":5000,\"height\":1500,\"caption\":\"Kapitalis\"},\"image\":{\"@id\":\"https:\/\/kapitalis.com\/tunisie\/#\/schema\/logo\/image\/\"},\"sameAs\":[\"https:\/\/www.facebook.com\/KapitalisInfo\/\",\"https:\/\/x.com\/KapitalisInfo\",\"https:\/\/www.youtube.com\/channel\/UC-yDYrHyfFBWWZaOw3FPg9Q\"]},{\"@type\":\"Person\",\"@id\":\"https:\/\/kapitalis.com\/tunisie\/#\/schema\/person\/74bbde0154d49d790a92aaeac5bc01d5\",\"name\":\"Yusra NY\",\"url\":\"https:\/\/kapitalis.com\/tunisie\/author\/yuza_adam\/\"}]}<\/script>\n<!-- \/ Yoast SEO plugin. -->","yoast_head_json":{"title":"Suspension de la LTDH | L\u2019Union europ\u00e9enne exprime sa \u00ab profonde pr\u00e9occupation \u00bb - Kapitalis","robots":{"index":"index","follow":"follow","max-snippet":"max-snippet:-1","max-image-preview":"max-image-preview:large","max-video-preview":"max-video-preview:-1"},"canonical":"https:\/\/kapitalis.com\/tunisie\/2026\/04\/30\/suspension-de-la-ltdh-lunion-europeenne-exprime-sa-profonde-preoccupation\/","og_locale":"fr_FR","og_type":"article","og_title":"Suspension de la LTDH | L\u2019Union europ\u00e9enne exprime sa \u00ab profonde pr\u00e9occupation \u00bb - Kapitalis","og_description":"L&rsquo;Union europ\u00e9enne exprime sa profonde pr\u00e9occupation face \u00e0 la suspension de la Ligue tunisienne des droits de l&rsquo;homme (LTDH), une organisation embl\u00e9matique de la soci\u00e9t\u00e9 civile tunisienne, un acteur essentiel pour la promotion et la protection des droits de l&rsquo;homme en Tunisie, et co-r\u00e9cipiendaire du prix Nobel de la paix 2015.","og_url":"https:\/\/kapitalis.com\/tunisie\/2026\/04\/30\/suspension-de-la-ltdh-lunion-europeenne-exprime-sa-profonde-preoccupation\/","og_site_name":"Kapitalis","article_publisher":"https:\/\/www.facebook.com\/KapitalisInfo\/","article_published_time":"2026-04-30T19:37:13+00:00","article_modified_time":"2026-04-30T19:42:17+00:00","og_image":[{"width":1200,"height":630,"url":"https:\/\/kapitalis.com\/tunisie\/wp-content\/uploads\/2025\/01\/Tunisie-Union-europenne1.jpg","type":"image\/jpeg"}],"author":"Yusra NY","twitter_card":"summary_large_image","twitter_creator":"@KapitalisInfo","twitter_site":"@KapitalisInfo","twitter_misc":{"\u00c9crit par":"Yusra NY","Dur\u00e9e de lecture estim\u00e9e":"1 minute"},"schema":{"@context":"https:\/\/schema.org","@graph":[{"@type":"Article","@id":"https:\/\/kapitalis.com\/tunisie\/2026\/04\/30\/suspension-de-la-ltdh-lunion-europeenne-exprime-sa-profonde-preoccupation\/#article","isPartOf":{"@id":"https:\/\/kapitalis.com\/tunisie\/2026\/04\/30\/suspension-de-la-ltdh-lunion-europeenne-exprime-sa-profonde-preoccupation\/"},"author":{"name":"Yusra NY","@id":"https:\/\/kapitalis.com\/tunisie\/#\/schema\/person\/74bbde0154d49d790a92aaeac5bc01d5"},"headline":"Suspension de la LTDH | L\u2019Union europ\u00e9enne exprime sa \u00ab profonde pr\u00e9occupation \u00bb","datePublished":"2026-04-30T19:37:13+00:00","dateModified":"2026-04-30T19:42:17+00:00","mainEntityOfPage":{"@id":"https:\/\/kapitalis.com\/tunisie\/2026\/04\/30\/suspension-de-la-ltdh-lunion-europeenne-exprime-sa-profonde-preoccupation\/"},"wordCount":178,"commentCount":0,"publisher":{"@id":"https:\/\/kapitalis.com\/tunisie\/#organization"},"image":{"@id":"https:\/\/kapitalis.com\/tunisie\/2026\/04\/30\/suspension-de-la-ltdh-lunion-europeenne-exprime-sa-profonde-preoccupation\/#primaryimage"},"thumbnailUrl":"https:\/\/kapitalis.com\/tunisie\/wp-content\/uploads\/2025\/01\/Tunisie-Union-europenne1.jpg","keywords":["Ligue tunisienne des droits de l\u2019homme","LTDH","Prix Nobel de la paix","Tunisie","Union europ\u00e9enne"],"articleSection":["POLITIQUE","SOCIETE","Tunisie"],"inLanguage":"fr-FR","potentialAction":[{"@type":"CommentAction","name":"Comment","target":["https:\/\/kapitalis.com\/tunisie\/2026\/04\/30\/suspension-de-la-ltdh-lunion-europeenne-exprime-sa-profonde-preoccupation\/#respond"]}]},{"@type":"WebPage","@id":"https:\/\/kapitalis.com\/tunisie\/2026\/04\/30\/suspension-de-la-ltdh-lunion-europeenne-exprime-sa-profonde-preoccupation\/","url":"https:\/\/kapitalis.com\/tunisie\/2026\/04\/30\/suspension-de-la-ltdh-lunion-europeenne-exprime-sa-profonde-preoccupation\/","name":"Suspension de la LTDH | L\u2019Union europ\u00e9enne exprime sa \u00ab profonde pr\u00e9occupation \u00bb - Kapitalis","isPartOf":{"@id":"https:\/\/kapitalis.com\/tunisie\/#website"},"primaryImageOfPage":{"@id":"https:\/\/kapitalis.com\/tunisie\/2026\/04\/30\/suspension-de-la-ltdh-lunion-europeenne-exprime-sa-profonde-preoccupation\/#primaryimage"},"image":{"@id":"https:\/\/kapitalis.com\/tunisie\/2026\/04\/30\/suspension-de-la-ltdh-lunion-europeenne-exprime-sa-profonde-preoccupation\/#primaryimage"},"thumbnailUrl":"https:\/\/kapitalis.com\/tunisie\/wp-content\/uploads\/2025\/01\/Tunisie-Union-europenne1.jpg","datePublished":"2026-04-30T19:37:13+00:00","dateModified":"2026-04-30T19:42:17+00:00","breadcrumb":{"@id":"https:\/\/kapitalis.com\/tunisie\/2026\/04\/30\/suspension-de-la-ltdh-lunion-europeenne-exprime-sa-profonde-preoccupation\/#breadcrumb"},"inLanguage":"fr-FR","potentialAction":[{"@type":"ReadAction","target":["https:\/\/kapitalis.com\/tunisie\/2026\/04\/30\/suspension-de-la-ltdh-lunion-europeenne-exprime-sa-profonde-preoccupation\/"]}]},{"@type":"ImageObject","inLanguage":"fr-FR","@id":"https:\/\/kapitalis.com\/tunisie\/2026\/04\/30\/suspension-de-la-ltdh-lunion-europeenne-exprime-sa-profonde-preoccupation\/#primaryimage","url":"https:\/\/kapitalis.com\/tunisie\/wp-content\/uploads\/2025\/01\/Tunisie-Union-europenne1.jpg","contentUrl":"https:\/\/kapitalis.com\/tunisie\/wp-content\/uploads\/2025\/01\/Tunisie-Union-europenne1.jpg","width":1200,"height":630},{"@type":"BreadcrumbList","@id":"https:\/\/kapitalis.com\/tunisie\/2026\/04\/30\/suspension-de-la-ltdh-lunion-europeenne-exprime-sa-profonde-preoccupation\/#breadcrumb","itemListElement":[{"@type":"ListItem","position":1,"name":"Accueil","item":"https:\/\/kapitalis.com\/tunisie\/"},{"@type":"ListItem","position":2,"name":"Suspension de la LTDH | L\u2019Union europ\u00e9enne exprime sa \u00ab profonde pr\u00e9occupation \u00bb"}]},{"@type":"WebSite","@id":"https:\/\/kapitalis.com\/tunisie\/#website","url":"https:\/\/kapitalis.com\/tunisie\/","name":"Kapitalis","description":"L&#039;actualit\u00e9 en Tunisie et dans le monde","publisher":{"@id":"https:\/\/kapitalis.com\/tunisie\/#organization"},"potentialAction":[{"@type":"SearchAction","target":{"@type":"EntryPoint","urlTemplate":"https:\/\/kapitalis.com\/tunisie\/?s={search_term_string}"},"query-input":{"@type":"PropertyValueSpecification","valueRequired":true,"valueName":"search_term_string"}}],"inLanguage":"fr-FR"},{"@type":"Organization","@id":"https:\/\/kapitalis.com\/tunisie\/#organization","name":"Kapitalis","url":"https:\/\/kapitalis.com\/tunisie\/","logo":{"@type":"ImageObject","inLanguage":"fr-FR","@id":"https:\/\/kapitalis.com\/tunisie\/#\/schema\/logo\/image\/","url":"https:\/\/kapitalis.com\/tunisie\/wp-content\/uploads\/2022\/05\/Kapitalis-big-size.png","contentUrl":"https:\/\/kapitalis.com\/tunisie\/wp-content\/uploads\/2022\/05\/Kapitalis-big-size.png","width":5000,"height":1500,"caption":"Kapitalis"},"image":{"@id":"https:\/\/kapitalis.com\/tunisie\/#\/schema\/logo\/image\/"},"sameAs":["https:\/\/www.facebook.com\/KapitalisInfo\/","https:\/\/x.com\/KapitalisInfo","https:\/\/www.youtube.com\/channel\/UC-yDYrHyfFBWWZaOw3FPg9Q"]},{"@type":"Person","@id":"https:\/\/kapitalis.com\/tunisie\/#\/schema\/person\/74bbde0154d49d790a92aaeac5bc01d5","name":"Yusra NY","url":"https:\/\/kapitalis.com\/tunisie\/author\/yuza_adam\/"}]}},"_links":{"self":[{"href":"https:\/\/kapitalis.com\/tunisie\/wp-json\/wp\/v2\/posts\/18714901","targetHints":{"allow":["GET"]}}],"collection":[{"href":"https:\/\/kapitalis.com\/tunisie\/wp-json\/wp\/v2\/posts"}],"about":[{"href":"https:\/\/kapitalis.com\/tunisie\/wp-json\/wp\/v2\/types\/post"}],"author":[{"embeddable":true,"href":"https:\/\/kapitalis.com\/tunisie\/wp-json\/wp\/v2\/users\/6"}],"replies":[{"embeddable":true,"href":"https:\/\/kapitalis.com\/tunisie\/wp-json\/wp\/v2\/comments?post=18714901"}],"version-history":[{"count":2,"href":"https:\/\/kapitalis.com\/tunisie\/wp-json\/wp\/v2\/posts\/18714901\/revisions"}],"predecessor-version":[{"id":18714914,"href":"https:\/\/kapitalis.com\/tunisie\/wp-json\/wp\/v2\/posts\/18714901\/revisions\/18714914"}],"wp:featuredmedia":[{"embeddable":true,"href":"https:\/\/kapitalis.com\/tunisie\/wp-json\/wp\/v2\/media\/15247643"}],"wp:attachment":[{"href":"https:\/\/kapitalis.com\/tunisie\/wp-json\/wp\/v2\/media?parent=18714901"}],"wp:term":[{"taxonomy":"category","embeddable":true,"href":"https:\/\/kapitalis.com\/tunisie\/wp-json\/wp\/v2\/categories?post=18714901"},{"taxonomy":"post_tag","embeddable":true,"href":"https:\/\/kapitalis.com\/tunisie\/wp-json\/wp\/v2\/tags?post=18714901"}],"curies":[{"name":"wp","href":"https:\/\/api.w.org\/{rel}","templated":true}]}}