{"id":18715438,"date":"2026-04-30T22:30:26","date_gmt":"2026-04-30T21:30:26","guid":{"rendered":"https:\/\/kapitalis.com\/tunisie\/?p=18715438"},"modified":"2026-04-30T22:32:14","modified_gmt":"2026-04-30T21:32:14","slug":"projection-du-film-a-voix-basse-en-presence-de-leyla-bouzid-bande-annonce","status":"publish","type":"post","link":"https:\/\/kapitalis.com\/tunisie\/2026\/04\/30\/projection-du-film-a-voix-basse-en-presence-de-leyla-bouzid-bande-annonce\/","title":{"rendered":"Projection du film \u00ab\u00a0\u00c0 voix basse\u00a0\u00bb en pr\u00e9sence de Leyla Bouzid (Bande-annonce)"},"content":{"rendered":"\n<p><em><strong>L&rsquo;Institut fran\u00e7ais de Tunisie (IFT) propose la projection du film \u00ab\u00a0\u00c0 voix basse\u00a0\u00bb en pr\u00e9sence de Leyla Bouzid et de l&rsquo;\u00e9quipe du film.<\/strong><\/em><\/p>\n\n\n\n<!--more-->\n\n\n\n<p>Le rendez-vous est donn\u00e9 pour ce samedi 2 mai \u00e0 19h \u00e0 l&rsquo;auditorium de l&rsquo;IFT et les billets (Tarif : 6 DT) sont en vente \u00e0 l&rsquo;accueil de l&rsquo;IFT et en ligne sur son site web.<\/p>\n\n\n\n<p><strong>&#8212;- Synopsis &#8212;-<\/strong><\/p>\n\n\n\n<p>De retour en Tunisie pour les fun\u00e9railles de son oncle, Lilia retrouve une famille qui ignore tout de sa vie \u00e0 Paris. D\u00e9termin\u00e9e \u00e0 percer le myst\u00e8re de la mort soudaine de son oncle, Lilia se retrouve confront\u00e9e aux secrets de famille, dans une maison o\u00f9 cohabitent trois g\u00e9n\u00e9rations de femmes.<\/p>\n\n\n\n<p><strong>Bande-annonce<\/strong><\/p>\n\n\n\n<p><\/p>\n\n\n\n<figure class=\"wp-block-embed is-type-video is-provider-youtube wp-block-embed-youtube wp-embed-aspect-16-9 wp-has-aspect-ratio\"><div class=\"wp-block-embed__wrapper\">\n<iframe loading=\"lazy\" title=\"\u00c0 VOIX BASSE de Leyla Bouzid | BANDE-ANNONCE OFFICIELLE | LE 22 AVRIL AU CIN\u00c9MA\" width=\"1160\" height=\"653\" src=\"https:\/\/www.youtube.com\/embed\/uRUIQe3KyAU?feature=oembed\" frameborder=\"0\" allow=\"accelerometer; autoplay; clipboard-write; encrypted-media; gyroscope; picture-in-picture; web-share\" referrerpolicy=\"strict-origin-when-cross-origin\" allowfullscreen><\/iframe>\n<\/div><\/figure>\n","protected":false},"excerpt":{"rendered":"<p>L&rsquo;Institut fran\u00e7ais de Tunisie (IFT) propose la projection du film \u00ab\u00a0\u00c0 voix basse\u00a0\u00bb en pr\u00e9sence de Leyla Bouzid et de l&rsquo;\u00e9quipe du film.<\/p>\n","protected":false},"author":6,"featured_media":18715467,"comment_status":"open","ping_status":"open","sticky":false,"template":"","format":"standard","meta":{"footnotes":""},"categories":[994,2433,4806],"tags":[128106,5865,462,11324,112618,62643],"class_list":["post-18715438","post","type-post","status-publish","format-standard","has-post-thumbnail","hentry","category-culture","category-tunisie","category-videos","tag-a-voix-basse-2","tag-film","tag-ift","tag-leyla-bouzid","tag-projection","tag-tunisie"],"yoast_head":"<!-- This site is optimized with the Yoast SEO plugin v26.6 - https:\/\/yoast.com\/wordpress\/plugins\/seo\/ -->\n<title>Projection du film &quot;\u00c0 voix basse&quot; en pr\u00e9sence de Leyla Bouzid (Bande-annonce) - Kapitalis<\/title>\n<meta name=\"robots\" content=\"index, follow, max-snippet:-1, max-image-preview:large, max-video-preview:-1\" \/>\n<link rel=\"canonical\" href=\"https:\/\/kapitalis.com\/tunisie\/2026\/04\/30\/projection-du-film-a-voix-basse-en-presence-de-leyla-bouzid-bande-annonce\/\" \/>\n<meta property=\"og:locale\" content=\"fr_FR\" \/>\n<meta property=\"og:type\" content=\"article\" \/>\n<meta property=\"og:title\" content=\"Projection du film &quot;\u00c0 voix basse&quot; en pr\u00e9sence de Leyla Bouzid (Bande-annonce) - Kapitalis\" \/>\n<meta property=\"og:description\" content=\"L&rsquo;Institut fran\u00e7ais de Tunisie (IFT) propose la projection du film \u00ab\u00a0\u00c0 voix basse\u00a0\u00bb en pr\u00e9sence de Leyla Bouzid et de l&rsquo;\u00e9quipe du film.\" \/>\n<meta property=\"og:url\" content=\"https:\/\/kapitalis.com\/tunisie\/2026\/04\/30\/projection-du-film-a-voix-basse-en-presence-de-leyla-bouzid-bande-annonce\/\" \/>\n<meta property=\"og:site_name\" content=\"Kapitalis\" \/>\n<meta property=\"article:publisher\" content=\"https:\/\/www.facebook.com\/KapitalisInfo\/\" \/>\n<meta property=\"article:published_time\" content=\"2026-04-30T21:30:26+00:00\" \/>\n<meta property=\"article:modified_time\" content=\"2026-04-30T21:32:14+00:00\" \/>\n<meta property=\"og:image\" content=\"https:\/\/kapitalis.com\/tunisie\/wp-content\/uploads\/2026\/04\/A-voix-basse.jpg\" \/>\n\t<meta property=\"og:image:width\" content=\"1200\" \/>\n\t<meta property=\"og:image:height\" content=\"628\" \/>\n\t<meta property=\"og:image:type\" content=\"image\/jpeg\" \/>\n<meta name=\"author\" content=\"Yusra NY\" \/>\n<meta name=\"twitter:card\" content=\"summary_large_image\" \/>\n<meta name=\"twitter:creator\" content=\"@KapitalisInfo\" \/>\n<meta name=\"twitter:site\" content=\"@KapitalisInfo\" \/>\n<meta name=\"twitter:label1\" content=\"\u00c9crit par\" \/>\n\t<meta name=\"twitter:data1\" content=\"Yusra NY\" \/>\n\t<meta name=\"twitter:label2\" content=\"Dur\u00e9e de lecture estim\u00e9e\" \/>\n\t<meta name=\"twitter:data2\" content=\"1 minute\" \/>\n<script type=\"application\/ld+json\" class=\"yoast-schema-graph\">{\"@context\":\"https:\/\/schema.org\",\"@graph\":[{\"@type\":\"Article\",\"@id\":\"https:\/\/kapitalis.com\/tunisie\/2026\/04\/30\/projection-du-film-a-voix-basse-en-presence-de-leyla-bouzid-bande-annonce\/#article\",\"isPartOf\":{\"@id\":\"https:\/\/kapitalis.com\/tunisie\/2026\/04\/30\/projection-du-film-a-voix-basse-en-presence-de-leyla-bouzid-bande-annonce\/\"},\"author\":{\"name\":\"Yusra NY\",\"@id\":\"https:\/\/kapitalis.com\/tunisie\/#\/schema\/person\/74bbde0154d49d790a92aaeac5bc01d5\"},\"headline\":\"Projection du film \u00ab\u00a0\u00c0 voix basse\u00a0\u00bb en pr\u00e9sence de Leyla Bouzid (Bande-annonce)\",\"datePublished\":\"2026-04-30T21:30:26+00:00\",\"dateModified\":\"2026-04-30T21:32:14+00:00\",\"mainEntityOfPage\":{\"@id\":\"https:\/\/kapitalis.com\/tunisie\/2026\/04\/30\/projection-du-film-a-voix-basse-en-presence-de-leyla-bouzid-bande-annonce\/\"},\"wordCount\":135,\"commentCount\":0,\"publisher\":{\"@id\":\"https:\/\/kapitalis.com\/tunisie\/#organization\"},\"image\":{\"@id\":\"https:\/\/kapitalis.com\/tunisie\/2026\/04\/30\/projection-du-film-a-voix-basse-en-presence-de-leyla-bouzid-bande-annonce\/#primaryimage\"},\"thumbnailUrl\":\"https:\/\/kapitalis.com\/tunisie\/wp-content\/uploads\/2026\/04\/A-voix-basse.jpg\",\"keywords\":[\"\u00c0 voix basse\",\"film\",\"IFT\",\"Leyla Bouzid\",\"projection\",\"Tunisie\"],\"articleSection\":[\"CULTURE\",\"Tunisie\",\"VIDEOS\"],\"inLanguage\":\"fr-FR\",\"potentialAction\":[{\"@type\":\"CommentAction\",\"name\":\"Comment\",\"target\":[\"https:\/\/kapitalis.com\/tunisie\/2026\/04\/30\/projection-du-film-a-voix-basse-en-presence-de-leyla-bouzid-bande-annonce\/#respond\"]}]},{\"@type\":\"WebPage\",\"@id\":\"https:\/\/kapitalis.com\/tunisie\/2026\/04\/30\/projection-du-film-a-voix-basse-en-presence-de-leyla-bouzid-bande-annonce\/\",\"url\":\"https:\/\/kapitalis.com\/tunisie\/2026\/04\/30\/projection-du-film-a-voix-basse-en-presence-de-leyla-bouzid-bande-annonce\/\",\"name\":\"Projection du film \\\"\u00c0 voix basse\\\" en pr\u00e9sence de Leyla Bouzid (Bande-annonce) - Kapitalis\",\"isPartOf\":{\"@id\":\"https:\/\/kapitalis.com\/tunisie\/#website\"},\"primaryImageOfPage\":{\"@id\":\"https:\/\/kapitalis.com\/tunisie\/2026\/04\/30\/projection-du-film-a-voix-basse-en-presence-de-leyla-bouzid-bande-annonce\/#primaryimage\"},\"image\":{\"@id\":\"https:\/\/kapitalis.com\/tunisie\/2026\/04\/30\/projection-du-film-a-voix-basse-en-presence-de-leyla-bouzid-bande-annonce\/#primaryimage\"},\"thumbnailUrl\":\"https:\/\/kapitalis.com\/tunisie\/wp-content\/uploads\/2026\/04\/A-voix-basse.jpg\",\"datePublished\":\"2026-04-30T21:30:26+00:00\",\"dateModified\":\"2026-04-30T21:32:14+00:00\",\"breadcrumb\":{\"@id\":\"https:\/\/kapitalis.com\/tunisie\/2026\/04\/30\/projection-du-film-a-voix-basse-en-presence-de-leyla-bouzid-bande-annonce\/#breadcrumb\"},\"inLanguage\":\"fr-FR\",\"potentialAction\":[{\"@type\":\"ReadAction\",\"target\":[\"https:\/\/kapitalis.com\/tunisie\/2026\/04\/30\/projection-du-film-a-voix-basse-en-presence-de-leyla-bouzid-bande-annonce\/\"]}]},{\"@type\":\"ImageObject\",\"inLanguage\":\"fr-FR\",\"@id\":\"https:\/\/kapitalis.com\/tunisie\/2026\/04\/30\/projection-du-film-a-voix-basse-en-presence-de-leyla-bouzid-bande-annonce\/#primaryimage\",\"url\":\"https:\/\/kapitalis.com\/tunisie\/wp-content\/uploads\/2026\/04\/A-voix-basse.jpg\",\"contentUrl\":\"https:\/\/kapitalis.com\/tunisie\/wp-content\/uploads\/2026\/04\/A-voix-basse.jpg\",\"width\":1200,\"height\":628},{\"@type\":\"BreadcrumbList\",\"@id\":\"https:\/\/kapitalis.com\/tunisie\/2026\/04\/30\/projection-du-film-a-voix-basse-en-presence-de-leyla-bouzid-bande-annonce\/#breadcrumb\",\"itemListElement\":[{\"@type\":\"ListItem\",\"position\":1,\"name\":\"Accueil\",\"item\":\"https:\/\/kapitalis.com\/tunisie\/\"},{\"@type\":\"ListItem\",\"position\":2,\"name\":\"Projection du film \u00ab\u00a0\u00c0 voix basse\u00a0\u00bb en pr\u00e9sence de Leyla Bouzid (Bande-annonce)\"}]},{\"@type\":\"WebSite\",\"@id\":\"https:\/\/kapitalis.com\/tunisie\/#website\",\"url\":\"https:\/\/kapitalis.com\/tunisie\/\",\"name\":\"Kapitalis\",\"description\":\"L&#039;actualit\u00e9 en Tunisie et dans le monde\",\"publisher\":{\"@id\":\"https:\/\/kapitalis.com\/tunisie\/#organization\"},\"potentialAction\":[{\"@type\":\"SearchAction\",\"target\":{\"@type\":\"EntryPoint\",\"urlTemplate\":\"https:\/\/kapitalis.com\/tunisie\/?s={search_term_string}\"},\"query-input\":{\"@type\":\"PropertyValueSpecification\",\"valueRequired\":true,\"valueName\":\"search_term_string\"}}],\"inLanguage\":\"fr-FR\"},{\"@type\":\"Organization\",\"@id\":\"https:\/\/kapitalis.com\/tunisie\/#organization\",\"name\":\"Kapitalis\",\"url\":\"https:\/\/kapitalis.com\/tunisie\/\",\"logo\":{\"@type\":\"ImageObject\",\"inLanguage\":\"fr-FR\",\"@id\":\"https:\/\/kapitalis.com\/tunisie\/#\/schema\/logo\/image\/\",\"url\":\"https:\/\/kapitalis.com\/tunisie\/wp-content\/uploads\/2022\/05\/Kapitalis-big-size.png\",\"contentUrl\":\"https:\/\/kapitalis.com\/tunisie\/wp-content\/uploads\/2022\/05\/Kapitalis-big-size.png\",\"width\":5000,\"height\":1500,\"caption\":\"Kapitalis\"},\"image\":{\"@id\":\"https:\/\/kapitalis.com\/tunisie\/#\/schema\/logo\/image\/\"},\"sameAs\":[\"https:\/\/www.facebook.com\/KapitalisInfo\/\",\"https:\/\/x.com\/KapitalisInfo\",\"https:\/\/www.youtube.com\/channel\/UC-yDYrHyfFBWWZaOw3FPg9Q\"]},{\"@type\":\"Person\",\"@id\":\"https:\/\/kapitalis.com\/tunisie\/#\/schema\/person\/74bbde0154d49d790a92aaeac5bc01d5\",\"name\":\"Yusra NY\",\"url\":\"https:\/\/kapitalis.com\/tunisie\/author\/yuza_adam\/\"}]}<\/script>\n<!-- \/ Yoast SEO plugin. -->","yoast_head_json":{"title":"Projection du film \"\u00c0 voix basse\" en pr\u00e9sence de Leyla Bouzid (Bande-annonce) - Kapitalis","robots":{"index":"index","follow":"follow","max-snippet":"max-snippet:-1","max-image-preview":"max-image-preview:large","max-video-preview":"max-video-preview:-1"},"canonical":"https:\/\/kapitalis.com\/tunisie\/2026\/04\/30\/projection-du-film-a-voix-basse-en-presence-de-leyla-bouzid-bande-annonce\/","og_locale":"fr_FR","og_type":"article","og_title":"Projection du film \"\u00c0 voix basse\" en pr\u00e9sence de Leyla Bouzid (Bande-annonce) - Kapitalis","og_description":"L&rsquo;Institut fran\u00e7ais de Tunisie (IFT) propose la projection du film \u00ab\u00a0\u00c0 voix basse\u00a0\u00bb en pr\u00e9sence de Leyla Bouzid et de l&rsquo;\u00e9quipe du film.","og_url":"https:\/\/kapitalis.com\/tunisie\/2026\/04\/30\/projection-du-film-a-voix-basse-en-presence-de-leyla-bouzid-bande-annonce\/","og_site_name":"Kapitalis","article_publisher":"https:\/\/www.facebook.com\/KapitalisInfo\/","article_published_time":"2026-04-30T21:30:26+00:00","article_modified_time":"2026-04-30T21:32:14+00:00","og_image":[{"width":1200,"height":628,"url":"https:\/\/kapitalis.com\/tunisie\/wp-content\/uploads\/2026\/04\/A-voix-basse.jpg","type":"image\/jpeg"}],"author":"Yusra NY","twitter_card":"summary_large_image","twitter_creator":"@KapitalisInfo","twitter_site":"@KapitalisInfo","twitter_misc":{"\u00c9crit par":"Yusra NY","Dur\u00e9e de lecture estim\u00e9e":"1 minute"},"schema":{"@context":"https:\/\/schema.org","@graph":[{"@type":"Article","@id":"https:\/\/kapitalis.com\/tunisie\/2026\/04\/30\/projection-du-film-a-voix-basse-en-presence-de-leyla-bouzid-bande-annonce\/#article","isPartOf":{"@id":"https:\/\/kapitalis.com\/tunisie\/2026\/04\/30\/projection-du-film-a-voix-basse-en-presence-de-leyla-bouzid-bande-annonce\/"},"author":{"name":"Yusra NY","@id":"https:\/\/kapitalis.com\/tunisie\/#\/schema\/person\/74bbde0154d49d790a92aaeac5bc01d5"},"headline":"Projection du film \u00ab\u00a0\u00c0 voix basse\u00a0\u00bb en pr\u00e9sence de Leyla Bouzid (Bande-annonce)","datePublished":"2026-04-30T21:30:26+00:00","dateModified":"2026-04-30T21:32:14+00:00","mainEntityOfPage":{"@id":"https:\/\/kapitalis.com\/tunisie\/2026\/04\/30\/projection-du-film-a-voix-basse-en-presence-de-leyla-bouzid-bande-annonce\/"},"wordCount":135,"commentCount":0,"publisher":{"@id":"https:\/\/kapitalis.com\/tunisie\/#organization"},"image":{"@id":"https:\/\/kapitalis.com\/tunisie\/2026\/04\/30\/projection-du-film-a-voix-basse-en-presence-de-leyla-bouzid-bande-annonce\/#primaryimage"},"thumbnailUrl":"https:\/\/kapitalis.com\/tunisie\/wp-content\/uploads\/2026\/04\/A-voix-basse.jpg","keywords":["\u00c0 voix basse","film","IFT","Leyla Bouzid","projection","Tunisie"],"articleSection":["CULTURE","Tunisie","VIDEOS"],"inLanguage":"fr-FR","potentialAction":[{"@type":"CommentAction","name":"Comment","target":["https:\/\/kapitalis.com\/tunisie\/2026\/04\/30\/projection-du-film-a-voix-basse-en-presence-de-leyla-bouzid-bande-annonce\/#respond"]}]},{"@type":"WebPage","@id":"https:\/\/kapitalis.com\/tunisie\/2026\/04\/30\/projection-du-film-a-voix-basse-en-presence-de-leyla-bouzid-bande-annonce\/","url":"https:\/\/kapitalis.com\/tunisie\/2026\/04\/30\/projection-du-film-a-voix-basse-en-presence-de-leyla-bouzid-bande-annonce\/","name":"Projection du film \"\u00c0 voix basse\" en pr\u00e9sence de Leyla Bouzid (Bande-annonce) - Kapitalis","isPartOf":{"@id":"https:\/\/kapitalis.com\/tunisie\/#website"},"primaryImageOfPage":{"@id":"https:\/\/kapitalis.com\/tunisie\/2026\/04\/30\/projection-du-film-a-voix-basse-en-presence-de-leyla-bouzid-bande-annonce\/#primaryimage"},"image":{"@id":"https:\/\/kapitalis.com\/tunisie\/2026\/04\/30\/projection-du-film-a-voix-basse-en-presence-de-leyla-bouzid-bande-annonce\/#primaryimage"},"thumbnailUrl":"https:\/\/kapitalis.com\/tunisie\/wp-content\/uploads\/2026\/04\/A-voix-basse.jpg","datePublished":"2026-04-30T21:30:26+00:00","dateModified":"2026-04-30T21:32:14+00:00","breadcrumb":{"@id":"https:\/\/kapitalis.com\/tunisie\/2026\/04\/30\/projection-du-film-a-voix-basse-en-presence-de-leyla-bouzid-bande-annonce\/#breadcrumb"},"inLanguage":"fr-FR","potentialAction":[{"@type":"ReadAction","target":["https:\/\/kapitalis.com\/tunisie\/2026\/04\/30\/projection-du-film-a-voix-basse-en-presence-de-leyla-bouzid-bande-annonce\/"]}]},{"@type":"ImageObject","inLanguage":"fr-FR","@id":"https:\/\/kapitalis.com\/tunisie\/2026\/04\/30\/projection-du-film-a-voix-basse-en-presence-de-leyla-bouzid-bande-annonce\/#primaryimage","url":"https:\/\/kapitalis.com\/tunisie\/wp-content\/uploads\/2026\/04\/A-voix-basse.jpg","contentUrl":"https:\/\/kapitalis.com\/tunisie\/wp-content\/uploads\/2026\/04\/A-voix-basse.jpg","width":1200,"height":628},{"@type":"BreadcrumbList","@id":"https:\/\/kapitalis.com\/tunisie\/2026\/04\/30\/projection-du-film-a-voix-basse-en-presence-de-leyla-bouzid-bande-annonce\/#breadcrumb","itemListElement":[{"@type":"ListItem","position":1,"name":"Accueil","item":"https:\/\/kapitalis.com\/tunisie\/"},{"@type":"ListItem","position":2,"name":"Projection du film \u00ab\u00a0\u00c0 voix basse\u00a0\u00bb en pr\u00e9sence de Leyla Bouzid (Bande-annonce)"}]},{"@type":"WebSite","@id":"https:\/\/kapitalis.com\/tunisie\/#website","url":"https:\/\/kapitalis.com\/tunisie\/","name":"Kapitalis","description":"L&#039;actualit\u00e9 en Tunisie et dans le monde","publisher":{"@id":"https:\/\/kapitalis.com\/tunisie\/#organization"},"potentialAction":[{"@type":"SearchAction","target":{"@type":"EntryPoint","urlTemplate":"https:\/\/kapitalis.com\/tunisie\/?s={search_term_string}"},"query-input":{"@type":"PropertyValueSpecification","valueRequired":true,"valueName":"search_term_string"}}],"inLanguage":"fr-FR"},{"@type":"Organization","@id":"https:\/\/kapitalis.com\/tunisie\/#organization","name":"Kapitalis","url":"https:\/\/kapitalis.com\/tunisie\/","logo":{"@type":"ImageObject","inLanguage":"fr-FR","@id":"https:\/\/kapitalis.com\/tunisie\/#\/schema\/logo\/image\/","url":"https:\/\/kapitalis.com\/tunisie\/wp-content\/uploads\/2022\/05\/Kapitalis-big-size.png","contentUrl":"https:\/\/kapitalis.com\/tunisie\/wp-content\/uploads\/2022\/05\/Kapitalis-big-size.png","width":5000,"height":1500,"caption":"Kapitalis"},"image":{"@id":"https:\/\/kapitalis.com\/tunisie\/#\/schema\/logo\/image\/"},"sameAs":["https:\/\/www.facebook.com\/KapitalisInfo\/","https:\/\/x.com\/KapitalisInfo","https:\/\/www.youtube.com\/channel\/UC-yDYrHyfFBWWZaOw3FPg9Q"]},{"@type":"Person","@id":"https:\/\/kapitalis.com\/tunisie\/#\/schema\/person\/74bbde0154d49d790a92aaeac5bc01d5","name":"Yusra NY","url":"https:\/\/kapitalis.com\/tunisie\/author\/yuza_adam\/"}]}},"_links":{"self":[{"href":"https:\/\/kapitalis.com\/tunisie\/wp-json\/wp\/v2\/posts\/18715438","targetHints":{"allow":["GET"]}}],"collection":[{"href":"https:\/\/kapitalis.com\/tunisie\/wp-json\/wp\/v2\/posts"}],"about":[{"href":"https:\/\/kapitalis.com\/tunisie\/wp-json\/wp\/v2\/types\/post"}],"author":[{"embeddable":true,"href":"https:\/\/kapitalis.com\/tunisie\/wp-json\/wp\/v2\/users\/6"}],"replies":[{"embeddable":true,"href":"https:\/\/kapitalis.com\/tunisie\/wp-json\/wp\/v2\/comments?post=18715438"}],"version-history":[{"count":1,"href":"https:\/\/kapitalis.com\/tunisie\/wp-json\/wp\/v2\/posts\/18715438\/revisions"}],"predecessor-version":[{"id":18715457,"href":"https:\/\/kapitalis.com\/tunisie\/wp-json\/wp\/v2\/posts\/18715438\/revisions\/18715457"}],"wp:featuredmedia":[{"embeddable":true,"href":"https:\/\/kapitalis.com\/tunisie\/wp-json\/wp\/v2\/media\/18715467"}],"wp:attachment":[{"href":"https:\/\/kapitalis.com\/tunisie\/wp-json\/wp\/v2\/media?parent=18715438"}],"wp:term":[{"taxonomy":"category","embeddable":true,"href":"https:\/\/kapitalis.com\/tunisie\/wp-json\/wp\/v2\/categories?post=18715438"},{"taxonomy":"post_tag","embeddable":true,"href":"https:\/\/kapitalis.com\/tunisie\/wp-json\/wp\/v2\/tags?post=18715438"}],"curies":[{"name":"wp","href":"https:\/\/api.w.org\/{rel}","templated":true}]}}