{"id":18716636,"date":"2026-05-01T06:52:29","date_gmt":"2026-05-01T05:52:29","guid":{"rendered":"https:\/\/kapitalis.com\/tunisie\/?p=18716636"},"modified":"2026-05-01T06:52:30","modified_gmt":"2026-05-01T05:52:30","slug":"focus-sur-les-films-de-habib-mestiri-en-jordanie","status":"publish","type":"post","link":"https:\/\/kapitalis.com\/tunisie\/2026\/05\/01\/focus-sur-les-films-de-habib-mestiri-en-jordanie\/","title":{"rendered":"Focus sur les films de Habib Mestiri en Jordanie"},"content":{"rendered":"\n<p><strong><em>La Fondation Abdul Hameed Shoman, branche ex\u00e9cutive de la responsabilit\u00e9 culturelle et sociale de l\u2019Arab Bank, organise \u2018\u2018Les nuits du cin\u00e9ma tunisien\u2019\u2019 dans la capitale jordanienne, Amman, du 5 au 7 mai 2026.<\/em><\/strong><\/p>\n\n\n\n<!--more-->\n\n\n\n<p>Cette manifestation, qui vise \u00e0 mettre en lumi\u00e8re la vitalit\u00e9 et la singularit\u00e9 du cin\u00e9ma tunisien contemporain, a port\u00e9 son choix sur le cin\u00e9aste Habib Mestiri dont les \u0153uvres cin\u00e9matographiques seront pr\u00e9sent\u00e9es comme un mod\u00e8le vivant refl\u00e9tant l\u2019\u00e9volution et la richesse du cin\u00e9ma tunisien. Ce sera une occasion pour le public jordanien et arabe de d\u00e9couvrir des exp\u00e9riences cin\u00e9matographiques uniques, porteuses d\u2019une empreinte de r\u00e9alisation distincte et abordant des questions profondes avec un style artistique raffin\u00e9.<\/p>\n\n\n\n<p>Le d\u00e9partement cin\u00e9ma de la Fondation Abdul Hameed Shoman, dirig\u00e9 par le critique de cin\u00e9ma Adnan Madanat, consacre ses activit\u00e9s \u00e0 la conviction profonde que le cin\u00e9ma est l\u2019un des outils d\u2019expression culturelle les plus influents. Aussi s\u2019efforce-t-il de pr\u00e9senter des projections de qualit\u00e9 s\u00e9lectionn\u00e9es, accompagn\u00e9es de s\u00e9ances de discussion et d\u2019analyse visant \u00e0 approfondir la compr\u00e9hension et \u00e0 stimuler un d\u00e9bat cin\u00e9matographique constructif.<\/p>\n\n\n\n<p>Les \u0153uvres du r\u00e9alisateur Habib Mestiri qui seront projet\u00e9s \u00e0 cette occasion sont <em>\u2018<\/em><em>\u2018Wed\u2019\u2019<\/em> et <em>\u2018\u2018Weld El Akri\u2019\u2019<\/em>. Au programme aussi une rencontre avec le r\u00e9alisateur qui parlera de son exp\u00e9rience du cin\u00e9ma documentaire et du film de fiction.<\/p>\n","protected":false},"excerpt":{"rendered":"<p>Le r\u00e9alisateur Habib Mestiri dans &lsquo;\u2018Les nuits du cin\u00e9ma tunisien\u2019\u2019 \u00e0 Amman, en Jordanie, du 5 au 7 mai 2026.<\/p>\n","protected":false},"author":8,"featured_media":18716654,"comment_status":"open","ping_status":"open","sticky":false,"template":"","format":"standard","meta":{"footnotes":""},"categories":[994,2433],"tags":[128109,128107,9668,128108,7872],"class_list":["post-18716636","post","type-post","status-publish","format-standard","has-post-thumbnail","hentry","category-culture","category-tunisie","tag-adnan-madanat","tag-amman-jordanie","tag-cinema-tunisien","tag-fondation-abdul-hameed-shoman","tag-habib-mestiri"],"yoast_head":"<!-- This site is optimized with the Yoast SEO plugin v26.6 - https:\/\/yoast.com\/wordpress\/plugins\/seo\/ -->\n<title>Focus sur les films de Habib Mestiri en Jordanie - Kapitalis<\/title>\n<meta name=\"description\" content=\"Le r\u00e9alisateur Habib Mestiri dans &#039;\u2018Les nuits du cin\u00e9ma tunisien\u2019\u2019 \u00e0 Amman, en Jordanie, du 5 au 7 mai 2026.\" \/>\n<meta name=\"robots\" content=\"index, follow, max-snippet:-1, max-image-preview:large, max-video-preview:-1\" \/>\n<link rel=\"canonical\" href=\"https:\/\/kapitalis.com\/tunisie\/2026\/05\/01\/focus-sur-les-films-de-habib-mestiri-en-jordanie\/\" \/>\n<meta property=\"og:locale\" content=\"fr_FR\" \/>\n<meta property=\"og:type\" content=\"article\" \/>\n<meta property=\"og:title\" content=\"Focus sur les films de Habib Mestiri en Jordanie - Kapitalis\" \/>\n<meta property=\"og:description\" content=\"Le r\u00e9alisateur Habib Mestiri dans &#039;\u2018Les nuits du cin\u00e9ma tunisien\u2019\u2019 \u00e0 Amman, en Jordanie, du 5 au 7 mai 2026.\" \/>\n<meta property=\"og:url\" content=\"https:\/\/kapitalis.com\/tunisie\/2026\/05\/01\/focus-sur-les-films-de-habib-mestiri-en-jordanie\/\" \/>\n<meta property=\"og:site_name\" content=\"Kapitalis\" \/>\n<meta property=\"article:publisher\" content=\"https:\/\/www.facebook.com\/KapitalisInfo\/\" \/>\n<meta property=\"article:published_time\" content=\"2026-05-01T05:52:29+00:00\" \/>\n<meta property=\"article:modified_time\" content=\"2026-05-01T05:52:30+00:00\" \/>\n<meta property=\"og:image\" content=\"https:\/\/kapitalis.com\/tunisie\/wp-content\/uploads\/2026\/05\/Habib-Mestiri.jpg\" \/>\n\t<meta property=\"og:image:width\" content=\"1200\" \/>\n\t<meta property=\"og:image:height\" content=\"630\" \/>\n\t<meta property=\"og:image:type\" content=\"image\/jpeg\" \/>\n<meta name=\"author\" content=\"webmaster kapitalis\" \/>\n<meta name=\"twitter:card\" content=\"summary_large_image\" \/>\n<meta name=\"twitter:creator\" content=\"@KapitalisInfo\" \/>\n<meta name=\"twitter:site\" content=\"@KapitalisInfo\" \/>\n<meta name=\"twitter:label1\" content=\"\u00c9crit par\" \/>\n\t<meta name=\"twitter:data1\" content=\"webmaster kapitalis\" \/>\n\t<meta name=\"twitter:label2\" content=\"Dur\u00e9e de lecture estim\u00e9e\" \/>\n\t<meta name=\"twitter:data2\" content=\"2 minutes\" \/>\n<script type=\"application\/ld+json\" class=\"yoast-schema-graph\">{\"@context\":\"https:\/\/schema.org\",\"@graph\":[{\"@type\":\"Article\",\"@id\":\"https:\/\/kapitalis.com\/tunisie\/2026\/05\/01\/focus-sur-les-films-de-habib-mestiri-en-jordanie\/#article\",\"isPartOf\":{\"@id\":\"https:\/\/kapitalis.com\/tunisie\/2026\/05\/01\/focus-sur-les-films-de-habib-mestiri-en-jordanie\/\"},\"author\":{\"name\":\"webmaster kapitalis\",\"@id\":\"https:\/\/kapitalis.com\/tunisie\/#\/schema\/person\/d71f33a9ca44f7bad4698210b480c8e9\"},\"headline\":\"Focus sur les films de Habib Mestiri en Jordanie\",\"datePublished\":\"2026-05-01T05:52:29+00:00\",\"dateModified\":\"2026-05-01T05:52:30+00:00\",\"mainEntityOfPage\":{\"@id\":\"https:\/\/kapitalis.com\/tunisie\/2026\/05\/01\/focus-sur-les-films-de-habib-mestiri-en-jordanie\/\"},\"wordCount\":253,\"commentCount\":0,\"publisher\":{\"@id\":\"https:\/\/kapitalis.com\/tunisie\/#organization\"},\"image\":{\"@id\":\"https:\/\/kapitalis.com\/tunisie\/2026\/05\/01\/focus-sur-les-films-de-habib-mestiri-en-jordanie\/#primaryimage\"},\"thumbnailUrl\":\"https:\/\/kapitalis.com\/tunisie\/wp-content\/uploads\/2026\/05\/Habib-Mestiri.jpg\",\"keywords\":[\"Adnan Madanat\",\"Amman Jordanie\",\"cin\u00e9ma tunisien\",\"Fondation Abdul Hameed Shoman\",\"Habib Mestiri\"],\"articleSection\":[\"CULTURE\",\"Tunisie\"],\"inLanguage\":\"fr-FR\",\"potentialAction\":[{\"@type\":\"CommentAction\",\"name\":\"Comment\",\"target\":[\"https:\/\/kapitalis.com\/tunisie\/2026\/05\/01\/focus-sur-les-films-de-habib-mestiri-en-jordanie\/#respond\"]}]},{\"@type\":\"WebPage\",\"@id\":\"https:\/\/kapitalis.com\/tunisie\/2026\/05\/01\/focus-sur-les-films-de-habib-mestiri-en-jordanie\/\",\"url\":\"https:\/\/kapitalis.com\/tunisie\/2026\/05\/01\/focus-sur-les-films-de-habib-mestiri-en-jordanie\/\",\"name\":\"Focus sur les films de Habib Mestiri en Jordanie - Kapitalis\",\"isPartOf\":{\"@id\":\"https:\/\/kapitalis.com\/tunisie\/#website\"},\"primaryImageOfPage\":{\"@id\":\"https:\/\/kapitalis.com\/tunisie\/2026\/05\/01\/focus-sur-les-films-de-habib-mestiri-en-jordanie\/#primaryimage\"},\"image\":{\"@id\":\"https:\/\/kapitalis.com\/tunisie\/2026\/05\/01\/focus-sur-les-films-de-habib-mestiri-en-jordanie\/#primaryimage\"},\"thumbnailUrl\":\"https:\/\/kapitalis.com\/tunisie\/wp-content\/uploads\/2026\/05\/Habib-Mestiri.jpg\",\"datePublished\":\"2026-05-01T05:52:29+00:00\",\"dateModified\":\"2026-05-01T05:52:30+00:00\",\"description\":\"Le r\u00e9alisateur Habib Mestiri dans '\u2018Les nuits du cin\u00e9ma tunisien\u2019\u2019 \u00e0 Amman, en Jordanie, du 5 au 7 mai 2026.\",\"breadcrumb\":{\"@id\":\"https:\/\/kapitalis.com\/tunisie\/2026\/05\/01\/focus-sur-les-films-de-habib-mestiri-en-jordanie\/#breadcrumb\"},\"inLanguage\":\"fr-FR\",\"potentialAction\":[{\"@type\":\"ReadAction\",\"target\":[\"https:\/\/kapitalis.com\/tunisie\/2026\/05\/01\/focus-sur-les-films-de-habib-mestiri-en-jordanie\/\"]}]},{\"@type\":\"ImageObject\",\"inLanguage\":\"fr-FR\",\"@id\":\"https:\/\/kapitalis.com\/tunisie\/2026\/05\/01\/focus-sur-les-films-de-habib-mestiri-en-jordanie\/#primaryimage\",\"url\":\"https:\/\/kapitalis.com\/tunisie\/wp-content\/uploads\/2026\/05\/Habib-Mestiri.jpg\",\"contentUrl\":\"https:\/\/kapitalis.com\/tunisie\/wp-content\/uploads\/2026\/05\/Habib-Mestiri.jpg\",\"width\":1200,\"height\":630},{\"@type\":\"BreadcrumbList\",\"@id\":\"https:\/\/kapitalis.com\/tunisie\/2026\/05\/01\/focus-sur-les-films-de-habib-mestiri-en-jordanie\/#breadcrumb\",\"itemListElement\":[{\"@type\":\"ListItem\",\"position\":1,\"name\":\"Accueil\",\"item\":\"https:\/\/kapitalis.com\/tunisie\/\"},{\"@type\":\"ListItem\",\"position\":2,\"name\":\"Focus sur les films de Habib Mestiri en Jordanie\"}]},{\"@type\":\"WebSite\",\"@id\":\"https:\/\/kapitalis.com\/tunisie\/#website\",\"url\":\"https:\/\/kapitalis.com\/tunisie\/\",\"name\":\"Kapitalis\",\"description\":\"L&#039;actualit\u00e9 en Tunisie et dans le monde\",\"publisher\":{\"@id\":\"https:\/\/kapitalis.com\/tunisie\/#organization\"},\"potentialAction\":[{\"@type\":\"SearchAction\",\"target\":{\"@type\":\"EntryPoint\",\"urlTemplate\":\"https:\/\/kapitalis.com\/tunisie\/?s={search_term_string}\"},\"query-input\":{\"@type\":\"PropertyValueSpecification\",\"valueRequired\":true,\"valueName\":\"search_term_string\"}}],\"inLanguage\":\"fr-FR\"},{\"@type\":\"Organization\",\"@id\":\"https:\/\/kapitalis.com\/tunisie\/#organization\",\"name\":\"Kapitalis\",\"url\":\"https:\/\/kapitalis.com\/tunisie\/\",\"logo\":{\"@type\":\"ImageObject\",\"inLanguage\":\"fr-FR\",\"@id\":\"https:\/\/kapitalis.com\/tunisie\/#\/schema\/logo\/image\/\",\"url\":\"https:\/\/kapitalis.com\/tunisie\/wp-content\/uploads\/2022\/05\/Kapitalis-big-size.png\",\"contentUrl\":\"https:\/\/kapitalis.com\/tunisie\/wp-content\/uploads\/2022\/05\/Kapitalis-big-size.png\",\"width\":5000,\"height\":1500,\"caption\":\"Kapitalis\"},\"image\":{\"@id\":\"https:\/\/kapitalis.com\/tunisie\/#\/schema\/logo\/image\/\"},\"sameAs\":[\"https:\/\/www.facebook.com\/KapitalisInfo\/\",\"https:\/\/x.com\/KapitalisInfo\",\"https:\/\/www.youtube.com\/channel\/UC-yDYrHyfFBWWZaOw3FPg9Q\"]},{\"@type\":\"Person\",\"@id\":\"https:\/\/kapitalis.com\/tunisie\/#\/schema\/person\/d71f33a9ca44f7bad4698210b480c8e9\",\"name\":\"webmaster kapitalis\",\"url\":\"https:\/\/kapitalis.com\/tunisie\/author\/webmaster-kapitalis\/\"}]}<\/script>\n<!-- \/ Yoast SEO plugin. -->","yoast_head_json":{"title":"Focus sur les films de Habib Mestiri en Jordanie - Kapitalis","description":"Le r\u00e9alisateur Habib Mestiri dans '\u2018Les nuits du cin\u00e9ma tunisien\u2019\u2019 \u00e0 Amman, en Jordanie, du 5 au 7 mai 2026.","robots":{"index":"index","follow":"follow","max-snippet":"max-snippet:-1","max-image-preview":"max-image-preview:large","max-video-preview":"max-video-preview:-1"},"canonical":"https:\/\/kapitalis.com\/tunisie\/2026\/05\/01\/focus-sur-les-films-de-habib-mestiri-en-jordanie\/","og_locale":"fr_FR","og_type":"article","og_title":"Focus sur les films de Habib Mestiri en Jordanie - Kapitalis","og_description":"Le r\u00e9alisateur Habib Mestiri dans '\u2018Les nuits du cin\u00e9ma tunisien\u2019\u2019 \u00e0 Amman, en Jordanie, du 5 au 7 mai 2026.","og_url":"https:\/\/kapitalis.com\/tunisie\/2026\/05\/01\/focus-sur-les-films-de-habib-mestiri-en-jordanie\/","og_site_name":"Kapitalis","article_publisher":"https:\/\/www.facebook.com\/KapitalisInfo\/","article_published_time":"2026-05-01T05:52:29+00:00","article_modified_time":"2026-05-01T05:52:30+00:00","og_image":[{"width":1200,"height":630,"url":"https:\/\/kapitalis.com\/tunisie\/wp-content\/uploads\/2026\/05\/Habib-Mestiri.jpg","type":"image\/jpeg"}],"author":"webmaster kapitalis","twitter_card":"summary_large_image","twitter_creator":"@KapitalisInfo","twitter_site":"@KapitalisInfo","twitter_misc":{"\u00c9crit par":"webmaster kapitalis","Dur\u00e9e de lecture estim\u00e9e":"2 minutes"},"schema":{"@context":"https:\/\/schema.org","@graph":[{"@type":"Article","@id":"https:\/\/kapitalis.com\/tunisie\/2026\/05\/01\/focus-sur-les-films-de-habib-mestiri-en-jordanie\/#article","isPartOf":{"@id":"https:\/\/kapitalis.com\/tunisie\/2026\/05\/01\/focus-sur-les-films-de-habib-mestiri-en-jordanie\/"},"author":{"name":"webmaster kapitalis","@id":"https:\/\/kapitalis.com\/tunisie\/#\/schema\/person\/d71f33a9ca44f7bad4698210b480c8e9"},"headline":"Focus sur les films de Habib Mestiri en Jordanie","datePublished":"2026-05-01T05:52:29+00:00","dateModified":"2026-05-01T05:52:30+00:00","mainEntityOfPage":{"@id":"https:\/\/kapitalis.com\/tunisie\/2026\/05\/01\/focus-sur-les-films-de-habib-mestiri-en-jordanie\/"},"wordCount":253,"commentCount":0,"publisher":{"@id":"https:\/\/kapitalis.com\/tunisie\/#organization"},"image":{"@id":"https:\/\/kapitalis.com\/tunisie\/2026\/05\/01\/focus-sur-les-films-de-habib-mestiri-en-jordanie\/#primaryimage"},"thumbnailUrl":"https:\/\/kapitalis.com\/tunisie\/wp-content\/uploads\/2026\/05\/Habib-Mestiri.jpg","keywords":["Adnan Madanat","Amman Jordanie","cin\u00e9ma tunisien","Fondation Abdul Hameed Shoman","Habib Mestiri"],"articleSection":["CULTURE","Tunisie"],"inLanguage":"fr-FR","potentialAction":[{"@type":"CommentAction","name":"Comment","target":["https:\/\/kapitalis.com\/tunisie\/2026\/05\/01\/focus-sur-les-films-de-habib-mestiri-en-jordanie\/#respond"]}]},{"@type":"WebPage","@id":"https:\/\/kapitalis.com\/tunisie\/2026\/05\/01\/focus-sur-les-films-de-habib-mestiri-en-jordanie\/","url":"https:\/\/kapitalis.com\/tunisie\/2026\/05\/01\/focus-sur-les-films-de-habib-mestiri-en-jordanie\/","name":"Focus sur les films de Habib Mestiri en Jordanie - Kapitalis","isPartOf":{"@id":"https:\/\/kapitalis.com\/tunisie\/#website"},"primaryImageOfPage":{"@id":"https:\/\/kapitalis.com\/tunisie\/2026\/05\/01\/focus-sur-les-films-de-habib-mestiri-en-jordanie\/#primaryimage"},"image":{"@id":"https:\/\/kapitalis.com\/tunisie\/2026\/05\/01\/focus-sur-les-films-de-habib-mestiri-en-jordanie\/#primaryimage"},"thumbnailUrl":"https:\/\/kapitalis.com\/tunisie\/wp-content\/uploads\/2026\/05\/Habib-Mestiri.jpg","datePublished":"2026-05-01T05:52:29+00:00","dateModified":"2026-05-01T05:52:30+00:00","description":"Le r\u00e9alisateur Habib Mestiri dans '\u2018Les nuits du cin\u00e9ma tunisien\u2019\u2019 \u00e0 Amman, en Jordanie, du 5 au 7 mai 2026.","breadcrumb":{"@id":"https:\/\/kapitalis.com\/tunisie\/2026\/05\/01\/focus-sur-les-films-de-habib-mestiri-en-jordanie\/#breadcrumb"},"inLanguage":"fr-FR","potentialAction":[{"@type":"ReadAction","target":["https:\/\/kapitalis.com\/tunisie\/2026\/05\/01\/focus-sur-les-films-de-habib-mestiri-en-jordanie\/"]}]},{"@type":"ImageObject","inLanguage":"fr-FR","@id":"https:\/\/kapitalis.com\/tunisie\/2026\/05\/01\/focus-sur-les-films-de-habib-mestiri-en-jordanie\/#primaryimage","url":"https:\/\/kapitalis.com\/tunisie\/wp-content\/uploads\/2026\/05\/Habib-Mestiri.jpg","contentUrl":"https:\/\/kapitalis.com\/tunisie\/wp-content\/uploads\/2026\/05\/Habib-Mestiri.jpg","width":1200,"height":630},{"@type":"BreadcrumbList","@id":"https:\/\/kapitalis.com\/tunisie\/2026\/05\/01\/focus-sur-les-films-de-habib-mestiri-en-jordanie\/#breadcrumb","itemListElement":[{"@type":"ListItem","position":1,"name":"Accueil","item":"https:\/\/kapitalis.com\/tunisie\/"},{"@type":"ListItem","position":2,"name":"Focus sur les films de Habib Mestiri en Jordanie"}]},{"@type":"WebSite","@id":"https:\/\/kapitalis.com\/tunisie\/#website","url":"https:\/\/kapitalis.com\/tunisie\/","name":"Kapitalis","description":"L&#039;actualit\u00e9 en Tunisie et dans le monde","publisher":{"@id":"https:\/\/kapitalis.com\/tunisie\/#organization"},"potentialAction":[{"@type":"SearchAction","target":{"@type":"EntryPoint","urlTemplate":"https:\/\/kapitalis.com\/tunisie\/?s={search_term_string}"},"query-input":{"@type":"PropertyValueSpecification","valueRequired":true,"valueName":"search_term_string"}}],"inLanguage":"fr-FR"},{"@type":"Organization","@id":"https:\/\/kapitalis.com\/tunisie\/#organization","name":"Kapitalis","url":"https:\/\/kapitalis.com\/tunisie\/","logo":{"@type":"ImageObject","inLanguage":"fr-FR","@id":"https:\/\/kapitalis.com\/tunisie\/#\/schema\/logo\/image\/","url":"https:\/\/kapitalis.com\/tunisie\/wp-content\/uploads\/2022\/05\/Kapitalis-big-size.png","contentUrl":"https:\/\/kapitalis.com\/tunisie\/wp-content\/uploads\/2022\/05\/Kapitalis-big-size.png","width":5000,"height":1500,"caption":"Kapitalis"},"image":{"@id":"https:\/\/kapitalis.com\/tunisie\/#\/schema\/logo\/image\/"},"sameAs":["https:\/\/www.facebook.com\/KapitalisInfo\/","https:\/\/x.com\/KapitalisInfo","https:\/\/www.youtube.com\/channel\/UC-yDYrHyfFBWWZaOw3FPg9Q"]},{"@type":"Person","@id":"https:\/\/kapitalis.com\/tunisie\/#\/schema\/person\/d71f33a9ca44f7bad4698210b480c8e9","name":"webmaster kapitalis","url":"https:\/\/kapitalis.com\/tunisie\/author\/webmaster-kapitalis\/"}]}},"_links":{"self":[{"href":"https:\/\/kapitalis.com\/tunisie\/wp-json\/wp\/v2\/posts\/18716636","targetHints":{"allow":["GET"]}}],"collection":[{"href":"https:\/\/kapitalis.com\/tunisie\/wp-json\/wp\/v2\/posts"}],"about":[{"href":"https:\/\/kapitalis.com\/tunisie\/wp-json\/wp\/v2\/types\/post"}],"author":[{"embeddable":true,"href":"https:\/\/kapitalis.com\/tunisie\/wp-json\/wp\/v2\/users\/8"}],"replies":[{"embeddable":true,"href":"https:\/\/kapitalis.com\/tunisie\/wp-json\/wp\/v2\/comments?post=18716636"}],"version-history":[{"count":2,"href":"https:\/\/kapitalis.com\/tunisie\/wp-json\/wp\/v2\/posts\/18716636\/revisions"}],"predecessor-version":[{"id":18716815,"href":"https:\/\/kapitalis.com\/tunisie\/wp-json\/wp\/v2\/posts\/18716636\/revisions\/18716815"}],"wp:featuredmedia":[{"embeddable":true,"href":"https:\/\/kapitalis.com\/tunisie\/wp-json\/wp\/v2\/media\/18716654"}],"wp:attachment":[{"href":"https:\/\/kapitalis.com\/tunisie\/wp-json\/wp\/v2\/media?parent=18716636"}],"wp:term":[{"taxonomy":"category","embeddable":true,"href":"https:\/\/kapitalis.com\/tunisie\/wp-json\/wp\/v2\/categories?post=18716636"},{"taxonomy":"post_tag","embeddable":true,"href":"https:\/\/kapitalis.com\/tunisie\/wp-json\/wp\/v2\/tags?post=18716636"}],"curies":[{"name":"wp","href":"https:\/\/api.w.org\/{rel}","templated":true}]}}