{"id":18716704,"date":"2026-05-01T07:15:07","date_gmt":"2026-05-01T06:15:07","guid":{"rendered":"https:\/\/kapitalis.com\/tunisie\/?p=18716704"},"modified":"2026-05-01T07:15:09","modified_gmt":"2026-05-01T06:15:09","slug":"perpetuite-pour-les-trois-meurtriers-du-francais-en-2022-a-djerba","status":"publish","type":"post","link":"https:\/\/kapitalis.com\/tunisie\/2026\/05\/01\/perpetuite-pour-les-trois-meurtriers-du-francais-en-2022-a-djerba\/","title":{"rendered":"Perp\u00e9tuit\u00e9 pour les trois meurtriers du Fran\u00e7ais en 2022 \u00e0 Djerba"},"content":{"rendered":"\n<p><strong><em>Romain Pizzato, un entra\u00eeneur de ski de 42 ans, dans son d\u00e9partement des Alpes-de-Haute-Provence, France, avait \u00e9t\u00e9 retrouv\u00e9 mort dans la piscine d\u2019une maison de Djerba, le 17 septembre 2022. L\u2019autopsie avait conclu \u00e0 une mort par \u00e9tranglement. Ses trois meurtriers tunisiens ont \u00e9t\u00e9 d\u00e9finitivement condamn\u00e9s \u00e0 la perp\u00e9tuit\u00e9 en appel.<\/em><\/strong><\/p>\n\n\n\n<!--more-->\n\n\n\n<p><em>\u00abNous nous r\u00e9jouissons de cette d\u00e9cision. La m\u00e8re de Romain a m\u00eame pleur\u00e9\u00bb<\/em>, a d\u00e9clar\u00e9 Me Besma Maghrebi, l\u2019avocate de la m\u00e8re de la victime, jeudi 30 avril 2026, \u00e0 l\u2019AFP.&nbsp;<\/p>\n\n\n\n<p><em>\u00abAujourd&rsquo;hui, j&rsquo;ai le sentiment que mon fils n&rsquo;a pas \u00e9t\u00e9 oubli\u00e9. La justice a reconnu ce qui s&rsquo;est pass\u00e9, et c&rsquo;est essentiel pour moi\u00bb<\/em>, a dit Odile Pizzato, cit\u00e9e dans un communiqu\u00e9 de l\u2019avocate, qui a dit \u00e0 l\u2019AFP avoir pris connaissance mercredi soir du verdict.<\/p>\n\n\n\n<p>L\u2019audience s\u2019est tenue lundi devant la cour d&rsquo;appel de M\u00e9denine, juridiction dont d\u00e9pend Djerba.&nbsp;<em>\u00abLa culpabilit\u00e9 des trois accus\u00e9s a \u00e9t\u00e9 retenue. Je suis soulag\u00e9e et satisfaite que la justice ait \u00e9t\u00e9 rigoureuse et qu\u2019elle ait \u00e9t\u00e9 rendue \u00e0 Romain\u00bb<\/em>, a ajout\u00e9 Me Maghrebi.<\/p>\n\n\n\n<p>Les accus\u00e9s, trois Tunisiens, deux fr\u00e8res de 23 et 26 ans et une jeune femme de 28 ans, Samar, pr\u00e9sent\u00e9e comme\u00a0<em>\u00abla fianc\u00e9e\u00bb<\/em>\u00a0de la victime, avaient \u00e9t\u00e9 interpell\u00e9s trois jours plus tard. Ils avaient livr\u00e9 des versions diff\u00e9rentes et contradictoires au cours de leurs auditions, a indiqu\u00e9 Me Magherbi.<\/p>\n\n\n\n<p>L\u2019autopsie avait conclu \u00e0 une mort par \u00e9tranglement. Des traces de coups et des griffures avaient aussi \u00e9t\u00e9 relev\u00e9es sur le corps de Romain Pizzato.<\/p>\n\n\n\n<p class=\"has-text-align-right\"><strong>I. B.<\/strong><\/p>\n\n\n\n<figure class=\"wp-block-embed is-type-wp-embed is-provider-kapitalis wp-block-embed-kapitalis\"><div class=\"wp-block-embed__wrapper\">\n<blockquote class=\"wp-embedded-content\" data-secret=\"hyrtf7JCsG\"><a href=\"https:\/\/kapitalis.com\/tunisie\/2025\/02\/20\/perpetuite-pour-trois-tunisiens-condamnes-pour-le-meurtre-dun-francais-a-djerba\/\">Perp\u00e9tuit\u00e9 pour trois Tunisiens condamn\u00e9s pour le meurtre d\u2019un Fran\u00e7ais \u00e0 Djerba<\/a><\/blockquote><iframe loading=\"lazy\" class=\"wp-embedded-content\" sandbox=\"allow-scripts\" security=\"restricted\" style=\"position: absolute; visibility: hidden;\" title=\"\u00ab\u00a0Perp\u00e9tuit\u00e9 pour trois Tunisiens condamn\u00e9s pour le meurtre d\u2019un Fran\u00e7ais \u00e0 Djerba\u00a0\u00bb &#8212; Kapitalis\" src=\"https:\/\/kapitalis.com\/tunisie\/2025\/02\/20\/perpetuite-pour-trois-tunisiens-condamnes-pour-le-meurtre-dun-francais-a-djerba\/embed\/#?secret=eLUkIE7Z5W#?secret=hyrtf7JCsG\" data-secret=\"hyrtf7JCsG\" width=\"600\" height=\"338\" frameborder=\"0\" marginwidth=\"0\" marginheight=\"0\" scrolling=\"no\"><\/iframe>\n<\/div><\/figure>\n","protected":false},"excerpt":{"rendered":"<p>Les trois meurtriers tunisiens du Fran\u00e7ais Romain Pizzato, le 17 septembre 2022, \u00e0 Djerba, condamn\u00e9s \u00e0 la perp\u00e9tuit\u00e9 en appel.<\/p>\n","protected":false},"author":8,"featured_media":18716730,"comment_status":"open","ping_status":"open","sticky":false,"template":"","format":"standard","meta":{"footnotes":""},"categories":[998,2433],"tags":[128110,284,604,102949],"class_list":["post-18716704","post","type-post","status-publish","format-standard","has-post-thumbnail","hentry","category-societe","category-tunisie","tag-besma-maghrebi","tag-djerba","tag-meurtre","tag-romain-pizzato"],"yoast_head":"<!-- This site is optimized with the Yoast SEO plugin v26.6 - https:\/\/yoast.com\/wordpress\/plugins\/seo\/ -->\n<title>Perp\u00e9tuit\u00e9 pour les trois meurtriers du Fran\u00e7ais en 2022 \u00e0 Djerba - Kapitalis<\/title>\n<meta name=\"description\" content=\"Les trois meurtriers tunisiens du Fran\u00e7ais Romain Pizzato, le 17 septembre 2022, \u00e0 Djerba, condamn\u00e9s \u00e0 la perp\u00e9tuit\u00e9 en appel.\" \/>\n<meta name=\"robots\" content=\"index, follow, max-snippet:-1, max-image-preview:large, max-video-preview:-1\" \/>\n<link rel=\"canonical\" href=\"https:\/\/kapitalis.com\/tunisie\/2026\/05\/01\/perpetuite-pour-les-trois-meurtriers-du-francais-en-2022-a-djerba\/\" \/>\n<meta property=\"og:locale\" content=\"fr_FR\" \/>\n<meta property=\"og:type\" content=\"article\" \/>\n<meta property=\"og:title\" content=\"Perp\u00e9tuit\u00e9 pour les trois meurtriers du Fran\u00e7ais en 2022 \u00e0 Djerba - Kapitalis\" \/>\n<meta property=\"og:description\" content=\"Les trois meurtriers tunisiens du Fran\u00e7ais Romain Pizzato, le 17 septembre 2022, \u00e0 Djerba, condamn\u00e9s \u00e0 la perp\u00e9tuit\u00e9 en appel.\" \/>\n<meta property=\"og:url\" content=\"https:\/\/kapitalis.com\/tunisie\/2026\/05\/01\/perpetuite-pour-les-trois-meurtriers-du-francais-en-2022-a-djerba\/\" \/>\n<meta property=\"og:site_name\" content=\"Kapitalis\" \/>\n<meta property=\"article:publisher\" content=\"https:\/\/www.facebook.com\/KapitalisInfo\/\" \/>\n<meta property=\"article:published_time\" content=\"2026-05-01T06:15:07+00:00\" \/>\n<meta property=\"article:modified_time\" content=\"2026-05-01T06:15:09+00:00\" \/>\n<meta property=\"og:image\" content=\"https:\/\/kapitalis.com\/tunisie\/wp-content\/uploads\/2026\/05\/Romain-Pizzato.jpg\" \/>\n\t<meta property=\"og:image:width\" content=\"1200\" \/>\n\t<meta property=\"og:image:height\" content=\"630\" \/>\n\t<meta property=\"og:image:type\" content=\"image\/jpeg\" \/>\n<meta name=\"author\" content=\"webmaster kapitalis\" \/>\n<meta name=\"twitter:card\" content=\"summary_large_image\" \/>\n<meta name=\"twitter:creator\" content=\"@KapitalisInfo\" \/>\n<meta name=\"twitter:site\" content=\"@KapitalisInfo\" \/>\n<meta name=\"twitter:label1\" content=\"\u00c9crit par\" \/>\n\t<meta name=\"twitter:data1\" content=\"webmaster kapitalis\" \/>\n\t<meta name=\"twitter:label2\" content=\"Dur\u00e9e de lecture estim\u00e9e\" \/>\n\t<meta name=\"twitter:data2\" content=\"2 minutes\" \/>\n<script type=\"application\/ld+json\" class=\"yoast-schema-graph\">{\"@context\":\"https:\/\/schema.org\",\"@graph\":[{\"@type\":\"Article\",\"@id\":\"https:\/\/kapitalis.com\/tunisie\/2026\/05\/01\/perpetuite-pour-les-trois-meurtriers-du-francais-en-2022-a-djerba\/#article\",\"isPartOf\":{\"@id\":\"https:\/\/kapitalis.com\/tunisie\/2026\/05\/01\/perpetuite-pour-les-trois-meurtriers-du-francais-en-2022-a-djerba\/\"},\"author\":{\"name\":\"webmaster kapitalis\",\"@id\":\"https:\/\/kapitalis.com\/tunisie\/#\/schema\/person\/d71f33a9ca44f7bad4698210b480c8e9\"},\"headline\":\"Perp\u00e9tuit\u00e9 pour les trois meurtriers du Fran\u00e7ais en 2022 \u00e0 Djerba\",\"datePublished\":\"2026-05-01T06:15:07+00:00\",\"dateModified\":\"2026-05-01T06:15:09+00:00\",\"mainEntityOfPage\":{\"@id\":\"https:\/\/kapitalis.com\/tunisie\/2026\/05\/01\/perpetuite-pour-les-trois-meurtriers-du-francais-en-2022-a-djerba\/\"},\"wordCount\":287,\"commentCount\":0,\"publisher\":{\"@id\":\"https:\/\/kapitalis.com\/tunisie\/#organization\"},\"image\":{\"@id\":\"https:\/\/kapitalis.com\/tunisie\/2026\/05\/01\/perpetuite-pour-les-trois-meurtriers-du-francais-en-2022-a-djerba\/#primaryimage\"},\"thumbnailUrl\":\"https:\/\/kapitalis.com\/tunisie\/wp-content\/uploads\/2026\/05\/Romain-Pizzato.jpg\",\"keywords\":[\"Besma Maghrebi\",\"Djerba\",\"meurtre\",\"Romain Pizzato\"],\"articleSection\":[\"SOCIETE\",\"Tunisie\"],\"inLanguage\":\"fr-FR\",\"potentialAction\":[{\"@type\":\"CommentAction\",\"name\":\"Comment\",\"target\":[\"https:\/\/kapitalis.com\/tunisie\/2026\/05\/01\/perpetuite-pour-les-trois-meurtriers-du-francais-en-2022-a-djerba\/#respond\"]}]},{\"@type\":\"WebPage\",\"@id\":\"https:\/\/kapitalis.com\/tunisie\/2026\/05\/01\/perpetuite-pour-les-trois-meurtriers-du-francais-en-2022-a-djerba\/\",\"url\":\"https:\/\/kapitalis.com\/tunisie\/2026\/05\/01\/perpetuite-pour-les-trois-meurtriers-du-francais-en-2022-a-djerba\/\",\"name\":\"Perp\u00e9tuit\u00e9 pour les trois meurtriers du Fran\u00e7ais en 2022 \u00e0 Djerba - Kapitalis\",\"isPartOf\":{\"@id\":\"https:\/\/kapitalis.com\/tunisie\/#website\"},\"primaryImageOfPage\":{\"@id\":\"https:\/\/kapitalis.com\/tunisie\/2026\/05\/01\/perpetuite-pour-les-trois-meurtriers-du-francais-en-2022-a-djerba\/#primaryimage\"},\"image\":{\"@id\":\"https:\/\/kapitalis.com\/tunisie\/2026\/05\/01\/perpetuite-pour-les-trois-meurtriers-du-francais-en-2022-a-djerba\/#primaryimage\"},\"thumbnailUrl\":\"https:\/\/kapitalis.com\/tunisie\/wp-content\/uploads\/2026\/05\/Romain-Pizzato.jpg\",\"datePublished\":\"2026-05-01T06:15:07+00:00\",\"dateModified\":\"2026-05-01T06:15:09+00:00\",\"description\":\"Les trois meurtriers tunisiens du Fran\u00e7ais Romain Pizzato, le 17 septembre 2022, \u00e0 Djerba, condamn\u00e9s \u00e0 la perp\u00e9tuit\u00e9 en appel.\",\"breadcrumb\":{\"@id\":\"https:\/\/kapitalis.com\/tunisie\/2026\/05\/01\/perpetuite-pour-les-trois-meurtriers-du-francais-en-2022-a-djerba\/#breadcrumb\"},\"inLanguage\":\"fr-FR\",\"potentialAction\":[{\"@type\":\"ReadAction\",\"target\":[\"https:\/\/kapitalis.com\/tunisie\/2026\/05\/01\/perpetuite-pour-les-trois-meurtriers-du-francais-en-2022-a-djerba\/\"]}]},{\"@type\":\"ImageObject\",\"inLanguage\":\"fr-FR\",\"@id\":\"https:\/\/kapitalis.com\/tunisie\/2026\/05\/01\/perpetuite-pour-les-trois-meurtriers-du-francais-en-2022-a-djerba\/#primaryimage\",\"url\":\"https:\/\/kapitalis.com\/tunisie\/wp-content\/uploads\/2026\/05\/Romain-Pizzato.jpg\",\"contentUrl\":\"https:\/\/kapitalis.com\/tunisie\/wp-content\/uploads\/2026\/05\/Romain-Pizzato.jpg\",\"width\":1200,\"height\":630},{\"@type\":\"BreadcrumbList\",\"@id\":\"https:\/\/kapitalis.com\/tunisie\/2026\/05\/01\/perpetuite-pour-les-trois-meurtriers-du-francais-en-2022-a-djerba\/#breadcrumb\",\"itemListElement\":[{\"@type\":\"ListItem\",\"position\":1,\"name\":\"Accueil\",\"item\":\"https:\/\/kapitalis.com\/tunisie\/\"},{\"@type\":\"ListItem\",\"position\":2,\"name\":\"Perp\u00e9tuit\u00e9 pour les trois meurtriers du Fran\u00e7ais en 2022 \u00e0 Djerba\"}]},{\"@type\":\"WebSite\",\"@id\":\"https:\/\/kapitalis.com\/tunisie\/#website\",\"url\":\"https:\/\/kapitalis.com\/tunisie\/\",\"name\":\"Kapitalis\",\"description\":\"L&#039;actualit\u00e9 en Tunisie et dans le monde\",\"publisher\":{\"@id\":\"https:\/\/kapitalis.com\/tunisie\/#organization\"},\"potentialAction\":[{\"@type\":\"SearchAction\",\"target\":{\"@type\":\"EntryPoint\",\"urlTemplate\":\"https:\/\/kapitalis.com\/tunisie\/?s={search_term_string}\"},\"query-input\":{\"@type\":\"PropertyValueSpecification\",\"valueRequired\":true,\"valueName\":\"search_term_string\"}}],\"inLanguage\":\"fr-FR\"},{\"@type\":\"Organization\",\"@id\":\"https:\/\/kapitalis.com\/tunisie\/#organization\",\"name\":\"Kapitalis\",\"url\":\"https:\/\/kapitalis.com\/tunisie\/\",\"logo\":{\"@type\":\"ImageObject\",\"inLanguage\":\"fr-FR\",\"@id\":\"https:\/\/kapitalis.com\/tunisie\/#\/schema\/logo\/image\/\",\"url\":\"https:\/\/kapitalis.com\/tunisie\/wp-content\/uploads\/2022\/05\/Kapitalis-big-size.png\",\"contentUrl\":\"https:\/\/kapitalis.com\/tunisie\/wp-content\/uploads\/2022\/05\/Kapitalis-big-size.png\",\"width\":5000,\"height\":1500,\"caption\":\"Kapitalis\"},\"image\":{\"@id\":\"https:\/\/kapitalis.com\/tunisie\/#\/schema\/logo\/image\/\"},\"sameAs\":[\"https:\/\/www.facebook.com\/KapitalisInfo\/\",\"https:\/\/x.com\/KapitalisInfo\",\"https:\/\/www.youtube.com\/channel\/UC-yDYrHyfFBWWZaOw3FPg9Q\"]},{\"@type\":\"Person\",\"@id\":\"https:\/\/kapitalis.com\/tunisie\/#\/schema\/person\/d71f33a9ca44f7bad4698210b480c8e9\",\"name\":\"webmaster kapitalis\",\"url\":\"https:\/\/kapitalis.com\/tunisie\/author\/webmaster-kapitalis\/\"}]}<\/script>\n<!-- \/ Yoast SEO plugin. -->","yoast_head_json":{"title":"Perp\u00e9tuit\u00e9 pour les trois meurtriers du Fran\u00e7ais en 2022 \u00e0 Djerba - Kapitalis","description":"Les trois meurtriers tunisiens du Fran\u00e7ais Romain Pizzato, le 17 septembre 2022, \u00e0 Djerba, condamn\u00e9s \u00e0 la perp\u00e9tuit\u00e9 en appel.","robots":{"index":"index","follow":"follow","max-snippet":"max-snippet:-1","max-image-preview":"max-image-preview:large","max-video-preview":"max-video-preview:-1"},"canonical":"https:\/\/kapitalis.com\/tunisie\/2026\/05\/01\/perpetuite-pour-les-trois-meurtriers-du-francais-en-2022-a-djerba\/","og_locale":"fr_FR","og_type":"article","og_title":"Perp\u00e9tuit\u00e9 pour les trois meurtriers du Fran\u00e7ais en 2022 \u00e0 Djerba - Kapitalis","og_description":"Les trois meurtriers tunisiens du Fran\u00e7ais Romain Pizzato, le 17 septembre 2022, \u00e0 Djerba, condamn\u00e9s \u00e0 la perp\u00e9tuit\u00e9 en appel.","og_url":"https:\/\/kapitalis.com\/tunisie\/2026\/05\/01\/perpetuite-pour-les-trois-meurtriers-du-francais-en-2022-a-djerba\/","og_site_name":"Kapitalis","article_publisher":"https:\/\/www.facebook.com\/KapitalisInfo\/","article_published_time":"2026-05-01T06:15:07+00:00","article_modified_time":"2026-05-01T06:15:09+00:00","og_image":[{"width":1200,"height":630,"url":"https:\/\/kapitalis.com\/tunisie\/wp-content\/uploads\/2026\/05\/Romain-Pizzato.jpg","type":"image\/jpeg"}],"author":"webmaster kapitalis","twitter_card":"summary_large_image","twitter_creator":"@KapitalisInfo","twitter_site":"@KapitalisInfo","twitter_misc":{"\u00c9crit par":"webmaster kapitalis","Dur\u00e9e de lecture estim\u00e9e":"2 minutes"},"schema":{"@context":"https:\/\/schema.org","@graph":[{"@type":"Article","@id":"https:\/\/kapitalis.com\/tunisie\/2026\/05\/01\/perpetuite-pour-les-trois-meurtriers-du-francais-en-2022-a-djerba\/#article","isPartOf":{"@id":"https:\/\/kapitalis.com\/tunisie\/2026\/05\/01\/perpetuite-pour-les-trois-meurtriers-du-francais-en-2022-a-djerba\/"},"author":{"name":"webmaster kapitalis","@id":"https:\/\/kapitalis.com\/tunisie\/#\/schema\/person\/d71f33a9ca44f7bad4698210b480c8e9"},"headline":"Perp\u00e9tuit\u00e9 pour les trois meurtriers du Fran\u00e7ais en 2022 \u00e0 Djerba","datePublished":"2026-05-01T06:15:07+00:00","dateModified":"2026-05-01T06:15:09+00:00","mainEntityOfPage":{"@id":"https:\/\/kapitalis.com\/tunisie\/2026\/05\/01\/perpetuite-pour-les-trois-meurtriers-du-francais-en-2022-a-djerba\/"},"wordCount":287,"commentCount":0,"publisher":{"@id":"https:\/\/kapitalis.com\/tunisie\/#organization"},"image":{"@id":"https:\/\/kapitalis.com\/tunisie\/2026\/05\/01\/perpetuite-pour-les-trois-meurtriers-du-francais-en-2022-a-djerba\/#primaryimage"},"thumbnailUrl":"https:\/\/kapitalis.com\/tunisie\/wp-content\/uploads\/2026\/05\/Romain-Pizzato.jpg","keywords":["Besma Maghrebi","Djerba","meurtre","Romain Pizzato"],"articleSection":["SOCIETE","Tunisie"],"inLanguage":"fr-FR","potentialAction":[{"@type":"CommentAction","name":"Comment","target":["https:\/\/kapitalis.com\/tunisie\/2026\/05\/01\/perpetuite-pour-les-trois-meurtriers-du-francais-en-2022-a-djerba\/#respond"]}]},{"@type":"WebPage","@id":"https:\/\/kapitalis.com\/tunisie\/2026\/05\/01\/perpetuite-pour-les-trois-meurtriers-du-francais-en-2022-a-djerba\/","url":"https:\/\/kapitalis.com\/tunisie\/2026\/05\/01\/perpetuite-pour-les-trois-meurtriers-du-francais-en-2022-a-djerba\/","name":"Perp\u00e9tuit\u00e9 pour les trois meurtriers du Fran\u00e7ais en 2022 \u00e0 Djerba - Kapitalis","isPartOf":{"@id":"https:\/\/kapitalis.com\/tunisie\/#website"},"primaryImageOfPage":{"@id":"https:\/\/kapitalis.com\/tunisie\/2026\/05\/01\/perpetuite-pour-les-trois-meurtriers-du-francais-en-2022-a-djerba\/#primaryimage"},"image":{"@id":"https:\/\/kapitalis.com\/tunisie\/2026\/05\/01\/perpetuite-pour-les-trois-meurtriers-du-francais-en-2022-a-djerba\/#primaryimage"},"thumbnailUrl":"https:\/\/kapitalis.com\/tunisie\/wp-content\/uploads\/2026\/05\/Romain-Pizzato.jpg","datePublished":"2026-05-01T06:15:07+00:00","dateModified":"2026-05-01T06:15:09+00:00","description":"Les trois meurtriers tunisiens du Fran\u00e7ais Romain Pizzato, le 17 septembre 2022, \u00e0 Djerba, condamn\u00e9s \u00e0 la perp\u00e9tuit\u00e9 en appel.","breadcrumb":{"@id":"https:\/\/kapitalis.com\/tunisie\/2026\/05\/01\/perpetuite-pour-les-trois-meurtriers-du-francais-en-2022-a-djerba\/#breadcrumb"},"inLanguage":"fr-FR","potentialAction":[{"@type":"ReadAction","target":["https:\/\/kapitalis.com\/tunisie\/2026\/05\/01\/perpetuite-pour-les-trois-meurtriers-du-francais-en-2022-a-djerba\/"]}]},{"@type":"ImageObject","inLanguage":"fr-FR","@id":"https:\/\/kapitalis.com\/tunisie\/2026\/05\/01\/perpetuite-pour-les-trois-meurtriers-du-francais-en-2022-a-djerba\/#primaryimage","url":"https:\/\/kapitalis.com\/tunisie\/wp-content\/uploads\/2026\/05\/Romain-Pizzato.jpg","contentUrl":"https:\/\/kapitalis.com\/tunisie\/wp-content\/uploads\/2026\/05\/Romain-Pizzato.jpg","width":1200,"height":630},{"@type":"BreadcrumbList","@id":"https:\/\/kapitalis.com\/tunisie\/2026\/05\/01\/perpetuite-pour-les-trois-meurtriers-du-francais-en-2022-a-djerba\/#breadcrumb","itemListElement":[{"@type":"ListItem","position":1,"name":"Accueil","item":"https:\/\/kapitalis.com\/tunisie\/"},{"@type":"ListItem","position":2,"name":"Perp\u00e9tuit\u00e9 pour les trois meurtriers du Fran\u00e7ais en 2022 \u00e0 Djerba"}]},{"@type":"WebSite","@id":"https:\/\/kapitalis.com\/tunisie\/#website","url":"https:\/\/kapitalis.com\/tunisie\/","name":"Kapitalis","description":"L&#039;actualit\u00e9 en Tunisie et dans le monde","publisher":{"@id":"https:\/\/kapitalis.com\/tunisie\/#organization"},"potentialAction":[{"@type":"SearchAction","target":{"@type":"EntryPoint","urlTemplate":"https:\/\/kapitalis.com\/tunisie\/?s={search_term_string}"},"query-input":{"@type":"PropertyValueSpecification","valueRequired":true,"valueName":"search_term_string"}}],"inLanguage":"fr-FR"},{"@type":"Organization","@id":"https:\/\/kapitalis.com\/tunisie\/#organization","name":"Kapitalis","url":"https:\/\/kapitalis.com\/tunisie\/","logo":{"@type":"ImageObject","inLanguage":"fr-FR","@id":"https:\/\/kapitalis.com\/tunisie\/#\/schema\/logo\/image\/","url":"https:\/\/kapitalis.com\/tunisie\/wp-content\/uploads\/2022\/05\/Kapitalis-big-size.png","contentUrl":"https:\/\/kapitalis.com\/tunisie\/wp-content\/uploads\/2022\/05\/Kapitalis-big-size.png","width":5000,"height":1500,"caption":"Kapitalis"},"image":{"@id":"https:\/\/kapitalis.com\/tunisie\/#\/schema\/logo\/image\/"},"sameAs":["https:\/\/www.facebook.com\/KapitalisInfo\/","https:\/\/x.com\/KapitalisInfo","https:\/\/www.youtube.com\/channel\/UC-yDYrHyfFBWWZaOw3FPg9Q"]},{"@type":"Person","@id":"https:\/\/kapitalis.com\/tunisie\/#\/schema\/person\/d71f33a9ca44f7bad4698210b480c8e9","name":"webmaster kapitalis","url":"https:\/\/kapitalis.com\/tunisie\/author\/webmaster-kapitalis\/"}]}},"_links":{"self":[{"href":"https:\/\/kapitalis.com\/tunisie\/wp-json\/wp\/v2\/posts\/18716704","targetHints":{"allow":["GET"]}}],"collection":[{"href":"https:\/\/kapitalis.com\/tunisie\/wp-json\/wp\/v2\/posts"}],"about":[{"href":"https:\/\/kapitalis.com\/tunisie\/wp-json\/wp\/v2\/types\/post"}],"author":[{"embeddable":true,"href":"https:\/\/kapitalis.com\/tunisie\/wp-json\/wp\/v2\/users\/8"}],"replies":[{"embeddable":true,"href":"https:\/\/kapitalis.com\/tunisie\/wp-json\/wp\/v2\/comments?post=18716704"}],"version-history":[{"count":2,"href":"https:\/\/kapitalis.com\/tunisie\/wp-json\/wp\/v2\/posts\/18716704\/revisions"}],"predecessor-version":[{"id":18716843,"href":"https:\/\/kapitalis.com\/tunisie\/wp-json\/wp\/v2\/posts\/18716704\/revisions\/18716843"}],"wp:featuredmedia":[{"embeddable":true,"href":"https:\/\/kapitalis.com\/tunisie\/wp-json\/wp\/v2\/media\/18716730"}],"wp:attachment":[{"href":"https:\/\/kapitalis.com\/tunisie\/wp-json\/wp\/v2\/media?parent=18716704"}],"wp:term":[{"taxonomy":"category","embeddable":true,"href":"https:\/\/kapitalis.com\/tunisie\/wp-json\/wp\/v2\/categories?post=18716704"},{"taxonomy":"post_tag","embeddable":true,"href":"https:\/\/kapitalis.com\/tunisie\/wp-json\/wp\/v2\/tags?post=18716704"}],"curies":[{"name":"wp","href":"https:\/\/api.w.org\/{rel}","templated":true}]}}