{"id":18717036,"date":"2026-05-01T08:28:16","date_gmt":"2026-05-01T07:28:16","guid":{"rendered":"https:\/\/kapitalis.com\/tunisie\/?p=18717036"},"modified":"2026-05-01T08:28:18","modified_gmt":"2026-05-01T07:28:18","slug":"albanese-a-tunis-pas-de-neutralite-face-a-gaza","status":"publish","type":"post","link":"https:\/\/kapitalis.com\/tunisie\/2026\/05\/01\/albanese-a-tunis-pas-de-neutralite-face-a-gaza\/","title":{"rendered":"Albanese \u00e0 Tunis | \u00abPas de neutralit\u00e9 face \u00e0 Gaza\u00bb"},"content":{"rendered":"\n<p><strong><em>La Palestine : une question de droit, mais aussi un test moral pour la conscience internationale. Tel \u00e9tait le th\u00e8me central de la rencontre, le 29 avril 2026, avec Francesca Albanese au 40<sup>e<\/sup> Salon international du livre de Tunis, au parc des expositions de Kram.<\/em><\/strong><\/p>\n\n\n\n<!--more-->\n\n\n\n<p>La juriste italienne, Rapporteuse sp\u00e9ciale des Nations Unies sur les droits de l\u2019homme dans les territoires palestiniens occup\u00e9s depuis 1967, y a pr\u00e9sent\u00e9 son nouvel ouvrage, <em>\u2018\u2018Quand le monde dort R\u00e9cits, voix et blessures de la Palestine\u2019\u2019<\/em>, publi\u00e9 en Tunisie aux \u00e9ditions C\u00e9r\u00e8s.<\/p>\n\n\n\n<p>Depuis Tunis, Mme Albanese a d\u00e9clar\u00e9 qu\u2019<em>\u00ab\u00eatre aux c\u00f4t\u00e9s de la Palestine\u00bb<\/em> signifie d\u00e9fendre <em>\u00abl\u2019humanit\u00e9 commune\u00bb<\/em> et, dans un passage encore plus clair de son discours, qu\u2019<em>\u00abil n\u2019y a pas de neutralit\u00e9 face au g\u00e9nocide\u00bb<\/em>.<\/p>\n\n\n\n<p>Dans ce livre, \u00e9crit en partie en Tunisie, o\u00f9 Albanese a d\u00e9clar\u00e9 avoir v\u00e9cu \u00e0 plusieurs reprises, l\u2019auteure recueille les voix et les t\u00e9moignages de femmes, d\u2019hommes et d\u2019enfants palestiniens marqu\u00e9s par la guerre, l\u2019exil et la perte. C\u2019est un r\u00e9cit choral o\u00f9 les mots deviennent des <em>\u00abactes de r\u00e9sistance\u00bb<\/em>.<\/p>\n\n\n\n<p>La pr\u00e9sence d\u2019Albanese s\u2019inscrit dans le cadre d\u2019une foire qui, cette ann\u00e9e, a accord\u00e9 une large place \u00e0 la Palestine, non seulement \u00e0 travers le d\u00e9bat politique et culturel sur Gaza, mais aussi gr\u00e2ce au catalogue \u00e9ditorial, aux traductions et \u00e0 la participation d\u2019auteurs arabes et internationaux. <\/p>\n\n\n\n<p>Parmi les autres invit\u00e9s de la 40<sup>e<\/sup> \u00e9dition figuraient \u00e9galement le po\u00e8te et romancier palestinien Ibrahim Nasrallah, le romancier alg\u00e9rien Sa\u00efd Khatibi et l\u2019\u00e9crivaine \u00e9gyptienne Reem Bassiouney.<\/p>\n","protected":false},"excerpt":{"rendered":"<p>\u00abEtre aux c\u00f4t\u00e9s de la Palestine, c&rsquo;est d\u00e9fendre l\u2019humanit\u00e9 commune\u00bb, a d\u00e9clar\u00e9 Francesca Albanese \u00e0 la Foire du livre de Tunis. <\/p>\n","protected":false},"author":8,"featured_media":18717055,"comment_status":"open","ping_status":"open","sticky":false,"template":"","format":"standard","meta":{"footnotes":""},"categories":[994,997,2433],"tags":[123565,2444,106435,4026,127909,121041,128111],"class_list":["post-18717036","post","type-post","status-publish","format-standard","has-post-thumbnail","hentry","category-culture","category-politique","category-tunisie","tag-francesca-albanese","tag-gaza","tag-ibrahim-nasrallah","tag-palestine","tag-reem-bassiouney","tag-said-khatibi","tag-salon-du-livre-de-tunis"],"yoast_head":"<!-- This site is optimized with the Yoast SEO plugin v26.6 - https:\/\/yoast.com\/wordpress\/plugins\/seo\/ -->\n<title>Albanese \u00e0 Tunis | \u00abPas de neutralit\u00e9 face \u00e0 Gaza\u00bb - Kapitalis<\/title>\n<meta name=\"description\" content=\"\u00abEtre aux c\u00f4t\u00e9s de la Palestine, c&#039;est d\u00e9fendre l\u2019humanit\u00e9 commune\u00bb, a d\u00e9clar\u00e9 Francesca Albanese \u00e0 la Foire du livre de Tunis.\" \/>\n<meta name=\"robots\" content=\"index, follow, max-snippet:-1, max-image-preview:large, max-video-preview:-1\" \/>\n<link rel=\"canonical\" href=\"https:\/\/kapitalis.com\/tunisie\/2026\/05\/01\/albanese-a-tunis-pas-de-neutralite-face-a-gaza\/\" \/>\n<meta property=\"og:locale\" content=\"fr_FR\" \/>\n<meta property=\"og:type\" content=\"article\" \/>\n<meta property=\"og:title\" content=\"Albanese \u00e0 Tunis | \u00abPas de neutralit\u00e9 face \u00e0 Gaza\u00bb - Kapitalis\" \/>\n<meta property=\"og:description\" content=\"\u00abEtre aux c\u00f4t\u00e9s de la Palestine, c&#039;est d\u00e9fendre l\u2019humanit\u00e9 commune\u00bb, a d\u00e9clar\u00e9 Francesca Albanese \u00e0 la Foire du livre de Tunis.\" \/>\n<meta property=\"og:url\" content=\"https:\/\/kapitalis.com\/tunisie\/2026\/05\/01\/albanese-a-tunis-pas-de-neutralite-face-a-gaza\/\" \/>\n<meta property=\"og:site_name\" content=\"Kapitalis\" \/>\n<meta property=\"article:publisher\" content=\"https:\/\/www.facebook.com\/KapitalisInfo\/\" \/>\n<meta property=\"article:published_time\" content=\"2026-05-01T07:28:16+00:00\" \/>\n<meta property=\"article:modified_time\" content=\"2026-05-01T07:28:18+00:00\" \/>\n<meta property=\"og:image\" content=\"https:\/\/kapitalis.com\/tunisie\/wp-content\/uploads\/2026\/05\/Francesca-Albanese-Foire-de-Tunis.jpg\" \/>\n\t<meta property=\"og:image:width\" content=\"1200\" \/>\n\t<meta property=\"og:image:height\" content=\"630\" \/>\n\t<meta property=\"og:image:type\" content=\"image\/jpeg\" \/>\n<meta name=\"author\" content=\"webmaster kapitalis\" \/>\n<meta name=\"twitter:card\" content=\"summary_large_image\" \/>\n<meta name=\"twitter:creator\" content=\"@KapitalisInfo\" \/>\n<meta name=\"twitter:site\" content=\"@KapitalisInfo\" \/>\n<meta name=\"twitter:label1\" content=\"\u00c9crit par\" \/>\n\t<meta name=\"twitter:data1\" content=\"webmaster kapitalis\" \/>\n\t<meta name=\"twitter:label2\" content=\"Dur\u00e9e de lecture estim\u00e9e\" \/>\n\t<meta name=\"twitter:data2\" content=\"2 minutes\" \/>\n<script type=\"application\/ld+json\" class=\"yoast-schema-graph\">{\"@context\":\"https:\/\/schema.org\",\"@graph\":[{\"@type\":\"Article\",\"@id\":\"https:\/\/kapitalis.com\/tunisie\/2026\/05\/01\/albanese-a-tunis-pas-de-neutralite-face-a-gaza\/#article\",\"isPartOf\":{\"@id\":\"https:\/\/kapitalis.com\/tunisie\/2026\/05\/01\/albanese-a-tunis-pas-de-neutralite-face-a-gaza\/\"},\"author\":{\"name\":\"webmaster kapitalis\",\"@id\":\"https:\/\/kapitalis.com\/tunisie\/#\/schema\/person\/d71f33a9ca44f7bad4698210b480c8e9\"},\"headline\":\"Albanese \u00e0 Tunis | \u00abPas de neutralit\u00e9 face \u00e0 Gaza\u00bb\",\"datePublished\":\"2026-05-01T07:28:16+00:00\",\"dateModified\":\"2026-05-01T07:28:18+00:00\",\"mainEntityOfPage\":{\"@id\":\"https:\/\/kapitalis.com\/tunisie\/2026\/05\/01\/albanese-a-tunis-pas-de-neutralite-face-a-gaza\/\"},\"wordCount\":287,\"commentCount\":0,\"publisher\":{\"@id\":\"https:\/\/kapitalis.com\/tunisie\/#organization\"},\"image\":{\"@id\":\"https:\/\/kapitalis.com\/tunisie\/2026\/05\/01\/albanese-a-tunis-pas-de-neutralite-face-a-gaza\/#primaryimage\"},\"thumbnailUrl\":\"https:\/\/kapitalis.com\/tunisie\/wp-content\/uploads\/2026\/05\/Francesca-Albanese-Foire-de-Tunis.jpg\",\"keywords\":[\"Francesca Albanese\",\"Gaza\",\"Ibrahim Nasrallah\",\"Palestine\",\"Reem Bassiouney\",\"Sa\u00efd Khatibi\",\"Salon du livre de Tunis\"],\"articleSection\":[\"CULTURE\",\"POLITIQUE\",\"Tunisie\"],\"inLanguage\":\"fr-FR\",\"potentialAction\":[{\"@type\":\"CommentAction\",\"name\":\"Comment\",\"target\":[\"https:\/\/kapitalis.com\/tunisie\/2026\/05\/01\/albanese-a-tunis-pas-de-neutralite-face-a-gaza\/#respond\"]}]},{\"@type\":\"WebPage\",\"@id\":\"https:\/\/kapitalis.com\/tunisie\/2026\/05\/01\/albanese-a-tunis-pas-de-neutralite-face-a-gaza\/\",\"url\":\"https:\/\/kapitalis.com\/tunisie\/2026\/05\/01\/albanese-a-tunis-pas-de-neutralite-face-a-gaza\/\",\"name\":\"Albanese \u00e0 Tunis | \u00abPas de neutralit\u00e9 face \u00e0 Gaza\u00bb - Kapitalis\",\"isPartOf\":{\"@id\":\"https:\/\/kapitalis.com\/tunisie\/#website\"},\"primaryImageOfPage\":{\"@id\":\"https:\/\/kapitalis.com\/tunisie\/2026\/05\/01\/albanese-a-tunis-pas-de-neutralite-face-a-gaza\/#primaryimage\"},\"image\":{\"@id\":\"https:\/\/kapitalis.com\/tunisie\/2026\/05\/01\/albanese-a-tunis-pas-de-neutralite-face-a-gaza\/#primaryimage\"},\"thumbnailUrl\":\"https:\/\/kapitalis.com\/tunisie\/wp-content\/uploads\/2026\/05\/Francesca-Albanese-Foire-de-Tunis.jpg\",\"datePublished\":\"2026-05-01T07:28:16+00:00\",\"dateModified\":\"2026-05-01T07:28:18+00:00\",\"description\":\"\u00abEtre aux c\u00f4t\u00e9s de la Palestine, c'est d\u00e9fendre l\u2019humanit\u00e9 commune\u00bb, a d\u00e9clar\u00e9 Francesca Albanese \u00e0 la Foire du livre de Tunis.\",\"breadcrumb\":{\"@id\":\"https:\/\/kapitalis.com\/tunisie\/2026\/05\/01\/albanese-a-tunis-pas-de-neutralite-face-a-gaza\/#breadcrumb\"},\"inLanguage\":\"fr-FR\",\"potentialAction\":[{\"@type\":\"ReadAction\",\"target\":[\"https:\/\/kapitalis.com\/tunisie\/2026\/05\/01\/albanese-a-tunis-pas-de-neutralite-face-a-gaza\/\"]}]},{\"@type\":\"ImageObject\",\"inLanguage\":\"fr-FR\",\"@id\":\"https:\/\/kapitalis.com\/tunisie\/2026\/05\/01\/albanese-a-tunis-pas-de-neutralite-face-a-gaza\/#primaryimage\",\"url\":\"https:\/\/kapitalis.com\/tunisie\/wp-content\/uploads\/2026\/05\/Francesca-Albanese-Foire-de-Tunis.jpg\",\"contentUrl\":\"https:\/\/kapitalis.com\/tunisie\/wp-content\/uploads\/2026\/05\/Francesca-Albanese-Foire-de-Tunis.jpg\",\"width\":1200,\"height\":630},{\"@type\":\"BreadcrumbList\",\"@id\":\"https:\/\/kapitalis.com\/tunisie\/2026\/05\/01\/albanese-a-tunis-pas-de-neutralite-face-a-gaza\/#breadcrumb\",\"itemListElement\":[{\"@type\":\"ListItem\",\"position\":1,\"name\":\"Accueil\",\"item\":\"https:\/\/kapitalis.com\/tunisie\/\"},{\"@type\":\"ListItem\",\"position\":2,\"name\":\"Albanese \u00e0 Tunis | \u00abPas de neutralit\u00e9 face \u00e0 Gaza\u00bb\"}]},{\"@type\":\"WebSite\",\"@id\":\"https:\/\/kapitalis.com\/tunisie\/#website\",\"url\":\"https:\/\/kapitalis.com\/tunisie\/\",\"name\":\"Kapitalis\",\"description\":\"L&#039;actualit\u00e9 en Tunisie et dans le monde\",\"publisher\":{\"@id\":\"https:\/\/kapitalis.com\/tunisie\/#organization\"},\"potentialAction\":[{\"@type\":\"SearchAction\",\"target\":{\"@type\":\"EntryPoint\",\"urlTemplate\":\"https:\/\/kapitalis.com\/tunisie\/?s={search_term_string}\"},\"query-input\":{\"@type\":\"PropertyValueSpecification\",\"valueRequired\":true,\"valueName\":\"search_term_string\"}}],\"inLanguage\":\"fr-FR\"},{\"@type\":\"Organization\",\"@id\":\"https:\/\/kapitalis.com\/tunisie\/#organization\",\"name\":\"Kapitalis\",\"url\":\"https:\/\/kapitalis.com\/tunisie\/\",\"logo\":{\"@type\":\"ImageObject\",\"inLanguage\":\"fr-FR\",\"@id\":\"https:\/\/kapitalis.com\/tunisie\/#\/schema\/logo\/image\/\",\"url\":\"https:\/\/kapitalis.com\/tunisie\/wp-content\/uploads\/2022\/05\/Kapitalis-big-size.png\",\"contentUrl\":\"https:\/\/kapitalis.com\/tunisie\/wp-content\/uploads\/2022\/05\/Kapitalis-big-size.png\",\"width\":5000,\"height\":1500,\"caption\":\"Kapitalis\"},\"image\":{\"@id\":\"https:\/\/kapitalis.com\/tunisie\/#\/schema\/logo\/image\/\"},\"sameAs\":[\"https:\/\/www.facebook.com\/KapitalisInfo\/\",\"https:\/\/x.com\/KapitalisInfo\",\"https:\/\/www.youtube.com\/channel\/UC-yDYrHyfFBWWZaOw3FPg9Q\"]},{\"@type\":\"Person\",\"@id\":\"https:\/\/kapitalis.com\/tunisie\/#\/schema\/person\/d71f33a9ca44f7bad4698210b480c8e9\",\"name\":\"webmaster kapitalis\",\"url\":\"https:\/\/kapitalis.com\/tunisie\/author\/webmaster-kapitalis\/\"}]}<\/script>\n<!-- \/ Yoast SEO plugin. -->","yoast_head_json":{"title":"Albanese \u00e0 Tunis | \u00abPas de neutralit\u00e9 face \u00e0 Gaza\u00bb - Kapitalis","description":"\u00abEtre aux c\u00f4t\u00e9s de la Palestine, c'est d\u00e9fendre l\u2019humanit\u00e9 commune\u00bb, a d\u00e9clar\u00e9 Francesca Albanese \u00e0 la Foire du livre de Tunis.","robots":{"index":"index","follow":"follow","max-snippet":"max-snippet:-1","max-image-preview":"max-image-preview:large","max-video-preview":"max-video-preview:-1"},"canonical":"https:\/\/kapitalis.com\/tunisie\/2026\/05\/01\/albanese-a-tunis-pas-de-neutralite-face-a-gaza\/","og_locale":"fr_FR","og_type":"article","og_title":"Albanese \u00e0 Tunis | \u00abPas de neutralit\u00e9 face \u00e0 Gaza\u00bb - Kapitalis","og_description":"\u00abEtre aux c\u00f4t\u00e9s de la Palestine, c'est d\u00e9fendre l\u2019humanit\u00e9 commune\u00bb, a d\u00e9clar\u00e9 Francesca Albanese \u00e0 la Foire du livre de Tunis.","og_url":"https:\/\/kapitalis.com\/tunisie\/2026\/05\/01\/albanese-a-tunis-pas-de-neutralite-face-a-gaza\/","og_site_name":"Kapitalis","article_publisher":"https:\/\/www.facebook.com\/KapitalisInfo\/","article_published_time":"2026-05-01T07:28:16+00:00","article_modified_time":"2026-05-01T07:28:18+00:00","og_image":[{"width":1200,"height":630,"url":"https:\/\/kapitalis.com\/tunisie\/wp-content\/uploads\/2026\/05\/Francesca-Albanese-Foire-de-Tunis.jpg","type":"image\/jpeg"}],"author":"webmaster kapitalis","twitter_card":"summary_large_image","twitter_creator":"@KapitalisInfo","twitter_site":"@KapitalisInfo","twitter_misc":{"\u00c9crit par":"webmaster kapitalis","Dur\u00e9e de lecture estim\u00e9e":"2 minutes"},"schema":{"@context":"https:\/\/schema.org","@graph":[{"@type":"Article","@id":"https:\/\/kapitalis.com\/tunisie\/2026\/05\/01\/albanese-a-tunis-pas-de-neutralite-face-a-gaza\/#article","isPartOf":{"@id":"https:\/\/kapitalis.com\/tunisie\/2026\/05\/01\/albanese-a-tunis-pas-de-neutralite-face-a-gaza\/"},"author":{"name":"webmaster kapitalis","@id":"https:\/\/kapitalis.com\/tunisie\/#\/schema\/person\/d71f33a9ca44f7bad4698210b480c8e9"},"headline":"Albanese \u00e0 Tunis | \u00abPas de neutralit\u00e9 face \u00e0 Gaza\u00bb","datePublished":"2026-05-01T07:28:16+00:00","dateModified":"2026-05-01T07:28:18+00:00","mainEntityOfPage":{"@id":"https:\/\/kapitalis.com\/tunisie\/2026\/05\/01\/albanese-a-tunis-pas-de-neutralite-face-a-gaza\/"},"wordCount":287,"commentCount":0,"publisher":{"@id":"https:\/\/kapitalis.com\/tunisie\/#organization"},"image":{"@id":"https:\/\/kapitalis.com\/tunisie\/2026\/05\/01\/albanese-a-tunis-pas-de-neutralite-face-a-gaza\/#primaryimage"},"thumbnailUrl":"https:\/\/kapitalis.com\/tunisie\/wp-content\/uploads\/2026\/05\/Francesca-Albanese-Foire-de-Tunis.jpg","keywords":["Francesca Albanese","Gaza","Ibrahim Nasrallah","Palestine","Reem Bassiouney","Sa\u00efd Khatibi","Salon du livre de Tunis"],"articleSection":["CULTURE","POLITIQUE","Tunisie"],"inLanguage":"fr-FR","potentialAction":[{"@type":"CommentAction","name":"Comment","target":["https:\/\/kapitalis.com\/tunisie\/2026\/05\/01\/albanese-a-tunis-pas-de-neutralite-face-a-gaza\/#respond"]}]},{"@type":"WebPage","@id":"https:\/\/kapitalis.com\/tunisie\/2026\/05\/01\/albanese-a-tunis-pas-de-neutralite-face-a-gaza\/","url":"https:\/\/kapitalis.com\/tunisie\/2026\/05\/01\/albanese-a-tunis-pas-de-neutralite-face-a-gaza\/","name":"Albanese \u00e0 Tunis | \u00abPas de neutralit\u00e9 face \u00e0 Gaza\u00bb - Kapitalis","isPartOf":{"@id":"https:\/\/kapitalis.com\/tunisie\/#website"},"primaryImageOfPage":{"@id":"https:\/\/kapitalis.com\/tunisie\/2026\/05\/01\/albanese-a-tunis-pas-de-neutralite-face-a-gaza\/#primaryimage"},"image":{"@id":"https:\/\/kapitalis.com\/tunisie\/2026\/05\/01\/albanese-a-tunis-pas-de-neutralite-face-a-gaza\/#primaryimage"},"thumbnailUrl":"https:\/\/kapitalis.com\/tunisie\/wp-content\/uploads\/2026\/05\/Francesca-Albanese-Foire-de-Tunis.jpg","datePublished":"2026-05-01T07:28:16+00:00","dateModified":"2026-05-01T07:28:18+00:00","description":"\u00abEtre aux c\u00f4t\u00e9s de la Palestine, c'est d\u00e9fendre l\u2019humanit\u00e9 commune\u00bb, a d\u00e9clar\u00e9 Francesca Albanese \u00e0 la Foire du livre de Tunis.","breadcrumb":{"@id":"https:\/\/kapitalis.com\/tunisie\/2026\/05\/01\/albanese-a-tunis-pas-de-neutralite-face-a-gaza\/#breadcrumb"},"inLanguage":"fr-FR","potentialAction":[{"@type":"ReadAction","target":["https:\/\/kapitalis.com\/tunisie\/2026\/05\/01\/albanese-a-tunis-pas-de-neutralite-face-a-gaza\/"]}]},{"@type":"ImageObject","inLanguage":"fr-FR","@id":"https:\/\/kapitalis.com\/tunisie\/2026\/05\/01\/albanese-a-tunis-pas-de-neutralite-face-a-gaza\/#primaryimage","url":"https:\/\/kapitalis.com\/tunisie\/wp-content\/uploads\/2026\/05\/Francesca-Albanese-Foire-de-Tunis.jpg","contentUrl":"https:\/\/kapitalis.com\/tunisie\/wp-content\/uploads\/2026\/05\/Francesca-Albanese-Foire-de-Tunis.jpg","width":1200,"height":630},{"@type":"BreadcrumbList","@id":"https:\/\/kapitalis.com\/tunisie\/2026\/05\/01\/albanese-a-tunis-pas-de-neutralite-face-a-gaza\/#breadcrumb","itemListElement":[{"@type":"ListItem","position":1,"name":"Accueil","item":"https:\/\/kapitalis.com\/tunisie\/"},{"@type":"ListItem","position":2,"name":"Albanese \u00e0 Tunis | \u00abPas de neutralit\u00e9 face \u00e0 Gaza\u00bb"}]},{"@type":"WebSite","@id":"https:\/\/kapitalis.com\/tunisie\/#website","url":"https:\/\/kapitalis.com\/tunisie\/","name":"Kapitalis","description":"L&#039;actualit\u00e9 en Tunisie et dans le monde","publisher":{"@id":"https:\/\/kapitalis.com\/tunisie\/#organization"},"potentialAction":[{"@type":"SearchAction","target":{"@type":"EntryPoint","urlTemplate":"https:\/\/kapitalis.com\/tunisie\/?s={search_term_string}"},"query-input":{"@type":"PropertyValueSpecification","valueRequired":true,"valueName":"search_term_string"}}],"inLanguage":"fr-FR"},{"@type":"Organization","@id":"https:\/\/kapitalis.com\/tunisie\/#organization","name":"Kapitalis","url":"https:\/\/kapitalis.com\/tunisie\/","logo":{"@type":"ImageObject","inLanguage":"fr-FR","@id":"https:\/\/kapitalis.com\/tunisie\/#\/schema\/logo\/image\/","url":"https:\/\/kapitalis.com\/tunisie\/wp-content\/uploads\/2022\/05\/Kapitalis-big-size.png","contentUrl":"https:\/\/kapitalis.com\/tunisie\/wp-content\/uploads\/2022\/05\/Kapitalis-big-size.png","width":5000,"height":1500,"caption":"Kapitalis"},"image":{"@id":"https:\/\/kapitalis.com\/tunisie\/#\/schema\/logo\/image\/"},"sameAs":["https:\/\/www.facebook.com\/KapitalisInfo\/","https:\/\/x.com\/KapitalisInfo","https:\/\/www.youtube.com\/channel\/UC-yDYrHyfFBWWZaOw3FPg9Q"]},{"@type":"Person","@id":"https:\/\/kapitalis.com\/tunisie\/#\/schema\/person\/d71f33a9ca44f7bad4698210b480c8e9","name":"webmaster kapitalis","url":"https:\/\/kapitalis.com\/tunisie\/author\/webmaster-kapitalis\/"}]}},"_links":{"self":[{"href":"https:\/\/kapitalis.com\/tunisie\/wp-json\/wp\/v2\/posts\/18717036","targetHints":{"allow":["GET"]}}],"collection":[{"href":"https:\/\/kapitalis.com\/tunisie\/wp-json\/wp\/v2\/posts"}],"about":[{"href":"https:\/\/kapitalis.com\/tunisie\/wp-json\/wp\/v2\/types\/post"}],"author":[{"embeddable":true,"href":"https:\/\/kapitalis.com\/tunisie\/wp-json\/wp\/v2\/users\/8"}],"replies":[{"embeddable":true,"href":"https:\/\/kapitalis.com\/tunisie\/wp-json\/wp\/v2\/comments?post=18717036"}],"version-history":[{"count":1,"href":"https:\/\/kapitalis.com\/tunisie\/wp-json\/wp\/v2\/posts\/18717036\/revisions"}],"predecessor-version":[{"id":18717070,"href":"https:\/\/kapitalis.com\/tunisie\/wp-json\/wp\/v2\/posts\/18717036\/revisions\/18717070"}],"wp:featuredmedia":[{"embeddable":true,"href":"https:\/\/kapitalis.com\/tunisie\/wp-json\/wp\/v2\/media\/18717055"}],"wp:attachment":[{"href":"https:\/\/kapitalis.com\/tunisie\/wp-json\/wp\/v2\/media?parent=18717036"}],"wp:term":[{"taxonomy":"category","embeddable":true,"href":"https:\/\/kapitalis.com\/tunisie\/wp-json\/wp\/v2\/categories?post=18717036"},{"taxonomy":"post_tag","embeddable":true,"href":"https:\/\/kapitalis.com\/tunisie\/wp-json\/wp\/v2\/tags?post=18717036"}],"curies":[{"name":"wp","href":"https:\/\/api.w.org\/{rel}","templated":true}]}}