{"id":18717532,"date":"2026-05-01T10:09:35","date_gmt":"2026-05-01T09:09:35","guid":{"rendered":"https:\/\/kapitalis.com\/tunisie\/?p=18717532"},"modified":"2026-05-01T10:09:37","modified_gmt":"2026-05-01T09:09:37","slug":"a-kebili-lexperience-theatrale-au-sahara","status":"publish","type":"post","link":"https:\/\/kapitalis.com\/tunisie\/2026\/05\/01\/a-kebili-lexperience-theatrale-au-sahara\/","title":{"rendered":"A Kebili | L\u2019exp\u00e9rience th\u00e9\u00e2trale au Sahara"},"content":{"rendered":"\n<p><strong><em>L\u2019Italie est l\u2019invit\u00e9e d\u2019honneur de la sixi\u00e8me \u00e9dition du Festival international de th\u00e9\u00e2tre du Sahara, qui se tient du 29 avril au 3 mai 2026 \u00e0 El Golaa, dans la r\u00e9gion de Douz Nord, dans le gouvernorat tunisien de Kebili, avec une prolongation le 5 mai \u00e0 l\u2019Op\u00e9ra de Tunis.<\/em><\/strong><\/p>\n\n\n\n<!--more-->\n\n\n\n<p>Cet \u00e9v\u00e9nement, organis\u00e9 en partenariat avec l\u2019Institut culturel italien de Tunis, est consacr\u00e9e cette ann\u00e9e \u00e0 l\u2019anthropologie th\u00e9\u00e2trale et vise \u00e0 cr\u00e9er un espace de dialogue artistique au c\u0153ur du Sahara.<\/p>\n\n\n\n<p>Parmi les protagonistes figurent Eugenio Barba, fondateur de l\u2019Odin Teatret et figure majeure du th\u00e9\u00e2tre contemporain, et Julia Varley, com\u00e9dienne, metteuse en sc\u00e8ne et \u00e9crivaine associ\u00e9e \u00e0 cette compagnie historique. Un hommage leur sera rendu et ils animeront un atelier intensif les 2 et 3 mai \u00e0 l\u2019Espace culturel du Sahara. Le 5 mai, Barba, Varley et le professeur Jean-Marie Pradier animeront une masterclass \u00e0 l\u2019Op\u00e9ra de Tunis.<\/p>\n\n\n\n<p>Le festival, qui a \u00e9t\u00e9 cr\u00e9\u00e9 dans le but de r\u00e9duire l\u2019isolement culturel des r\u00e9gions de Nefzaoua en proposant des spectacles nationaux et internationaux, des camps de jeunes, des ateliers de formation et une exposition de produits artisanaux et transform\u00e9s du Maghreb, confirme ainsi sa vocation d\u2019atelier itin\u00e9rant, capable de porter le th\u00e9\u00e2tre au-del\u00e0 de ses lieux de repr\u00e9sentation traditionnels.<\/p>\n\n\n\n<p>La pr\u00e9sence italienne se caract\u00e9risera \u00e9galement par une forte dimension performative. La compagnie Oplas, Centre r\u00e9gional de danse d\u2019Ombrie, participe au projet Co-CreART Boarding Pass Plus, qui comprend des ateliers de danse contemporaine, une r\u00e9sidence artistique et une performance li\u00e9e au <em>\u2018\u2018Sacre du Printemps\u2019\u2019<\/em>. Ce projet aboutira \u00e0 une production finale pr\u00e9vue en Italie en 2027.<\/p>\n\n\n\n<p>Les activit\u00e9s tunisiennes sont notamment men\u00e9es par Luca Bruni, Mario Ferrari et Luana Rossetti. Outre la dimension performative, l\u2019\u00e9dition 2026 renforce le festival en tant que plateforme \u00e9ducative et scientifique.<\/p>\n\n\n\n<p>Daniela Giordano assurera la programmation des activit\u00e9s performatives destin\u00e9es aux professionnels et aux acteurs des secteurs de l\u2019\u00e9ducation, de la culture et du social, tandis que Pradier se chargera du travail th\u00e9orique et de la formation.<\/p>\n\n\n\n<p>La documentation photographique confi\u00e9e \u00e0 Annalisa Gonnella permettra de transformer l\u2019exp\u00e9rience th\u00e9\u00e2trale dans le d\u00e9sert en un souvenir visuel de l\u2019\u00e9v\u00e9nement.<\/p>\n\n\n\n<p>Pour les organisateurs, le choix d\u2019El Golaa comme lieu d\u2019accueil renforce l\u2019identit\u00e9 de l\u2019\u00e9v\u00e9nement&nbsp;: dunes, oasis et grands espaces forment un d\u00e9cor naturel, tandis que la communaut\u00e9 locale s\u2019int\u00e8gre pleinement \u00e0 la programmation culturelle du festival.<\/p>\n\n\n\n<p>L\u2019\u00e9v\u00e9nement est d\u00e9crit comme une plateforme d\u2019\u00e9change entre les peuples et les pratiques artistiques, avec l\u2019Italie au c\u0153ur d\u2019une programmation mettant en vedette des artistes de renomm\u00e9e internationale.<\/p>\n\n\n\n<p>Le Festival international de th\u00e9\u00e2tre du Sahara se pr\u00e9sente ainsi non seulement comme un \u00e9v\u00e9nement artistique, mais aussi comme une initiative de diplomatie culturelle entre l\u2019Italie et la Tunisie.<\/p>\n\n\n\n<p class=\"has-text-align-right\"><strong>I. B. <\/strong>(avec <a href=\"https:\/\/www.ansa.it\/ansamed\/it\/notizie\/rubriche\/cultura\/2026\/04\/29\/teatro-italia-ospite-donore-nel-sahara-tunisino_485ddf12-b494-4538-b5dd-96a8ba0315a2.html\" target=\"_blank\" rel=\"noreferrer noopener\">Ansamed<\/a>). <\/p>\n","protected":false},"excerpt":{"rendered":"<p>L\u2019Italie est l\u2019invit\u00e9e d\u2019honneur de la 6e \u00e9dition du Festival international de th\u00e9\u00e2tre du Sahara, du 29 avril au 3 mai 2026 \u00e0 El Golaa, Douz, Kebili. <\/p>\n","protected":false},"author":8,"featured_media":18717555,"comment_status":"open","ping_status":"open","sticky":false,"template":"","format":"standard","meta":{"footnotes":""},"categories":[994,2433],"tags":[291,128113,128112,505,128116,128114,79029,128115,80587,8656,900,62643],"class_list":["post-18717532","post","type-post","status-publish","format-standard","has-post-thumbnail","hentry","category-culture","category-tunisie","tag-douz","tag-el-golaa-3","tag-eugenio-barba","tag-italie","tag-jean-marie-pradier","tag-julia-varley","tag-kebili-2","tag-odin-teatret","tag-opera-de-tunis","tag-sahara","tag-theatre","tag-tunisie"],"yoast_head":"<!-- This site is optimized with the Yoast SEO plugin v26.6 - https:\/\/yoast.com\/wordpress\/plugins\/seo\/ -->\n<title>A Kebili | L\u2019exp\u00e9rience th\u00e9\u00e2trale au Sahara - Kapitalis<\/title>\n<meta name=\"description\" content=\"L\u2019Italie est l\u2019invit\u00e9e d\u2019honneur de la 6e \u00e9dition du Festival international de th\u00e9\u00e2tre du Sahara, du 29 avril au 3 mai 2026 \u00e0 Douz, Kebili.\" \/>\n<meta name=\"robots\" content=\"index, follow, max-snippet:-1, max-image-preview:large, max-video-preview:-1\" \/>\n<link rel=\"canonical\" href=\"https:\/\/kapitalis.com\/tunisie\/2026\/05\/01\/a-kebili-lexperience-theatrale-au-sahara\/\" \/>\n<meta property=\"og:locale\" content=\"fr_FR\" \/>\n<meta property=\"og:type\" content=\"article\" \/>\n<meta property=\"og:title\" content=\"A Kebili | L\u2019exp\u00e9rience th\u00e9\u00e2trale au Sahara - Kapitalis\" \/>\n<meta property=\"og:description\" content=\"L\u2019Italie est l\u2019invit\u00e9e d\u2019honneur de la 6e \u00e9dition du Festival international de th\u00e9\u00e2tre du Sahara, du 29 avril au 3 mai 2026 \u00e0 Douz, Kebili.\" \/>\n<meta property=\"og:url\" content=\"https:\/\/kapitalis.com\/tunisie\/2026\/05\/01\/a-kebili-lexperience-theatrale-au-sahara\/\" \/>\n<meta property=\"og:site_name\" content=\"Kapitalis\" \/>\n<meta property=\"article:publisher\" content=\"https:\/\/www.facebook.com\/KapitalisInfo\/\" \/>\n<meta property=\"article:published_time\" content=\"2026-05-01T09:09:35+00:00\" \/>\n<meta property=\"article:modified_time\" content=\"2026-05-01T09:09:37+00:00\" \/>\n<meta property=\"og:image\" content=\"https:\/\/kapitalis.com\/tunisie\/wp-content\/uploads\/2026\/05\/Festival-Theatre-au-Sahara.jpg\" \/>\n\t<meta property=\"og:image:width\" content=\"1200\" \/>\n\t<meta property=\"og:image:height\" content=\"630\" \/>\n\t<meta property=\"og:image:type\" content=\"image\/jpeg\" \/>\n<meta name=\"author\" content=\"webmaster kapitalis\" \/>\n<meta name=\"twitter:card\" content=\"summary_large_image\" \/>\n<meta name=\"twitter:creator\" content=\"@KapitalisInfo\" \/>\n<meta name=\"twitter:site\" content=\"@KapitalisInfo\" \/>\n<meta name=\"twitter:label1\" content=\"\u00c9crit par\" \/>\n\t<meta name=\"twitter:data1\" content=\"webmaster kapitalis\" \/>\n\t<meta name=\"twitter:label2\" content=\"Dur\u00e9e de lecture estim\u00e9e\" \/>\n\t<meta name=\"twitter:data2\" content=\"3 minutes\" \/>\n<script type=\"application\/ld+json\" class=\"yoast-schema-graph\">{\"@context\":\"https:\/\/schema.org\",\"@graph\":[{\"@type\":\"Article\",\"@id\":\"https:\/\/kapitalis.com\/tunisie\/2026\/05\/01\/a-kebili-lexperience-theatrale-au-sahara\/#article\",\"isPartOf\":{\"@id\":\"https:\/\/kapitalis.com\/tunisie\/2026\/05\/01\/a-kebili-lexperience-theatrale-au-sahara\/\"},\"author\":{\"name\":\"webmaster kapitalis\",\"@id\":\"https:\/\/kapitalis.com\/tunisie\/#\/schema\/person\/d71f33a9ca44f7bad4698210b480c8e9\"},\"headline\":\"A Kebili | L\u2019exp\u00e9rience th\u00e9\u00e2trale au Sahara\",\"datePublished\":\"2026-05-01T09:09:35+00:00\",\"dateModified\":\"2026-05-01T09:09:37+00:00\",\"mainEntityOfPage\":{\"@id\":\"https:\/\/kapitalis.com\/tunisie\/2026\/05\/01\/a-kebili-lexperience-theatrale-au-sahara\/\"},\"wordCount\":514,\"commentCount\":0,\"publisher\":{\"@id\":\"https:\/\/kapitalis.com\/tunisie\/#organization\"},\"image\":{\"@id\":\"https:\/\/kapitalis.com\/tunisie\/2026\/05\/01\/a-kebili-lexperience-theatrale-au-sahara\/#primaryimage\"},\"thumbnailUrl\":\"https:\/\/kapitalis.com\/tunisie\/wp-content\/uploads\/2026\/05\/Festival-Theatre-au-Sahara.jpg\",\"keywords\":[\"Douz\",\"El Golaa\",\"Eugenio Barba\",\"Italie\",\"Jean-Marie Pradier\",\"Julia Varley\",\"Kebili\",\"Odin Teatret\",\"Op\u00e9ra de Tunis\",\"Sahara\",\"Th\u00e9\u00e2tre\",\"Tunisie\"],\"articleSection\":[\"CULTURE\",\"Tunisie\"],\"inLanguage\":\"fr-FR\",\"potentialAction\":[{\"@type\":\"CommentAction\",\"name\":\"Comment\",\"target\":[\"https:\/\/kapitalis.com\/tunisie\/2026\/05\/01\/a-kebili-lexperience-theatrale-au-sahara\/#respond\"]}]},{\"@type\":\"WebPage\",\"@id\":\"https:\/\/kapitalis.com\/tunisie\/2026\/05\/01\/a-kebili-lexperience-theatrale-au-sahara\/\",\"url\":\"https:\/\/kapitalis.com\/tunisie\/2026\/05\/01\/a-kebili-lexperience-theatrale-au-sahara\/\",\"name\":\"A Kebili | L\u2019exp\u00e9rience th\u00e9\u00e2trale au Sahara - Kapitalis\",\"isPartOf\":{\"@id\":\"https:\/\/kapitalis.com\/tunisie\/#website\"},\"primaryImageOfPage\":{\"@id\":\"https:\/\/kapitalis.com\/tunisie\/2026\/05\/01\/a-kebili-lexperience-theatrale-au-sahara\/#primaryimage\"},\"image\":{\"@id\":\"https:\/\/kapitalis.com\/tunisie\/2026\/05\/01\/a-kebili-lexperience-theatrale-au-sahara\/#primaryimage\"},\"thumbnailUrl\":\"https:\/\/kapitalis.com\/tunisie\/wp-content\/uploads\/2026\/05\/Festival-Theatre-au-Sahara.jpg\",\"datePublished\":\"2026-05-01T09:09:35+00:00\",\"dateModified\":\"2026-05-01T09:09:37+00:00\",\"description\":\"L\u2019Italie est l\u2019invit\u00e9e d\u2019honneur de la 6e \u00e9dition du Festival international de th\u00e9\u00e2tre du Sahara, du 29 avril au 3 mai 2026 \u00e0 Douz, Kebili.\",\"breadcrumb\":{\"@id\":\"https:\/\/kapitalis.com\/tunisie\/2026\/05\/01\/a-kebili-lexperience-theatrale-au-sahara\/#breadcrumb\"},\"inLanguage\":\"fr-FR\",\"potentialAction\":[{\"@type\":\"ReadAction\",\"target\":[\"https:\/\/kapitalis.com\/tunisie\/2026\/05\/01\/a-kebili-lexperience-theatrale-au-sahara\/\"]}]},{\"@type\":\"ImageObject\",\"inLanguage\":\"fr-FR\",\"@id\":\"https:\/\/kapitalis.com\/tunisie\/2026\/05\/01\/a-kebili-lexperience-theatrale-au-sahara\/#primaryimage\",\"url\":\"https:\/\/kapitalis.com\/tunisie\/wp-content\/uploads\/2026\/05\/Festival-Theatre-au-Sahara.jpg\",\"contentUrl\":\"https:\/\/kapitalis.com\/tunisie\/wp-content\/uploads\/2026\/05\/Festival-Theatre-au-Sahara.jpg\",\"width\":1200,\"height\":630},{\"@type\":\"BreadcrumbList\",\"@id\":\"https:\/\/kapitalis.com\/tunisie\/2026\/05\/01\/a-kebili-lexperience-theatrale-au-sahara\/#breadcrumb\",\"itemListElement\":[{\"@type\":\"ListItem\",\"position\":1,\"name\":\"Accueil\",\"item\":\"https:\/\/kapitalis.com\/tunisie\/\"},{\"@type\":\"ListItem\",\"position\":2,\"name\":\"A Kebili | L\u2019exp\u00e9rience th\u00e9\u00e2trale au Sahara\"}]},{\"@type\":\"WebSite\",\"@id\":\"https:\/\/kapitalis.com\/tunisie\/#website\",\"url\":\"https:\/\/kapitalis.com\/tunisie\/\",\"name\":\"Kapitalis\",\"description\":\"L&#039;actualit\u00e9 en Tunisie et dans le monde\",\"publisher\":{\"@id\":\"https:\/\/kapitalis.com\/tunisie\/#organization\"},\"potentialAction\":[{\"@type\":\"SearchAction\",\"target\":{\"@type\":\"EntryPoint\",\"urlTemplate\":\"https:\/\/kapitalis.com\/tunisie\/?s={search_term_string}\"},\"query-input\":{\"@type\":\"PropertyValueSpecification\",\"valueRequired\":true,\"valueName\":\"search_term_string\"}}],\"inLanguage\":\"fr-FR\"},{\"@type\":\"Organization\",\"@id\":\"https:\/\/kapitalis.com\/tunisie\/#organization\",\"name\":\"Kapitalis\",\"url\":\"https:\/\/kapitalis.com\/tunisie\/\",\"logo\":{\"@type\":\"ImageObject\",\"inLanguage\":\"fr-FR\",\"@id\":\"https:\/\/kapitalis.com\/tunisie\/#\/schema\/logo\/image\/\",\"url\":\"https:\/\/kapitalis.com\/tunisie\/wp-content\/uploads\/2022\/05\/Kapitalis-big-size.png\",\"contentUrl\":\"https:\/\/kapitalis.com\/tunisie\/wp-content\/uploads\/2022\/05\/Kapitalis-big-size.png\",\"width\":5000,\"height\":1500,\"caption\":\"Kapitalis\"},\"image\":{\"@id\":\"https:\/\/kapitalis.com\/tunisie\/#\/schema\/logo\/image\/\"},\"sameAs\":[\"https:\/\/www.facebook.com\/KapitalisInfo\/\",\"https:\/\/x.com\/KapitalisInfo\",\"https:\/\/www.youtube.com\/channel\/UC-yDYrHyfFBWWZaOw3FPg9Q\"]},{\"@type\":\"Person\",\"@id\":\"https:\/\/kapitalis.com\/tunisie\/#\/schema\/person\/d71f33a9ca44f7bad4698210b480c8e9\",\"name\":\"webmaster kapitalis\",\"url\":\"https:\/\/kapitalis.com\/tunisie\/author\/webmaster-kapitalis\/\"}]}<\/script>\n<!-- \/ Yoast SEO plugin. -->","yoast_head_json":{"title":"A Kebili | L\u2019exp\u00e9rience th\u00e9\u00e2trale au Sahara - Kapitalis","description":"L\u2019Italie est l\u2019invit\u00e9e d\u2019honneur de la 6e \u00e9dition du Festival international de th\u00e9\u00e2tre du Sahara, du 29 avril au 3 mai 2026 \u00e0 Douz, Kebili.","robots":{"index":"index","follow":"follow","max-snippet":"max-snippet:-1","max-image-preview":"max-image-preview:large","max-video-preview":"max-video-preview:-1"},"canonical":"https:\/\/kapitalis.com\/tunisie\/2026\/05\/01\/a-kebili-lexperience-theatrale-au-sahara\/","og_locale":"fr_FR","og_type":"article","og_title":"A Kebili | L\u2019exp\u00e9rience th\u00e9\u00e2trale au Sahara - Kapitalis","og_description":"L\u2019Italie est l\u2019invit\u00e9e d\u2019honneur de la 6e \u00e9dition du Festival international de th\u00e9\u00e2tre du Sahara, du 29 avril au 3 mai 2026 \u00e0 Douz, Kebili.","og_url":"https:\/\/kapitalis.com\/tunisie\/2026\/05\/01\/a-kebili-lexperience-theatrale-au-sahara\/","og_site_name":"Kapitalis","article_publisher":"https:\/\/www.facebook.com\/KapitalisInfo\/","article_published_time":"2026-05-01T09:09:35+00:00","article_modified_time":"2026-05-01T09:09:37+00:00","og_image":[{"width":1200,"height":630,"url":"https:\/\/kapitalis.com\/tunisie\/wp-content\/uploads\/2026\/05\/Festival-Theatre-au-Sahara.jpg","type":"image\/jpeg"}],"author":"webmaster kapitalis","twitter_card":"summary_large_image","twitter_creator":"@KapitalisInfo","twitter_site":"@KapitalisInfo","twitter_misc":{"\u00c9crit par":"webmaster kapitalis","Dur\u00e9e de lecture estim\u00e9e":"3 minutes"},"schema":{"@context":"https:\/\/schema.org","@graph":[{"@type":"Article","@id":"https:\/\/kapitalis.com\/tunisie\/2026\/05\/01\/a-kebili-lexperience-theatrale-au-sahara\/#article","isPartOf":{"@id":"https:\/\/kapitalis.com\/tunisie\/2026\/05\/01\/a-kebili-lexperience-theatrale-au-sahara\/"},"author":{"name":"webmaster kapitalis","@id":"https:\/\/kapitalis.com\/tunisie\/#\/schema\/person\/d71f33a9ca44f7bad4698210b480c8e9"},"headline":"A Kebili | L\u2019exp\u00e9rience th\u00e9\u00e2trale au Sahara","datePublished":"2026-05-01T09:09:35+00:00","dateModified":"2026-05-01T09:09:37+00:00","mainEntityOfPage":{"@id":"https:\/\/kapitalis.com\/tunisie\/2026\/05\/01\/a-kebili-lexperience-theatrale-au-sahara\/"},"wordCount":514,"commentCount":0,"publisher":{"@id":"https:\/\/kapitalis.com\/tunisie\/#organization"},"image":{"@id":"https:\/\/kapitalis.com\/tunisie\/2026\/05\/01\/a-kebili-lexperience-theatrale-au-sahara\/#primaryimage"},"thumbnailUrl":"https:\/\/kapitalis.com\/tunisie\/wp-content\/uploads\/2026\/05\/Festival-Theatre-au-Sahara.jpg","keywords":["Douz","El Golaa","Eugenio Barba","Italie","Jean-Marie Pradier","Julia Varley","Kebili","Odin Teatret","Op\u00e9ra de Tunis","Sahara","Th\u00e9\u00e2tre","Tunisie"],"articleSection":["CULTURE","Tunisie"],"inLanguage":"fr-FR","potentialAction":[{"@type":"CommentAction","name":"Comment","target":["https:\/\/kapitalis.com\/tunisie\/2026\/05\/01\/a-kebili-lexperience-theatrale-au-sahara\/#respond"]}]},{"@type":"WebPage","@id":"https:\/\/kapitalis.com\/tunisie\/2026\/05\/01\/a-kebili-lexperience-theatrale-au-sahara\/","url":"https:\/\/kapitalis.com\/tunisie\/2026\/05\/01\/a-kebili-lexperience-theatrale-au-sahara\/","name":"A Kebili | L\u2019exp\u00e9rience th\u00e9\u00e2trale au Sahara - Kapitalis","isPartOf":{"@id":"https:\/\/kapitalis.com\/tunisie\/#website"},"primaryImageOfPage":{"@id":"https:\/\/kapitalis.com\/tunisie\/2026\/05\/01\/a-kebili-lexperience-theatrale-au-sahara\/#primaryimage"},"image":{"@id":"https:\/\/kapitalis.com\/tunisie\/2026\/05\/01\/a-kebili-lexperience-theatrale-au-sahara\/#primaryimage"},"thumbnailUrl":"https:\/\/kapitalis.com\/tunisie\/wp-content\/uploads\/2026\/05\/Festival-Theatre-au-Sahara.jpg","datePublished":"2026-05-01T09:09:35+00:00","dateModified":"2026-05-01T09:09:37+00:00","description":"L\u2019Italie est l\u2019invit\u00e9e d\u2019honneur de la 6e \u00e9dition du Festival international de th\u00e9\u00e2tre du Sahara, du 29 avril au 3 mai 2026 \u00e0 Douz, Kebili.","breadcrumb":{"@id":"https:\/\/kapitalis.com\/tunisie\/2026\/05\/01\/a-kebili-lexperience-theatrale-au-sahara\/#breadcrumb"},"inLanguage":"fr-FR","potentialAction":[{"@type":"ReadAction","target":["https:\/\/kapitalis.com\/tunisie\/2026\/05\/01\/a-kebili-lexperience-theatrale-au-sahara\/"]}]},{"@type":"ImageObject","inLanguage":"fr-FR","@id":"https:\/\/kapitalis.com\/tunisie\/2026\/05\/01\/a-kebili-lexperience-theatrale-au-sahara\/#primaryimage","url":"https:\/\/kapitalis.com\/tunisie\/wp-content\/uploads\/2026\/05\/Festival-Theatre-au-Sahara.jpg","contentUrl":"https:\/\/kapitalis.com\/tunisie\/wp-content\/uploads\/2026\/05\/Festival-Theatre-au-Sahara.jpg","width":1200,"height":630},{"@type":"BreadcrumbList","@id":"https:\/\/kapitalis.com\/tunisie\/2026\/05\/01\/a-kebili-lexperience-theatrale-au-sahara\/#breadcrumb","itemListElement":[{"@type":"ListItem","position":1,"name":"Accueil","item":"https:\/\/kapitalis.com\/tunisie\/"},{"@type":"ListItem","position":2,"name":"A Kebili | L\u2019exp\u00e9rience th\u00e9\u00e2trale au Sahara"}]},{"@type":"WebSite","@id":"https:\/\/kapitalis.com\/tunisie\/#website","url":"https:\/\/kapitalis.com\/tunisie\/","name":"Kapitalis","description":"L&#039;actualit\u00e9 en Tunisie et dans le monde","publisher":{"@id":"https:\/\/kapitalis.com\/tunisie\/#organization"},"potentialAction":[{"@type":"SearchAction","target":{"@type":"EntryPoint","urlTemplate":"https:\/\/kapitalis.com\/tunisie\/?s={search_term_string}"},"query-input":{"@type":"PropertyValueSpecification","valueRequired":true,"valueName":"search_term_string"}}],"inLanguage":"fr-FR"},{"@type":"Organization","@id":"https:\/\/kapitalis.com\/tunisie\/#organization","name":"Kapitalis","url":"https:\/\/kapitalis.com\/tunisie\/","logo":{"@type":"ImageObject","inLanguage":"fr-FR","@id":"https:\/\/kapitalis.com\/tunisie\/#\/schema\/logo\/image\/","url":"https:\/\/kapitalis.com\/tunisie\/wp-content\/uploads\/2022\/05\/Kapitalis-big-size.png","contentUrl":"https:\/\/kapitalis.com\/tunisie\/wp-content\/uploads\/2022\/05\/Kapitalis-big-size.png","width":5000,"height":1500,"caption":"Kapitalis"},"image":{"@id":"https:\/\/kapitalis.com\/tunisie\/#\/schema\/logo\/image\/"},"sameAs":["https:\/\/www.facebook.com\/KapitalisInfo\/","https:\/\/x.com\/KapitalisInfo","https:\/\/www.youtube.com\/channel\/UC-yDYrHyfFBWWZaOw3FPg9Q"]},{"@type":"Person","@id":"https:\/\/kapitalis.com\/tunisie\/#\/schema\/person\/d71f33a9ca44f7bad4698210b480c8e9","name":"webmaster kapitalis","url":"https:\/\/kapitalis.com\/tunisie\/author\/webmaster-kapitalis\/"}]}},"_links":{"self":[{"href":"https:\/\/kapitalis.com\/tunisie\/wp-json\/wp\/v2\/posts\/18717532","targetHints":{"allow":["GET"]}}],"collection":[{"href":"https:\/\/kapitalis.com\/tunisie\/wp-json\/wp\/v2\/posts"}],"about":[{"href":"https:\/\/kapitalis.com\/tunisie\/wp-json\/wp\/v2\/types\/post"}],"author":[{"embeddable":true,"href":"https:\/\/kapitalis.com\/tunisie\/wp-json\/wp\/v2\/users\/8"}],"replies":[{"embeddable":true,"href":"https:\/\/kapitalis.com\/tunisie\/wp-json\/wp\/v2\/comments?post=18717532"}],"version-history":[{"count":1,"href":"https:\/\/kapitalis.com\/tunisie\/wp-json\/wp\/v2\/posts\/18717532\/revisions"}],"predecessor-version":[{"id":18717559,"href":"https:\/\/kapitalis.com\/tunisie\/wp-json\/wp\/v2\/posts\/18717532\/revisions\/18717559"}],"wp:featuredmedia":[{"embeddable":true,"href":"https:\/\/kapitalis.com\/tunisie\/wp-json\/wp\/v2\/media\/18717555"}],"wp:attachment":[{"href":"https:\/\/kapitalis.com\/tunisie\/wp-json\/wp\/v2\/media?parent=18717532"}],"wp:term":[{"taxonomy":"category","embeddable":true,"href":"https:\/\/kapitalis.com\/tunisie\/wp-json\/wp\/v2\/categories?post=18717532"},{"taxonomy":"post_tag","embeddable":true,"href":"https:\/\/kapitalis.com\/tunisie\/wp-json\/wp\/v2\/tags?post=18717532"}],"curies":[{"name":"wp","href":"https:\/\/api.w.org\/{rel}","templated":true}]}}