{"id":18717642,"date":"2026-05-01T10:31:30","date_gmt":"2026-05-01T09:31:30","guid":{"rendered":"https:\/\/kapitalis.com\/tunisie\/?p=18717642"},"modified":"2026-05-01T10:31:31","modified_gmt":"2026-05-01T09:31:31","slug":"litalie-et-la-tunisie-renforcent-leur-cooperation-navale","status":"publish","type":"post","link":"https:\/\/kapitalis.com\/tunisie\/2026\/05\/01\/litalie-et-la-tunisie-renforcent-leur-cooperation-navale\/","title":{"rendered":"L\u2019Italie et la Tunisie renforcent leur coop\u00e9ration navale"},"content":{"rendered":"\n<p><strong><em>Le ministre de la D\u00e9fense, Khaled Sehili, a rencontr\u00e9, <strong><em><strong><em>mercredi 29 avril 2026, <\/em><\/strong>au si\u00e8ge de son minist\u00e8re<\/em><\/strong> \u00e0 Tunis, le chef d\u2019\u00e9tat-major de la Marine italienne, l\u2019amiral Giuseppe Berutti Bergotto, charg\u00e9 des missions sp\u00e9ciales, lors d\u2019une r\u00e9union consacr\u00e9e au renforcement de la coop\u00e9ration navale italo-tunisienne et \u00e0 la s\u00e9curit\u00e9 en M\u00e9diterran\u00e9e centrale, en pr\u00e9sence de l\u2019ambassadeur d\u2019Italie \u00e0 Tunis et du chef d\u2019\u00e9tat-major de la Marine tunisienne.<\/em><\/strong><\/p>\n\n\n\n<!--more-->\n\n\n\n<p>Selon un communiqu\u00e9 du minist\u00e8re de la D\u00e9fense, M. Sehili a soulign\u00e9 la solidit\u00e9 des relations historiques entre les deux pays et le niveau de coordination entre leurs marines respectives, insistant notamment sur l\u2019\u00e9change d\u2019expertise, la formation de plongeurs, les activit\u00e9s sous-marines et l\u2019hydrographie, \u00e9l\u00e9ments essentiels \u00e0 la s\u00e9curit\u00e9 de la navigation.<\/p>\n\n\n\n<p>Parmi les domaines \u00e9voqu\u00e9s figurent les \u00e9changes d\u2019officiers observateurs lors des exercices navals organis\u00e9s conjointement.<\/p>\n\n\n\n<p>M. Sehili s\u2019est f\u00e9licit\u00e9 du bon d\u00e9roulement des travaux de la Commission militaire mixte italo-tunisienne et des r\u00e9sultats de sa 27<sup>e<\/sup> session, organis\u00e9e par la Tunisie en mars dernier. Il a exprim\u00e9 l\u2019espoir que la coop\u00e9ration puisse \u00e9voluer vers un <em>\u00abpartenariat strat\u00e9gique\u00bb<\/em> fond\u00e9 sur la confiance, le respect mutuel et une vision partag\u00e9e de la s\u00e9curit\u00e9 r\u00e9gionale.<\/p>\n\n\n\n<p>La r\u00e9union a \u00e9galement mis en lumi\u00e8re la contribution de l\u2019Italie \u00e0 plusieurs projets int\u00e9gr\u00e9s dans les zones d\u00e9sertiques et le sud de la Tunisie, notamment les exp\u00e9riences de Rjim Maatoug et d\u2019El Mahdeth, dans le gouvernorat de Kebili, ainsi que le soutien logistique apport\u00e9 \u00e0 l\u2019Institut de formation professionnelle de plong\u00e9e de Zarzis.<\/p>\n\n\n\n<p>M. Sehili a d\u00e9crit la Tunisie comme un acteur cl\u00e9 de la s\u00e9curit\u00e9 et de la stabilit\u00e9 dans la r\u00e9gion, citant la criminalit\u00e9 organis\u00e9e transfrontali\u00e8re, la s\u00e9curit\u00e9 \u00e9nerg\u00e9tique, les op\u00e9rations de recherche et de sauvetage, les migrations irr\u00e9guli\u00e8res et la traite des \u00eatres humains parmi les d\u00e9fis communs. M. Berutti Bergotto a r\u00e9affirm\u00e9, de son c\u00f4t\u00e9, la volont\u00e9 de Rome de poursuivre le d\u00e9veloppement de la coop\u00e9ration bilat\u00e9rale, afin de renforcer les capacit\u00e9s op\u00e9rationnelles des deux marines et de contribuer \u00e0 la stabilit\u00e9 en M\u00e9diterran\u00e9e.<\/p>\n\n\n\n<p>Cette visite co\u00efncide avec la pr\u00e9sence, au port de La Goulette \u00e0 Tunis, de la fr\u00e9gate Federico Martinengo, une unit\u00e9 FREMM de la Marine italienne. La Martinengo est le septi\u00e8me navire FREMM italien et le troisi\u00e8me en configuration polyvalente.<\/p>\n\n\n\n<p>Selon la fiche technique officielle de la Marine italienne, elle a \u00e9t\u00e9 lanc\u00e9e en 2017 et poss\u00e8de des capacit\u00e9s antia\u00e9riennes, antinavires et multir\u00f4les, avec la possibilit\u00e9 d\u2019embarquer des h\u00e9licopt\u00e8res Sh90, NH90 ou EH101.<\/p>\n\n\n\n<p class=\"has-text-align-right\"><strong>I. B. <\/strong>(avec <a href=\"https:\/\/www.ansa.it\/ansamed\/it\/notizie\/rubriche\/nazioni\/2026\/04\/30\/italia-e-tunisia-verso-una-cooperazione-navale-rafforzata_9622a139-6ee3-492b-87a3-4401aa049235.html\" target=\"_blank\" rel=\"noreferrer noopener\">Ansamed<\/a>).<\/p>\n","protected":false},"excerpt":{"rendered":"<p>Le ministre de la D\u00e9fense Khaled Sehili s&rsquo;est f\u00e9licit\u00e9 du niveau de coordination entre les marines tunisiennes et italiennes.<\/p>\n","protected":false},"author":8,"featured_media":18717666,"comment_status":"open","ping_status":"open","sticky":false,"template":"","format":"standard","meta":{"footnotes":""},"categories":[997,2433],"tags":[125849,128117,117706,124220,22679,103505],"class_list":["post-18717642","post","type-post","status-publish","format-standard","has-post-thumbnail","hentry","category-politique","category-tunisie","tag-el-mahdeth","tag-giuseppe-berutti-bergotto","tag-khaled-sehili","tag-marine-italienne","tag-marine-tunisienne","tag-rjim-maatoug"],"yoast_head":"<!-- This site is optimized with the Yoast SEO plugin v26.6 - https:\/\/yoast.com\/wordpress\/plugins\/seo\/ -->\n<title>L\u2019Italie et la Tunisie renforcent leur coop\u00e9ration navale - Kapitalis<\/title>\n<meta name=\"description\" content=\"Le ministre de la D\u00e9fense Khaled Sehili s&#039;est f\u00e9licit\u00e9 du niveau de coordination entre les marines tunisiennes et italiennes.\" \/>\n<meta name=\"robots\" content=\"index, follow, max-snippet:-1, max-image-preview:large, max-video-preview:-1\" \/>\n<link rel=\"canonical\" href=\"https:\/\/kapitalis.com\/tunisie\/2026\/05\/01\/litalie-et-la-tunisie-renforcent-leur-cooperation-navale\/\" \/>\n<meta property=\"og:locale\" content=\"fr_FR\" \/>\n<meta property=\"og:type\" content=\"article\" \/>\n<meta property=\"og:title\" content=\"L\u2019Italie et la Tunisie renforcent leur coop\u00e9ration navale - Kapitalis\" \/>\n<meta property=\"og:description\" content=\"Le ministre de la D\u00e9fense Khaled Sehili s&#039;est f\u00e9licit\u00e9 du niveau de coordination entre les marines tunisiennes et italiennes.\" \/>\n<meta property=\"og:url\" content=\"https:\/\/kapitalis.com\/tunisie\/2026\/05\/01\/litalie-et-la-tunisie-renforcent-leur-cooperation-navale\/\" \/>\n<meta property=\"og:site_name\" content=\"Kapitalis\" \/>\n<meta property=\"article:publisher\" content=\"https:\/\/www.facebook.com\/KapitalisInfo\/\" \/>\n<meta property=\"article:published_time\" content=\"2026-05-01T09:31:30+00:00\" \/>\n<meta property=\"article:modified_time\" content=\"2026-05-01T09:31:31+00:00\" \/>\n<meta property=\"og:image\" content=\"https:\/\/kapitalis.com\/tunisie\/wp-content\/uploads\/2026\/05\/Khaled-Sehili-Marine-Italienne.jpg\" \/>\n\t<meta property=\"og:image:width\" content=\"1200\" \/>\n\t<meta property=\"og:image:height\" content=\"630\" \/>\n\t<meta property=\"og:image:type\" content=\"image\/jpeg\" \/>\n<meta name=\"author\" content=\"webmaster kapitalis\" \/>\n<meta name=\"twitter:card\" content=\"summary_large_image\" \/>\n<meta name=\"twitter:creator\" content=\"@KapitalisInfo\" \/>\n<meta name=\"twitter:site\" content=\"@KapitalisInfo\" \/>\n<meta name=\"twitter:label1\" content=\"\u00c9crit par\" \/>\n\t<meta name=\"twitter:data1\" content=\"webmaster kapitalis\" \/>\n\t<meta name=\"twitter:label2\" content=\"Dur\u00e9e de lecture estim\u00e9e\" \/>\n\t<meta name=\"twitter:data2\" content=\"3 minutes\" \/>\n<script type=\"application\/ld+json\" class=\"yoast-schema-graph\">{\"@context\":\"https:\/\/schema.org\",\"@graph\":[{\"@type\":\"Article\",\"@id\":\"https:\/\/kapitalis.com\/tunisie\/2026\/05\/01\/litalie-et-la-tunisie-renforcent-leur-cooperation-navale\/#article\",\"isPartOf\":{\"@id\":\"https:\/\/kapitalis.com\/tunisie\/2026\/05\/01\/litalie-et-la-tunisie-renforcent-leur-cooperation-navale\/\"},\"author\":{\"name\":\"webmaster kapitalis\",\"@id\":\"https:\/\/kapitalis.com\/tunisie\/#\/schema\/person\/d71f33a9ca44f7bad4698210b480c8e9\"},\"headline\":\"L\u2019Italie et la Tunisie renforcent leur coop\u00e9ration navale\",\"datePublished\":\"2026-05-01T09:31:30+00:00\",\"dateModified\":\"2026-05-01T09:31:31+00:00\",\"mainEntityOfPage\":{\"@id\":\"https:\/\/kapitalis.com\/tunisie\/2026\/05\/01\/litalie-et-la-tunisie-renforcent-leur-cooperation-navale\/\"},\"wordCount\":488,\"commentCount\":0,\"publisher\":{\"@id\":\"https:\/\/kapitalis.com\/tunisie\/#organization\"},\"image\":{\"@id\":\"https:\/\/kapitalis.com\/tunisie\/2026\/05\/01\/litalie-et-la-tunisie-renforcent-leur-cooperation-navale\/#primaryimage\"},\"thumbnailUrl\":\"https:\/\/kapitalis.com\/tunisie\/wp-content\/uploads\/2026\/05\/Khaled-Sehili-Marine-Italienne.jpg\",\"keywords\":[\"El Mahdeth\",\"Giuseppe Berutti Bergotto\",\"Khaled Sehili\",\"marine italienne\",\"marine tunisienne\",\"Rjim Maatoug\"],\"articleSection\":[\"POLITIQUE\",\"Tunisie\"],\"inLanguage\":\"fr-FR\",\"potentialAction\":[{\"@type\":\"CommentAction\",\"name\":\"Comment\",\"target\":[\"https:\/\/kapitalis.com\/tunisie\/2026\/05\/01\/litalie-et-la-tunisie-renforcent-leur-cooperation-navale\/#respond\"]}]},{\"@type\":\"WebPage\",\"@id\":\"https:\/\/kapitalis.com\/tunisie\/2026\/05\/01\/litalie-et-la-tunisie-renforcent-leur-cooperation-navale\/\",\"url\":\"https:\/\/kapitalis.com\/tunisie\/2026\/05\/01\/litalie-et-la-tunisie-renforcent-leur-cooperation-navale\/\",\"name\":\"L\u2019Italie et la Tunisie renforcent leur coop\u00e9ration navale - Kapitalis\",\"isPartOf\":{\"@id\":\"https:\/\/kapitalis.com\/tunisie\/#website\"},\"primaryImageOfPage\":{\"@id\":\"https:\/\/kapitalis.com\/tunisie\/2026\/05\/01\/litalie-et-la-tunisie-renforcent-leur-cooperation-navale\/#primaryimage\"},\"image\":{\"@id\":\"https:\/\/kapitalis.com\/tunisie\/2026\/05\/01\/litalie-et-la-tunisie-renforcent-leur-cooperation-navale\/#primaryimage\"},\"thumbnailUrl\":\"https:\/\/kapitalis.com\/tunisie\/wp-content\/uploads\/2026\/05\/Khaled-Sehili-Marine-Italienne.jpg\",\"datePublished\":\"2026-05-01T09:31:30+00:00\",\"dateModified\":\"2026-05-01T09:31:31+00:00\",\"description\":\"Le ministre de la D\u00e9fense Khaled Sehili s'est f\u00e9licit\u00e9 du niveau de coordination entre les marines tunisiennes et italiennes.\",\"breadcrumb\":{\"@id\":\"https:\/\/kapitalis.com\/tunisie\/2026\/05\/01\/litalie-et-la-tunisie-renforcent-leur-cooperation-navale\/#breadcrumb\"},\"inLanguage\":\"fr-FR\",\"potentialAction\":[{\"@type\":\"ReadAction\",\"target\":[\"https:\/\/kapitalis.com\/tunisie\/2026\/05\/01\/litalie-et-la-tunisie-renforcent-leur-cooperation-navale\/\"]}]},{\"@type\":\"ImageObject\",\"inLanguage\":\"fr-FR\",\"@id\":\"https:\/\/kapitalis.com\/tunisie\/2026\/05\/01\/litalie-et-la-tunisie-renforcent-leur-cooperation-navale\/#primaryimage\",\"url\":\"https:\/\/kapitalis.com\/tunisie\/wp-content\/uploads\/2026\/05\/Khaled-Sehili-Marine-Italienne.jpg\",\"contentUrl\":\"https:\/\/kapitalis.com\/tunisie\/wp-content\/uploads\/2026\/05\/Khaled-Sehili-Marine-Italienne.jpg\",\"width\":1200,\"height\":630},{\"@type\":\"BreadcrumbList\",\"@id\":\"https:\/\/kapitalis.com\/tunisie\/2026\/05\/01\/litalie-et-la-tunisie-renforcent-leur-cooperation-navale\/#breadcrumb\",\"itemListElement\":[{\"@type\":\"ListItem\",\"position\":1,\"name\":\"Accueil\",\"item\":\"https:\/\/kapitalis.com\/tunisie\/\"},{\"@type\":\"ListItem\",\"position\":2,\"name\":\"L\u2019Italie et la Tunisie renforcent leur coop\u00e9ration navale\"}]},{\"@type\":\"WebSite\",\"@id\":\"https:\/\/kapitalis.com\/tunisie\/#website\",\"url\":\"https:\/\/kapitalis.com\/tunisie\/\",\"name\":\"Kapitalis\",\"description\":\"L&#039;actualit\u00e9 en Tunisie et dans le monde\",\"publisher\":{\"@id\":\"https:\/\/kapitalis.com\/tunisie\/#organization\"},\"potentialAction\":[{\"@type\":\"SearchAction\",\"target\":{\"@type\":\"EntryPoint\",\"urlTemplate\":\"https:\/\/kapitalis.com\/tunisie\/?s={search_term_string}\"},\"query-input\":{\"@type\":\"PropertyValueSpecification\",\"valueRequired\":true,\"valueName\":\"search_term_string\"}}],\"inLanguage\":\"fr-FR\"},{\"@type\":\"Organization\",\"@id\":\"https:\/\/kapitalis.com\/tunisie\/#organization\",\"name\":\"Kapitalis\",\"url\":\"https:\/\/kapitalis.com\/tunisie\/\",\"logo\":{\"@type\":\"ImageObject\",\"inLanguage\":\"fr-FR\",\"@id\":\"https:\/\/kapitalis.com\/tunisie\/#\/schema\/logo\/image\/\",\"url\":\"https:\/\/kapitalis.com\/tunisie\/wp-content\/uploads\/2022\/05\/Kapitalis-big-size.png\",\"contentUrl\":\"https:\/\/kapitalis.com\/tunisie\/wp-content\/uploads\/2022\/05\/Kapitalis-big-size.png\",\"width\":5000,\"height\":1500,\"caption\":\"Kapitalis\"},\"image\":{\"@id\":\"https:\/\/kapitalis.com\/tunisie\/#\/schema\/logo\/image\/\"},\"sameAs\":[\"https:\/\/www.facebook.com\/KapitalisInfo\/\",\"https:\/\/x.com\/KapitalisInfo\",\"https:\/\/www.youtube.com\/channel\/UC-yDYrHyfFBWWZaOw3FPg9Q\"]},{\"@type\":\"Person\",\"@id\":\"https:\/\/kapitalis.com\/tunisie\/#\/schema\/person\/d71f33a9ca44f7bad4698210b480c8e9\",\"name\":\"webmaster kapitalis\",\"url\":\"https:\/\/kapitalis.com\/tunisie\/author\/webmaster-kapitalis\/\"}]}<\/script>\n<!-- \/ Yoast SEO plugin. -->","yoast_head_json":{"title":"L\u2019Italie et la Tunisie renforcent leur coop\u00e9ration navale - Kapitalis","description":"Le ministre de la D\u00e9fense Khaled Sehili s'est f\u00e9licit\u00e9 du niveau de coordination entre les marines tunisiennes et italiennes.","robots":{"index":"index","follow":"follow","max-snippet":"max-snippet:-1","max-image-preview":"max-image-preview:large","max-video-preview":"max-video-preview:-1"},"canonical":"https:\/\/kapitalis.com\/tunisie\/2026\/05\/01\/litalie-et-la-tunisie-renforcent-leur-cooperation-navale\/","og_locale":"fr_FR","og_type":"article","og_title":"L\u2019Italie et la Tunisie renforcent leur coop\u00e9ration navale - Kapitalis","og_description":"Le ministre de la D\u00e9fense Khaled Sehili s'est f\u00e9licit\u00e9 du niveau de coordination entre les marines tunisiennes et italiennes.","og_url":"https:\/\/kapitalis.com\/tunisie\/2026\/05\/01\/litalie-et-la-tunisie-renforcent-leur-cooperation-navale\/","og_site_name":"Kapitalis","article_publisher":"https:\/\/www.facebook.com\/KapitalisInfo\/","article_published_time":"2026-05-01T09:31:30+00:00","article_modified_time":"2026-05-01T09:31:31+00:00","og_image":[{"width":1200,"height":630,"url":"https:\/\/kapitalis.com\/tunisie\/wp-content\/uploads\/2026\/05\/Khaled-Sehili-Marine-Italienne.jpg","type":"image\/jpeg"}],"author":"webmaster kapitalis","twitter_card":"summary_large_image","twitter_creator":"@KapitalisInfo","twitter_site":"@KapitalisInfo","twitter_misc":{"\u00c9crit par":"webmaster kapitalis","Dur\u00e9e de lecture estim\u00e9e":"3 minutes"},"schema":{"@context":"https:\/\/schema.org","@graph":[{"@type":"Article","@id":"https:\/\/kapitalis.com\/tunisie\/2026\/05\/01\/litalie-et-la-tunisie-renforcent-leur-cooperation-navale\/#article","isPartOf":{"@id":"https:\/\/kapitalis.com\/tunisie\/2026\/05\/01\/litalie-et-la-tunisie-renforcent-leur-cooperation-navale\/"},"author":{"name":"webmaster kapitalis","@id":"https:\/\/kapitalis.com\/tunisie\/#\/schema\/person\/d71f33a9ca44f7bad4698210b480c8e9"},"headline":"L\u2019Italie et la Tunisie renforcent leur coop\u00e9ration navale","datePublished":"2026-05-01T09:31:30+00:00","dateModified":"2026-05-01T09:31:31+00:00","mainEntityOfPage":{"@id":"https:\/\/kapitalis.com\/tunisie\/2026\/05\/01\/litalie-et-la-tunisie-renforcent-leur-cooperation-navale\/"},"wordCount":488,"commentCount":0,"publisher":{"@id":"https:\/\/kapitalis.com\/tunisie\/#organization"},"image":{"@id":"https:\/\/kapitalis.com\/tunisie\/2026\/05\/01\/litalie-et-la-tunisie-renforcent-leur-cooperation-navale\/#primaryimage"},"thumbnailUrl":"https:\/\/kapitalis.com\/tunisie\/wp-content\/uploads\/2026\/05\/Khaled-Sehili-Marine-Italienne.jpg","keywords":["El Mahdeth","Giuseppe Berutti Bergotto","Khaled Sehili","marine italienne","marine tunisienne","Rjim Maatoug"],"articleSection":["POLITIQUE","Tunisie"],"inLanguage":"fr-FR","potentialAction":[{"@type":"CommentAction","name":"Comment","target":["https:\/\/kapitalis.com\/tunisie\/2026\/05\/01\/litalie-et-la-tunisie-renforcent-leur-cooperation-navale\/#respond"]}]},{"@type":"WebPage","@id":"https:\/\/kapitalis.com\/tunisie\/2026\/05\/01\/litalie-et-la-tunisie-renforcent-leur-cooperation-navale\/","url":"https:\/\/kapitalis.com\/tunisie\/2026\/05\/01\/litalie-et-la-tunisie-renforcent-leur-cooperation-navale\/","name":"L\u2019Italie et la Tunisie renforcent leur coop\u00e9ration navale - Kapitalis","isPartOf":{"@id":"https:\/\/kapitalis.com\/tunisie\/#website"},"primaryImageOfPage":{"@id":"https:\/\/kapitalis.com\/tunisie\/2026\/05\/01\/litalie-et-la-tunisie-renforcent-leur-cooperation-navale\/#primaryimage"},"image":{"@id":"https:\/\/kapitalis.com\/tunisie\/2026\/05\/01\/litalie-et-la-tunisie-renforcent-leur-cooperation-navale\/#primaryimage"},"thumbnailUrl":"https:\/\/kapitalis.com\/tunisie\/wp-content\/uploads\/2026\/05\/Khaled-Sehili-Marine-Italienne.jpg","datePublished":"2026-05-01T09:31:30+00:00","dateModified":"2026-05-01T09:31:31+00:00","description":"Le ministre de la D\u00e9fense Khaled Sehili s'est f\u00e9licit\u00e9 du niveau de coordination entre les marines tunisiennes et italiennes.","breadcrumb":{"@id":"https:\/\/kapitalis.com\/tunisie\/2026\/05\/01\/litalie-et-la-tunisie-renforcent-leur-cooperation-navale\/#breadcrumb"},"inLanguage":"fr-FR","potentialAction":[{"@type":"ReadAction","target":["https:\/\/kapitalis.com\/tunisie\/2026\/05\/01\/litalie-et-la-tunisie-renforcent-leur-cooperation-navale\/"]}]},{"@type":"ImageObject","inLanguage":"fr-FR","@id":"https:\/\/kapitalis.com\/tunisie\/2026\/05\/01\/litalie-et-la-tunisie-renforcent-leur-cooperation-navale\/#primaryimage","url":"https:\/\/kapitalis.com\/tunisie\/wp-content\/uploads\/2026\/05\/Khaled-Sehili-Marine-Italienne.jpg","contentUrl":"https:\/\/kapitalis.com\/tunisie\/wp-content\/uploads\/2026\/05\/Khaled-Sehili-Marine-Italienne.jpg","width":1200,"height":630},{"@type":"BreadcrumbList","@id":"https:\/\/kapitalis.com\/tunisie\/2026\/05\/01\/litalie-et-la-tunisie-renforcent-leur-cooperation-navale\/#breadcrumb","itemListElement":[{"@type":"ListItem","position":1,"name":"Accueil","item":"https:\/\/kapitalis.com\/tunisie\/"},{"@type":"ListItem","position":2,"name":"L\u2019Italie et la Tunisie renforcent leur coop\u00e9ration navale"}]},{"@type":"WebSite","@id":"https:\/\/kapitalis.com\/tunisie\/#website","url":"https:\/\/kapitalis.com\/tunisie\/","name":"Kapitalis","description":"L&#039;actualit\u00e9 en Tunisie et dans le monde","publisher":{"@id":"https:\/\/kapitalis.com\/tunisie\/#organization"},"potentialAction":[{"@type":"SearchAction","target":{"@type":"EntryPoint","urlTemplate":"https:\/\/kapitalis.com\/tunisie\/?s={search_term_string}"},"query-input":{"@type":"PropertyValueSpecification","valueRequired":true,"valueName":"search_term_string"}}],"inLanguage":"fr-FR"},{"@type":"Organization","@id":"https:\/\/kapitalis.com\/tunisie\/#organization","name":"Kapitalis","url":"https:\/\/kapitalis.com\/tunisie\/","logo":{"@type":"ImageObject","inLanguage":"fr-FR","@id":"https:\/\/kapitalis.com\/tunisie\/#\/schema\/logo\/image\/","url":"https:\/\/kapitalis.com\/tunisie\/wp-content\/uploads\/2022\/05\/Kapitalis-big-size.png","contentUrl":"https:\/\/kapitalis.com\/tunisie\/wp-content\/uploads\/2022\/05\/Kapitalis-big-size.png","width":5000,"height":1500,"caption":"Kapitalis"},"image":{"@id":"https:\/\/kapitalis.com\/tunisie\/#\/schema\/logo\/image\/"},"sameAs":["https:\/\/www.facebook.com\/KapitalisInfo\/","https:\/\/x.com\/KapitalisInfo","https:\/\/www.youtube.com\/channel\/UC-yDYrHyfFBWWZaOw3FPg9Q"]},{"@type":"Person","@id":"https:\/\/kapitalis.com\/tunisie\/#\/schema\/person\/d71f33a9ca44f7bad4698210b480c8e9","name":"webmaster kapitalis","url":"https:\/\/kapitalis.com\/tunisie\/author\/webmaster-kapitalis\/"}]}},"_links":{"self":[{"href":"https:\/\/kapitalis.com\/tunisie\/wp-json\/wp\/v2\/posts\/18717642","targetHints":{"allow":["GET"]}}],"collection":[{"href":"https:\/\/kapitalis.com\/tunisie\/wp-json\/wp\/v2\/posts"}],"about":[{"href":"https:\/\/kapitalis.com\/tunisie\/wp-json\/wp\/v2\/types\/post"}],"author":[{"embeddable":true,"href":"https:\/\/kapitalis.com\/tunisie\/wp-json\/wp\/v2\/users\/8"}],"replies":[{"embeddable":true,"href":"https:\/\/kapitalis.com\/tunisie\/wp-json\/wp\/v2\/comments?post=18717642"}],"version-history":[{"count":1,"href":"https:\/\/kapitalis.com\/tunisie\/wp-json\/wp\/v2\/posts\/18717642\/revisions"}],"predecessor-version":[{"id":18717669,"href":"https:\/\/kapitalis.com\/tunisie\/wp-json\/wp\/v2\/posts\/18717642\/revisions\/18717669"}],"wp:featuredmedia":[{"embeddable":true,"href":"https:\/\/kapitalis.com\/tunisie\/wp-json\/wp\/v2\/media\/18717666"}],"wp:attachment":[{"href":"https:\/\/kapitalis.com\/tunisie\/wp-json\/wp\/v2\/media?parent=18717642"}],"wp:term":[{"taxonomy":"category","embeddable":true,"href":"https:\/\/kapitalis.com\/tunisie\/wp-json\/wp\/v2\/categories?post=18717642"},{"taxonomy":"post_tag","embeddable":true,"href":"https:\/\/kapitalis.com\/tunisie\/wp-json\/wp\/v2\/tags?post=18717642"}],"curies":[{"name":"wp","href":"https:\/\/api.w.org\/{rel}","templated":true}]}}