{"id":18718235,"date":"2026-05-01T12:45:10","date_gmt":"2026-05-01T11:45:10","guid":{"rendered":"https:\/\/kapitalis.com\/tunisie\/?p=18718235"},"modified":"2026-05-01T12:58:09","modified_gmt":"2026-05-01T11:58:09","slug":"selmi-reaffirme-le-role-de-lugtt-dans-la-defense-des-interets-des-travailleurs","status":"publish","type":"post","link":"https:\/\/kapitalis.com\/tunisie\/2026\/05\/01\/selmi-reaffirme-le-role-de-lugtt-dans-la-defense-des-interets-des-travailleurs\/","title":{"rendered":"Selmi r\u00e9affirme le r\u00f4le de l\u2019UGTT dans la d\u00e9fense des travailleurs"},"content":{"rendered":"\n<p><strong><em>Dans un discours prononc\u00e9 le 1er mai 2026, \u00e0 l\u2019occasion de la Journ\u00e9e internationale des travailleurs, le secr\u00e9taire g\u00e9n\u00e9ral de l\u2019Union g\u00e9n\u00e9rale tunisienne du travail (UGTT), Slaheddine Selmi, a affirm\u00e9 que cette date co\u00efncidait avec le d\u00e9but d\u2019un nouveau mandat, qui a d\u00e9but\u00e9 \u00e0 la suite du 26<sup>e<\/sup> Congr\u00e8s de la centrale syndicale, tenu fin mars \u00e0 Monastir.<\/em><\/strong>  <strong><em>Il a \u00e9galement soulign\u00e9 l\u2019importance de renforcer l\u2019ind\u00e9pendance financi\u00e8re du syndicat afin d\u2019assurer la continuit\u00e9 de ses activit\u00e9s et le versement des salaires de ses employ\u00e9s, en toute ind\u00e9pendance administrative et financi\u00e8re.<\/em><\/strong><\/p>\n\n\n\n<p><strong>Latif Belhedi <\/strong><\/p>\n\n\n\n<!--more-->\n\n\n\n<p>M. Selmi a remerci\u00e9 les d\u00e9l\u00e9gu\u00e9s du Congr\u00e8s pour la confiance qu\u2019ils lui ont t\u00e9moign\u00e9e, estimant que l\u2019\u00e9lection d\u2019une nouvelle direction renforce la tradition de rotation au sein de l\u2019UGTT et redonne espoir en l\u2019avenir de l\u2019action syndicale dans le pays.<\/p>\n\n\n\n<p>Tout en exprimant l\u2019espoir que la F\u00eate des travailleurs de cette ann\u00e9e marque le d\u00e9but d\u2019une nouvelle \u00e8re, caract\u00e9ris\u00e9e par la solidarit\u00e9 et la r\u00e9conciliation entre les diff\u00e9rentes composantes de l\u2019UGTT, ainsi qu\u2019entre les diff\u00e9rentes g\u00e9n\u00e9rations de membres, les structures organisationnelles et les militants de base, M. Selmi a appel\u00e9 \u00e0 d\u00e9passer les diff\u00e9rends pass\u00e9s et \u00e0 tourner la page des rivalit\u00e9s \u00e9triqu\u00e9es et des exclusions.<\/p>\n\n\n\n<p>Cette r\u00e9conciliation, recommand\u00e9e par le dernier congr\u00e8s, devait \u00eatre globale et inclusive, englobant tous ceux qui adh\u00e8rent aux principes et aux valeurs fondamentales du syndicat, a indiqu\u00e9 le SG de l\u2019UGTT, tout en soulignant son engagement \u00e0 mettre en \u0153uvre au plus vite cette r\u00e9conciliation.<\/p>\n\n\n\n<p>Le syndicat n\u2019a jamais cherch\u00e9 \u00e0 conqu\u00e9rir le pouvoir, qui demeure du ressort des partis et des acteurs politiques, a assur\u00e9 M. Selmi, en r\u00e9ponse \u00e0 aux critiques souvent lanc\u00e9es par les adversaires de l\u2019organisation, lui reprochant de trop s\u2019immiscer dans les affaires politiques du pays. Il a cependant soulign\u00e9 le r\u00f4le de l\u2019UGTT en tant que partenaire social, tel que garanti par la Constitution et la loi, et rejet\u00e9 les tentatives visant \u00e0 restreindre ce r\u00f4le ou \u00e0 emp\u00eacher l&rsquo;organisation de d\u00e9fendre les int\u00e9r\u00eats des travailleurs.<\/p>\n\n\n\n<p>M. Selmi a \u00e9galement insist\u00e9 sur le fait que le syndicat continuera d\u2019exprimer son point de vue sur les diff\u00e9rentes politiques ayant un impact \u00e9conomique et social, d\u2019une mani\u00e8re qui serve les int\u00e9r\u00eats de ses membres en particulier et r\u00e9ponde aux aspirations du grand public en g\u00e9n\u00e9ral.<\/p>\n\n\n\n<p>Concernant la volont\u00e9 de renouer le dialogue rompu avec les autorit\u00e9s, M. Selmi a ni\u00e9 que les appels en ce sens soient li\u00e9s \u00e0 une tentative de r\u00e9tablir le syst\u00e8me de retenue sur les salaires des travailleurs pour payer les cotisations syndicales, en vigueur depuis des d\u00e9cennies et auquel l\u2019Etat a r\u00e9cemment mis en fin, tout en exhortant les instances de l\u2019organisation \u00e0 compter davantage sur leurs propres ressources pour g\u00e9rer leurs affaires, gr\u00e2ce notamment \u00e0 la collecte des cotisations et au d\u00e9veloppement des ressources.<\/p>\n\n\n\n<p>Le SG de l\u2019UGTT a \u00e9galement soulign\u00e9 l\u2019importance de renforcer l\u2019ind\u00e9pendance financi\u00e8re du syndicat afin d\u2019assurer la continuit\u00e9 de ses activit\u00e9s et le versement des salaires de ses employ\u00e9s, en toute ind\u00e9pendance administrative et financi\u00e8re.<\/p>\n","protected":false},"excerpt":{"rendered":"<p>Slaheddine Selmi rejette les tentatives visant \u00e0 restreindre le r\u00f4le de l&rsquo;UGTT ou \u00e0 l&#8217;emp\u00eacher de d\u00e9fendre les int\u00e9r\u00eats des travailleurs.<\/p>\n","protected":false},"author":8,"featured_media":18651272,"comment_status":"open","ping_status":"open","sticky":false,"template":"","format":"standard","meta":{"footnotes":""},"categories":[992,997,998,2433],"tags":[108235,633,87588,2420,936],"class_list":["post-18718235","post","type-post","status-publish","format-standard","has-post-thumbnail","hentry","category-a-la-une","category-politique","category-societe","category-tunisie","tag-1er-mai","tag-monastir","tag-slaheddine-selmi","tag-travail","tag-ugtt"],"yoast_head":"<!-- This site is optimized with the Yoast SEO plugin v26.6 - https:\/\/yoast.com\/wordpress\/plugins\/seo\/ -->\n<title>Selmi r\u00e9affirme le r\u00f4le de l\u2019UGTT dans la d\u00e9fense des travailleurs - Kapitalis<\/title>\n<meta name=\"description\" content=\"Slaheddine Selmi rejette les tentatives visant \u00e0 restreindre le r\u00f4le de l&#039;UGTT ou \u00e0 l&#039;emp\u00eacher de d\u00e9fendre les int\u00e9r\u00eats des travailleurs.\" \/>\n<meta name=\"robots\" content=\"index, follow, max-snippet:-1, max-image-preview:large, max-video-preview:-1\" \/>\n<link rel=\"canonical\" href=\"https:\/\/kapitalis.com\/tunisie\/2026\/05\/01\/selmi-reaffirme-le-role-de-lugtt-dans-la-defense-des-interets-des-travailleurs\/\" \/>\n<meta property=\"og:locale\" content=\"fr_FR\" \/>\n<meta property=\"og:type\" content=\"article\" \/>\n<meta property=\"og:title\" content=\"Selmi r\u00e9affirme le r\u00f4le de l\u2019UGTT dans la d\u00e9fense des travailleurs - Kapitalis\" \/>\n<meta property=\"og:description\" content=\"Slaheddine Selmi rejette les tentatives visant \u00e0 restreindre le r\u00f4le de l&#039;UGTT ou \u00e0 l&#039;emp\u00eacher de d\u00e9fendre les int\u00e9r\u00eats des travailleurs.\" \/>\n<meta property=\"og:url\" content=\"https:\/\/kapitalis.com\/tunisie\/2026\/05\/01\/selmi-reaffirme-le-role-de-lugtt-dans-la-defense-des-interets-des-travailleurs\/\" \/>\n<meta property=\"og:site_name\" content=\"Kapitalis\" \/>\n<meta property=\"article:publisher\" content=\"https:\/\/www.facebook.com\/KapitalisInfo\/\" \/>\n<meta property=\"article:published_time\" content=\"2026-05-01T11:45:10+00:00\" \/>\n<meta property=\"article:modified_time\" content=\"2026-05-01T11:58:09+00:00\" \/>\n<meta property=\"og:image\" content=\"https:\/\/kapitalis.com\/tunisie\/wp-content\/uploads\/2026\/04\/Slaheddine-Selmi-SG-UGTT.jpg\" \/>\n\t<meta property=\"og:image:width\" content=\"1200\" \/>\n\t<meta property=\"og:image:height\" content=\"630\" \/>\n\t<meta property=\"og:image:type\" content=\"image\/jpeg\" \/>\n<meta name=\"author\" content=\"webmaster kapitalis\" \/>\n<meta name=\"twitter:card\" content=\"summary_large_image\" \/>\n<meta name=\"twitter:creator\" content=\"@KapitalisInfo\" \/>\n<meta name=\"twitter:site\" content=\"@KapitalisInfo\" \/>\n<meta name=\"twitter:label1\" content=\"\u00c9crit par\" \/>\n\t<meta name=\"twitter:data1\" content=\"webmaster kapitalis\" \/>\n\t<meta name=\"twitter:label2\" content=\"Dur\u00e9e de lecture estim\u00e9e\" \/>\n\t<meta name=\"twitter:data2\" content=\"3 minutes\" \/>\n<script type=\"application\/ld+json\" class=\"yoast-schema-graph\">{\"@context\":\"https:\/\/schema.org\",\"@graph\":[{\"@type\":\"Article\",\"@id\":\"https:\/\/kapitalis.com\/tunisie\/2026\/05\/01\/selmi-reaffirme-le-role-de-lugtt-dans-la-defense-des-interets-des-travailleurs\/#article\",\"isPartOf\":{\"@id\":\"https:\/\/kapitalis.com\/tunisie\/2026\/05\/01\/selmi-reaffirme-le-role-de-lugtt-dans-la-defense-des-interets-des-travailleurs\/\"},\"author\":{\"name\":\"webmaster kapitalis\",\"@id\":\"https:\/\/kapitalis.com\/tunisie\/#\/schema\/person\/d71f33a9ca44f7bad4698210b480c8e9\"},\"headline\":\"Selmi r\u00e9affirme le r\u00f4le de l\u2019UGTT dans la d\u00e9fense des travailleurs\",\"datePublished\":\"2026-05-01T11:45:10+00:00\",\"dateModified\":\"2026-05-01T11:58:09+00:00\",\"mainEntityOfPage\":{\"@id\":\"https:\/\/kapitalis.com\/tunisie\/2026\/05\/01\/selmi-reaffirme-le-role-de-lugtt-dans-la-defense-des-interets-des-travailleurs\/\"},\"wordCount\":601,\"commentCount\":0,\"publisher\":{\"@id\":\"https:\/\/kapitalis.com\/tunisie\/#organization\"},\"image\":{\"@id\":\"https:\/\/kapitalis.com\/tunisie\/2026\/05\/01\/selmi-reaffirme-le-role-de-lugtt-dans-la-defense-des-interets-des-travailleurs\/#primaryimage\"},\"thumbnailUrl\":\"https:\/\/kapitalis.com\/tunisie\/wp-content\/uploads\/2026\/04\/Slaheddine-Selmi-SG-UGTT.jpg\",\"keywords\":[\"1er mai\",\"Monastir\",\"Slaheddine Selmi\",\"travail\",\"UGTT\"],\"articleSection\":[\"A LA UNE\",\"POLITIQUE\",\"SOCIETE\",\"Tunisie\"],\"inLanguage\":\"fr-FR\",\"potentialAction\":[{\"@type\":\"CommentAction\",\"name\":\"Comment\",\"target\":[\"https:\/\/kapitalis.com\/tunisie\/2026\/05\/01\/selmi-reaffirme-le-role-de-lugtt-dans-la-defense-des-interets-des-travailleurs\/#respond\"]}]},{\"@type\":\"WebPage\",\"@id\":\"https:\/\/kapitalis.com\/tunisie\/2026\/05\/01\/selmi-reaffirme-le-role-de-lugtt-dans-la-defense-des-interets-des-travailleurs\/\",\"url\":\"https:\/\/kapitalis.com\/tunisie\/2026\/05\/01\/selmi-reaffirme-le-role-de-lugtt-dans-la-defense-des-interets-des-travailleurs\/\",\"name\":\"Selmi r\u00e9affirme le r\u00f4le de l\u2019UGTT dans la d\u00e9fense des travailleurs - Kapitalis\",\"isPartOf\":{\"@id\":\"https:\/\/kapitalis.com\/tunisie\/#website\"},\"primaryImageOfPage\":{\"@id\":\"https:\/\/kapitalis.com\/tunisie\/2026\/05\/01\/selmi-reaffirme-le-role-de-lugtt-dans-la-defense-des-interets-des-travailleurs\/#primaryimage\"},\"image\":{\"@id\":\"https:\/\/kapitalis.com\/tunisie\/2026\/05\/01\/selmi-reaffirme-le-role-de-lugtt-dans-la-defense-des-interets-des-travailleurs\/#primaryimage\"},\"thumbnailUrl\":\"https:\/\/kapitalis.com\/tunisie\/wp-content\/uploads\/2026\/04\/Slaheddine-Selmi-SG-UGTT.jpg\",\"datePublished\":\"2026-05-01T11:45:10+00:00\",\"dateModified\":\"2026-05-01T11:58:09+00:00\",\"description\":\"Slaheddine Selmi rejette les tentatives visant \u00e0 restreindre le r\u00f4le de l'UGTT ou \u00e0 l'emp\u00eacher de d\u00e9fendre les int\u00e9r\u00eats des travailleurs.\",\"breadcrumb\":{\"@id\":\"https:\/\/kapitalis.com\/tunisie\/2026\/05\/01\/selmi-reaffirme-le-role-de-lugtt-dans-la-defense-des-interets-des-travailleurs\/#breadcrumb\"},\"inLanguage\":\"fr-FR\",\"potentialAction\":[{\"@type\":\"ReadAction\",\"target\":[\"https:\/\/kapitalis.com\/tunisie\/2026\/05\/01\/selmi-reaffirme-le-role-de-lugtt-dans-la-defense-des-interets-des-travailleurs\/\"]}]},{\"@type\":\"ImageObject\",\"inLanguage\":\"fr-FR\",\"@id\":\"https:\/\/kapitalis.com\/tunisie\/2026\/05\/01\/selmi-reaffirme-le-role-de-lugtt-dans-la-defense-des-interets-des-travailleurs\/#primaryimage\",\"url\":\"https:\/\/kapitalis.com\/tunisie\/wp-content\/uploads\/2026\/04\/Slaheddine-Selmi-SG-UGTT.jpg\",\"contentUrl\":\"https:\/\/kapitalis.com\/tunisie\/wp-content\/uploads\/2026\/04\/Slaheddine-Selmi-SG-UGTT.jpg\",\"width\":1200,\"height\":630},{\"@type\":\"BreadcrumbList\",\"@id\":\"https:\/\/kapitalis.com\/tunisie\/2026\/05\/01\/selmi-reaffirme-le-role-de-lugtt-dans-la-defense-des-interets-des-travailleurs\/#breadcrumb\",\"itemListElement\":[{\"@type\":\"ListItem\",\"position\":1,\"name\":\"Accueil\",\"item\":\"https:\/\/kapitalis.com\/tunisie\/\"},{\"@type\":\"ListItem\",\"position\":2,\"name\":\"Selmi r\u00e9affirme le r\u00f4le de l\u2019UGTT dans la d\u00e9fense des travailleurs\"}]},{\"@type\":\"WebSite\",\"@id\":\"https:\/\/kapitalis.com\/tunisie\/#website\",\"url\":\"https:\/\/kapitalis.com\/tunisie\/\",\"name\":\"Kapitalis\",\"description\":\"L&#039;actualit\u00e9 en Tunisie et dans le monde\",\"publisher\":{\"@id\":\"https:\/\/kapitalis.com\/tunisie\/#organization\"},\"potentialAction\":[{\"@type\":\"SearchAction\",\"target\":{\"@type\":\"EntryPoint\",\"urlTemplate\":\"https:\/\/kapitalis.com\/tunisie\/?s={search_term_string}\"},\"query-input\":{\"@type\":\"PropertyValueSpecification\",\"valueRequired\":true,\"valueName\":\"search_term_string\"}}],\"inLanguage\":\"fr-FR\"},{\"@type\":\"Organization\",\"@id\":\"https:\/\/kapitalis.com\/tunisie\/#organization\",\"name\":\"Kapitalis\",\"url\":\"https:\/\/kapitalis.com\/tunisie\/\",\"logo\":{\"@type\":\"ImageObject\",\"inLanguage\":\"fr-FR\",\"@id\":\"https:\/\/kapitalis.com\/tunisie\/#\/schema\/logo\/image\/\",\"url\":\"https:\/\/kapitalis.com\/tunisie\/wp-content\/uploads\/2022\/05\/Kapitalis-big-size.png\",\"contentUrl\":\"https:\/\/kapitalis.com\/tunisie\/wp-content\/uploads\/2022\/05\/Kapitalis-big-size.png\",\"width\":5000,\"height\":1500,\"caption\":\"Kapitalis\"},\"image\":{\"@id\":\"https:\/\/kapitalis.com\/tunisie\/#\/schema\/logo\/image\/\"},\"sameAs\":[\"https:\/\/www.facebook.com\/KapitalisInfo\/\",\"https:\/\/x.com\/KapitalisInfo\",\"https:\/\/www.youtube.com\/channel\/UC-yDYrHyfFBWWZaOw3FPg9Q\"]},{\"@type\":\"Person\",\"@id\":\"https:\/\/kapitalis.com\/tunisie\/#\/schema\/person\/d71f33a9ca44f7bad4698210b480c8e9\",\"name\":\"webmaster kapitalis\",\"url\":\"https:\/\/kapitalis.com\/tunisie\/author\/webmaster-kapitalis\/\"}]}<\/script>\n<!-- \/ Yoast SEO plugin. -->","yoast_head_json":{"title":"Selmi r\u00e9affirme le r\u00f4le de l\u2019UGTT dans la d\u00e9fense des travailleurs - Kapitalis","description":"Slaheddine Selmi rejette les tentatives visant \u00e0 restreindre le r\u00f4le de l'UGTT ou \u00e0 l'emp\u00eacher de d\u00e9fendre les int\u00e9r\u00eats des travailleurs.","robots":{"index":"index","follow":"follow","max-snippet":"max-snippet:-1","max-image-preview":"max-image-preview:large","max-video-preview":"max-video-preview:-1"},"canonical":"https:\/\/kapitalis.com\/tunisie\/2026\/05\/01\/selmi-reaffirme-le-role-de-lugtt-dans-la-defense-des-interets-des-travailleurs\/","og_locale":"fr_FR","og_type":"article","og_title":"Selmi r\u00e9affirme le r\u00f4le de l\u2019UGTT dans la d\u00e9fense des travailleurs - Kapitalis","og_description":"Slaheddine Selmi rejette les tentatives visant \u00e0 restreindre le r\u00f4le de l'UGTT ou \u00e0 l'emp\u00eacher de d\u00e9fendre les int\u00e9r\u00eats des travailleurs.","og_url":"https:\/\/kapitalis.com\/tunisie\/2026\/05\/01\/selmi-reaffirme-le-role-de-lugtt-dans-la-defense-des-interets-des-travailleurs\/","og_site_name":"Kapitalis","article_publisher":"https:\/\/www.facebook.com\/KapitalisInfo\/","article_published_time":"2026-05-01T11:45:10+00:00","article_modified_time":"2026-05-01T11:58:09+00:00","og_image":[{"width":1200,"height":630,"url":"https:\/\/kapitalis.com\/tunisie\/wp-content\/uploads\/2026\/04\/Slaheddine-Selmi-SG-UGTT.jpg","type":"image\/jpeg"}],"author":"webmaster kapitalis","twitter_card":"summary_large_image","twitter_creator":"@KapitalisInfo","twitter_site":"@KapitalisInfo","twitter_misc":{"\u00c9crit par":"webmaster kapitalis","Dur\u00e9e de lecture estim\u00e9e":"3 minutes"},"schema":{"@context":"https:\/\/schema.org","@graph":[{"@type":"Article","@id":"https:\/\/kapitalis.com\/tunisie\/2026\/05\/01\/selmi-reaffirme-le-role-de-lugtt-dans-la-defense-des-interets-des-travailleurs\/#article","isPartOf":{"@id":"https:\/\/kapitalis.com\/tunisie\/2026\/05\/01\/selmi-reaffirme-le-role-de-lugtt-dans-la-defense-des-interets-des-travailleurs\/"},"author":{"name":"webmaster kapitalis","@id":"https:\/\/kapitalis.com\/tunisie\/#\/schema\/person\/d71f33a9ca44f7bad4698210b480c8e9"},"headline":"Selmi r\u00e9affirme le r\u00f4le de l\u2019UGTT dans la d\u00e9fense des travailleurs","datePublished":"2026-05-01T11:45:10+00:00","dateModified":"2026-05-01T11:58:09+00:00","mainEntityOfPage":{"@id":"https:\/\/kapitalis.com\/tunisie\/2026\/05\/01\/selmi-reaffirme-le-role-de-lugtt-dans-la-defense-des-interets-des-travailleurs\/"},"wordCount":601,"commentCount":0,"publisher":{"@id":"https:\/\/kapitalis.com\/tunisie\/#organization"},"image":{"@id":"https:\/\/kapitalis.com\/tunisie\/2026\/05\/01\/selmi-reaffirme-le-role-de-lugtt-dans-la-defense-des-interets-des-travailleurs\/#primaryimage"},"thumbnailUrl":"https:\/\/kapitalis.com\/tunisie\/wp-content\/uploads\/2026\/04\/Slaheddine-Selmi-SG-UGTT.jpg","keywords":["1er mai","Monastir","Slaheddine Selmi","travail","UGTT"],"articleSection":["A LA UNE","POLITIQUE","SOCIETE","Tunisie"],"inLanguage":"fr-FR","potentialAction":[{"@type":"CommentAction","name":"Comment","target":["https:\/\/kapitalis.com\/tunisie\/2026\/05\/01\/selmi-reaffirme-le-role-de-lugtt-dans-la-defense-des-interets-des-travailleurs\/#respond"]}]},{"@type":"WebPage","@id":"https:\/\/kapitalis.com\/tunisie\/2026\/05\/01\/selmi-reaffirme-le-role-de-lugtt-dans-la-defense-des-interets-des-travailleurs\/","url":"https:\/\/kapitalis.com\/tunisie\/2026\/05\/01\/selmi-reaffirme-le-role-de-lugtt-dans-la-defense-des-interets-des-travailleurs\/","name":"Selmi r\u00e9affirme le r\u00f4le de l\u2019UGTT dans la d\u00e9fense des travailleurs - Kapitalis","isPartOf":{"@id":"https:\/\/kapitalis.com\/tunisie\/#website"},"primaryImageOfPage":{"@id":"https:\/\/kapitalis.com\/tunisie\/2026\/05\/01\/selmi-reaffirme-le-role-de-lugtt-dans-la-defense-des-interets-des-travailleurs\/#primaryimage"},"image":{"@id":"https:\/\/kapitalis.com\/tunisie\/2026\/05\/01\/selmi-reaffirme-le-role-de-lugtt-dans-la-defense-des-interets-des-travailleurs\/#primaryimage"},"thumbnailUrl":"https:\/\/kapitalis.com\/tunisie\/wp-content\/uploads\/2026\/04\/Slaheddine-Selmi-SG-UGTT.jpg","datePublished":"2026-05-01T11:45:10+00:00","dateModified":"2026-05-01T11:58:09+00:00","description":"Slaheddine Selmi rejette les tentatives visant \u00e0 restreindre le r\u00f4le de l'UGTT ou \u00e0 l'emp\u00eacher de d\u00e9fendre les int\u00e9r\u00eats des travailleurs.","breadcrumb":{"@id":"https:\/\/kapitalis.com\/tunisie\/2026\/05\/01\/selmi-reaffirme-le-role-de-lugtt-dans-la-defense-des-interets-des-travailleurs\/#breadcrumb"},"inLanguage":"fr-FR","potentialAction":[{"@type":"ReadAction","target":["https:\/\/kapitalis.com\/tunisie\/2026\/05\/01\/selmi-reaffirme-le-role-de-lugtt-dans-la-defense-des-interets-des-travailleurs\/"]}]},{"@type":"ImageObject","inLanguage":"fr-FR","@id":"https:\/\/kapitalis.com\/tunisie\/2026\/05\/01\/selmi-reaffirme-le-role-de-lugtt-dans-la-defense-des-interets-des-travailleurs\/#primaryimage","url":"https:\/\/kapitalis.com\/tunisie\/wp-content\/uploads\/2026\/04\/Slaheddine-Selmi-SG-UGTT.jpg","contentUrl":"https:\/\/kapitalis.com\/tunisie\/wp-content\/uploads\/2026\/04\/Slaheddine-Selmi-SG-UGTT.jpg","width":1200,"height":630},{"@type":"BreadcrumbList","@id":"https:\/\/kapitalis.com\/tunisie\/2026\/05\/01\/selmi-reaffirme-le-role-de-lugtt-dans-la-defense-des-interets-des-travailleurs\/#breadcrumb","itemListElement":[{"@type":"ListItem","position":1,"name":"Accueil","item":"https:\/\/kapitalis.com\/tunisie\/"},{"@type":"ListItem","position":2,"name":"Selmi r\u00e9affirme le r\u00f4le de l\u2019UGTT dans la d\u00e9fense des travailleurs"}]},{"@type":"WebSite","@id":"https:\/\/kapitalis.com\/tunisie\/#website","url":"https:\/\/kapitalis.com\/tunisie\/","name":"Kapitalis","description":"L&#039;actualit\u00e9 en Tunisie et dans le monde","publisher":{"@id":"https:\/\/kapitalis.com\/tunisie\/#organization"},"potentialAction":[{"@type":"SearchAction","target":{"@type":"EntryPoint","urlTemplate":"https:\/\/kapitalis.com\/tunisie\/?s={search_term_string}"},"query-input":{"@type":"PropertyValueSpecification","valueRequired":true,"valueName":"search_term_string"}}],"inLanguage":"fr-FR"},{"@type":"Organization","@id":"https:\/\/kapitalis.com\/tunisie\/#organization","name":"Kapitalis","url":"https:\/\/kapitalis.com\/tunisie\/","logo":{"@type":"ImageObject","inLanguage":"fr-FR","@id":"https:\/\/kapitalis.com\/tunisie\/#\/schema\/logo\/image\/","url":"https:\/\/kapitalis.com\/tunisie\/wp-content\/uploads\/2022\/05\/Kapitalis-big-size.png","contentUrl":"https:\/\/kapitalis.com\/tunisie\/wp-content\/uploads\/2022\/05\/Kapitalis-big-size.png","width":5000,"height":1500,"caption":"Kapitalis"},"image":{"@id":"https:\/\/kapitalis.com\/tunisie\/#\/schema\/logo\/image\/"},"sameAs":["https:\/\/www.facebook.com\/KapitalisInfo\/","https:\/\/x.com\/KapitalisInfo","https:\/\/www.youtube.com\/channel\/UC-yDYrHyfFBWWZaOw3FPg9Q"]},{"@type":"Person","@id":"https:\/\/kapitalis.com\/tunisie\/#\/schema\/person\/d71f33a9ca44f7bad4698210b480c8e9","name":"webmaster kapitalis","url":"https:\/\/kapitalis.com\/tunisie\/author\/webmaster-kapitalis\/"}]}},"_links":{"self":[{"href":"https:\/\/kapitalis.com\/tunisie\/wp-json\/wp\/v2\/posts\/18718235","targetHints":{"allow":["GET"]}}],"collection":[{"href":"https:\/\/kapitalis.com\/tunisie\/wp-json\/wp\/v2\/posts"}],"about":[{"href":"https:\/\/kapitalis.com\/tunisie\/wp-json\/wp\/v2\/types\/post"}],"author":[{"embeddable":true,"href":"https:\/\/kapitalis.com\/tunisie\/wp-json\/wp\/v2\/users\/8"}],"replies":[{"embeddable":true,"href":"https:\/\/kapitalis.com\/tunisie\/wp-json\/wp\/v2\/comments?post=18718235"}],"version-history":[{"count":4,"href":"https:\/\/kapitalis.com\/tunisie\/wp-json\/wp\/v2\/posts\/18718235\/revisions"}],"predecessor-version":[{"id":18718354,"href":"https:\/\/kapitalis.com\/tunisie\/wp-json\/wp\/v2\/posts\/18718235\/revisions\/18718354"}],"wp:featuredmedia":[{"embeddable":true,"href":"https:\/\/kapitalis.com\/tunisie\/wp-json\/wp\/v2\/media\/18651272"}],"wp:attachment":[{"href":"https:\/\/kapitalis.com\/tunisie\/wp-json\/wp\/v2\/media?parent=18718235"}],"wp:term":[{"taxonomy":"category","embeddable":true,"href":"https:\/\/kapitalis.com\/tunisie\/wp-json\/wp\/v2\/categories?post=18718235"},{"taxonomy":"post_tag","embeddable":true,"href":"https:\/\/kapitalis.com\/tunisie\/wp-json\/wp\/v2\/tags?post=18718235"}],"curies":[{"name":"wp","href":"https:\/\/api.w.org\/{rel}","templated":true}]}}