{"id":187196,"date":"2018-12-04T13:31:14","date_gmt":"2018-12-04T12:31:14","guid":{"rendered":"http:\/\/kapitalis.com\/tunisie\/?p=187196"},"modified":"2018-12-04T19:44:49","modified_gmt":"2018-12-04T18:44:49","slug":"tunisie-deces-de-jamel-bouriga-la-famille-de-la-presse-ecrite-en-deuil","status":"publish","type":"post","link":"https:\/\/kapitalis.com\/tunisie\/2018\/12\/04\/tunisie-deces-de-jamel-bouriga-la-famille-de-la-presse-ecrite-en-deuil\/","title":{"rendered":"Tunisie : D\u00e9c\u00e8s de Jamel Bouriga, la famille de la presse \u00e9crite en deuil"},"content":{"rendered":"<p style=\"text-align: center;\"><img loading=\"lazy\" decoding=\"async\" class=\"alignnone size-full wp-image-187197\" src=\"http:\/\/kapitalis.com\/tunisie\/wp-content\/uploads\/2018\/12\/Jamel-Bouriga.jpg\" alt=\"\" width=\"626\" height=\"380\" \/><\/p>\n<p style=\"text-align: center;\"><em>Le d\u00e9funt au centre, lors du rassemblement de soutien avec les journalistes de Dar Essabah, le 5 octobre 2012.<\/em><\/p>\n<p><em><strong>Notre confr\u00e8re Jamel Bouriga, ancien r\u00e9dacteur en chef du quotidien \u2018\u2018Essabah\u2019\u2019, vient de d\u00e9c\u00e9der. C\u2019est sa fille Sondes Bouriga qui a confirm\u00e9 la triste nouvelle dans un post sur la page Facebook du d\u00e9funt, aujourd\u2019hui, mardi 4 d\u00e9cembre 2018.<\/strong> <\/em><\/p>\n<p><!--more--><\/p>\n<p>Jamel Bouriga a fait l\u2019essentiel de sa carri\u00e8re de journaliste au quotidien \u2018\u2018Essabah\u2019\u2019 o\u00f9, depuis le d\u00e9but des ann\u00e9es 1980, il s\u2019\u00e9tait distingu\u00e9 par sa grande capacit\u00e9 de travail et la qualit\u00e9 de ses relations humaines.<\/p>\n<p>Appr\u00e9ci\u00e9 de tous ses coll\u00e8gues, il savait se rendre utile et pr\u00e9cieux. Il \u00e9tait \u00e0 la fois discret et affable, souriant et chaleureux. Altruiste, toujours l\u2019\u00e9coute et r\u00e9pugnant l\u2019adversit\u00e9 et les relations conflictuelles. C\u2019est ce souvenir d\u2019un homme aimable, attentionn\u00e9 et serviable que tous ses coll\u00e8gues garderont de lui. Dieu ait son \u00e2me\u2026<\/p>\n<p style=\"text-align: right;\"><strong>I. B.\u00a0<\/strong><\/p>\n<p>&nbsp;<\/p>\n","protected":false},"excerpt":{"rendered":"<p>Le d\u00e9funt au centre, lors du rassemblement de soutien avec les journalistes de Dar Essabah, le 5 octobre 2012. Notre confr\u00e8re Jamel Bouriga, ancien r\u00e9dacteur en chef du quotidien \u2018\u2018Essabah\u2019\u2019, vient de d\u00e9c\u00e9der. C\u2019est sa fille Sondes Bouriga qui a confirm\u00e9 la triste nouvelle dans un post sur la page Facebook du d\u00e9funt, aujourd\u2019hui, mardi&#8230;<\/p>\n","protected":false},"author":8,"featured_media":187197,"comment_status":"open","ping_status":"open","sticky":false,"template":"","format":"standard","meta":{"footnotes":""},"categories":[996,2433],"tags":[],"class_list":["post-187196","post","type-post","status-publish","format-standard","has-post-thumbnail","hentry","category-media","category-tunisie"],"yoast_head":"<!-- This site is optimized with the Yoast SEO plugin v26.6 - https:\/\/yoast.com\/wordpress\/plugins\/seo\/ -->\n<title>Tunisie : D\u00e9c\u00e8s de Jamel Bouriga, la famille de la presse \u00e9crite en deuil - Kapitalis<\/title>\n<meta name=\"robots\" content=\"index, follow, max-snippet:-1, max-image-preview:large, max-video-preview:-1\" \/>\n<link rel=\"canonical\" href=\"https:\/\/kapitalis.com\/tunisie\/2018\/12\/04\/tunisie-deces-de-jamel-bouriga-la-famille-de-la-presse-ecrite-en-deuil\/\" \/>\n<meta property=\"og:locale\" content=\"fr_FR\" \/>\n<meta property=\"og:type\" content=\"article\" \/>\n<meta property=\"og:title\" content=\"Tunisie : D\u00e9c\u00e8s de Jamel Bouriga, la famille de la presse \u00e9crite en deuil - Kapitalis\" \/>\n<meta property=\"og:description\" content=\"Le d\u00e9funt au centre, lors du rassemblement de soutien avec les journalistes de Dar Essabah, le 5 octobre 2012. Notre confr\u00e8re Jamel Bouriga, ancien r\u00e9dacteur en chef du quotidien \u2018\u2018Essabah\u2019\u2019, vient de d\u00e9c\u00e9der. C\u2019est sa fille Sondes Bouriga qui a confirm\u00e9 la triste nouvelle dans un post sur la page Facebook du d\u00e9funt, aujourd\u2019hui, mardi...\" \/>\n<meta property=\"og:url\" content=\"https:\/\/kapitalis.com\/tunisie\/2018\/12\/04\/tunisie-deces-de-jamel-bouriga-la-famille-de-la-presse-ecrite-en-deuil\/\" \/>\n<meta property=\"og:site_name\" content=\"Kapitalis\" \/>\n<meta property=\"article:publisher\" content=\"https:\/\/www.facebook.com\/KapitalisInfo\/\" \/>\n<meta property=\"article:published_time\" content=\"2018-12-04T12:31:14+00:00\" \/>\n<meta property=\"article:modified_time\" content=\"2018-12-04T18:44:49+00:00\" \/>\n<meta property=\"og:image\" content=\"https:\/\/kapitalis.com\/tunisie\/wp-content\/uploads\/2022\/05\/kapitalis-logo-fb.png\" \/>\n\t<meta property=\"og:image:width\" content=\"1200\" \/>\n\t<meta property=\"og:image:height\" content=\"630\" \/>\n\t<meta property=\"og:image:type\" content=\"image\/png\" \/>\n<meta name=\"author\" content=\"webmaster kapitalis\" \/>\n<meta name=\"twitter:card\" content=\"summary_large_image\" \/>\n<meta name=\"twitter:creator\" content=\"@KapitalisInfo\" \/>\n<meta name=\"twitter:site\" content=\"@KapitalisInfo\" \/>\n<meta name=\"twitter:label1\" content=\"\u00c9crit par\" \/>\n\t<meta name=\"twitter:data1\" content=\"webmaster kapitalis\" \/>\n\t<meta name=\"twitter:label2\" content=\"Dur\u00e9e de lecture estim\u00e9e\" \/>\n\t<meta name=\"twitter:data2\" content=\"1 minute\" \/>\n<script type=\"application\/ld+json\" class=\"yoast-schema-graph\">{\"@context\":\"https:\/\/schema.org\",\"@graph\":[{\"@type\":\"Article\",\"@id\":\"https:\/\/kapitalis.com\/tunisie\/2018\/12\/04\/tunisie-deces-de-jamel-bouriga-la-famille-de-la-presse-ecrite-en-deuil\/#article\",\"isPartOf\":{\"@id\":\"https:\/\/kapitalis.com\/tunisie\/2018\/12\/04\/tunisie-deces-de-jamel-bouriga-la-famille-de-la-presse-ecrite-en-deuil\/\"},\"author\":{\"name\":\"webmaster kapitalis\",\"@id\":\"https:\/\/kapitalis.com\/tunisie\/#\/schema\/person\/d71f33a9ca44f7bad4698210b480c8e9\"},\"headline\":\"Tunisie : D\u00e9c\u00e8s de Jamel Bouriga, la famille de la presse \u00e9crite en deuil\",\"datePublished\":\"2018-12-04T12:31:14+00:00\",\"dateModified\":\"2018-12-04T18:44:49+00:00\",\"mainEntityOfPage\":{\"@id\":\"https:\/\/kapitalis.com\/tunisie\/2018\/12\/04\/tunisie-deces-de-jamel-bouriga-la-famille-de-la-presse-ecrite-en-deuil\/\"},\"wordCount\":182,\"commentCount\":0,\"publisher\":{\"@id\":\"https:\/\/kapitalis.com\/tunisie\/#organization\"},\"image\":{\"@id\":\"https:\/\/kapitalis.com\/tunisie\/2018\/12\/04\/tunisie-deces-de-jamel-bouriga-la-famille-de-la-presse-ecrite-en-deuil\/#primaryimage\"},\"thumbnailUrl\":\"\",\"articleSection\":[\"MEDIA\",\"Tunisie\"],\"inLanguage\":\"fr-FR\",\"potentialAction\":[{\"@type\":\"CommentAction\",\"name\":\"Comment\",\"target\":[\"https:\/\/kapitalis.com\/tunisie\/2018\/12\/04\/tunisie-deces-de-jamel-bouriga-la-famille-de-la-presse-ecrite-en-deuil\/#respond\"]}]},{\"@type\":\"WebPage\",\"@id\":\"https:\/\/kapitalis.com\/tunisie\/2018\/12\/04\/tunisie-deces-de-jamel-bouriga-la-famille-de-la-presse-ecrite-en-deuil\/\",\"url\":\"https:\/\/kapitalis.com\/tunisie\/2018\/12\/04\/tunisie-deces-de-jamel-bouriga-la-famille-de-la-presse-ecrite-en-deuil\/\",\"name\":\"Tunisie : D\u00e9c\u00e8s de Jamel Bouriga, la famille de la presse \u00e9crite en deuil - Kapitalis\",\"isPartOf\":{\"@id\":\"https:\/\/kapitalis.com\/tunisie\/#website\"},\"primaryImageOfPage\":{\"@id\":\"https:\/\/kapitalis.com\/tunisie\/2018\/12\/04\/tunisie-deces-de-jamel-bouriga-la-famille-de-la-presse-ecrite-en-deuil\/#primaryimage\"},\"image\":{\"@id\":\"https:\/\/kapitalis.com\/tunisie\/2018\/12\/04\/tunisie-deces-de-jamel-bouriga-la-famille-de-la-presse-ecrite-en-deuil\/#primaryimage\"},\"thumbnailUrl\":\"\",\"datePublished\":\"2018-12-04T12:31:14+00:00\",\"dateModified\":\"2018-12-04T18:44:49+00:00\",\"breadcrumb\":{\"@id\":\"https:\/\/kapitalis.com\/tunisie\/2018\/12\/04\/tunisie-deces-de-jamel-bouriga-la-famille-de-la-presse-ecrite-en-deuil\/#breadcrumb\"},\"inLanguage\":\"fr-FR\",\"potentialAction\":[{\"@type\":\"ReadAction\",\"target\":[\"https:\/\/kapitalis.com\/tunisie\/2018\/12\/04\/tunisie-deces-de-jamel-bouriga-la-famille-de-la-presse-ecrite-en-deuil\/\"]}]},{\"@type\":\"ImageObject\",\"inLanguage\":\"fr-FR\",\"@id\":\"https:\/\/kapitalis.com\/tunisie\/2018\/12\/04\/tunisie-deces-de-jamel-bouriga-la-famille-de-la-presse-ecrite-en-deuil\/#primaryimage\",\"url\":\"\",\"contentUrl\":\"\"},{\"@type\":\"BreadcrumbList\",\"@id\":\"https:\/\/kapitalis.com\/tunisie\/2018\/12\/04\/tunisie-deces-de-jamel-bouriga-la-famille-de-la-presse-ecrite-en-deuil\/#breadcrumb\",\"itemListElement\":[{\"@type\":\"ListItem\",\"position\":1,\"name\":\"Accueil\",\"item\":\"https:\/\/kapitalis.com\/tunisie\/\"},{\"@type\":\"ListItem\",\"position\":2,\"name\":\"Tunisie : D\u00e9c\u00e8s de Jamel Bouriga, la famille de la presse \u00e9crite en deuil\"}]},{\"@type\":\"WebSite\",\"@id\":\"https:\/\/kapitalis.com\/tunisie\/#website\",\"url\":\"https:\/\/kapitalis.com\/tunisie\/\",\"name\":\"Kapitalis\",\"description\":\"L&#039;actualit\u00e9 en Tunisie et dans le monde\",\"publisher\":{\"@id\":\"https:\/\/kapitalis.com\/tunisie\/#organization\"},\"potentialAction\":[{\"@type\":\"SearchAction\",\"target\":{\"@type\":\"EntryPoint\",\"urlTemplate\":\"https:\/\/kapitalis.com\/tunisie\/?s={search_term_string}\"},\"query-input\":{\"@type\":\"PropertyValueSpecification\",\"valueRequired\":true,\"valueName\":\"search_term_string\"}}],\"inLanguage\":\"fr-FR\"},{\"@type\":\"Organization\",\"@id\":\"https:\/\/kapitalis.com\/tunisie\/#organization\",\"name\":\"Kapitalis\",\"url\":\"https:\/\/kapitalis.com\/tunisie\/\",\"logo\":{\"@type\":\"ImageObject\",\"inLanguage\":\"fr-FR\",\"@id\":\"https:\/\/kapitalis.com\/tunisie\/#\/schema\/logo\/image\/\",\"url\":\"https:\/\/kapitalis.com\/tunisie\/wp-content\/uploads\/2022\/05\/Kapitalis-big-size.png\",\"contentUrl\":\"https:\/\/kapitalis.com\/tunisie\/wp-content\/uploads\/2022\/05\/Kapitalis-big-size.png\",\"width\":5000,\"height\":1500,\"caption\":\"Kapitalis\"},\"image\":{\"@id\":\"https:\/\/kapitalis.com\/tunisie\/#\/schema\/logo\/image\/\"},\"sameAs\":[\"https:\/\/www.facebook.com\/KapitalisInfo\/\",\"https:\/\/x.com\/KapitalisInfo\",\"https:\/\/www.youtube.com\/channel\/UC-yDYrHyfFBWWZaOw3FPg9Q\"]},{\"@type\":\"Person\",\"@id\":\"https:\/\/kapitalis.com\/tunisie\/#\/schema\/person\/d71f33a9ca44f7bad4698210b480c8e9\",\"name\":\"webmaster kapitalis\",\"url\":\"https:\/\/kapitalis.com\/tunisie\/author\/webmaster-kapitalis\/\"}]}<\/script>\n<!-- \/ Yoast SEO plugin. -->","yoast_head_json":{"title":"Tunisie : D\u00e9c\u00e8s de Jamel Bouriga, la famille de la presse \u00e9crite en deuil - Kapitalis","robots":{"index":"index","follow":"follow","max-snippet":"max-snippet:-1","max-image-preview":"max-image-preview:large","max-video-preview":"max-video-preview:-1"},"canonical":"https:\/\/kapitalis.com\/tunisie\/2018\/12\/04\/tunisie-deces-de-jamel-bouriga-la-famille-de-la-presse-ecrite-en-deuil\/","og_locale":"fr_FR","og_type":"article","og_title":"Tunisie : D\u00e9c\u00e8s de Jamel Bouriga, la famille de la presse \u00e9crite en deuil - Kapitalis","og_description":"Le d\u00e9funt au centre, lors du rassemblement de soutien avec les journalistes de Dar Essabah, le 5 octobre 2012. Notre confr\u00e8re Jamel Bouriga, ancien r\u00e9dacteur en chef du quotidien \u2018\u2018Essabah\u2019\u2019, vient de d\u00e9c\u00e9der. C\u2019est sa fille Sondes Bouriga qui a confirm\u00e9 la triste nouvelle dans un post sur la page Facebook du d\u00e9funt, aujourd\u2019hui, mardi...","og_url":"https:\/\/kapitalis.com\/tunisie\/2018\/12\/04\/tunisie-deces-de-jamel-bouriga-la-famille-de-la-presse-ecrite-en-deuil\/","og_site_name":"Kapitalis","article_publisher":"https:\/\/www.facebook.com\/KapitalisInfo\/","article_published_time":"2018-12-04T12:31:14+00:00","article_modified_time":"2018-12-04T18:44:49+00:00","og_image":[{"width":1200,"height":630,"url":"https:\/\/kapitalis.com\/tunisie\/wp-content\/uploads\/2022\/05\/kapitalis-logo-fb.png","type":"image\/png"}],"author":"webmaster kapitalis","twitter_card":"summary_large_image","twitter_creator":"@KapitalisInfo","twitter_site":"@KapitalisInfo","twitter_misc":{"\u00c9crit par":"webmaster kapitalis","Dur\u00e9e de lecture estim\u00e9e":"1 minute"},"schema":{"@context":"https:\/\/schema.org","@graph":[{"@type":"Article","@id":"https:\/\/kapitalis.com\/tunisie\/2018\/12\/04\/tunisie-deces-de-jamel-bouriga-la-famille-de-la-presse-ecrite-en-deuil\/#article","isPartOf":{"@id":"https:\/\/kapitalis.com\/tunisie\/2018\/12\/04\/tunisie-deces-de-jamel-bouriga-la-famille-de-la-presse-ecrite-en-deuil\/"},"author":{"name":"webmaster kapitalis","@id":"https:\/\/kapitalis.com\/tunisie\/#\/schema\/person\/d71f33a9ca44f7bad4698210b480c8e9"},"headline":"Tunisie : D\u00e9c\u00e8s de Jamel Bouriga, la famille de la presse \u00e9crite en deuil","datePublished":"2018-12-04T12:31:14+00:00","dateModified":"2018-12-04T18:44:49+00:00","mainEntityOfPage":{"@id":"https:\/\/kapitalis.com\/tunisie\/2018\/12\/04\/tunisie-deces-de-jamel-bouriga-la-famille-de-la-presse-ecrite-en-deuil\/"},"wordCount":182,"commentCount":0,"publisher":{"@id":"https:\/\/kapitalis.com\/tunisie\/#organization"},"image":{"@id":"https:\/\/kapitalis.com\/tunisie\/2018\/12\/04\/tunisie-deces-de-jamel-bouriga-la-famille-de-la-presse-ecrite-en-deuil\/#primaryimage"},"thumbnailUrl":"","articleSection":["MEDIA","Tunisie"],"inLanguage":"fr-FR","potentialAction":[{"@type":"CommentAction","name":"Comment","target":["https:\/\/kapitalis.com\/tunisie\/2018\/12\/04\/tunisie-deces-de-jamel-bouriga-la-famille-de-la-presse-ecrite-en-deuil\/#respond"]}]},{"@type":"WebPage","@id":"https:\/\/kapitalis.com\/tunisie\/2018\/12\/04\/tunisie-deces-de-jamel-bouriga-la-famille-de-la-presse-ecrite-en-deuil\/","url":"https:\/\/kapitalis.com\/tunisie\/2018\/12\/04\/tunisie-deces-de-jamel-bouriga-la-famille-de-la-presse-ecrite-en-deuil\/","name":"Tunisie : D\u00e9c\u00e8s de Jamel Bouriga, la famille de la presse \u00e9crite en deuil - Kapitalis","isPartOf":{"@id":"https:\/\/kapitalis.com\/tunisie\/#website"},"primaryImageOfPage":{"@id":"https:\/\/kapitalis.com\/tunisie\/2018\/12\/04\/tunisie-deces-de-jamel-bouriga-la-famille-de-la-presse-ecrite-en-deuil\/#primaryimage"},"image":{"@id":"https:\/\/kapitalis.com\/tunisie\/2018\/12\/04\/tunisie-deces-de-jamel-bouriga-la-famille-de-la-presse-ecrite-en-deuil\/#primaryimage"},"thumbnailUrl":"","datePublished":"2018-12-04T12:31:14+00:00","dateModified":"2018-12-04T18:44:49+00:00","breadcrumb":{"@id":"https:\/\/kapitalis.com\/tunisie\/2018\/12\/04\/tunisie-deces-de-jamel-bouriga-la-famille-de-la-presse-ecrite-en-deuil\/#breadcrumb"},"inLanguage":"fr-FR","potentialAction":[{"@type":"ReadAction","target":["https:\/\/kapitalis.com\/tunisie\/2018\/12\/04\/tunisie-deces-de-jamel-bouriga-la-famille-de-la-presse-ecrite-en-deuil\/"]}]},{"@type":"ImageObject","inLanguage":"fr-FR","@id":"https:\/\/kapitalis.com\/tunisie\/2018\/12\/04\/tunisie-deces-de-jamel-bouriga-la-famille-de-la-presse-ecrite-en-deuil\/#primaryimage","url":"","contentUrl":""},{"@type":"BreadcrumbList","@id":"https:\/\/kapitalis.com\/tunisie\/2018\/12\/04\/tunisie-deces-de-jamel-bouriga-la-famille-de-la-presse-ecrite-en-deuil\/#breadcrumb","itemListElement":[{"@type":"ListItem","position":1,"name":"Accueil","item":"https:\/\/kapitalis.com\/tunisie\/"},{"@type":"ListItem","position":2,"name":"Tunisie : D\u00e9c\u00e8s de Jamel Bouriga, la famille de la presse \u00e9crite en deuil"}]},{"@type":"WebSite","@id":"https:\/\/kapitalis.com\/tunisie\/#website","url":"https:\/\/kapitalis.com\/tunisie\/","name":"Kapitalis","description":"L&#039;actualit\u00e9 en Tunisie et dans le monde","publisher":{"@id":"https:\/\/kapitalis.com\/tunisie\/#organization"},"potentialAction":[{"@type":"SearchAction","target":{"@type":"EntryPoint","urlTemplate":"https:\/\/kapitalis.com\/tunisie\/?s={search_term_string}"},"query-input":{"@type":"PropertyValueSpecification","valueRequired":true,"valueName":"search_term_string"}}],"inLanguage":"fr-FR"},{"@type":"Organization","@id":"https:\/\/kapitalis.com\/tunisie\/#organization","name":"Kapitalis","url":"https:\/\/kapitalis.com\/tunisie\/","logo":{"@type":"ImageObject","inLanguage":"fr-FR","@id":"https:\/\/kapitalis.com\/tunisie\/#\/schema\/logo\/image\/","url":"https:\/\/kapitalis.com\/tunisie\/wp-content\/uploads\/2022\/05\/Kapitalis-big-size.png","contentUrl":"https:\/\/kapitalis.com\/tunisie\/wp-content\/uploads\/2022\/05\/Kapitalis-big-size.png","width":5000,"height":1500,"caption":"Kapitalis"},"image":{"@id":"https:\/\/kapitalis.com\/tunisie\/#\/schema\/logo\/image\/"},"sameAs":["https:\/\/www.facebook.com\/KapitalisInfo\/","https:\/\/x.com\/KapitalisInfo","https:\/\/www.youtube.com\/channel\/UC-yDYrHyfFBWWZaOw3FPg9Q"]},{"@type":"Person","@id":"https:\/\/kapitalis.com\/tunisie\/#\/schema\/person\/d71f33a9ca44f7bad4698210b480c8e9","name":"webmaster kapitalis","url":"https:\/\/kapitalis.com\/tunisie\/author\/webmaster-kapitalis\/"}]}},"_links":{"self":[{"href":"https:\/\/kapitalis.com\/tunisie\/wp-json\/wp\/v2\/posts\/187196","targetHints":{"allow":["GET"]}}],"collection":[{"href":"https:\/\/kapitalis.com\/tunisie\/wp-json\/wp\/v2\/posts"}],"about":[{"href":"https:\/\/kapitalis.com\/tunisie\/wp-json\/wp\/v2\/types\/post"}],"author":[{"embeddable":true,"href":"https:\/\/kapitalis.com\/tunisie\/wp-json\/wp\/v2\/users\/8"}],"replies":[{"embeddable":true,"href":"https:\/\/kapitalis.com\/tunisie\/wp-json\/wp\/v2\/comments?post=187196"}],"version-history":[{"count":0,"href":"https:\/\/kapitalis.com\/tunisie\/wp-json\/wp\/v2\/posts\/187196\/revisions"}],"wp:featuredmedia":[{"embeddable":true,"href":"https:\/\/kapitalis.com\/tunisie\/wp-json\/wp\/v2\/media\/187197"}],"wp:attachment":[{"href":"https:\/\/kapitalis.com\/tunisie\/wp-json\/wp\/v2\/media?parent=187196"}],"wp:term":[{"taxonomy":"category","embeddable":true,"href":"https:\/\/kapitalis.com\/tunisie\/wp-json\/wp\/v2\/categories?post=187196"},{"taxonomy":"post_tag","embeddable":true,"href":"https:\/\/kapitalis.com\/tunisie\/wp-json\/wp\/v2\/tags?post=187196"}],"curies":[{"name":"wp","href":"https:\/\/api.w.org\/{rel}","templated":true}]}}