{"id":18719808,"date":"2026-05-01T20:54:23","date_gmt":"2026-05-01T19:54:23","guid":{"rendered":"https:\/\/kapitalis.com\/tunisie\/?p=18719808"},"modified":"2026-05-01T21:32:00","modified_gmt":"2026-05-01T20:32:00","slug":"festival-du-film-mediterraneen-dannaba-deux-prix-majeurs-pour-la-tunisie","status":"publish","type":"post","link":"https:\/\/kapitalis.com\/tunisie\/2026\/05\/01\/festival-du-film-mediterraneen-dannaba-deux-prix-majeurs-pour-la-tunisie\/","title":{"rendered":"Festival du film m\u00e9diterran\u00e9en d\u2019Annaba | Deux prix majeurs pour la Tunisie"},"content":{"rendered":"\n<p><strong><em>Cl\u00f4ture en beaut\u00e9 pour la Tunisie en Alg\u00e9rie ; entre la cons\u00e9cration de l&rsquo;acteur Helmi Dridi et la promesse de la jeune r\u00e9alisatrice Yasmine Bouabid, le cin\u00e9ma national a rafl\u00e9 des distinctions de prestige lors de cette 6\u1d49 \u00e9dition, recevant les f\u00e9licitations officielles du Centre national du cin\u00e9ma et de l\u2019image (CNCI).<\/em><\/strong><\/p>\n\n\n\n<!--more-->\n\n\n\n<p>Le cin\u00e9ma tunisien s\u2019est distingu\u00e9 avec \u00e9clat lors de la 6\u1d49 \u00e9dition du Festival du Film M\u00e9diterran\u00e9en d\u2019Annaba en Alg\u00e9rie, \u00e0 travers deux distinctions qui t\u00e9moignent de la richesse et du dynamisme de la sc\u00e8ne cin\u00e9matographique tunisienne.<\/p>\n\n\n\n<p>L\u2019acteur tunisien Helmi Dridi a remport\u00e9 le Prix du Meilleur Acteur pour son r\u00f4le dans \u00ab Round \/ \u0627\u0644\u062c\u0648\u0644\u0629 13 \u00bb du r\u00e9alisateur Mohamed Ali Nahdi, une r\u00e9compense qui met en lumi\u00e8re l\u2019excellence du talent tunisien.<\/p>\n\n\n\n<figure class=\"wp-block-image size-large is-resized\"><img loading=\"lazy\" decoding=\"async\" width=\"1024\" height=\"561\" src=\"https:\/\/kapitalis.com\/tunisie\/wp-content\/uploads\/2026\/05\/2-1024x561.jpg\" alt=\"\" class=\"wp-image-18719813\" style=\"width:500px\" srcset=\"https:\/\/kapitalis.com\/tunisie\/wp-content\/uploads\/2026\/05\/2-1024x561.jpg 1024w, https:\/\/kapitalis.com\/tunisie\/wp-content\/uploads\/2026\/05\/2-300x164.jpg 300w, https:\/\/kapitalis.com\/tunisie\/wp-content\/uploads\/2026\/05\/2-768x421.jpg 768w, https:\/\/kapitalis.com\/tunisie\/wp-content\/uploads\/2026\/05\/2-580x318.jpg 580w, https:\/\/kapitalis.com\/tunisie\/wp-content\/uploads\/2026\/05\/2-860x471.jpg 860w, https:\/\/kapitalis.com\/tunisie\/wp-content\/uploads\/2026\/05\/2-1160x636.jpg 1160w, https:\/\/kapitalis.com\/tunisie\/wp-content\/uploads\/2026\/05\/2.jpg 1275w\" sizes=\"auto, (max-width: 1024px) 100vw, 1024px\" \/><figcaption class=\"wp-element-caption\">Screenshot<\/figcaption><\/figure>\n\n\n\n<p>La r\u00e9alisatrice tunisienne Yasmine Bouabid a \u00e9galement obtenu une Mention sp\u00e9ciale pour son projet de premier film \u00ab The Corner Where I Met You \u00bb, soulignant l\u2019\u00e9mergence d\u2019une nouvelle g\u00e9n\u00e9ration de cin\u00e9astes tunisiens.<\/p>\n\n\n\n<p>Le Centre National du Cin\u00e9ma et de l\u2019Image f\u00e9licite chaleureusement les talents tunisiens distingu\u00e9s et r\u00e9affirme son engagement constant en faveur du rayonnement du cin\u00e9ma tunisien sur les sc\u00e8nes r\u00e9gionales et internationales.<\/p>\n\n\n\n<p class=\"has-text-align-right\"><strong>Communiqu\u00e9 CNCI<\/strong><\/p>\n","protected":false},"excerpt":{"rendered":"<p>Cl\u00f4ture en beaut\u00e9 pour la Tunisie en Alg\u00e9rie ; entre la cons\u00e9cration de l&rsquo;acteur Helmi Dridi et la promesse de la jeune r\u00e9alisatrice Yasmine Bouabid, le cin\u00e9ma national a rafl\u00e9 des distinctions de prestige lors de cette 6\u1d49 \u00e9dition, recevant les f\u00e9licitations officielles du Centre national du cin\u00e9ma et de l\u2019image (CNCI).<\/p>\n","protected":false},"author":6,"featured_media":18719816,"comment_status":"open","ping_status":"open","sticky":false,"template":"","format":"standard","meta":{"footnotes":""},"categories":[994,2433],"tags":[22312,128118,87641,62643,128119],"class_list":["post-18719808","post","type-post","status-publish","format-standard","has-post-thumbnail","hentry","category-culture","category-tunisie","tag-cnci","tag-film-mediterraneen-dannaba","tag-helmi-dridi","tag-tunisie","tag-yasmine-bouabid"],"yoast_head":"<!-- This site is optimized with the Yoast SEO plugin v26.6 - https:\/\/yoast.com\/wordpress\/plugins\/seo\/ -->\n<title>Festival du film m\u00e9diterran\u00e9en d\u2019Annaba | Deux prix majeurs pour la Tunisie - Kapitalis<\/title>\n<meta name=\"robots\" content=\"index, follow, max-snippet:-1, max-image-preview:large, max-video-preview:-1\" \/>\n<link rel=\"canonical\" href=\"https:\/\/kapitalis.com\/tunisie\/2026\/05\/01\/festival-du-film-mediterraneen-dannaba-deux-prix-majeurs-pour-la-tunisie\/\" \/>\n<meta property=\"og:locale\" content=\"fr_FR\" \/>\n<meta property=\"og:type\" content=\"article\" \/>\n<meta property=\"og:title\" content=\"Festival du film m\u00e9diterran\u00e9en d\u2019Annaba | Deux prix majeurs pour la Tunisie - Kapitalis\" \/>\n<meta property=\"og:description\" content=\"Cl\u00f4ture en beaut\u00e9 pour la Tunisie en Alg\u00e9rie ; entre la cons\u00e9cration de l&rsquo;acteur Helmi Dridi et la promesse de la jeune r\u00e9alisatrice Yasmine Bouabid, le cin\u00e9ma national a rafl\u00e9 des distinctions de prestige lors de cette 6\u1d49 \u00e9dition, recevant les f\u00e9licitations officielles du Centre national du cin\u00e9ma et de l\u2019image (CNCI).\" \/>\n<meta property=\"og:url\" content=\"https:\/\/kapitalis.com\/tunisie\/2026\/05\/01\/festival-du-film-mediterraneen-dannaba-deux-prix-majeurs-pour-la-tunisie\/\" \/>\n<meta property=\"og:site_name\" content=\"Kapitalis\" \/>\n<meta property=\"article:publisher\" content=\"https:\/\/www.facebook.com\/KapitalisInfo\/\" \/>\n<meta property=\"article:published_time\" content=\"2026-05-01T19:54:23+00:00\" \/>\n<meta property=\"article:modified_time\" content=\"2026-05-01T20:32:00+00:00\" \/>\n<meta property=\"og:image\" content=\"https:\/\/kapitalis.com\/tunisie\/wp-content\/uploads\/2026\/05\/Film-Mediterraneen-dAnnaba.png\" \/>\n\t<meta property=\"og:image:width\" content=\"1200\" \/>\n\t<meta property=\"og:image:height\" content=\"513\" \/>\n\t<meta property=\"og:image:type\" content=\"image\/png\" \/>\n<meta name=\"author\" content=\"Yusra NY\" \/>\n<meta name=\"twitter:card\" content=\"summary_large_image\" \/>\n<meta name=\"twitter:creator\" content=\"@KapitalisInfo\" \/>\n<meta name=\"twitter:site\" content=\"@KapitalisInfo\" \/>\n<meta name=\"twitter:label1\" content=\"\u00c9crit par\" \/>\n\t<meta name=\"twitter:data1\" content=\"Yusra NY\" \/>\n\t<meta name=\"twitter:label2\" content=\"Dur\u00e9e de lecture estim\u00e9e\" \/>\n\t<meta name=\"twitter:data2\" content=\"2 minutes\" \/>\n<script type=\"application\/ld+json\" class=\"yoast-schema-graph\">{\"@context\":\"https:\/\/schema.org\",\"@graph\":[{\"@type\":\"Article\",\"@id\":\"https:\/\/kapitalis.com\/tunisie\/2026\/05\/01\/festival-du-film-mediterraneen-dannaba-deux-prix-majeurs-pour-la-tunisie\/#article\",\"isPartOf\":{\"@id\":\"https:\/\/kapitalis.com\/tunisie\/2026\/05\/01\/festival-du-film-mediterraneen-dannaba-deux-prix-majeurs-pour-la-tunisie\/\"},\"author\":{\"name\":\"Yusra NY\",\"@id\":\"https:\/\/kapitalis.com\/tunisie\/#\/schema\/person\/74bbde0154d49d790a92aaeac5bc01d5\"},\"headline\":\"Festival du film m\u00e9diterran\u00e9en d\u2019Annaba | Deux prix majeurs pour la Tunisie\",\"datePublished\":\"2026-05-01T19:54:23+00:00\",\"dateModified\":\"2026-05-01T20:32:00+00:00\",\"mainEntityOfPage\":{\"@id\":\"https:\/\/kapitalis.com\/tunisie\/2026\/05\/01\/festival-du-film-mediterraneen-dannaba-deux-prix-majeurs-pour-la-tunisie\/\"},\"wordCount\":234,\"commentCount\":0,\"publisher\":{\"@id\":\"https:\/\/kapitalis.com\/tunisie\/#organization\"},\"image\":{\"@id\":\"https:\/\/kapitalis.com\/tunisie\/2026\/05\/01\/festival-du-film-mediterraneen-dannaba-deux-prix-majeurs-pour-la-tunisie\/#primaryimage\"},\"thumbnailUrl\":\"https:\/\/kapitalis.com\/tunisie\/wp-content\/uploads\/2026\/05\/Film-Mediterraneen-dAnnaba.png\",\"keywords\":[\"CNCI\",\"film m\u00e9diterran\u00e9en d\u2019Annaba\",\"Helmi Dridi\",\"Tunisie\",\"Yasmine Bouabid\"],\"articleSection\":[\"CULTURE\",\"Tunisie\"],\"inLanguage\":\"fr-FR\",\"potentialAction\":[{\"@type\":\"CommentAction\",\"name\":\"Comment\",\"target\":[\"https:\/\/kapitalis.com\/tunisie\/2026\/05\/01\/festival-du-film-mediterraneen-dannaba-deux-prix-majeurs-pour-la-tunisie\/#respond\"]}]},{\"@type\":\"WebPage\",\"@id\":\"https:\/\/kapitalis.com\/tunisie\/2026\/05\/01\/festival-du-film-mediterraneen-dannaba-deux-prix-majeurs-pour-la-tunisie\/\",\"url\":\"https:\/\/kapitalis.com\/tunisie\/2026\/05\/01\/festival-du-film-mediterraneen-dannaba-deux-prix-majeurs-pour-la-tunisie\/\",\"name\":\"Festival du film m\u00e9diterran\u00e9en d\u2019Annaba | Deux prix majeurs pour la Tunisie - Kapitalis\",\"isPartOf\":{\"@id\":\"https:\/\/kapitalis.com\/tunisie\/#website\"},\"primaryImageOfPage\":{\"@id\":\"https:\/\/kapitalis.com\/tunisie\/2026\/05\/01\/festival-du-film-mediterraneen-dannaba-deux-prix-majeurs-pour-la-tunisie\/#primaryimage\"},\"image\":{\"@id\":\"https:\/\/kapitalis.com\/tunisie\/2026\/05\/01\/festival-du-film-mediterraneen-dannaba-deux-prix-majeurs-pour-la-tunisie\/#primaryimage\"},\"thumbnailUrl\":\"https:\/\/kapitalis.com\/tunisie\/wp-content\/uploads\/2026\/05\/Film-Mediterraneen-dAnnaba.png\",\"datePublished\":\"2026-05-01T19:54:23+00:00\",\"dateModified\":\"2026-05-01T20:32:00+00:00\",\"breadcrumb\":{\"@id\":\"https:\/\/kapitalis.com\/tunisie\/2026\/05\/01\/festival-du-film-mediterraneen-dannaba-deux-prix-majeurs-pour-la-tunisie\/#breadcrumb\"},\"inLanguage\":\"fr-FR\",\"potentialAction\":[{\"@type\":\"ReadAction\",\"target\":[\"https:\/\/kapitalis.com\/tunisie\/2026\/05\/01\/festival-du-film-mediterraneen-dannaba-deux-prix-majeurs-pour-la-tunisie\/\"]}]},{\"@type\":\"ImageObject\",\"inLanguage\":\"fr-FR\",\"@id\":\"https:\/\/kapitalis.com\/tunisie\/2026\/05\/01\/festival-du-film-mediterraneen-dannaba-deux-prix-majeurs-pour-la-tunisie\/#primaryimage\",\"url\":\"https:\/\/kapitalis.com\/tunisie\/wp-content\/uploads\/2026\/05\/Film-Mediterraneen-dAnnaba.png\",\"contentUrl\":\"https:\/\/kapitalis.com\/tunisie\/wp-content\/uploads\/2026\/05\/Film-Mediterraneen-dAnnaba.png\",\"width\":1200,\"height\":513},{\"@type\":\"BreadcrumbList\",\"@id\":\"https:\/\/kapitalis.com\/tunisie\/2026\/05\/01\/festival-du-film-mediterraneen-dannaba-deux-prix-majeurs-pour-la-tunisie\/#breadcrumb\",\"itemListElement\":[{\"@type\":\"ListItem\",\"position\":1,\"name\":\"Accueil\",\"item\":\"https:\/\/kapitalis.com\/tunisie\/\"},{\"@type\":\"ListItem\",\"position\":2,\"name\":\"Festival du film m\u00e9diterran\u00e9en d\u2019Annaba | Deux prix majeurs pour la Tunisie\"}]},{\"@type\":\"WebSite\",\"@id\":\"https:\/\/kapitalis.com\/tunisie\/#website\",\"url\":\"https:\/\/kapitalis.com\/tunisie\/\",\"name\":\"Kapitalis\",\"description\":\"L&#039;actualit\u00e9 en Tunisie et dans le monde\",\"publisher\":{\"@id\":\"https:\/\/kapitalis.com\/tunisie\/#organization\"},\"potentialAction\":[{\"@type\":\"SearchAction\",\"target\":{\"@type\":\"EntryPoint\",\"urlTemplate\":\"https:\/\/kapitalis.com\/tunisie\/?s={search_term_string}\"},\"query-input\":{\"@type\":\"PropertyValueSpecification\",\"valueRequired\":true,\"valueName\":\"search_term_string\"}}],\"inLanguage\":\"fr-FR\"},{\"@type\":\"Organization\",\"@id\":\"https:\/\/kapitalis.com\/tunisie\/#organization\",\"name\":\"Kapitalis\",\"url\":\"https:\/\/kapitalis.com\/tunisie\/\",\"logo\":{\"@type\":\"ImageObject\",\"inLanguage\":\"fr-FR\",\"@id\":\"https:\/\/kapitalis.com\/tunisie\/#\/schema\/logo\/image\/\",\"url\":\"https:\/\/kapitalis.com\/tunisie\/wp-content\/uploads\/2022\/05\/Kapitalis-big-size.png\",\"contentUrl\":\"https:\/\/kapitalis.com\/tunisie\/wp-content\/uploads\/2022\/05\/Kapitalis-big-size.png\",\"width\":5000,\"height\":1500,\"caption\":\"Kapitalis\"},\"image\":{\"@id\":\"https:\/\/kapitalis.com\/tunisie\/#\/schema\/logo\/image\/\"},\"sameAs\":[\"https:\/\/www.facebook.com\/KapitalisInfo\/\",\"https:\/\/x.com\/KapitalisInfo\",\"https:\/\/www.youtube.com\/channel\/UC-yDYrHyfFBWWZaOw3FPg9Q\"]},{\"@type\":\"Person\",\"@id\":\"https:\/\/kapitalis.com\/tunisie\/#\/schema\/person\/74bbde0154d49d790a92aaeac5bc01d5\",\"name\":\"Yusra NY\",\"url\":\"https:\/\/kapitalis.com\/tunisie\/author\/yuza_adam\/\"}]}<\/script>\n<!-- \/ Yoast SEO plugin. -->","yoast_head_json":{"title":"Festival du film m\u00e9diterran\u00e9en d\u2019Annaba | Deux prix majeurs pour la Tunisie - Kapitalis","robots":{"index":"index","follow":"follow","max-snippet":"max-snippet:-1","max-image-preview":"max-image-preview:large","max-video-preview":"max-video-preview:-1"},"canonical":"https:\/\/kapitalis.com\/tunisie\/2026\/05\/01\/festival-du-film-mediterraneen-dannaba-deux-prix-majeurs-pour-la-tunisie\/","og_locale":"fr_FR","og_type":"article","og_title":"Festival du film m\u00e9diterran\u00e9en d\u2019Annaba | Deux prix majeurs pour la Tunisie - Kapitalis","og_description":"Cl\u00f4ture en beaut\u00e9 pour la Tunisie en Alg\u00e9rie ; entre la cons\u00e9cration de l&rsquo;acteur Helmi Dridi et la promesse de la jeune r\u00e9alisatrice Yasmine Bouabid, le cin\u00e9ma national a rafl\u00e9 des distinctions de prestige lors de cette 6\u1d49 \u00e9dition, recevant les f\u00e9licitations officielles du Centre national du cin\u00e9ma et de l\u2019image (CNCI).","og_url":"https:\/\/kapitalis.com\/tunisie\/2026\/05\/01\/festival-du-film-mediterraneen-dannaba-deux-prix-majeurs-pour-la-tunisie\/","og_site_name":"Kapitalis","article_publisher":"https:\/\/www.facebook.com\/KapitalisInfo\/","article_published_time":"2026-05-01T19:54:23+00:00","article_modified_time":"2026-05-01T20:32:00+00:00","og_image":[{"width":1200,"height":513,"url":"https:\/\/kapitalis.com\/tunisie\/wp-content\/uploads\/2026\/05\/Film-Mediterraneen-dAnnaba.png","type":"image\/png"}],"author":"Yusra NY","twitter_card":"summary_large_image","twitter_creator":"@KapitalisInfo","twitter_site":"@KapitalisInfo","twitter_misc":{"\u00c9crit par":"Yusra NY","Dur\u00e9e de lecture estim\u00e9e":"2 minutes"},"schema":{"@context":"https:\/\/schema.org","@graph":[{"@type":"Article","@id":"https:\/\/kapitalis.com\/tunisie\/2026\/05\/01\/festival-du-film-mediterraneen-dannaba-deux-prix-majeurs-pour-la-tunisie\/#article","isPartOf":{"@id":"https:\/\/kapitalis.com\/tunisie\/2026\/05\/01\/festival-du-film-mediterraneen-dannaba-deux-prix-majeurs-pour-la-tunisie\/"},"author":{"name":"Yusra NY","@id":"https:\/\/kapitalis.com\/tunisie\/#\/schema\/person\/74bbde0154d49d790a92aaeac5bc01d5"},"headline":"Festival du film m\u00e9diterran\u00e9en d\u2019Annaba | Deux prix majeurs pour la Tunisie","datePublished":"2026-05-01T19:54:23+00:00","dateModified":"2026-05-01T20:32:00+00:00","mainEntityOfPage":{"@id":"https:\/\/kapitalis.com\/tunisie\/2026\/05\/01\/festival-du-film-mediterraneen-dannaba-deux-prix-majeurs-pour-la-tunisie\/"},"wordCount":234,"commentCount":0,"publisher":{"@id":"https:\/\/kapitalis.com\/tunisie\/#organization"},"image":{"@id":"https:\/\/kapitalis.com\/tunisie\/2026\/05\/01\/festival-du-film-mediterraneen-dannaba-deux-prix-majeurs-pour-la-tunisie\/#primaryimage"},"thumbnailUrl":"https:\/\/kapitalis.com\/tunisie\/wp-content\/uploads\/2026\/05\/Film-Mediterraneen-dAnnaba.png","keywords":["CNCI","film m\u00e9diterran\u00e9en d\u2019Annaba","Helmi Dridi","Tunisie","Yasmine Bouabid"],"articleSection":["CULTURE","Tunisie"],"inLanguage":"fr-FR","potentialAction":[{"@type":"CommentAction","name":"Comment","target":["https:\/\/kapitalis.com\/tunisie\/2026\/05\/01\/festival-du-film-mediterraneen-dannaba-deux-prix-majeurs-pour-la-tunisie\/#respond"]}]},{"@type":"WebPage","@id":"https:\/\/kapitalis.com\/tunisie\/2026\/05\/01\/festival-du-film-mediterraneen-dannaba-deux-prix-majeurs-pour-la-tunisie\/","url":"https:\/\/kapitalis.com\/tunisie\/2026\/05\/01\/festival-du-film-mediterraneen-dannaba-deux-prix-majeurs-pour-la-tunisie\/","name":"Festival du film m\u00e9diterran\u00e9en d\u2019Annaba | Deux prix majeurs pour la Tunisie - Kapitalis","isPartOf":{"@id":"https:\/\/kapitalis.com\/tunisie\/#website"},"primaryImageOfPage":{"@id":"https:\/\/kapitalis.com\/tunisie\/2026\/05\/01\/festival-du-film-mediterraneen-dannaba-deux-prix-majeurs-pour-la-tunisie\/#primaryimage"},"image":{"@id":"https:\/\/kapitalis.com\/tunisie\/2026\/05\/01\/festival-du-film-mediterraneen-dannaba-deux-prix-majeurs-pour-la-tunisie\/#primaryimage"},"thumbnailUrl":"https:\/\/kapitalis.com\/tunisie\/wp-content\/uploads\/2026\/05\/Film-Mediterraneen-dAnnaba.png","datePublished":"2026-05-01T19:54:23+00:00","dateModified":"2026-05-01T20:32:00+00:00","breadcrumb":{"@id":"https:\/\/kapitalis.com\/tunisie\/2026\/05\/01\/festival-du-film-mediterraneen-dannaba-deux-prix-majeurs-pour-la-tunisie\/#breadcrumb"},"inLanguage":"fr-FR","potentialAction":[{"@type":"ReadAction","target":["https:\/\/kapitalis.com\/tunisie\/2026\/05\/01\/festival-du-film-mediterraneen-dannaba-deux-prix-majeurs-pour-la-tunisie\/"]}]},{"@type":"ImageObject","inLanguage":"fr-FR","@id":"https:\/\/kapitalis.com\/tunisie\/2026\/05\/01\/festival-du-film-mediterraneen-dannaba-deux-prix-majeurs-pour-la-tunisie\/#primaryimage","url":"https:\/\/kapitalis.com\/tunisie\/wp-content\/uploads\/2026\/05\/Film-Mediterraneen-dAnnaba.png","contentUrl":"https:\/\/kapitalis.com\/tunisie\/wp-content\/uploads\/2026\/05\/Film-Mediterraneen-dAnnaba.png","width":1200,"height":513},{"@type":"BreadcrumbList","@id":"https:\/\/kapitalis.com\/tunisie\/2026\/05\/01\/festival-du-film-mediterraneen-dannaba-deux-prix-majeurs-pour-la-tunisie\/#breadcrumb","itemListElement":[{"@type":"ListItem","position":1,"name":"Accueil","item":"https:\/\/kapitalis.com\/tunisie\/"},{"@type":"ListItem","position":2,"name":"Festival du film m\u00e9diterran\u00e9en d\u2019Annaba | Deux prix majeurs pour la Tunisie"}]},{"@type":"WebSite","@id":"https:\/\/kapitalis.com\/tunisie\/#website","url":"https:\/\/kapitalis.com\/tunisie\/","name":"Kapitalis","description":"L&#039;actualit\u00e9 en Tunisie et dans le monde","publisher":{"@id":"https:\/\/kapitalis.com\/tunisie\/#organization"},"potentialAction":[{"@type":"SearchAction","target":{"@type":"EntryPoint","urlTemplate":"https:\/\/kapitalis.com\/tunisie\/?s={search_term_string}"},"query-input":{"@type":"PropertyValueSpecification","valueRequired":true,"valueName":"search_term_string"}}],"inLanguage":"fr-FR"},{"@type":"Organization","@id":"https:\/\/kapitalis.com\/tunisie\/#organization","name":"Kapitalis","url":"https:\/\/kapitalis.com\/tunisie\/","logo":{"@type":"ImageObject","inLanguage":"fr-FR","@id":"https:\/\/kapitalis.com\/tunisie\/#\/schema\/logo\/image\/","url":"https:\/\/kapitalis.com\/tunisie\/wp-content\/uploads\/2022\/05\/Kapitalis-big-size.png","contentUrl":"https:\/\/kapitalis.com\/tunisie\/wp-content\/uploads\/2022\/05\/Kapitalis-big-size.png","width":5000,"height":1500,"caption":"Kapitalis"},"image":{"@id":"https:\/\/kapitalis.com\/tunisie\/#\/schema\/logo\/image\/"},"sameAs":["https:\/\/www.facebook.com\/KapitalisInfo\/","https:\/\/x.com\/KapitalisInfo","https:\/\/www.youtube.com\/channel\/UC-yDYrHyfFBWWZaOw3FPg9Q"]},{"@type":"Person","@id":"https:\/\/kapitalis.com\/tunisie\/#\/schema\/person\/74bbde0154d49d790a92aaeac5bc01d5","name":"Yusra NY","url":"https:\/\/kapitalis.com\/tunisie\/author\/yuza_adam\/"}]}},"_links":{"self":[{"href":"https:\/\/kapitalis.com\/tunisie\/wp-json\/wp\/v2\/posts\/18719808","targetHints":{"allow":["GET"]}}],"collection":[{"href":"https:\/\/kapitalis.com\/tunisie\/wp-json\/wp\/v2\/posts"}],"about":[{"href":"https:\/\/kapitalis.com\/tunisie\/wp-json\/wp\/v2\/types\/post"}],"author":[{"embeddable":true,"href":"https:\/\/kapitalis.com\/tunisie\/wp-json\/wp\/v2\/users\/6"}],"replies":[{"embeddable":true,"href":"https:\/\/kapitalis.com\/tunisie\/wp-json\/wp\/v2\/comments?post=18719808"}],"version-history":[{"count":1,"href":"https:\/\/kapitalis.com\/tunisie\/wp-json\/wp\/v2\/posts\/18719808\/revisions"}],"predecessor-version":[{"id":18719829,"href":"https:\/\/kapitalis.com\/tunisie\/wp-json\/wp\/v2\/posts\/18719808\/revisions\/18719829"}],"wp:featuredmedia":[{"embeddable":true,"href":"https:\/\/kapitalis.com\/tunisie\/wp-json\/wp\/v2\/media\/18719816"}],"wp:attachment":[{"href":"https:\/\/kapitalis.com\/tunisie\/wp-json\/wp\/v2\/media?parent=18719808"}],"wp:term":[{"taxonomy":"category","embeddable":true,"href":"https:\/\/kapitalis.com\/tunisie\/wp-json\/wp\/v2\/categories?post=18719808"},{"taxonomy":"post_tag","embeddable":true,"href":"https:\/\/kapitalis.com\/tunisie\/wp-json\/wp\/v2\/tags?post=18719808"}],"curies":[{"name":"wp","href":"https:\/\/api.w.org\/{rel}","templated":true}]}}