{"id":18720000,"date":"2026-05-01T22:19:11","date_gmt":"2026-05-01T21:19:11","guid":{"rendered":"https:\/\/kapitalis.com\/tunisie\/?p=18720000"},"modified":"2026-05-01T22:24:33","modified_gmt":"2026-05-01T21:24:34","slug":"rassemblement-de-soutien-aux-journalistes-emprisonnes-ce-samedi","status":"publish","type":"post","link":"https:\/\/kapitalis.com\/tunisie\/2026\/05\/01\/rassemblement-de-soutien-aux-journalistes-emprisonnes-ce-samedi\/","title":{"rendered":"Rassemblement de soutien aux journalistes emprisonn\u00e9s ce samedi"},"content":{"rendered":"\n<p><em><strong>Un rassemblement est pr\u00e9vu demain, samedi 2 mai 2026, \u00e0 11h devant le si\u00e8ge du Syndicat national des journalistes tunisiens (SNJT) \u00e0 Tunis.<\/strong><\/em><\/p>\n\n\n\n<!--more-->\n\n\n\n<p>Ce sit-in est organis\u00e9 par les familles des journalistes Mourad Zghidi et Zied El-Heni, ainsi que par le Syndicat national des journalistes tunisiens et le Comit\u00e9 national de soutien au journaliste Mourad Zghidi. <\/p>\n\n\n\n<p>Cette mobilisation intervient \u00e0 l\u2019occasion de la Journ\u00e9e mondiale de la libert\u00e9 de la presse, c\u00e9l\u00e9br\u00e9e le 3 mai de chaque ann\u00e9e.<\/p>\n\n\n\n<p>\u00ab<em> Il s\u2019agit d\u2019un combat de chaque esprit libre, de toutes celles et de tous ceux qui croient en la libert\u00e9 et \u00e0 la dignit\u00e9 de ce pays\u2026 La libert\u00e9 de Mourad Zghidi, Borhane Bsaies et Zied El-Heni est indissociable de celle de tous les journalistes, tout comme la libert\u00e9 des journalistes est indissociable de celle de chaque citoyen <\/em>\u00bb, commentent les organisateurs.<\/p>\n\n\n\n<p class=\"has-text-align-right\"><strong>Y. N.<\/strong><\/p>\n\n\n\n<p><\/p>\n","protected":false},"excerpt":{"rendered":"<p>Un rassemblement est pr\u00e9vu demain, samedi 2 mai 2026, \u00e0 11h devant le si\u00e8ge du Syndicat national des journalistes tunisiens (SNJT) \u00e0 Tunis.<\/p>\n","protected":false},"author":6,"featured_media":18720107,"comment_status":"open","ping_status":"open","sticky":false,"template":"","format":"standard","meta":{"footnotes":""},"categories":[996,998,2433],"tags":[1459,113686,767,838,872,62643,92357],"class_list":["post-18720000","post","type-post","status-publish","format-standard","has-post-thumbnail","hentry","category-media","category-societe","category-tunisie","tag-journalistes","tag-mourad-zghidi","tag-rassemblement","tag-snjt","tag-syndicat","tag-tunisie","tag-zied-el-heni"],"yoast_head":"<!-- This site is optimized with the Yoast SEO plugin v26.6 - https:\/\/yoast.com\/wordpress\/plugins\/seo\/ -->\n<title>Rassemblement de soutien aux journalistes emprisonn\u00e9s ce samedi - Kapitalis<\/title>\n<meta name=\"robots\" content=\"index, follow, max-snippet:-1, max-image-preview:large, max-video-preview:-1\" \/>\n<link rel=\"canonical\" href=\"https:\/\/kapitalis.com\/tunisie\/2026\/05\/01\/rassemblement-de-soutien-aux-journalistes-emprisonnes-ce-samedi\/\" \/>\n<meta property=\"og:locale\" content=\"fr_FR\" \/>\n<meta property=\"og:type\" content=\"article\" \/>\n<meta property=\"og:title\" content=\"Rassemblement de soutien aux journalistes emprisonn\u00e9s ce samedi - Kapitalis\" \/>\n<meta property=\"og:description\" content=\"Un rassemblement est pr\u00e9vu demain, samedi 2 mai 2026, \u00e0 11h devant le si\u00e8ge du Syndicat national des journalistes tunisiens (SNJT) \u00e0 Tunis.\" \/>\n<meta property=\"og:url\" content=\"https:\/\/kapitalis.com\/tunisie\/2026\/05\/01\/rassemblement-de-soutien-aux-journalistes-emprisonnes-ce-samedi\/\" \/>\n<meta property=\"og:site_name\" content=\"Kapitalis\" \/>\n<meta property=\"article:publisher\" content=\"https:\/\/www.facebook.com\/KapitalisInfo\/\" \/>\n<meta property=\"article:published_time\" content=\"2026-05-01T21:19:11+00:00\" \/>\n<meta property=\"article:modified_time\" content=\"2026-05-01T21:24:34+00:00\" \/>\n<meta property=\"og:image\" content=\"https:\/\/kapitalis.com\/tunisie\/wp-content\/uploads\/2026\/05\/journalistes2026.png\" \/>\n\t<meta property=\"og:image:width\" content=\"1200\" \/>\n\t<meta property=\"og:image:height\" content=\"628\" \/>\n\t<meta property=\"og:image:type\" content=\"image\/png\" \/>\n<meta name=\"author\" content=\"Yusra NY\" \/>\n<meta name=\"twitter:card\" content=\"summary_large_image\" \/>\n<meta name=\"twitter:creator\" content=\"@KapitalisInfo\" \/>\n<meta name=\"twitter:site\" content=\"@KapitalisInfo\" \/>\n<meta name=\"twitter:label1\" content=\"\u00c9crit par\" \/>\n\t<meta name=\"twitter:data1\" content=\"Yusra NY\" \/>\n\t<meta name=\"twitter:label2\" content=\"Dur\u00e9e de lecture estim\u00e9e\" \/>\n\t<meta name=\"twitter:data2\" content=\"1 minute\" \/>\n<script type=\"application\/ld+json\" class=\"yoast-schema-graph\">{\"@context\":\"https:\/\/schema.org\",\"@graph\":[{\"@type\":\"Article\",\"@id\":\"https:\/\/kapitalis.com\/tunisie\/2026\/05\/01\/rassemblement-de-soutien-aux-journalistes-emprisonnes-ce-samedi\/#article\",\"isPartOf\":{\"@id\":\"https:\/\/kapitalis.com\/tunisie\/2026\/05\/01\/rassemblement-de-soutien-aux-journalistes-emprisonnes-ce-samedi\/\"},\"author\":{\"name\":\"Yusra NY\",\"@id\":\"https:\/\/kapitalis.com\/tunisie\/#\/schema\/person\/74bbde0154d49d790a92aaeac5bc01d5\"},\"headline\":\"Rassemblement de soutien aux journalistes emprisonn\u00e9s ce samedi\",\"datePublished\":\"2026-05-01T21:19:11+00:00\",\"dateModified\":\"2026-05-01T21:24:34+00:00\",\"mainEntityOfPage\":{\"@id\":\"https:\/\/kapitalis.com\/tunisie\/2026\/05\/01\/rassemblement-de-soutien-aux-journalistes-emprisonnes-ce-samedi\/\"},\"wordCount\":153,\"commentCount\":0,\"publisher\":{\"@id\":\"https:\/\/kapitalis.com\/tunisie\/#organization\"},\"image\":{\"@id\":\"https:\/\/kapitalis.com\/tunisie\/2026\/05\/01\/rassemblement-de-soutien-aux-journalistes-emprisonnes-ce-samedi\/#primaryimage\"},\"thumbnailUrl\":\"https:\/\/kapitalis.com\/tunisie\/wp-content\/uploads\/2026\/05\/journalistes2026.png\",\"keywords\":[\"journalistes\",\"Mourad Zghidi\",\"rassemblement\",\"SNJT\",\"syndicat\",\"Tunisie\",\"Zied El-Heni\"],\"articleSection\":[\"MEDIA\",\"SOCIETE\",\"Tunisie\"],\"inLanguage\":\"fr-FR\",\"potentialAction\":[{\"@type\":\"CommentAction\",\"name\":\"Comment\",\"target\":[\"https:\/\/kapitalis.com\/tunisie\/2026\/05\/01\/rassemblement-de-soutien-aux-journalistes-emprisonnes-ce-samedi\/#respond\"]}]},{\"@type\":\"WebPage\",\"@id\":\"https:\/\/kapitalis.com\/tunisie\/2026\/05\/01\/rassemblement-de-soutien-aux-journalistes-emprisonnes-ce-samedi\/\",\"url\":\"https:\/\/kapitalis.com\/tunisie\/2026\/05\/01\/rassemblement-de-soutien-aux-journalistes-emprisonnes-ce-samedi\/\",\"name\":\"Rassemblement de soutien aux journalistes emprisonn\u00e9s ce samedi - Kapitalis\",\"isPartOf\":{\"@id\":\"https:\/\/kapitalis.com\/tunisie\/#website\"},\"primaryImageOfPage\":{\"@id\":\"https:\/\/kapitalis.com\/tunisie\/2026\/05\/01\/rassemblement-de-soutien-aux-journalistes-emprisonnes-ce-samedi\/#primaryimage\"},\"image\":{\"@id\":\"https:\/\/kapitalis.com\/tunisie\/2026\/05\/01\/rassemblement-de-soutien-aux-journalistes-emprisonnes-ce-samedi\/#primaryimage\"},\"thumbnailUrl\":\"https:\/\/kapitalis.com\/tunisie\/wp-content\/uploads\/2026\/05\/journalistes2026.png\",\"datePublished\":\"2026-05-01T21:19:11+00:00\",\"dateModified\":\"2026-05-01T21:24:34+00:00\",\"breadcrumb\":{\"@id\":\"https:\/\/kapitalis.com\/tunisie\/2026\/05\/01\/rassemblement-de-soutien-aux-journalistes-emprisonnes-ce-samedi\/#breadcrumb\"},\"inLanguage\":\"fr-FR\",\"potentialAction\":[{\"@type\":\"ReadAction\",\"target\":[\"https:\/\/kapitalis.com\/tunisie\/2026\/05\/01\/rassemblement-de-soutien-aux-journalistes-emprisonnes-ce-samedi\/\"]}]},{\"@type\":\"ImageObject\",\"inLanguage\":\"fr-FR\",\"@id\":\"https:\/\/kapitalis.com\/tunisie\/2026\/05\/01\/rassemblement-de-soutien-aux-journalistes-emprisonnes-ce-samedi\/#primaryimage\",\"url\":\"https:\/\/kapitalis.com\/tunisie\/wp-content\/uploads\/2026\/05\/journalistes2026.png\",\"contentUrl\":\"https:\/\/kapitalis.com\/tunisie\/wp-content\/uploads\/2026\/05\/journalistes2026.png\",\"width\":1200,\"height\":628},{\"@type\":\"BreadcrumbList\",\"@id\":\"https:\/\/kapitalis.com\/tunisie\/2026\/05\/01\/rassemblement-de-soutien-aux-journalistes-emprisonnes-ce-samedi\/#breadcrumb\",\"itemListElement\":[{\"@type\":\"ListItem\",\"position\":1,\"name\":\"Accueil\",\"item\":\"https:\/\/kapitalis.com\/tunisie\/\"},{\"@type\":\"ListItem\",\"position\":2,\"name\":\"Rassemblement de soutien aux journalistes emprisonn\u00e9s ce samedi\"}]},{\"@type\":\"WebSite\",\"@id\":\"https:\/\/kapitalis.com\/tunisie\/#website\",\"url\":\"https:\/\/kapitalis.com\/tunisie\/\",\"name\":\"Kapitalis\",\"description\":\"L&#039;actualit\u00e9 en Tunisie et dans le monde\",\"publisher\":{\"@id\":\"https:\/\/kapitalis.com\/tunisie\/#organization\"},\"potentialAction\":[{\"@type\":\"SearchAction\",\"target\":{\"@type\":\"EntryPoint\",\"urlTemplate\":\"https:\/\/kapitalis.com\/tunisie\/?s={search_term_string}\"},\"query-input\":{\"@type\":\"PropertyValueSpecification\",\"valueRequired\":true,\"valueName\":\"search_term_string\"}}],\"inLanguage\":\"fr-FR\"},{\"@type\":\"Organization\",\"@id\":\"https:\/\/kapitalis.com\/tunisie\/#organization\",\"name\":\"Kapitalis\",\"url\":\"https:\/\/kapitalis.com\/tunisie\/\",\"logo\":{\"@type\":\"ImageObject\",\"inLanguage\":\"fr-FR\",\"@id\":\"https:\/\/kapitalis.com\/tunisie\/#\/schema\/logo\/image\/\",\"url\":\"https:\/\/kapitalis.com\/tunisie\/wp-content\/uploads\/2022\/05\/Kapitalis-big-size.png\",\"contentUrl\":\"https:\/\/kapitalis.com\/tunisie\/wp-content\/uploads\/2022\/05\/Kapitalis-big-size.png\",\"width\":5000,\"height\":1500,\"caption\":\"Kapitalis\"},\"image\":{\"@id\":\"https:\/\/kapitalis.com\/tunisie\/#\/schema\/logo\/image\/\"},\"sameAs\":[\"https:\/\/www.facebook.com\/KapitalisInfo\/\",\"https:\/\/x.com\/KapitalisInfo\",\"https:\/\/www.youtube.com\/channel\/UC-yDYrHyfFBWWZaOw3FPg9Q\"]},{\"@type\":\"Person\",\"@id\":\"https:\/\/kapitalis.com\/tunisie\/#\/schema\/person\/74bbde0154d49d790a92aaeac5bc01d5\",\"name\":\"Yusra NY\",\"url\":\"https:\/\/kapitalis.com\/tunisie\/author\/yuza_adam\/\"}]}<\/script>\n<!-- \/ Yoast SEO plugin. -->","yoast_head_json":{"title":"Rassemblement de soutien aux journalistes emprisonn\u00e9s ce samedi - Kapitalis","robots":{"index":"index","follow":"follow","max-snippet":"max-snippet:-1","max-image-preview":"max-image-preview:large","max-video-preview":"max-video-preview:-1"},"canonical":"https:\/\/kapitalis.com\/tunisie\/2026\/05\/01\/rassemblement-de-soutien-aux-journalistes-emprisonnes-ce-samedi\/","og_locale":"fr_FR","og_type":"article","og_title":"Rassemblement de soutien aux journalistes emprisonn\u00e9s ce samedi - Kapitalis","og_description":"Un rassemblement est pr\u00e9vu demain, samedi 2 mai 2026, \u00e0 11h devant le si\u00e8ge du Syndicat national des journalistes tunisiens (SNJT) \u00e0 Tunis.","og_url":"https:\/\/kapitalis.com\/tunisie\/2026\/05\/01\/rassemblement-de-soutien-aux-journalistes-emprisonnes-ce-samedi\/","og_site_name":"Kapitalis","article_publisher":"https:\/\/www.facebook.com\/KapitalisInfo\/","article_published_time":"2026-05-01T21:19:11+00:00","article_modified_time":"2026-05-01T21:24:34+00:00","og_image":[{"width":1200,"height":628,"url":"https:\/\/kapitalis.com\/tunisie\/wp-content\/uploads\/2026\/05\/journalistes2026.png","type":"image\/png"}],"author":"Yusra NY","twitter_card":"summary_large_image","twitter_creator":"@KapitalisInfo","twitter_site":"@KapitalisInfo","twitter_misc":{"\u00c9crit par":"Yusra NY","Dur\u00e9e de lecture estim\u00e9e":"1 minute"},"schema":{"@context":"https:\/\/schema.org","@graph":[{"@type":"Article","@id":"https:\/\/kapitalis.com\/tunisie\/2026\/05\/01\/rassemblement-de-soutien-aux-journalistes-emprisonnes-ce-samedi\/#article","isPartOf":{"@id":"https:\/\/kapitalis.com\/tunisie\/2026\/05\/01\/rassemblement-de-soutien-aux-journalistes-emprisonnes-ce-samedi\/"},"author":{"name":"Yusra NY","@id":"https:\/\/kapitalis.com\/tunisie\/#\/schema\/person\/74bbde0154d49d790a92aaeac5bc01d5"},"headline":"Rassemblement de soutien aux journalistes emprisonn\u00e9s ce samedi","datePublished":"2026-05-01T21:19:11+00:00","dateModified":"2026-05-01T21:24:34+00:00","mainEntityOfPage":{"@id":"https:\/\/kapitalis.com\/tunisie\/2026\/05\/01\/rassemblement-de-soutien-aux-journalistes-emprisonnes-ce-samedi\/"},"wordCount":153,"commentCount":0,"publisher":{"@id":"https:\/\/kapitalis.com\/tunisie\/#organization"},"image":{"@id":"https:\/\/kapitalis.com\/tunisie\/2026\/05\/01\/rassemblement-de-soutien-aux-journalistes-emprisonnes-ce-samedi\/#primaryimage"},"thumbnailUrl":"https:\/\/kapitalis.com\/tunisie\/wp-content\/uploads\/2026\/05\/journalistes2026.png","keywords":["journalistes","Mourad Zghidi","rassemblement","SNJT","syndicat","Tunisie","Zied El-Heni"],"articleSection":["MEDIA","SOCIETE","Tunisie"],"inLanguage":"fr-FR","potentialAction":[{"@type":"CommentAction","name":"Comment","target":["https:\/\/kapitalis.com\/tunisie\/2026\/05\/01\/rassemblement-de-soutien-aux-journalistes-emprisonnes-ce-samedi\/#respond"]}]},{"@type":"WebPage","@id":"https:\/\/kapitalis.com\/tunisie\/2026\/05\/01\/rassemblement-de-soutien-aux-journalistes-emprisonnes-ce-samedi\/","url":"https:\/\/kapitalis.com\/tunisie\/2026\/05\/01\/rassemblement-de-soutien-aux-journalistes-emprisonnes-ce-samedi\/","name":"Rassemblement de soutien aux journalistes emprisonn\u00e9s ce samedi - Kapitalis","isPartOf":{"@id":"https:\/\/kapitalis.com\/tunisie\/#website"},"primaryImageOfPage":{"@id":"https:\/\/kapitalis.com\/tunisie\/2026\/05\/01\/rassemblement-de-soutien-aux-journalistes-emprisonnes-ce-samedi\/#primaryimage"},"image":{"@id":"https:\/\/kapitalis.com\/tunisie\/2026\/05\/01\/rassemblement-de-soutien-aux-journalistes-emprisonnes-ce-samedi\/#primaryimage"},"thumbnailUrl":"https:\/\/kapitalis.com\/tunisie\/wp-content\/uploads\/2026\/05\/journalistes2026.png","datePublished":"2026-05-01T21:19:11+00:00","dateModified":"2026-05-01T21:24:34+00:00","breadcrumb":{"@id":"https:\/\/kapitalis.com\/tunisie\/2026\/05\/01\/rassemblement-de-soutien-aux-journalistes-emprisonnes-ce-samedi\/#breadcrumb"},"inLanguage":"fr-FR","potentialAction":[{"@type":"ReadAction","target":["https:\/\/kapitalis.com\/tunisie\/2026\/05\/01\/rassemblement-de-soutien-aux-journalistes-emprisonnes-ce-samedi\/"]}]},{"@type":"ImageObject","inLanguage":"fr-FR","@id":"https:\/\/kapitalis.com\/tunisie\/2026\/05\/01\/rassemblement-de-soutien-aux-journalistes-emprisonnes-ce-samedi\/#primaryimage","url":"https:\/\/kapitalis.com\/tunisie\/wp-content\/uploads\/2026\/05\/journalistes2026.png","contentUrl":"https:\/\/kapitalis.com\/tunisie\/wp-content\/uploads\/2026\/05\/journalistes2026.png","width":1200,"height":628},{"@type":"BreadcrumbList","@id":"https:\/\/kapitalis.com\/tunisie\/2026\/05\/01\/rassemblement-de-soutien-aux-journalistes-emprisonnes-ce-samedi\/#breadcrumb","itemListElement":[{"@type":"ListItem","position":1,"name":"Accueil","item":"https:\/\/kapitalis.com\/tunisie\/"},{"@type":"ListItem","position":2,"name":"Rassemblement de soutien aux journalistes emprisonn\u00e9s ce samedi"}]},{"@type":"WebSite","@id":"https:\/\/kapitalis.com\/tunisie\/#website","url":"https:\/\/kapitalis.com\/tunisie\/","name":"Kapitalis","description":"L&#039;actualit\u00e9 en Tunisie et dans le monde","publisher":{"@id":"https:\/\/kapitalis.com\/tunisie\/#organization"},"potentialAction":[{"@type":"SearchAction","target":{"@type":"EntryPoint","urlTemplate":"https:\/\/kapitalis.com\/tunisie\/?s={search_term_string}"},"query-input":{"@type":"PropertyValueSpecification","valueRequired":true,"valueName":"search_term_string"}}],"inLanguage":"fr-FR"},{"@type":"Organization","@id":"https:\/\/kapitalis.com\/tunisie\/#organization","name":"Kapitalis","url":"https:\/\/kapitalis.com\/tunisie\/","logo":{"@type":"ImageObject","inLanguage":"fr-FR","@id":"https:\/\/kapitalis.com\/tunisie\/#\/schema\/logo\/image\/","url":"https:\/\/kapitalis.com\/tunisie\/wp-content\/uploads\/2022\/05\/Kapitalis-big-size.png","contentUrl":"https:\/\/kapitalis.com\/tunisie\/wp-content\/uploads\/2022\/05\/Kapitalis-big-size.png","width":5000,"height":1500,"caption":"Kapitalis"},"image":{"@id":"https:\/\/kapitalis.com\/tunisie\/#\/schema\/logo\/image\/"},"sameAs":["https:\/\/www.facebook.com\/KapitalisInfo\/","https:\/\/x.com\/KapitalisInfo","https:\/\/www.youtube.com\/channel\/UC-yDYrHyfFBWWZaOw3FPg9Q"]},{"@type":"Person","@id":"https:\/\/kapitalis.com\/tunisie\/#\/schema\/person\/74bbde0154d49d790a92aaeac5bc01d5","name":"Yusra NY","url":"https:\/\/kapitalis.com\/tunisie\/author\/yuza_adam\/"}]}},"_links":{"self":[{"href":"https:\/\/kapitalis.com\/tunisie\/wp-json\/wp\/v2\/posts\/18720000","targetHints":{"allow":["GET"]}}],"collection":[{"href":"https:\/\/kapitalis.com\/tunisie\/wp-json\/wp\/v2\/posts"}],"about":[{"href":"https:\/\/kapitalis.com\/tunisie\/wp-json\/wp\/v2\/types\/post"}],"author":[{"embeddable":true,"href":"https:\/\/kapitalis.com\/tunisie\/wp-json\/wp\/v2\/users\/6"}],"replies":[{"embeddable":true,"href":"https:\/\/kapitalis.com\/tunisie\/wp-json\/wp\/v2\/comments?post=18720000"}],"version-history":[{"count":2,"href":"https:\/\/kapitalis.com\/tunisie\/wp-json\/wp\/v2\/posts\/18720000\/revisions"}],"predecessor-version":[{"id":18720111,"href":"https:\/\/kapitalis.com\/tunisie\/wp-json\/wp\/v2\/posts\/18720000\/revisions\/18720111"}],"wp:featuredmedia":[{"embeddable":true,"href":"https:\/\/kapitalis.com\/tunisie\/wp-json\/wp\/v2\/media\/18720107"}],"wp:attachment":[{"href":"https:\/\/kapitalis.com\/tunisie\/wp-json\/wp\/v2\/media?parent=18720000"}],"wp:term":[{"taxonomy":"category","embeddable":true,"href":"https:\/\/kapitalis.com\/tunisie\/wp-json\/wp\/v2\/categories?post=18720000"},{"taxonomy":"post_tag","embeddable":true,"href":"https:\/\/kapitalis.com\/tunisie\/wp-json\/wp\/v2\/tags?post=18720000"}],"curies":[{"name":"wp","href":"https:\/\/api.w.org\/{rel}","templated":true}]}}