{"id":18720191,"date":"2026-05-01T22:53:46","date_gmt":"2026-05-01T21:53:46","guid":{"rendered":"https:\/\/kapitalis.com\/tunisie\/?p=18720191"},"modified":"2026-05-01T22:55:42","modified_gmt":"2026-05-01T21:55:42","slug":"pluies-en-tunisie-record-enregistre-a-kasserine-ce-vendredi","status":"publish","type":"post","link":"https:\/\/kapitalis.com\/tunisie\/2026\/05\/01\/pluies-en-tunisie-record-enregistre-a-kasserine-ce-vendredi\/","title":{"rendered":"Pluies en Tunisie | Record enregistr\u00e9 \u00e0 Kasserine ce vendredi"},"content":{"rendered":"\n<p><em><strong>Les pr\u00e9cipitations ont \u00e9t\u00e9 au rendez-vous ce vendredi 1er mai 2026 dans diff\u00e9rentes r\u00e9gions du pays et, selon les relev\u00e9s arr\u00eat\u00e9s \u00e0 21h00, la r\u00e9gion de Kasserine arrive en t\u00eate des statistiques nationales.<\/strong><\/em><\/p>\n\n\n\n<!--more-->\n\n\n\n<p>Alors que le pays conna\u00eet un \u00e9pisode pluvieux, en particulier au nord-ouest et au sud, c\u2019est la ville de Kasserine qui a re\u00e7u les quantit\u00e9s les plus importantes aujourd&rsquo;hui, indique l&rsquo;Institut national de la m\u00e9t\u00e9orologie (INM), en pr\u00e9cisant avoir enregistr\u00e9 un cumul de 47 millim\u00e8tres.<\/p>\n\n\n\n<p>Ces pluies, bien accueillies par le secteur agricole, ont touch\u00e9 plusieurs gouvernorats, mais l&rsquo;intensit\u00e9 est rest\u00e9e particuli\u00e8rement localis\u00e9e sur les hauteurs du Centre-Ouest.<\/p>\n\n\n\n<p>Pour rappel, les autorit\u00e9s appellent \u00e0 la vigilance sur les routes en raison de la chauss\u00e9e glissante et de la mont\u00e9e possible du niveau des eaux dans certains oueds de la r\u00e9gion.<\/p>\n\n\n\n<p class=\"has-text-align-right\"><strong>Y. N.<\/strong><\/p>\n","protected":false},"excerpt":{"rendered":"<p>Les pr\u00e9cipitations ont \u00e9t\u00e9 au rendez-vous ce vendredi 1er mai 2026 dans diff\u00e9rentes r\u00e9gions du pays et, selon les relev\u00e9s arr\u00eat\u00e9s \u00e0 21h00, la r\u00e9gion de Kasserine arrive en t\u00eate des statistiques nationales.<\/p>\n","protected":false},"author":6,"featured_media":18720221,"comment_status":"open","ping_status":"open","sticky":false,"template":"","format":"standard","meta":{"footnotes":""},"categories":[998,2433],"tags":[525,106121,1664,5754,62643],"class_list":["post-18720191","post","type-post","status-publish","format-standard","has-post-thumbnail","hentry","category-societe","category-tunisie","tag-kasserine","tag-meteo-2","tag-pluies","tag-precipitations","tag-tunisie"],"yoast_head":"<!-- This site is optimized with the Yoast SEO plugin v26.6 - https:\/\/yoast.com\/wordpress\/plugins\/seo\/ -->\n<title>Pluies en Tunisie | Record enregistr\u00e9 \u00e0 Kasserine ce vendredi - Kapitalis<\/title>\n<meta name=\"robots\" content=\"index, follow, max-snippet:-1, max-image-preview:large, max-video-preview:-1\" \/>\n<link rel=\"canonical\" href=\"https:\/\/kapitalis.com\/tunisie\/2026\/05\/01\/pluies-en-tunisie-record-enregistre-a-kasserine-ce-vendredi\/\" \/>\n<meta property=\"og:locale\" content=\"fr_FR\" \/>\n<meta property=\"og:type\" content=\"article\" \/>\n<meta property=\"og:title\" content=\"Pluies en Tunisie | Record enregistr\u00e9 \u00e0 Kasserine ce vendredi - Kapitalis\" \/>\n<meta property=\"og:description\" content=\"Les pr\u00e9cipitations ont \u00e9t\u00e9 au rendez-vous ce vendredi 1er mai 2026 dans diff\u00e9rentes r\u00e9gions du pays et, selon les relev\u00e9s arr\u00eat\u00e9s \u00e0 21h00, la r\u00e9gion de Kasserine arrive en t\u00eate des statistiques nationales.\" \/>\n<meta property=\"og:url\" content=\"https:\/\/kapitalis.com\/tunisie\/2026\/05\/01\/pluies-en-tunisie-record-enregistre-a-kasserine-ce-vendredi\/\" \/>\n<meta property=\"og:site_name\" content=\"Kapitalis\" \/>\n<meta property=\"article:publisher\" content=\"https:\/\/www.facebook.com\/KapitalisInfo\/\" \/>\n<meta property=\"article:published_time\" content=\"2026-05-01T21:53:46+00:00\" \/>\n<meta property=\"article:modified_time\" content=\"2026-05-01T21:55:42+00:00\" \/>\n<meta property=\"og:image\" content=\"https:\/\/kapitalis.com\/tunisie\/wp-content\/uploads\/2026\/05\/pluies-Kasserine.png\" \/>\n\t<meta property=\"og:image:width\" content=\"1200\" \/>\n\t<meta property=\"og:image:height\" content=\"513\" \/>\n\t<meta property=\"og:image:type\" content=\"image\/png\" \/>\n<meta name=\"author\" content=\"Yusra NY\" \/>\n<meta name=\"twitter:card\" content=\"summary_large_image\" \/>\n<meta name=\"twitter:creator\" content=\"@KapitalisInfo\" \/>\n<meta name=\"twitter:site\" content=\"@KapitalisInfo\" \/>\n<meta name=\"twitter:label1\" content=\"\u00c9crit par\" \/>\n\t<meta name=\"twitter:data1\" content=\"Yusra NY\" \/>\n\t<meta name=\"twitter:label2\" content=\"Dur\u00e9e de lecture estim\u00e9e\" \/>\n\t<meta name=\"twitter:data2\" content=\"1 minute\" \/>\n<script type=\"application\/ld+json\" class=\"yoast-schema-graph\">{\"@context\":\"https:\/\/schema.org\",\"@graph\":[{\"@type\":\"Article\",\"@id\":\"https:\/\/kapitalis.com\/tunisie\/2026\/05\/01\/pluies-en-tunisie-record-enregistre-a-kasserine-ce-vendredi\/#article\",\"isPartOf\":{\"@id\":\"https:\/\/kapitalis.com\/tunisie\/2026\/05\/01\/pluies-en-tunisie-record-enregistre-a-kasserine-ce-vendredi\/\"},\"author\":{\"name\":\"Yusra NY\",\"@id\":\"https:\/\/kapitalis.com\/tunisie\/#\/schema\/person\/74bbde0154d49d790a92aaeac5bc01d5\"},\"headline\":\"Pluies en Tunisie | Record enregistr\u00e9 \u00e0 Kasserine ce vendredi\",\"datePublished\":\"2026-05-01T21:53:46+00:00\",\"dateModified\":\"2026-05-01T21:55:42+00:00\",\"mainEntityOfPage\":{\"@id\":\"https:\/\/kapitalis.com\/tunisie\/2026\/05\/01\/pluies-en-tunisie-record-enregistre-a-kasserine-ce-vendredi\/\"},\"wordCount\":162,\"commentCount\":0,\"publisher\":{\"@id\":\"https:\/\/kapitalis.com\/tunisie\/#organization\"},\"image\":{\"@id\":\"https:\/\/kapitalis.com\/tunisie\/2026\/05\/01\/pluies-en-tunisie-record-enregistre-a-kasserine-ce-vendredi\/#primaryimage\"},\"thumbnailUrl\":\"https:\/\/kapitalis.com\/tunisie\/wp-content\/uploads\/2026\/05\/pluies-Kasserine.png\",\"keywords\":[\"Kasserine\",\"M\u00c9T\u00c9O\",\"pluies\",\"pr\u00e9cipitations\",\"Tunisie\"],\"articleSection\":[\"SOCIETE\",\"Tunisie\"],\"inLanguage\":\"fr-FR\",\"potentialAction\":[{\"@type\":\"CommentAction\",\"name\":\"Comment\",\"target\":[\"https:\/\/kapitalis.com\/tunisie\/2026\/05\/01\/pluies-en-tunisie-record-enregistre-a-kasserine-ce-vendredi\/#respond\"]}]},{\"@type\":\"WebPage\",\"@id\":\"https:\/\/kapitalis.com\/tunisie\/2026\/05\/01\/pluies-en-tunisie-record-enregistre-a-kasserine-ce-vendredi\/\",\"url\":\"https:\/\/kapitalis.com\/tunisie\/2026\/05\/01\/pluies-en-tunisie-record-enregistre-a-kasserine-ce-vendredi\/\",\"name\":\"Pluies en Tunisie | Record enregistr\u00e9 \u00e0 Kasserine ce vendredi - Kapitalis\",\"isPartOf\":{\"@id\":\"https:\/\/kapitalis.com\/tunisie\/#website\"},\"primaryImageOfPage\":{\"@id\":\"https:\/\/kapitalis.com\/tunisie\/2026\/05\/01\/pluies-en-tunisie-record-enregistre-a-kasserine-ce-vendredi\/#primaryimage\"},\"image\":{\"@id\":\"https:\/\/kapitalis.com\/tunisie\/2026\/05\/01\/pluies-en-tunisie-record-enregistre-a-kasserine-ce-vendredi\/#primaryimage\"},\"thumbnailUrl\":\"https:\/\/kapitalis.com\/tunisie\/wp-content\/uploads\/2026\/05\/pluies-Kasserine.png\",\"datePublished\":\"2026-05-01T21:53:46+00:00\",\"dateModified\":\"2026-05-01T21:55:42+00:00\",\"breadcrumb\":{\"@id\":\"https:\/\/kapitalis.com\/tunisie\/2026\/05\/01\/pluies-en-tunisie-record-enregistre-a-kasserine-ce-vendredi\/#breadcrumb\"},\"inLanguage\":\"fr-FR\",\"potentialAction\":[{\"@type\":\"ReadAction\",\"target\":[\"https:\/\/kapitalis.com\/tunisie\/2026\/05\/01\/pluies-en-tunisie-record-enregistre-a-kasserine-ce-vendredi\/\"]}]},{\"@type\":\"ImageObject\",\"inLanguage\":\"fr-FR\",\"@id\":\"https:\/\/kapitalis.com\/tunisie\/2026\/05\/01\/pluies-en-tunisie-record-enregistre-a-kasserine-ce-vendredi\/#primaryimage\",\"url\":\"https:\/\/kapitalis.com\/tunisie\/wp-content\/uploads\/2026\/05\/pluies-Kasserine.png\",\"contentUrl\":\"https:\/\/kapitalis.com\/tunisie\/wp-content\/uploads\/2026\/05\/pluies-Kasserine.png\",\"width\":1200,\"height\":513},{\"@type\":\"BreadcrumbList\",\"@id\":\"https:\/\/kapitalis.com\/tunisie\/2026\/05\/01\/pluies-en-tunisie-record-enregistre-a-kasserine-ce-vendredi\/#breadcrumb\",\"itemListElement\":[{\"@type\":\"ListItem\",\"position\":1,\"name\":\"Accueil\",\"item\":\"https:\/\/kapitalis.com\/tunisie\/\"},{\"@type\":\"ListItem\",\"position\":2,\"name\":\"Pluies en Tunisie | Record enregistr\u00e9 \u00e0 Kasserine ce vendredi\"}]},{\"@type\":\"WebSite\",\"@id\":\"https:\/\/kapitalis.com\/tunisie\/#website\",\"url\":\"https:\/\/kapitalis.com\/tunisie\/\",\"name\":\"Kapitalis\",\"description\":\"L&#039;actualit\u00e9 en Tunisie et dans le monde\",\"publisher\":{\"@id\":\"https:\/\/kapitalis.com\/tunisie\/#organization\"},\"potentialAction\":[{\"@type\":\"SearchAction\",\"target\":{\"@type\":\"EntryPoint\",\"urlTemplate\":\"https:\/\/kapitalis.com\/tunisie\/?s={search_term_string}\"},\"query-input\":{\"@type\":\"PropertyValueSpecification\",\"valueRequired\":true,\"valueName\":\"search_term_string\"}}],\"inLanguage\":\"fr-FR\"},{\"@type\":\"Organization\",\"@id\":\"https:\/\/kapitalis.com\/tunisie\/#organization\",\"name\":\"Kapitalis\",\"url\":\"https:\/\/kapitalis.com\/tunisie\/\",\"logo\":{\"@type\":\"ImageObject\",\"inLanguage\":\"fr-FR\",\"@id\":\"https:\/\/kapitalis.com\/tunisie\/#\/schema\/logo\/image\/\",\"url\":\"https:\/\/kapitalis.com\/tunisie\/wp-content\/uploads\/2022\/05\/Kapitalis-big-size.png\",\"contentUrl\":\"https:\/\/kapitalis.com\/tunisie\/wp-content\/uploads\/2022\/05\/Kapitalis-big-size.png\",\"width\":5000,\"height\":1500,\"caption\":\"Kapitalis\"},\"image\":{\"@id\":\"https:\/\/kapitalis.com\/tunisie\/#\/schema\/logo\/image\/\"},\"sameAs\":[\"https:\/\/www.facebook.com\/KapitalisInfo\/\",\"https:\/\/x.com\/KapitalisInfo\",\"https:\/\/www.youtube.com\/channel\/UC-yDYrHyfFBWWZaOw3FPg9Q\"]},{\"@type\":\"Person\",\"@id\":\"https:\/\/kapitalis.com\/tunisie\/#\/schema\/person\/74bbde0154d49d790a92aaeac5bc01d5\",\"name\":\"Yusra NY\",\"url\":\"https:\/\/kapitalis.com\/tunisie\/author\/yuza_adam\/\"}]}<\/script>\n<!-- \/ Yoast SEO plugin. -->","yoast_head_json":{"title":"Pluies en Tunisie | Record enregistr\u00e9 \u00e0 Kasserine ce vendredi - Kapitalis","robots":{"index":"index","follow":"follow","max-snippet":"max-snippet:-1","max-image-preview":"max-image-preview:large","max-video-preview":"max-video-preview:-1"},"canonical":"https:\/\/kapitalis.com\/tunisie\/2026\/05\/01\/pluies-en-tunisie-record-enregistre-a-kasserine-ce-vendredi\/","og_locale":"fr_FR","og_type":"article","og_title":"Pluies en Tunisie | Record enregistr\u00e9 \u00e0 Kasserine ce vendredi - Kapitalis","og_description":"Les pr\u00e9cipitations ont \u00e9t\u00e9 au rendez-vous ce vendredi 1er mai 2026 dans diff\u00e9rentes r\u00e9gions du pays et, selon les relev\u00e9s arr\u00eat\u00e9s \u00e0 21h00, la r\u00e9gion de Kasserine arrive en t\u00eate des statistiques nationales.","og_url":"https:\/\/kapitalis.com\/tunisie\/2026\/05\/01\/pluies-en-tunisie-record-enregistre-a-kasserine-ce-vendredi\/","og_site_name":"Kapitalis","article_publisher":"https:\/\/www.facebook.com\/KapitalisInfo\/","article_published_time":"2026-05-01T21:53:46+00:00","article_modified_time":"2026-05-01T21:55:42+00:00","og_image":[{"width":1200,"height":513,"url":"https:\/\/kapitalis.com\/tunisie\/wp-content\/uploads\/2026\/05\/pluies-Kasserine.png","type":"image\/png"}],"author":"Yusra NY","twitter_card":"summary_large_image","twitter_creator":"@KapitalisInfo","twitter_site":"@KapitalisInfo","twitter_misc":{"\u00c9crit par":"Yusra NY","Dur\u00e9e de lecture estim\u00e9e":"1 minute"},"schema":{"@context":"https:\/\/schema.org","@graph":[{"@type":"Article","@id":"https:\/\/kapitalis.com\/tunisie\/2026\/05\/01\/pluies-en-tunisie-record-enregistre-a-kasserine-ce-vendredi\/#article","isPartOf":{"@id":"https:\/\/kapitalis.com\/tunisie\/2026\/05\/01\/pluies-en-tunisie-record-enregistre-a-kasserine-ce-vendredi\/"},"author":{"name":"Yusra NY","@id":"https:\/\/kapitalis.com\/tunisie\/#\/schema\/person\/74bbde0154d49d790a92aaeac5bc01d5"},"headline":"Pluies en Tunisie | Record enregistr\u00e9 \u00e0 Kasserine ce vendredi","datePublished":"2026-05-01T21:53:46+00:00","dateModified":"2026-05-01T21:55:42+00:00","mainEntityOfPage":{"@id":"https:\/\/kapitalis.com\/tunisie\/2026\/05\/01\/pluies-en-tunisie-record-enregistre-a-kasserine-ce-vendredi\/"},"wordCount":162,"commentCount":0,"publisher":{"@id":"https:\/\/kapitalis.com\/tunisie\/#organization"},"image":{"@id":"https:\/\/kapitalis.com\/tunisie\/2026\/05\/01\/pluies-en-tunisie-record-enregistre-a-kasserine-ce-vendredi\/#primaryimage"},"thumbnailUrl":"https:\/\/kapitalis.com\/tunisie\/wp-content\/uploads\/2026\/05\/pluies-Kasserine.png","keywords":["Kasserine","M\u00c9T\u00c9O","pluies","pr\u00e9cipitations","Tunisie"],"articleSection":["SOCIETE","Tunisie"],"inLanguage":"fr-FR","potentialAction":[{"@type":"CommentAction","name":"Comment","target":["https:\/\/kapitalis.com\/tunisie\/2026\/05\/01\/pluies-en-tunisie-record-enregistre-a-kasserine-ce-vendredi\/#respond"]}]},{"@type":"WebPage","@id":"https:\/\/kapitalis.com\/tunisie\/2026\/05\/01\/pluies-en-tunisie-record-enregistre-a-kasserine-ce-vendredi\/","url":"https:\/\/kapitalis.com\/tunisie\/2026\/05\/01\/pluies-en-tunisie-record-enregistre-a-kasserine-ce-vendredi\/","name":"Pluies en Tunisie | Record enregistr\u00e9 \u00e0 Kasserine ce vendredi - Kapitalis","isPartOf":{"@id":"https:\/\/kapitalis.com\/tunisie\/#website"},"primaryImageOfPage":{"@id":"https:\/\/kapitalis.com\/tunisie\/2026\/05\/01\/pluies-en-tunisie-record-enregistre-a-kasserine-ce-vendredi\/#primaryimage"},"image":{"@id":"https:\/\/kapitalis.com\/tunisie\/2026\/05\/01\/pluies-en-tunisie-record-enregistre-a-kasserine-ce-vendredi\/#primaryimage"},"thumbnailUrl":"https:\/\/kapitalis.com\/tunisie\/wp-content\/uploads\/2026\/05\/pluies-Kasserine.png","datePublished":"2026-05-01T21:53:46+00:00","dateModified":"2026-05-01T21:55:42+00:00","breadcrumb":{"@id":"https:\/\/kapitalis.com\/tunisie\/2026\/05\/01\/pluies-en-tunisie-record-enregistre-a-kasserine-ce-vendredi\/#breadcrumb"},"inLanguage":"fr-FR","potentialAction":[{"@type":"ReadAction","target":["https:\/\/kapitalis.com\/tunisie\/2026\/05\/01\/pluies-en-tunisie-record-enregistre-a-kasserine-ce-vendredi\/"]}]},{"@type":"ImageObject","inLanguage":"fr-FR","@id":"https:\/\/kapitalis.com\/tunisie\/2026\/05\/01\/pluies-en-tunisie-record-enregistre-a-kasserine-ce-vendredi\/#primaryimage","url":"https:\/\/kapitalis.com\/tunisie\/wp-content\/uploads\/2026\/05\/pluies-Kasserine.png","contentUrl":"https:\/\/kapitalis.com\/tunisie\/wp-content\/uploads\/2026\/05\/pluies-Kasserine.png","width":1200,"height":513},{"@type":"BreadcrumbList","@id":"https:\/\/kapitalis.com\/tunisie\/2026\/05\/01\/pluies-en-tunisie-record-enregistre-a-kasserine-ce-vendredi\/#breadcrumb","itemListElement":[{"@type":"ListItem","position":1,"name":"Accueil","item":"https:\/\/kapitalis.com\/tunisie\/"},{"@type":"ListItem","position":2,"name":"Pluies en Tunisie | Record enregistr\u00e9 \u00e0 Kasserine ce vendredi"}]},{"@type":"WebSite","@id":"https:\/\/kapitalis.com\/tunisie\/#website","url":"https:\/\/kapitalis.com\/tunisie\/","name":"Kapitalis","description":"L&#039;actualit\u00e9 en Tunisie et dans le monde","publisher":{"@id":"https:\/\/kapitalis.com\/tunisie\/#organization"},"potentialAction":[{"@type":"SearchAction","target":{"@type":"EntryPoint","urlTemplate":"https:\/\/kapitalis.com\/tunisie\/?s={search_term_string}"},"query-input":{"@type":"PropertyValueSpecification","valueRequired":true,"valueName":"search_term_string"}}],"inLanguage":"fr-FR"},{"@type":"Organization","@id":"https:\/\/kapitalis.com\/tunisie\/#organization","name":"Kapitalis","url":"https:\/\/kapitalis.com\/tunisie\/","logo":{"@type":"ImageObject","inLanguage":"fr-FR","@id":"https:\/\/kapitalis.com\/tunisie\/#\/schema\/logo\/image\/","url":"https:\/\/kapitalis.com\/tunisie\/wp-content\/uploads\/2022\/05\/Kapitalis-big-size.png","contentUrl":"https:\/\/kapitalis.com\/tunisie\/wp-content\/uploads\/2022\/05\/Kapitalis-big-size.png","width":5000,"height":1500,"caption":"Kapitalis"},"image":{"@id":"https:\/\/kapitalis.com\/tunisie\/#\/schema\/logo\/image\/"},"sameAs":["https:\/\/www.facebook.com\/KapitalisInfo\/","https:\/\/x.com\/KapitalisInfo","https:\/\/www.youtube.com\/channel\/UC-yDYrHyfFBWWZaOw3FPg9Q"]},{"@type":"Person","@id":"https:\/\/kapitalis.com\/tunisie\/#\/schema\/person\/74bbde0154d49d790a92aaeac5bc01d5","name":"Yusra NY","url":"https:\/\/kapitalis.com\/tunisie\/author\/yuza_adam\/"}]}},"_links":{"self":[{"href":"https:\/\/kapitalis.com\/tunisie\/wp-json\/wp\/v2\/posts\/18720191","targetHints":{"allow":["GET"]}}],"collection":[{"href":"https:\/\/kapitalis.com\/tunisie\/wp-json\/wp\/v2\/posts"}],"about":[{"href":"https:\/\/kapitalis.com\/tunisie\/wp-json\/wp\/v2\/types\/post"}],"author":[{"embeddable":true,"href":"https:\/\/kapitalis.com\/tunisie\/wp-json\/wp\/v2\/users\/6"}],"replies":[{"embeddable":true,"href":"https:\/\/kapitalis.com\/tunisie\/wp-json\/wp\/v2\/comments?post=18720191"}],"version-history":[{"count":2,"href":"https:\/\/kapitalis.com\/tunisie\/wp-json\/wp\/v2\/posts\/18720191\/revisions"}],"predecessor-version":[{"id":18720199,"href":"https:\/\/kapitalis.com\/tunisie\/wp-json\/wp\/v2\/posts\/18720191\/revisions\/18720199"}],"wp:featuredmedia":[{"embeddable":true,"href":"https:\/\/kapitalis.com\/tunisie\/wp-json\/wp\/v2\/media\/18720221"}],"wp:attachment":[{"href":"https:\/\/kapitalis.com\/tunisie\/wp-json\/wp\/v2\/media?parent=18720191"}],"wp:term":[{"taxonomy":"category","embeddable":true,"href":"https:\/\/kapitalis.com\/tunisie\/wp-json\/wp\/v2\/categories?post=18720191"},{"taxonomy":"post_tag","embeddable":true,"href":"https:\/\/kapitalis.com\/tunisie\/wp-json\/wp\/v2\/tags?post=18720191"}],"curies":[{"name":"wp","href":"https:\/\/api.w.org\/{rel}","templated":true}]}}